









{"id":15963,"date":"2024-04-03T05:09:28","date_gmt":"2024-04-03T03:09:28","guid":{"rendered":"https:\/\/peoplesphere.be\/fr\/?p=15963"},"modified":"2024-04-03T05:15:44","modified_gmt":"2024-04-03T03:15:44","slug":"reprise-de-lemploi-les-pme-bruxelloises-annoncent-des-projets-de-recrutement-en-nette-augmentation","status":"publish","type":"post","link":"https:\/\/peoplesphere.be\/fr\/reprise-de-lemploi-les-pme-bruxelloises-annoncent-des-projets-de-recrutement-en-nette-augmentation\/","title":{"rendered":"Reprise de l&#8217;emploi: les PME bruxelloises annoncent des projets de recrutement en nette augmentation."},"content":{"rendered":"<p>La reprise est-elle en cours? Les intentions d&#8217;embauche des employeurs des PME bruxelloises pour le deuxi\u00e8me trimestre 2024 sont \u00e0 nouveau \u00e9lev\u00e9es. Selon les chiffres de SD Worx, 42% d\u00e9clarent qu&rsquo;ils engageront du personnel avant la fin du mois de juin. Seules 7% des PME envisagent des licenciements. En Wallonie, c&rsquo;est une PME sur trois qui a des intentions de recrutement et une sur cinq (19%) pr\u00e9voit des licenciements ce trimestre.<!--more--><\/p>\n<p>Les PME souhaitent introduire une certaine flexibilit\u00e9 au sein de leur personnel par le biais de contrats de travail temporaires.<\/p>\n<h3><strong><em>Les PME sur la bonne voie \u00e0 Bruxelles<\/em><\/strong><\/h3>\n<p>En Wallonie, en moyenne, une PME sur trois a des projets de recrutement. Ce chiffre est sup\u00e9rieur \u00e0 celui de l&rsquo;ann\u00e9e derni\u00e8re \u00e0 la m\u00eame p\u00e9riode (28%), mais l\u00e9g\u00e8rement inf\u00e9rieur \u00e0 celui du trimestre dernier (39%). Les intentions d&#8217;embauche des PME dans les secteurs de l&rsquo;industrie et de la construction ont diminu\u00e9, passant de 41% \u00e0 34% des PME. Pour ce trimestre, la moiti\u00e9 des PME bruxelloises (49%) sont concern\u00e9es par le remplacement du personnel ; en Wallonie, 60% indiquent qu&rsquo;il s&rsquo;agit de remplacements. En Wallonie, la moiti\u00e9 (54%) indique qu&rsquo;il s&rsquo;agit d&rsquo;expansion. Pour 62% des PME bruxelloises, il s&rsquo;agit d\u2019expansion du personnel.<\/p>\n<p>Adil Temsamani, directeur du bureau PME Bruxelles chez SD Worx : \u00ab\u00a0<em>C&rsquo;est une excellente nouvelle : les PME bruxelloises se distinguent positivement ce trimestre, avec les projets d&#8217;embauche les plus importants et les intentions de licenciement les plus faibles. Les PME bruxelloises sont celles qui proposent le plus d&rsquo;offres d&#8217;emploi r\u00e9centes (87%) : il s&rsquo;agit donc essentiellement de nouvelles offres d&#8217;emploi. En comparaison, dans les secteurs de l&rsquo;industrie et de la construction, la moiti\u00e9 des postes vacants sont principalement des postes vacants \u00e0 long terme, ouverts depuis un certain temps. Il reste difficile de trouver les bons profils.\u00a0\u00bb<\/em><\/p>\n<p>L&rsquo;expert nuance donc l&rsquo;optimisme : <em>\u00ab\u00a0Les intentions ne se traduisent pas imm\u00e9diatement dans la r\u00e9alit\u00e9 ; pourvoir les postes reste un d\u00e9fi de taille. L\u2019ann\u00e9e 2023 a \u00e9t\u00e9 une ann\u00e9e difficile pour nos PME belges en termes de cr\u00e9ation d&#8217;emplois suppl\u00e9mentaires, \u00e0 l&rsquo;exception des PME des provinces de Namur et du Brabant wallon.\u00a0\u00bb<\/em><\/p>\n<h3><strong><em>La demande d&#8217;emploi temporaire \u00e0 nouveau plus \u00e9lev\u00e9e qu&rsquo;au dernier trimestre<\/em><\/strong><\/h3>\n<p>La majorit\u00e9 des nouveaux emplois sont des emplois permanents \u00e0 dur\u00e9e ind\u00e9termin\u00e9e (63%). Dans une moindre mesure, il s&rsquo;agit d&#8217;emplois \u00e0 dur\u00e9e d\u00e9termin\u00e9e (14%). \u00c0 Bruxelles et en Wallonie, les emplois temporaires avec un contrat \u00e0 dur\u00e9e d\u00e9termin\u00e9e ou pour une t\u00e2che sp\u00e9cifique sont l\u00e9g\u00e8rement plus nombreux, repr\u00e9sentant respectivement 20% et 17%. Environ une PME sur cinq (22% et 21%) ayant des projets de recrutement envisage des contrats temporaires tels que du travail int\u00e9rimaire, des flexi-jobs, des jobs \u00e9tudiants ou le recours \u00e0 des freelances (pour le deuxi\u00e8me trimestre). C&rsquo;est plus qu&rsquo;au trimestre dernier (13% \u00e0 Bruxelles et 18% en Wallonie).<\/p>\n<p>Adil Temsamani de SD Worx : <em>\u00ab\u00a0Les PME cherchent \u00e0 introduire de la flexibilit\u00e9 au sein de leur personnel pour une raison pr\u00e9cise : environ une PME bruxelloise et wallonne sur trois s&rsquo;attend \u00e0 une augmentation du travail au cours du prochain trimestre. En revanche, une PME wallonne sur dix (10%) pr\u00e9voit une diminution du travail au cours de ce trimestre, contre seulement 5% des PME bruxelloises. C&rsquo;est une am\u00e9lioration par rapport au trimestre dernier, o\u00f9 respectivement 18% des PME wallonnes et 12% des PME bruxelloises s&rsquo;attendaient \u00e0 une diminution du travail. Les gens restent donc prudents \u00e0 moyen terme : seul un quart des PME wallonnes (25%) s&rsquo;attend \u00e0 une augmentation de l&#8217;emploi d&rsquo;ici la fin de 2024, et une PME bruxelloise sur trois (30%).\u00a0\u00bb<\/em><\/p>\n<p>&nbsp;<\/p>\n<p><em>Source: pour la 56e fois, les pr\u00e9visions trimestrielles sur l&#8217;emploi de SD Worx ont interrog\u00e9 un nombre repr\u00e9sentatif de PME en Belgique sur leurs attentes en mati\u00e8re d&#8217;emploi. 870 entreprises de 1 \u00e0 250 travailleurs ont particip\u00e9 entre le 5 mars et le 20 mars 2024. Il s&rsquo;agit d&rsquo;une enqu\u00eate en ligne aupr\u00e8s des PME en Belgique, utilisant un \u00e9chantillon repr\u00e9sentatif dans lequel le bureau de recherche DataD.be s&rsquo;adresse aux r\u00e9pondants par e-mail. L&rsquo;enqu\u00eate sera r\u00e9p\u00e9t\u00e9e tous les trimestres. La pond\u00e9ration se fait par r\u00e9gion et par taille d&rsquo;organisation en fonction de la population des PME. Les r\u00e9sultats sont repr\u00e9sentatifs de l&rsquo;ensemble des PME en Belgique. Les pond\u00e9rations pour la Flandre et Bruxelles ne d\u00e9passent jamais deux. Pour les PME wallonnes, la pond\u00e9ration est limit\u00e9e \u00e0 2,3. Pour l&rsquo;\u00e9chantillon complet de 870 PME, la marge d&rsquo;erreur est de 3,32% (intervalle de confiance de 95%).<\/em><\/p>\n","protected":false},"excerpt":{"rendered":"<p>La reprise est-elle en cours? Les intentions d&#8217;embauche des employeurs des PME bruxelloises pour le deuxi\u00e8me trimestre 2024 sont \u00e0 nouveau \u00e9lev\u00e9es. Selon les chiffres de SD Worx, 42% d\u00e9clarent qu&rsquo;ils engageront du personnel avant la fin du mois de [&hellip;]<\/p>\n","protected":false},"author":2,"featured_media":0,"comment_status":"closed","ping_status":"open","sticky":false,"template":"","format":"standard","meta":[],"categories":[65,10],"tags":[11,220,4018,72],"yoast_head":"<!-- This site is optimized with the Yoast SEO plugin v21.0 - https:\/\/yoast.com\/wordpress\/plugins\/seo\/ -->\n<title>Reprise de l&#039;emploi: les PME bruxelloises annoncent des projets de recrutement en nette augmentation. - Peoplesphere<\/title>\n<meta name=\"robots\" content=\"index, follow, max-snippet:-1, max-image-preview:large, max-video-preview:-1\" \/>\n<link rel=\"canonical\" href=\"https:\/\/peoplesphere.be\/fr\/reprise-de-lemploi-les-pme-bruxelloises-annoncent-des-projets-de-recrutement-en-nette-augmentation\/\" \/>\n<meta property=\"og:locale\" content=\"fr_FR\" \/>\n<meta property=\"og:type\" content=\"article\" \/>\n<meta property=\"og:title\" content=\"Reprise de l&#039;emploi: les PME bruxelloises annoncent des projets de recrutement en nette augmentation. - Peoplesphere\" \/>\n<meta property=\"og:description\" content=\"La reprise est-elle en cours? Les intentions d&#8217;embauche des employeurs des PME bruxelloises pour le deuxi\u00e8me trimestre 2024 sont \u00e0 nouveau \u00e9lev\u00e9es. Selon les chiffres de SD Worx, 42% d\u00e9clarent qu&rsquo;ils engageront du personnel avant la fin du mois de [&hellip;]\" \/>\n<meta property=\"og:url\" content=\"https:\/\/peoplesphere.be\/fr\/reprise-de-lemploi-les-pme-bruxelloises-annoncent-des-projets-de-recrutement-en-nette-augmentation\/\" \/>\n<meta property=\"og:site_name\" content=\"Peoplesphere\" \/>\n<meta property=\"article:publisher\" content=\"https:\/\/www.facebook.com\/peoplesphere\" \/>\n<meta property=\"article:published_time\" content=\"2024-04-03T03:09:28+00:00\" \/>\n<meta property=\"article:modified_time\" content=\"2024-04-03T03:15:44+00:00\" \/>\n<meta property=\"og:image\" content=\"http:\/\/www.peoplesphere.be\/fr\/wp-content\/uploads\/2016\/07\/facebook-default-posting-1200x628px.jpg\" \/>\n<meta name=\"author\" content=\"Jean-Paul Erhard\" \/>\n<meta name=\"twitter:card\" content=\"summary_large_image\" \/>\n<meta name=\"twitter:creator\" content=\"@PeoplesphereMag\" \/>\n<meta name=\"twitter:site\" content=\"@PeoplesphereMag\" \/>\n<meta name=\"twitter:label1\" content=\"\u00c9crit par\" \/>\n\t<meta name=\"twitter:data1\" content=\"Jean-Paul Erhard\" \/>\n\t<meta name=\"twitter:label2\" content=\"Dur\u00e9e de lecture estim\u00e9e\" \/>\n\t<meta name=\"twitter:data2\" content=\"4 minutes\" \/>\n<script type=\"application\/ld+json\" class=\"yoast-schema-graph\">{\"@context\":\"https:\/\/schema.org\",\"@graph\":[{\"@type\":\"Article\",\"@id\":\"https:\/\/peoplesphere.be\/fr\/reprise-de-lemploi-les-pme-bruxelloises-annoncent-des-projets-de-recrutement-en-nette-augmentation\/#article\",\"isPartOf\":{\"@id\":\"https:\/\/peoplesphere.be\/fr\/reprise-de-lemploi-les-pme-bruxelloises-annoncent-des-projets-de-recrutement-en-nette-augmentation\/\"},\"author\":{\"name\":\"Jean-Paul Erhard\",\"@id\":\"https:\/\/peoplesphere.be\/fr\/#\/schema\/person\/7976225ff17988604334abb7b3536a7e\"},\"headline\":\"Reprise de l&#8217;emploi: les PME bruxelloises annoncent des projets de recrutement en nette augmentation.\",\"datePublished\":\"2024-04-03T03:09:28+00:00\",\"dateModified\":\"2024-04-03T03:15:44+00:00\",\"mainEntityOfPage\":{\"@id\":\"https:\/\/peoplesphere.be\/fr\/reprise-de-lemploi-les-pme-bruxelloises-annoncent-des-projets-de-recrutement-en-nette-augmentation\/\"},\"wordCount\":744,\"publisher\":{\"@id\":\"https:\/\/peoplesphere.be\/fr\/#organization\"},\"keywords\":[\"emploi\",\"flexibilit\u00e9\",\"jobs temporaires\",\"recrutement\"],\"articleSection\":[\"Actualit\u00e9s\",\"Digital\"],\"inLanguage\":\"fr-FR\"},{\"@type\":\"WebPage\",\"@id\":\"https:\/\/peoplesphere.be\/fr\/reprise-de-lemploi-les-pme-bruxelloises-annoncent-des-projets-de-recrutement-en-nette-augmentation\/\",\"url\":\"https:\/\/peoplesphere.be\/fr\/reprise-de-lemploi-les-pme-bruxelloises-annoncent-des-projets-de-recrutement-en-nette-augmentation\/\",\"name\":\"Reprise de l'emploi: les PME bruxelloises annoncent des projets de recrutement en nette augmentation. - Peoplesphere\",\"isPartOf\":{\"@id\":\"https:\/\/peoplesphere.be\/fr\/#website\"},\"datePublished\":\"2024-04-03T03:09:28+00:00\",\"dateModified\":\"2024-04-03T03:15:44+00:00\",\"breadcrumb\":{\"@id\":\"https:\/\/peoplesphere.be\/fr\/reprise-de-lemploi-les-pme-bruxelloises-annoncent-des-projets-de-recrutement-en-nette-augmentation\/#breadcrumb\"},\"inLanguage\":\"fr-FR\",\"potentialAction\":[{\"@type\":\"ReadAction\",\"target\":[\"https:\/\/peoplesphere.be\/fr\/reprise-de-lemploi-les-pme-bruxelloises-annoncent-des-projets-de-recrutement-en-nette-augmentation\/\"]}]},{\"@type\":\"BreadcrumbList\",\"@id\":\"https:\/\/peoplesphere.be\/fr\/reprise-de-lemploi-les-pme-bruxelloises-annoncent-des-projets-de-recrutement-en-nette-augmentation\/#breadcrumb\",\"itemListElement\":[{\"@type\":\"ListItem\",\"position\":1,\"name\":\"Accueil\",\"item\":\"https:\/\/peoplesphere.be\/fr\/\"},{\"@type\":\"ListItem\",\"position\":2,\"name\":\"Reprise de l&#8217;emploi: les PME bruxelloises annoncent des projets de recrutement en nette augmentation.\"}]},{\"@type\":\"WebSite\",\"@id\":\"https:\/\/peoplesphere.be\/fr\/#website\",\"url\":\"https:\/\/peoplesphere.be\/fr\/\",\"name\":\"Peoplesphere\",\"description\":\"The People Managers Magazine\",\"publisher\":{\"@id\":\"https:\/\/peoplesphere.be\/fr\/#organization\"},\"potentialAction\":[{\"@type\":\"SearchAction\",\"target\":{\"@type\":\"EntryPoint\",\"urlTemplate\":\"https:\/\/peoplesphere.be\/fr\/?s={search_term_string}\"},\"query-input\":\"required name=search_term_string\"}],\"inLanguage\":\"fr-FR\"},{\"@type\":\"Organization\",\"@id\":\"https:\/\/peoplesphere.be\/fr\/#organization\",\"name\":\"Peoplesphere Company srl\",\"url\":\"https:\/\/peoplesphere.be\/fr\/\",\"logo\":{\"@type\":\"ImageObject\",\"inLanguage\":\"fr-FR\",\"@id\":\"https:\/\/peoplesphere.be\/fr\/#\/schema\/logo\/image\/\",\"url\":\"https:\/\/peoplesphere.be\/fr\/wp-content\/uploads\/2023\/07\/peoplesphere-lgo-new-generik.jpg\",\"contentUrl\":\"https:\/\/peoplesphere.be\/fr\/wp-content\/uploads\/2023\/07\/peoplesphere-lgo-new-generik.jpg\",\"width\":1031,\"height\":1479,\"caption\":\"Peoplesphere Company srl\"},\"image\":{\"@id\":\"https:\/\/peoplesphere.be\/fr\/#\/schema\/logo\/image\/\"},\"sameAs\":[\"https:\/\/www.facebook.com\/peoplesphere\",\"https:\/\/twitter.com\/PeoplesphereMag\",\"https:\/\/www.linkedin.com\/company\/7587361?trk\",\"http:\/\/youtube.com\/peoplesphere\"]},{\"@type\":\"Person\",\"@id\":\"https:\/\/peoplesphere.be\/fr\/#\/schema\/person\/7976225ff17988604334abb7b3536a7e\",\"name\":\"Jean-Paul Erhard\",\"image\":{\"@type\":\"ImageObject\",\"inLanguage\":\"fr-FR\",\"@id\":\"https:\/\/peoplesphere.be\/fr\/#\/schema\/person\/image\/\",\"url\":\"https:\/\/secure.gravatar.com\/avatar\/f941e681460179738071629a51574930?s=96&d=mm&r=g\",\"contentUrl\":\"https:\/\/secure.gravatar.com\/avatar\/f941e681460179738071629a51574930?s=96&d=mm&r=g\",\"caption\":\"Jean-Paul Erhard\"},\"url\":\"https:\/\/peoplesphere.be\/fr\/author\/jpe\/\"}]}<\/script>\n<!-- \/ Yoast SEO plugin. -->","yoast_head_json":{"title":"Reprise de l'emploi: les PME bruxelloises annoncent des projets de recrutement en nette augmentation. - Peoplesphere","robots":{"index":"index","follow":"follow","max-snippet":"max-snippet:-1","max-image-preview":"max-image-preview:large","max-video-preview":"max-video-preview:-1"},"canonical":"https:\/\/peoplesphere.be\/fr\/reprise-de-lemploi-les-pme-bruxelloises-annoncent-des-projets-de-recrutement-en-nette-augmentation\/","og_locale":"fr_FR","og_type":"article","og_title":"Reprise de l'emploi: les PME bruxelloises annoncent des projets de recrutement en nette augmentation. - Peoplesphere","og_description":"La reprise est-elle en cours? Les intentions d&#8217;embauche des employeurs des PME bruxelloises pour le deuxi\u00e8me trimestre 2024 sont \u00e0 nouveau \u00e9lev\u00e9es. Selon les chiffres de SD Worx, 42% d\u00e9clarent qu&rsquo;ils engageront du personnel avant la fin du mois de [&hellip;]","og_url":"https:\/\/peoplesphere.be\/fr\/reprise-de-lemploi-les-pme-bruxelloises-annoncent-des-projets-de-recrutement-en-nette-augmentation\/","og_site_name":"Peoplesphere","article_publisher":"https:\/\/www.facebook.com\/peoplesphere","article_published_time":"2024-04-03T03:09:28+00:00","article_modified_time":"2024-04-03T03:15:44+00:00","og_image":[{"url":"http:\/\/www.peoplesphere.be\/fr\/wp-content\/uploads\/2016\/07\/facebook-default-posting-1200x628px.jpg"}],"author":"Jean-Paul Erhard","twitter_card":"summary_large_image","twitter_creator":"@PeoplesphereMag","twitter_site":"@PeoplesphereMag","twitter_misc":{"\u00c9crit par":"Jean-Paul Erhard","Dur\u00e9e de lecture estim\u00e9e":"4 minutes"},"schema":{"@context":"https:\/\/schema.org","@graph":[{"@type":"Article","@id":"https:\/\/peoplesphere.be\/fr\/reprise-de-lemploi-les-pme-bruxelloises-annoncent-des-projets-de-recrutement-en-nette-augmentation\/#article","isPartOf":{"@id":"https:\/\/peoplesphere.be\/fr\/reprise-de-lemploi-les-pme-bruxelloises-annoncent-des-projets-de-recrutement-en-nette-augmentation\/"},"author":{"name":"Jean-Paul Erhard","@id":"https:\/\/peoplesphere.be\/fr\/#\/schema\/person\/7976225ff17988604334abb7b3536a7e"},"headline":"Reprise de l&#8217;emploi: les PME bruxelloises annoncent des projets de recrutement en nette augmentation.","datePublished":"2024-04-03T03:09:28+00:00","dateModified":"2024-04-03T03:15:44+00:00","mainEntityOfPage":{"@id":"https:\/\/peoplesphere.be\/fr\/reprise-de-lemploi-les-pme-bruxelloises-annoncent-des-projets-de-recrutement-en-nette-augmentation\/"},"wordCount":744,"publisher":{"@id":"https:\/\/peoplesphere.be\/fr\/#organization"},"keywords":["emploi","flexibilit\u00e9","jobs temporaires","recrutement"],"articleSection":["Actualit\u00e9s","Digital"],"inLanguage":"fr-FR"},{"@type":"WebPage","@id":"https:\/\/peoplesphere.be\/fr\/reprise-de-lemploi-les-pme-bruxelloises-annoncent-des-projets-de-recrutement-en-nette-augmentation\/","url":"https:\/\/peoplesphere.be\/fr\/reprise-de-lemploi-les-pme-bruxelloises-annoncent-des-projets-de-recrutement-en-nette-augmentation\/","name":"Reprise de l'emploi: les PME bruxelloises annoncent des projets de recrutement en nette augmentation. - Peoplesphere","isPartOf":{"@id":"https:\/\/peoplesphere.be\/fr\/#website"},"datePublished":"2024-04-03T03:09:28+00:00","dateModified":"2024-04-03T03:15:44+00:00","breadcrumb":{"@id":"https:\/\/peoplesphere.be\/fr\/reprise-de-lemploi-les-pme-bruxelloises-annoncent-des-projets-de-recrutement-en-nette-augmentation\/#breadcrumb"},"inLanguage":"fr-FR","potentialAction":[{"@type":"ReadAction","target":["https:\/\/peoplesphere.be\/fr\/reprise-de-lemploi-les-pme-bruxelloises-annoncent-des-projets-de-recrutement-en-nette-augmentation\/"]}]},{"@type":"BreadcrumbList","@id":"https:\/\/peoplesphere.be\/fr\/reprise-de-lemploi-les-pme-bruxelloises-annoncent-des-projets-de-recrutement-en-nette-augmentation\/#breadcrumb","itemListElement":[{"@type":"ListItem","position":1,"name":"Accueil","item":"https:\/\/peoplesphere.be\/fr\/"},{"@type":"ListItem","position":2,"name":"Reprise de l&#8217;emploi: les PME bruxelloises annoncent des projets de recrutement en nette augmentation."}]},{"@type":"WebSite","@id":"https:\/\/peoplesphere.be\/fr\/#website","url":"https:\/\/peoplesphere.be\/fr\/","name":"Peoplesphere","description":"The People Managers Magazine","publisher":{"@id":"https:\/\/peoplesphere.be\/fr\/#organization"},"potentialAction":[{"@type":"SearchAction","target":{"@type":"EntryPoint","urlTemplate":"https:\/\/peoplesphere.be\/fr\/?s={search_term_string}"},"query-input":"required name=search_term_string"}],"inLanguage":"fr-FR"},{"@type":"Organization","@id":"https:\/\/peoplesphere.be\/fr\/#organization","name":"Peoplesphere Company srl","url":"https:\/\/peoplesphere.be\/fr\/","logo":{"@type":"ImageObject","inLanguage":"fr-FR","@id":"https:\/\/peoplesphere.be\/fr\/#\/schema\/logo\/image\/","url":"https:\/\/peoplesphere.be\/fr\/wp-content\/uploads\/2023\/07\/peoplesphere-lgo-new-generik.jpg","contentUrl":"https:\/\/peoplesphere.be\/fr\/wp-content\/uploads\/2023\/07\/peoplesphere-lgo-new-generik.jpg","width":1031,"height":1479,"caption":"Peoplesphere Company srl"},"image":{"@id":"https:\/\/peoplesphere.be\/fr\/#\/schema\/logo\/image\/"},"sameAs":["https:\/\/www.facebook.com\/peoplesphere","https:\/\/twitter.com\/PeoplesphereMag","https:\/\/www.linkedin.com\/company\/7587361?trk","http:\/\/youtube.com\/peoplesphere"]},{"@type":"Person","@id":"https:\/\/peoplesphere.be\/fr\/#\/schema\/person\/7976225ff17988604334abb7b3536a7e","name":"Jean-Paul Erhard","image":{"@type":"ImageObject","inLanguage":"fr-FR","@id":"https:\/\/peoplesphere.be\/fr\/#\/schema\/person\/image\/","url":"https:\/\/secure.gravatar.com\/avatar\/f941e681460179738071629a51574930?s=96&d=mm&r=g","contentUrl":"https:\/\/secure.gravatar.com\/avatar\/f941e681460179738071629a51574930?s=96&d=mm&r=g","caption":"Jean-Paul Erhard"},"url":"https:\/\/peoplesphere.be\/fr\/author\/jpe\/"}]}},"_links":{"self":[{"href":"https:\/\/peoplesphere.be\/fr\/wp-json\/wp\/v2\/posts\/15963"}],"collection":[{"href":"https:\/\/peoplesphere.be\/fr\/wp-json\/wp\/v2\/posts"}],"about":[{"href":"https:\/\/peoplesphere.be\/fr\/wp-json\/wp\/v2\/types\/post"}],"author":[{"embeddable":true,"href":"https:\/\/peoplesphere.be\/fr\/wp-json\/wp\/v2\/users\/2"}],"replies":[{"embeddable":true,"href":"https:\/\/peoplesphere.be\/fr\/wp-json\/wp\/v2\/comments?post=15963"}],"version-history":[{"count":2,"href":"https:\/\/peoplesphere.be\/fr\/wp-json\/wp\/v2\/posts\/15963\/revisions"}],"predecessor-version":[{"id":15965,"href":"https:\/\/peoplesphere.be\/fr\/wp-json\/wp\/v2\/posts\/15963\/revisions\/15965"}],"wp:attachment":[{"href":"https:\/\/peoplesphere.be\/fr\/wp-json\/wp\/v2\/media?parent=15963"}],"wp:term":[{"taxonomy":"category","embeddable":true,"href":"https:\/\/peoplesphere.be\/fr\/wp-json\/wp\/v2\/categories?post=15963"},{"taxonomy":"post_tag","embeddable":true,"href":"https:\/\/peoplesphere.be\/fr\/wp-json\/wp\/v2\/tags?post=15963"}],"curies":[{"name":"wp","href":"https:\/\/api.w.org\/{rel}","templated":true}]}}