









{"id":15978,"date":"2024-04-04T14:24:44","date_gmt":"2024-04-04T12:24:44","guid":{"rendered":"https:\/\/peoplesphere.be\/fr\/?p=15978"},"modified":"2024-04-04T14:24:44","modified_gmt":"2024-04-04T12:24:44","slug":"cest-le-manque-de-reconnaissance-et-non-la-charge-de-travail-qui-est-la-premiere-cause-de-stress-au-boulot","status":"publish","type":"post","link":"https:\/\/peoplesphere.be\/fr\/cest-le-manque-de-reconnaissance-et-non-la-charge-de-travail-qui-est-la-premiere-cause-de-stress-au-boulot\/","title":{"rendered":"C&rsquo;est le manque de reconnaissance, et non la charge de travail, qui est la premi\u00e8re cause de stress au boulot."},"content":{"rendered":"<p>Reconna\u00eetre qu\u2019on ressent du stress et vouloir se sortir de situations stressantes est de plus en plus acceptable socialement. C&rsquo;est ce que r\u00e9v\u00e8le une \u00e9tude europ\u00e9enne de Page Personnel sur le stress dans le contexte professionnel. Plus de la moiti\u00e9 des employ\u00e9s ont d\u00e9j\u00e0 envisag\u00e9 de quitter leur emploi en raison du stress, et environ 20 % l&rsquo;ont r\u00e9ellement fait. Les gens ressentent du stress principalement parce qu&rsquo;ils manquent de reconnaissance, et ensuite parce que la charge de travail est trop \u00e9lev\u00e9e.<!--more--><\/p>\n<p>Pour les demandeurs d&#8217;emploi, l&rsquo;incertitude li\u00e9e \u00e0 un manque de feedback est particuli\u00e8rement stressante, m\u00eame l\u00e9g\u00e8rement plus que le fait d&rsquo;\u00eatre rejet\u00e9.<\/p>\n<h3><strong><em>La moiti\u00e9 des employ\u00e9s ont d\u00e9j\u00e0 envisag\u00e9 de quitter leur emploi \u00e0 cause du stress<\/em><\/strong><\/h3>\n<p>Selon les r\u00e9sultats de l\u2019enqu\u00eate, 89% des employ\u00e9s ressentent du stress au travail. Plus de la moiti\u00e9 des employ\u00e9s qualifient m\u00eame le travail de \u00ab\u00a0assez stressant\u00a0\u00bb. Plus de 50% des employ\u00e9s interrog\u00e9s ont indiqu\u00e9 avoir d\u00e9j\u00e0 envisag\u00e9 de quitter leur emploi en raison du stress qu&rsquo;il engendrait. Et environ 20% ont r\u00e9ellement d\u00e9missionn\u00e9.<\/p>\n<p>Olivier Dufour, directeur g\u00e9n\u00e9ral de Page Personnel, explique : <em>\u00ab\u00a0Nous constatons une tendance croissante de personnes qui d\u00e9missionnent en raison du stress. Le stress au travail peut parfois prendre des proportions tellement importantes que les gens ne peuvent pas s&rsquo;en d\u00e9barrasser une fois chez eux, cr\u00e9ant ainsi un stress latent constant. Il est logique que cela se produise, car avec les smartphones, nous sommes constamment connect\u00e9s, m\u00eame lorsque nous ne le voulons pas vraiment. Cela va \u00e0 l&rsquo;encontre du besoin croissant d&rsquo;un bon \u00e9quilibre entre vie professionnelle et vie priv\u00e9e. Lorsque cet \u00e9quilibre penche r\u00e9solument en faveur du travail, la g\u00e9n\u00e9ration plus jeune est beaucoup moins h\u00e9sitante \u00e0 d\u00e9missionner. Il y a de moins en moins de tabous \u00e0 ce sujet.\u00a0\u00bb<\/em><\/p>\n<p>D\u2019apr\u00e8s les r\u00e9pondants, le stress au travail serait principalement caus\u00e9 par un manque de reconnaissance, qui \u00e9tait un facteur de stress important selon 39 % des r\u00e9pondants. La charge de travail (28,6 %) se range en deuxi\u00e8me position, suivie par un d\u00e9s\u00e9quilibre entre vie professionnelle et vie priv\u00e9e (26,2 %).<\/p>\n<h3><strong><em>Le manque de feedback est le principal facteur de stress pour les chercheurs d&#8217;emploi<\/em><\/strong><\/h3>\n<p>Environ un quart des chercheurs d&#8217;emploi parmi les r\u00e9pondants ont indiqu\u00e9 avoir \u00e9prouv\u00e9 tellement de stress lors de la recherche d&#8217;emploi qu&rsquo;ils ont souffert de probl\u00e8mes physiques ou \u00e9motionnels.<\/p>\n<p>Pour les chercheurs d&#8217;emploi, le manque de feedback de la part des recruteurs est le principal facteur de stress (53,8 %), suivi du fait d&rsquo;\u00eatre rejet\u00e9 (39,9 %). La troisi\u00e8me place revient \u00e0 l&rsquo;incertitude concernant l&rsquo;avenir et la situation \u00e9conomique associ\u00e9e \u00e0 la recherche d&#8217;emploi (36%).<\/p>\n<p><em>\u00ab\u00a0Un manque de feedback peut soulever de nombreuses questions chez les candidats. &lsquo;Pourquoi ai-je \u00e9t\u00e9 rejet\u00e9 ?&rsquo;, &lsquo;Qu&rsquo;ai-je fait de mal exactement ?&rsquo;, &lsquo;Comment puis-je faire mieux la prochaine fois ?&rsquo; Et cela g\u00e9n\u00e8re souvent plus de stress. De plus, nous sommes tellement habitu\u00e9s \u00e0 recevoir un flux constant de feedback par les r\u00e9seaux sociaux que son absence nous cause beaucoup de stress. Un rejet est douloureux, mais au moins il est clair\u00a0\u00bb<\/em>, ajoute Olivier Dufour.<\/p>\n<p>&nbsp;<\/p>\n<p><em>Source: Page Personnel<\/em><\/p>\n","protected":false},"excerpt":{"rendered":"<p>Reconna\u00eetre qu\u2019on ressent du stress et vouloir se sortir de situations stressantes est de plus en plus acceptable socialement. C&rsquo;est ce que r\u00e9v\u00e8le une \u00e9tude europ\u00e9enne de Page Personnel sur le stress dans le contexte professionnel. Plus de la moiti\u00e9 [&hellip;]<\/p>\n","protected":false},"author":2,"featured_media":0,"comment_status":"closed","ping_status":"open","sticky":false,"template":"","format":"standard","meta":[],"categories":[65,10],"tags":[839,1407,593,3266,652,299,18],"yoast_head":"<!-- This site is optimized with the Yoast SEO plugin v21.0 - https:\/\/yoast.com\/wordpress\/plugins\/seo\/ -->\n<title>C&#039;est le manque de reconnaissance, et non la charge de travail, qui est la premi\u00e8re cause de stress au boulot. - Peoplesphere<\/title>\n<meta name=\"robots\" content=\"index, follow, max-snippet:-1, max-image-preview:large, max-video-preview:-1\" \/>\n<link rel=\"canonical\" href=\"https:\/\/peoplesphere.be\/fr\/cest-le-manque-de-reconnaissance-et-non-la-charge-de-travail-qui-est-la-premiere-cause-de-stress-au-boulot\/\" \/>\n<meta property=\"og:locale\" content=\"fr_FR\" \/>\n<meta property=\"og:type\" content=\"article\" \/>\n<meta property=\"og:title\" content=\"C&#039;est le manque de reconnaissance, et non la charge de travail, qui est la premi\u00e8re cause de stress au boulot. - Peoplesphere\" \/>\n<meta property=\"og:description\" content=\"Reconna\u00eetre qu\u2019on ressent du stress et vouloir se sortir de situations stressantes est de plus en plus acceptable socialement. C&rsquo;est ce que r\u00e9v\u00e8le une \u00e9tude europ\u00e9enne de Page Personnel sur le stress dans le contexte professionnel. Plus de la moiti\u00e9 [&hellip;]\" \/>\n<meta property=\"og:url\" content=\"https:\/\/peoplesphere.be\/fr\/cest-le-manque-de-reconnaissance-et-non-la-charge-de-travail-qui-est-la-premiere-cause-de-stress-au-boulot\/\" \/>\n<meta property=\"og:site_name\" content=\"Peoplesphere\" \/>\n<meta property=\"article:publisher\" content=\"https:\/\/www.facebook.com\/peoplesphere\" \/>\n<meta property=\"article:published_time\" content=\"2024-04-04T12:24:44+00:00\" \/>\n<meta property=\"og:image\" content=\"http:\/\/www.peoplesphere.be\/fr\/wp-content\/uploads\/2016\/07\/facebook-default-posting-1200x628px.jpg\" \/>\n<meta name=\"author\" content=\"Jean-Paul Erhard\" \/>\n<meta name=\"twitter:card\" content=\"summary_large_image\" \/>\n<meta name=\"twitter:creator\" content=\"@PeoplesphereMag\" \/>\n<meta name=\"twitter:site\" content=\"@PeoplesphereMag\" \/>\n<meta name=\"twitter:label1\" content=\"\u00c9crit par\" \/>\n\t<meta name=\"twitter:data1\" content=\"Jean-Paul Erhard\" \/>\n\t<meta name=\"twitter:label2\" content=\"Dur\u00e9e de lecture estim\u00e9e\" \/>\n\t<meta name=\"twitter:data2\" content=\"3 minutes\" \/>\n<script type=\"application\/ld+json\" class=\"yoast-schema-graph\">{\"@context\":\"https:\/\/schema.org\",\"@graph\":[{\"@type\":\"Article\",\"@id\":\"https:\/\/peoplesphere.be\/fr\/cest-le-manque-de-reconnaissance-et-non-la-charge-de-travail-qui-est-la-premiere-cause-de-stress-au-boulot\/#article\",\"isPartOf\":{\"@id\":\"https:\/\/peoplesphere.be\/fr\/cest-le-manque-de-reconnaissance-et-non-la-charge-de-travail-qui-est-la-premiere-cause-de-stress-au-boulot\/\"},\"author\":{\"name\":\"Jean-Paul Erhard\",\"@id\":\"https:\/\/peoplesphere.be\/fr\/#\/schema\/person\/7976225ff17988604334abb7b3536a7e\"},\"headline\":\"C&rsquo;est le manque de reconnaissance, et non la charge de travail, qui est la premi\u00e8re cause de stress au boulot.\",\"datePublished\":\"2024-04-04T12:24:44+00:00\",\"dateModified\":\"2024-04-04T12:24:44+00:00\",\"mainEntityOfPage\":{\"@id\":\"https:\/\/peoplesphere.be\/fr\/cest-le-manque-de-reconnaissance-et-non-la-charge-de-travail-qui-est-la-premiere-cause-de-stress-au-boulot\/\"},\"wordCount\":566,\"publisher\":{\"@id\":\"https:\/\/peoplesphere.be\/fr\/#organization\"},\"keywords\":[\"charge de travail\",\"chercheurs d'emploi\",\"feedback\",\"incertitude\",\"reconnaissance\",\"r\u00e9tention\",\"Stress\"],\"articleSection\":[\"Actualit\u00e9s\",\"Digital\"],\"inLanguage\":\"fr-FR\"},{\"@type\":\"WebPage\",\"@id\":\"https:\/\/peoplesphere.be\/fr\/cest-le-manque-de-reconnaissance-et-non-la-charge-de-travail-qui-est-la-premiere-cause-de-stress-au-boulot\/\",\"url\":\"https:\/\/peoplesphere.be\/fr\/cest-le-manque-de-reconnaissance-et-non-la-charge-de-travail-qui-est-la-premiere-cause-de-stress-au-boulot\/\",\"name\":\"C'est le manque de reconnaissance, et non la charge de travail, qui est la premi\u00e8re cause de stress au boulot. - Peoplesphere\",\"isPartOf\":{\"@id\":\"https:\/\/peoplesphere.be\/fr\/#website\"},\"datePublished\":\"2024-04-04T12:24:44+00:00\",\"dateModified\":\"2024-04-04T12:24:44+00:00\",\"breadcrumb\":{\"@id\":\"https:\/\/peoplesphere.be\/fr\/cest-le-manque-de-reconnaissance-et-non-la-charge-de-travail-qui-est-la-premiere-cause-de-stress-au-boulot\/#breadcrumb\"},\"inLanguage\":\"fr-FR\",\"potentialAction\":[{\"@type\":\"ReadAction\",\"target\":[\"https:\/\/peoplesphere.be\/fr\/cest-le-manque-de-reconnaissance-et-non-la-charge-de-travail-qui-est-la-premiere-cause-de-stress-au-boulot\/\"]}]},{\"@type\":\"BreadcrumbList\",\"@id\":\"https:\/\/peoplesphere.be\/fr\/cest-le-manque-de-reconnaissance-et-non-la-charge-de-travail-qui-est-la-premiere-cause-de-stress-au-boulot\/#breadcrumb\",\"itemListElement\":[{\"@type\":\"ListItem\",\"position\":1,\"name\":\"Accueil\",\"item\":\"https:\/\/peoplesphere.be\/fr\/\"},{\"@type\":\"ListItem\",\"position\":2,\"name\":\"C&rsquo;est le manque de reconnaissance, et non la charge de travail, qui est la premi\u00e8re cause de stress au boulot.\"}]},{\"@type\":\"WebSite\",\"@id\":\"https:\/\/peoplesphere.be\/fr\/#website\",\"url\":\"https:\/\/peoplesphere.be\/fr\/\",\"name\":\"Peoplesphere\",\"description\":\"The People Managers Magazine\",\"publisher\":{\"@id\":\"https:\/\/peoplesphere.be\/fr\/#organization\"},\"potentialAction\":[{\"@type\":\"SearchAction\",\"target\":{\"@type\":\"EntryPoint\",\"urlTemplate\":\"https:\/\/peoplesphere.be\/fr\/?s={search_term_string}\"},\"query-input\":\"required name=search_term_string\"}],\"inLanguage\":\"fr-FR\"},{\"@type\":\"Organization\",\"@id\":\"https:\/\/peoplesphere.be\/fr\/#organization\",\"name\":\"Peoplesphere Company srl\",\"url\":\"https:\/\/peoplesphere.be\/fr\/\",\"logo\":{\"@type\":\"ImageObject\",\"inLanguage\":\"fr-FR\",\"@id\":\"https:\/\/peoplesphere.be\/fr\/#\/schema\/logo\/image\/\",\"url\":\"https:\/\/peoplesphere.be\/fr\/wp-content\/uploads\/2023\/07\/peoplesphere-lgo-new-generik.jpg\",\"contentUrl\":\"https:\/\/peoplesphere.be\/fr\/wp-content\/uploads\/2023\/07\/peoplesphere-lgo-new-generik.jpg\",\"width\":1031,\"height\":1479,\"caption\":\"Peoplesphere Company srl\"},\"image\":{\"@id\":\"https:\/\/peoplesphere.be\/fr\/#\/schema\/logo\/image\/\"},\"sameAs\":[\"https:\/\/www.facebook.com\/peoplesphere\",\"https:\/\/twitter.com\/PeoplesphereMag\",\"https:\/\/www.linkedin.com\/company\/7587361?trk\",\"http:\/\/youtube.com\/peoplesphere\"]},{\"@type\":\"Person\",\"@id\":\"https:\/\/peoplesphere.be\/fr\/#\/schema\/person\/7976225ff17988604334abb7b3536a7e\",\"name\":\"Jean-Paul Erhard\",\"image\":{\"@type\":\"ImageObject\",\"inLanguage\":\"fr-FR\",\"@id\":\"https:\/\/peoplesphere.be\/fr\/#\/schema\/person\/image\/\",\"url\":\"https:\/\/secure.gravatar.com\/avatar\/f941e681460179738071629a51574930?s=96&d=mm&r=g\",\"contentUrl\":\"https:\/\/secure.gravatar.com\/avatar\/f941e681460179738071629a51574930?s=96&d=mm&r=g\",\"caption\":\"Jean-Paul Erhard\"},\"url\":\"https:\/\/peoplesphere.be\/fr\/author\/jpe\/\"}]}<\/script>\n<!-- \/ Yoast SEO plugin. -->","yoast_head_json":{"title":"C'est le manque de reconnaissance, et non la charge de travail, qui est la premi\u00e8re cause de stress au boulot. - Peoplesphere","robots":{"index":"index","follow":"follow","max-snippet":"max-snippet:-1","max-image-preview":"max-image-preview:large","max-video-preview":"max-video-preview:-1"},"canonical":"https:\/\/peoplesphere.be\/fr\/cest-le-manque-de-reconnaissance-et-non-la-charge-de-travail-qui-est-la-premiere-cause-de-stress-au-boulot\/","og_locale":"fr_FR","og_type":"article","og_title":"C'est le manque de reconnaissance, et non la charge de travail, qui est la premi\u00e8re cause de stress au boulot. - Peoplesphere","og_description":"Reconna\u00eetre qu\u2019on ressent du stress et vouloir se sortir de situations stressantes est de plus en plus acceptable socialement. C&rsquo;est ce que r\u00e9v\u00e8le une \u00e9tude europ\u00e9enne de Page Personnel sur le stress dans le contexte professionnel. Plus de la moiti\u00e9 [&hellip;]","og_url":"https:\/\/peoplesphere.be\/fr\/cest-le-manque-de-reconnaissance-et-non-la-charge-de-travail-qui-est-la-premiere-cause-de-stress-au-boulot\/","og_site_name":"Peoplesphere","article_publisher":"https:\/\/www.facebook.com\/peoplesphere","article_published_time":"2024-04-04T12:24:44+00:00","og_image":[{"url":"http:\/\/www.peoplesphere.be\/fr\/wp-content\/uploads\/2016\/07\/facebook-default-posting-1200x628px.jpg"}],"author":"Jean-Paul Erhard","twitter_card":"summary_large_image","twitter_creator":"@PeoplesphereMag","twitter_site":"@PeoplesphereMag","twitter_misc":{"\u00c9crit par":"Jean-Paul Erhard","Dur\u00e9e de lecture estim\u00e9e":"3 minutes"},"schema":{"@context":"https:\/\/schema.org","@graph":[{"@type":"Article","@id":"https:\/\/peoplesphere.be\/fr\/cest-le-manque-de-reconnaissance-et-non-la-charge-de-travail-qui-est-la-premiere-cause-de-stress-au-boulot\/#article","isPartOf":{"@id":"https:\/\/peoplesphere.be\/fr\/cest-le-manque-de-reconnaissance-et-non-la-charge-de-travail-qui-est-la-premiere-cause-de-stress-au-boulot\/"},"author":{"name":"Jean-Paul Erhard","@id":"https:\/\/peoplesphere.be\/fr\/#\/schema\/person\/7976225ff17988604334abb7b3536a7e"},"headline":"C&rsquo;est le manque de reconnaissance, et non la charge de travail, qui est la premi\u00e8re cause de stress au boulot.","datePublished":"2024-04-04T12:24:44+00:00","dateModified":"2024-04-04T12:24:44+00:00","mainEntityOfPage":{"@id":"https:\/\/peoplesphere.be\/fr\/cest-le-manque-de-reconnaissance-et-non-la-charge-de-travail-qui-est-la-premiere-cause-de-stress-au-boulot\/"},"wordCount":566,"publisher":{"@id":"https:\/\/peoplesphere.be\/fr\/#organization"},"keywords":["charge de travail","chercheurs d'emploi","feedback","incertitude","reconnaissance","r\u00e9tention","Stress"],"articleSection":["Actualit\u00e9s","Digital"],"inLanguage":"fr-FR"},{"@type":"WebPage","@id":"https:\/\/peoplesphere.be\/fr\/cest-le-manque-de-reconnaissance-et-non-la-charge-de-travail-qui-est-la-premiere-cause-de-stress-au-boulot\/","url":"https:\/\/peoplesphere.be\/fr\/cest-le-manque-de-reconnaissance-et-non-la-charge-de-travail-qui-est-la-premiere-cause-de-stress-au-boulot\/","name":"C'est le manque de reconnaissance, et non la charge de travail, qui est la premi\u00e8re cause de stress au boulot. - Peoplesphere","isPartOf":{"@id":"https:\/\/peoplesphere.be\/fr\/#website"},"datePublished":"2024-04-04T12:24:44+00:00","dateModified":"2024-04-04T12:24:44+00:00","breadcrumb":{"@id":"https:\/\/peoplesphere.be\/fr\/cest-le-manque-de-reconnaissance-et-non-la-charge-de-travail-qui-est-la-premiere-cause-de-stress-au-boulot\/#breadcrumb"},"inLanguage":"fr-FR","potentialAction":[{"@type":"ReadAction","target":["https:\/\/peoplesphere.be\/fr\/cest-le-manque-de-reconnaissance-et-non-la-charge-de-travail-qui-est-la-premiere-cause-de-stress-au-boulot\/"]}]},{"@type":"BreadcrumbList","@id":"https:\/\/peoplesphere.be\/fr\/cest-le-manque-de-reconnaissance-et-non-la-charge-de-travail-qui-est-la-premiere-cause-de-stress-au-boulot\/#breadcrumb","itemListElement":[{"@type":"ListItem","position":1,"name":"Accueil","item":"https:\/\/peoplesphere.be\/fr\/"},{"@type":"ListItem","position":2,"name":"C&rsquo;est le manque de reconnaissance, et non la charge de travail, qui est la premi\u00e8re cause de stress au boulot."}]},{"@type":"WebSite","@id":"https:\/\/peoplesphere.be\/fr\/#website","url":"https:\/\/peoplesphere.be\/fr\/","name":"Peoplesphere","description":"The People Managers Magazine","publisher":{"@id":"https:\/\/peoplesphere.be\/fr\/#organization"},"potentialAction":[{"@type":"SearchAction","target":{"@type":"EntryPoint","urlTemplate":"https:\/\/peoplesphere.be\/fr\/?s={search_term_string}"},"query-input":"required name=search_term_string"}],"inLanguage":"fr-FR"},{"@type":"Organization","@id":"https:\/\/peoplesphere.be\/fr\/#organization","name":"Peoplesphere Company srl","url":"https:\/\/peoplesphere.be\/fr\/","logo":{"@type":"ImageObject","inLanguage":"fr-FR","@id":"https:\/\/peoplesphere.be\/fr\/#\/schema\/logo\/image\/","url":"https:\/\/peoplesphere.be\/fr\/wp-content\/uploads\/2023\/07\/peoplesphere-lgo-new-generik.jpg","contentUrl":"https:\/\/peoplesphere.be\/fr\/wp-content\/uploads\/2023\/07\/peoplesphere-lgo-new-generik.jpg","width":1031,"height":1479,"caption":"Peoplesphere Company srl"},"image":{"@id":"https:\/\/peoplesphere.be\/fr\/#\/schema\/logo\/image\/"},"sameAs":["https:\/\/www.facebook.com\/peoplesphere","https:\/\/twitter.com\/PeoplesphereMag","https:\/\/www.linkedin.com\/company\/7587361?trk","http:\/\/youtube.com\/peoplesphere"]},{"@type":"Person","@id":"https:\/\/peoplesphere.be\/fr\/#\/schema\/person\/7976225ff17988604334abb7b3536a7e","name":"Jean-Paul Erhard","image":{"@type":"ImageObject","inLanguage":"fr-FR","@id":"https:\/\/peoplesphere.be\/fr\/#\/schema\/person\/image\/","url":"https:\/\/secure.gravatar.com\/avatar\/f941e681460179738071629a51574930?s=96&d=mm&r=g","contentUrl":"https:\/\/secure.gravatar.com\/avatar\/f941e681460179738071629a51574930?s=96&d=mm&r=g","caption":"Jean-Paul Erhard"},"url":"https:\/\/peoplesphere.be\/fr\/author\/jpe\/"}]}},"_links":{"self":[{"href":"https:\/\/peoplesphere.be\/fr\/wp-json\/wp\/v2\/posts\/15978"}],"collection":[{"href":"https:\/\/peoplesphere.be\/fr\/wp-json\/wp\/v2\/posts"}],"about":[{"href":"https:\/\/peoplesphere.be\/fr\/wp-json\/wp\/v2\/types\/post"}],"author":[{"embeddable":true,"href":"https:\/\/peoplesphere.be\/fr\/wp-json\/wp\/v2\/users\/2"}],"replies":[{"embeddable":true,"href":"https:\/\/peoplesphere.be\/fr\/wp-json\/wp\/v2\/comments?post=15978"}],"version-history":[{"count":1,"href":"https:\/\/peoplesphere.be\/fr\/wp-json\/wp\/v2\/posts\/15978\/revisions"}],"predecessor-version":[{"id":15979,"href":"https:\/\/peoplesphere.be\/fr\/wp-json\/wp\/v2\/posts\/15978\/revisions\/15979"}],"wp:attachment":[{"href":"https:\/\/peoplesphere.be\/fr\/wp-json\/wp\/v2\/media?parent=15978"}],"wp:term":[{"taxonomy":"category","embeddable":true,"href":"https:\/\/peoplesphere.be\/fr\/wp-json\/wp\/v2\/categories?post=15978"},{"taxonomy":"post_tag","embeddable":true,"href":"https:\/\/peoplesphere.be\/fr\/wp-json\/wp\/v2\/tags?post=15978"}],"curies":[{"name":"wp","href":"https:\/\/api.w.org\/{rel}","templated":true}]}}