









{"id":15984,"date":"2024-04-05T17:56:21","date_gmt":"2024-04-05T15:56:21","guid":{"rendered":"https:\/\/peoplesphere.be\/fr\/?p=15984"},"modified":"2024-04-05T17:56:21","modified_gmt":"2024-04-05T15:56:21","slug":"la-reforme-des-pensions-est-votee-le-service-pensions-et-linasti-veulent-accompagner-au-maximum-les-citoyens","status":"publish","type":"post","link":"https:\/\/peoplesphere.be\/fr\/la-reforme-des-pensions-est-votee-le-service-pensions-et-linasti-veulent-accompagner-au-maximum-les-citoyens\/","title":{"rendered":"La r\u00e9forme des pensions est vot\u00e9e : le Service Pensions et l\u2019INASTI veulent accompagner au maximum les citoyens."},"content":{"rendered":"<p>Durant l\u2019apr\u00e8s-midi du jeudi 4 avril, le parlement f\u00e9d\u00e9ral a approuv\u00e9 la r\u00e9forme des pensions. Ce vendredi, L\u2019INASTI et le Service Pensions ont expliqu\u00e9, en pr\u00e9sence de la ministre des Pensions et du ministre des Ind\u00e9pendants, comment ils appliqueront la nouvelle l\u00e9gislation\u202fet ce que les citoyens peuvent attendre d\u2019eux.<!--more--><\/p>\n<p>Voici un r\u00e9sum\u00e9 des changements :<\/p>\n<p>&gt; Bonus pension (\u00e0 partir de juillet 2024) : si vous postposez votre pension et que vous travaillez au-del\u00e0 de votre date de pension la plus proche, vous pouvez vous constituer un bonus pendant 3 ann\u00e9es au maximum. Vous pouvez choisir de recevoir votre bonus en un paiement unique ou sous forme de paiements mensuels. Vous devez postposer votre pension au moins jusqu\u2019au 1er janvier 2025.<\/p>\n<p>&gt; Pension minimum (\u00e0 partir de janvier 2025) :<\/p>\n<ul>\n<li>Condition suppl\u00e9mentaire pour le droit \u00e0 la pension minimum : il faut avoir travaill\u00e9 effectivement au moins 5 000 jours \u00e0 temps plein ou 3 120 jours \u00e0 temps partiel sur l\u2019ensemble de sa carri\u00e8re et, comme auparavant, remplir les conditions de carri\u00e8re requises (pour les salari\u00e9s et les ind\u00e9pendants : avoir une carri\u00e8re d\u2019au moins 30 ann\u00e9es).<br \/>\nImportant : cette mesure sera pleinement d\u2019application pour les personnes n\u00e9es en 1970 ou plus tard.<\/li>\n<li>Compensation pour le travail \u00e0 temps partiel avant 2002 : avant 2002, il n\u2019existait pas de possibilit\u00e9 g\u00e9n\u00e9rique pour suspendre sa carri\u00e8re de salari\u00e9 avec une allocation. Par cons\u00e9quent, les travailleurs \u00e0 temps partiel constituaient moins de droits \u00e0 la pension que les travailleurs \u00e0 temps plein. D\u00e9sormais, il y aura une augmentation de 25 % pour un maximum de 5 ann\u00e9es de carri\u00e8re \u00e0 temps partiel avant 2002.<\/li>\n<li>Compensation pour les dispenses de cotisations durant la crise Covid : les p\u00e9riodes de dispense de cotisations pour les ind\u00e9pendants entre le 1er janvier 2020 et le 31 mars 2022, suite \u00e0 la crise Covid, sont prises en compte pour la condition de carri\u00e8re des 30 ann\u00e9es pour l\u2019acc\u00e8s \u00e0 la pension minimum (ceci compte uniquement pour la condition de carri\u00e8re et non pour le calcul du montant de la pension minimum d\u2019ind\u00e9pendant).<\/li>\n<\/ul>\n<p>&gt; R\u00e9forme de la p\u00e9r\u00e9quation : les pensions des fonctionnaires suivent l\u2019\u00e9volution des traitements des fonctionnaires actifs. D\u00e9sormais les pensions de fonctionnaire ne pourront plus augmenter en fonction des traitements que de maximum 0,3 % par an de la charge totale des pensions. Si ce maximum est d\u00e9pass\u00e9, l\u2019augmentation des pensions les plus \u00e9lev\u00e9es sera limit\u00e9e.<\/p>\n<p>Afin de donner un aper\u00e7u clair par mesure, Le Service Pensions et l\u2019INASTI ont li\u00e9 les pages actualis\u00e9es du site Web \u00e0 des adresses faciles \u00e0 retenir :<br \/>\n<a href=\"http:\/\/www.bonuspension.be\">www.bonuspension.be<\/a><br \/>\n<a href=\"http:\/\/www.pensionminimum.be\">www.pensionminimum.be<\/a><\/p>\n<p>Comme la loi vient d\u2019\u00eatre vot\u00e9e, il faudra quelques mois pour adapter <a href=\"http:\/\/mypension.be\">mypension.be<\/a> et nos autres programmes de calcul. La qualit\u00e9 n\u00e9cessite du temps. Au plus tard en juillet 2024, nous pourrons montrer dans mypension.be \u00e0 partir de quand vous constituez un bonus.<\/p>\n<p>Le Service Pensions et l\u2019INASTI adaptent \u00e9videmment les lettres et documents existants et communiquent via leurs propres canaux \u00e0 propos des changements.<\/p>\n<h3><strong><em>Campagne d\u2019information sur le bonus pension\u00a0<\/em><\/strong><\/h3>\n<p>\u00c9tant donn\u00e9 que le bonus pension est nouveau; que les citoyens doivent faire un choix conscient dans le cadre du bonus : continuer \u00e0 travailler ou non; et que beaucoup de questions arrivent jusqu&rsquo;aux centres de contact \u00e0 propos du bonus ; l\u2019INASTI et le Service Pensions ont d\u00e9cid\u00e9 de lancer une campagne d\u2019information sur bonus pension.<\/p>\n<p><em>\u00ab\u00a0Nous mobilisons nos moyens classiques (newsletter, site web, communiqu\u00e9 de presse\u2026) pour les trois mesures mais pour le bonus nous allons \u00e9galement\u00a0<\/em><\/p>\n<ul>\n<li><em>envoyer un mailing digital \u00e0 toutes les personnes dont la date de pension la plus proche se situe dans les 3 prochaines ann\u00e9es (ou qui peuvent d\u00e9j\u00e0 prendre leur pension maintenant) ;<\/em><\/li>\n<li><em>lancer une campagne de communication sur les r\u00e9seaux sociaux, en radio et TV (fin juin \u2013 d\u00e9but juillet 2024).<\/em><\/li>\n<\/ul>\n<p><em>Durant cette campagne, nous inversons le clich\u00e9 du d\u00e9compte habituel \u00ab\u00a0Combien de temps avant ma pension ?\u00a0\u00bb en \u00ab\u00a0Combien de r\u00e9alisations en plus avant ma pension ?\u00a0\u00bb. <\/em><em>Il y a effectivement un double sens :<\/em><\/p>\n<ul>\n<li><em>On fait encore X choses en plus, par exemple, r\u00e9parer 376 voitures en plus comme dans l\u2019exemple de Paul dans la campagne.<\/em><\/li>\n<li><em>Et en reportant sa pension, on re\u00e7oit encore X euros en plus.<\/em><\/li>\n<\/ul>\n<p><em>Nous voulons mettre l\u2019accent sur le caract\u00e8re facultatif \u00ab\u00a0vous pouvez\u00a0\u00bb car nous sommes bien conscients que tout le monde ne veut ou ne peut pas forc\u00e9ment travailler plus longtemps. Nous voulons seulement informer les citoyens correctement \u00e0 propos du nouveau bonus pension.\u00a0\u00bb<\/em><\/p>\n<p>Karine Lalieux &#8211; Ministre des pensions d\u00e9clare:<em> \u00ab\u00a0De la revalorisation de la pension minimum \u00e0 l\u2019instauration d\u2019un bonus, en passant par des mesures de soutien aux femmes et de valorisation du travail, la r\u00e9forme des pensions r\u00e9pond aux engagements que s\u2019\u00e9tait fix\u00e9s le gouvernement f\u00e9d\u00e9ral. Cette r\u00e9forme garantit une plus grande justice sociale, maintient et soutient l\u2019emploi des travailleurs plus \u00e2g\u00e9s, r\u00e9duit les in\u00e9galit\u00e9s subies par les travailleurs vuln\u00e9rables, et ce tout en garantissant la soutenabilit\u00e9 financi\u00e8re du r\u00e9gime des pensions \u00e0 moyen et long terme. Nous avons \u00e9t\u00e9 ambitieux, et nous avons pu l\u2019\u00eatre parce que nous avions le Service Pensions, l\u2019INASTI, le Bureau f\u00e9d\u00e9ral du Plan, Sigedis et le SPF S\u00e9curit\u00e9 sociale \u00e0 nos c\u00f4t\u00e9s pour construire ce projet essentiel pour l\u2019avenir de nos pensions. Je les remercie pour le travail titanesque de ces derni\u00e8res ann\u00e9es.\u00a0\u00bb<\/em><\/p>\n<p>David Clarinval &#8211; Ministre des Ind\u00e9pendants conclut:<em> \u00ab\u00a0Cette r\u00e9forme des pensions porte comme valeur centrale la r\u00e9compense du travail. Elle instaure en effet une condition de travail effectif pour b\u00e9n\u00e9ficier de la pension minimum. C\u2019est une question ici de justice sociale envers ceux qui travaillent la majeure partie de leur carri\u00e8re et qui paient par cons\u00e9quent des cotisations sociales.<\/em><br \/>\n<em>Elle introduit \u00e9galement un bonus de pension octroy\u00e9 sous la forme d\u2019un capital qu\u2019il sera possible de se constituer d\u00e8s que le travailleur, arriv\u00e9 \u00e0 l\u2019\u00e2ge pour prendre sa pension anticip\u00e9e ou l\u00e9gale, fera le choix de poursuivre sa carri\u00e8re professionnelle et ce, sans prendre sa pension. L\u2019objectif premier reste le m\u00eame : r\u00e9compenser ceux qui travaillent et inciter les travailleurs \u00e0 poursuivre leur carri\u00e8re au-del\u00e0 de l\u2019\u00e2ge de la retraite. Cette mesure b\u00e9n\u00e9ficiera \u00e0 un grand nombre d\u2019ind\u00e9pendants.\u00a0\u00bb<\/em><\/p>\n","protected":false},"excerpt":{"rendered":"<p>Durant l\u2019apr\u00e8s-midi du jeudi 4 avril, le parlement f\u00e9d\u00e9ral a approuv\u00e9 la r\u00e9forme des pensions. Ce vendredi, L\u2019INASTI et le Service Pensions ont expliqu\u00e9, en pr\u00e9sence de la ministre des Pensions et du ministre des Ind\u00e9pendants, comment ils appliqueront la [&hellip;]<\/p>\n","protected":false},"author":2,"featured_media":0,"comment_status":"closed","ping_status":"open","sticky":false,"template":"","format":"standard","meta":[],"categories":[65,10],"tags":[148,548,473],"yoast_head":"<!-- This site is optimized with the Yoast SEO plugin v21.0 - https:\/\/yoast.com\/wordpress\/plugins\/seo\/ -->\n<title>La r\u00e9forme des pensions est vot\u00e9e : le Service Pensions et l\u2019INASTI veulent accompagner au maximum les citoyens. - Peoplesphere<\/title>\n<meta name=\"robots\" content=\"index, follow, max-snippet:-1, max-image-preview:large, max-video-preview:-1\" \/>\n<link rel=\"canonical\" href=\"https:\/\/peoplesphere.be\/fr\/la-reforme-des-pensions-est-votee-le-service-pensions-et-linasti-veulent-accompagner-au-maximum-les-citoyens\/\" \/>\n<meta property=\"og:locale\" content=\"fr_FR\" \/>\n<meta property=\"og:type\" content=\"article\" \/>\n<meta property=\"og:title\" content=\"La r\u00e9forme des pensions est vot\u00e9e : le Service Pensions et l\u2019INASTI veulent accompagner au maximum les citoyens. - Peoplesphere\" \/>\n<meta property=\"og:description\" content=\"Durant l\u2019apr\u00e8s-midi du jeudi 4 avril, le parlement f\u00e9d\u00e9ral a approuv\u00e9 la r\u00e9forme des pensions. Ce vendredi, L\u2019INASTI et le Service Pensions ont expliqu\u00e9, en pr\u00e9sence de la ministre des Pensions et du ministre des Ind\u00e9pendants, comment ils appliqueront la [&hellip;]\" \/>\n<meta property=\"og:url\" content=\"https:\/\/peoplesphere.be\/fr\/la-reforme-des-pensions-est-votee-le-service-pensions-et-linasti-veulent-accompagner-au-maximum-les-citoyens\/\" \/>\n<meta property=\"og:site_name\" content=\"Peoplesphere\" \/>\n<meta property=\"article:publisher\" content=\"https:\/\/www.facebook.com\/peoplesphere\" \/>\n<meta property=\"article:published_time\" content=\"2024-04-05T15:56:21+00:00\" \/>\n<meta property=\"og:image\" content=\"http:\/\/www.peoplesphere.be\/fr\/wp-content\/uploads\/2016\/07\/facebook-default-posting-1200x628px.jpg\" \/>\n<meta name=\"author\" content=\"Jean-Paul Erhard\" \/>\n<meta name=\"twitter:card\" content=\"summary_large_image\" \/>\n<meta name=\"twitter:creator\" content=\"@PeoplesphereMag\" \/>\n<meta name=\"twitter:site\" content=\"@PeoplesphereMag\" \/>\n<meta name=\"twitter:label1\" content=\"\u00c9crit par\" \/>\n\t<meta name=\"twitter:data1\" content=\"Jean-Paul Erhard\" \/>\n\t<meta name=\"twitter:label2\" content=\"Dur\u00e9e de lecture estim\u00e9e\" \/>\n\t<meta name=\"twitter:data2\" content=\"6 minutes\" \/>\n<script type=\"application\/ld+json\" class=\"yoast-schema-graph\">{\"@context\":\"https:\/\/schema.org\",\"@graph\":[{\"@type\":\"Article\",\"@id\":\"https:\/\/peoplesphere.be\/fr\/la-reforme-des-pensions-est-votee-le-service-pensions-et-linasti-veulent-accompagner-au-maximum-les-citoyens\/#article\",\"isPartOf\":{\"@id\":\"https:\/\/peoplesphere.be\/fr\/la-reforme-des-pensions-est-votee-le-service-pensions-et-linasti-veulent-accompagner-au-maximum-les-citoyens\/\"},\"author\":{\"name\":\"Jean-Paul Erhard\",\"@id\":\"https:\/\/peoplesphere.be\/fr\/#\/schema\/person\/7976225ff17988604334abb7b3536a7e\"},\"headline\":\"La r\u00e9forme des pensions est vot\u00e9e : le Service Pensions et l\u2019INASTI veulent accompagner au maximum les citoyens.\",\"datePublished\":\"2024-04-05T15:56:21+00:00\",\"dateModified\":\"2024-04-05T15:56:21+00:00\",\"mainEntityOfPage\":{\"@id\":\"https:\/\/peoplesphere.be\/fr\/la-reforme-des-pensions-est-votee-le-service-pensions-et-linasti-veulent-accompagner-au-maximum-les-citoyens\/\"},\"wordCount\":1101,\"publisher\":{\"@id\":\"https:\/\/peoplesphere.be\/fr\/#organization\"},\"keywords\":[\"pouvoir d'achat\",\"r\u00e9forme des pensions\",\"retraites\"],\"articleSection\":[\"Actualit\u00e9s\",\"Digital\"],\"inLanguage\":\"fr-FR\"},{\"@type\":\"WebPage\",\"@id\":\"https:\/\/peoplesphere.be\/fr\/la-reforme-des-pensions-est-votee-le-service-pensions-et-linasti-veulent-accompagner-au-maximum-les-citoyens\/\",\"url\":\"https:\/\/peoplesphere.be\/fr\/la-reforme-des-pensions-est-votee-le-service-pensions-et-linasti-veulent-accompagner-au-maximum-les-citoyens\/\",\"name\":\"La r\u00e9forme des pensions est vot\u00e9e : le Service Pensions et l\u2019INASTI veulent accompagner au maximum les citoyens. - Peoplesphere\",\"isPartOf\":{\"@id\":\"https:\/\/peoplesphere.be\/fr\/#website\"},\"datePublished\":\"2024-04-05T15:56:21+00:00\",\"dateModified\":\"2024-04-05T15:56:21+00:00\",\"breadcrumb\":{\"@id\":\"https:\/\/peoplesphere.be\/fr\/la-reforme-des-pensions-est-votee-le-service-pensions-et-linasti-veulent-accompagner-au-maximum-les-citoyens\/#breadcrumb\"},\"inLanguage\":\"fr-FR\",\"potentialAction\":[{\"@type\":\"ReadAction\",\"target\":[\"https:\/\/peoplesphere.be\/fr\/la-reforme-des-pensions-est-votee-le-service-pensions-et-linasti-veulent-accompagner-au-maximum-les-citoyens\/\"]}]},{\"@type\":\"BreadcrumbList\",\"@id\":\"https:\/\/peoplesphere.be\/fr\/la-reforme-des-pensions-est-votee-le-service-pensions-et-linasti-veulent-accompagner-au-maximum-les-citoyens\/#breadcrumb\",\"itemListElement\":[{\"@type\":\"ListItem\",\"position\":1,\"name\":\"Accueil\",\"item\":\"https:\/\/peoplesphere.be\/fr\/\"},{\"@type\":\"ListItem\",\"position\":2,\"name\":\"La r\u00e9forme des pensions est vot\u00e9e : le Service Pensions et l\u2019INASTI veulent accompagner au maximum les citoyens.\"}]},{\"@type\":\"WebSite\",\"@id\":\"https:\/\/peoplesphere.be\/fr\/#website\",\"url\":\"https:\/\/peoplesphere.be\/fr\/\",\"name\":\"Peoplesphere\",\"description\":\"The People Managers Magazine\",\"publisher\":{\"@id\":\"https:\/\/peoplesphere.be\/fr\/#organization\"},\"potentialAction\":[{\"@type\":\"SearchAction\",\"target\":{\"@type\":\"EntryPoint\",\"urlTemplate\":\"https:\/\/peoplesphere.be\/fr\/?s={search_term_string}\"},\"query-input\":\"required name=search_term_string\"}],\"inLanguage\":\"fr-FR\"},{\"@type\":\"Organization\",\"@id\":\"https:\/\/peoplesphere.be\/fr\/#organization\",\"name\":\"Peoplesphere Company srl\",\"url\":\"https:\/\/peoplesphere.be\/fr\/\",\"logo\":{\"@type\":\"ImageObject\",\"inLanguage\":\"fr-FR\",\"@id\":\"https:\/\/peoplesphere.be\/fr\/#\/schema\/logo\/image\/\",\"url\":\"https:\/\/peoplesphere.be\/fr\/wp-content\/uploads\/2023\/07\/peoplesphere-lgo-new-generik.jpg\",\"contentUrl\":\"https:\/\/peoplesphere.be\/fr\/wp-content\/uploads\/2023\/07\/peoplesphere-lgo-new-generik.jpg\",\"width\":1031,\"height\":1479,\"caption\":\"Peoplesphere Company srl\"},\"image\":{\"@id\":\"https:\/\/peoplesphere.be\/fr\/#\/schema\/logo\/image\/\"},\"sameAs\":[\"https:\/\/www.facebook.com\/peoplesphere\",\"https:\/\/twitter.com\/PeoplesphereMag\",\"https:\/\/www.linkedin.com\/company\/7587361?trk\",\"http:\/\/youtube.com\/peoplesphere\"]},{\"@type\":\"Person\",\"@id\":\"https:\/\/peoplesphere.be\/fr\/#\/schema\/person\/7976225ff17988604334abb7b3536a7e\",\"name\":\"Jean-Paul Erhard\",\"image\":{\"@type\":\"ImageObject\",\"inLanguage\":\"fr-FR\",\"@id\":\"https:\/\/peoplesphere.be\/fr\/#\/schema\/person\/image\/\",\"url\":\"https:\/\/secure.gravatar.com\/avatar\/f941e681460179738071629a51574930?s=96&d=mm&r=g\",\"contentUrl\":\"https:\/\/secure.gravatar.com\/avatar\/f941e681460179738071629a51574930?s=96&d=mm&r=g\",\"caption\":\"Jean-Paul Erhard\"},\"url\":\"https:\/\/peoplesphere.be\/fr\/author\/jpe\/\"}]}<\/script>\n<!-- \/ Yoast SEO plugin. -->","yoast_head_json":{"title":"La r\u00e9forme des pensions est vot\u00e9e : le Service Pensions et l\u2019INASTI veulent accompagner au maximum les citoyens. - Peoplesphere","robots":{"index":"index","follow":"follow","max-snippet":"max-snippet:-1","max-image-preview":"max-image-preview:large","max-video-preview":"max-video-preview:-1"},"canonical":"https:\/\/peoplesphere.be\/fr\/la-reforme-des-pensions-est-votee-le-service-pensions-et-linasti-veulent-accompagner-au-maximum-les-citoyens\/","og_locale":"fr_FR","og_type":"article","og_title":"La r\u00e9forme des pensions est vot\u00e9e : le Service Pensions et l\u2019INASTI veulent accompagner au maximum les citoyens. - Peoplesphere","og_description":"Durant l\u2019apr\u00e8s-midi du jeudi 4 avril, le parlement f\u00e9d\u00e9ral a approuv\u00e9 la r\u00e9forme des pensions. Ce vendredi, L\u2019INASTI et le Service Pensions ont expliqu\u00e9, en pr\u00e9sence de la ministre des Pensions et du ministre des Ind\u00e9pendants, comment ils appliqueront la [&hellip;]","og_url":"https:\/\/peoplesphere.be\/fr\/la-reforme-des-pensions-est-votee-le-service-pensions-et-linasti-veulent-accompagner-au-maximum-les-citoyens\/","og_site_name":"Peoplesphere","article_publisher":"https:\/\/www.facebook.com\/peoplesphere","article_published_time":"2024-04-05T15:56:21+00:00","og_image":[{"url":"http:\/\/www.peoplesphere.be\/fr\/wp-content\/uploads\/2016\/07\/facebook-default-posting-1200x628px.jpg"}],"author":"Jean-Paul Erhard","twitter_card":"summary_large_image","twitter_creator":"@PeoplesphereMag","twitter_site":"@PeoplesphereMag","twitter_misc":{"\u00c9crit par":"Jean-Paul Erhard","Dur\u00e9e de lecture estim\u00e9e":"6 minutes"},"schema":{"@context":"https:\/\/schema.org","@graph":[{"@type":"Article","@id":"https:\/\/peoplesphere.be\/fr\/la-reforme-des-pensions-est-votee-le-service-pensions-et-linasti-veulent-accompagner-au-maximum-les-citoyens\/#article","isPartOf":{"@id":"https:\/\/peoplesphere.be\/fr\/la-reforme-des-pensions-est-votee-le-service-pensions-et-linasti-veulent-accompagner-au-maximum-les-citoyens\/"},"author":{"name":"Jean-Paul Erhard","@id":"https:\/\/peoplesphere.be\/fr\/#\/schema\/person\/7976225ff17988604334abb7b3536a7e"},"headline":"La r\u00e9forme des pensions est vot\u00e9e : le Service Pensions et l\u2019INASTI veulent accompagner au maximum les citoyens.","datePublished":"2024-04-05T15:56:21+00:00","dateModified":"2024-04-05T15:56:21+00:00","mainEntityOfPage":{"@id":"https:\/\/peoplesphere.be\/fr\/la-reforme-des-pensions-est-votee-le-service-pensions-et-linasti-veulent-accompagner-au-maximum-les-citoyens\/"},"wordCount":1101,"publisher":{"@id":"https:\/\/peoplesphere.be\/fr\/#organization"},"keywords":["pouvoir d'achat","r\u00e9forme des pensions","retraites"],"articleSection":["Actualit\u00e9s","Digital"],"inLanguage":"fr-FR"},{"@type":"WebPage","@id":"https:\/\/peoplesphere.be\/fr\/la-reforme-des-pensions-est-votee-le-service-pensions-et-linasti-veulent-accompagner-au-maximum-les-citoyens\/","url":"https:\/\/peoplesphere.be\/fr\/la-reforme-des-pensions-est-votee-le-service-pensions-et-linasti-veulent-accompagner-au-maximum-les-citoyens\/","name":"La r\u00e9forme des pensions est vot\u00e9e : le Service Pensions et l\u2019INASTI veulent accompagner au maximum les citoyens. - Peoplesphere","isPartOf":{"@id":"https:\/\/peoplesphere.be\/fr\/#website"},"datePublished":"2024-04-05T15:56:21+00:00","dateModified":"2024-04-05T15:56:21+00:00","breadcrumb":{"@id":"https:\/\/peoplesphere.be\/fr\/la-reforme-des-pensions-est-votee-le-service-pensions-et-linasti-veulent-accompagner-au-maximum-les-citoyens\/#breadcrumb"},"inLanguage":"fr-FR","potentialAction":[{"@type":"ReadAction","target":["https:\/\/peoplesphere.be\/fr\/la-reforme-des-pensions-est-votee-le-service-pensions-et-linasti-veulent-accompagner-au-maximum-les-citoyens\/"]}]},{"@type":"BreadcrumbList","@id":"https:\/\/peoplesphere.be\/fr\/la-reforme-des-pensions-est-votee-le-service-pensions-et-linasti-veulent-accompagner-au-maximum-les-citoyens\/#breadcrumb","itemListElement":[{"@type":"ListItem","position":1,"name":"Accueil","item":"https:\/\/peoplesphere.be\/fr\/"},{"@type":"ListItem","position":2,"name":"La r\u00e9forme des pensions est vot\u00e9e : le Service Pensions et l\u2019INASTI veulent accompagner au maximum les citoyens."}]},{"@type":"WebSite","@id":"https:\/\/peoplesphere.be\/fr\/#website","url":"https:\/\/peoplesphere.be\/fr\/","name":"Peoplesphere","description":"The People Managers Magazine","publisher":{"@id":"https:\/\/peoplesphere.be\/fr\/#organization"},"potentialAction":[{"@type":"SearchAction","target":{"@type":"EntryPoint","urlTemplate":"https:\/\/peoplesphere.be\/fr\/?s={search_term_string}"},"query-input":"required name=search_term_string"}],"inLanguage":"fr-FR"},{"@type":"Organization","@id":"https:\/\/peoplesphere.be\/fr\/#organization","name":"Peoplesphere Company srl","url":"https:\/\/peoplesphere.be\/fr\/","logo":{"@type":"ImageObject","inLanguage":"fr-FR","@id":"https:\/\/peoplesphere.be\/fr\/#\/schema\/logo\/image\/","url":"https:\/\/peoplesphere.be\/fr\/wp-content\/uploads\/2023\/07\/peoplesphere-lgo-new-generik.jpg","contentUrl":"https:\/\/peoplesphere.be\/fr\/wp-content\/uploads\/2023\/07\/peoplesphere-lgo-new-generik.jpg","width":1031,"height":1479,"caption":"Peoplesphere Company srl"},"image":{"@id":"https:\/\/peoplesphere.be\/fr\/#\/schema\/logo\/image\/"},"sameAs":["https:\/\/www.facebook.com\/peoplesphere","https:\/\/twitter.com\/PeoplesphereMag","https:\/\/www.linkedin.com\/company\/7587361?trk","http:\/\/youtube.com\/peoplesphere"]},{"@type":"Person","@id":"https:\/\/peoplesphere.be\/fr\/#\/schema\/person\/7976225ff17988604334abb7b3536a7e","name":"Jean-Paul Erhard","image":{"@type":"ImageObject","inLanguage":"fr-FR","@id":"https:\/\/peoplesphere.be\/fr\/#\/schema\/person\/image\/","url":"https:\/\/secure.gravatar.com\/avatar\/f941e681460179738071629a51574930?s=96&d=mm&r=g","contentUrl":"https:\/\/secure.gravatar.com\/avatar\/f941e681460179738071629a51574930?s=96&d=mm&r=g","caption":"Jean-Paul Erhard"},"url":"https:\/\/peoplesphere.be\/fr\/author\/jpe\/"}]}},"_links":{"self":[{"href":"https:\/\/peoplesphere.be\/fr\/wp-json\/wp\/v2\/posts\/15984"}],"collection":[{"href":"https:\/\/peoplesphere.be\/fr\/wp-json\/wp\/v2\/posts"}],"about":[{"href":"https:\/\/peoplesphere.be\/fr\/wp-json\/wp\/v2\/types\/post"}],"author":[{"embeddable":true,"href":"https:\/\/peoplesphere.be\/fr\/wp-json\/wp\/v2\/users\/2"}],"replies":[{"embeddable":true,"href":"https:\/\/peoplesphere.be\/fr\/wp-json\/wp\/v2\/comments?post=15984"}],"version-history":[{"count":1,"href":"https:\/\/peoplesphere.be\/fr\/wp-json\/wp\/v2\/posts\/15984\/revisions"}],"predecessor-version":[{"id":15985,"href":"https:\/\/peoplesphere.be\/fr\/wp-json\/wp\/v2\/posts\/15984\/revisions\/15985"}],"wp:attachment":[{"href":"https:\/\/peoplesphere.be\/fr\/wp-json\/wp\/v2\/media?parent=15984"}],"wp:term":[{"taxonomy":"category","embeddable":true,"href":"https:\/\/peoplesphere.be\/fr\/wp-json\/wp\/v2\/categories?post=15984"},{"taxonomy":"post_tag","embeddable":true,"href":"https:\/\/peoplesphere.be\/fr\/wp-json\/wp\/v2\/tags?post=15984"}],"curies":[{"name":"wp","href":"https:\/\/api.w.org\/{rel}","templated":true}]}}