









{"id":16001,"date":"2024-04-11T05:20:29","date_gmt":"2024-04-11T03:20:29","guid":{"rendered":"https:\/\/peoplesphere.be\/fr\/?p=16001"},"modified":"2024-04-11T05:20:29","modified_gmt":"2024-04-11T03:20:29","slug":"forte-augmentation-de-labsenteisme-le-nombre-dabsences-dun-jour-explose-dans-les-entreprises-ou-le-certificat-medical-a-ete-supprime","status":"publish","type":"post","link":"https:\/\/peoplesphere.be\/fr\/forte-augmentation-de-labsenteisme-le-nombre-dabsences-dun-jour-explose-dans-les-entreprises-ou-le-certificat-medical-a-ete-supprime\/","title":{"rendered":"Forte augmentation de l&rsquo;absent\u00e9isme: le nombre d&rsquo;absences d&rsquo;un jour explose dans les entreprises o\u00f9 le certificat m\u00e9dical a \u00e9t\u00e9 supprim\u00e9."},"content":{"rendered":"<p>Les absences d&rsquo;un jour dans les grandes entreprises (+50 travailleurs) en Belgique ont augment\u00e9 de pr\u00e8s de moiti\u00e9 (44,2%) l&rsquo;ann\u00e9e derni\u00e8re apr\u00e8s la suppression du certificat m\u00e9dical pour un jour d\u2019absence en raison de maladie. Dans les entreprises de moins de 50 travailleurs, on observe une augmentation significativement plus faible, de 15%. Dans les entreprises o\u00f9 le certificat m\u00e9dical a \u00e9t\u00e9 supprim\u00e9, les absences d&rsquo;un jour ont augment\u00e9 pratiquement trois fois plus que dans celles o\u00f9 le certificat m\u00e9dical n&rsquo;a pas \u00e9t\u00e9 supprim\u00e9. Les co\u00fbts li\u00e9s \u00e0 l&rsquo;absent\u00e9isme ont \u00e9galement augment\u00e9, mais de mani\u00e8re limit\u00e9e.<!--more--><\/p>\n<p>Depuis fin novembre 2022, les travailleurs des grandes entreprises (plus de 50 travailleurs) ne sont plus tenus de pr\u00e9senter un certificat m\u00e9dical s\u2019ils sont malades pour une seule journ\u00e9e. Cette nouvelle mesure n\u2019est pas applicable de mani\u00e8re illimit\u00e9e. En effet, cela concerne au maximum trois jours par an, et uniquement le premier jour d\u2019une p\u00e9riode d\u2019absence. \u200b Les entreprises de moins de 50 travailleurs peuvent toujours demander \u00e0 leurs travailleurs de pr\u00e9senter un certificat m\u00e9dical pour un jour d&rsquo;absence.<\/p>\n<h3><strong><em>Les travailleurs s\u2019absentent plus fr\u00e9quemment que jamais<\/em><\/strong><\/h3>\n<p>L\u2019\u00e9tude de Securex montre que cette nouvelle r\u00e8glementation a eu un effet significatif au travail. L\u2019absent\u00e9isme fr\u00e9quent, qui correspond au pourcentage de travailleurs ayant trois arr\u00eats maladie ou plus par an, a particuli\u00e8rement augment\u00e9. Le pourcentage de travailleurs fr\u00e9quemment absents a \u00e9t\u00e9 significativement plus \u00e9lev\u00e9 (+2,2%) en 2023 qu\u2019en 2022 tandis que le pourcentage g\u00e9n\u00e9ral de travailleurs ayant des jours d\u2019absences a connu une diminution significative (-3,3%).<\/p>\n<p>Jamais autant de travailleurs n\u2019ont \u00e9t\u00e9 fr\u00e9quemment absents sur leur lieu de travail pour cause de maladie (16,01%). En effet, la suppression du certificat m\u00e9dical a entrain\u00e9 une augmentation significative de l\u2019absent\u00e9isme fr\u00e9quent dans les entreprises de plus de 50 travailleurs. Le pourcentage de travailleurs se signalant malades trois fois ou plus au cours d&rsquo;une ann\u00e9e y a augment\u00e9 de 5,74% (passant de 20,91% en 2022 \u00e0 22,11% en 2023). Dans les entreprises de moins de 50 travailleurs, on observe le mouvement inverse. Il y a eu une baisse significative de 3,88% (passant de 11,61% en 2022 \u00e0 11,16% en 2023).<\/p>\n<h3><strong><em>Les co\u00fbts li\u00e9s \u00e0 l\u2019absent\u00e9isme ont \u00e9galement augment\u00e9, mais de mani\u00e8re limit\u00e9e<\/em><\/strong><\/h3>\n<p>Heidi Verlinden, research project manager chez Securex, explique : \u00ab\u00a0<em>La suppression du certificat m\u00e9dical n&rsquo;a eu aucun impact sur les co\u00fbts des employeurs au cours de la premi\u00e8re moiti\u00e9 de 2023, mais cela semble avoir maintenant chang\u00e9. L\u2019augmentation de ces co\u00fbts est principalement due \u00e0 l&rsquo;augmentation des co\u00fbts indirects support\u00e9s par les employeurs au d\u00e9but de chaque absence, qu&rsquo;elle soit de courte ou de longue dur\u00e9e. Par exemple, il faut prendre en compte le temps n\u00e9cessaire \u00e0 l\u2019administration pour r\u00e9organiser le flux de travail de la personne absente. Des co\u00fbts peuvent \u00e9galement survenir en raison d&rsquo;erreurs commises par des coll\u00e8gues qui doivent prendre le relais. Plusieurs absences de courte dur\u00e9e ont un impact plus fort qu&rsquo;une seule absence de longue dur\u00e9e.\u00a0\u00bb<\/em><\/p>\n<h3><strong><em>En moyenne, les travailleurs se d\u00e9clarent malades 1,30 fois<\/em><\/strong><\/h3>\n<p>La fr\u00e9quence g\u00e9n\u00e9rale des maladies est rest\u00e9e pratiquement stable : en 2023, les travailleurs se sont d\u00e9clar\u00e9s en moyenne absents 1,30 fois en raison de maladie, contre 1,31 fois en 2022. Cependant l&rsquo;analyse de Securex r\u00e9v\u00e8le une diff\u00e9rence significative entre les grandes et les petites entreprises. En 2023, le nombre de d\u00e9clarations de maladie par travailleur a augment\u00e9 de mani\u00e8re significative de 1,87% dans les entreprises de plus de 50 travailleurs, tandis qu\u2019il a diminu\u00e9 de mani\u00e8re significative de 4,59% dans les entreprises de moins de 50 travailleurs.<\/p>\n<h3><strong><em>Etablir un dialogue avec leurs travailleurs et \u00e0 leur apporter un soutien optimal.<\/em><\/strong><\/h3>\n<p>Elisabeth Etter, Senior Consultant Absent\u00e9isme chez Securex, souligne l\u2019importance de la proactivit\u00e9 : \u00ab\u00a0<em>En tant qu&#8217;employeur, il est essentiel de d\u00e9tecter les signaux et de prendre des mesures en collaboration avec le travailleur avant qu&rsquo;il ne soit trop tard. Par exemple, si vous constatez qu&rsquo;un travailleur est fatigu\u00e9 ou commet des erreurs, engagez la conversation et essayez de trouver ensemble une solution afin de pr\u00e9venir autant que possible l&rsquo;absence li\u00e9e \u00e0 la maladie. Il est \u00e9galement important d\u2019impliquer le reste de l&rsquo;\u00e9quipe afin que les coll\u00e8gues puissent r\u00e9fl\u00e9chir collectivement aux mesures possibles.\u00a0\u00bb<\/em><\/p>\n<p>Apr\u00e8s une importante augmentation du pourcentage de maladies de courte dur\u00e9e (jusqu\u2019\u00e0 un mois) en 2022, d\u00e9passant largement les niveaux d\u2019avant la pand\u00e9mie (+21,6%), ce pourcentage a diminu\u00e9 de 5,2% en 2023 (passant de 2,70% en 2022 \u00e0 2,56% en 2023). Le pourcentage de maladies de dur\u00e9e moyenne (d\u2019un mois \u00e0 un an) et le pourcentage total de maladies \u00e9taient historiquement \u00e9lev\u00e9 en 2023, atteignant respectivement 2,39% et 8,21%. Le pourcentage de maladies de longue dur\u00e9e (plus d\u2019un an) \u00e9tait de 3,27% en 2023.<\/p>\n<p>&nbsp;<\/p>\n<p><em>Source: Securex &#8211; les donn\u00e9es de cette \u00e9tude sont bas\u00e9es sur les enregistrements des employeurs et s&rsquo;appliquent \u00e0 un travailleur moyen dans les entreprises comptant jusqu&rsquo;\u00e0 1 000 travailleurs dans le secteur priv\u00e9 belge. En 2023, l&rsquo;\u00e9chantillon comprenait 23 688 employeurs et 197 477 travailleurs. Les travailleurs de l&rsquo;\u00e9chantillon ont un contrat d&rsquo;au moins 30 jours, avec au moins une journ\u00e9e pendant la p\u00e9riode \u00e9tudi\u00e9e. L&rsquo;\u00e9chantillon refl\u00e8te le march\u00e9 du travail belge en ce qui concerne le statut, le sexe, l&rsquo;\u00e2ge, le r\u00e9gime de travail, la r\u00e9gion et la taille des entreprises comptant jusqu&rsquo;\u00e0 1 000 travailleurs. Cependant, il est moins repr\u00e9sentatif au niveau r\u00e9gional. C&rsquo;est pourquoi Securex ajuste les chiffres de l&rsquo;absent\u00e9isme en utilisant un facteur de pond\u00e9ration sp\u00e9cifique \u00e0 chaque province.<\/em><\/p>\n","protected":false},"excerpt":{"rendered":"<p>Les absences d&rsquo;un jour dans les grandes entreprises (+50 travailleurs) en Belgique ont augment\u00e9 de pr\u00e8s de moiti\u00e9 (44,2%) l&rsquo;ann\u00e9e derni\u00e8re apr\u00e8s la suppression du certificat m\u00e9dical pour un jour d\u2019absence en raison de maladie. Dans les entreprises de moins [&hellip;]<\/p>\n","protected":false},"author":2,"featured_media":16002,"comment_status":"closed","ping_status":"open","sticky":false,"template":"","format":"standard","meta":[],"categories":[65,10],"tags":[145,239,3684,16],"yoast_head":"<!-- This site is optimized with the Yoast SEO plugin v21.0 - https:\/\/yoast.com\/wordpress\/plugins\/seo\/ -->\n<title>Forte augmentation de l&#039;absent\u00e9isme: le nombre d&#039;absences d&#039;un jour explose dans les entreprises o\u00f9 le certificat m\u00e9dical a \u00e9t\u00e9 supprim\u00e9. - Peoplesphere<\/title>\n<meta name=\"robots\" content=\"index, follow, max-snippet:-1, max-image-preview:large, max-video-preview:-1\" \/>\n<link rel=\"canonical\" href=\"https:\/\/peoplesphere.be\/fr\/forte-augmentation-de-labsenteisme-le-nombre-dabsences-dun-jour-explose-dans-les-entreprises-ou-le-certificat-medical-a-ete-supprime\/\" \/>\n<meta property=\"og:locale\" content=\"fr_FR\" \/>\n<meta property=\"og:type\" content=\"article\" \/>\n<meta property=\"og:title\" content=\"Forte augmentation de l&#039;absent\u00e9isme: le nombre d&#039;absences d&#039;un jour explose dans les entreprises o\u00f9 le certificat m\u00e9dical a \u00e9t\u00e9 supprim\u00e9. - Peoplesphere\" \/>\n<meta property=\"og:description\" content=\"Les absences d&rsquo;un jour dans les grandes entreprises (+50 travailleurs) en Belgique ont augment\u00e9 de pr\u00e8s de moiti\u00e9 (44,2%) l&rsquo;ann\u00e9e derni\u00e8re apr\u00e8s la suppression du certificat m\u00e9dical pour un jour d\u2019absence en raison de maladie. Dans les entreprises de moins [&hellip;]\" \/>\n<meta property=\"og:url\" content=\"https:\/\/peoplesphere.be\/fr\/forte-augmentation-de-labsenteisme-le-nombre-dabsences-dun-jour-explose-dans-les-entreprises-ou-le-certificat-medical-a-ete-supprime\/\" \/>\n<meta property=\"og:site_name\" content=\"Peoplesphere\" \/>\n<meta property=\"article:publisher\" content=\"https:\/\/www.facebook.com\/peoplesphere\" \/>\n<meta property=\"article:published_time\" content=\"2024-04-11T03:20:29+00:00\" \/>\n<meta property=\"og:image\" content=\"https:\/\/peoplesphere.be\/fr\/wp-content\/uploads\/2024\/04\/20240411absenteisme.jpg\" \/>\n\t<meta property=\"og:image:width\" content=\"1141\" \/>\n\t<meta property=\"og:image:height\" content=\"568\" \/>\n\t<meta property=\"og:image:type\" content=\"image\/jpeg\" \/>\n<meta name=\"author\" content=\"Jean-Paul Erhard\" \/>\n<meta name=\"twitter:card\" content=\"summary_large_image\" \/>\n<meta name=\"twitter:creator\" content=\"@PeoplesphereMag\" \/>\n<meta name=\"twitter:site\" content=\"@PeoplesphereMag\" \/>\n<meta name=\"twitter:label1\" content=\"\u00c9crit par\" \/>\n\t<meta name=\"twitter:data1\" content=\"Jean-Paul Erhard\" \/>\n\t<meta name=\"twitter:label2\" content=\"Dur\u00e9e de lecture estim\u00e9e\" \/>\n\t<meta name=\"twitter:data2\" content=\"5 minutes\" \/>\n<script type=\"application\/ld+json\" class=\"yoast-schema-graph\">{\"@context\":\"https:\/\/schema.org\",\"@graph\":[{\"@type\":\"Article\",\"@id\":\"https:\/\/peoplesphere.be\/fr\/forte-augmentation-de-labsenteisme-le-nombre-dabsences-dun-jour-explose-dans-les-entreprises-ou-le-certificat-medical-a-ete-supprime\/#article\",\"isPartOf\":{\"@id\":\"https:\/\/peoplesphere.be\/fr\/forte-augmentation-de-labsenteisme-le-nombre-dabsences-dun-jour-explose-dans-les-entreprises-ou-le-certificat-medical-a-ete-supprime\/\"},\"author\":{\"name\":\"Jean-Paul Erhard\",\"@id\":\"https:\/\/peoplesphere.be\/fr\/#\/schema\/person\/7976225ff17988604334abb7b3536a7e\"},\"headline\":\"Forte augmentation de l&rsquo;absent\u00e9isme: le nombre d&rsquo;absences d&rsquo;un jour explose dans les entreprises o\u00f9 le certificat m\u00e9dical a \u00e9t\u00e9 supprim\u00e9.\",\"datePublished\":\"2024-04-11T03:20:29+00:00\",\"dateModified\":\"2024-04-11T03:20:29+00:00\",\"mainEntityOfPage\":{\"@id\":\"https:\/\/peoplesphere.be\/fr\/forte-augmentation-de-labsenteisme-le-nombre-dabsences-dun-jour-explose-dans-les-entreprises-ou-le-certificat-medical-a-ete-supprime\/\"},\"wordCount\":958,\"publisher\":{\"@id\":\"https:\/\/peoplesphere.be\/fr\/#organization\"},\"keywords\":[\"absent\u00e9isme\",\"certificat m\u00e9dical\",\"co\u00fbts du personnel\",\"Maladie\"],\"articleSection\":[\"Actualit\u00e9s\",\"Digital\"],\"inLanguage\":\"fr-FR\"},{\"@type\":\"WebPage\",\"@id\":\"https:\/\/peoplesphere.be\/fr\/forte-augmentation-de-labsenteisme-le-nombre-dabsences-dun-jour-explose-dans-les-entreprises-ou-le-certificat-medical-a-ete-supprime\/\",\"url\":\"https:\/\/peoplesphere.be\/fr\/forte-augmentation-de-labsenteisme-le-nombre-dabsences-dun-jour-explose-dans-les-entreprises-ou-le-certificat-medical-a-ete-supprime\/\",\"name\":\"Forte augmentation de l'absent\u00e9isme: le nombre d'absences d'un jour explose dans les entreprises o\u00f9 le certificat m\u00e9dical a \u00e9t\u00e9 supprim\u00e9. - Peoplesphere\",\"isPartOf\":{\"@id\":\"https:\/\/peoplesphere.be\/fr\/#website\"},\"datePublished\":\"2024-04-11T03:20:29+00:00\",\"dateModified\":\"2024-04-11T03:20:29+00:00\",\"breadcrumb\":{\"@id\":\"https:\/\/peoplesphere.be\/fr\/forte-augmentation-de-labsenteisme-le-nombre-dabsences-dun-jour-explose-dans-les-entreprises-ou-le-certificat-medical-a-ete-supprime\/#breadcrumb\"},\"inLanguage\":\"fr-FR\",\"potentialAction\":[{\"@type\":\"ReadAction\",\"target\":[\"https:\/\/peoplesphere.be\/fr\/forte-augmentation-de-labsenteisme-le-nombre-dabsences-dun-jour-explose-dans-les-entreprises-ou-le-certificat-medical-a-ete-supprime\/\"]}]},{\"@type\":\"BreadcrumbList\",\"@id\":\"https:\/\/peoplesphere.be\/fr\/forte-augmentation-de-labsenteisme-le-nombre-dabsences-dun-jour-explose-dans-les-entreprises-ou-le-certificat-medical-a-ete-supprime\/#breadcrumb\",\"itemListElement\":[{\"@type\":\"ListItem\",\"position\":1,\"name\":\"Accueil\",\"item\":\"https:\/\/peoplesphere.be\/fr\/\"},{\"@type\":\"ListItem\",\"position\":2,\"name\":\"Forte augmentation de l&rsquo;absent\u00e9isme: le nombre d&rsquo;absences d&rsquo;un jour explose dans les entreprises o\u00f9 le certificat m\u00e9dical a \u00e9t\u00e9 supprim\u00e9.\"}]},{\"@type\":\"WebSite\",\"@id\":\"https:\/\/peoplesphere.be\/fr\/#website\",\"url\":\"https:\/\/peoplesphere.be\/fr\/\",\"name\":\"Peoplesphere\",\"description\":\"The People Managers Magazine\",\"publisher\":{\"@id\":\"https:\/\/peoplesphere.be\/fr\/#organization\"},\"potentialAction\":[{\"@type\":\"SearchAction\",\"target\":{\"@type\":\"EntryPoint\",\"urlTemplate\":\"https:\/\/peoplesphere.be\/fr\/?s={search_term_string}\"},\"query-input\":\"required name=search_term_string\"}],\"inLanguage\":\"fr-FR\"},{\"@type\":\"Organization\",\"@id\":\"https:\/\/peoplesphere.be\/fr\/#organization\",\"name\":\"Peoplesphere Company srl\",\"url\":\"https:\/\/peoplesphere.be\/fr\/\",\"logo\":{\"@type\":\"ImageObject\",\"inLanguage\":\"fr-FR\",\"@id\":\"https:\/\/peoplesphere.be\/fr\/#\/schema\/logo\/image\/\",\"url\":\"https:\/\/peoplesphere.be\/fr\/wp-content\/uploads\/2023\/07\/peoplesphere-lgo-new-generik.jpg\",\"contentUrl\":\"https:\/\/peoplesphere.be\/fr\/wp-content\/uploads\/2023\/07\/peoplesphere-lgo-new-generik.jpg\",\"width\":1031,\"height\":1479,\"caption\":\"Peoplesphere Company srl\"},\"image\":{\"@id\":\"https:\/\/peoplesphere.be\/fr\/#\/schema\/logo\/image\/\"},\"sameAs\":[\"https:\/\/www.facebook.com\/peoplesphere\",\"https:\/\/twitter.com\/PeoplesphereMag\",\"https:\/\/www.linkedin.com\/company\/7587361?trk\",\"http:\/\/youtube.com\/peoplesphere\"]},{\"@type\":\"Person\",\"@id\":\"https:\/\/peoplesphere.be\/fr\/#\/schema\/person\/7976225ff17988604334abb7b3536a7e\",\"name\":\"Jean-Paul Erhard\",\"image\":{\"@type\":\"ImageObject\",\"inLanguage\":\"fr-FR\",\"@id\":\"https:\/\/peoplesphere.be\/fr\/#\/schema\/person\/image\/\",\"url\":\"https:\/\/secure.gravatar.com\/avatar\/f941e681460179738071629a51574930?s=96&d=mm&r=g\",\"contentUrl\":\"https:\/\/secure.gravatar.com\/avatar\/f941e681460179738071629a51574930?s=96&d=mm&r=g\",\"caption\":\"Jean-Paul Erhard\"},\"url\":\"https:\/\/peoplesphere.be\/fr\/author\/jpe\/\"}]}<\/script>\n<!-- \/ Yoast SEO plugin. -->","yoast_head_json":{"title":"Forte augmentation de l'absent\u00e9isme: le nombre d'absences d'un jour explose dans les entreprises o\u00f9 le certificat m\u00e9dical a \u00e9t\u00e9 supprim\u00e9. - Peoplesphere","robots":{"index":"index","follow":"follow","max-snippet":"max-snippet:-1","max-image-preview":"max-image-preview:large","max-video-preview":"max-video-preview:-1"},"canonical":"https:\/\/peoplesphere.be\/fr\/forte-augmentation-de-labsenteisme-le-nombre-dabsences-dun-jour-explose-dans-les-entreprises-ou-le-certificat-medical-a-ete-supprime\/","og_locale":"fr_FR","og_type":"article","og_title":"Forte augmentation de l'absent\u00e9isme: le nombre d'absences d'un jour explose dans les entreprises o\u00f9 le certificat m\u00e9dical a \u00e9t\u00e9 supprim\u00e9. - Peoplesphere","og_description":"Les absences d&rsquo;un jour dans les grandes entreprises (+50 travailleurs) en Belgique ont augment\u00e9 de pr\u00e8s de moiti\u00e9 (44,2%) l&rsquo;ann\u00e9e derni\u00e8re apr\u00e8s la suppression du certificat m\u00e9dical pour un jour d\u2019absence en raison de maladie. Dans les entreprises de moins [&hellip;]","og_url":"https:\/\/peoplesphere.be\/fr\/forte-augmentation-de-labsenteisme-le-nombre-dabsences-dun-jour-explose-dans-les-entreprises-ou-le-certificat-medical-a-ete-supprime\/","og_site_name":"Peoplesphere","article_publisher":"https:\/\/www.facebook.com\/peoplesphere","article_published_time":"2024-04-11T03:20:29+00:00","og_image":[{"width":1141,"height":568,"url":"https:\/\/peoplesphere.be\/fr\/wp-content\/uploads\/2024\/04\/20240411absenteisme.jpg","type":"image\/jpeg"}],"author":"Jean-Paul Erhard","twitter_card":"summary_large_image","twitter_creator":"@PeoplesphereMag","twitter_site":"@PeoplesphereMag","twitter_misc":{"\u00c9crit par":"Jean-Paul Erhard","Dur\u00e9e de lecture estim\u00e9e":"5 minutes"},"schema":{"@context":"https:\/\/schema.org","@graph":[{"@type":"Article","@id":"https:\/\/peoplesphere.be\/fr\/forte-augmentation-de-labsenteisme-le-nombre-dabsences-dun-jour-explose-dans-les-entreprises-ou-le-certificat-medical-a-ete-supprime\/#article","isPartOf":{"@id":"https:\/\/peoplesphere.be\/fr\/forte-augmentation-de-labsenteisme-le-nombre-dabsences-dun-jour-explose-dans-les-entreprises-ou-le-certificat-medical-a-ete-supprime\/"},"author":{"name":"Jean-Paul Erhard","@id":"https:\/\/peoplesphere.be\/fr\/#\/schema\/person\/7976225ff17988604334abb7b3536a7e"},"headline":"Forte augmentation de l&rsquo;absent\u00e9isme: le nombre d&rsquo;absences d&rsquo;un jour explose dans les entreprises o\u00f9 le certificat m\u00e9dical a \u00e9t\u00e9 supprim\u00e9.","datePublished":"2024-04-11T03:20:29+00:00","dateModified":"2024-04-11T03:20:29+00:00","mainEntityOfPage":{"@id":"https:\/\/peoplesphere.be\/fr\/forte-augmentation-de-labsenteisme-le-nombre-dabsences-dun-jour-explose-dans-les-entreprises-ou-le-certificat-medical-a-ete-supprime\/"},"wordCount":958,"publisher":{"@id":"https:\/\/peoplesphere.be\/fr\/#organization"},"keywords":["absent\u00e9isme","certificat m\u00e9dical","co\u00fbts du personnel","Maladie"],"articleSection":["Actualit\u00e9s","Digital"],"inLanguage":"fr-FR"},{"@type":"WebPage","@id":"https:\/\/peoplesphere.be\/fr\/forte-augmentation-de-labsenteisme-le-nombre-dabsences-dun-jour-explose-dans-les-entreprises-ou-le-certificat-medical-a-ete-supprime\/","url":"https:\/\/peoplesphere.be\/fr\/forte-augmentation-de-labsenteisme-le-nombre-dabsences-dun-jour-explose-dans-les-entreprises-ou-le-certificat-medical-a-ete-supprime\/","name":"Forte augmentation de l'absent\u00e9isme: le nombre d'absences d'un jour explose dans les entreprises o\u00f9 le certificat m\u00e9dical a \u00e9t\u00e9 supprim\u00e9. - Peoplesphere","isPartOf":{"@id":"https:\/\/peoplesphere.be\/fr\/#website"},"datePublished":"2024-04-11T03:20:29+00:00","dateModified":"2024-04-11T03:20:29+00:00","breadcrumb":{"@id":"https:\/\/peoplesphere.be\/fr\/forte-augmentation-de-labsenteisme-le-nombre-dabsences-dun-jour-explose-dans-les-entreprises-ou-le-certificat-medical-a-ete-supprime\/#breadcrumb"},"inLanguage":"fr-FR","potentialAction":[{"@type":"ReadAction","target":["https:\/\/peoplesphere.be\/fr\/forte-augmentation-de-labsenteisme-le-nombre-dabsences-dun-jour-explose-dans-les-entreprises-ou-le-certificat-medical-a-ete-supprime\/"]}]},{"@type":"BreadcrumbList","@id":"https:\/\/peoplesphere.be\/fr\/forte-augmentation-de-labsenteisme-le-nombre-dabsences-dun-jour-explose-dans-les-entreprises-ou-le-certificat-medical-a-ete-supprime\/#breadcrumb","itemListElement":[{"@type":"ListItem","position":1,"name":"Accueil","item":"https:\/\/peoplesphere.be\/fr\/"},{"@type":"ListItem","position":2,"name":"Forte augmentation de l&rsquo;absent\u00e9isme: le nombre d&rsquo;absences d&rsquo;un jour explose dans les entreprises o\u00f9 le certificat m\u00e9dical a \u00e9t\u00e9 supprim\u00e9."}]},{"@type":"WebSite","@id":"https:\/\/peoplesphere.be\/fr\/#website","url":"https:\/\/peoplesphere.be\/fr\/","name":"Peoplesphere","description":"The People Managers Magazine","publisher":{"@id":"https:\/\/peoplesphere.be\/fr\/#organization"},"potentialAction":[{"@type":"SearchAction","target":{"@type":"EntryPoint","urlTemplate":"https:\/\/peoplesphere.be\/fr\/?s={search_term_string}"},"query-input":"required name=search_term_string"}],"inLanguage":"fr-FR"},{"@type":"Organization","@id":"https:\/\/peoplesphere.be\/fr\/#organization","name":"Peoplesphere Company srl","url":"https:\/\/peoplesphere.be\/fr\/","logo":{"@type":"ImageObject","inLanguage":"fr-FR","@id":"https:\/\/peoplesphere.be\/fr\/#\/schema\/logo\/image\/","url":"https:\/\/peoplesphere.be\/fr\/wp-content\/uploads\/2023\/07\/peoplesphere-lgo-new-generik.jpg","contentUrl":"https:\/\/peoplesphere.be\/fr\/wp-content\/uploads\/2023\/07\/peoplesphere-lgo-new-generik.jpg","width":1031,"height":1479,"caption":"Peoplesphere Company srl"},"image":{"@id":"https:\/\/peoplesphere.be\/fr\/#\/schema\/logo\/image\/"},"sameAs":["https:\/\/www.facebook.com\/peoplesphere","https:\/\/twitter.com\/PeoplesphereMag","https:\/\/www.linkedin.com\/company\/7587361?trk","http:\/\/youtube.com\/peoplesphere"]},{"@type":"Person","@id":"https:\/\/peoplesphere.be\/fr\/#\/schema\/person\/7976225ff17988604334abb7b3536a7e","name":"Jean-Paul Erhard","image":{"@type":"ImageObject","inLanguage":"fr-FR","@id":"https:\/\/peoplesphere.be\/fr\/#\/schema\/person\/image\/","url":"https:\/\/secure.gravatar.com\/avatar\/f941e681460179738071629a51574930?s=96&d=mm&r=g","contentUrl":"https:\/\/secure.gravatar.com\/avatar\/f941e681460179738071629a51574930?s=96&d=mm&r=g","caption":"Jean-Paul Erhard"},"url":"https:\/\/peoplesphere.be\/fr\/author\/jpe\/"}]}},"_links":{"self":[{"href":"https:\/\/peoplesphere.be\/fr\/wp-json\/wp\/v2\/posts\/16001"}],"collection":[{"href":"https:\/\/peoplesphere.be\/fr\/wp-json\/wp\/v2\/posts"}],"about":[{"href":"https:\/\/peoplesphere.be\/fr\/wp-json\/wp\/v2\/types\/post"}],"author":[{"embeddable":true,"href":"https:\/\/peoplesphere.be\/fr\/wp-json\/wp\/v2\/users\/2"}],"replies":[{"embeddable":true,"href":"https:\/\/peoplesphere.be\/fr\/wp-json\/wp\/v2\/comments?post=16001"}],"version-history":[{"count":1,"href":"https:\/\/peoplesphere.be\/fr\/wp-json\/wp\/v2\/posts\/16001\/revisions"}],"predecessor-version":[{"id":16003,"href":"https:\/\/peoplesphere.be\/fr\/wp-json\/wp\/v2\/posts\/16001\/revisions\/16003"}],"wp:featuredmedia":[{"embeddable":true,"href":"https:\/\/peoplesphere.be\/fr\/wp-json\/wp\/v2\/media\/16002"}],"wp:attachment":[{"href":"https:\/\/peoplesphere.be\/fr\/wp-json\/wp\/v2\/media?parent=16001"}],"wp:term":[{"taxonomy":"category","embeddable":true,"href":"https:\/\/peoplesphere.be\/fr\/wp-json\/wp\/v2\/categories?post=16001"},{"taxonomy":"post_tag","embeddable":true,"href":"https:\/\/peoplesphere.be\/fr\/wp-json\/wp\/v2\/tags?post=16001"}],"curies":[{"name":"wp","href":"https:\/\/api.w.org\/{rel}","templated":true}]}}