









{"id":16004,"date":"2024-04-11T08:17:30","date_gmt":"2024-04-11T06:17:30","guid":{"rendered":"https:\/\/peoplesphere.be\/fr\/?p=16004"},"modified":"2024-04-11T08:17:30","modified_gmt":"2024-04-11T06:17:30","slug":"augmentation-du-chomage-temporaire-pour-raisons-economiques-un-employeur-sur-dix-y-a-desormais-recours","status":"publish","type":"post","link":"https:\/\/peoplesphere.be\/fr\/augmentation-du-chomage-temporaire-pour-raisons-economiques-un-employeur-sur-dix-y-a-desormais-recours\/","title":{"rendered":"Augmentation du ch\u00f4mage temporaire pour raisons \u00e9conomiques: un employeur sur dix y a d\u00e9sormais recours."},"content":{"rendered":"<p>SD Worx met en garde contre une augmentation du ch\u00f4mage temporaire pour raisons \u00e9conomiques chez les employ\u00e9s. C&rsquo;est le cas, par exemple, de la plus grande commission paritaire, qui compte environ 500.000 employ\u00e9s (CP200), mais aussi dans l&rsquo;industrie manufacturi\u00e8re. En r\u00e8gle g\u00e9n\u00e9rale, ce sont surtout les secteurs comptant des ouvriers qui ont recours au ch\u00f4mage temporaire lorsqu&rsquo;il n&rsquo;y a pas assez de travail. En 2023, un ouvrier sur cinq \u00e9tait au ch\u00f4mage temporaire, un record.<!--more--><\/p>\n<p>Par ailleurs, la part des employeurs concern\u00e9s par le ch\u00f4mage temporaire continue d&rsquo;augmenter pour atteindre un employeur sur dix (10%). Pour les trois premiers mois de 2024, il s&rsquo;agit de 6% des employeurs et de 13% des ouvriers. Le nombre moyen de jours a \u00e9galement augment\u00e9 de mani\u00e8re significative pour atteindre 15 jours par an en 2023.<\/p>\n<h3><strong><em>Un employeur sur dix fait appel au ch\u00f4mage temporaire<\/em><\/strong><\/h3>\n<p>Apr\u00e8s le premier trimestre 2024, SD Worx compte d\u00e9j\u00e0 6% de tous les employeurs d\u00e9clarant du ch\u00f4mage temporaire. Cela nous place au m\u00eame niveau, apr\u00e8s seulement trois mois, que le chiffre annuel pr\u00e9-corona, en 2018 et 2019, lorsque le chiffre global est rest\u00e9 aux alentours de six \u00e0 sept pour cent d&rsquo;une ann\u00e9e \u00e0 l&rsquo;autre. En 2020, SD Worx a constat\u00e9 un quasi-doublement (13%) et en 2021, une chute importante \u00e0 seulement 5% des employeurs. Ces chiffres ne tiennent pas compte du \u00ab\u00a0ch\u00f4mage temporaire pour cause de force majeure due \u00e0 la pand\u00e9mie du coronavirus et \u00e0 la guerre en Ukraine\u00a0\u00bb. En 2023, la part des employeurs a continu\u00e9 d\u2019augmenter pour atteindre un employeur sur dix (10%).<\/p>\n<p>Plus l&rsquo;entreprise est grande, plus le ch\u00f4mage temporaire est probable. La moiti\u00e9 des employeurs de plus de 500 salari\u00e9s y ont eu recours en 2023. Pour les PME de moins de 20 salari\u00e9s, il est limit\u00e9 \u00e0 6% ; pour celles de moins de 50 salari\u00e9s, il est de 16%.<\/p>\n<p>La plupart des employeurs se trouvent en r\u00e9gion flamande (72%), mais si l&rsquo;on tient compte du nombre d&#8217;employeurs par r\u00e9gion, 14% des employeurs wallons y font appel, contre 10% des employeurs flamands et 5% des employeurs bruxellois.<\/p>\n<h3><strong><em>Tampon temporaire pour les secteurs employant des ouvriers<\/em><\/strong><\/h3>\n<p>Le secteur joue un r\u00f4le important. <em>\u00ab\u00a0Ce sont principalement les secteurs employant des ouvriers qui \u00e9voquent le ch\u00f4mage temporaire pour des raisons \u00e9conomiques. Pour les ouvriers, cela signifie qu&rsquo;un ouvrier sur cinq \u00e9tait temporairement au ch\u00f4mage pour raisons \u00e9conomiques en 2023. Il s&rsquo;agit du chiffre le plus \u00e9lev\u00e9 des cinq derni\u00e8res ann\u00e9es. Cela peut temporairement servir de tampon de flexibilit\u00e9 pour \u00e9viter de devoir licencier des travailleurs\u00a0\u00bb,<\/em> indique Val\u00e9rie t&rsquo;Serstevens, Legal HR Managing Consultant chez SD Worx.<\/p>\n<p>94% des cas concernent des ouvriers ; pr\u00e8s d&rsquo;un ouvrier sur cinq y a \u00e9t\u00e9 confront\u00e9 en 2023. Apr\u00e8s les trois premiers mois de 2024, plus d&rsquo;un ouvrier sur dix (12%) conna\u00eet d\u00e9j\u00e0 le ch\u00f4mage temporaire moins un jour.<\/p>\n<h3><strong><em>Dans quels secteurs et pour quelles raisons ?<\/em><\/strong><\/h3>\n<p>Le secteur des travaux de construction sp\u00e9cialis\u00e9s est celui qui y fait le plus appel avec un quart (24 %) de tous les employeurs, mais si l&rsquo;on tient compte du nombre d&#8217;employeurs dans chaque secteur, les secteurs ci-dessous ont relativement plus recours au ch\u00f4mage temporaire (chiffres de 2023). En moyenne, il s\u2019agit de 15 jours par an en 2023, une augmentation significative (de 50 %), puisqu&rsquo;elle oscillait autour de 10 jours par an ces deux derni\u00e8res ann\u00e9es.<br \/>\nCes secteurs se distinguent :<\/p>\n<ul>\n<li>Entreprises de titres-services &#8211; aides m\u00e9nag\u00e8res CP 322.01 (70 % des employeurs &#8211; 6 jours en moyenne)<\/li>\n<li>M\u00e9tallurgie industrielle (\u00e0 l&rsquo;exception des machines) CP 111.01 (39% des employeurs &#8211; 16 jours en moyenne)<\/li>\n<li>La tapisserie et le travail du bois (CP 126), avec 35% des employeurs et 16 jours en moyenne ;<\/li>\n<li>Transport routier et logistique de tiers (CP 140.03) de 34% et 11 jours en moyenne;<\/li>\n<li>Les travaux de construction repr\u00e9sentent 124 jours pour 32% des employeurs et 14 jours en moyenne ;<\/li>\n<li>Les travailleurs de l&rsquo;industrie chimique CP 116 avec 31% des employeurs et 13 jours en moyenne.<\/li>\n<\/ul>\n<p>Drapeau rouge : si les pressions (\u00e9conomiques) augmentent au point que les employ\u00e9s se retrouvent eux aussi temporairement au ch\u00f4mage<br \/>\nLa plus grande commission paritaire des employ\u00e9s (CP 200) figure \u00e9galement dans le top 10 des secteurs les plus touch\u00e9s. Chez les employ\u00e9s, il passe de 0,45% \u00e0 0,78% en 2023. Apr\u00e8s trois mois, nous avons d\u00e9j\u00e0 presque atteint le chiffre annuel de 2022.<\/p>\n<p>Val\u00e9rie t&rsquo;Serstevens, Legal HR Managing Consultant chez SD Worx : <em>\u00ab\u00a0Bien que le recours au ch\u00f4mage temporaire chez les employ\u00e9s soit encore relativement faible, nous devrions nous inqui\u00e9ter si cette mesure de soutien venait \u00e0 augmenter \u00e9galement pour ceux-ci. Cela ne se produit pas du jour au lendemain, mais seulement si l&rsquo;organisation pr\u00e9sente un certain nombre de conditions l\u00e9gales au cours des quatre derniers trimestres, par exemple une diminution du chiffre d&rsquo;affaires, de la production ou des commandes, ou un certain pourcentage de ch\u00f4mage temporaire pour raisons \u00e9conomiques chez les ouvriers. Le risque de restructuration augmente alors. Nous consid\u00e9rons qu\u2019il s\u2019agit l\u00e0 d\u2019un signal d&rsquo;alarme, pensez aux secteurs industriels qui fabriquent des produits ou des biens\u00a0\u00bb.<\/em><\/p>\n<p>Pr\u00e8s d&rsquo;un quart des employeurs employant dans le secteur textile (CP 214) ont eu recours au ch\u00f4mage temporaire en 2023. Il est int\u00e9ressant de noter qu&rsquo;entre 2022 et 2023, le taux d&rsquo;utilisation a (au moins) doubl\u00e9 chez les employ\u00e9s de la m\u00e9tallurgie (CP 209), de la chimie (CP 207), de la tapisserie d&rsquo;ameublement et du travail du bois (CP 126), ainsi que dans l&rsquo;industrie alimentaire (CP 220). Cela concerne moins de 10 % des employeurs (entre 4 et 6%).<\/p>\n<p>&nbsp;<\/p>\n<p><em>Source: les chiffres sont bas\u00e9s sur les derni\u00e8res donn\u00e9es salariales de SD Worx: il s&rsquo;agit des donn\u00e9es salariales les plus r\u00e9centes jusqu&rsquo;en mars 2024 de 1,2 million de travailleurs du secteur priv\u00e9 chez 37.000 employeurs belges. Les r\u00e9sultats sont particuli\u00e8rement fiables en raison de la taille de l&rsquo;\u00e9chantillon et de la source des donn\u00e9es : ils sont bas\u00e9s sur des donn\u00e9es salariales r\u00e9elles. Les valeurs ne sont pas des proportions pond\u00e9r\u00e9es. L&rsquo;analyse statistique permet d&rsquo;obtenir des informations au niveau du groupe et est conforme \u00e0 la l\u00e9gislation applicable, telle que le r\u00e8glement g\u00e9n\u00e9ral sur la protection des donn\u00e9es.<\/em><\/p>\n","protected":false},"excerpt":{"rendered":"<p>SD Worx met en garde contre une augmentation du ch\u00f4mage temporaire pour raisons \u00e9conomiques chez les employ\u00e9s. C&rsquo;est le cas, par exemple, de la plus grande commission paritaire, qui compte environ 500.000 employ\u00e9s (CP200), mais aussi dans l&rsquo;industrie manufacturi\u00e8re. En [&hellip;]<\/p>\n","protected":false},"author":2,"featured_media":0,"comment_status":"closed","ping_status":"open","sticky":false,"template":"","format":"standard","meta":[],"categories":[65,10],"tags":[714,220,4024],"yoast_head":"<!-- This site is optimized with the Yoast SEO plugin v21.0 - https:\/\/yoast.com\/wordpress\/plugins\/seo\/ -->\n<title>Augmentation du ch\u00f4mage temporaire pour raisons \u00e9conomiques: un employeur sur dix y a d\u00e9sormais recours. - Peoplesphere<\/title>\n<meta name=\"robots\" content=\"index, follow, max-snippet:-1, max-image-preview:large, max-video-preview:-1\" \/>\n<link rel=\"canonical\" href=\"https:\/\/peoplesphere.be\/fr\/augmentation-du-chomage-temporaire-pour-raisons-economiques-un-employeur-sur-dix-y-a-desormais-recours\/\" \/>\n<meta property=\"og:locale\" content=\"fr_FR\" \/>\n<meta property=\"og:type\" content=\"article\" \/>\n<meta property=\"og:title\" content=\"Augmentation du ch\u00f4mage temporaire pour raisons \u00e9conomiques: un employeur sur dix y a d\u00e9sormais recours. - Peoplesphere\" \/>\n<meta property=\"og:description\" content=\"SD Worx met en garde contre une augmentation du ch\u00f4mage temporaire pour raisons \u00e9conomiques chez les employ\u00e9s. C&rsquo;est le cas, par exemple, de la plus grande commission paritaire, qui compte environ 500.000 employ\u00e9s (CP200), mais aussi dans l&rsquo;industrie manufacturi\u00e8re. En [&hellip;]\" \/>\n<meta property=\"og:url\" content=\"https:\/\/peoplesphere.be\/fr\/augmentation-du-chomage-temporaire-pour-raisons-economiques-un-employeur-sur-dix-y-a-desormais-recours\/\" \/>\n<meta property=\"og:site_name\" content=\"Peoplesphere\" \/>\n<meta property=\"article:publisher\" content=\"https:\/\/www.facebook.com\/peoplesphere\" \/>\n<meta property=\"article:published_time\" content=\"2024-04-11T06:17:30+00:00\" \/>\n<meta property=\"og:image\" content=\"http:\/\/www.peoplesphere.be\/fr\/wp-content\/uploads\/2016\/07\/facebook-default-posting-1200x628px.jpg\" \/>\n<meta name=\"author\" content=\"Jean-Paul Erhard\" \/>\n<meta name=\"twitter:card\" content=\"summary_large_image\" \/>\n<meta name=\"twitter:creator\" content=\"@PeoplesphereMag\" \/>\n<meta name=\"twitter:site\" content=\"@PeoplesphereMag\" \/>\n<meta name=\"twitter:label1\" content=\"\u00c9crit par\" \/>\n\t<meta name=\"twitter:data1\" content=\"Jean-Paul Erhard\" \/>\n\t<meta name=\"twitter:label2\" content=\"Dur\u00e9e de lecture estim\u00e9e\" \/>\n\t<meta name=\"twitter:data2\" content=\"6 minutes\" \/>\n<script type=\"application\/ld+json\" class=\"yoast-schema-graph\">{\"@context\":\"https:\/\/schema.org\",\"@graph\":[{\"@type\":\"Article\",\"@id\":\"https:\/\/peoplesphere.be\/fr\/augmentation-du-chomage-temporaire-pour-raisons-economiques-un-employeur-sur-dix-y-a-desormais-recours\/#article\",\"isPartOf\":{\"@id\":\"https:\/\/peoplesphere.be\/fr\/augmentation-du-chomage-temporaire-pour-raisons-economiques-un-employeur-sur-dix-y-a-desormais-recours\/\"},\"author\":{\"name\":\"Jean-Paul Erhard\",\"@id\":\"https:\/\/peoplesphere.be\/fr\/#\/schema\/person\/7976225ff17988604334abb7b3536a7e\"},\"headline\":\"Augmentation du ch\u00f4mage temporaire pour raisons \u00e9conomiques: un employeur sur dix y a d\u00e9sormais recours.\",\"datePublished\":\"2024-04-11T06:17:30+00:00\",\"dateModified\":\"2024-04-11T06:17:30+00:00\",\"mainEntityOfPage\":{\"@id\":\"https:\/\/peoplesphere.be\/fr\/augmentation-du-chomage-temporaire-pour-raisons-economiques-un-employeur-sur-dix-y-a-desormais-recours\/\"},\"wordCount\":1027,\"publisher\":{\"@id\":\"https:\/\/peoplesphere.be\/fr\/#organization\"},\"keywords\":[\"ch\u00f4mage temporaire\",\"flexibilit\u00e9\",\"raisons \u00e9conomiques\"],\"articleSection\":[\"Actualit\u00e9s\",\"Digital\"],\"inLanguage\":\"fr-FR\"},{\"@type\":\"WebPage\",\"@id\":\"https:\/\/peoplesphere.be\/fr\/augmentation-du-chomage-temporaire-pour-raisons-economiques-un-employeur-sur-dix-y-a-desormais-recours\/\",\"url\":\"https:\/\/peoplesphere.be\/fr\/augmentation-du-chomage-temporaire-pour-raisons-economiques-un-employeur-sur-dix-y-a-desormais-recours\/\",\"name\":\"Augmentation du ch\u00f4mage temporaire pour raisons \u00e9conomiques: un employeur sur dix y a d\u00e9sormais recours. - Peoplesphere\",\"isPartOf\":{\"@id\":\"https:\/\/peoplesphere.be\/fr\/#website\"},\"datePublished\":\"2024-04-11T06:17:30+00:00\",\"dateModified\":\"2024-04-11T06:17:30+00:00\",\"breadcrumb\":{\"@id\":\"https:\/\/peoplesphere.be\/fr\/augmentation-du-chomage-temporaire-pour-raisons-economiques-un-employeur-sur-dix-y-a-desormais-recours\/#breadcrumb\"},\"inLanguage\":\"fr-FR\",\"potentialAction\":[{\"@type\":\"ReadAction\",\"target\":[\"https:\/\/peoplesphere.be\/fr\/augmentation-du-chomage-temporaire-pour-raisons-economiques-un-employeur-sur-dix-y-a-desormais-recours\/\"]}]},{\"@type\":\"BreadcrumbList\",\"@id\":\"https:\/\/peoplesphere.be\/fr\/augmentation-du-chomage-temporaire-pour-raisons-economiques-un-employeur-sur-dix-y-a-desormais-recours\/#breadcrumb\",\"itemListElement\":[{\"@type\":\"ListItem\",\"position\":1,\"name\":\"Accueil\",\"item\":\"https:\/\/peoplesphere.be\/fr\/\"},{\"@type\":\"ListItem\",\"position\":2,\"name\":\"Augmentation du ch\u00f4mage temporaire pour raisons \u00e9conomiques: un employeur sur dix y a d\u00e9sormais recours.\"}]},{\"@type\":\"WebSite\",\"@id\":\"https:\/\/peoplesphere.be\/fr\/#website\",\"url\":\"https:\/\/peoplesphere.be\/fr\/\",\"name\":\"Peoplesphere\",\"description\":\"The People Managers Magazine\",\"publisher\":{\"@id\":\"https:\/\/peoplesphere.be\/fr\/#organization\"},\"potentialAction\":[{\"@type\":\"SearchAction\",\"target\":{\"@type\":\"EntryPoint\",\"urlTemplate\":\"https:\/\/peoplesphere.be\/fr\/?s={search_term_string}\"},\"query-input\":\"required name=search_term_string\"}],\"inLanguage\":\"fr-FR\"},{\"@type\":\"Organization\",\"@id\":\"https:\/\/peoplesphere.be\/fr\/#organization\",\"name\":\"Peoplesphere Company srl\",\"url\":\"https:\/\/peoplesphere.be\/fr\/\",\"logo\":{\"@type\":\"ImageObject\",\"inLanguage\":\"fr-FR\",\"@id\":\"https:\/\/peoplesphere.be\/fr\/#\/schema\/logo\/image\/\",\"url\":\"https:\/\/peoplesphere.be\/fr\/wp-content\/uploads\/2023\/07\/peoplesphere-lgo-new-generik.jpg\",\"contentUrl\":\"https:\/\/peoplesphere.be\/fr\/wp-content\/uploads\/2023\/07\/peoplesphere-lgo-new-generik.jpg\",\"width\":1031,\"height\":1479,\"caption\":\"Peoplesphere Company srl\"},\"image\":{\"@id\":\"https:\/\/peoplesphere.be\/fr\/#\/schema\/logo\/image\/\"},\"sameAs\":[\"https:\/\/www.facebook.com\/peoplesphere\",\"https:\/\/twitter.com\/PeoplesphereMag\",\"https:\/\/www.linkedin.com\/company\/7587361?trk\",\"http:\/\/youtube.com\/peoplesphere\"]},{\"@type\":\"Person\",\"@id\":\"https:\/\/peoplesphere.be\/fr\/#\/schema\/person\/7976225ff17988604334abb7b3536a7e\",\"name\":\"Jean-Paul Erhard\",\"image\":{\"@type\":\"ImageObject\",\"inLanguage\":\"fr-FR\",\"@id\":\"https:\/\/peoplesphere.be\/fr\/#\/schema\/person\/image\/\",\"url\":\"https:\/\/secure.gravatar.com\/avatar\/f941e681460179738071629a51574930?s=96&d=mm&r=g\",\"contentUrl\":\"https:\/\/secure.gravatar.com\/avatar\/f941e681460179738071629a51574930?s=96&d=mm&r=g\",\"caption\":\"Jean-Paul Erhard\"},\"url\":\"https:\/\/peoplesphere.be\/fr\/author\/jpe\/\"}]}<\/script>\n<!-- \/ Yoast SEO plugin. -->","yoast_head_json":{"title":"Augmentation du ch\u00f4mage temporaire pour raisons \u00e9conomiques: un employeur sur dix y a d\u00e9sormais recours. - Peoplesphere","robots":{"index":"index","follow":"follow","max-snippet":"max-snippet:-1","max-image-preview":"max-image-preview:large","max-video-preview":"max-video-preview:-1"},"canonical":"https:\/\/peoplesphere.be\/fr\/augmentation-du-chomage-temporaire-pour-raisons-economiques-un-employeur-sur-dix-y-a-desormais-recours\/","og_locale":"fr_FR","og_type":"article","og_title":"Augmentation du ch\u00f4mage temporaire pour raisons \u00e9conomiques: un employeur sur dix y a d\u00e9sormais recours. - Peoplesphere","og_description":"SD Worx met en garde contre une augmentation du ch\u00f4mage temporaire pour raisons \u00e9conomiques chez les employ\u00e9s. C&rsquo;est le cas, par exemple, de la plus grande commission paritaire, qui compte environ 500.000 employ\u00e9s (CP200), mais aussi dans l&rsquo;industrie manufacturi\u00e8re. En [&hellip;]","og_url":"https:\/\/peoplesphere.be\/fr\/augmentation-du-chomage-temporaire-pour-raisons-economiques-un-employeur-sur-dix-y-a-desormais-recours\/","og_site_name":"Peoplesphere","article_publisher":"https:\/\/www.facebook.com\/peoplesphere","article_published_time":"2024-04-11T06:17:30+00:00","og_image":[{"url":"http:\/\/www.peoplesphere.be\/fr\/wp-content\/uploads\/2016\/07\/facebook-default-posting-1200x628px.jpg"}],"author":"Jean-Paul Erhard","twitter_card":"summary_large_image","twitter_creator":"@PeoplesphereMag","twitter_site":"@PeoplesphereMag","twitter_misc":{"\u00c9crit par":"Jean-Paul Erhard","Dur\u00e9e de lecture estim\u00e9e":"6 minutes"},"schema":{"@context":"https:\/\/schema.org","@graph":[{"@type":"Article","@id":"https:\/\/peoplesphere.be\/fr\/augmentation-du-chomage-temporaire-pour-raisons-economiques-un-employeur-sur-dix-y-a-desormais-recours\/#article","isPartOf":{"@id":"https:\/\/peoplesphere.be\/fr\/augmentation-du-chomage-temporaire-pour-raisons-economiques-un-employeur-sur-dix-y-a-desormais-recours\/"},"author":{"name":"Jean-Paul Erhard","@id":"https:\/\/peoplesphere.be\/fr\/#\/schema\/person\/7976225ff17988604334abb7b3536a7e"},"headline":"Augmentation du ch\u00f4mage temporaire pour raisons \u00e9conomiques: un employeur sur dix y a d\u00e9sormais recours.","datePublished":"2024-04-11T06:17:30+00:00","dateModified":"2024-04-11T06:17:30+00:00","mainEntityOfPage":{"@id":"https:\/\/peoplesphere.be\/fr\/augmentation-du-chomage-temporaire-pour-raisons-economiques-un-employeur-sur-dix-y-a-desormais-recours\/"},"wordCount":1027,"publisher":{"@id":"https:\/\/peoplesphere.be\/fr\/#organization"},"keywords":["ch\u00f4mage temporaire","flexibilit\u00e9","raisons \u00e9conomiques"],"articleSection":["Actualit\u00e9s","Digital"],"inLanguage":"fr-FR"},{"@type":"WebPage","@id":"https:\/\/peoplesphere.be\/fr\/augmentation-du-chomage-temporaire-pour-raisons-economiques-un-employeur-sur-dix-y-a-desormais-recours\/","url":"https:\/\/peoplesphere.be\/fr\/augmentation-du-chomage-temporaire-pour-raisons-economiques-un-employeur-sur-dix-y-a-desormais-recours\/","name":"Augmentation du ch\u00f4mage temporaire pour raisons \u00e9conomiques: un employeur sur dix y a d\u00e9sormais recours. - Peoplesphere","isPartOf":{"@id":"https:\/\/peoplesphere.be\/fr\/#website"},"datePublished":"2024-04-11T06:17:30+00:00","dateModified":"2024-04-11T06:17:30+00:00","breadcrumb":{"@id":"https:\/\/peoplesphere.be\/fr\/augmentation-du-chomage-temporaire-pour-raisons-economiques-un-employeur-sur-dix-y-a-desormais-recours\/#breadcrumb"},"inLanguage":"fr-FR","potentialAction":[{"@type":"ReadAction","target":["https:\/\/peoplesphere.be\/fr\/augmentation-du-chomage-temporaire-pour-raisons-economiques-un-employeur-sur-dix-y-a-desormais-recours\/"]}]},{"@type":"BreadcrumbList","@id":"https:\/\/peoplesphere.be\/fr\/augmentation-du-chomage-temporaire-pour-raisons-economiques-un-employeur-sur-dix-y-a-desormais-recours\/#breadcrumb","itemListElement":[{"@type":"ListItem","position":1,"name":"Accueil","item":"https:\/\/peoplesphere.be\/fr\/"},{"@type":"ListItem","position":2,"name":"Augmentation du ch\u00f4mage temporaire pour raisons \u00e9conomiques: un employeur sur dix y a d\u00e9sormais recours."}]},{"@type":"WebSite","@id":"https:\/\/peoplesphere.be\/fr\/#website","url":"https:\/\/peoplesphere.be\/fr\/","name":"Peoplesphere","description":"The People Managers Magazine","publisher":{"@id":"https:\/\/peoplesphere.be\/fr\/#organization"},"potentialAction":[{"@type":"SearchAction","target":{"@type":"EntryPoint","urlTemplate":"https:\/\/peoplesphere.be\/fr\/?s={search_term_string}"},"query-input":"required name=search_term_string"}],"inLanguage":"fr-FR"},{"@type":"Organization","@id":"https:\/\/peoplesphere.be\/fr\/#organization","name":"Peoplesphere Company srl","url":"https:\/\/peoplesphere.be\/fr\/","logo":{"@type":"ImageObject","inLanguage":"fr-FR","@id":"https:\/\/peoplesphere.be\/fr\/#\/schema\/logo\/image\/","url":"https:\/\/peoplesphere.be\/fr\/wp-content\/uploads\/2023\/07\/peoplesphere-lgo-new-generik.jpg","contentUrl":"https:\/\/peoplesphere.be\/fr\/wp-content\/uploads\/2023\/07\/peoplesphere-lgo-new-generik.jpg","width":1031,"height":1479,"caption":"Peoplesphere Company srl"},"image":{"@id":"https:\/\/peoplesphere.be\/fr\/#\/schema\/logo\/image\/"},"sameAs":["https:\/\/www.facebook.com\/peoplesphere","https:\/\/twitter.com\/PeoplesphereMag","https:\/\/www.linkedin.com\/company\/7587361?trk","http:\/\/youtube.com\/peoplesphere"]},{"@type":"Person","@id":"https:\/\/peoplesphere.be\/fr\/#\/schema\/person\/7976225ff17988604334abb7b3536a7e","name":"Jean-Paul Erhard","image":{"@type":"ImageObject","inLanguage":"fr-FR","@id":"https:\/\/peoplesphere.be\/fr\/#\/schema\/person\/image\/","url":"https:\/\/secure.gravatar.com\/avatar\/f941e681460179738071629a51574930?s=96&d=mm&r=g","contentUrl":"https:\/\/secure.gravatar.com\/avatar\/f941e681460179738071629a51574930?s=96&d=mm&r=g","caption":"Jean-Paul Erhard"},"url":"https:\/\/peoplesphere.be\/fr\/author\/jpe\/"}]}},"_links":{"self":[{"href":"https:\/\/peoplesphere.be\/fr\/wp-json\/wp\/v2\/posts\/16004"}],"collection":[{"href":"https:\/\/peoplesphere.be\/fr\/wp-json\/wp\/v2\/posts"}],"about":[{"href":"https:\/\/peoplesphere.be\/fr\/wp-json\/wp\/v2\/types\/post"}],"author":[{"embeddable":true,"href":"https:\/\/peoplesphere.be\/fr\/wp-json\/wp\/v2\/users\/2"}],"replies":[{"embeddable":true,"href":"https:\/\/peoplesphere.be\/fr\/wp-json\/wp\/v2\/comments?post=16004"}],"version-history":[{"count":1,"href":"https:\/\/peoplesphere.be\/fr\/wp-json\/wp\/v2\/posts\/16004\/revisions"}],"predecessor-version":[{"id":16005,"href":"https:\/\/peoplesphere.be\/fr\/wp-json\/wp\/v2\/posts\/16004\/revisions\/16005"}],"wp:attachment":[{"href":"https:\/\/peoplesphere.be\/fr\/wp-json\/wp\/v2\/media?parent=16004"}],"wp:term":[{"taxonomy":"category","embeddable":true,"href":"https:\/\/peoplesphere.be\/fr\/wp-json\/wp\/v2\/categories?post=16004"},{"taxonomy":"post_tag","embeddable":true,"href":"https:\/\/peoplesphere.be\/fr\/wp-json\/wp\/v2\/tags?post=16004"}],"curies":[{"name":"wp","href":"https:\/\/api.w.org\/{rel}","templated":true}]}}