









{"id":16034,"date":"2024-04-18T06:26:45","date_gmt":"2024-04-18T04:26:45","guid":{"rendered":"https:\/\/peoplesphere.be\/fr\/?p=16034"},"modified":"2024-04-18T06:26:45","modified_gmt":"2024-04-18T04:26:45","slug":"les-interim-managers-nenvisagent-pas-de-revenir-en-arriere-ils-trouvent-le-meilleur-des-deux-mondes-dans-le-management-de-transition","status":"publish","type":"post","link":"https:\/\/peoplesphere.be\/fr\/les-interim-managers-nenvisagent-pas-de-revenir-en-arriere-ils-trouvent-le-meilleur-des-deux-mondes-dans-le-management-de-transition\/","title":{"rendered":"Les int\u00e9rim managers n&rsquo;envisagent pas de revenir en arri\u00e8re: ils trouvent le meilleur des deux mondes dans le management de transition."},"content":{"rendered":"<p>L\u2019id\u00e9e pr\u00e9con\u00e7ue selon laquelle l\u2019int\u00e9rim management ne constituerait pas un emploi fixe et offrirait moins de s\u00e9curit\u00e9 d\u2019emploi n\u2019est plus d\u2019actualit\u00e9. Telle est la conclusion tir\u00e9e lors d\u2019une enqu\u00eate men\u00e9e par le sp\u00e9cialiste du recrutement, Robert Half.<em> \u00ab\u00a0Le poste d\u2019int\u00e9rim manager offre le meilleur des deux mondes : la flexibilit\u00e9 et l\u2019ind\u00e9pendance, mais aussi la s\u00e9curit\u00e9 d\u2019emploi.\u00a0\u00bb<\/em><!--more--><\/p>\n<p><em>\u00ab\u00a0La fonction s\u00e9duit de plus en plus de travailleurs, y compris les jeunes et les femmes. L\u2019\u00e9poque o\u00f9 un int\u00e9rim manager \u00e9tait n\u00e9cessairement un homme de plus de 50 ans est donc r\u00e9volue.\u00a0\u00bb<\/em><\/p>\n<p>La fonction d\u2019int\u00e9rim manager n\u2019est plus r\u00e9serv\u00e9e aux travailleurs en fin de carri\u00e8re ou en qu\u00eate d\u2019un nouveau d\u00e9fi. En effet, les travailleurs se tournent vers l\u2019int\u00e9rim management de plus en plus t\u00f4t dans leur carri\u00e8re. Ces derni\u00e8res ann\u00e9es, les femmes sont \u00e9galement de plus en plus nombreuses \u00e0 s\u2019engager sur cette voie : quatre femmes sur dix sont actives en tant qu\u2019int\u00e9rim manager depuis un maximum de deux ans, face \u00e0 un quart pour les hommes.<\/p>\n<p>Int\u00e9rim manager un jour, int\u00e9rim manager toujours. \u00c0 peine plus de 10% des r\u00e9pondants envisagent de reprendre un emploi fixe traditionnel. Cette proportion est l\u00e9g\u00e8rement plus \u00e9lev\u00e9e chez les personnes \u00e2g\u00e9es de plus de 55 ans, o\u00f9 un travailleur sur cinq n\u2019exclut pas une telle transition dans les ann\u00e9es pr\u00e9c\u00e9dant son d\u00e9part \u00e0 la pension. Ceci peut s\u2019expliquer par le r\u00e9gime de retraite (plus) avantageux qu\u2019offre un contrat fixe.<\/p>\n<h3><strong><em>S\u00e9curit\u00e9 de l\u2019emploi\u2009? Check !<\/em><\/strong><\/h3>\n<p>Cette enqu\u00eate r\u00e9v\u00e8le \u00e9galement que deux r\u00e9pondants sur trois sont employ\u00e9s \u00e0 temps plein et que 20 % d\u2019entre eux travaillent 4 \u00e0 4,5 jours par semaine en tant qu\u2019int\u00e9rim manager. Par ailleurs, 66% de ces projets d\u2019int\u00e9rim management s\u2019\u00e9tendent sur une p\u00e9riode de plus de 9 mois, et un projet sur trois dure entre un et deux ans. Seule une mission sur sept prend fin apr\u00e8s six mois. Moins de 15% des int\u00e9rim managers travaillent d\u2019ailleurs simultan\u00e9ment sur deux projets.<\/p>\n<p><em>\u00ab\u00a0La plupart des int\u00e9rim managers se limitent \u00e0 une seule mission \u00e0 la fois. Autrement dit, les entreprises peuvent quasiment toujours compter sur des int\u00e9rim managers qui se concentrent \u00e0 100 % sur leur projet en cours\u00a0\u00bb<\/em> indique Jan Vandenbussche, Senior Director Interim Management &amp; Technology chez Robert Half. <em>\u00ab\u00a0Certains projets s\u2019\u00e9tendent, par nature, sur une p\u00e9riode plus longue. On peut notamment penser auxprojets de changement ou de redressement plus complexes, aux impl\u00e9mentations ERP ou \u00e0 la transformation num\u00e9rique au sens large, un domaine dans lequel l\u2019IA jouera certainement aussi un r\u00f4le important. Les entreprises sont donc de plus en plus demandeuses en termes de ces sp\u00e9cialistes.\u00a0\u00bb<\/em><\/p>\n<h3><strong><em>Et une fois la mission termin\u00e9e\u2009?<\/em><\/strong><\/h3>\n<p>\u00c0 la fin d\u2019un projet, les int\u00e9rim managers parviennent sans difficult\u00e9 \u00e0 en trouver de nouveau. Un r\u00e9pondant sur cinq retrouve du travail dans les deux semaines, quatre sur dix apr\u00e8s un mois. Les int\u00e9rim managers d\u00e9nichent g\u00e9n\u00e9ralement cette mission par le biais d\u2019un interm\u00e9diaire (49%), de leur propre r\u00e9seau (36%) ou de plateformes telles que LinkedIn (14%).<\/p>\n<p>Le choix d\u2019une mission repose sur la m\u00eame motivation intrins\u00e8que pour les hommes et les femmes : sept fois sur dix, ils optent pour le projet le plus int\u00e9ressant. L\u2019\u00e9thique professionnelle constitue un autre facteur d\u00e9terminant, puisque les int\u00e9rim managers privil\u00e9gient les clients qui se d\u00e9cident en premier. Autre chiffre notable : la distance entre leur domicile et le lieu de travail joue explicitement un r\u00f4le dans le choix de 17% des femmes, face \u00e0 6% chez les hommes.<\/p>\n<p>Pour Jan Vandenbussche, le constat est sans appel : <em>\u00ab\u00a0L\u2019int\u00e9rim management offre la s\u00e9curit\u00e9 de l\u2019emploi, mais aussi de la flexibilit\u00e9 et de l\u2019ind\u00e9pendance : vous choisissez un projet qui vous passionne et qui cadre \u00e0 la fois avec votre expertise et avec votre plan de carri\u00e8re. De plus, dans le contexte actuel de la \u201cguerre des talents\u201d, les entreprises peinent \u00e0 pourvoir leurs postes vacants. Elles font plus rapidement et plus fr\u00e9quemment appel aux int\u00e9rim managers pour apporter un soutien \u201c\u00e0 la carte\u201d, car le processus de recrutement permanent peut prendre du temps. Et ces entreprises ne laissent tout de suite pas partir les int\u00e9rim managers performants : elles mettent souvent \u00e0 nouveau leur expertise \u00e0 profit sur d\u2019autres projets, ce qui leur permet de conserver les connaissances acquises en interne.\u00a0\u00bb<\/em><\/p>\n<h3><strong><em>L\u2019avenir sur fond d\u2019IA<\/em><\/strong><\/h3>\n<p>\u00c0 en croire les int\u00e9rim managers, la transformation num\u00e9rique sera le principal d\u00e9fi pour l\u2019ann\u00e9e en cours, et celles \u00e0 venir. L\u2019impact de l\u2019IA sur les entreprises et leurs op\u00e9rations ne cessera de cro\u00eetre.<\/p>\n<p><em>\u00ab\u00a0Les entreprises se trouvent actuellement dans la phase initiale d\u2019int\u00e9gration de l\u2019IA dans leurs mod\u00e8les d\u2019entreprise\u00a0\u00bb<\/em>, conclut Jan Vandenbussche. <em>\u00ab\u00a0Elles doivent tenir compte du r\u00e9cent AI Act de l\u2019Union europ\u00e9enne, qui fournira un premier cadre pour la r\u00e9glementation relative \u00e0 l\u2019intelligence artificielle. L\u2019adaptation et l\u2019optimisation du mod\u00e8le et des processus d\u2019entreprise vis-\u00e0-vis de l\u2019IA requi\u00e8rent une expertise sp\u00e9cifique de haut niveau. Par cons\u00e9quent, les entreprises recherchent des int\u00e9rim managers exp\u00e9riment\u00e9s pour mener \u00e0 bien ces projets.\u00a0\u00bb<\/em><\/p>\n<p>&nbsp;<\/p>\n<p><em>Source: fin 2023, Robert Half a interrog\u00e9 pr\u00e8s de 600 int\u00e9rim managers belges de tous \u00e2ges et issus de toutes disciplines. Le groupe interrog\u00e9 a \u00e9t\u00e9 compos\u00e9 de mani\u00e8re repr\u00e9sentative (sexe et \u00e2ge). Cette enqu\u00eate met en lumi\u00e8re diff\u00e9rents aspects de l\u2019int\u00e9rim management.<\/em><\/p>\n","protected":false},"excerpt":{"rendered":"<p>L\u2019id\u00e9e pr\u00e9con\u00e7ue selon laquelle l\u2019int\u00e9rim management ne constituerait pas un emploi fixe et offrirait moins de s\u00e9curit\u00e9 d\u2019emploi n\u2019est plus d\u2019actualit\u00e9. Telle est la conclusion tir\u00e9e lors d\u2019une enqu\u00eate men\u00e9e par le sp\u00e9cialiste du recrutement, Robert Half. \u00ab\u00a0Le poste d\u2019int\u00e9rim [&hellip;]<\/p>\n","protected":false},"author":2,"featured_media":0,"comment_status":"closed","ping_status":"open","sticky":false,"template":"","format":"standard","meta":[],"categories":[65,10],"tags":[220,1955,692,3211,4029],"yoast_head":"<!-- This site is optimized with the Yoast SEO plugin v21.0 - https:\/\/yoast.com\/wordpress\/plugins\/seo\/ -->\n<title>Les int\u00e9rim managers n&#039;envisagent pas de revenir en arri\u00e8re: ils trouvent le meilleur des deux mondes dans le management de transition. - Peoplesphere<\/title>\n<meta name=\"robots\" content=\"index, follow, max-snippet:-1, max-image-preview:large, max-video-preview:-1\" \/>\n<link rel=\"canonical\" href=\"https:\/\/peoplesphere.be\/fr\/les-interim-managers-nenvisagent-pas-de-revenir-en-arriere-ils-trouvent-le-meilleur-des-deux-mondes-dans-le-management-de-transition\/\" \/>\n<meta property=\"og:locale\" content=\"fr_FR\" \/>\n<meta property=\"og:type\" content=\"article\" \/>\n<meta property=\"og:title\" content=\"Les int\u00e9rim managers n&#039;envisagent pas de revenir en arri\u00e8re: ils trouvent le meilleur des deux mondes dans le management de transition. - Peoplesphere\" \/>\n<meta property=\"og:description\" content=\"L\u2019id\u00e9e pr\u00e9con\u00e7ue selon laquelle l\u2019int\u00e9rim management ne constituerait pas un emploi fixe et offrirait moins de s\u00e9curit\u00e9 d\u2019emploi n\u2019est plus d\u2019actualit\u00e9. Telle est la conclusion tir\u00e9e lors d\u2019une enqu\u00eate men\u00e9e par le sp\u00e9cialiste du recrutement, Robert Half. \u00ab\u00a0Le poste d\u2019int\u00e9rim [&hellip;]\" \/>\n<meta property=\"og:url\" content=\"https:\/\/peoplesphere.be\/fr\/les-interim-managers-nenvisagent-pas-de-revenir-en-arriere-ils-trouvent-le-meilleur-des-deux-mondes-dans-le-management-de-transition\/\" \/>\n<meta property=\"og:site_name\" content=\"Peoplesphere\" \/>\n<meta property=\"article:publisher\" content=\"https:\/\/www.facebook.com\/peoplesphere\" \/>\n<meta property=\"article:published_time\" content=\"2024-04-18T04:26:45+00:00\" \/>\n<meta property=\"og:image\" content=\"http:\/\/www.peoplesphere.be\/fr\/wp-content\/uploads\/2016\/07\/facebook-default-posting-1200x628px.jpg\" \/>\n<meta name=\"author\" content=\"Jean-Paul Erhard\" \/>\n<meta name=\"twitter:card\" content=\"summary_large_image\" \/>\n<meta name=\"twitter:creator\" content=\"@PeoplesphereMag\" \/>\n<meta name=\"twitter:site\" content=\"@PeoplesphereMag\" \/>\n<meta name=\"twitter:label1\" content=\"\u00c9crit par\" \/>\n\t<meta name=\"twitter:data1\" content=\"Jean-Paul Erhard\" \/>\n\t<meta name=\"twitter:label2\" content=\"Dur\u00e9e de lecture estim\u00e9e\" \/>\n\t<meta name=\"twitter:data2\" content=\"5 minutes\" \/>\n<script type=\"application\/ld+json\" class=\"yoast-schema-graph\">{\"@context\":\"https:\/\/schema.org\",\"@graph\":[{\"@type\":\"Article\",\"@id\":\"https:\/\/peoplesphere.be\/fr\/les-interim-managers-nenvisagent-pas-de-revenir-en-arriere-ils-trouvent-le-meilleur-des-deux-mondes-dans-le-management-de-transition\/#article\",\"isPartOf\":{\"@id\":\"https:\/\/peoplesphere.be\/fr\/les-interim-managers-nenvisagent-pas-de-revenir-en-arriere-ils-trouvent-le-meilleur-des-deux-mondes-dans-le-management-de-transition\/\"},\"author\":{\"name\":\"Jean-Paul Erhard\",\"@id\":\"https:\/\/peoplesphere.be\/fr\/#\/schema\/person\/7976225ff17988604334abb7b3536a7e\"},\"headline\":\"Les int\u00e9rim managers n&rsquo;envisagent pas de revenir en arri\u00e8re: ils trouvent le meilleur des deux mondes dans le management de transition.\",\"datePublished\":\"2024-04-18T04:26:45+00:00\",\"dateModified\":\"2024-04-18T04:26:45+00:00\",\"mainEntityOfPage\":{\"@id\":\"https:\/\/peoplesphere.be\/fr\/les-interim-managers-nenvisagent-pas-de-revenir-en-arriere-ils-trouvent-le-meilleur-des-deux-mondes-dans-le-management-de-transition\/\"},\"wordCount\":997,\"publisher\":{\"@id\":\"https:\/\/peoplesphere.be\/fr\/#organization\"},\"keywords\":[\"flexibilit\u00e9\",\"ind\u00e9pendance\",\"interim management\",\"s\u00e9curit\u00e9 d'emploi\",\"transition\"],\"articleSection\":[\"Actualit\u00e9s\",\"Digital\"],\"inLanguage\":\"fr-FR\"},{\"@type\":\"WebPage\",\"@id\":\"https:\/\/peoplesphere.be\/fr\/les-interim-managers-nenvisagent-pas-de-revenir-en-arriere-ils-trouvent-le-meilleur-des-deux-mondes-dans-le-management-de-transition\/\",\"url\":\"https:\/\/peoplesphere.be\/fr\/les-interim-managers-nenvisagent-pas-de-revenir-en-arriere-ils-trouvent-le-meilleur-des-deux-mondes-dans-le-management-de-transition\/\",\"name\":\"Les int\u00e9rim managers n'envisagent pas de revenir en arri\u00e8re: ils trouvent le meilleur des deux mondes dans le management de transition. - Peoplesphere\",\"isPartOf\":{\"@id\":\"https:\/\/peoplesphere.be\/fr\/#website\"},\"datePublished\":\"2024-04-18T04:26:45+00:00\",\"dateModified\":\"2024-04-18T04:26:45+00:00\",\"breadcrumb\":{\"@id\":\"https:\/\/peoplesphere.be\/fr\/les-interim-managers-nenvisagent-pas-de-revenir-en-arriere-ils-trouvent-le-meilleur-des-deux-mondes-dans-le-management-de-transition\/#breadcrumb\"},\"inLanguage\":\"fr-FR\",\"potentialAction\":[{\"@type\":\"ReadAction\",\"target\":[\"https:\/\/peoplesphere.be\/fr\/les-interim-managers-nenvisagent-pas-de-revenir-en-arriere-ils-trouvent-le-meilleur-des-deux-mondes-dans-le-management-de-transition\/\"]}]},{\"@type\":\"BreadcrumbList\",\"@id\":\"https:\/\/peoplesphere.be\/fr\/les-interim-managers-nenvisagent-pas-de-revenir-en-arriere-ils-trouvent-le-meilleur-des-deux-mondes-dans-le-management-de-transition\/#breadcrumb\",\"itemListElement\":[{\"@type\":\"ListItem\",\"position\":1,\"name\":\"Accueil\",\"item\":\"https:\/\/peoplesphere.be\/fr\/\"},{\"@type\":\"ListItem\",\"position\":2,\"name\":\"Les int\u00e9rim managers n&rsquo;envisagent pas de revenir en arri\u00e8re: ils trouvent le meilleur des deux mondes dans le management de transition.\"}]},{\"@type\":\"WebSite\",\"@id\":\"https:\/\/peoplesphere.be\/fr\/#website\",\"url\":\"https:\/\/peoplesphere.be\/fr\/\",\"name\":\"Peoplesphere\",\"description\":\"The People Managers Magazine\",\"publisher\":{\"@id\":\"https:\/\/peoplesphere.be\/fr\/#organization\"},\"potentialAction\":[{\"@type\":\"SearchAction\",\"target\":{\"@type\":\"EntryPoint\",\"urlTemplate\":\"https:\/\/peoplesphere.be\/fr\/?s={search_term_string}\"},\"query-input\":\"required name=search_term_string\"}],\"inLanguage\":\"fr-FR\"},{\"@type\":\"Organization\",\"@id\":\"https:\/\/peoplesphere.be\/fr\/#organization\",\"name\":\"Peoplesphere Company srl\",\"url\":\"https:\/\/peoplesphere.be\/fr\/\",\"logo\":{\"@type\":\"ImageObject\",\"inLanguage\":\"fr-FR\",\"@id\":\"https:\/\/peoplesphere.be\/fr\/#\/schema\/logo\/image\/\",\"url\":\"https:\/\/peoplesphere.be\/fr\/wp-content\/uploads\/2023\/07\/peoplesphere-lgo-new-generik.jpg\",\"contentUrl\":\"https:\/\/peoplesphere.be\/fr\/wp-content\/uploads\/2023\/07\/peoplesphere-lgo-new-generik.jpg\",\"width\":1031,\"height\":1479,\"caption\":\"Peoplesphere Company srl\"},\"image\":{\"@id\":\"https:\/\/peoplesphere.be\/fr\/#\/schema\/logo\/image\/\"},\"sameAs\":[\"https:\/\/www.facebook.com\/peoplesphere\",\"https:\/\/twitter.com\/PeoplesphereMag\",\"https:\/\/www.linkedin.com\/company\/7587361?trk\",\"http:\/\/youtube.com\/peoplesphere\"]},{\"@type\":\"Person\",\"@id\":\"https:\/\/peoplesphere.be\/fr\/#\/schema\/person\/7976225ff17988604334abb7b3536a7e\",\"name\":\"Jean-Paul Erhard\",\"image\":{\"@type\":\"ImageObject\",\"inLanguage\":\"fr-FR\",\"@id\":\"https:\/\/peoplesphere.be\/fr\/#\/schema\/person\/image\/\",\"url\":\"https:\/\/secure.gravatar.com\/avatar\/f941e681460179738071629a51574930?s=96&d=mm&r=g\",\"contentUrl\":\"https:\/\/secure.gravatar.com\/avatar\/f941e681460179738071629a51574930?s=96&d=mm&r=g\",\"caption\":\"Jean-Paul Erhard\"},\"url\":\"https:\/\/peoplesphere.be\/fr\/author\/jpe\/\"}]}<\/script>\n<!-- \/ Yoast SEO plugin. -->","yoast_head_json":{"title":"Les int\u00e9rim managers n'envisagent pas de revenir en arri\u00e8re: ils trouvent le meilleur des deux mondes dans le management de transition. - Peoplesphere","robots":{"index":"index","follow":"follow","max-snippet":"max-snippet:-1","max-image-preview":"max-image-preview:large","max-video-preview":"max-video-preview:-1"},"canonical":"https:\/\/peoplesphere.be\/fr\/les-interim-managers-nenvisagent-pas-de-revenir-en-arriere-ils-trouvent-le-meilleur-des-deux-mondes-dans-le-management-de-transition\/","og_locale":"fr_FR","og_type":"article","og_title":"Les int\u00e9rim managers n'envisagent pas de revenir en arri\u00e8re: ils trouvent le meilleur des deux mondes dans le management de transition. - Peoplesphere","og_description":"L\u2019id\u00e9e pr\u00e9con\u00e7ue selon laquelle l\u2019int\u00e9rim management ne constituerait pas un emploi fixe et offrirait moins de s\u00e9curit\u00e9 d\u2019emploi n\u2019est plus d\u2019actualit\u00e9. Telle est la conclusion tir\u00e9e lors d\u2019une enqu\u00eate men\u00e9e par le sp\u00e9cialiste du recrutement, Robert Half. \u00ab\u00a0Le poste d\u2019int\u00e9rim [&hellip;]","og_url":"https:\/\/peoplesphere.be\/fr\/les-interim-managers-nenvisagent-pas-de-revenir-en-arriere-ils-trouvent-le-meilleur-des-deux-mondes-dans-le-management-de-transition\/","og_site_name":"Peoplesphere","article_publisher":"https:\/\/www.facebook.com\/peoplesphere","article_published_time":"2024-04-18T04:26:45+00:00","og_image":[{"url":"http:\/\/www.peoplesphere.be\/fr\/wp-content\/uploads\/2016\/07\/facebook-default-posting-1200x628px.jpg"}],"author":"Jean-Paul Erhard","twitter_card":"summary_large_image","twitter_creator":"@PeoplesphereMag","twitter_site":"@PeoplesphereMag","twitter_misc":{"\u00c9crit par":"Jean-Paul Erhard","Dur\u00e9e de lecture estim\u00e9e":"5 minutes"},"schema":{"@context":"https:\/\/schema.org","@graph":[{"@type":"Article","@id":"https:\/\/peoplesphere.be\/fr\/les-interim-managers-nenvisagent-pas-de-revenir-en-arriere-ils-trouvent-le-meilleur-des-deux-mondes-dans-le-management-de-transition\/#article","isPartOf":{"@id":"https:\/\/peoplesphere.be\/fr\/les-interim-managers-nenvisagent-pas-de-revenir-en-arriere-ils-trouvent-le-meilleur-des-deux-mondes-dans-le-management-de-transition\/"},"author":{"name":"Jean-Paul Erhard","@id":"https:\/\/peoplesphere.be\/fr\/#\/schema\/person\/7976225ff17988604334abb7b3536a7e"},"headline":"Les int\u00e9rim managers n&rsquo;envisagent pas de revenir en arri\u00e8re: ils trouvent le meilleur des deux mondes dans le management de transition.","datePublished":"2024-04-18T04:26:45+00:00","dateModified":"2024-04-18T04:26:45+00:00","mainEntityOfPage":{"@id":"https:\/\/peoplesphere.be\/fr\/les-interim-managers-nenvisagent-pas-de-revenir-en-arriere-ils-trouvent-le-meilleur-des-deux-mondes-dans-le-management-de-transition\/"},"wordCount":997,"publisher":{"@id":"https:\/\/peoplesphere.be\/fr\/#organization"},"keywords":["flexibilit\u00e9","ind\u00e9pendance","interim management","s\u00e9curit\u00e9 d'emploi","transition"],"articleSection":["Actualit\u00e9s","Digital"],"inLanguage":"fr-FR"},{"@type":"WebPage","@id":"https:\/\/peoplesphere.be\/fr\/les-interim-managers-nenvisagent-pas-de-revenir-en-arriere-ils-trouvent-le-meilleur-des-deux-mondes-dans-le-management-de-transition\/","url":"https:\/\/peoplesphere.be\/fr\/les-interim-managers-nenvisagent-pas-de-revenir-en-arriere-ils-trouvent-le-meilleur-des-deux-mondes-dans-le-management-de-transition\/","name":"Les int\u00e9rim managers n'envisagent pas de revenir en arri\u00e8re: ils trouvent le meilleur des deux mondes dans le management de transition. - Peoplesphere","isPartOf":{"@id":"https:\/\/peoplesphere.be\/fr\/#website"},"datePublished":"2024-04-18T04:26:45+00:00","dateModified":"2024-04-18T04:26:45+00:00","breadcrumb":{"@id":"https:\/\/peoplesphere.be\/fr\/les-interim-managers-nenvisagent-pas-de-revenir-en-arriere-ils-trouvent-le-meilleur-des-deux-mondes-dans-le-management-de-transition\/#breadcrumb"},"inLanguage":"fr-FR","potentialAction":[{"@type":"ReadAction","target":["https:\/\/peoplesphere.be\/fr\/les-interim-managers-nenvisagent-pas-de-revenir-en-arriere-ils-trouvent-le-meilleur-des-deux-mondes-dans-le-management-de-transition\/"]}]},{"@type":"BreadcrumbList","@id":"https:\/\/peoplesphere.be\/fr\/les-interim-managers-nenvisagent-pas-de-revenir-en-arriere-ils-trouvent-le-meilleur-des-deux-mondes-dans-le-management-de-transition\/#breadcrumb","itemListElement":[{"@type":"ListItem","position":1,"name":"Accueil","item":"https:\/\/peoplesphere.be\/fr\/"},{"@type":"ListItem","position":2,"name":"Les int\u00e9rim managers n&rsquo;envisagent pas de revenir en arri\u00e8re: ils trouvent le meilleur des deux mondes dans le management de transition."}]},{"@type":"WebSite","@id":"https:\/\/peoplesphere.be\/fr\/#website","url":"https:\/\/peoplesphere.be\/fr\/","name":"Peoplesphere","description":"The People Managers Magazine","publisher":{"@id":"https:\/\/peoplesphere.be\/fr\/#organization"},"potentialAction":[{"@type":"SearchAction","target":{"@type":"EntryPoint","urlTemplate":"https:\/\/peoplesphere.be\/fr\/?s={search_term_string}"},"query-input":"required name=search_term_string"}],"inLanguage":"fr-FR"},{"@type":"Organization","@id":"https:\/\/peoplesphere.be\/fr\/#organization","name":"Peoplesphere Company srl","url":"https:\/\/peoplesphere.be\/fr\/","logo":{"@type":"ImageObject","inLanguage":"fr-FR","@id":"https:\/\/peoplesphere.be\/fr\/#\/schema\/logo\/image\/","url":"https:\/\/peoplesphere.be\/fr\/wp-content\/uploads\/2023\/07\/peoplesphere-lgo-new-generik.jpg","contentUrl":"https:\/\/peoplesphere.be\/fr\/wp-content\/uploads\/2023\/07\/peoplesphere-lgo-new-generik.jpg","width":1031,"height":1479,"caption":"Peoplesphere Company srl"},"image":{"@id":"https:\/\/peoplesphere.be\/fr\/#\/schema\/logo\/image\/"},"sameAs":["https:\/\/www.facebook.com\/peoplesphere","https:\/\/twitter.com\/PeoplesphereMag","https:\/\/www.linkedin.com\/company\/7587361?trk","http:\/\/youtube.com\/peoplesphere"]},{"@type":"Person","@id":"https:\/\/peoplesphere.be\/fr\/#\/schema\/person\/7976225ff17988604334abb7b3536a7e","name":"Jean-Paul Erhard","image":{"@type":"ImageObject","inLanguage":"fr-FR","@id":"https:\/\/peoplesphere.be\/fr\/#\/schema\/person\/image\/","url":"https:\/\/secure.gravatar.com\/avatar\/f941e681460179738071629a51574930?s=96&d=mm&r=g","contentUrl":"https:\/\/secure.gravatar.com\/avatar\/f941e681460179738071629a51574930?s=96&d=mm&r=g","caption":"Jean-Paul Erhard"},"url":"https:\/\/peoplesphere.be\/fr\/author\/jpe\/"}]}},"_links":{"self":[{"href":"https:\/\/peoplesphere.be\/fr\/wp-json\/wp\/v2\/posts\/16034"}],"collection":[{"href":"https:\/\/peoplesphere.be\/fr\/wp-json\/wp\/v2\/posts"}],"about":[{"href":"https:\/\/peoplesphere.be\/fr\/wp-json\/wp\/v2\/types\/post"}],"author":[{"embeddable":true,"href":"https:\/\/peoplesphere.be\/fr\/wp-json\/wp\/v2\/users\/2"}],"replies":[{"embeddable":true,"href":"https:\/\/peoplesphere.be\/fr\/wp-json\/wp\/v2\/comments?post=16034"}],"version-history":[{"count":1,"href":"https:\/\/peoplesphere.be\/fr\/wp-json\/wp\/v2\/posts\/16034\/revisions"}],"predecessor-version":[{"id":16035,"href":"https:\/\/peoplesphere.be\/fr\/wp-json\/wp\/v2\/posts\/16034\/revisions\/16035"}],"wp:attachment":[{"href":"https:\/\/peoplesphere.be\/fr\/wp-json\/wp\/v2\/media?parent=16034"}],"wp:term":[{"taxonomy":"category","embeddable":true,"href":"https:\/\/peoplesphere.be\/fr\/wp-json\/wp\/v2\/categories?post=16034"},{"taxonomy":"post_tag","embeddable":true,"href":"https:\/\/peoplesphere.be\/fr\/wp-json\/wp\/v2\/tags?post=16034"}],"curies":[{"name":"wp","href":"https:\/\/api.w.org\/{rel}","templated":true}]}}