









{"id":16067,"date":"2024-04-26T06:29:49","date_gmt":"2024-04-26T04:29:49","guid":{"rendered":"https:\/\/peoplesphere.be\/fr\/?p=16067"},"modified":"2024-04-26T06:36:08","modified_gmt":"2024-04-26T04:36:08","slug":"la-belgique-est-dans-la-moyenne-europeenne-en-matiere-decart-de-pension-entre-les-hommes-et-les-femmes-un-ecart-entretenu-par-les-inegalites-au-travail","status":"publish","type":"post","link":"https:\/\/peoplesphere.be\/fr\/la-belgique-est-dans-la-moyenne-europeenne-en-matiere-decart-de-pension-entre-les-hommes-et-les-femmes-un-ecart-entretenu-par-les-inegalites-au-travail\/","title":{"rendered":"La Belgique est dans la moyenne europ\u00e9enne en mati\u00e8re d\u2019\u00e9cart de pension entre les hommes et les femmes, un \u00e9cart entretenu par les in\u00e9galit\u00e9s au travail."},"content":{"rendered":"<p>Selon des analyses r\u00e9alis\u00e9es par le Bureau f\u00e9d\u00e9ral du Plan, \u00e0 la demande du SPF S\u00e9curit\u00e9 sociale dans le cadre de la pr\u00e9sidence belge de l\u2019UE, cet \u00e9cart de genre est important chez les personnes de plus de 65 ans qui ne disposent pas de leur propre pension. \u00c0 ce niveau, notre pays se positionne \u00e0 la quatri\u00e8me place du classement europ\u00e9en. Les in\u00e9galit\u00e9s sur le march\u00e9 du travail sont \u00e0 l\u2019origine de ces \u00e9carts de pension, que les syst\u00e8mes de pension redistributifs peuvent contribuer \u00e0 r\u00e9duire. <!--more--><\/p>\n<p>Dans tous les pays de l\u2019Union europ\u00e9enne, la pension moyenne des femmes est inf\u00e9rieure \u00e0 celle des hommes. Avec un \u00e9cart qui s\u2019\u00e9l\u00e8ve \u00e0 25%, la Belgique se situe juste sous la moyenne europ\u00e9enne (26%). \u00c0 titre de comparaison, la plupart des \u00c9tats membres d&rsquo;Europe centrale et de l\u2019Est, ainsi que les pays baltes enregistrent des \u00e9carts de pension relativement faibles entre les hommes et les femmes, tandis que de nombreux pays d&rsquo;Europe de l\u2019Ouest et m\u00e9ridionale se caract\u00e9risent par des \u00e9carts de pension sup\u00e9rieurs \u00e0 la moyenne de l&rsquo;UE. Dans l\u2019ensemble de l\u2019UE, l\u2019\u00e9cart est en baisse constante entre 2010 et 2022. Il s\u2019est \u00e9galement r\u00e9duit en Belgique.<br \/>\nPar rapport aux autres pays de l&rsquo;UE, il est plus fr\u00e9quent en Belgique que les femmes \u00e2g\u00e9es ne disposent pas de leur propre pension<\/p>\n<p>L\u2019analyse montre aussi que, dans de nombreux pays europ\u00e9ens, les femmes de 65 ans et plus sont plus susceptibles que les hommes \u00e2g\u00e9s de ne pas percevoir de pension propre. La Belgique est, apr\u00e8s l\u2019Espagne, la Gr\u00e8ce et l\u2019Italie, un des \u00c9tats membres o\u00f9 l\u2019\u00e9cart est le plus marqu\u00e9. La pension au taux m\u00e9nage qui est en vigueur dans notre pays explique ce r\u00e9sultat : chez les couples, la personne ayant la pension la plus \u00e9lev\u00e9e per\u00e7oit un montant de pension plus \u00e9lev\u00e9 si la personne ayant la pension la plus basse renonce \u00e0 ses droits \u00e0 la pension. Ce sont pratiquement toujours des femmes qui renoncent \u00e0 ces droits.<\/p>\n<h3><strong><em>Les in\u00e9galit\u00e9s sur le march\u00e9 du travail creusent l\u2019\u00e9cart de pension entre les hommes et les femmes<\/em><\/strong><\/h3>\n<p>Dans tous les pays de l\u2019UE, l\u2019\u00e9cart de pension trouve son origine dans les in\u00e9galit\u00e9s observ\u00e9es par le pass\u00e9 sur le march\u00e9 du travail. Le principal facteur explicatif est de loin l\u2019\u00e9cart d\u2019emploi entre les hommes et les femmes au moment o\u00f9 les retrait\u00e9s actuels \u00e9taient en \u00e2ge de travailler. L\u2019\u00e9cart entre les hommes et les femmes dans le travail \u00e0 temps partiel est un autre facteur explicatif : dans les \u00c9tats membres o\u00f9 les femmes travaillent beaucoup plus souvent \u00e0 temps partiel que les hommes, leur pension future est rabot\u00e9e.<\/p>\n<h3><strong><em>Les syst\u00e8mes de pension peuvent contribuer \u00e0 r\u00e9duire l\u2019\u00e9cart de pension<\/em><\/strong><\/h3>\n<p>Dans certains \u00c9tats membres, la l\u00e9gislation en mati\u00e8re de pensions \u00e9tablit une distinction explicite entre les hommes et les femmes, ce qui peut creuser mais aussi r\u00e9duire l&rsquo;\u00e9cart de pension entre les genres. Certains syst\u00e8mes de pension exercent de forts effets redistributifs, \u00e0 la fois entre les personnes ayant des salaires plus faibles et plus \u00e9lev\u00e9s et entre les personnes ayant des carri\u00e8res plus courtes et plus longues, par le biais notamment des pensions minimums et maximums ainsi que des p\u00e9riodes assimil\u00e9es. Cette redistribution peut r\u00e9duire sensiblement l\u2019\u00e9cart de pension entre les femmes et les hommes.<\/p>\n<p>L\u2019\u00e9cart de pension entres les hommes et les femmes est un des points d\u2019attention de la pr\u00e9sidence belge de l\u2019Union europ\u00e9enne exerc\u00e9e au premier semestre de 2024. C\u2019est \u00e0 ce titre que le SPF S\u00e9curit\u00e9 sociale a demand\u00e9 au Bureau f\u00e9d\u00e9ral du Plan (BFP) de r\u00e9aliser sur \u00e9tude sur les liens entre les syst\u00e8mes de pension, les in\u00e9galit\u00e9s de genre observ\u00e9es par le pass\u00e9 sur le march\u00e9 du travail et l\u2019\u00e9cart de pension actuel entre les hommes et les femmes dans les pays de l\u2019UE. \u00c0 cette fin, le BFP s\u2019est appuy\u00e9 aussi bien sur les derniers chiffres de l\u2019Office de statistique de l\u2019UE, Eurostat, que sur ses propres recherches fond\u00e9es sur les donn\u00e9es EU-SILC.<\/p>\n<p><em>Source: Bureau F\u00e9d\u00e9ral du Plan<\/em><\/p>\n","protected":false},"excerpt":{"rendered":"<p>Selon des analyses r\u00e9alis\u00e9es par le Bureau f\u00e9d\u00e9ral du Plan, \u00e0 la demande du SPF S\u00e9curit\u00e9 sociale dans le cadre de la pr\u00e9sidence belge de l\u2019UE, cet \u00e9cart de genre est important chez les personnes de plus de 65 ans [&hellip;]<\/p>\n","protected":false},"author":2,"featured_media":0,"comment_status":"closed","ping_status":"open","sticky":false,"template":"","format":"standard","meta":[],"categories":[65,10],"tags":[4034,1133,148,2264],"yoast_head":"<!-- This site is optimized with the Yoast SEO plugin v21.0 - https:\/\/yoast.com\/wordpress\/plugins\/seo\/ -->\n<title>La Belgique est dans la moyenne europ\u00e9enne en mati\u00e8re d\u2019\u00e9cart de pension entre les hommes et les femmes, un \u00e9cart entretenu par les in\u00e9galit\u00e9s au travail. - Peoplesphere<\/title>\n<meta name=\"robots\" content=\"index, follow, max-snippet:-1, max-image-preview:large, max-video-preview:-1\" \/>\n<link rel=\"canonical\" href=\"https:\/\/peoplesphere.be\/fr\/la-belgique-est-dans-la-moyenne-europeenne-en-matiere-decart-de-pension-entre-les-hommes-et-les-femmes-un-ecart-entretenu-par-les-inegalites-au-travail\/\" \/>\n<meta property=\"og:locale\" content=\"fr_FR\" \/>\n<meta property=\"og:type\" content=\"article\" \/>\n<meta property=\"og:title\" content=\"La Belgique est dans la moyenne europ\u00e9enne en mati\u00e8re d\u2019\u00e9cart de pension entre les hommes et les femmes, un \u00e9cart entretenu par les in\u00e9galit\u00e9s au travail. - Peoplesphere\" \/>\n<meta property=\"og:description\" content=\"Selon des analyses r\u00e9alis\u00e9es par le Bureau f\u00e9d\u00e9ral du Plan, \u00e0 la demande du SPF S\u00e9curit\u00e9 sociale dans le cadre de la pr\u00e9sidence belge de l\u2019UE, cet \u00e9cart de genre est important chez les personnes de plus de 65 ans [&hellip;]\" \/>\n<meta property=\"og:url\" content=\"https:\/\/peoplesphere.be\/fr\/la-belgique-est-dans-la-moyenne-europeenne-en-matiere-decart-de-pension-entre-les-hommes-et-les-femmes-un-ecart-entretenu-par-les-inegalites-au-travail\/\" \/>\n<meta property=\"og:site_name\" content=\"Peoplesphere\" \/>\n<meta property=\"article:publisher\" content=\"https:\/\/www.facebook.com\/peoplesphere\" \/>\n<meta property=\"article:published_time\" content=\"2024-04-26T04:29:49+00:00\" \/>\n<meta property=\"article:modified_time\" content=\"2024-04-26T04:36:08+00:00\" \/>\n<meta property=\"og:image\" content=\"http:\/\/www.peoplesphere.be\/fr\/wp-content\/uploads\/2016\/07\/facebook-default-posting-1200x628px.jpg\" \/>\n<meta name=\"author\" content=\"Jean-Paul Erhard\" \/>\n<meta name=\"twitter:card\" content=\"summary_large_image\" \/>\n<meta name=\"twitter:creator\" content=\"@PeoplesphereMag\" \/>\n<meta name=\"twitter:site\" content=\"@PeoplesphereMag\" \/>\n<meta name=\"twitter:label1\" content=\"\u00c9crit par\" \/>\n\t<meta name=\"twitter:data1\" content=\"Jean-Paul Erhard\" \/>\n\t<meta name=\"twitter:label2\" content=\"Dur\u00e9e de lecture estim\u00e9e\" \/>\n\t<meta name=\"twitter:data2\" content=\"4 minutes\" \/>\n<script type=\"application\/ld+json\" class=\"yoast-schema-graph\">{\"@context\":\"https:\/\/schema.org\",\"@graph\":[{\"@type\":\"Article\",\"@id\":\"https:\/\/peoplesphere.be\/fr\/la-belgique-est-dans-la-moyenne-europeenne-en-matiere-decart-de-pension-entre-les-hommes-et-les-femmes-un-ecart-entretenu-par-les-inegalites-au-travail\/#article\",\"isPartOf\":{\"@id\":\"https:\/\/peoplesphere.be\/fr\/la-belgique-est-dans-la-moyenne-europeenne-en-matiere-decart-de-pension-entre-les-hommes-et-les-femmes-un-ecart-entretenu-par-les-inegalites-au-travail\/\"},\"author\":{\"name\":\"Jean-Paul Erhard\",\"@id\":\"https:\/\/peoplesphere.be\/fr\/#\/schema\/person\/7976225ff17988604334abb7b3536a7e\"},\"headline\":\"La Belgique est dans la moyenne europ\u00e9enne en mati\u00e8re d\u2019\u00e9cart de pension entre les hommes et les femmes, un \u00e9cart entretenu par les in\u00e9galit\u00e9s au travail.\",\"datePublished\":\"2024-04-26T04:29:49+00:00\",\"dateModified\":\"2024-04-26T04:36:08+00:00\",\"mainEntityOfPage\":{\"@id\":\"https:\/\/peoplesphere.be\/fr\/la-belgique-est-dans-la-moyenne-europeenne-en-matiere-decart-de-pension-entre-les-hommes-et-les-femmes-un-ecart-entretenu-par-les-inegalites-au-travail\/\"},\"wordCount\":764,\"publisher\":{\"@id\":\"https:\/\/peoplesphere.be\/fr\/#organization\"},\"keywords\":[\"\u00e9cart de pension\",\"in\u00e9galit\u00e9s\",\"pouvoir d'achat\",\"SPF S\u00e9curit\u00e9 Sociale\"],\"articleSection\":[\"Actualit\u00e9s\",\"Digital\"],\"inLanguage\":\"fr-FR\"},{\"@type\":\"WebPage\",\"@id\":\"https:\/\/peoplesphere.be\/fr\/la-belgique-est-dans-la-moyenne-europeenne-en-matiere-decart-de-pension-entre-les-hommes-et-les-femmes-un-ecart-entretenu-par-les-inegalites-au-travail\/\",\"url\":\"https:\/\/peoplesphere.be\/fr\/la-belgique-est-dans-la-moyenne-europeenne-en-matiere-decart-de-pension-entre-les-hommes-et-les-femmes-un-ecart-entretenu-par-les-inegalites-au-travail\/\",\"name\":\"La Belgique est dans la moyenne europ\u00e9enne en mati\u00e8re d\u2019\u00e9cart de pension entre les hommes et les femmes, un \u00e9cart entretenu par les in\u00e9galit\u00e9s au travail. - Peoplesphere\",\"isPartOf\":{\"@id\":\"https:\/\/peoplesphere.be\/fr\/#website\"},\"datePublished\":\"2024-04-26T04:29:49+00:00\",\"dateModified\":\"2024-04-26T04:36:08+00:00\",\"breadcrumb\":{\"@id\":\"https:\/\/peoplesphere.be\/fr\/la-belgique-est-dans-la-moyenne-europeenne-en-matiere-decart-de-pension-entre-les-hommes-et-les-femmes-un-ecart-entretenu-par-les-inegalites-au-travail\/#breadcrumb\"},\"inLanguage\":\"fr-FR\",\"potentialAction\":[{\"@type\":\"ReadAction\",\"target\":[\"https:\/\/peoplesphere.be\/fr\/la-belgique-est-dans-la-moyenne-europeenne-en-matiere-decart-de-pension-entre-les-hommes-et-les-femmes-un-ecart-entretenu-par-les-inegalites-au-travail\/\"]}]},{\"@type\":\"BreadcrumbList\",\"@id\":\"https:\/\/peoplesphere.be\/fr\/la-belgique-est-dans-la-moyenne-europeenne-en-matiere-decart-de-pension-entre-les-hommes-et-les-femmes-un-ecart-entretenu-par-les-inegalites-au-travail\/#breadcrumb\",\"itemListElement\":[{\"@type\":\"ListItem\",\"position\":1,\"name\":\"Accueil\",\"item\":\"https:\/\/peoplesphere.be\/fr\/\"},{\"@type\":\"ListItem\",\"position\":2,\"name\":\"La Belgique est dans la moyenne europ\u00e9enne en mati\u00e8re d\u2019\u00e9cart de pension entre les hommes et les femmes, un \u00e9cart entretenu par les in\u00e9galit\u00e9s au travail.\"}]},{\"@type\":\"WebSite\",\"@id\":\"https:\/\/peoplesphere.be\/fr\/#website\",\"url\":\"https:\/\/peoplesphere.be\/fr\/\",\"name\":\"Peoplesphere\",\"description\":\"The People Managers Magazine\",\"publisher\":{\"@id\":\"https:\/\/peoplesphere.be\/fr\/#organization\"},\"potentialAction\":[{\"@type\":\"SearchAction\",\"target\":{\"@type\":\"EntryPoint\",\"urlTemplate\":\"https:\/\/peoplesphere.be\/fr\/?s={search_term_string}\"},\"query-input\":\"required name=search_term_string\"}],\"inLanguage\":\"fr-FR\"},{\"@type\":\"Organization\",\"@id\":\"https:\/\/peoplesphere.be\/fr\/#organization\",\"name\":\"Peoplesphere Company srl\",\"url\":\"https:\/\/peoplesphere.be\/fr\/\",\"logo\":{\"@type\":\"ImageObject\",\"inLanguage\":\"fr-FR\",\"@id\":\"https:\/\/peoplesphere.be\/fr\/#\/schema\/logo\/image\/\",\"url\":\"https:\/\/peoplesphere.be\/fr\/wp-content\/uploads\/2023\/07\/peoplesphere-lgo-new-generik.jpg\",\"contentUrl\":\"https:\/\/peoplesphere.be\/fr\/wp-content\/uploads\/2023\/07\/peoplesphere-lgo-new-generik.jpg\",\"width\":1031,\"height\":1479,\"caption\":\"Peoplesphere Company srl\"},\"image\":{\"@id\":\"https:\/\/peoplesphere.be\/fr\/#\/schema\/logo\/image\/\"},\"sameAs\":[\"https:\/\/www.facebook.com\/peoplesphere\",\"https:\/\/twitter.com\/PeoplesphereMag\",\"https:\/\/www.linkedin.com\/company\/7587361?trk\",\"http:\/\/youtube.com\/peoplesphere\"]},{\"@type\":\"Person\",\"@id\":\"https:\/\/peoplesphere.be\/fr\/#\/schema\/person\/7976225ff17988604334abb7b3536a7e\",\"name\":\"Jean-Paul Erhard\",\"image\":{\"@type\":\"ImageObject\",\"inLanguage\":\"fr-FR\",\"@id\":\"https:\/\/peoplesphere.be\/fr\/#\/schema\/person\/image\/\",\"url\":\"https:\/\/secure.gravatar.com\/avatar\/f941e681460179738071629a51574930?s=96&d=mm&r=g\",\"contentUrl\":\"https:\/\/secure.gravatar.com\/avatar\/f941e681460179738071629a51574930?s=96&d=mm&r=g\",\"caption\":\"Jean-Paul Erhard\"},\"url\":\"https:\/\/peoplesphere.be\/fr\/author\/jpe\/\"}]}<\/script>\n<!-- \/ Yoast SEO plugin. -->","yoast_head_json":{"title":"La Belgique est dans la moyenne europ\u00e9enne en mati\u00e8re d\u2019\u00e9cart de pension entre les hommes et les femmes, un \u00e9cart entretenu par les in\u00e9galit\u00e9s au travail. - Peoplesphere","robots":{"index":"index","follow":"follow","max-snippet":"max-snippet:-1","max-image-preview":"max-image-preview:large","max-video-preview":"max-video-preview:-1"},"canonical":"https:\/\/peoplesphere.be\/fr\/la-belgique-est-dans-la-moyenne-europeenne-en-matiere-decart-de-pension-entre-les-hommes-et-les-femmes-un-ecart-entretenu-par-les-inegalites-au-travail\/","og_locale":"fr_FR","og_type":"article","og_title":"La Belgique est dans la moyenne europ\u00e9enne en mati\u00e8re d\u2019\u00e9cart de pension entre les hommes et les femmes, un \u00e9cart entretenu par les in\u00e9galit\u00e9s au travail. - Peoplesphere","og_description":"Selon des analyses r\u00e9alis\u00e9es par le Bureau f\u00e9d\u00e9ral du Plan, \u00e0 la demande du SPF S\u00e9curit\u00e9 sociale dans le cadre de la pr\u00e9sidence belge de l\u2019UE, cet \u00e9cart de genre est important chez les personnes de plus de 65 ans [&hellip;]","og_url":"https:\/\/peoplesphere.be\/fr\/la-belgique-est-dans-la-moyenne-europeenne-en-matiere-decart-de-pension-entre-les-hommes-et-les-femmes-un-ecart-entretenu-par-les-inegalites-au-travail\/","og_site_name":"Peoplesphere","article_publisher":"https:\/\/www.facebook.com\/peoplesphere","article_published_time":"2024-04-26T04:29:49+00:00","article_modified_time":"2024-04-26T04:36:08+00:00","og_image":[{"url":"http:\/\/www.peoplesphere.be\/fr\/wp-content\/uploads\/2016\/07\/facebook-default-posting-1200x628px.jpg"}],"author":"Jean-Paul Erhard","twitter_card":"summary_large_image","twitter_creator":"@PeoplesphereMag","twitter_site":"@PeoplesphereMag","twitter_misc":{"\u00c9crit par":"Jean-Paul Erhard","Dur\u00e9e de lecture estim\u00e9e":"4 minutes"},"schema":{"@context":"https:\/\/schema.org","@graph":[{"@type":"Article","@id":"https:\/\/peoplesphere.be\/fr\/la-belgique-est-dans-la-moyenne-europeenne-en-matiere-decart-de-pension-entre-les-hommes-et-les-femmes-un-ecart-entretenu-par-les-inegalites-au-travail\/#article","isPartOf":{"@id":"https:\/\/peoplesphere.be\/fr\/la-belgique-est-dans-la-moyenne-europeenne-en-matiere-decart-de-pension-entre-les-hommes-et-les-femmes-un-ecart-entretenu-par-les-inegalites-au-travail\/"},"author":{"name":"Jean-Paul Erhard","@id":"https:\/\/peoplesphere.be\/fr\/#\/schema\/person\/7976225ff17988604334abb7b3536a7e"},"headline":"La Belgique est dans la moyenne europ\u00e9enne en mati\u00e8re d\u2019\u00e9cart de pension entre les hommes et les femmes, un \u00e9cart entretenu par les in\u00e9galit\u00e9s au travail.","datePublished":"2024-04-26T04:29:49+00:00","dateModified":"2024-04-26T04:36:08+00:00","mainEntityOfPage":{"@id":"https:\/\/peoplesphere.be\/fr\/la-belgique-est-dans-la-moyenne-europeenne-en-matiere-decart-de-pension-entre-les-hommes-et-les-femmes-un-ecart-entretenu-par-les-inegalites-au-travail\/"},"wordCount":764,"publisher":{"@id":"https:\/\/peoplesphere.be\/fr\/#organization"},"keywords":["\u00e9cart de pension","in\u00e9galit\u00e9s","pouvoir d'achat","SPF S\u00e9curit\u00e9 Sociale"],"articleSection":["Actualit\u00e9s","Digital"],"inLanguage":"fr-FR"},{"@type":"WebPage","@id":"https:\/\/peoplesphere.be\/fr\/la-belgique-est-dans-la-moyenne-europeenne-en-matiere-decart-de-pension-entre-les-hommes-et-les-femmes-un-ecart-entretenu-par-les-inegalites-au-travail\/","url":"https:\/\/peoplesphere.be\/fr\/la-belgique-est-dans-la-moyenne-europeenne-en-matiere-decart-de-pension-entre-les-hommes-et-les-femmes-un-ecart-entretenu-par-les-inegalites-au-travail\/","name":"La Belgique est dans la moyenne europ\u00e9enne en mati\u00e8re d\u2019\u00e9cart de pension entre les hommes et les femmes, un \u00e9cart entretenu par les in\u00e9galit\u00e9s au travail. - Peoplesphere","isPartOf":{"@id":"https:\/\/peoplesphere.be\/fr\/#website"},"datePublished":"2024-04-26T04:29:49+00:00","dateModified":"2024-04-26T04:36:08+00:00","breadcrumb":{"@id":"https:\/\/peoplesphere.be\/fr\/la-belgique-est-dans-la-moyenne-europeenne-en-matiere-decart-de-pension-entre-les-hommes-et-les-femmes-un-ecart-entretenu-par-les-inegalites-au-travail\/#breadcrumb"},"inLanguage":"fr-FR","potentialAction":[{"@type":"ReadAction","target":["https:\/\/peoplesphere.be\/fr\/la-belgique-est-dans-la-moyenne-europeenne-en-matiere-decart-de-pension-entre-les-hommes-et-les-femmes-un-ecart-entretenu-par-les-inegalites-au-travail\/"]}]},{"@type":"BreadcrumbList","@id":"https:\/\/peoplesphere.be\/fr\/la-belgique-est-dans-la-moyenne-europeenne-en-matiere-decart-de-pension-entre-les-hommes-et-les-femmes-un-ecart-entretenu-par-les-inegalites-au-travail\/#breadcrumb","itemListElement":[{"@type":"ListItem","position":1,"name":"Accueil","item":"https:\/\/peoplesphere.be\/fr\/"},{"@type":"ListItem","position":2,"name":"La Belgique est dans la moyenne europ\u00e9enne en mati\u00e8re d\u2019\u00e9cart de pension entre les hommes et les femmes, un \u00e9cart entretenu par les in\u00e9galit\u00e9s au travail."}]},{"@type":"WebSite","@id":"https:\/\/peoplesphere.be\/fr\/#website","url":"https:\/\/peoplesphere.be\/fr\/","name":"Peoplesphere","description":"The People Managers Magazine","publisher":{"@id":"https:\/\/peoplesphere.be\/fr\/#organization"},"potentialAction":[{"@type":"SearchAction","target":{"@type":"EntryPoint","urlTemplate":"https:\/\/peoplesphere.be\/fr\/?s={search_term_string}"},"query-input":"required name=search_term_string"}],"inLanguage":"fr-FR"},{"@type":"Organization","@id":"https:\/\/peoplesphere.be\/fr\/#organization","name":"Peoplesphere Company srl","url":"https:\/\/peoplesphere.be\/fr\/","logo":{"@type":"ImageObject","inLanguage":"fr-FR","@id":"https:\/\/peoplesphere.be\/fr\/#\/schema\/logo\/image\/","url":"https:\/\/peoplesphere.be\/fr\/wp-content\/uploads\/2023\/07\/peoplesphere-lgo-new-generik.jpg","contentUrl":"https:\/\/peoplesphere.be\/fr\/wp-content\/uploads\/2023\/07\/peoplesphere-lgo-new-generik.jpg","width":1031,"height":1479,"caption":"Peoplesphere Company srl"},"image":{"@id":"https:\/\/peoplesphere.be\/fr\/#\/schema\/logo\/image\/"},"sameAs":["https:\/\/www.facebook.com\/peoplesphere","https:\/\/twitter.com\/PeoplesphereMag","https:\/\/www.linkedin.com\/company\/7587361?trk","http:\/\/youtube.com\/peoplesphere"]},{"@type":"Person","@id":"https:\/\/peoplesphere.be\/fr\/#\/schema\/person\/7976225ff17988604334abb7b3536a7e","name":"Jean-Paul Erhard","image":{"@type":"ImageObject","inLanguage":"fr-FR","@id":"https:\/\/peoplesphere.be\/fr\/#\/schema\/person\/image\/","url":"https:\/\/secure.gravatar.com\/avatar\/f941e681460179738071629a51574930?s=96&d=mm&r=g","contentUrl":"https:\/\/secure.gravatar.com\/avatar\/f941e681460179738071629a51574930?s=96&d=mm&r=g","caption":"Jean-Paul Erhard"},"url":"https:\/\/peoplesphere.be\/fr\/author\/jpe\/"}]}},"_links":{"self":[{"href":"https:\/\/peoplesphere.be\/fr\/wp-json\/wp\/v2\/posts\/16067"}],"collection":[{"href":"https:\/\/peoplesphere.be\/fr\/wp-json\/wp\/v2\/posts"}],"about":[{"href":"https:\/\/peoplesphere.be\/fr\/wp-json\/wp\/v2\/types\/post"}],"author":[{"embeddable":true,"href":"https:\/\/peoplesphere.be\/fr\/wp-json\/wp\/v2\/users\/2"}],"replies":[{"embeddable":true,"href":"https:\/\/peoplesphere.be\/fr\/wp-json\/wp\/v2\/comments?post=16067"}],"version-history":[{"count":2,"href":"https:\/\/peoplesphere.be\/fr\/wp-json\/wp\/v2\/posts\/16067\/revisions"}],"predecessor-version":[{"id":16069,"href":"https:\/\/peoplesphere.be\/fr\/wp-json\/wp\/v2\/posts\/16067\/revisions\/16069"}],"wp:attachment":[{"href":"https:\/\/peoplesphere.be\/fr\/wp-json\/wp\/v2\/media?parent=16067"}],"wp:term":[{"taxonomy":"category","embeddable":true,"href":"https:\/\/peoplesphere.be\/fr\/wp-json\/wp\/v2\/categories?post=16067"},{"taxonomy":"post_tag","embeddable":true,"href":"https:\/\/peoplesphere.be\/fr\/wp-json\/wp\/v2\/tags?post=16067"}],"curies":[{"name":"wp","href":"https:\/\/api.w.org\/{rel}","templated":true}]}}