









{"id":16079,"date":"2024-04-26T09:15:47","date_gmt":"2024-04-26T07:15:47","guid":{"rendered":"https:\/\/peoplesphere.be\/fr\/?p=16079"},"modified":"2024-04-26T09:15:47","modified_gmt":"2024-04-26T07:15:47","slug":"un-quart-des-belges-preoccupes-par-lissue-des-elections-la-confiance-envers-la-politique-est-au-plus-bas","status":"publish","type":"post","link":"https:\/\/peoplesphere.be\/fr\/un-quart-des-belges-preoccupes-par-lissue-des-elections-la-confiance-envers-la-politique-est-au-plus-bas\/","title":{"rendered":"Un quart des Belges pr\u00e9occup\u00e9s par l\u2019issue des \u00e9lections: la confiance envers la politique est au plus bas."},"content":{"rendered":"<p>Plus d&rsquo;un quart des Belges sont tr\u00e8s, voire extr\u00eamement inquiets quant \u00e0 l\u2019issue des prochaines \u00e9lections. Plus de 80 % des Belges d\u00e9clarent ne pas avoir confiance dans la politique. Autre constat : les Belges qui se disent confiant dans la politique sont \u00e9galement plus heureux. Et il n&rsquo;y a pas que les \u00e9lections qui donnent des insomnies aux Belges : pas moins de 45 % d&rsquo;entre eux se disent tr\u00e8s, voire extr\u00eamement inquiets pour l&rsquo;avenir de la soci\u00e9t\u00e9. Ces personnes semblent \u00e9galement plus malheureuses. <!--more--><\/p>\n<p>\u00c0 la proposition \u00ab Je suis inquiet des r\u00e9sultats des prochaines \u00e9lections \u00bb, 28,3% des personnes interrog\u00e9es se sont d\u00e9clar\u00e9es tr\u00e8s ou extr\u00eamement inqui\u00e8tes. C&rsquo;est ce qui ressort de la derni\u00e8re enqu\u00eate sur le bonheur national r\u00e9alis\u00e9e par l&rsquo;assureur NN et UGent. L&rsquo;enqu\u00eate a mesur\u00e9, entre autres, la confiance dans la soci\u00e9t\u00e9 et le lien entre la confiance et le bonheur.<\/p>\n<p>Sara Claes, doctorante \u00e0 l&rsquo;UGent : <em>\u00ab\u00a0\u00c0 l&rsquo;approche de ces \u00e9lections, de nombreux Belges semblent tr\u00e8s pr\u00e9occup\u00e9s par les r\u00e9sultats des \u00e9lections, mais aussi par l&rsquo;avenir de la soci\u00e9t\u00e9 en g\u00e9n\u00e9ral. Nous constatons que le th\u00e8me des \u00e9lections est tr\u00e8s pr\u00e9sent au sein de la population, il suffit de penser \u00e0 la grande popularit\u00e9 des diff\u00e9rents tests \u00e9lectoraux. De plus, 2024 est une ann\u00e9e \u00e9lectorale d\u00e9terminante : nous nous rendons aux urnes pour les \u00e9lections r\u00e9gionales, f\u00e9d\u00e9rales et europ\u00e9ennes. En Am\u00e9rique, un nouveau pr\u00e9sident sera \u00e9lu cette ann\u00e9e. Les r\u00e9sultats de toutes ces \u00e9lections d\u00e9termineront \u00e9videmment notre avenir, ce qui suscite des inqui\u00e9tudes, comme nous l&rsquo;avons \u00e9galement constat\u00e9 dans nos recherches.\u00a0\u00bb<\/em><\/p>\n<h3><strong><em>80 % des Belges n&rsquo;ont pas confiance dans la politique<\/em><\/strong><\/h3>\n<p>Plus de 80 % des Belges d\u00e9clarent avoir peu confiance dans la politique. Le Belge moyen attribue une note de 3,13 sur 10 \u00e0 sa confiance dans la politique. De plus, les niveaux de confiance dans la politique et dans l&rsquo;avenir de la soci\u00e9t\u00e9 semblent corr\u00e9l\u00e9s \u00e0 notre bien-\u00eatre financier : parmi les Belges peu satisfaits de leur situation financi\u00e8re, la confiance dans la politique est terriblement faible (2,36). En outre, les Belges peu satisfaits de leur situation financi\u00e8re semblent \u00e9galement plus pr\u00e9occup\u00e9s par l&rsquo;avenir de la soci\u00e9t\u00e9 : en effet, 54,8 % d&rsquo;entre eux sont tr\u00e8s ou extr\u00eamement inquiets.<\/p>\n<p><em>\u00ab\u00a0La confiance des Belges envers la politique est peu \u00e9lev\u00e9e. L&rsquo;enqu\u00eate montre \u00e9galement que la situation financi\u00e8re joue un r\u00f4le \u00e0 cet \u00e9gard : ceux qui sont moins satisfaits de leur situation financi\u00e8re semblent avoir une confiance extr\u00eamement faible dans la politique. Et ceux qui sont moins heureux ont logiquement aussi moins confiance en g\u00e9n\u00e9ral en la politique. Id\u00e9alement, notre niveau de bonheur devrait \u00eatre une priorit\u00e9 politique absolue\u00a0\u00bb<\/em>, a d\u00e9clar\u00e9 le professeur Lieven Annemans, \u00e9conomiste de la sant\u00e9 \u00e0 l&rsquo;universit\u00e9 de Gand.<\/p>\n<h3><strong><em>L&rsquo;avenir de la soci\u00e9t\u00e9 pr\u00e9occupe de nombreux Belges<\/em><\/strong><\/h3>\n<p>Les nombreuses guerres, la crise \u00e9conomique et les sp\u00e9culations sur les crises \u00e0 venir ont des r\u00e9percutions sur les bien-\u00eatre des Belges : 45 % d\u2019entre eux se disent tr\u00e8s, voire extr\u00eamement inquiets pour l&rsquo;avenir de la soci\u00e9t\u00e9. Ceux-ci sont \u00e9galement plus malheureux.<\/p>\n<p>Sara Claes pr\u00e9cise : \u00ab\u00a0<em>Nous constatons que les crises qui touchent le monde entier aujourd&rsquo;hui suscitent \u00e9galement des inqui\u00e9tudes chez les Belges. Il appara\u00eet que 30,2 % de la population belge a peur de l&rsquo;avenir en raison des guerres en Ukraine et au Moyen-Orient, entre autres. Nous pensons que cette peur de l&rsquo;avenir ne fera qu&rsquo;augmenter au fur et \u00e0 mesure que ces conflits s&rsquo;aggraveront. Nous remarquons que cette pr\u00e9occupation est li\u00e9e \u00e0 un sentiment d\u2019anxi\u00e9t\u00e9. Des mesures en faveur de la paix sont n\u00e9cessaires pour inverser la tendance.\u00a0\u00bb<\/em><\/p>\n<p>&nbsp;<\/p>\n<p><em>\u00c0 propos de l\u2019enqu\u00eate &#8211; Depuis 2017, l&rsquo;enqu\u00eate nationale sur le bonheur UGent-NN de l&rsquo;UGent et de l&rsquo;assureur-vie NN analyse ce qui rend les Belges heureux et comment nous pouvons promouvoir ce bonheur dans notre soci\u00e9t\u00e9. En janvier 2024, une nouvelle \u00e9dition de l\u2019enqu\u00eate a \u00e9t\u00e9 men\u00e9e aupr\u00e8s d&rsquo;un certain nombre de personnes. Sur cette base, un \u00e9chantillon repr\u00e9sentatif de 1536 Belges a \u00e9t\u00e9 constitu\u00e9.<\/em><\/p>\n","protected":false},"excerpt":{"rendered":"<p>Plus d&rsquo;un quart des Belges sont tr\u00e8s, voire extr\u00eamement inquiets quant \u00e0 l\u2019issue des prochaines \u00e9lections. Plus de 80 % des Belges d\u00e9clarent ne pas avoir confiance dans la politique. Autre constat : les Belges qui se disent confiant dans [&hellip;]<\/p>\n","protected":false},"author":2,"featured_media":0,"comment_status":"closed","ping_status":"open","sticky":false,"template":"","format":"standard","meta":[],"categories":[65,10],"tags":[320,1715,52],"yoast_head":"<!-- This site is optimized with the Yoast SEO plugin v21.0 - https:\/\/yoast.com\/wordpress\/plugins\/seo\/ -->\n<title>Un quart des Belges pr\u00e9occup\u00e9s par l\u2019issue des \u00e9lections: la confiance envers la politique est au plus bas. - Peoplesphere<\/title>\n<meta name=\"description\" content=\"Un quart des Belges pr\u00e9occup\u00e9s par l\u2019issue des \u00e9lections: la confiance envers la politique est au plus bas.\" \/>\n<meta name=\"robots\" content=\"index, follow, max-snippet:-1, max-image-preview:large, max-video-preview:-1\" \/>\n<link rel=\"canonical\" href=\"https:\/\/peoplesphere.be\/fr\/un-quart-des-belges-preoccupes-par-lissue-des-elections-la-confiance-envers-la-politique-est-au-plus-bas\/\" \/>\n<meta property=\"og:locale\" content=\"fr_FR\" \/>\n<meta property=\"og:type\" content=\"article\" \/>\n<meta property=\"og:title\" content=\"Un quart des Belges pr\u00e9occup\u00e9s par l\u2019issue des \u00e9lections: la confiance envers la politique est au plus bas. - Peoplesphere\" \/>\n<meta property=\"og:description\" content=\"Un quart des Belges pr\u00e9occup\u00e9s par l\u2019issue des \u00e9lections: la confiance envers la politique est au plus bas.\" \/>\n<meta property=\"og:url\" content=\"https:\/\/peoplesphere.be\/fr\/un-quart-des-belges-preoccupes-par-lissue-des-elections-la-confiance-envers-la-politique-est-au-plus-bas\/\" \/>\n<meta property=\"og:site_name\" content=\"Peoplesphere\" \/>\n<meta property=\"article:publisher\" content=\"https:\/\/www.facebook.com\/peoplesphere\" \/>\n<meta property=\"article:published_time\" content=\"2024-04-26T07:15:47+00:00\" \/>\n<meta property=\"og:image\" content=\"http:\/\/www.peoplesphere.be\/fr\/wp-content\/uploads\/2016\/07\/facebook-default-posting-1200x628px.jpg\" \/>\n<meta name=\"author\" content=\"Jean-Paul Erhard\" \/>\n<meta name=\"twitter:card\" content=\"summary_large_image\" \/>\n<meta name=\"twitter:creator\" content=\"@PeoplesphereMag\" \/>\n<meta name=\"twitter:site\" content=\"@PeoplesphereMag\" \/>\n<meta name=\"twitter:label1\" content=\"\u00c9crit par\" \/>\n\t<meta name=\"twitter:data1\" content=\"Jean-Paul Erhard\" \/>\n\t<meta name=\"twitter:label2\" content=\"Dur\u00e9e de lecture estim\u00e9e\" \/>\n\t<meta name=\"twitter:data2\" content=\"4 minutes\" \/>\n<script type=\"application\/ld+json\" class=\"yoast-schema-graph\">{\"@context\":\"https:\/\/schema.org\",\"@graph\":[{\"@type\":\"Article\",\"@id\":\"https:\/\/peoplesphere.be\/fr\/un-quart-des-belges-preoccupes-par-lissue-des-elections-la-confiance-envers-la-politique-est-au-plus-bas\/#article\",\"isPartOf\":{\"@id\":\"https:\/\/peoplesphere.be\/fr\/un-quart-des-belges-preoccupes-par-lissue-des-elections-la-confiance-envers-la-politique-est-au-plus-bas\/\"},\"author\":{\"name\":\"Jean-Paul Erhard\",\"@id\":\"https:\/\/peoplesphere.be\/fr\/#\/schema\/person\/7976225ff17988604334abb7b3536a7e\"},\"headline\":\"Un quart des Belges pr\u00e9occup\u00e9s par l\u2019issue des \u00e9lections: la confiance envers la politique est au plus bas.\",\"datePublished\":\"2024-04-26T07:15:47+00:00\",\"dateModified\":\"2024-04-26T07:15:47+00:00\",\"mainEntityOfPage\":{\"@id\":\"https:\/\/peoplesphere.be\/fr\/un-quart-des-belges-preoccupes-par-lissue-des-elections-la-confiance-envers-la-politique-est-au-plus-bas\/\"},\"wordCount\":722,\"publisher\":{\"@id\":\"https:\/\/peoplesphere.be\/fr\/#organization\"},\"keywords\":[\"confiance\",\"\u00e9lections\",\"Politique\"],\"articleSection\":[\"Actualit\u00e9s\",\"Digital\"],\"inLanguage\":\"fr-FR\"},{\"@type\":\"WebPage\",\"@id\":\"https:\/\/peoplesphere.be\/fr\/un-quart-des-belges-preoccupes-par-lissue-des-elections-la-confiance-envers-la-politique-est-au-plus-bas\/\",\"url\":\"https:\/\/peoplesphere.be\/fr\/un-quart-des-belges-preoccupes-par-lissue-des-elections-la-confiance-envers-la-politique-est-au-plus-bas\/\",\"name\":\"Un quart des Belges pr\u00e9occup\u00e9s par l\u2019issue des \u00e9lections: la confiance envers la politique est au plus bas. - Peoplesphere\",\"isPartOf\":{\"@id\":\"https:\/\/peoplesphere.be\/fr\/#website\"},\"datePublished\":\"2024-04-26T07:15:47+00:00\",\"dateModified\":\"2024-04-26T07:15:47+00:00\",\"description\":\"Un quart des Belges pr\u00e9occup\u00e9s par l\u2019issue des \u00e9lections: la confiance envers la politique est au plus bas.\",\"breadcrumb\":{\"@id\":\"https:\/\/peoplesphere.be\/fr\/un-quart-des-belges-preoccupes-par-lissue-des-elections-la-confiance-envers-la-politique-est-au-plus-bas\/#breadcrumb\"},\"inLanguage\":\"fr-FR\",\"potentialAction\":[{\"@type\":\"ReadAction\",\"target\":[\"https:\/\/peoplesphere.be\/fr\/un-quart-des-belges-preoccupes-par-lissue-des-elections-la-confiance-envers-la-politique-est-au-plus-bas\/\"]}]},{\"@type\":\"BreadcrumbList\",\"@id\":\"https:\/\/peoplesphere.be\/fr\/un-quart-des-belges-preoccupes-par-lissue-des-elections-la-confiance-envers-la-politique-est-au-plus-bas\/#breadcrumb\",\"itemListElement\":[{\"@type\":\"ListItem\",\"position\":1,\"name\":\"Accueil\",\"item\":\"https:\/\/peoplesphere.be\/fr\/\"},{\"@type\":\"ListItem\",\"position\":2,\"name\":\"Un quart des Belges pr\u00e9occup\u00e9s par l\u2019issue des \u00e9lections: la confiance envers la politique est au plus bas.\"}]},{\"@type\":\"WebSite\",\"@id\":\"https:\/\/peoplesphere.be\/fr\/#website\",\"url\":\"https:\/\/peoplesphere.be\/fr\/\",\"name\":\"Peoplesphere\",\"description\":\"The People Managers Magazine\",\"publisher\":{\"@id\":\"https:\/\/peoplesphere.be\/fr\/#organization\"},\"potentialAction\":[{\"@type\":\"SearchAction\",\"target\":{\"@type\":\"EntryPoint\",\"urlTemplate\":\"https:\/\/peoplesphere.be\/fr\/?s={search_term_string}\"},\"query-input\":\"required name=search_term_string\"}],\"inLanguage\":\"fr-FR\"},{\"@type\":\"Organization\",\"@id\":\"https:\/\/peoplesphere.be\/fr\/#organization\",\"name\":\"Peoplesphere Company srl\",\"url\":\"https:\/\/peoplesphere.be\/fr\/\",\"logo\":{\"@type\":\"ImageObject\",\"inLanguage\":\"fr-FR\",\"@id\":\"https:\/\/peoplesphere.be\/fr\/#\/schema\/logo\/image\/\",\"url\":\"https:\/\/peoplesphere.be\/fr\/wp-content\/uploads\/2023\/07\/peoplesphere-lgo-new-generik.jpg\",\"contentUrl\":\"https:\/\/peoplesphere.be\/fr\/wp-content\/uploads\/2023\/07\/peoplesphere-lgo-new-generik.jpg\",\"width\":1031,\"height\":1479,\"caption\":\"Peoplesphere Company srl\"},\"image\":{\"@id\":\"https:\/\/peoplesphere.be\/fr\/#\/schema\/logo\/image\/\"},\"sameAs\":[\"https:\/\/www.facebook.com\/peoplesphere\",\"https:\/\/twitter.com\/PeoplesphereMag\",\"https:\/\/www.linkedin.com\/company\/7587361?trk\",\"http:\/\/youtube.com\/peoplesphere\"]},{\"@type\":\"Person\",\"@id\":\"https:\/\/peoplesphere.be\/fr\/#\/schema\/person\/7976225ff17988604334abb7b3536a7e\",\"name\":\"Jean-Paul Erhard\",\"image\":{\"@type\":\"ImageObject\",\"inLanguage\":\"fr-FR\",\"@id\":\"https:\/\/peoplesphere.be\/fr\/#\/schema\/person\/image\/\",\"url\":\"https:\/\/secure.gravatar.com\/avatar\/f941e681460179738071629a51574930?s=96&d=mm&r=g\",\"contentUrl\":\"https:\/\/secure.gravatar.com\/avatar\/f941e681460179738071629a51574930?s=96&d=mm&r=g\",\"caption\":\"Jean-Paul Erhard\"},\"url\":\"https:\/\/peoplesphere.be\/fr\/author\/jpe\/\"}]}<\/script>\n<!-- \/ Yoast SEO plugin. -->","yoast_head_json":{"title":"Un quart des Belges pr\u00e9occup\u00e9s par l\u2019issue des \u00e9lections: la confiance envers la politique est au plus bas. - Peoplesphere","description":"Un quart des Belges pr\u00e9occup\u00e9s par l\u2019issue des \u00e9lections: la confiance envers la politique est au plus bas.","robots":{"index":"index","follow":"follow","max-snippet":"max-snippet:-1","max-image-preview":"max-image-preview:large","max-video-preview":"max-video-preview:-1"},"canonical":"https:\/\/peoplesphere.be\/fr\/un-quart-des-belges-preoccupes-par-lissue-des-elections-la-confiance-envers-la-politique-est-au-plus-bas\/","og_locale":"fr_FR","og_type":"article","og_title":"Un quart des Belges pr\u00e9occup\u00e9s par l\u2019issue des \u00e9lections: la confiance envers la politique est au plus bas. - Peoplesphere","og_description":"Un quart des Belges pr\u00e9occup\u00e9s par l\u2019issue des \u00e9lections: la confiance envers la politique est au plus bas.","og_url":"https:\/\/peoplesphere.be\/fr\/un-quart-des-belges-preoccupes-par-lissue-des-elections-la-confiance-envers-la-politique-est-au-plus-bas\/","og_site_name":"Peoplesphere","article_publisher":"https:\/\/www.facebook.com\/peoplesphere","article_published_time":"2024-04-26T07:15:47+00:00","og_image":[{"url":"http:\/\/www.peoplesphere.be\/fr\/wp-content\/uploads\/2016\/07\/facebook-default-posting-1200x628px.jpg"}],"author":"Jean-Paul Erhard","twitter_card":"summary_large_image","twitter_creator":"@PeoplesphereMag","twitter_site":"@PeoplesphereMag","twitter_misc":{"\u00c9crit par":"Jean-Paul Erhard","Dur\u00e9e de lecture estim\u00e9e":"4 minutes"},"schema":{"@context":"https:\/\/schema.org","@graph":[{"@type":"Article","@id":"https:\/\/peoplesphere.be\/fr\/un-quart-des-belges-preoccupes-par-lissue-des-elections-la-confiance-envers-la-politique-est-au-plus-bas\/#article","isPartOf":{"@id":"https:\/\/peoplesphere.be\/fr\/un-quart-des-belges-preoccupes-par-lissue-des-elections-la-confiance-envers-la-politique-est-au-plus-bas\/"},"author":{"name":"Jean-Paul Erhard","@id":"https:\/\/peoplesphere.be\/fr\/#\/schema\/person\/7976225ff17988604334abb7b3536a7e"},"headline":"Un quart des Belges pr\u00e9occup\u00e9s par l\u2019issue des \u00e9lections: la confiance envers la politique est au plus bas.","datePublished":"2024-04-26T07:15:47+00:00","dateModified":"2024-04-26T07:15:47+00:00","mainEntityOfPage":{"@id":"https:\/\/peoplesphere.be\/fr\/un-quart-des-belges-preoccupes-par-lissue-des-elections-la-confiance-envers-la-politique-est-au-plus-bas\/"},"wordCount":722,"publisher":{"@id":"https:\/\/peoplesphere.be\/fr\/#organization"},"keywords":["confiance","\u00e9lections","Politique"],"articleSection":["Actualit\u00e9s","Digital"],"inLanguage":"fr-FR"},{"@type":"WebPage","@id":"https:\/\/peoplesphere.be\/fr\/un-quart-des-belges-preoccupes-par-lissue-des-elections-la-confiance-envers-la-politique-est-au-plus-bas\/","url":"https:\/\/peoplesphere.be\/fr\/un-quart-des-belges-preoccupes-par-lissue-des-elections-la-confiance-envers-la-politique-est-au-plus-bas\/","name":"Un quart des Belges pr\u00e9occup\u00e9s par l\u2019issue des \u00e9lections: la confiance envers la politique est au plus bas. - Peoplesphere","isPartOf":{"@id":"https:\/\/peoplesphere.be\/fr\/#website"},"datePublished":"2024-04-26T07:15:47+00:00","dateModified":"2024-04-26T07:15:47+00:00","description":"Un quart des Belges pr\u00e9occup\u00e9s par l\u2019issue des \u00e9lections: la confiance envers la politique est au plus bas.","breadcrumb":{"@id":"https:\/\/peoplesphere.be\/fr\/un-quart-des-belges-preoccupes-par-lissue-des-elections-la-confiance-envers-la-politique-est-au-plus-bas\/#breadcrumb"},"inLanguage":"fr-FR","potentialAction":[{"@type":"ReadAction","target":["https:\/\/peoplesphere.be\/fr\/un-quart-des-belges-preoccupes-par-lissue-des-elections-la-confiance-envers-la-politique-est-au-plus-bas\/"]}]},{"@type":"BreadcrumbList","@id":"https:\/\/peoplesphere.be\/fr\/un-quart-des-belges-preoccupes-par-lissue-des-elections-la-confiance-envers-la-politique-est-au-plus-bas\/#breadcrumb","itemListElement":[{"@type":"ListItem","position":1,"name":"Accueil","item":"https:\/\/peoplesphere.be\/fr\/"},{"@type":"ListItem","position":2,"name":"Un quart des Belges pr\u00e9occup\u00e9s par l\u2019issue des \u00e9lections: la confiance envers la politique est au plus bas."}]},{"@type":"WebSite","@id":"https:\/\/peoplesphere.be\/fr\/#website","url":"https:\/\/peoplesphere.be\/fr\/","name":"Peoplesphere","description":"The People Managers Magazine","publisher":{"@id":"https:\/\/peoplesphere.be\/fr\/#organization"},"potentialAction":[{"@type":"SearchAction","target":{"@type":"EntryPoint","urlTemplate":"https:\/\/peoplesphere.be\/fr\/?s={search_term_string}"},"query-input":"required name=search_term_string"}],"inLanguage":"fr-FR"},{"@type":"Organization","@id":"https:\/\/peoplesphere.be\/fr\/#organization","name":"Peoplesphere Company srl","url":"https:\/\/peoplesphere.be\/fr\/","logo":{"@type":"ImageObject","inLanguage":"fr-FR","@id":"https:\/\/peoplesphere.be\/fr\/#\/schema\/logo\/image\/","url":"https:\/\/peoplesphere.be\/fr\/wp-content\/uploads\/2023\/07\/peoplesphere-lgo-new-generik.jpg","contentUrl":"https:\/\/peoplesphere.be\/fr\/wp-content\/uploads\/2023\/07\/peoplesphere-lgo-new-generik.jpg","width":1031,"height":1479,"caption":"Peoplesphere Company srl"},"image":{"@id":"https:\/\/peoplesphere.be\/fr\/#\/schema\/logo\/image\/"},"sameAs":["https:\/\/www.facebook.com\/peoplesphere","https:\/\/twitter.com\/PeoplesphereMag","https:\/\/www.linkedin.com\/company\/7587361?trk","http:\/\/youtube.com\/peoplesphere"]},{"@type":"Person","@id":"https:\/\/peoplesphere.be\/fr\/#\/schema\/person\/7976225ff17988604334abb7b3536a7e","name":"Jean-Paul Erhard","image":{"@type":"ImageObject","inLanguage":"fr-FR","@id":"https:\/\/peoplesphere.be\/fr\/#\/schema\/person\/image\/","url":"https:\/\/secure.gravatar.com\/avatar\/f941e681460179738071629a51574930?s=96&d=mm&r=g","contentUrl":"https:\/\/secure.gravatar.com\/avatar\/f941e681460179738071629a51574930?s=96&d=mm&r=g","caption":"Jean-Paul Erhard"},"url":"https:\/\/peoplesphere.be\/fr\/author\/jpe\/"}]}},"_links":{"self":[{"href":"https:\/\/peoplesphere.be\/fr\/wp-json\/wp\/v2\/posts\/16079"}],"collection":[{"href":"https:\/\/peoplesphere.be\/fr\/wp-json\/wp\/v2\/posts"}],"about":[{"href":"https:\/\/peoplesphere.be\/fr\/wp-json\/wp\/v2\/types\/post"}],"author":[{"embeddable":true,"href":"https:\/\/peoplesphere.be\/fr\/wp-json\/wp\/v2\/users\/2"}],"replies":[{"embeddable":true,"href":"https:\/\/peoplesphere.be\/fr\/wp-json\/wp\/v2\/comments?post=16079"}],"version-history":[{"count":1,"href":"https:\/\/peoplesphere.be\/fr\/wp-json\/wp\/v2\/posts\/16079\/revisions"}],"predecessor-version":[{"id":16080,"href":"https:\/\/peoplesphere.be\/fr\/wp-json\/wp\/v2\/posts\/16079\/revisions\/16080"}],"wp:attachment":[{"href":"https:\/\/peoplesphere.be\/fr\/wp-json\/wp\/v2\/media?parent=16079"}],"wp:term":[{"taxonomy":"category","embeddable":true,"href":"https:\/\/peoplesphere.be\/fr\/wp-json\/wp\/v2\/categories?post=16079"},{"taxonomy":"post_tag","embeddable":true,"href":"https:\/\/peoplesphere.be\/fr\/wp-json\/wp\/v2\/tags?post=16079"}],"curies":[{"name":"wp","href":"https:\/\/api.w.org\/{rel}","templated":true}]}}