









{"id":16081,"date":"2024-04-29T08:47:54","date_gmt":"2024-04-29T06:47:54","guid":{"rendered":"https:\/\/peoplesphere.be\/fr\/?p=16081"},"modified":"2024-04-29T08:47:54","modified_gmt":"2024-04-29T06:47:54","slug":"les-pme-wallonnes-ressentent-particulierement-limpact-negatif-de-la-modification-des-vacances-scolaires","status":"publish","type":"post","link":"https:\/\/peoplesphere.be\/fr\/les-pme-wallonnes-ressentent-particulierement-limpact-negatif-de-la-modification-des-vacances-scolaires\/","title":{"rendered":"Les PME wallonnes ressentent particuli\u00e8rement l&rsquo;impact n\u00e9gatif de la modification des vacances scolaires."},"content":{"rendered":"<p>Pr\u00e8s de la moiti\u00e9 des PME wallonnes (48,5%) \u00e9prouvent des difficult\u00e9s \u00e0 g\u00e9rer la planification de ses travailleurs et \u00e0 leur permettre de prendre des vacances. Environ huit pour cent (7,6%) trouvent que c&rsquo;est plus facile dor\u00e9navant. Parmi les PME bas\u00e9es \u00e0 Bruxelles, celles qui \u00e9prouvent des difficult\u00e9s sont \u00e9galement plus nombreuses (35,2%) que celles qui trouvent la situation plus facile (3,6%). Plus la PME est grande, plus il est probable que la planification du travail et des vacances devienne difficile.<!--more--><\/p>\n<p>En Flandre, peu de PME rencontrent actuellement des difficult\u00e9s. Pour les \u00e9coles flamandes, le r\u00e9gime habituel de huit semaines de vacances scolaires en \u00e9t\u00e9 est toujours d&rsquo;application. C&rsquo;est ce qui ressort de la derni\u00e8re enqu\u00eate de SD Worx sur les PME r\u00e9alis\u00e9e en mars 2024 aupr\u00e8s de 870 dirigeants de PME.<\/p>\n<p>En ce d\u00e9but des deux semaines de vacances scolaires wallonnes (cong\u00e9 de printemps), l&rsquo;expert en RH SD Worx publie l&rsquo;impact du changement des cong\u00e9s scolaires en Belgique aupr\u00e8s des PME. Le nouveau r\u00e9gime est en place depuis le d\u00e9but de l&rsquo;ann\u00e9e scolaire 2022-2023. Depuis lors, il existe des diff\u00e9rences r\u00e9gionales en Belgique. En Wallonie, les vacances d&rsquo;\u00e9t\u00e9 sont raccourcies de 2 semaines et les vacances de carnaval et d&rsquo;automne sont rallong\u00e9es d\u2019une semaine.<\/p>\n<h3><strong><em>Moins positif que pr\u00e9vu<\/em><\/strong><\/h3>\n<p>Avant l\u2019entr\u00e9e en vigueur du nouveau r\u00e9gime de vacances scolaires, SD Worx avait \u00e9galement r\u00e9alis\u00e9 un sondage. \u00c0 ce moment-l\u00e0, en 2022, les PME semblaient alors plus positives \u00e0 l&rsquo;\u00e9gard du changement, puisqu&rsquo;un tiers (30,4%) des PME wallonnes et un quart (24,7%) des PME bruxelloises pr\u00e9disaient une complication de la planification et la prise de cong\u00e9s.<\/p>\n<p>Presque deux ans plus tard, les PME wallonnes et bruxelloises sont plus nombreuses \u00e0 \u00e9prouver des difficult\u00e9s en comparaison aux PME qui trouvent la planification plus facile depuis le nouveau calendrier. Les PME wallonnes sont les moins enthousiastes avec 48,5% des PME qui trouvent la situation plus difficile (et 7,6% qui la trouvent plus facile). Les PME bruxelloises quant \u00e0 elles sont 35,2% \u00e0 trouver la situation plus difficile (contre 3,6% qui la trouvent plus facile).<\/p>\n<p>En Flandre, seules 6% des PME rencontrent des difficult\u00e9s ; la grande majorit\u00e9 d&rsquo;entre elles (plus de 90%) ne ressentent aucun impact. Ce n&rsquo;est que dans le Brabant flamand que l&rsquo;on trouve une exception avec 15% de PME qui rencontrent des difficult\u00e9s.<\/p>\n<h3><strong><em>Plus la PME est grande, plus l&rsquo;impact est important<\/em><\/strong><\/h3>\n<p>Pour les PME comptant jusqu&rsquo;\u00e0 100 travailleurs, une sur cinq en moyenne subit un impact n\u00e9gatif. \u00c0 partir de 100 travailleurs, ce chiffre double pour atteindre 42%.<\/p>\n<p>Alexia van Zuylen, conseill\u00e8re PME chez SD Worx : <em>\u00ab\u00a0Les vacances scolaires dans l&rsquo;enseignement n\u00e9erlandophone et francophone ne co\u00efncident plus depuis plus d&rsquo;un an. Ce changement reste un d\u00e9fi pour les employeurs : il s&rsquo;agit d&rsquo;une v\u00e9ritable adaptation pour les PME en termes d&rsquo;organisation du travail et de planification des vacances. Les parents d&rsquo;enfants en \u00e2ge scolaire ont d\u00e9sormais la possibilit\u00e9 de prendre deux semaines, alors qu&rsquo;auparavant, ils les prenaient surtout pendant les vacances d&rsquo;\u00e9t\u00e9. Pour la plupart d&rsquo;entre eux, le casse-t\u00eate n&rsquo;est pas devenu plus facile. Il est important d&rsquo;avoir une bonne id\u00e9e des pr\u00e9f\u00e9rences de chacun et de planifier les vacances longtemps \u00e0 l&rsquo;avance pour assurer la continuit\u00e9. Pour les parents dont les enfants suivent un r\u00e9gime bilingue, la situation est encore plus d\u00e9concertante.\u00a0\u00bb<\/em><\/p>\n<p>&nbsp;<\/p>\n<p><em>Source: SD Worx<\/em><\/p>\n","protected":false},"excerpt":{"rendered":"<p>Pr\u00e8s de la moiti\u00e9 des PME wallonnes (48,5%) \u00e9prouvent des difficult\u00e9s \u00e0 g\u00e9rer la planification de ses travailleurs et \u00e0 leur permettre de prendre des vacances. Environ huit pour cent (7,6%) trouvent que c&rsquo;est plus facile dor\u00e9navant. Parmi les PME [&hellip;]<\/p>\n","protected":false},"author":2,"featured_media":0,"comment_status":"closed","ping_status":"open","sticky":false,"template":"","format":"standard","meta":[],"categories":[65,10],"tags":[3017,4038,2943],"yoast_head":"<!-- This site is optimized with the Yoast SEO plugin v21.0 - https:\/\/yoast.com\/wordpress\/plugins\/seo\/ -->\n<title>Les PME wallonnes ressentent particuli\u00e8rement l&#039;impact n\u00e9gatif de la modification des vacances scolaires. - Peoplesphere<\/title>\n<meta name=\"description\" content=\"Les PME wallonnes ressentent particuli\u00e8rement l&#039;impact n\u00e9gatif de la modification des vacances scolaires.\" \/>\n<meta name=\"robots\" content=\"index, follow, max-snippet:-1, max-image-preview:large, max-video-preview:-1\" \/>\n<link rel=\"canonical\" href=\"https:\/\/peoplesphere.be\/fr\/les-pme-wallonnes-ressentent-particulierement-limpact-negatif-de-la-modification-des-vacances-scolaires\/\" \/>\n<meta property=\"og:locale\" content=\"fr_FR\" \/>\n<meta property=\"og:type\" content=\"article\" \/>\n<meta property=\"og:title\" content=\"Les PME wallonnes ressentent particuli\u00e8rement l&#039;impact n\u00e9gatif de la modification des vacances scolaires. - Peoplesphere\" \/>\n<meta property=\"og:description\" content=\"Les PME wallonnes ressentent particuli\u00e8rement l&#039;impact n\u00e9gatif de la modification des vacances scolaires.\" \/>\n<meta property=\"og:url\" content=\"https:\/\/peoplesphere.be\/fr\/les-pme-wallonnes-ressentent-particulierement-limpact-negatif-de-la-modification-des-vacances-scolaires\/\" \/>\n<meta property=\"og:site_name\" content=\"Peoplesphere\" \/>\n<meta property=\"article:publisher\" content=\"https:\/\/www.facebook.com\/peoplesphere\" \/>\n<meta property=\"article:published_time\" content=\"2024-04-29T06:47:54+00:00\" \/>\n<meta property=\"og:image\" content=\"http:\/\/www.peoplesphere.be\/fr\/wp-content\/uploads\/2016\/07\/facebook-default-posting-1200x628px.jpg\" \/>\n<meta name=\"author\" content=\"Jean-Paul Erhard\" \/>\n<meta name=\"twitter:card\" content=\"summary_large_image\" \/>\n<meta name=\"twitter:creator\" content=\"@PeoplesphereMag\" \/>\n<meta name=\"twitter:site\" content=\"@PeoplesphereMag\" \/>\n<meta name=\"twitter:label1\" content=\"\u00c9crit par\" \/>\n\t<meta name=\"twitter:data1\" content=\"Jean-Paul Erhard\" \/>\n\t<meta name=\"twitter:label2\" content=\"Dur\u00e9e de lecture estim\u00e9e\" \/>\n\t<meta name=\"twitter:data2\" content=\"3 minutes\" \/>\n<script type=\"application\/ld+json\" class=\"yoast-schema-graph\">{\"@context\":\"https:\/\/schema.org\",\"@graph\":[{\"@type\":\"Article\",\"@id\":\"https:\/\/peoplesphere.be\/fr\/les-pme-wallonnes-ressentent-particulierement-limpact-negatif-de-la-modification-des-vacances-scolaires\/#article\",\"isPartOf\":{\"@id\":\"https:\/\/peoplesphere.be\/fr\/les-pme-wallonnes-ressentent-particulierement-limpact-negatif-de-la-modification-des-vacances-scolaires\/\"},\"author\":{\"name\":\"Jean-Paul Erhard\",\"@id\":\"https:\/\/peoplesphere.be\/fr\/#\/schema\/person\/7976225ff17988604334abb7b3536a7e\"},\"headline\":\"Les PME wallonnes ressentent particuli\u00e8rement l&rsquo;impact n\u00e9gatif de la modification des vacances scolaires.\",\"datePublished\":\"2024-04-29T06:47:54+00:00\",\"dateModified\":\"2024-04-29T06:47:54+00:00\",\"mainEntityOfPage\":{\"@id\":\"https:\/\/peoplesphere.be\/fr\/les-pme-wallonnes-ressentent-particulierement-limpact-negatif-de-la-modification-des-vacances-scolaires\/\"},\"wordCount\":580,\"publisher\":{\"@id\":\"https:\/\/peoplesphere.be\/fr\/#organization\"},\"keywords\":[\"planification\",\"PME wallonnes\",\"vacances scolaires\"],\"articleSection\":[\"Actualit\u00e9s\",\"Digital\"],\"inLanguage\":\"fr-FR\"},{\"@type\":\"WebPage\",\"@id\":\"https:\/\/peoplesphere.be\/fr\/les-pme-wallonnes-ressentent-particulierement-limpact-negatif-de-la-modification-des-vacances-scolaires\/\",\"url\":\"https:\/\/peoplesphere.be\/fr\/les-pme-wallonnes-ressentent-particulierement-limpact-negatif-de-la-modification-des-vacances-scolaires\/\",\"name\":\"Les PME wallonnes ressentent particuli\u00e8rement l'impact n\u00e9gatif de la modification des vacances scolaires. - Peoplesphere\",\"isPartOf\":{\"@id\":\"https:\/\/peoplesphere.be\/fr\/#website\"},\"datePublished\":\"2024-04-29T06:47:54+00:00\",\"dateModified\":\"2024-04-29T06:47:54+00:00\",\"description\":\"Les PME wallonnes ressentent particuli\u00e8rement l'impact n\u00e9gatif de la modification des vacances scolaires.\",\"breadcrumb\":{\"@id\":\"https:\/\/peoplesphere.be\/fr\/les-pme-wallonnes-ressentent-particulierement-limpact-negatif-de-la-modification-des-vacances-scolaires\/#breadcrumb\"},\"inLanguage\":\"fr-FR\",\"potentialAction\":[{\"@type\":\"ReadAction\",\"target\":[\"https:\/\/peoplesphere.be\/fr\/les-pme-wallonnes-ressentent-particulierement-limpact-negatif-de-la-modification-des-vacances-scolaires\/\"]}]},{\"@type\":\"BreadcrumbList\",\"@id\":\"https:\/\/peoplesphere.be\/fr\/les-pme-wallonnes-ressentent-particulierement-limpact-negatif-de-la-modification-des-vacances-scolaires\/#breadcrumb\",\"itemListElement\":[{\"@type\":\"ListItem\",\"position\":1,\"name\":\"Accueil\",\"item\":\"https:\/\/peoplesphere.be\/fr\/\"},{\"@type\":\"ListItem\",\"position\":2,\"name\":\"Les PME wallonnes ressentent particuli\u00e8rement l&rsquo;impact n\u00e9gatif de la modification des vacances scolaires.\"}]},{\"@type\":\"WebSite\",\"@id\":\"https:\/\/peoplesphere.be\/fr\/#website\",\"url\":\"https:\/\/peoplesphere.be\/fr\/\",\"name\":\"Peoplesphere\",\"description\":\"The People Managers Magazine\",\"publisher\":{\"@id\":\"https:\/\/peoplesphere.be\/fr\/#organization\"},\"potentialAction\":[{\"@type\":\"SearchAction\",\"target\":{\"@type\":\"EntryPoint\",\"urlTemplate\":\"https:\/\/peoplesphere.be\/fr\/?s={search_term_string}\"},\"query-input\":\"required name=search_term_string\"}],\"inLanguage\":\"fr-FR\"},{\"@type\":\"Organization\",\"@id\":\"https:\/\/peoplesphere.be\/fr\/#organization\",\"name\":\"Peoplesphere Company srl\",\"url\":\"https:\/\/peoplesphere.be\/fr\/\",\"logo\":{\"@type\":\"ImageObject\",\"inLanguage\":\"fr-FR\",\"@id\":\"https:\/\/peoplesphere.be\/fr\/#\/schema\/logo\/image\/\",\"url\":\"https:\/\/peoplesphere.be\/fr\/wp-content\/uploads\/2023\/07\/peoplesphere-lgo-new-generik.jpg\",\"contentUrl\":\"https:\/\/peoplesphere.be\/fr\/wp-content\/uploads\/2023\/07\/peoplesphere-lgo-new-generik.jpg\",\"width\":1031,\"height\":1479,\"caption\":\"Peoplesphere Company srl\"},\"image\":{\"@id\":\"https:\/\/peoplesphere.be\/fr\/#\/schema\/logo\/image\/\"},\"sameAs\":[\"https:\/\/www.facebook.com\/peoplesphere\",\"https:\/\/twitter.com\/PeoplesphereMag\",\"https:\/\/www.linkedin.com\/company\/7587361?trk\",\"http:\/\/youtube.com\/peoplesphere\"]},{\"@type\":\"Person\",\"@id\":\"https:\/\/peoplesphere.be\/fr\/#\/schema\/person\/7976225ff17988604334abb7b3536a7e\",\"name\":\"Jean-Paul Erhard\",\"image\":{\"@type\":\"ImageObject\",\"inLanguage\":\"fr-FR\",\"@id\":\"https:\/\/peoplesphere.be\/fr\/#\/schema\/person\/image\/\",\"url\":\"https:\/\/secure.gravatar.com\/avatar\/f941e681460179738071629a51574930?s=96&d=mm&r=g\",\"contentUrl\":\"https:\/\/secure.gravatar.com\/avatar\/f941e681460179738071629a51574930?s=96&d=mm&r=g\",\"caption\":\"Jean-Paul Erhard\"},\"url\":\"https:\/\/peoplesphere.be\/fr\/author\/jpe\/\"}]}<\/script>\n<!-- \/ Yoast SEO plugin. -->","yoast_head_json":{"title":"Les PME wallonnes ressentent particuli\u00e8rement l'impact n\u00e9gatif de la modification des vacances scolaires. - Peoplesphere","description":"Les PME wallonnes ressentent particuli\u00e8rement l'impact n\u00e9gatif de la modification des vacances scolaires.","robots":{"index":"index","follow":"follow","max-snippet":"max-snippet:-1","max-image-preview":"max-image-preview:large","max-video-preview":"max-video-preview:-1"},"canonical":"https:\/\/peoplesphere.be\/fr\/les-pme-wallonnes-ressentent-particulierement-limpact-negatif-de-la-modification-des-vacances-scolaires\/","og_locale":"fr_FR","og_type":"article","og_title":"Les PME wallonnes ressentent particuli\u00e8rement l'impact n\u00e9gatif de la modification des vacances scolaires. - Peoplesphere","og_description":"Les PME wallonnes ressentent particuli\u00e8rement l'impact n\u00e9gatif de la modification des vacances scolaires.","og_url":"https:\/\/peoplesphere.be\/fr\/les-pme-wallonnes-ressentent-particulierement-limpact-negatif-de-la-modification-des-vacances-scolaires\/","og_site_name":"Peoplesphere","article_publisher":"https:\/\/www.facebook.com\/peoplesphere","article_published_time":"2024-04-29T06:47:54+00:00","og_image":[{"url":"http:\/\/www.peoplesphere.be\/fr\/wp-content\/uploads\/2016\/07\/facebook-default-posting-1200x628px.jpg"}],"author":"Jean-Paul Erhard","twitter_card":"summary_large_image","twitter_creator":"@PeoplesphereMag","twitter_site":"@PeoplesphereMag","twitter_misc":{"\u00c9crit par":"Jean-Paul Erhard","Dur\u00e9e de lecture estim\u00e9e":"3 minutes"},"schema":{"@context":"https:\/\/schema.org","@graph":[{"@type":"Article","@id":"https:\/\/peoplesphere.be\/fr\/les-pme-wallonnes-ressentent-particulierement-limpact-negatif-de-la-modification-des-vacances-scolaires\/#article","isPartOf":{"@id":"https:\/\/peoplesphere.be\/fr\/les-pme-wallonnes-ressentent-particulierement-limpact-negatif-de-la-modification-des-vacances-scolaires\/"},"author":{"name":"Jean-Paul Erhard","@id":"https:\/\/peoplesphere.be\/fr\/#\/schema\/person\/7976225ff17988604334abb7b3536a7e"},"headline":"Les PME wallonnes ressentent particuli\u00e8rement l&rsquo;impact n\u00e9gatif de la modification des vacances scolaires.","datePublished":"2024-04-29T06:47:54+00:00","dateModified":"2024-04-29T06:47:54+00:00","mainEntityOfPage":{"@id":"https:\/\/peoplesphere.be\/fr\/les-pme-wallonnes-ressentent-particulierement-limpact-negatif-de-la-modification-des-vacances-scolaires\/"},"wordCount":580,"publisher":{"@id":"https:\/\/peoplesphere.be\/fr\/#organization"},"keywords":["planification","PME wallonnes","vacances scolaires"],"articleSection":["Actualit\u00e9s","Digital"],"inLanguage":"fr-FR"},{"@type":"WebPage","@id":"https:\/\/peoplesphere.be\/fr\/les-pme-wallonnes-ressentent-particulierement-limpact-negatif-de-la-modification-des-vacances-scolaires\/","url":"https:\/\/peoplesphere.be\/fr\/les-pme-wallonnes-ressentent-particulierement-limpact-negatif-de-la-modification-des-vacances-scolaires\/","name":"Les PME wallonnes ressentent particuli\u00e8rement l'impact n\u00e9gatif de la modification des vacances scolaires. - Peoplesphere","isPartOf":{"@id":"https:\/\/peoplesphere.be\/fr\/#website"},"datePublished":"2024-04-29T06:47:54+00:00","dateModified":"2024-04-29T06:47:54+00:00","description":"Les PME wallonnes ressentent particuli\u00e8rement l'impact n\u00e9gatif de la modification des vacances scolaires.","breadcrumb":{"@id":"https:\/\/peoplesphere.be\/fr\/les-pme-wallonnes-ressentent-particulierement-limpact-negatif-de-la-modification-des-vacances-scolaires\/#breadcrumb"},"inLanguage":"fr-FR","potentialAction":[{"@type":"ReadAction","target":["https:\/\/peoplesphere.be\/fr\/les-pme-wallonnes-ressentent-particulierement-limpact-negatif-de-la-modification-des-vacances-scolaires\/"]}]},{"@type":"BreadcrumbList","@id":"https:\/\/peoplesphere.be\/fr\/les-pme-wallonnes-ressentent-particulierement-limpact-negatif-de-la-modification-des-vacances-scolaires\/#breadcrumb","itemListElement":[{"@type":"ListItem","position":1,"name":"Accueil","item":"https:\/\/peoplesphere.be\/fr\/"},{"@type":"ListItem","position":2,"name":"Les PME wallonnes ressentent particuli\u00e8rement l&rsquo;impact n\u00e9gatif de la modification des vacances scolaires."}]},{"@type":"WebSite","@id":"https:\/\/peoplesphere.be\/fr\/#website","url":"https:\/\/peoplesphere.be\/fr\/","name":"Peoplesphere","description":"The People Managers Magazine","publisher":{"@id":"https:\/\/peoplesphere.be\/fr\/#organization"},"potentialAction":[{"@type":"SearchAction","target":{"@type":"EntryPoint","urlTemplate":"https:\/\/peoplesphere.be\/fr\/?s={search_term_string}"},"query-input":"required name=search_term_string"}],"inLanguage":"fr-FR"},{"@type":"Organization","@id":"https:\/\/peoplesphere.be\/fr\/#organization","name":"Peoplesphere Company srl","url":"https:\/\/peoplesphere.be\/fr\/","logo":{"@type":"ImageObject","inLanguage":"fr-FR","@id":"https:\/\/peoplesphere.be\/fr\/#\/schema\/logo\/image\/","url":"https:\/\/peoplesphere.be\/fr\/wp-content\/uploads\/2023\/07\/peoplesphere-lgo-new-generik.jpg","contentUrl":"https:\/\/peoplesphere.be\/fr\/wp-content\/uploads\/2023\/07\/peoplesphere-lgo-new-generik.jpg","width":1031,"height":1479,"caption":"Peoplesphere Company srl"},"image":{"@id":"https:\/\/peoplesphere.be\/fr\/#\/schema\/logo\/image\/"},"sameAs":["https:\/\/www.facebook.com\/peoplesphere","https:\/\/twitter.com\/PeoplesphereMag","https:\/\/www.linkedin.com\/company\/7587361?trk","http:\/\/youtube.com\/peoplesphere"]},{"@type":"Person","@id":"https:\/\/peoplesphere.be\/fr\/#\/schema\/person\/7976225ff17988604334abb7b3536a7e","name":"Jean-Paul Erhard","image":{"@type":"ImageObject","inLanguage":"fr-FR","@id":"https:\/\/peoplesphere.be\/fr\/#\/schema\/person\/image\/","url":"https:\/\/secure.gravatar.com\/avatar\/f941e681460179738071629a51574930?s=96&d=mm&r=g","contentUrl":"https:\/\/secure.gravatar.com\/avatar\/f941e681460179738071629a51574930?s=96&d=mm&r=g","caption":"Jean-Paul Erhard"},"url":"https:\/\/peoplesphere.be\/fr\/author\/jpe\/"}]}},"_links":{"self":[{"href":"https:\/\/peoplesphere.be\/fr\/wp-json\/wp\/v2\/posts\/16081"}],"collection":[{"href":"https:\/\/peoplesphere.be\/fr\/wp-json\/wp\/v2\/posts"}],"about":[{"href":"https:\/\/peoplesphere.be\/fr\/wp-json\/wp\/v2\/types\/post"}],"author":[{"embeddable":true,"href":"https:\/\/peoplesphere.be\/fr\/wp-json\/wp\/v2\/users\/2"}],"replies":[{"embeddable":true,"href":"https:\/\/peoplesphere.be\/fr\/wp-json\/wp\/v2\/comments?post=16081"}],"version-history":[{"count":1,"href":"https:\/\/peoplesphere.be\/fr\/wp-json\/wp\/v2\/posts\/16081\/revisions"}],"predecessor-version":[{"id":16082,"href":"https:\/\/peoplesphere.be\/fr\/wp-json\/wp\/v2\/posts\/16081\/revisions\/16082"}],"wp:attachment":[{"href":"https:\/\/peoplesphere.be\/fr\/wp-json\/wp\/v2\/media?parent=16081"}],"wp:term":[{"taxonomy":"category","embeddable":true,"href":"https:\/\/peoplesphere.be\/fr\/wp-json\/wp\/v2\/categories?post=16081"},{"taxonomy":"post_tag","embeddable":true,"href":"https:\/\/peoplesphere.be\/fr\/wp-json\/wp\/v2\/tags?post=16081"}],"curies":[{"name":"wp","href":"https:\/\/api.w.org\/{rel}","templated":true}]}}