









{"id":16136,"date":"2024-05-13T08:18:09","date_gmt":"2024-05-13T06:18:09","guid":{"rendered":"https:\/\/peoplesphere.be\/fr\/?p=16136"},"modified":"2024-05-13T08:18:09","modified_gmt":"2024-05-13T06:18:09","slug":"les-conges-parentaux-de-1-5e-et-de-1-10e-ont-le-plus-de-succes-avec-une-augmentation-notable-aupres-des-papas","status":"publish","type":"post","link":"https:\/\/peoplesphere.be\/fr\/les-conges-parentaux-de-1-5e-et-de-1-10e-ont-le-plus-de-succes-avec-une-augmentation-notable-aupres-des-papas\/","title":{"rendered":"Les cong\u00e9s parentaux de 1\/5e et de 1\/10e ont le plus de succ\u00e8s, avec une augmentation notable aupr\u00e8s des papas."},"content":{"rendered":"<p>Le cong\u00e9 parental r\u00e9mun\u00e9r\u00e9 repart \u00e0 la hausse en 2024 par rapport \u00e0 2023. L&rsquo;augmentation est particuli\u00e8rement sensible chez les papas, avec une hausse de 14%, soit presque deux fois plus que chez les mamans (+7%). Cette tendance indique un rattrapage, r\u00e9duisant l&rsquo;\u00e9cart entre les m\u00e8res et les p\u00e8res, bien que presque deux fois plus de m\u00e8res prennent un cong\u00e9 parental (r\u00e9mun\u00e9r\u00e9).<!--more--><\/p>\n<p>Plus de la moiti\u00e9 des parents (51%) optent pour une r\u00e9duction d&rsquo;un jour par semaine, connue sous le nom de cong\u00e9 parental de 1\/5e, qui est la plus populaire. Vient ensuite le cong\u00e9 parental de 1\/10e, particuli\u00e8rement populaire aupr\u00e8s des papas. Chez les mamans, le cong\u00e9 parental \u00e0 mi-temps est la forme de cong\u00e9 qui conna\u00eet la plus forte croissance, afin de combiner travail et famille. C&rsquo;est ce qui ressort des chiffres r\u00e9cents de l\u2019ONEM, analys\u00e9s pour De Zondag par SD Worx, sp\u00e9cialiste des ressources humaines.<\/p>\n<h3><strong><em>Pr\u00e8s de 100 000 parents b\u00e9n\u00e9ficient d&rsquo;un cong\u00e9 parental<\/em><\/strong><\/h3>\n<p>Fin mars 2024, l&rsquo;ONEM a enregistr\u00e9 99.764 parents utilisant le cong\u00e9 parental r\u00e9mun\u00e9r\u00e9 : 63.107 mamans (63%) et 36.657 papas (37%). D&rsquo;une part, cela repr\u00e9sente une nette augmentation par rapport \u00e0 2018, o\u00f9 65;218 parents en moyenne ont pris un cong\u00e9 parental chaque ann\u00e9e : 69% de m\u00e8res et 31% de p\u00e8res. D&rsquo;autre part, ces proportions montrent \u00e9galement que l&rsquo;\u00e9cart entre les mamans et les papas s&rsquo;est quelque peu r\u00e9duit.<\/p>\n<h3><strong><em>La r\u00e9duction d&rsquo;un jour (1\/5e) a le plus de succ\u00e8s<\/em><\/strong><\/h3>\n<p>Plus de la moiti\u00e9 des parents (51%) optent pour une r\u00e9duction d&rsquo;un jour par semaine. L&rsquo;interruption de 1\/10e est ensuite privil\u00e9gi\u00e9e et constitue une forme d&rsquo;interruption particuli\u00e8rement populaire parmi les papas. Plus de 80% des p\u00e8res (82%) prennent une pause de 1\/10e et de 1\/5e, contre 64% des m\u00e8res. Les pauses \u00e0 temps plein et \u00e0 mi-temps ont deux fois plus de succ\u00e8s chez les mamans (36%) que chez les papas (18%).<\/p>\n<p>Katleen Jacobs, Business Manager Legal Consultancy chez SD Worx : \u00ab\u00a0<em>Les pauses de 10 et 20% sont int\u00e9ressantes pour les parents qui souhaitent temporairement mieux combiner travail et famille. Dans le cadre du r\u00e9gime des 10%, un parent travaille une demi-journ\u00e9e de moins par semaine ou une journ\u00e9e compl\u00e8te tous les quinze jours. Il s&rsquo;agit souvent d&rsquo;une solution pratique dans les situations de coparentalit\u00e9. De plus, l&rsquo;impact financier reste limit\u00e9 : le salaire brut du parent est recalcul\u00e9 \u00e0 90 ou 80% du salaire \u00e0 temps plein. La perte de salaire est en partie absorb\u00e9e par une allocation de l\u2019ONEM. Par exemple, un cohabitant per\u00e7oit une allocation mensuelle nette de 143,04 \u20ac en cas de cong\u00e9 parental de 1\/5e. Pour un parent isol\u00e9, l&rsquo;allocation de l\u2019ONEM est plus \u00e9lev\u00e9e. De plus, cela n&rsquo;a pas d&rsquo;impact n\u00e9gatif sur la pension.\u00a0\u00bb<\/em><\/p>\n<h3><strong><em>Une pause d&rsquo;une demi-journ\u00e9e par semaine : le meilleur \u00e9l\u00e8ve<\/em><\/strong><\/h3>\n<p>La forme de cong\u00e9 parental de 1\/10e, dans laquelle les parents prennent une demi-journ\u00e9e par semaine ou une journ\u00e9e compl\u00e8te tous les quinze jours, enregistre la plus forte augmentation chez les p\u00e8res (+18%). Mais les m\u00e8res ne sont pas en reste (+15%) ; c&rsquo;est chez les mamans que l&rsquo;utilisation du cong\u00e9 \u00e0 mi-temps augmente le plus (+21%). En ce qui concerne le cong\u00e9 parental \u00e0 temps plein, la tendance n&rsquo;appara\u00eet g\u00e9n\u00e9ralement qu&rsquo;au cours des mois d&rsquo;\u00e9t\u00e9, p\u00e9riode privil\u00e9gi\u00e9e pour donner la priorit\u00e9 \u00e0 la vie de famille. En ao\u00fbt 2023, pour la premi\u00e8re fois, la barre des 100.000 parents ayant recours \u00e0 l&rsquo;une des formes de cong\u00e9 parental a \u00e9t\u00e9 franchie.<\/p>\n<p><em>\u00ab\u00a0Depuis quelques ann\u00e9es, le cong\u00e9 parental \u00e0 temps plein et \u00e0 mi-temps peut \u00eatre pris de mani\u00e8re un peu plus souple. Le cong\u00e9 parental \u00e0 temps plein peut \u00eatre pris en semaines plut\u00f4t qu&rsquo;en mois, avec l&rsquo;accord de l&#8217;employeur. Le cong\u00e9 parental \u00e0 mi-temps, quant \u00e0 lui, peut \u00eatre pris sur une base mensuelle flexible, \u00e9galement avec l&rsquo;accord de l&#8217;employeur. C&rsquo;est donc int\u00e9ressant pour combler les p\u00e9riodes de vacances scolaires\u00a0\u00bb<\/em>, souligne Katleen Jacobs de SD Worx.<\/p>\n<p>Exemple concret: un salari\u00e9 gagne 2.750 euros bruts et choisit un demi-jour de cong\u00e9 parental. Pendant le cong\u00e9 parental, il per\u00e7oit un salaire brut de 2.475 euros. La perte de 275 euros mensuelle est compens\u00e9e par 76,65 euros bruts de l&rsquo;allocation de l&rsquo;ONEM. Ce temps suppl\u00e9mentaire pass\u00e9 en famille co\u00fbte donc environ 200 euros bruts sur une base mensuelle \u00e0 ce parent.<\/p>\n<p>&nbsp;<\/p>\n<p><em>Source &#8211; SD Worx &#8211; Les derni\u00e8res statistiques gouvernementales peuvent \u00eatre consult\u00e9es sur le site Cong\u00e9s th\u00e9matiques (y compris cong\u00e9 parental Corona) (onem.be)<\/em><\/p>\n","protected":false},"excerpt":{"rendered":"<p>Le cong\u00e9 parental r\u00e9mun\u00e9r\u00e9 repart \u00e0 la hausse en 2024 par rapport \u00e0 2023. L&rsquo;augmentation est particuli\u00e8rement sensible chez les papas, avec une hausse de 14%, soit presque deux fois plus que chez les mamans (+7%). Cette tendance indique un [&hellip;]<\/p>\n","protected":false},"author":2,"featured_media":16137,"comment_status":"closed","ping_status":"open","sticky":false,"template":"","format":"standard","meta":[],"categories":[65,10],"tags":[474,292,220,1623,3818,39],"yoast_head":"<!-- This site is optimized with the Yoast SEO plugin v21.0 - https:\/\/yoast.com\/wordpress\/plugins\/seo\/ -->\n<title>Les cong\u00e9s parentaux de 1\/5e et de 1\/10e ont le plus de succ\u00e8s, avec une augmentation notable aupr\u00e8s des papas. - Peoplesphere<\/title>\n<meta name=\"description\" content=\"Les cong\u00e9s parentaux de 1\/5e et de 1\/10e ont le plus de succ\u00e8s, avec une augmentation notable aupr\u00e8s des papas.\" \/>\n<meta name=\"robots\" content=\"index, follow, max-snippet:-1, max-image-preview:large, max-video-preview:-1\" \/>\n<link rel=\"canonical\" href=\"https:\/\/peoplesphere.be\/fr\/les-conges-parentaux-de-1-5e-et-de-1-10e-ont-le-plus-de-succes-avec-une-augmentation-notable-aupres-des-papas\/\" \/>\n<meta property=\"og:locale\" content=\"fr_FR\" \/>\n<meta property=\"og:type\" content=\"article\" \/>\n<meta property=\"og:title\" content=\"Les cong\u00e9s parentaux de 1\/5e et de 1\/10e ont le plus de succ\u00e8s, avec une augmentation notable aupr\u00e8s des papas. - Peoplesphere\" \/>\n<meta property=\"og:description\" content=\"Les cong\u00e9s parentaux de 1\/5e et de 1\/10e ont le plus de succ\u00e8s, avec une augmentation notable aupr\u00e8s des papas.\" \/>\n<meta property=\"og:url\" content=\"https:\/\/peoplesphere.be\/fr\/les-conges-parentaux-de-1-5e-et-de-1-10e-ont-le-plus-de-succes-avec-une-augmentation-notable-aupres-des-papas\/\" \/>\n<meta property=\"og:site_name\" content=\"Peoplesphere\" \/>\n<meta property=\"article:publisher\" content=\"https:\/\/www.facebook.com\/peoplesphere\" \/>\n<meta property=\"article:published_time\" content=\"2024-05-13T06:18:09+00:00\" \/>\n<meta property=\"og:image\" content=\"https:\/\/peoplesphere.be\/fr\/wp-content\/uploads\/2024\/05\/20240513youngdaddy.jpg\" \/>\n\t<meta property=\"og:image:width\" content=\"2000\" \/>\n\t<meta property=\"og:image:height\" content=\"1333\" \/>\n\t<meta property=\"og:image:type\" content=\"image\/jpeg\" \/>\n<meta name=\"author\" content=\"Jean-Paul Erhard\" \/>\n<meta name=\"twitter:card\" content=\"summary_large_image\" \/>\n<meta name=\"twitter:creator\" content=\"@PeoplesphereMag\" \/>\n<meta name=\"twitter:site\" content=\"@PeoplesphereMag\" \/>\n<meta name=\"twitter:label1\" content=\"\u00c9crit par\" \/>\n\t<meta name=\"twitter:data1\" content=\"Jean-Paul Erhard\" \/>\n\t<meta name=\"twitter:label2\" content=\"Dur\u00e9e de lecture estim\u00e9e\" \/>\n\t<meta name=\"twitter:data2\" content=\"4 minutes\" \/>\n<script type=\"application\/ld+json\" class=\"yoast-schema-graph\">{\"@context\":\"https:\/\/schema.org\",\"@graph\":[{\"@type\":\"Article\",\"@id\":\"https:\/\/peoplesphere.be\/fr\/les-conges-parentaux-de-1-5e-et-de-1-10e-ont-le-plus-de-succes-avec-une-augmentation-notable-aupres-des-papas\/#article\",\"isPartOf\":{\"@id\":\"https:\/\/peoplesphere.be\/fr\/les-conges-parentaux-de-1-5e-et-de-1-10e-ont-le-plus-de-succes-avec-une-augmentation-notable-aupres-des-papas\/\"},\"author\":{\"name\":\"Jean-Paul Erhard\",\"@id\":\"https:\/\/peoplesphere.be\/fr\/#\/schema\/person\/7976225ff17988604334abb7b3536a7e\"},\"headline\":\"Les cong\u00e9s parentaux de 1\/5e et de 1\/10e ont le plus de succ\u00e8s, avec une augmentation notable aupr\u00e8s des papas.\",\"datePublished\":\"2024-05-13T06:18:09+00:00\",\"dateModified\":\"2024-05-13T06:18:09+00:00\",\"mainEntityOfPage\":{\"@id\":\"https:\/\/peoplesphere.be\/fr\/les-conges-parentaux-de-1-5e-et-de-1-10e-ont-le-plus-de-succes-avec-une-augmentation-notable-aupres-des-papas\/\"},\"wordCount\":769,\"publisher\":{\"@id\":\"https:\/\/peoplesphere.be\/fr\/#organization\"},\"keywords\":[\"cong\u00e9 parental\",\"\u00e9galit\u00e9 des genres\",\"flexibilit\u00e9\",\"maternit\u00e9\",\"paternit\u00e9\",\"temps de travail\"],\"articleSection\":[\"Actualit\u00e9s\",\"Digital\"],\"inLanguage\":\"fr-FR\"},{\"@type\":\"WebPage\",\"@id\":\"https:\/\/peoplesphere.be\/fr\/les-conges-parentaux-de-1-5e-et-de-1-10e-ont-le-plus-de-succes-avec-une-augmentation-notable-aupres-des-papas\/\",\"url\":\"https:\/\/peoplesphere.be\/fr\/les-conges-parentaux-de-1-5e-et-de-1-10e-ont-le-plus-de-succes-avec-une-augmentation-notable-aupres-des-papas\/\",\"name\":\"Les cong\u00e9s parentaux de 1\/5e et de 1\/10e ont le plus de succ\u00e8s, avec une augmentation notable aupr\u00e8s des papas. - Peoplesphere\",\"isPartOf\":{\"@id\":\"https:\/\/peoplesphere.be\/fr\/#website\"},\"datePublished\":\"2024-05-13T06:18:09+00:00\",\"dateModified\":\"2024-05-13T06:18:09+00:00\",\"description\":\"Les cong\u00e9s parentaux de 1\/5e et de 1\/10e ont le plus de succ\u00e8s, avec une augmentation notable aupr\u00e8s des papas.\",\"breadcrumb\":{\"@id\":\"https:\/\/peoplesphere.be\/fr\/les-conges-parentaux-de-1-5e-et-de-1-10e-ont-le-plus-de-succes-avec-une-augmentation-notable-aupres-des-papas\/#breadcrumb\"},\"inLanguage\":\"fr-FR\",\"potentialAction\":[{\"@type\":\"ReadAction\",\"target\":[\"https:\/\/peoplesphere.be\/fr\/les-conges-parentaux-de-1-5e-et-de-1-10e-ont-le-plus-de-succes-avec-une-augmentation-notable-aupres-des-papas\/\"]}]},{\"@type\":\"BreadcrumbList\",\"@id\":\"https:\/\/peoplesphere.be\/fr\/les-conges-parentaux-de-1-5e-et-de-1-10e-ont-le-plus-de-succes-avec-une-augmentation-notable-aupres-des-papas\/#breadcrumb\",\"itemListElement\":[{\"@type\":\"ListItem\",\"position\":1,\"name\":\"Accueil\",\"item\":\"https:\/\/peoplesphere.be\/fr\/\"},{\"@type\":\"ListItem\",\"position\":2,\"name\":\"Les cong\u00e9s parentaux de 1\/5e et de 1\/10e ont le plus de succ\u00e8s, avec une augmentation notable aupr\u00e8s des papas.\"}]},{\"@type\":\"WebSite\",\"@id\":\"https:\/\/peoplesphere.be\/fr\/#website\",\"url\":\"https:\/\/peoplesphere.be\/fr\/\",\"name\":\"Peoplesphere\",\"description\":\"The People Managers Magazine\",\"publisher\":{\"@id\":\"https:\/\/peoplesphere.be\/fr\/#organization\"},\"potentialAction\":[{\"@type\":\"SearchAction\",\"target\":{\"@type\":\"EntryPoint\",\"urlTemplate\":\"https:\/\/peoplesphere.be\/fr\/?s={search_term_string}\"},\"query-input\":\"required name=search_term_string\"}],\"inLanguage\":\"fr-FR\"},{\"@type\":\"Organization\",\"@id\":\"https:\/\/peoplesphere.be\/fr\/#organization\",\"name\":\"Peoplesphere Company srl\",\"url\":\"https:\/\/peoplesphere.be\/fr\/\",\"logo\":{\"@type\":\"ImageObject\",\"inLanguage\":\"fr-FR\",\"@id\":\"https:\/\/peoplesphere.be\/fr\/#\/schema\/logo\/image\/\",\"url\":\"https:\/\/peoplesphere.be\/fr\/wp-content\/uploads\/2023\/07\/peoplesphere-lgo-new-generik.jpg\",\"contentUrl\":\"https:\/\/peoplesphere.be\/fr\/wp-content\/uploads\/2023\/07\/peoplesphere-lgo-new-generik.jpg\",\"width\":1031,\"height\":1479,\"caption\":\"Peoplesphere Company srl\"},\"image\":{\"@id\":\"https:\/\/peoplesphere.be\/fr\/#\/schema\/logo\/image\/\"},\"sameAs\":[\"https:\/\/www.facebook.com\/peoplesphere\",\"https:\/\/twitter.com\/PeoplesphereMag\",\"https:\/\/www.linkedin.com\/company\/7587361?trk\",\"http:\/\/youtube.com\/peoplesphere\"]},{\"@type\":\"Person\",\"@id\":\"https:\/\/peoplesphere.be\/fr\/#\/schema\/person\/7976225ff17988604334abb7b3536a7e\",\"name\":\"Jean-Paul Erhard\",\"image\":{\"@type\":\"ImageObject\",\"inLanguage\":\"fr-FR\",\"@id\":\"https:\/\/peoplesphere.be\/fr\/#\/schema\/person\/image\/\",\"url\":\"https:\/\/secure.gravatar.com\/avatar\/f941e681460179738071629a51574930?s=96&d=mm&r=g\",\"contentUrl\":\"https:\/\/secure.gravatar.com\/avatar\/f941e681460179738071629a51574930?s=96&d=mm&r=g\",\"caption\":\"Jean-Paul Erhard\"},\"url\":\"https:\/\/peoplesphere.be\/fr\/author\/jpe\/\"}]}<\/script>\n<!-- \/ Yoast SEO plugin. -->","yoast_head_json":{"title":"Les cong\u00e9s parentaux de 1\/5e et de 1\/10e ont le plus de succ\u00e8s, avec une augmentation notable aupr\u00e8s des papas. - Peoplesphere","description":"Les cong\u00e9s parentaux de 1\/5e et de 1\/10e ont le plus de succ\u00e8s, avec une augmentation notable aupr\u00e8s des papas.","robots":{"index":"index","follow":"follow","max-snippet":"max-snippet:-1","max-image-preview":"max-image-preview:large","max-video-preview":"max-video-preview:-1"},"canonical":"https:\/\/peoplesphere.be\/fr\/les-conges-parentaux-de-1-5e-et-de-1-10e-ont-le-plus-de-succes-avec-une-augmentation-notable-aupres-des-papas\/","og_locale":"fr_FR","og_type":"article","og_title":"Les cong\u00e9s parentaux de 1\/5e et de 1\/10e ont le plus de succ\u00e8s, avec une augmentation notable aupr\u00e8s des papas. - Peoplesphere","og_description":"Les cong\u00e9s parentaux de 1\/5e et de 1\/10e ont le plus de succ\u00e8s, avec une augmentation notable aupr\u00e8s des papas.","og_url":"https:\/\/peoplesphere.be\/fr\/les-conges-parentaux-de-1-5e-et-de-1-10e-ont-le-plus-de-succes-avec-une-augmentation-notable-aupres-des-papas\/","og_site_name":"Peoplesphere","article_publisher":"https:\/\/www.facebook.com\/peoplesphere","article_published_time":"2024-05-13T06:18:09+00:00","og_image":[{"width":2000,"height":1333,"url":"https:\/\/peoplesphere.be\/fr\/wp-content\/uploads\/2024\/05\/20240513youngdaddy.jpg","type":"image\/jpeg"}],"author":"Jean-Paul Erhard","twitter_card":"summary_large_image","twitter_creator":"@PeoplesphereMag","twitter_site":"@PeoplesphereMag","twitter_misc":{"\u00c9crit par":"Jean-Paul Erhard","Dur\u00e9e de lecture estim\u00e9e":"4 minutes"},"schema":{"@context":"https:\/\/schema.org","@graph":[{"@type":"Article","@id":"https:\/\/peoplesphere.be\/fr\/les-conges-parentaux-de-1-5e-et-de-1-10e-ont-le-plus-de-succes-avec-une-augmentation-notable-aupres-des-papas\/#article","isPartOf":{"@id":"https:\/\/peoplesphere.be\/fr\/les-conges-parentaux-de-1-5e-et-de-1-10e-ont-le-plus-de-succes-avec-une-augmentation-notable-aupres-des-papas\/"},"author":{"name":"Jean-Paul Erhard","@id":"https:\/\/peoplesphere.be\/fr\/#\/schema\/person\/7976225ff17988604334abb7b3536a7e"},"headline":"Les cong\u00e9s parentaux de 1\/5e et de 1\/10e ont le plus de succ\u00e8s, avec une augmentation notable aupr\u00e8s des papas.","datePublished":"2024-05-13T06:18:09+00:00","dateModified":"2024-05-13T06:18:09+00:00","mainEntityOfPage":{"@id":"https:\/\/peoplesphere.be\/fr\/les-conges-parentaux-de-1-5e-et-de-1-10e-ont-le-plus-de-succes-avec-une-augmentation-notable-aupres-des-papas\/"},"wordCount":769,"publisher":{"@id":"https:\/\/peoplesphere.be\/fr\/#organization"},"keywords":["cong\u00e9 parental","\u00e9galit\u00e9 des genres","flexibilit\u00e9","maternit\u00e9","paternit\u00e9","temps de travail"],"articleSection":["Actualit\u00e9s","Digital"],"inLanguage":"fr-FR"},{"@type":"WebPage","@id":"https:\/\/peoplesphere.be\/fr\/les-conges-parentaux-de-1-5e-et-de-1-10e-ont-le-plus-de-succes-avec-une-augmentation-notable-aupres-des-papas\/","url":"https:\/\/peoplesphere.be\/fr\/les-conges-parentaux-de-1-5e-et-de-1-10e-ont-le-plus-de-succes-avec-une-augmentation-notable-aupres-des-papas\/","name":"Les cong\u00e9s parentaux de 1\/5e et de 1\/10e ont le plus de succ\u00e8s, avec une augmentation notable aupr\u00e8s des papas. - Peoplesphere","isPartOf":{"@id":"https:\/\/peoplesphere.be\/fr\/#website"},"datePublished":"2024-05-13T06:18:09+00:00","dateModified":"2024-05-13T06:18:09+00:00","description":"Les cong\u00e9s parentaux de 1\/5e et de 1\/10e ont le plus de succ\u00e8s, avec une augmentation notable aupr\u00e8s des papas.","breadcrumb":{"@id":"https:\/\/peoplesphere.be\/fr\/les-conges-parentaux-de-1-5e-et-de-1-10e-ont-le-plus-de-succes-avec-une-augmentation-notable-aupres-des-papas\/#breadcrumb"},"inLanguage":"fr-FR","potentialAction":[{"@type":"ReadAction","target":["https:\/\/peoplesphere.be\/fr\/les-conges-parentaux-de-1-5e-et-de-1-10e-ont-le-plus-de-succes-avec-une-augmentation-notable-aupres-des-papas\/"]}]},{"@type":"BreadcrumbList","@id":"https:\/\/peoplesphere.be\/fr\/les-conges-parentaux-de-1-5e-et-de-1-10e-ont-le-plus-de-succes-avec-une-augmentation-notable-aupres-des-papas\/#breadcrumb","itemListElement":[{"@type":"ListItem","position":1,"name":"Accueil","item":"https:\/\/peoplesphere.be\/fr\/"},{"@type":"ListItem","position":2,"name":"Les cong\u00e9s parentaux de 1\/5e et de 1\/10e ont le plus de succ\u00e8s, avec une augmentation notable aupr\u00e8s des papas."}]},{"@type":"WebSite","@id":"https:\/\/peoplesphere.be\/fr\/#website","url":"https:\/\/peoplesphere.be\/fr\/","name":"Peoplesphere","description":"The People Managers Magazine","publisher":{"@id":"https:\/\/peoplesphere.be\/fr\/#organization"},"potentialAction":[{"@type":"SearchAction","target":{"@type":"EntryPoint","urlTemplate":"https:\/\/peoplesphere.be\/fr\/?s={search_term_string}"},"query-input":"required name=search_term_string"}],"inLanguage":"fr-FR"},{"@type":"Organization","@id":"https:\/\/peoplesphere.be\/fr\/#organization","name":"Peoplesphere Company srl","url":"https:\/\/peoplesphere.be\/fr\/","logo":{"@type":"ImageObject","inLanguage":"fr-FR","@id":"https:\/\/peoplesphere.be\/fr\/#\/schema\/logo\/image\/","url":"https:\/\/peoplesphere.be\/fr\/wp-content\/uploads\/2023\/07\/peoplesphere-lgo-new-generik.jpg","contentUrl":"https:\/\/peoplesphere.be\/fr\/wp-content\/uploads\/2023\/07\/peoplesphere-lgo-new-generik.jpg","width":1031,"height":1479,"caption":"Peoplesphere Company srl"},"image":{"@id":"https:\/\/peoplesphere.be\/fr\/#\/schema\/logo\/image\/"},"sameAs":["https:\/\/www.facebook.com\/peoplesphere","https:\/\/twitter.com\/PeoplesphereMag","https:\/\/www.linkedin.com\/company\/7587361?trk","http:\/\/youtube.com\/peoplesphere"]},{"@type":"Person","@id":"https:\/\/peoplesphere.be\/fr\/#\/schema\/person\/7976225ff17988604334abb7b3536a7e","name":"Jean-Paul Erhard","image":{"@type":"ImageObject","inLanguage":"fr-FR","@id":"https:\/\/peoplesphere.be\/fr\/#\/schema\/person\/image\/","url":"https:\/\/secure.gravatar.com\/avatar\/f941e681460179738071629a51574930?s=96&d=mm&r=g","contentUrl":"https:\/\/secure.gravatar.com\/avatar\/f941e681460179738071629a51574930?s=96&d=mm&r=g","caption":"Jean-Paul Erhard"},"url":"https:\/\/peoplesphere.be\/fr\/author\/jpe\/"}]}},"_links":{"self":[{"href":"https:\/\/peoplesphere.be\/fr\/wp-json\/wp\/v2\/posts\/16136"}],"collection":[{"href":"https:\/\/peoplesphere.be\/fr\/wp-json\/wp\/v2\/posts"}],"about":[{"href":"https:\/\/peoplesphere.be\/fr\/wp-json\/wp\/v2\/types\/post"}],"author":[{"embeddable":true,"href":"https:\/\/peoplesphere.be\/fr\/wp-json\/wp\/v2\/users\/2"}],"replies":[{"embeddable":true,"href":"https:\/\/peoplesphere.be\/fr\/wp-json\/wp\/v2\/comments?post=16136"}],"version-history":[{"count":1,"href":"https:\/\/peoplesphere.be\/fr\/wp-json\/wp\/v2\/posts\/16136\/revisions"}],"predecessor-version":[{"id":16138,"href":"https:\/\/peoplesphere.be\/fr\/wp-json\/wp\/v2\/posts\/16136\/revisions\/16138"}],"wp:featuredmedia":[{"embeddable":true,"href":"https:\/\/peoplesphere.be\/fr\/wp-json\/wp\/v2\/media\/16137"}],"wp:attachment":[{"href":"https:\/\/peoplesphere.be\/fr\/wp-json\/wp\/v2\/media?parent=16136"}],"wp:term":[{"taxonomy":"category","embeddable":true,"href":"https:\/\/peoplesphere.be\/fr\/wp-json\/wp\/v2\/categories?post=16136"},{"taxonomy":"post_tag","embeddable":true,"href":"https:\/\/peoplesphere.be\/fr\/wp-json\/wp\/v2\/tags?post=16136"}],"curies":[{"name":"wp","href":"https:\/\/api.w.org\/{rel}","templated":true}]}}