









{"id":16152,"date":"2024-05-15T07:16:29","date_gmt":"2024-05-15T05:16:29","guid":{"rendered":"https:\/\/peoplesphere.be\/fr\/?p=16152"},"modified":"2024-05-15T07:38:05","modified_gmt":"2024-05-15T05:38:05","slug":"mygov-be-le-portefeuille-didentite-digital-est-desormais-disponible-en-belgique","status":"publish","type":"post","link":"https:\/\/peoplesphere.be\/fr\/mygov-be-le-portefeuille-didentite-digital-est-desormais-disponible-en-belgique\/","title":{"rendered":"MyGov.be, le portefeuille d&rsquo;identit\u00e9 digital est d\u00e9sormais disponible en Belgique."},"content":{"rendered":"<p>Quelques semaines apr\u00e8s la publication, le 30 avril dernier, du r\u00e8glement europ\u00e9en eIDAS 2.0, la Belgique se positionne parmi les premiers \u00c9tats membres de l\u2019UE \u00e0 mettre gratuitement \u00e0 disposition de ses citoyens un European Digital Identity Wallet. Son nom? MyGov.be.<!--more--><\/p>\n<p>Le portefeuille d\u2019identit\u00e9 digital belge, nomm\u00e9 MyGov.be, est une application qui permet aux citoyens d\u2019avoir \u00e0 leur disposition un v\u00e9ritable portefeuille \u00e9lectronique dans lequel ils retrouveront, en ligne, tous les documents de l\u2019administration.<\/p>\n<p>Avec MyGov.be, le citoyen dispose d&rsquo;un portefeuille d\u00e9mat\u00e9rialis\u00e9 \u00e9volutif qui se veut un outil administratif universel, accessible, simple, s\u00e9curis\u00e9 et respectueux de la vie priv\u00e9e. MyGov.be est une application vous permettant, sous votre propre contr\u00f4le et selon votre choix, de :<\/p>\n<ul>\n<li>Disposer dans votre smartphone de:\n<ul>\n<li>Vos donn\u00e9es d\u2019identit\u00e9<\/li>\n<li>Votre eBox<\/li>\n<li>Vos attestations et documents officiels tels que votre extrait d\u2019acte de naissance, d\u2019acte de mariage, les certificats de vaccination Covid, la carte ISI+<\/li>\n<\/ul>\n<\/li>\n<li>Faire vos d\u00e9marches administratives depuis votre smartphone<\/li>\n<li>De signer \u00e9lectroniquement (cette fonctionnalit\u00e9 sera disponible dans une version ult\u00e9rieure)<\/li>\n<\/ul>\n<p>L\u2019utilisation de MyGov.be sera propos\u00e9e \u00e0 toutes les administrations du pays afin de leur permettre de faciliter les d\u00e9marches administratives du citoyen. L\u2019application ne sera pas obligatoire et chaque citoyen pourra choisir de l\u2019utiliser ou non. Il lui suffira, s\u2019il en fait le choix, de la t\u00e9l\u00e9charger sur les plateformes habituelles et de l\u2019activer via l\u2019utilisation de Itsme\u00ae ou de sa carte d\u2019identit\u00e9.<\/p>\n<h3><strong><em>Pourquoi c\u2019est une version 1.0 ?<\/em><\/strong><\/h3>\n<p>\u00c0 l\u2019image de la eBox, le portefeuille digital \u00e9volue r\u00e9guli\u00e8rement, avec de nouvelles versions des fonctionnalit\u00e9s existantes ou de nouveaux services propos\u00e9s par des administrations qui int\u00e8grent le portefeuille digital. L\u2019application MyGov.be sera continuellement mise \u00e0 jour. Cette premi\u00e8re version, la version 1.0, est donc un premier pas vers une application unique d\u2019interaction entre l\u2019administration et tous les Belges.<\/p>\n<h3><strong><em>Qu\u2019en est-il de la s\u00e9curit\u00e9 ?<\/em><\/strong><\/h3>\n<p>La s\u00e9curit\u00e9 et la pr\u00e9servation de la vie priv\u00e9e sont au c\u0153ur des objectifs dans la conception de l&rsquo;application. L\u2019activation de l\u2019application se fait d\u2019ailleurs par eID ou Itsme\u00ae.<\/p>\n<h3><strong><em>Avec quelles perspectives europ\u00e9ennes ?<\/em><\/strong><\/h3>\n<p>Quelques semaines apr\u00e8s la publication, le 30 avril dernier, du r\u00e8glement europ\u00e9en eIDAS 2.0, la Belgique se positionne donc parmi les premiers \u00c9tats membres de l\u2019UE \u00e0 mettre gratuitement \u00e0 disposition de ses citoyens un European Digital Identity Wallet. Il s\u2019agit d\u2019une r\u00e9ussite majeure qui intervient durant la Pr\u00e9sidence belge du Conseil de l\u2019UE.<\/p>\n<p><em>\u00ab\u00a0Le mod\u00e8le institutionnel belge est complexe. Avec MyGov.be, les administrations sont enfin disponibles pour le citoyen qui le d\u00e9sire partout et tout le temps. Simple, \u00e9volutive et s\u00e9curis\u00e9e : cette application constitue un nouveau mode de communication plus fluide et intuitif, entre les citoyens et les services de l\u2019\u00c9tat. Je suis certain que de nombreuses administrations viendront proposer rapidement des fonctionnalit\u00e9s qui enrichiront les 7 d\u00e9j\u00e0 disponibles, au b\u00e9n\u00e9fice des Belges\u00a0\u00bb<\/em>, d\u00e9clare Matthieu Michel, Secr\u00e9taire d\u2019\u00c9tat \u00e0 la Digitalisation, charg\u00e9 de la Simplification administrative et de la Protection de la vie priv\u00e9e.<\/p>\n<p><em>\u00ab\u00a0Dans une version ult\u00e9rieure, cet automne, la preuve du statut social auquel certains droits sont attach\u00e9s sera incluse dans MyGov.be. Il s&rsquo;agit par exemple du droit \u00e0 l&rsquo;allocation major\u00e9e de l&rsquo;assurance maladie ou du droit \u00e0 l&rsquo;allocation d&rsquo;int\u00e9gration pour les personnes handicap\u00e9es. De cette mani\u00e8re, nous pouvons nous assurer que les personnes qui ont acc\u00e8s \u00e0 un tarif social ou \u00e0 une r\u00e9duction des co\u00fbts peuvent facilement le prouver num\u00e9riquement. Par exemple, une personne handicap\u00e9e qui change un jour de fournisseur d&rsquo;\u00e9nergie conservera automatiquement le droit au tarif social sans perdre du temps avec la paperasse administrative.\u00a0\u00bb<\/em> explique aussi Frank Vandenbroucke, Ministre f\u00e9d\u00e9ral des Affaires sociales et de la sant\u00e9 publique.<\/p>\n<p><strong><em>Points d\u2019attentions pour cette version 1.0<\/em><\/strong><\/p>\n<ul>\n<li>Les documents n\u2019ont pas encore tous de valeur l\u00e9gale.<\/li>\n<li>Les documents \u00e9volueront dans le futur.<\/li>\n<li>Il est possible que tous les documents ne soient pas disponibles pour vous.<\/li>\n<li>Les documents ne sont pas tous disponibles dans toutes les langues.<\/li>\n<li>La vitesse de l\u2019application est li\u00e9e \u00e0 de multiples facteurs comme le temps de r\u00e9ponse des sources authentiques, de la s\u00e9curit\u00e9, de votre appareil, de la connexion internet, etc.<\/li>\n<li>Toutes les versions des OS ne sont pas support\u00e9es.<\/li>\n<\/ul>\n<p>&nbsp;<\/p>\n<p><em>Source: SPF Bosa &#8211; Cabinet du Secr\u00e9taire d&rsquo;Etat \u00e0 la Digitalisation, charg\u00e9 de la Simplification administrative et de la Protection de la vie priv\u00e9e<\/em><\/p>\n","protected":false},"excerpt":{"rendered":"<p>Quelques semaines apr\u00e8s la publication, le 30 avril dernier, du r\u00e8glement europ\u00e9en eIDAS 2.0, la Belgique se positionne parmi les premiers \u00c9tats membres de l\u2019UE \u00e0 mettre gratuitement \u00e0 disposition de ses citoyens un European Digital Identity Wallet. Son nom? [&hellip;]<\/p>\n","protected":false},"author":2,"featured_media":16155,"comment_status":"closed","ping_status":"open","sticky":false,"template":"","format":"standard","meta":[],"categories":[65,10],"tags":[265,1052],"yoast_head":"<!-- This site is optimized with the Yoast SEO plugin v21.0 - https:\/\/yoast.com\/wordpress\/plugins\/seo\/ -->\n<title>MyGov.be, le portefeuille d&#039;identit\u00e9 digital est d\u00e9sormais disponible en Belgique. - Peoplesphere<\/title>\n<meta name=\"description\" content=\"MyGov.be, le portefeuille d&#039;identit\u00e9 digital est d\u00e9sormais disponible en Belgique.\" \/>\n<meta name=\"robots\" content=\"index, follow, max-snippet:-1, max-image-preview:large, max-video-preview:-1\" \/>\n<link rel=\"canonical\" href=\"https:\/\/peoplesphere.be\/fr\/mygov-be-le-portefeuille-didentite-digital-est-desormais-disponible-en-belgique\/\" \/>\n<meta property=\"og:locale\" content=\"fr_FR\" \/>\n<meta property=\"og:type\" content=\"article\" \/>\n<meta property=\"og:title\" content=\"MyGov.be, le portefeuille d&#039;identit\u00e9 digital est d\u00e9sormais disponible en Belgique. - Peoplesphere\" \/>\n<meta property=\"og:description\" content=\"MyGov.be, le portefeuille d&#039;identit\u00e9 digital est d\u00e9sormais disponible en Belgique.\" \/>\n<meta property=\"og:url\" content=\"https:\/\/peoplesphere.be\/fr\/mygov-be-le-portefeuille-didentite-digital-est-desormais-disponible-en-belgique\/\" \/>\n<meta property=\"og:site_name\" content=\"Peoplesphere\" \/>\n<meta property=\"article:publisher\" content=\"https:\/\/www.facebook.com\/peoplesphere\" \/>\n<meta property=\"article:published_time\" content=\"2024-05-15T05:16:29+00:00\" \/>\n<meta property=\"article:modified_time\" content=\"2024-05-15T05:38:05+00:00\" \/>\n<meta property=\"og:image\" content=\"https:\/\/peoplesphere.be\/fr\/wp-content\/uploads\/2024\/05\/20240515mygovFR.jpg\" \/>\n\t<meta property=\"og:image:width\" content=\"2000\" \/>\n\t<meta property=\"og:image:height\" content=\"837\" \/>\n\t<meta property=\"og:image:type\" content=\"image\/jpeg\" \/>\n<meta name=\"author\" content=\"Jean-Paul Erhard\" \/>\n<meta name=\"twitter:card\" content=\"summary_large_image\" \/>\n<meta name=\"twitter:creator\" content=\"@PeoplesphereMag\" \/>\n<meta name=\"twitter:site\" content=\"@PeoplesphereMag\" \/>\n<meta name=\"twitter:label1\" content=\"\u00c9crit par\" \/>\n\t<meta name=\"twitter:data1\" content=\"Jean-Paul Erhard\" \/>\n\t<meta name=\"twitter:label2\" content=\"Dur\u00e9e de lecture estim\u00e9e\" \/>\n\t<meta name=\"twitter:data2\" content=\"4 minutes\" \/>\n<script type=\"application\/ld+json\" class=\"yoast-schema-graph\">{\"@context\":\"https:\/\/schema.org\",\"@graph\":[{\"@type\":\"Article\",\"@id\":\"https:\/\/peoplesphere.be\/fr\/mygov-be-le-portefeuille-didentite-digital-est-desormais-disponible-en-belgique\/#article\",\"isPartOf\":{\"@id\":\"https:\/\/peoplesphere.be\/fr\/mygov-be-le-portefeuille-didentite-digital-est-desormais-disponible-en-belgique\/\"},\"author\":{\"name\":\"Jean-Paul Erhard\",\"@id\":\"https:\/\/peoplesphere.be\/fr\/#\/schema\/person\/7976225ff17988604334abb7b3536a7e\"},\"headline\":\"MyGov.be, le portefeuille d&rsquo;identit\u00e9 digital est d\u00e9sormais disponible en Belgique.\",\"datePublished\":\"2024-05-15T05:16:29+00:00\",\"dateModified\":\"2024-05-15T05:38:05+00:00\",\"mainEntityOfPage\":{\"@id\":\"https:\/\/peoplesphere.be\/fr\/mygov-be-le-portefeuille-didentite-digital-est-desormais-disponible-en-belgique\/\"},\"wordCount\":788,\"publisher\":{\"@id\":\"https:\/\/peoplesphere.be\/fr\/#organization\"},\"keywords\":[\"simplification administrative\",\"transformation num\u00e9rique\"],\"articleSection\":[\"Actualit\u00e9s\",\"Digital\"],\"inLanguage\":\"fr-FR\"},{\"@type\":\"WebPage\",\"@id\":\"https:\/\/peoplesphere.be\/fr\/mygov-be-le-portefeuille-didentite-digital-est-desormais-disponible-en-belgique\/\",\"url\":\"https:\/\/peoplesphere.be\/fr\/mygov-be-le-portefeuille-didentite-digital-est-desormais-disponible-en-belgique\/\",\"name\":\"MyGov.be, le portefeuille d'identit\u00e9 digital est d\u00e9sormais disponible en Belgique. - Peoplesphere\",\"isPartOf\":{\"@id\":\"https:\/\/peoplesphere.be\/fr\/#website\"},\"datePublished\":\"2024-05-15T05:16:29+00:00\",\"dateModified\":\"2024-05-15T05:38:05+00:00\",\"description\":\"MyGov.be, le portefeuille d'identit\u00e9 digital est d\u00e9sormais disponible en Belgique.\",\"breadcrumb\":{\"@id\":\"https:\/\/peoplesphere.be\/fr\/mygov-be-le-portefeuille-didentite-digital-est-desormais-disponible-en-belgique\/#breadcrumb\"},\"inLanguage\":\"fr-FR\",\"potentialAction\":[{\"@type\":\"ReadAction\",\"target\":[\"https:\/\/peoplesphere.be\/fr\/mygov-be-le-portefeuille-didentite-digital-est-desormais-disponible-en-belgique\/\"]}]},{\"@type\":\"BreadcrumbList\",\"@id\":\"https:\/\/peoplesphere.be\/fr\/mygov-be-le-portefeuille-didentite-digital-est-desormais-disponible-en-belgique\/#breadcrumb\",\"itemListElement\":[{\"@type\":\"ListItem\",\"position\":1,\"name\":\"Accueil\",\"item\":\"https:\/\/peoplesphere.be\/fr\/\"},{\"@type\":\"ListItem\",\"position\":2,\"name\":\"MyGov.be, le portefeuille d&rsquo;identit\u00e9 digital est d\u00e9sormais disponible en Belgique.\"}]},{\"@type\":\"WebSite\",\"@id\":\"https:\/\/peoplesphere.be\/fr\/#website\",\"url\":\"https:\/\/peoplesphere.be\/fr\/\",\"name\":\"Peoplesphere\",\"description\":\"The People Managers Magazine\",\"publisher\":{\"@id\":\"https:\/\/peoplesphere.be\/fr\/#organization\"},\"potentialAction\":[{\"@type\":\"SearchAction\",\"target\":{\"@type\":\"EntryPoint\",\"urlTemplate\":\"https:\/\/peoplesphere.be\/fr\/?s={search_term_string}\"},\"query-input\":\"required name=search_term_string\"}],\"inLanguage\":\"fr-FR\"},{\"@type\":\"Organization\",\"@id\":\"https:\/\/peoplesphere.be\/fr\/#organization\",\"name\":\"Peoplesphere Company srl\",\"url\":\"https:\/\/peoplesphere.be\/fr\/\",\"logo\":{\"@type\":\"ImageObject\",\"inLanguage\":\"fr-FR\",\"@id\":\"https:\/\/peoplesphere.be\/fr\/#\/schema\/logo\/image\/\",\"url\":\"https:\/\/peoplesphere.be\/fr\/wp-content\/uploads\/2023\/07\/peoplesphere-lgo-new-generik.jpg\",\"contentUrl\":\"https:\/\/peoplesphere.be\/fr\/wp-content\/uploads\/2023\/07\/peoplesphere-lgo-new-generik.jpg\",\"width\":1031,\"height\":1479,\"caption\":\"Peoplesphere Company srl\"},\"image\":{\"@id\":\"https:\/\/peoplesphere.be\/fr\/#\/schema\/logo\/image\/\"},\"sameAs\":[\"https:\/\/www.facebook.com\/peoplesphere\",\"https:\/\/twitter.com\/PeoplesphereMag\",\"https:\/\/www.linkedin.com\/company\/7587361?trk\",\"http:\/\/youtube.com\/peoplesphere\"]},{\"@type\":\"Person\",\"@id\":\"https:\/\/peoplesphere.be\/fr\/#\/schema\/person\/7976225ff17988604334abb7b3536a7e\",\"name\":\"Jean-Paul Erhard\",\"image\":{\"@type\":\"ImageObject\",\"inLanguage\":\"fr-FR\",\"@id\":\"https:\/\/peoplesphere.be\/fr\/#\/schema\/person\/image\/\",\"url\":\"https:\/\/secure.gravatar.com\/avatar\/f941e681460179738071629a51574930?s=96&d=mm&r=g\",\"contentUrl\":\"https:\/\/secure.gravatar.com\/avatar\/f941e681460179738071629a51574930?s=96&d=mm&r=g\",\"caption\":\"Jean-Paul Erhard\"},\"url\":\"https:\/\/peoplesphere.be\/fr\/author\/jpe\/\"}]}<\/script>\n<!-- \/ Yoast SEO plugin. -->","yoast_head_json":{"title":"MyGov.be, le portefeuille d'identit\u00e9 digital est d\u00e9sormais disponible en Belgique. - Peoplesphere","description":"MyGov.be, le portefeuille d'identit\u00e9 digital est d\u00e9sormais disponible en Belgique.","robots":{"index":"index","follow":"follow","max-snippet":"max-snippet:-1","max-image-preview":"max-image-preview:large","max-video-preview":"max-video-preview:-1"},"canonical":"https:\/\/peoplesphere.be\/fr\/mygov-be-le-portefeuille-didentite-digital-est-desormais-disponible-en-belgique\/","og_locale":"fr_FR","og_type":"article","og_title":"MyGov.be, le portefeuille d'identit\u00e9 digital est d\u00e9sormais disponible en Belgique. - Peoplesphere","og_description":"MyGov.be, le portefeuille d'identit\u00e9 digital est d\u00e9sormais disponible en Belgique.","og_url":"https:\/\/peoplesphere.be\/fr\/mygov-be-le-portefeuille-didentite-digital-est-desormais-disponible-en-belgique\/","og_site_name":"Peoplesphere","article_publisher":"https:\/\/www.facebook.com\/peoplesphere","article_published_time":"2024-05-15T05:16:29+00:00","article_modified_time":"2024-05-15T05:38:05+00:00","og_image":[{"width":2000,"height":837,"url":"https:\/\/peoplesphere.be\/fr\/wp-content\/uploads\/2024\/05\/20240515mygovFR.jpg","type":"image\/jpeg"}],"author":"Jean-Paul Erhard","twitter_card":"summary_large_image","twitter_creator":"@PeoplesphereMag","twitter_site":"@PeoplesphereMag","twitter_misc":{"\u00c9crit par":"Jean-Paul Erhard","Dur\u00e9e de lecture estim\u00e9e":"4 minutes"},"schema":{"@context":"https:\/\/schema.org","@graph":[{"@type":"Article","@id":"https:\/\/peoplesphere.be\/fr\/mygov-be-le-portefeuille-didentite-digital-est-desormais-disponible-en-belgique\/#article","isPartOf":{"@id":"https:\/\/peoplesphere.be\/fr\/mygov-be-le-portefeuille-didentite-digital-est-desormais-disponible-en-belgique\/"},"author":{"name":"Jean-Paul Erhard","@id":"https:\/\/peoplesphere.be\/fr\/#\/schema\/person\/7976225ff17988604334abb7b3536a7e"},"headline":"MyGov.be, le portefeuille d&rsquo;identit\u00e9 digital est d\u00e9sormais disponible en Belgique.","datePublished":"2024-05-15T05:16:29+00:00","dateModified":"2024-05-15T05:38:05+00:00","mainEntityOfPage":{"@id":"https:\/\/peoplesphere.be\/fr\/mygov-be-le-portefeuille-didentite-digital-est-desormais-disponible-en-belgique\/"},"wordCount":788,"publisher":{"@id":"https:\/\/peoplesphere.be\/fr\/#organization"},"keywords":["simplification administrative","transformation num\u00e9rique"],"articleSection":["Actualit\u00e9s","Digital"],"inLanguage":"fr-FR"},{"@type":"WebPage","@id":"https:\/\/peoplesphere.be\/fr\/mygov-be-le-portefeuille-didentite-digital-est-desormais-disponible-en-belgique\/","url":"https:\/\/peoplesphere.be\/fr\/mygov-be-le-portefeuille-didentite-digital-est-desormais-disponible-en-belgique\/","name":"MyGov.be, le portefeuille d'identit\u00e9 digital est d\u00e9sormais disponible en Belgique. - Peoplesphere","isPartOf":{"@id":"https:\/\/peoplesphere.be\/fr\/#website"},"datePublished":"2024-05-15T05:16:29+00:00","dateModified":"2024-05-15T05:38:05+00:00","description":"MyGov.be, le portefeuille d'identit\u00e9 digital est d\u00e9sormais disponible en Belgique.","breadcrumb":{"@id":"https:\/\/peoplesphere.be\/fr\/mygov-be-le-portefeuille-didentite-digital-est-desormais-disponible-en-belgique\/#breadcrumb"},"inLanguage":"fr-FR","potentialAction":[{"@type":"ReadAction","target":["https:\/\/peoplesphere.be\/fr\/mygov-be-le-portefeuille-didentite-digital-est-desormais-disponible-en-belgique\/"]}]},{"@type":"BreadcrumbList","@id":"https:\/\/peoplesphere.be\/fr\/mygov-be-le-portefeuille-didentite-digital-est-desormais-disponible-en-belgique\/#breadcrumb","itemListElement":[{"@type":"ListItem","position":1,"name":"Accueil","item":"https:\/\/peoplesphere.be\/fr\/"},{"@type":"ListItem","position":2,"name":"MyGov.be, le portefeuille d&rsquo;identit\u00e9 digital est d\u00e9sormais disponible en Belgique."}]},{"@type":"WebSite","@id":"https:\/\/peoplesphere.be\/fr\/#website","url":"https:\/\/peoplesphere.be\/fr\/","name":"Peoplesphere","description":"The People Managers Magazine","publisher":{"@id":"https:\/\/peoplesphere.be\/fr\/#organization"},"potentialAction":[{"@type":"SearchAction","target":{"@type":"EntryPoint","urlTemplate":"https:\/\/peoplesphere.be\/fr\/?s={search_term_string}"},"query-input":"required name=search_term_string"}],"inLanguage":"fr-FR"},{"@type":"Organization","@id":"https:\/\/peoplesphere.be\/fr\/#organization","name":"Peoplesphere Company srl","url":"https:\/\/peoplesphere.be\/fr\/","logo":{"@type":"ImageObject","inLanguage":"fr-FR","@id":"https:\/\/peoplesphere.be\/fr\/#\/schema\/logo\/image\/","url":"https:\/\/peoplesphere.be\/fr\/wp-content\/uploads\/2023\/07\/peoplesphere-lgo-new-generik.jpg","contentUrl":"https:\/\/peoplesphere.be\/fr\/wp-content\/uploads\/2023\/07\/peoplesphere-lgo-new-generik.jpg","width":1031,"height":1479,"caption":"Peoplesphere Company srl"},"image":{"@id":"https:\/\/peoplesphere.be\/fr\/#\/schema\/logo\/image\/"},"sameAs":["https:\/\/www.facebook.com\/peoplesphere","https:\/\/twitter.com\/PeoplesphereMag","https:\/\/www.linkedin.com\/company\/7587361?trk","http:\/\/youtube.com\/peoplesphere"]},{"@type":"Person","@id":"https:\/\/peoplesphere.be\/fr\/#\/schema\/person\/7976225ff17988604334abb7b3536a7e","name":"Jean-Paul Erhard","image":{"@type":"ImageObject","inLanguage":"fr-FR","@id":"https:\/\/peoplesphere.be\/fr\/#\/schema\/person\/image\/","url":"https:\/\/secure.gravatar.com\/avatar\/f941e681460179738071629a51574930?s=96&d=mm&r=g","contentUrl":"https:\/\/secure.gravatar.com\/avatar\/f941e681460179738071629a51574930?s=96&d=mm&r=g","caption":"Jean-Paul Erhard"},"url":"https:\/\/peoplesphere.be\/fr\/author\/jpe\/"}]}},"_links":{"self":[{"href":"https:\/\/peoplesphere.be\/fr\/wp-json\/wp\/v2\/posts\/16152"}],"collection":[{"href":"https:\/\/peoplesphere.be\/fr\/wp-json\/wp\/v2\/posts"}],"about":[{"href":"https:\/\/peoplesphere.be\/fr\/wp-json\/wp\/v2\/types\/post"}],"author":[{"embeddable":true,"href":"https:\/\/peoplesphere.be\/fr\/wp-json\/wp\/v2\/users\/2"}],"replies":[{"embeddable":true,"href":"https:\/\/peoplesphere.be\/fr\/wp-json\/wp\/v2\/comments?post=16152"}],"version-history":[{"count":1,"href":"https:\/\/peoplesphere.be\/fr\/wp-json\/wp\/v2\/posts\/16152\/revisions"}],"predecessor-version":[{"id":16154,"href":"https:\/\/peoplesphere.be\/fr\/wp-json\/wp\/v2\/posts\/16152\/revisions\/16154"}],"wp:featuredmedia":[{"embeddable":true,"href":"https:\/\/peoplesphere.be\/fr\/wp-json\/wp\/v2\/media\/16155"}],"wp:attachment":[{"href":"https:\/\/peoplesphere.be\/fr\/wp-json\/wp\/v2\/media?parent=16152"}],"wp:term":[{"taxonomy":"category","embeddable":true,"href":"https:\/\/peoplesphere.be\/fr\/wp-json\/wp\/v2\/categories?post=16152"},{"taxonomy":"post_tag","embeddable":true,"href":"https:\/\/peoplesphere.be\/fr\/wp-json\/wp\/v2\/tags?post=16152"}],"curies":[{"name":"wp","href":"https:\/\/api.w.org\/{rel}","templated":true}]}}