









{"id":16160,"date":"2024-05-15T20:19:20","date_gmt":"2024-05-15T18:19:20","guid":{"rendered":"https:\/\/peoplesphere.be\/fr\/?p=16160"},"modified":"2024-05-15T20:19:20","modified_gmt":"2024-05-15T18:19:20","slug":"nouveaux-bureaux-pour-un-nouveau-chapitre-dans-lhistoire-deggo-entreprise-familiale-engagee-envers-ses-clients-et-ses-collaborateurs","status":"publish","type":"post","link":"https:\/\/peoplesphere.be\/fr\/nouveaux-bureaux-pour-un-nouveau-chapitre-dans-lhistoire-deggo-entreprise-familiale-engagee-envers-ses-clients-et-ses-collaborateurs\/","title":{"rendered":"Nouveaux bureaux pour un nouveau chapitre dans l&rsquo;histoire d&rsquo;\u00e8ggo, entreprise familiale engag\u00e9e envers ses clients et ses collaborateurs"},"content":{"rendered":"<p>Un nouveau chapitre s\u2019ouvre pour la soci\u00e9t\u00e9 \u00e8ggo. Apr\u00e8s 30 ans pass\u00e9s \u00e0 Bois-de-Villers, l\u2019entreprise vient d\u2019emm\u00e9nager dans ses nouveaux murs \u00e0 Namur, dans le zoning Ecolys de Suarl\u00e9e. C\u2019est d\u00e9sormais sur un site de 3,5 ha que l\u2019entreprise a regroup\u00e9 l\u2019ensemble de ses activit\u00e9s administratives et logistiques. Un changement motiv\u00e9 par le besoin d\u2019un espace moderne plus spacieux et plus \u00e9co-\u00e9nerg\u00e9tique.<!--more--><\/p>\n<p>Ce nouveau b\u00e2timent marque d&rsquo;offrir l\u2019engagement de l\u2019entreprise d&rsquo;offrir \u00e0 ses collaborateurs un espace de vie propice \u00e0 l\u2019innovation et \u00e0 la collaboration. Mais le d\u00e9m\u00e9nagement n&rsquo;est que la premi\u00e8re \u00e9tape d&rsquo;un plan plus large. L\u2019entreprise namuroise a d\u00e9voil\u00e9 son plan strat\u00e9gique 2025-2030, qui pr\u00e9voit un investissement total de 25 millions d&rsquo;euros. Ce plan devrait permettre \u00e0 \u00e8ggo d\u2019atteindre un chiffre d\u2019affaires de 250 millions euros et d\u2019engager 180 collaborateurs suppl\u00e9mentaires d\u2019ici fin 2030.<\/p>\n<p><em>\u00ab\u00a0D\u00e9m\u00e9nager \u00e9tait devenu une n\u00e9cessit\u00e9 au vu du d\u00e9veloppement de l\u2019entreprise. D&rsquo;une part, nos bureaux de Bois-de-Villers, clairement trop petits, n&rsquo;offraient plus les performances \u00e9nerg\u00e9tiques et ergonomiques que l&rsquo;on attend des espaces de travail d&rsquo;aujourd&rsquo;hui. D&rsquo;autre part, regrouper toutes nos activit\u00e9s sur le m\u00eame site nous apporte davantage d&rsquo;efficacit\u00e9 tout en r\u00e9pondant mieux aux enjeux de mobilit\u00e9 pour nos collaborateurs. Ce nouvel environnement de travail nous change la vie\u00a0\u00bb<\/em>, pr\u00e9cise Fr\u00e9d\u00e9ric Taminiaux, CEO d\u2019\u00e8ggo.<\/p>\n<h3><strong><em>La technologie au service des clients et des collaborateurs<\/em><\/strong><\/h3>\n<p>Eggo entend \u00e9galement am\u00e9liorer l\u2019exp\u00e9rience client en offrant un service encore plus personnalis\u00e9, s&rsquo;appuyant sur deux piliers de l\u2019entreprise : l\u2019humain et le digital. Le plan comprend notamment une formation renforc\u00e9e des \u00e9quipes de designers, le d\u00e9ploiement du service de conception \u00e0 domicile (\u00e8ggo@home), la refonte totale du site web, la mise en ligne d\u2019un nouveau configurateur de cuisine, etc\u2026<\/p>\n<p>La modernisation de l\u2019entreprise n\u2019est pas une nouveaut\u00e9. Depuis 2021, \u00e8ggo a investi plus de 4 millions d&rsquo;euros dans la digitalisation compl\u00e8te de la soci\u00e9t\u00e9. Le nouvel outil de gestion (ERP d&rsquo;Odoo) est d\u00e9sormais utilis\u00e9 par tous les employ\u00e9s en Belgique et a clairement permis de fluidifier et de simplifier le travail des collaborateurs tout en am\u00e9liorant la qualit\u00e9 du service offert \u00e0 ses clients.<\/p>\n<h3><strong><em>Un engagement durable et solidaire<\/em><\/strong><\/h3>\n<p>Eggo prend au s\u00e9rieux les enjeux de durabilit\u00e9. Gr\u00e2ce \u00e0 son programme \u00ab\u00a0Life\u00a0\u00bb, une \u00e9quipe d\u00e9di\u00e9e travaille sur des solutions plus respectueuses de l\u2019environnement. Les initiatives d\u00e9j\u00e0 en cours comprennent entre autres l&rsquo;\u00e9lectrification de la flotte de v\u00e9hicules, l&rsquo;installation de panneaux photovolta\u00efques sur les toits des magasins, le passage \u00e0 l&rsquo;\u00e9clairage LED, la gestion centralis\u00e9e des d\u00e9chets et le lancement d&rsquo;une gamme d&rsquo;appareils \u00e9lectrom\u00e9nagers plus durables.<\/p>\n<p><em>\u00ab\u00a0Ce n\u2019est pas suffisant pour autant\u00a0\u00bb<\/em> affirme Fr\u00e9d\u00e9ric Taminiaux. <em>\u00ab\u00a0Les enjeux de demain en termes de durabilit\u00e9 doivent nous pousser \u00e0 repenser plus en profondeur notre mod\u00e8le. Nous devons r\u00e9fl\u00e9chir \u00e0 des solutions concr\u00e8tes pour prolonger encore plus la dur\u00e9e de vie de nos cuisines, pour leur offrir une seconde vie. Nous devons \u00e9galement mieux orienter nos clients vers des choix plus durables, notamment en termes d\u2019\u00e9lectrom\u00e9nagers\u00a0\u00bb.<\/em><\/p>\n<p>La solidarit\u00e9 fait \u00e9galement partie des valeurs de l\u2019entreprise familiale. Depuis quelques ann\u00e9es, toutes les \u00e9quipes d\u2019\u00e8ggo se sont mobilis\u00e9es pour soutenir les op\u00e9rations Viva for Life et De Waarmste Week en faveur de projets solidaires pour l\u2019enfance pr\u00e9caris\u00e9e. Pr\u00e8s de 100 .000 euros ont \u00e9t\u00e9 r\u00e9colt\u00e9s en 3 ans. Eggo a \u00e9galement mis sur pied une association, \u00ab Ell\u00ebg \u00bb \u2013 qui signifie demain en Wolof &#8211; active sur des projets humanitaires et \u00e9ducatifs au S\u00e9n\u00e9gal depuis 35 ans.<\/p>\n<p>&nbsp;<\/p>\n<p><em>Source: \u00e8ggo &#8211; avec un chiffre d&rsquo;affaires annuel de 170 millions d\u2019euros, doubl\u00e9 en dix ans, et 20.000 projets clients design\u00e9s, livr\u00e9s et install\u00e9s chaque ann\u00e9e, \u00e8ggo emploie aujourd\u2019hui plus de 650 collaborateurs et 350 installateurs partenaires. L\u2019entreprise dispose d\u2019un r\u00e9seau de 74 points de vente (principalement en Belgique et au Grand-Duch\u00e9 du Luxembourg) et est un des rares cuisinistes \u00e0 avoir investi dans son propre centre logistique en Belgique.<\/em><\/p>\n","protected":false},"excerpt":{"rendered":"<p>Un nouveau chapitre s\u2019ouvre pour la soci\u00e9t\u00e9 \u00e8ggo. Apr\u00e8s 30 ans pass\u00e9s \u00e0 Bois-de-Villers, l\u2019entreprise vient d\u2019emm\u00e9nager dans ses nouveaux murs \u00e0 Namur, dans le zoning Ecolys de Suarl\u00e9e. C\u2019est d\u00e9sormais sur un site de 3,5 ha que l\u2019entreprise a [&hellip;]<\/p>\n","protected":false},"author":2,"featured_media":16161,"comment_status":"closed","ping_status":"open","sticky":false,"template":"","format":"standard","meta":[],"categories":[65,10],"tags":[4049,4048,758,245,383],"yoast_head":"<!-- This site is optimized with the Yoast SEO plugin v21.0 - https:\/\/yoast.com\/wordpress\/plugins\/seo\/ -->\n<title>Nouveaux bureaux pour un nouveau chapitre dans l&#039;histoire d&#039;\u00e8ggo, entreprise familiale engag\u00e9e envers ses clients et ses collaborateurs - Peoplesphere<\/title>\n<meta name=\"description\" content=\"Nouveaux bureaux pour un nouveau chapitre dans l&#039;histoire d&#039;\u00e8ggo, entreprise familiale engag\u00e9e envers ses clients et ses collaborateurs\" \/>\n<meta name=\"robots\" content=\"index, follow, max-snippet:-1, max-image-preview:large, max-video-preview:-1\" \/>\n<link rel=\"canonical\" href=\"https:\/\/peoplesphere.be\/fr\/nouveaux-bureaux-pour-un-nouveau-chapitre-dans-lhistoire-deggo-entreprise-familiale-engagee-envers-ses-clients-et-ses-collaborateurs\/\" \/>\n<meta property=\"og:locale\" content=\"fr_FR\" \/>\n<meta property=\"og:type\" content=\"article\" \/>\n<meta property=\"og:title\" content=\"Nouveaux bureaux pour un nouveau chapitre dans l&#039;histoire d&#039;\u00e8ggo, entreprise familiale engag\u00e9e envers ses clients et ses collaborateurs - Peoplesphere\" \/>\n<meta property=\"og:description\" content=\"Nouveaux bureaux pour un nouveau chapitre dans l&#039;histoire d&#039;\u00e8ggo, entreprise familiale engag\u00e9e envers ses clients et ses collaborateurs\" \/>\n<meta property=\"og:url\" content=\"https:\/\/peoplesphere.be\/fr\/nouveaux-bureaux-pour-un-nouveau-chapitre-dans-lhistoire-deggo-entreprise-familiale-engagee-envers-ses-clients-et-ses-collaborateurs\/\" \/>\n<meta property=\"og:site_name\" content=\"Peoplesphere\" \/>\n<meta property=\"article:publisher\" content=\"https:\/\/www.facebook.com\/peoplesphere\" \/>\n<meta property=\"article:published_time\" content=\"2024-05-15T18:19:20+00:00\" \/>\n<meta property=\"og:image\" content=\"https:\/\/peoplesphere.be\/fr\/wp-content\/uploads\/2024\/05\/20240515eggo.jpg\" \/>\n\t<meta property=\"og:image:width\" content=\"534\" \/>\n\t<meta property=\"og:image:height\" content=\"389\" \/>\n\t<meta property=\"og:image:type\" content=\"image\/jpeg\" \/>\n<meta name=\"author\" content=\"Jean-Paul Erhard\" \/>\n<meta name=\"twitter:card\" content=\"summary_large_image\" \/>\n<meta name=\"twitter:creator\" content=\"@PeoplesphereMag\" \/>\n<meta name=\"twitter:site\" content=\"@PeoplesphereMag\" \/>\n<meta name=\"twitter:label1\" content=\"\u00c9crit par\" \/>\n\t<meta name=\"twitter:data1\" content=\"Jean-Paul Erhard\" \/>\n\t<meta name=\"twitter:label2\" content=\"Dur\u00e9e de lecture estim\u00e9e\" \/>\n\t<meta name=\"twitter:data2\" content=\"4 minutes\" \/>\n<script type=\"application\/ld+json\" class=\"yoast-schema-graph\">{\"@context\":\"https:\/\/schema.org\",\"@graph\":[{\"@type\":\"Article\",\"@id\":\"https:\/\/peoplesphere.be\/fr\/nouveaux-bureaux-pour-un-nouveau-chapitre-dans-lhistoire-deggo-entreprise-familiale-engagee-envers-ses-clients-et-ses-collaborateurs\/#article\",\"isPartOf\":{\"@id\":\"https:\/\/peoplesphere.be\/fr\/nouveaux-bureaux-pour-un-nouveau-chapitre-dans-lhistoire-deggo-entreprise-familiale-engagee-envers-ses-clients-et-ses-collaborateurs\/\"},\"author\":{\"name\":\"Jean-Paul Erhard\",\"@id\":\"https:\/\/peoplesphere.be\/fr\/#\/schema\/person\/7976225ff17988604334abb7b3536a7e\"},\"headline\":\"Nouveaux bureaux pour un nouveau chapitre dans l&rsquo;histoire d&rsquo;\u00e8ggo, entreprise familiale engag\u00e9e envers ses clients et ses collaborateurs\",\"datePublished\":\"2024-05-15T18:19:20+00:00\",\"dateModified\":\"2024-05-15T18:19:20+00:00\",\"mainEntityOfPage\":{\"@id\":\"https:\/\/peoplesphere.be\/fr\/nouveaux-bureaux-pour-un-nouveau-chapitre-dans-lhistoire-deggo-entreprise-familiale-engagee-envers-ses-clients-et-ses-collaborateurs\/\"},\"wordCount\":726,\"publisher\":{\"@id\":\"https:\/\/peoplesphere.be\/fr\/#organization\"},\"keywords\":[\"\u00e9co-\u00e9nergie\",\"expansion\",\"solidarit\u00e9\",\"technologie\",\"valeurs\"],\"articleSection\":[\"Actualit\u00e9s\",\"Digital\"],\"inLanguage\":\"fr-FR\"},{\"@type\":\"WebPage\",\"@id\":\"https:\/\/peoplesphere.be\/fr\/nouveaux-bureaux-pour-un-nouveau-chapitre-dans-lhistoire-deggo-entreprise-familiale-engagee-envers-ses-clients-et-ses-collaborateurs\/\",\"url\":\"https:\/\/peoplesphere.be\/fr\/nouveaux-bureaux-pour-un-nouveau-chapitre-dans-lhistoire-deggo-entreprise-familiale-engagee-envers-ses-clients-et-ses-collaborateurs\/\",\"name\":\"Nouveaux bureaux pour un nouveau chapitre dans l'histoire d'\u00e8ggo, entreprise familiale engag\u00e9e envers ses clients et ses collaborateurs - Peoplesphere\",\"isPartOf\":{\"@id\":\"https:\/\/peoplesphere.be\/fr\/#website\"},\"datePublished\":\"2024-05-15T18:19:20+00:00\",\"dateModified\":\"2024-05-15T18:19:20+00:00\",\"description\":\"Nouveaux bureaux pour un nouveau chapitre dans l'histoire d'\u00e8ggo, entreprise familiale engag\u00e9e envers ses clients et ses collaborateurs\",\"breadcrumb\":{\"@id\":\"https:\/\/peoplesphere.be\/fr\/nouveaux-bureaux-pour-un-nouveau-chapitre-dans-lhistoire-deggo-entreprise-familiale-engagee-envers-ses-clients-et-ses-collaborateurs\/#breadcrumb\"},\"inLanguage\":\"fr-FR\",\"potentialAction\":[{\"@type\":\"ReadAction\",\"target\":[\"https:\/\/peoplesphere.be\/fr\/nouveaux-bureaux-pour-un-nouveau-chapitre-dans-lhistoire-deggo-entreprise-familiale-engagee-envers-ses-clients-et-ses-collaborateurs\/\"]}]},{\"@type\":\"BreadcrumbList\",\"@id\":\"https:\/\/peoplesphere.be\/fr\/nouveaux-bureaux-pour-un-nouveau-chapitre-dans-lhistoire-deggo-entreprise-familiale-engagee-envers-ses-clients-et-ses-collaborateurs\/#breadcrumb\",\"itemListElement\":[{\"@type\":\"ListItem\",\"position\":1,\"name\":\"Accueil\",\"item\":\"https:\/\/peoplesphere.be\/fr\/\"},{\"@type\":\"ListItem\",\"position\":2,\"name\":\"Nouveaux bureaux pour un nouveau chapitre dans l&rsquo;histoire d&rsquo;\u00e8ggo, entreprise familiale engag\u00e9e envers ses clients et ses collaborateurs\"}]},{\"@type\":\"WebSite\",\"@id\":\"https:\/\/peoplesphere.be\/fr\/#website\",\"url\":\"https:\/\/peoplesphere.be\/fr\/\",\"name\":\"Peoplesphere\",\"description\":\"The People Managers Magazine\",\"publisher\":{\"@id\":\"https:\/\/peoplesphere.be\/fr\/#organization\"},\"potentialAction\":[{\"@type\":\"SearchAction\",\"target\":{\"@type\":\"EntryPoint\",\"urlTemplate\":\"https:\/\/peoplesphere.be\/fr\/?s={search_term_string}\"},\"query-input\":\"required name=search_term_string\"}],\"inLanguage\":\"fr-FR\"},{\"@type\":\"Organization\",\"@id\":\"https:\/\/peoplesphere.be\/fr\/#organization\",\"name\":\"Peoplesphere Company srl\",\"url\":\"https:\/\/peoplesphere.be\/fr\/\",\"logo\":{\"@type\":\"ImageObject\",\"inLanguage\":\"fr-FR\",\"@id\":\"https:\/\/peoplesphere.be\/fr\/#\/schema\/logo\/image\/\",\"url\":\"https:\/\/peoplesphere.be\/fr\/wp-content\/uploads\/2023\/07\/peoplesphere-lgo-new-generik.jpg\",\"contentUrl\":\"https:\/\/peoplesphere.be\/fr\/wp-content\/uploads\/2023\/07\/peoplesphere-lgo-new-generik.jpg\",\"width\":1031,\"height\":1479,\"caption\":\"Peoplesphere Company srl\"},\"image\":{\"@id\":\"https:\/\/peoplesphere.be\/fr\/#\/schema\/logo\/image\/\"},\"sameAs\":[\"https:\/\/www.facebook.com\/peoplesphere\",\"https:\/\/twitter.com\/PeoplesphereMag\",\"https:\/\/www.linkedin.com\/company\/7587361?trk\",\"http:\/\/youtube.com\/peoplesphere\"]},{\"@type\":\"Person\",\"@id\":\"https:\/\/peoplesphere.be\/fr\/#\/schema\/person\/7976225ff17988604334abb7b3536a7e\",\"name\":\"Jean-Paul Erhard\",\"image\":{\"@type\":\"ImageObject\",\"inLanguage\":\"fr-FR\",\"@id\":\"https:\/\/peoplesphere.be\/fr\/#\/schema\/person\/image\/\",\"url\":\"https:\/\/secure.gravatar.com\/avatar\/f941e681460179738071629a51574930?s=96&d=mm&r=g\",\"contentUrl\":\"https:\/\/secure.gravatar.com\/avatar\/f941e681460179738071629a51574930?s=96&d=mm&r=g\",\"caption\":\"Jean-Paul Erhard\"},\"url\":\"https:\/\/peoplesphere.be\/fr\/author\/jpe\/\"}]}<\/script>\n<!-- \/ Yoast SEO plugin. -->","yoast_head_json":{"title":"Nouveaux bureaux pour un nouveau chapitre dans l'histoire d'\u00e8ggo, entreprise familiale engag\u00e9e envers ses clients et ses collaborateurs - Peoplesphere","description":"Nouveaux bureaux pour un nouveau chapitre dans l'histoire d'\u00e8ggo, entreprise familiale engag\u00e9e envers ses clients et ses collaborateurs","robots":{"index":"index","follow":"follow","max-snippet":"max-snippet:-1","max-image-preview":"max-image-preview:large","max-video-preview":"max-video-preview:-1"},"canonical":"https:\/\/peoplesphere.be\/fr\/nouveaux-bureaux-pour-un-nouveau-chapitre-dans-lhistoire-deggo-entreprise-familiale-engagee-envers-ses-clients-et-ses-collaborateurs\/","og_locale":"fr_FR","og_type":"article","og_title":"Nouveaux bureaux pour un nouveau chapitre dans l'histoire d'\u00e8ggo, entreprise familiale engag\u00e9e envers ses clients et ses collaborateurs - Peoplesphere","og_description":"Nouveaux bureaux pour un nouveau chapitre dans l'histoire d'\u00e8ggo, entreprise familiale engag\u00e9e envers ses clients et ses collaborateurs","og_url":"https:\/\/peoplesphere.be\/fr\/nouveaux-bureaux-pour-un-nouveau-chapitre-dans-lhistoire-deggo-entreprise-familiale-engagee-envers-ses-clients-et-ses-collaborateurs\/","og_site_name":"Peoplesphere","article_publisher":"https:\/\/www.facebook.com\/peoplesphere","article_published_time":"2024-05-15T18:19:20+00:00","og_image":[{"width":534,"height":389,"url":"https:\/\/peoplesphere.be\/fr\/wp-content\/uploads\/2024\/05\/20240515eggo.jpg","type":"image\/jpeg"}],"author":"Jean-Paul Erhard","twitter_card":"summary_large_image","twitter_creator":"@PeoplesphereMag","twitter_site":"@PeoplesphereMag","twitter_misc":{"\u00c9crit par":"Jean-Paul Erhard","Dur\u00e9e de lecture estim\u00e9e":"4 minutes"},"schema":{"@context":"https:\/\/schema.org","@graph":[{"@type":"Article","@id":"https:\/\/peoplesphere.be\/fr\/nouveaux-bureaux-pour-un-nouveau-chapitre-dans-lhistoire-deggo-entreprise-familiale-engagee-envers-ses-clients-et-ses-collaborateurs\/#article","isPartOf":{"@id":"https:\/\/peoplesphere.be\/fr\/nouveaux-bureaux-pour-un-nouveau-chapitre-dans-lhistoire-deggo-entreprise-familiale-engagee-envers-ses-clients-et-ses-collaborateurs\/"},"author":{"name":"Jean-Paul Erhard","@id":"https:\/\/peoplesphere.be\/fr\/#\/schema\/person\/7976225ff17988604334abb7b3536a7e"},"headline":"Nouveaux bureaux pour un nouveau chapitre dans l&rsquo;histoire d&rsquo;\u00e8ggo, entreprise familiale engag\u00e9e envers ses clients et ses collaborateurs","datePublished":"2024-05-15T18:19:20+00:00","dateModified":"2024-05-15T18:19:20+00:00","mainEntityOfPage":{"@id":"https:\/\/peoplesphere.be\/fr\/nouveaux-bureaux-pour-un-nouveau-chapitre-dans-lhistoire-deggo-entreprise-familiale-engagee-envers-ses-clients-et-ses-collaborateurs\/"},"wordCount":726,"publisher":{"@id":"https:\/\/peoplesphere.be\/fr\/#organization"},"keywords":["\u00e9co-\u00e9nergie","expansion","solidarit\u00e9","technologie","valeurs"],"articleSection":["Actualit\u00e9s","Digital"],"inLanguage":"fr-FR"},{"@type":"WebPage","@id":"https:\/\/peoplesphere.be\/fr\/nouveaux-bureaux-pour-un-nouveau-chapitre-dans-lhistoire-deggo-entreprise-familiale-engagee-envers-ses-clients-et-ses-collaborateurs\/","url":"https:\/\/peoplesphere.be\/fr\/nouveaux-bureaux-pour-un-nouveau-chapitre-dans-lhistoire-deggo-entreprise-familiale-engagee-envers-ses-clients-et-ses-collaborateurs\/","name":"Nouveaux bureaux pour un nouveau chapitre dans l'histoire d'\u00e8ggo, entreprise familiale engag\u00e9e envers ses clients et ses collaborateurs - Peoplesphere","isPartOf":{"@id":"https:\/\/peoplesphere.be\/fr\/#website"},"datePublished":"2024-05-15T18:19:20+00:00","dateModified":"2024-05-15T18:19:20+00:00","description":"Nouveaux bureaux pour un nouveau chapitre dans l'histoire d'\u00e8ggo, entreprise familiale engag\u00e9e envers ses clients et ses collaborateurs","breadcrumb":{"@id":"https:\/\/peoplesphere.be\/fr\/nouveaux-bureaux-pour-un-nouveau-chapitre-dans-lhistoire-deggo-entreprise-familiale-engagee-envers-ses-clients-et-ses-collaborateurs\/#breadcrumb"},"inLanguage":"fr-FR","potentialAction":[{"@type":"ReadAction","target":["https:\/\/peoplesphere.be\/fr\/nouveaux-bureaux-pour-un-nouveau-chapitre-dans-lhistoire-deggo-entreprise-familiale-engagee-envers-ses-clients-et-ses-collaborateurs\/"]}]},{"@type":"BreadcrumbList","@id":"https:\/\/peoplesphere.be\/fr\/nouveaux-bureaux-pour-un-nouveau-chapitre-dans-lhistoire-deggo-entreprise-familiale-engagee-envers-ses-clients-et-ses-collaborateurs\/#breadcrumb","itemListElement":[{"@type":"ListItem","position":1,"name":"Accueil","item":"https:\/\/peoplesphere.be\/fr\/"},{"@type":"ListItem","position":2,"name":"Nouveaux bureaux pour un nouveau chapitre dans l&rsquo;histoire d&rsquo;\u00e8ggo, entreprise familiale engag\u00e9e envers ses clients et ses collaborateurs"}]},{"@type":"WebSite","@id":"https:\/\/peoplesphere.be\/fr\/#website","url":"https:\/\/peoplesphere.be\/fr\/","name":"Peoplesphere","description":"The People Managers Magazine","publisher":{"@id":"https:\/\/peoplesphere.be\/fr\/#organization"},"potentialAction":[{"@type":"SearchAction","target":{"@type":"EntryPoint","urlTemplate":"https:\/\/peoplesphere.be\/fr\/?s={search_term_string}"},"query-input":"required name=search_term_string"}],"inLanguage":"fr-FR"},{"@type":"Organization","@id":"https:\/\/peoplesphere.be\/fr\/#organization","name":"Peoplesphere Company srl","url":"https:\/\/peoplesphere.be\/fr\/","logo":{"@type":"ImageObject","inLanguage":"fr-FR","@id":"https:\/\/peoplesphere.be\/fr\/#\/schema\/logo\/image\/","url":"https:\/\/peoplesphere.be\/fr\/wp-content\/uploads\/2023\/07\/peoplesphere-lgo-new-generik.jpg","contentUrl":"https:\/\/peoplesphere.be\/fr\/wp-content\/uploads\/2023\/07\/peoplesphere-lgo-new-generik.jpg","width":1031,"height":1479,"caption":"Peoplesphere Company srl"},"image":{"@id":"https:\/\/peoplesphere.be\/fr\/#\/schema\/logo\/image\/"},"sameAs":["https:\/\/www.facebook.com\/peoplesphere","https:\/\/twitter.com\/PeoplesphereMag","https:\/\/www.linkedin.com\/company\/7587361?trk","http:\/\/youtube.com\/peoplesphere"]},{"@type":"Person","@id":"https:\/\/peoplesphere.be\/fr\/#\/schema\/person\/7976225ff17988604334abb7b3536a7e","name":"Jean-Paul Erhard","image":{"@type":"ImageObject","inLanguage":"fr-FR","@id":"https:\/\/peoplesphere.be\/fr\/#\/schema\/person\/image\/","url":"https:\/\/secure.gravatar.com\/avatar\/f941e681460179738071629a51574930?s=96&d=mm&r=g","contentUrl":"https:\/\/secure.gravatar.com\/avatar\/f941e681460179738071629a51574930?s=96&d=mm&r=g","caption":"Jean-Paul Erhard"},"url":"https:\/\/peoplesphere.be\/fr\/author\/jpe\/"}]}},"_links":{"self":[{"href":"https:\/\/peoplesphere.be\/fr\/wp-json\/wp\/v2\/posts\/16160"}],"collection":[{"href":"https:\/\/peoplesphere.be\/fr\/wp-json\/wp\/v2\/posts"}],"about":[{"href":"https:\/\/peoplesphere.be\/fr\/wp-json\/wp\/v2\/types\/post"}],"author":[{"embeddable":true,"href":"https:\/\/peoplesphere.be\/fr\/wp-json\/wp\/v2\/users\/2"}],"replies":[{"embeddable":true,"href":"https:\/\/peoplesphere.be\/fr\/wp-json\/wp\/v2\/comments?post=16160"}],"version-history":[{"count":1,"href":"https:\/\/peoplesphere.be\/fr\/wp-json\/wp\/v2\/posts\/16160\/revisions"}],"predecessor-version":[{"id":16162,"href":"https:\/\/peoplesphere.be\/fr\/wp-json\/wp\/v2\/posts\/16160\/revisions\/16162"}],"wp:featuredmedia":[{"embeddable":true,"href":"https:\/\/peoplesphere.be\/fr\/wp-json\/wp\/v2\/media\/16161"}],"wp:attachment":[{"href":"https:\/\/peoplesphere.be\/fr\/wp-json\/wp\/v2\/media?parent=16160"}],"wp:term":[{"taxonomy":"category","embeddable":true,"href":"https:\/\/peoplesphere.be\/fr\/wp-json\/wp\/v2\/categories?post=16160"},{"taxonomy":"post_tag","embeddable":true,"href":"https:\/\/peoplesphere.be\/fr\/wp-json\/wp\/v2\/tags?post=16160"}],"curies":[{"name":"wp","href":"https:\/\/api.w.org\/{rel}","templated":true}]}}