









{"id":16168,"date":"2024-05-17T06:18:20","date_gmt":"2024-05-17T04:18:20","guid":{"rendered":"https:\/\/peoplesphere.be\/fr\/?p=16168"},"modified":"2024-05-17T06:18:20","modified_gmt":"2024-05-17T04:18:20","slug":"sante-un-travailleur-sur-quatre-souffre-dune-tension-arterielle-elevee-et-la-pandemie-na-rien-arrange","status":"publish","type":"post","link":"https:\/\/peoplesphere.be\/fr\/sante-un-travailleur-sur-quatre-souffre-dune-tension-arterielle-elevee-et-la-pandemie-na-rien-arrange\/","title":{"rendered":"Sant\u00e9: un travailleur sur quatre souffre d&rsquo;une tension art\u00e9rielle \u00e9lev\u00e9e et la pand\u00e9mie n&rsquo;a rien arrang\u00e9."},"content":{"rendered":"<p>Une analyse r\u00e9cente d\u2019IDEWE, le service externe pour la pr\u00e9vention et la protection au travail, a mis en lumi\u00e8re des chiffres inqui\u00e9tants concernant l\u2019hypertension chez les travailleurs. En 2022, pr\u00e8s d\u2019un quart d\u2019entre eux pr\u00e9sentaient une tension art\u00e9rielle \u00e9lev\u00e9e pendant les consultations m\u00e9dicales, soit une augmentation de 37\u202f% par rapport aux chiffres de 2017. \u00c0 l\u2019occasion de la journ\u00e9e mondiale de l\u2019hypertension, IDEWE partage quelques conseils \u00e0 l\u2019attention des employeurs et de leurs travailleurs pour les encourager \u00e0 adopter un mode de vie sain.<!--more--><\/p>\n<p>Ces chiffres alarmants indiquent une augmentation significative de l\u2019hypertension (tension art\u00e9rielle \u00e9lev\u00e9e) et des probl\u00e8mes de tension art\u00e9rielle depuis 2017, plus particuli\u00e8rement depuis le d\u00e9but de la crise du coronavirus. Bien qu\u2019il n\u2019y ait pas de preuve directe que le coronavirus soit \u00e0 l\u2019origine de cette augmentation, les circonstances de la pand\u00e9mie comme le stress et les changements dans le mode de vie (la diminution de l\u2019activit\u00e9 physique, par exemple) jouent certainement un r\u00f4le.<\/p>\n<p><em>\u00ab\u00a0L\u2019hypertension ou la tension art\u00e9rielle \u00e9lev\u00e9e constitue un r\u00e9el probl\u00e8me de sant\u00e9. Elle augmente le risque de d\u00e9velopper une maladie cardiovasculaire. Il est donc essentiel que les employeurs jouent un r\u00f4le plus actif dans l\u2019am\u00e9lioration de la sant\u00e9 de leurs travailleurs\u00a0\u00bb<\/em>, explique Sofie Vandenbroeck, responsable du d\u00e9partement Knowledge Information and Research chez IDEWE.<\/p>\n<h3><strong><em>Facteurs influents<\/em><\/strong><\/h3>\n<p>L\u2019\u00e9tude confirme que les hommes sont plus sujets \u00e0 une tension art\u00e9rielle \u00e9lev\u00e9e que les femmes (30\u202f% contre 17\u202f%). L\u2019\u00e2ge est \u00e9galement un facteur de risque\u202f: 38\u202f% des plus de 55\u202fans souffrent d\u2019une tension art\u00e9rielle trop \u00e9lev\u00e9e contre 15\u202f% des 25-34\u202fans. Le risque d\u2019hypertension augmente \u00e9galement en cas de prise de poids, avec pr\u00e8s de trois fois plus de patients parmi les travailleurs en surpoids s\u00e9v\u00e8re que chez les travailleurs dont le poids est optimal.<\/p>\n<p><em>\u00ab\u00a0On sait depuis longtemps que l\u2019\u00e2ge, le sexe et l\u2019IMC jouent un r\u00f4le \u00e0 cet \u00e9gard. Ce qui nous a interpell\u00e9s est le fait que pr\u00e8s de 50\u202f% des travailleurs ayant indiqu\u00e9 suivre un traitement contre l\u2019hypertension pr\u00e9sentaient une tension art\u00e9rielle \u00e9lev\u00e9e pendant l\u2019examen m\u00e9dical. Cela souligne l\u2019importance d\u2019un bon suivi et d\u2019une optimisation du traitement de ces patients. Une autre observation notable est que l\u2019on constate moins de cas d\u2019hypertension pendant l\u2019\u00e9t\u00e9, ce qui est probablement d\u00fb \u00e0 l\u2019effet dilatant de la chaleur sur les vaisseaux sanguins, qui fait baisser la tension art\u00e9rielle.\u00a0\u00bb<\/em><\/p>\n<h3><strong><em>Le r\u00f4le crucial de l\u2019employeur pour la sant\u00e9 g\u00e9n\u00e9rale des travailleurs<\/em><\/strong><\/h3>\n<p>Le manque d\u2019activit\u00e9 physique et un r\u00e9gime alimentaire peu sain sont des facteurs de risque connus qui peuvent augmenter la tension art\u00e9rielle. Dans notre \u00e9tude, nous observons \u00e9galement que les fumeurs sont plus sujets \u00e0 l\u2019hypertension. Les employeurs jouent donc aussi un r\u00f4le en stimulant et en promouvant un environnement de travail sain. De cette mani\u00e8re, les employeurs contribuent au bien-\u00eatre de leurs travailleurs, ce qui a \u00e9galement une influence directe sur les prestations et la satisfaction sur le lieu de travail.<\/p>\n<p>C\u2019est pourquoi IDEWE partage ici quelques conseils concrets dans la pr\u00e9vention et le traitement de l\u2019hypertension\u202f:<\/p>\n<ul>\n<li>Environnement de travail sans tabac\u202f: Impl\u00e9mentez une politique stricte en mati\u00e8re de tabagisme sur le lieu de travail et encouragez les travailleurs \u00e0 arr\u00eater de fumer \u00e0 l\u2019aide de programmes d\u00e9di\u00e9s.<\/li>\n<li>Promotion de l\u2019activit\u00e9 physique\u202f: Stimulez l\u2019activit\u00e9 physique r\u00e9guli\u00e8re par le biais de programmes de sant\u00e9 en entreprise ou d\u2019activit\u00e9s de groupe comme des promenades sur le temps de midi. R\u00e9fl\u00e9chissez aussi \u00e0 des infrastructures li\u00e9es au sport telles que des garages \u00e0 v\u00e9los et des douches.<\/li>\n<li>Alimentation saine\u202f: Fournissez des options alimentaires saines dans les cantines d\u2019entreprise et stimulez l\u2019adoption d\u2019un r\u00e9gime alimentaire sain par le biais d\u2019ateliers \u00e9ducatifs et de conseils en mati\u00e8re d\u2019alimentation.<\/li>\n<li>Contr\u00f4les de sant\u00e9 r\u00e9guliers\u202f: Expliquez ce qu\u2019un mode de vie sain implique et assurez un suivi suffisant de la tension art\u00e9rielle et du poids.<\/li>\n<li>\u00c9ducation et prise de conscience\u202f: Proposez du mat\u00e9riel d\u2019information pour d\u00e9velopper la prise de conscience sur l\u2019hypertension et ses facteurs de risque.<\/li>\n<\/ul>\n<p>&nbsp;<\/p>\n<p><em>Source: \u00c9tude \u00ab\u202fHypertension\u202f\u00bb d\u2019IDEWE r\u00e9alis\u00e9e entre 2017 et 2022 aupr\u00e8s de 606\u202f852\u202ftravailleurs belges. L\u2019\u00e9tude est bas\u00e9e sur la comparaison des dossiers de sant\u00e9 des travailleurs qui viennent chaque ann\u00e9e chez IDEWE pour leur contr\u00f4le m\u00e9dical. Les donn\u00e9es ont donc \u00e9t\u00e9 collect\u00e9es au cours des activit\u00e9s quotidiennes des \u00e9quipes m\u00e9dicales d\u2019IDEWE. Les chiffres ne sont donc pas totalement repr\u00e9sentatifs de la Belgique, mais ils ont toutefois une valeur de signal et permettent de d\u00e9celer des tendances.<\/em><\/p>\n","protected":false},"excerpt":{"rendered":"<p>Une analyse r\u00e9cente d\u2019IDEWE, le service externe pour la pr\u00e9vention et la protection au travail, a mis en lumi\u00e8re des chiffres inqui\u00e9tants concernant l\u2019hypertension chez les travailleurs. En 2022, pr\u00e8s d\u2019un quart d\u2019entre eux pr\u00e9sentaient une tension art\u00e9rielle \u00e9lev\u00e9e pendant [&hellip;]<\/p>\n","protected":false},"author":2,"featured_media":0,"comment_status":"closed","ping_status":"open","sticky":false,"template":"","format":"standard","meta":[],"categories":[65,10],"tags":[96,4050,1139,17,18],"yoast_head":"<!-- This site is optimized with the Yoast SEO plugin v21.0 - https:\/\/yoast.com\/wordpress\/plugins\/seo\/ -->\n<title>Sant\u00e9: un travailleur sur quatre souffre d&#039;une tension art\u00e9rielle \u00e9lev\u00e9e et la pand\u00e9mie n&#039;a rien arrang\u00e9. - Peoplesphere<\/title>\n<meta name=\"description\" content=\"Sant\u00e9: un travailleur sur quatre souffre d&#039;une tension art\u00e9rielle \u00e9lev\u00e9e et la pand\u00e9mie n&#039;a rien arrang\u00e9.\" \/>\n<meta name=\"robots\" content=\"index, follow, max-snippet:-1, max-image-preview:large, max-video-preview:-1\" \/>\n<link rel=\"canonical\" href=\"https:\/\/peoplesphere.be\/fr\/sante-un-travailleur-sur-quatre-souffre-dune-tension-arterielle-elevee-et-la-pandemie-na-rien-arrange\/\" \/>\n<meta property=\"og:locale\" content=\"fr_FR\" \/>\n<meta property=\"og:type\" content=\"article\" \/>\n<meta property=\"og:title\" content=\"Sant\u00e9: un travailleur sur quatre souffre d&#039;une tension art\u00e9rielle \u00e9lev\u00e9e et la pand\u00e9mie n&#039;a rien arrang\u00e9. - Peoplesphere\" \/>\n<meta property=\"og:description\" content=\"Sant\u00e9: un travailleur sur quatre souffre d&#039;une tension art\u00e9rielle \u00e9lev\u00e9e et la pand\u00e9mie n&#039;a rien arrang\u00e9.\" \/>\n<meta property=\"og:url\" content=\"https:\/\/peoplesphere.be\/fr\/sante-un-travailleur-sur-quatre-souffre-dune-tension-arterielle-elevee-et-la-pandemie-na-rien-arrange\/\" \/>\n<meta property=\"og:site_name\" content=\"Peoplesphere\" \/>\n<meta property=\"article:publisher\" content=\"https:\/\/www.facebook.com\/peoplesphere\" \/>\n<meta property=\"article:published_time\" content=\"2024-05-17T04:18:20+00:00\" \/>\n<meta property=\"og:image\" content=\"http:\/\/www.peoplesphere.be\/fr\/wp-content\/uploads\/2016\/07\/facebook-default-posting-1200x628px.jpg\" \/>\n<meta name=\"author\" content=\"Jean-Paul Erhard\" \/>\n<meta name=\"twitter:card\" content=\"summary_large_image\" \/>\n<meta name=\"twitter:creator\" content=\"@PeoplesphereMag\" \/>\n<meta name=\"twitter:site\" content=\"@PeoplesphereMag\" \/>\n<meta name=\"twitter:label1\" content=\"\u00c9crit par\" \/>\n\t<meta name=\"twitter:data1\" content=\"Jean-Paul Erhard\" \/>\n\t<meta name=\"twitter:label2\" content=\"Dur\u00e9e de lecture estim\u00e9e\" \/>\n\t<meta name=\"twitter:data2\" content=\"4 minutes\" \/>\n<script type=\"application\/ld+json\" class=\"yoast-schema-graph\">{\"@context\":\"https:\/\/schema.org\",\"@graph\":[{\"@type\":\"Article\",\"@id\":\"https:\/\/peoplesphere.be\/fr\/sante-un-travailleur-sur-quatre-souffre-dune-tension-arterielle-elevee-et-la-pandemie-na-rien-arrange\/#article\",\"isPartOf\":{\"@id\":\"https:\/\/peoplesphere.be\/fr\/sante-un-travailleur-sur-quatre-souffre-dune-tension-arterielle-elevee-et-la-pandemie-na-rien-arrange\/\"},\"author\":{\"name\":\"Jean-Paul Erhard\",\"@id\":\"https:\/\/peoplesphere.be\/fr\/#\/schema\/person\/7976225ff17988604334abb7b3536a7e\"},\"headline\":\"Sant\u00e9: un travailleur sur quatre souffre d&rsquo;une tension art\u00e9rielle \u00e9lev\u00e9e et la pand\u00e9mie n&rsquo;a rien arrang\u00e9.\",\"datePublished\":\"2024-05-17T04:18:20+00:00\",\"dateModified\":\"2024-05-17T04:18:20+00:00\",\"mainEntityOfPage\":{\"@id\":\"https:\/\/peoplesphere.be\/fr\/sante-un-travailleur-sur-quatre-souffre-dune-tension-arterielle-elevee-et-la-pandemie-na-rien-arrange\/\"},\"wordCount\":847,\"publisher\":{\"@id\":\"https:\/\/peoplesphere.be\/fr\/#organization\"},\"keywords\":[\"bien-\u00eatre\",\"hypertension\",\"IDEWE\",\"Sant\u00e9\",\"Stress\"],\"articleSection\":[\"Actualit\u00e9s\",\"Digital\"],\"inLanguage\":\"fr-FR\"},{\"@type\":\"WebPage\",\"@id\":\"https:\/\/peoplesphere.be\/fr\/sante-un-travailleur-sur-quatre-souffre-dune-tension-arterielle-elevee-et-la-pandemie-na-rien-arrange\/\",\"url\":\"https:\/\/peoplesphere.be\/fr\/sante-un-travailleur-sur-quatre-souffre-dune-tension-arterielle-elevee-et-la-pandemie-na-rien-arrange\/\",\"name\":\"Sant\u00e9: un travailleur sur quatre souffre d'une tension art\u00e9rielle \u00e9lev\u00e9e et la pand\u00e9mie n'a rien arrang\u00e9. - Peoplesphere\",\"isPartOf\":{\"@id\":\"https:\/\/peoplesphere.be\/fr\/#website\"},\"datePublished\":\"2024-05-17T04:18:20+00:00\",\"dateModified\":\"2024-05-17T04:18:20+00:00\",\"description\":\"Sant\u00e9: un travailleur sur quatre souffre d'une tension art\u00e9rielle \u00e9lev\u00e9e et la pand\u00e9mie n'a rien arrang\u00e9.\",\"breadcrumb\":{\"@id\":\"https:\/\/peoplesphere.be\/fr\/sante-un-travailleur-sur-quatre-souffre-dune-tension-arterielle-elevee-et-la-pandemie-na-rien-arrange\/#breadcrumb\"},\"inLanguage\":\"fr-FR\",\"potentialAction\":[{\"@type\":\"ReadAction\",\"target\":[\"https:\/\/peoplesphere.be\/fr\/sante-un-travailleur-sur-quatre-souffre-dune-tension-arterielle-elevee-et-la-pandemie-na-rien-arrange\/\"]}]},{\"@type\":\"BreadcrumbList\",\"@id\":\"https:\/\/peoplesphere.be\/fr\/sante-un-travailleur-sur-quatre-souffre-dune-tension-arterielle-elevee-et-la-pandemie-na-rien-arrange\/#breadcrumb\",\"itemListElement\":[{\"@type\":\"ListItem\",\"position\":1,\"name\":\"Accueil\",\"item\":\"https:\/\/peoplesphere.be\/fr\/\"},{\"@type\":\"ListItem\",\"position\":2,\"name\":\"Sant\u00e9: un travailleur sur quatre souffre d&rsquo;une tension art\u00e9rielle \u00e9lev\u00e9e et la pand\u00e9mie n&rsquo;a rien arrang\u00e9.\"}]},{\"@type\":\"WebSite\",\"@id\":\"https:\/\/peoplesphere.be\/fr\/#website\",\"url\":\"https:\/\/peoplesphere.be\/fr\/\",\"name\":\"Peoplesphere\",\"description\":\"The People Managers Magazine\",\"publisher\":{\"@id\":\"https:\/\/peoplesphere.be\/fr\/#organization\"},\"potentialAction\":[{\"@type\":\"SearchAction\",\"target\":{\"@type\":\"EntryPoint\",\"urlTemplate\":\"https:\/\/peoplesphere.be\/fr\/?s={search_term_string}\"},\"query-input\":\"required name=search_term_string\"}],\"inLanguage\":\"fr-FR\"},{\"@type\":\"Organization\",\"@id\":\"https:\/\/peoplesphere.be\/fr\/#organization\",\"name\":\"Peoplesphere Company srl\",\"url\":\"https:\/\/peoplesphere.be\/fr\/\",\"logo\":{\"@type\":\"ImageObject\",\"inLanguage\":\"fr-FR\",\"@id\":\"https:\/\/peoplesphere.be\/fr\/#\/schema\/logo\/image\/\",\"url\":\"https:\/\/peoplesphere.be\/fr\/wp-content\/uploads\/2023\/07\/peoplesphere-lgo-new-generik.jpg\",\"contentUrl\":\"https:\/\/peoplesphere.be\/fr\/wp-content\/uploads\/2023\/07\/peoplesphere-lgo-new-generik.jpg\",\"width\":1031,\"height\":1479,\"caption\":\"Peoplesphere Company srl\"},\"image\":{\"@id\":\"https:\/\/peoplesphere.be\/fr\/#\/schema\/logo\/image\/\"},\"sameAs\":[\"https:\/\/www.facebook.com\/peoplesphere\",\"https:\/\/twitter.com\/PeoplesphereMag\",\"https:\/\/www.linkedin.com\/company\/7587361?trk\",\"http:\/\/youtube.com\/peoplesphere\"]},{\"@type\":\"Person\",\"@id\":\"https:\/\/peoplesphere.be\/fr\/#\/schema\/person\/7976225ff17988604334abb7b3536a7e\",\"name\":\"Jean-Paul Erhard\",\"image\":{\"@type\":\"ImageObject\",\"inLanguage\":\"fr-FR\",\"@id\":\"https:\/\/peoplesphere.be\/fr\/#\/schema\/person\/image\/\",\"url\":\"https:\/\/secure.gravatar.com\/avatar\/f941e681460179738071629a51574930?s=96&d=mm&r=g\",\"contentUrl\":\"https:\/\/secure.gravatar.com\/avatar\/f941e681460179738071629a51574930?s=96&d=mm&r=g\",\"caption\":\"Jean-Paul Erhard\"},\"url\":\"https:\/\/peoplesphere.be\/fr\/author\/jpe\/\"}]}<\/script>\n<!-- \/ Yoast SEO plugin. -->","yoast_head_json":{"title":"Sant\u00e9: un travailleur sur quatre souffre d'une tension art\u00e9rielle \u00e9lev\u00e9e et la pand\u00e9mie n'a rien arrang\u00e9. - Peoplesphere","description":"Sant\u00e9: un travailleur sur quatre souffre d'une tension art\u00e9rielle \u00e9lev\u00e9e et la pand\u00e9mie n'a rien arrang\u00e9.","robots":{"index":"index","follow":"follow","max-snippet":"max-snippet:-1","max-image-preview":"max-image-preview:large","max-video-preview":"max-video-preview:-1"},"canonical":"https:\/\/peoplesphere.be\/fr\/sante-un-travailleur-sur-quatre-souffre-dune-tension-arterielle-elevee-et-la-pandemie-na-rien-arrange\/","og_locale":"fr_FR","og_type":"article","og_title":"Sant\u00e9: un travailleur sur quatre souffre d'une tension art\u00e9rielle \u00e9lev\u00e9e et la pand\u00e9mie n'a rien arrang\u00e9. - Peoplesphere","og_description":"Sant\u00e9: un travailleur sur quatre souffre d'une tension art\u00e9rielle \u00e9lev\u00e9e et la pand\u00e9mie n'a rien arrang\u00e9.","og_url":"https:\/\/peoplesphere.be\/fr\/sante-un-travailleur-sur-quatre-souffre-dune-tension-arterielle-elevee-et-la-pandemie-na-rien-arrange\/","og_site_name":"Peoplesphere","article_publisher":"https:\/\/www.facebook.com\/peoplesphere","article_published_time":"2024-05-17T04:18:20+00:00","og_image":[{"url":"http:\/\/www.peoplesphere.be\/fr\/wp-content\/uploads\/2016\/07\/facebook-default-posting-1200x628px.jpg"}],"author":"Jean-Paul Erhard","twitter_card":"summary_large_image","twitter_creator":"@PeoplesphereMag","twitter_site":"@PeoplesphereMag","twitter_misc":{"\u00c9crit par":"Jean-Paul Erhard","Dur\u00e9e de lecture estim\u00e9e":"4 minutes"},"schema":{"@context":"https:\/\/schema.org","@graph":[{"@type":"Article","@id":"https:\/\/peoplesphere.be\/fr\/sante-un-travailleur-sur-quatre-souffre-dune-tension-arterielle-elevee-et-la-pandemie-na-rien-arrange\/#article","isPartOf":{"@id":"https:\/\/peoplesphere.be\/fr\/sante-un-travailleur-sur-quatre-souffre-dune-tension-arterielle-elevee-et-la-pandemie-na-rien-arrange\/"},"author":{"name":"Jean-Paul Erhard","@id":"https:\/\/peoplesphere.be\/fr\/#\/schema\/person\/7976225ff17988604334abb7b3536a7e"},"headline":"Sant\u00e9: un travailleur sur quatre souffre d&rsquo;une tension art\u00e9rielle \u00e9lev\u00e9e et la pand\u00e9mie n&rsquo;a rien arrang\u00e9.","datePublished":"2024-05-17T04:18:20+00:00","dateModified":"2024-05-17T04:18:20+00:00","mainEntityOfPage":{"@id":"https:\/\/peoplesphere.be\/fr\/sante-un-travailleur-sur-quatre-souffre-dune-tension-arterielle-elevee-et-la-pandemie-na-rien-arrange\/"},"wordCount":847,"publisher":{"@id":"https:\/\/peoplesphere.be\/fr\/#organization"},"keywords":["bien-\u00eatre","hypertension","IDEWE","Sant\u00e9","Stress"],"articleSection":["Actualit\u00e9s","Digital"],"inLanguage":"fr-FR"},{"@type":"WebPage","@id":"https:\/\/peoplesphere.be\/fr\/sante-un-travailleur-sur-quatre-souffre-dune-tension-arterielle-elevee-et-la-pandemie-na-rien-arrange\/","url":"https:\/\/peoplesphere.be\/fr\/sante-un-travailleur-sur-quatre-souffre-dune-tension-arterielle-elevee-et-la-pandemie-na-rien-arrange\/","name":"Sant\u00e9: un travailleur sur quatre souffre d'une tension art\u00e9rielle \u00e9lev\u00e9e et la pand\u00e9mie n'a rien arrang\u00e9. - Peoplesphere","isPartOf":{"@id":"https:\/\/peoplesphere.be\/fr\/#website"},"datePublished":"2024-05-17T04:18:20+00:00","dateModified":"2024-05-17T04:18:20+00:00","description":"Sant\u00e9: un travailleur sur quatre souffre d'une tension art\u00e9rielle \u00e9lev\u00e9e et la pand\u00e9mie n'a rien arrang\u00e9.","breadcrumb":{"@id":"https:\/\/peoplesphere.be\/fr\/sante-un-travailleur-sur-quatre-souffre-dune-tension-arterielle-elevee-et-la-pandemie-na-rien-arrange\/#breadcrumb"},"inLanguage":"fr-FR","potentialAction":[{"@type":"ReadAction","target":["https:\/\/peoplesphere.be\/fr\/sante-un-travailleur-sur-quatre-souffre-dune-tension-arterielle-elevee-et-la-pandemie-na-rien-arrange\/"]}]},{"@type":"BreadcrumbList","@id":"https:\/\/peoplesphere.be\/fr\/sante-un-travailleur-sur-quatre-souffre-dune-tension-arterielle-elevee-et-la-pandemie-na-rien-arrange\/#breadcrumb","itemListElement":[{"@type":"ListItem","position":1,"name":"Accueil","item":"https:\/\/peoplesphere.be\/fr\/"},{"@type":"ListItem","position":2,"name":"Sant\u00e9: un travailleur sur quatre souffre d&rsquo;une tension art\u00e9rielle \u00e9lev\u00e9e et la pand\u00e9mie n&rsquo;a rien arrang\u00e9."}]},{"@type":"WebSite","@id":"https:\/\/peoplesphere.be\/fr\/#website","url":"https:\/\/peoplesphere.be\/fr\/","name":"Peoplesphere","description":"The People Managers Magazine","publisher":{"@id":"https:\/\/peoplesphere.be\/fr\/#organization"},"potentialAction":[{"@type":"SearchAction","target":{"@type":"EntryPoint","urlTemplate":"https:\/\/peoplesphere.be\/fr\/?s={search_term_string}"},"query-input":"required name=search_term_string"}],"inLanguage":"fr-FR"},{"@type":"Organization","@id":"https:\/\/peoplesphere.be\/fr\/#organization","name":"Peoplesphere Company srl","url":"https:\/\/peoplesphere.be\/fr\/","logo":{"@type":"ImageObject","inLanguage":"fr-FR","@id":"https:\/\/peoplesphere.be\/fr\/#\/schema\/logo\/image\/","url":"https:\/\/peoplesphere.be\/fr\/wp-content\/uploads\/2023\/07\/peoplesphere-lgo-new-generik.jpg","contentUrl":"https:\/\/peoplesphere.be\/fr\/wp-content\/uploads\/2023\/07\/peoplesphere-lgo-new-generik.jpg","width":1031,"height":1479,"caption":"Peoplesphere Company srl"},"image":{"@id":"https:\/\/peoplesphere.be\/fr\/#\/schema\/logo\/image\/"},"sameAs":["https:\/\/www.facebook.com\/peoplesphere","https:\/\/twitter.com\/PeoplesphereMag","https:\/\/www.linkedin.com\/company\/7587361?trk","http:\/\/youtube.com\/peoplesphere"]},{"@type":"Person","@id":"https:\/\/peoplesphere.be\/fr\/#\/schema\/person\/7976225ff17988604334abb7b3536a7e","name":"Jean-Paul Erhard","image":{"@type":"ImageObject","inLanguage":"fr-FR","@id":"https:\/\/peoplesphere.be\/fr\/#\/schema\/person\/image\/","url":"https:\/\/secure.gravatar.com\/avatar\/f941e681460179738071629a51574930?s=96&d=mm&r=g","contentUrl":"https:\/\/secure.gravatar.com\/avatar\/f941e681460179738071629a51574930?s=96&d=mm&r=g","caption":"Jean-Paul Erhard"},"url":"https:\/\/peoplesphere.be\/fr\/author\/jpe\/"}]}},"_links":{"self":[{"href":"https:\/\/peoplesphere.be\/fr\/wp-json\/wp\/v2\/posts\/16168"}],"collection":[{"href":"https:\/\/peoplesphere.be\/fr\/wp-json\/wp\/v2\/posts"}],"about":[{"href":"https:\/\/peoplesphere.be\/fr\/wp-json\/wp\/v2\/types\/post"}],"author":[{"embeddable":true,"href":"https:\/\/peoplesphere.be\/fr\/wp-json\/wp\/v2\/users\/2"}],"replies":[{"embeddable":true,"href":"https:\/\/peoplesphere.be\/fr\/wp-json\/wp\/v2\/comments?post=16168"}],"version-history":[{"count":1,"href":"https:\/\/peoplesphere.be\/fr\/wp-json\/wp\/v2\/posts\/16168\/revisions"}],"predecessor-version":[{"id":16169,"href":"https:\/\/peoplesphere.be\/fr\/wp-json\/wp\/v2\/posts\/16168\/revisions\/16169"}],"wp:attachment":[{"href":"https:\/\/peoplesphere.be\/fr\/wp-json\/wp\/v2\/media?parent=16168"}],"wp:term":[{"taxonomy":"category","embeddable":true,"href":"https:\/\/peoplesphere.be\/fr\/wp-json\/wp\/v2\/categories?post=16168"},{"taxonomy":"post_tag","embeddable":true,"href":"https:\/\/peoplesphere.be\/fr\/wp-json\/wp\/v2\/tags?post=16168"}],"curies":[{"name":"wp","href":"https:\/\/api.w.org\/{rel}","templated":true}]}}