









{"id":16175,"date":"2024-05-19T09:53:36","date_gmt":"2024-05-19T07:53:36","guid":{"rendered":"https:\/\/peoplesphere.be\/fr\/?p=16175"},"modified":"2024-05-24T16:42:52","modified_gmt":"2024-05-24T14:42:52","slug":"petit-dejeuner-de-ladp-liege-le-14-juin-les-elections-sociales-et-apres","status":"publish","type":"post","link":"https:\/\/peoplesphere.be\/fr\/petit-dejeuner-de-ladp-liege-le-14-juin-les-elections-sociales-et-apres\/","title":{"rendered":"Petit d\u00e9jeuner de l&rsquo;ADP Li\u00e8ge le 14 juin: \u00ab\u00a0Les \u00e9lections sociales, et apr\u00e8s?\u00a0\u00bb"},"content":{"rendered":"<p>Rendez-vous le vendredi 14 juin d\u00e8s 8h30 pour le prochain petit d\u00e9jeuner de l&rsquo;ADP Li\u00e8ge. L&rsquo;intitul\u00e9 du jour : <em>\u00ab\u00a0Les \u00e9lections sociales, et apr\u00e8s ? Comment r\u00e9ussir le d\u00e9fi de la \u00ab\u00a0nouvelle\u00a0\u00bb concertation sociale?\u00a0\u00bb<\/em><!--more--><\/p>\n<p>La cl\u00f4ture des \u00e9lections sociales entra\u00eene l\u2019installation des nouvelles instances de concertation sociale au sein de nos entreprises. Cette concertation sociale est en constante \u00e9volution face aux besoins changeants du monde du travail : travail en mode hybride, individualisation croissante des travailleurs cherchant \u00e0 personnaliser leurs conditions de travail, \u00e9rosion des taux de syndicalisation, etc.<\/p>\n<p><strong><em>Intervenants<\/em><\/strong><br \/>\n\u2022 Jean-Paul Lacomble, Avocat Associ\u00e9 chez Claeys &amp; Engels<br \/>\n\u2022 Olivier Douxchamps, Plant Manager de Knauf Insulation Vis\u00e9<br \/>\n\u2022 Ga\u00ebtan Stas, Secr\u00e9taire G\u00e9n\u00e9ral CSC Alimentation et Services<\/p>\n<p>Jean-Paul Lacomble nous partagera ses observations sur l\u2019\u00e9volution de la concertation sociale et ses conseils pour tenir compte de ce nouveau contexte.<br \/>\nPuis nos 3 experts du jour, regroup\u00e9s en une table ronde, r\u00e9agiront, d\u00e9battront et partageront leur exp\u00e9rience et conseils pratiques.<\/p>\n<p><strong><em>Rejoignez-nous pour d\u00e9couvrir leurs r\u00e9ponses \u00e0 ces questions :<\/em><\/strong><\/p>\n<ul>\n<li>Comment adapter vos pratiques aux nouvelles r\u00e9alit\u00e9s de la concertation sociale ?<\/li>\n<li>Comment favoriser un dialogue constructif entre toutes les parties<br \/>\nprenantes ?<\/li>\n<li>Comment anticiper les d\u00e9fis futurs et saisir les opportunit\u00e9s ?<\/li>\n<\/ul>\n<p>L\u2019expos\u00e9 sera pr\u00e9c\u00e9d\u00e9 des traditionnelles \u00ab\u00a010 minutes d\u2019actualit\u00e9s socio-juridiques\u00a0\u00bb pr\u00e9sent\u00e9es par Jean-Paul Lacomble, avocat associ\u00e9 chez Claeys &amp; Engels.<\/p>\n<p><a href=\"https:\/\/docs.google.com\/forms\/d\/e\/1FAIpQLSfIyV72b-0ekE0iCHesBmX4YeHTARtegy5_ATOvoP_bkB5wDg\/viewform?pli=1\">Inscription via ce lien<\/a><\/p>\n<h3><strong><em>Infos pratiques : <\/em><\/strong><\/h3>\n<p>Le vendredi 14 juin 2024 de 8h30 \u00e0 10h00 (accueil d\u00e8s 8h).<\/p>\n<p>Le prochain \u00ab Petit D\u00e9jeuner Ressources Humaines \u00bb organis\u00e9 par l&rsquo;ADP Li\u00e8ge se tiendra \u00e0 Li\u00e8ge Airport (BIERSET), dans le restaurant \u00ab\u00a0L\u2019\u00c9CHAPP\u00c9E BOEUF\u00a0\u00bb (Hall de,d\u00e9part 2e \u00e9tage). Parking gratuit pour les 3 premi\u00e8res heures. Possibilit\u00e9 de se connecter \u00e0 distance pour ceux qui le souhaitent.<\/p>\n<p>Participation aux frais : gratuit pour les membres ADP, leurs invit\u00e9s et partenaires et les participants en ligne, 25,00\u20ac pour les non-membres en pr\u00e9sentiel.<\/p>\n<p>Le montant est \u00e0 verser ANTICIPATIVEMENT sur le compte BE40 0689 3870 1763 de l&rsquo;ADP avec mention: \u00abPetit D\u00e9jeuner ADP 14.06.2024 NOM et Pr\u00e9nom\u00bb. Toute inscription enregistr\u00e9e qui n\u2019est pas annul\u00e9e 24 heures avant la manifestation est due. Les inscriptions seront cl\u00f4tur\u00e9es le jeudi 13 juin 2024 \u00e0 midi.<\/p>\n","protected":false},"excerpt":{"rendered":"<p>Rendez-vous le vendredi 14 juin d\u00e8s 8h30 pour le prochain petit d\u00e9jeuner de l&rsquo;ADP Li\u00e8ge. L&rsquo;intitul\u00e9 du jour : \u00ab\u00a0Les \u00e9lections sociales, et apr\u00e8s ? Comment r\u00e9ussir le d\u00e9fi de la \u00ab\u00a0nouvelle\u00a0\u00bb concertation sociale?\u00a0\u00bb<\/p>\n","protected":false},"author":2,"featured_media":0,"comment_status":"closed","ping_status":"open","sticky":false,"template":"","format":"standard","meta":[],"categories":[65,67,10,8],"tags":[274,332,1177,275],"yoast_head":"<!-- This site is optimized with the Yoast SEO plugin v21.0 - https:\/\/yoast.com\/wordpress\/plugins\/seo\/ -->\n<title>Petit d\u00e9jeuner de l&#039;ADP Li\u00e8ge le 14 juin: &quot;Les \u00e9lections sociales, et apr\u00e8s?&quot; - Peoplesphere<\/title>\n<meta name=\"robots\" content=\"index, follow, max-snippet:-1, max-image-preview:large, max-video-preview:-1\" \/>\n<link rel=\"canonical\" href=\"https:\/\/peoplesphere.be\/fr\/petit-dejeuner-de-ladp-liege-le-14-juin-les-elections-sociales-et-apres\/\" \/>\n<meta property=\"og:locale\" content=\"fr_FR\" \/>\n<meta property=\"og:type\" content=\"article\" \/>\n<meta property=\"og:title\" content=\"Petit d\u00e9jeuner de l&#039;ADP Li\u00e8ge le 14 juin: &quot;Les \u00e9lections sociales, et apr\u00e8s?&quot; - Peoplesphere\" \/>\n<meta property=\"og:description\" content=\"Rendez-vous le vendredi 14 juin d\u00e8s 8h30 pour le prochain petit d\u00e9jeuner de l&rsquo;ADP Li\u00e8ge. L&rsquo;intitul\u00e9 du jour : \u00ab\u00a0Les \u00e9lections sociales, et apr\u00e8s ? Comment r\u00e9ussir le d\u00e9fi de la \u00ab\u00a0nouvelle\u00a0\u00bb concertation sociale?\u00a0\u00bb\" \/>\n<meta property=\"og:url\" content=\"https:\/\/peoplesphere.be\/fr\/petit-dejeuner-de-ladp-liege-le-14-juin-les-elections-sociales-et-apres\/\" \/>\n<meta property=\"og:site_name\" content=\"Peoplesphere\" \/>\n<meta property=\"article:publisher\" content=\"https:\/\/www.facebook.com\/peoplesphere\" \/>\n<meta property=\"article:published_time\" content=\"2024-05-19T07:53:36+00:00\" \/>\n<meta property=\"article:modified_time\" content=\"2024-05-24T14:42:52+00:00\" \/>\n<meta property=\"og:image\" content=\"http:\/\/www.peoplesphere.be\/fr\/wp-content\/uploads\/2016\/07\/facebook-default-posting-1200x628px.jpg\" \/>\n<meta name=\"author\" content=\"Jean-Paul Erhard\" \/>\n<meta name=\"twitter:card\" content=\"summary_large_image\" \/>\n<meta name=\"twitter:creator\" content=\"@PeoplesphereMag\" \/>\n<meta name=\"twitter:site\" content=\"@PeoplesphereMag\" \/>\n<meta name=\"twitter:label1\" content=\"\u00c9crit par\" \/>\n\t<meta name=\"twitter:data1\" content=\"Jean-Paul Erhard\" \/>\n\t<meta name=\"twitter:label2\" content=\"Dur\u00e9e de lecture estim\u00e9e\" \/>\n\t<meta name=\"twitter:data2\" content=\"2 minutes\" \/>\n<script type=\"application\/ld+json\" class=\"yoast-schema-graph\">{\"@context\":\"https:\/\/schema.org\",\"@graph\":[{\"@type\":\"Article\",\"@id\":\"https:\/\/peoplesphere.be\/fr\/petit-dejeuner-de-ladp-liege-le-14-juin-les-elections-sociales-et-apres\/#article\",\"isPartOf\":{\"@id\":\"https:\/\/peoplesphere.be\/fr\/petit-dejeuner-de-ladp-liege-le-14-juin-les-elections-sociales-et-apres\/\"},\"author\":{\"name\":\"Jean-Paul Erhard\",\"@id\":\"https:\/\/peoplesphere.be\/fr\/#\/schema\/person\/7976225ff17988604334abb7b3536a7e\"},\"headline\":\"Petit d\u00e9jeuner de l&rsquo;ADP Li\u00e8ge le 14 juin: \u00ab\u00a0Les \u00e9lections sociales, et apr\u00e8s?\u00a0\u00bb\",\"datePublished\":\"2024-05-19T07:53:36+00:00\",\"dateModified\":\"2024-05-24T14:42:52+00:00\",\"mainEntityOfPage\":{\"@id\":\"https:\/\/peoplesphere.be\/fr\/petit-dejeuner-de-ladp-liege-le-14-juin-les-elections-sociales-et-apres\/\"},\"wordCount\":386,\"publisher\":{\"@id\":\"https:\/\/peoplesphere.be\/fr\/#organization\"},\"keywords\":[\"ADP Li\u00e8ge\",\"concertation sociale\",\"dialogue social\",\"\u00e9lections sociales\"],\"articleSection\":[\"Actualit\u00e9s\",\"Calendrier\",\"Digital\",\"Events\"],\"inLanguage\":\"fr-FR\"},{\"@type\":\"WebPage\",\"@id\":\"https:\/\/peoplesphere.be\/fr\/petit-dejeuner-de-ladp-liege-le-14-juin-les-elections-sociales-et-apres\/\",\"url\":\"https:\/\/peoplesphere.be\/fr\/petit-dejeuner-de-ladp-liege-le-14-juin-les-elections-sociales-et-apres\/\",\"name\":\"Petit d\u00e9jeuner de l'ADP Li\u00e8ge le 14 juin: \\\"Les \u00e9lections sociales, et apr\u00e8s?\\\" - Peoplesphere\",\"isPartOf\":{\"@id\":\"https:\/\/peoplesphere.be\/fr\/#website\"},\"datePublished\":\"2024-05-19T07:53:36+00:00\",\"dateModified\":\"2024-05-24T14:42:52+00:00\",\"breadcrumb\":{\"@id\":\"https:\/\/peoplesphere.be\/fr\/petit-dejeuner-de-ladp-liege-le-14-juin-les-elections-sociales-et-apres\/#breadcrumb\"},\"inLanguage\":\"fr-FR\",\"potentialAction\":[{\"@type\":\"ReadAction\",\"target\":[\"https:\/\/peoplesphere.be\/fr\/petit-dejeuner-de-ladp-liege-le-14-juin-les-elections-sociales-et-apres\/\"]}]},{\"@type\":\"BreadcrumbList\",\"@id\":\"https:\/\/peoplesphere.be\/fr\/petit-dejeuner-de-ladp-liege-le-14-juin-les-elections-sociales-et-apres\/#breadcrumb\",\"itemListElement\":[{\"@type\":\"ListItem\",\"position\":1,\"name\":\"Accueil\",\"item\":\"https:\/\/peoplesphere.be\/fr\/\"},{\"@type\":\"ListItem\",\"position\":2,\"name\":\"Petit d\u00e9jeuner de l&rsquo;ADP Li\u00e8ge le 14 juin: \u00ab\u00a0Les \u00e9lections sociales, et apr\u00e8s?\u00a0\u00bb\"}]},{\"@type\":\"WebSite\",\"@id\":\"https:\/\/peoplesphere.be\/fr\/#website\",\"url\":\"https:\/\/peoplesphere.be\/fr\/\",\"name\":\"Peoplesphere\",\"description\":\"The People Managers Magazine\",\"publisher\":{\"@id\":\"https:\/\/peoplesphere.be\/fr\/#organization\"},\"potentialAction\":[{\"@type\":\"SearchAction\",\"target\":{\"@type\":\"EntryPoint\",\"urlTemplate\":\"https:\/\/peoplesphere.be\/fr\/?s={search_term_string}\"},\"query-input\":\"required name=search_term_string\"}],\"inLanguage\":\"fr-FR\"},{\"@type\":\"Organization\",\"@id\":\"https:\/\/peoplesphere.be\/fr\/#organization\",\"name\":\"Peoplesphere Company srl\",\"url\":\"https:\/\/peoplesphere.be\/fr\/\",\"logo\":{\"@type\":\"ImageObject\",\"inLanguage\":\"fr-FR\",\"@id\":\"https:\/\/peoplesphere.be\/fr\/#\/schema\/logo\/image\/\",\"url\":\"https:\/\/peoplesphere.be\/fr\/wp-content\/uploads\/2023\/07\/peoplesphere-lgo-new-generik.jpg\",\"contentUrl\":\"https:\/\/peoplesphere.be\/fr\/wp-content\/uploads\/2023\/07\/peoplesphere-lgo-new-generik.jpg\",\"width\":1031,\"height\":1479,\"caption\":\"Peoplesphere Company srl\"},\"image\":{\"@id\":\"https:\/\/peoplesphere.be\/fr\/#\/schema\/logo\/image\/\"},\"sameAs\":[\"https:\/\/www.facebook.com\/peoplesphere\",\"https:\/\/twitter.com\/PeoplesphereMag\",\"https:\/\/www.linkedin.com\/company\/7587361?trk\",\"http:\/\/youtube.com\/peoplesphere\"]},{\"@type\":\"Person\",\"@id\":\"https:\/\/peoplesphere.be\/fr\/#\/schema\/person\/7976225ff17988604334abb7b3536a7e\",\"name\":\"Jean-Paul Erhard\",\"image\":{\"@type\":\"ImageObject\",\"inLanguage\":\"fr-FR\",\"@id\":\"https:\/\/peoplesphere.be\/fr\/#\/schema\/person\/image\/\",\"url\":\"https:\/\/secure.gravatar.com\/avatar\/f941e681460179738071629a51574930?s=96&d=mm&r=g\",\"contentUrl\":\"https:\/\/secure.gravatar.com\/avatar\/f941e681460179738071629a51574930?s=96&d=mm&r=g\",\"caption\":\"Jean-Paul Erhard\"},\"url\":\"https:\/\/peoplesphere.be\/fr\/author\/jpe\/\"}]}<\/script>\n<!-- \/ Yoast SEO plugin. -->","yoast_head_json":{"title":"Petit d\u00e9jeuner de l'ADP Li\u00e8ge le 14 juin: \"Les \u00e9lections sociales, et apr\u00e8s?\" - Peoplesphere","robots":{"index":"index","follow":"follow","max-snippet":"max-snippet:-1","max-image-preview":"max-image-preview:large","max-video-preview":"max-video-preview:-1"},"canonical":"https:\/\/peoplesphere.be\/fr\/petit-dejeuner-de-ladp-liege-le-14-juin-les-elections-sociales-et-apres\/","og_locale":"fr_FR","og_type":"article","og_title":"Petit d\u00e9jeuner de l'ADP Li\u00e8ge le 14 juin: \"Les \u00e9lections sociales, et apr\u00e8s?\" - Peoplesphere","og_description":"Rendez-vous le vendredi 14 juin d\u00e8s 8h30 pour le prochain petit d\u00e9jeuner de l&rsquo;ADP Li\u00e8ge. L&rsquo;intitul\u00e9 du jour : \u00ab\u00a0Les \u00e9lections sociales, et apr\u00e8s ? Comment r\u00e9ussir le d\u00e9fi de la \u00ab\u00a0nouvelle\u00a0\u00bb concertation sociale?\u00a0\u00bb","og_url":"https:\/\/peoplesphere.be\/fr\/petit-dejeuner-de-ladp-liege-le-14-juin-les-elections-sociales-et-apres\/","og_site_name":"Peoplesphere","article_publisher":"https:\/\/www.facebook.com\/peoplesphere","article_published_time":"2024-05-19T07:53:36+00:00","article_modified_time":"2024-05-24T14:42:52+00:00","og_image":[{"url":"http:\/\/www.peoplesphere.be\/fr\/wp-content\/uploads\/2016\/07\/facebook-default-posting-1200x628px.jpg"}],"author":"Jean-Paul Erhard","twitter_card":"summary_large_image","twitter_creator":"@PeoplesphereMag","twitter_site":"@PeoplesphereMag","twitter_misc":{"\u00c9crit par":"Jean-Paul Erhard","Dur\u00e9e de lecture estim\u00e9e":"2 minutes"},"schema":{"@context":"https:\/\/schema.org","@graph":[{"@type":"Article","@id":"https:\/\/peoplesphere.be\/fr\/petit-dejeuner-de-ladp-liege-le-14-juin-les-elections-sociales-et-apres\/#article","isPartOf":{"@id":"https:\/\/peoplesphere.be\/fr\/petit-dejeuner-de-ladp-liege-le-14-juin-les-elections-sociales-et-apres\/"},"author":{"name":"Jean-Paul Erhard","@id":"https:\/\/peoplesphere.be\/fr\/#\/schema\/person\/7976225ff17988604334abb7b3536a7e"},"headline":"Petit d\u00e9jeuner de l&rsquo;ADP Li\u00e8ge le 14 juin: \u00ab\u00a0Les \u00e9lections sociales, et apr\u00e8s?\u00a0\u00bb","datePublished":"2024-05-19T07:53:36+00:00","dateModified":"2024-05-24T14:42:52+00:00","mainEntityOfPage":{"@id":"https:\/\/peoplesphere.be\/fr\/petit-dejeuner-de-ladp-liege-le-14-juin-les-elections-sociales-et-apres\/"},"wordCount":386,"publisher":{"@id":"https:\/\/peoplesphere.be\/fr\/#organization"},"keywords":["ADP Li\u00e8ge","concertation sociale","dialogue social","\u00e9lections sociales"],"articleSection":["Actualit\u00e9s","Calendrier","Digital","Events"],"inLanguage":"fr-FR"},{"@type":"WebPage","@id":"https:\/\/peoplesphere.be\/fr\/petit-dejeuner-de-ladp-liege-le-14-juin-les-elections-sociales-et-apres\/","url":"https:\/\/peoplesphere.be\/fr\/petit-dejeuner-de-ladp-liege-le-14-juin-les-elections-sociales-et-apres\/","name":"Petit d\u00e9jeuner de l'ADP Li\u00e8ge le 14 juin: \"Les \u00e9lections sociales, et apr\u00e8s?\" - Peoplesphere","isPartOf":{"@id":"https:\/\/peoplesphere.be\/fr\/#website"},"datePublished":"2024-05-19T07:53:36+00:00","dateModified":"2024-05-24T14:42:52+00:00","breadcrumb":{"@id":"https:\/\/peoplesphere.be\/fr\/petit-dejeuner-de-ladp-liege-le-14-juin-les-elections-sociales-et-apres\/#breadcrumb"},"inLanguage":"fr-FR","potentialAction":[{"@type":"ReadAction","target":["https:\/\/peoplesphere.be\/fr\/petit-dejeuner-de-ladp-liege-le-14-juin-les-elections-sociales-et-apres\/"]}]},{"@type":"BreadcrumbList","@id":"https:\/\/peoplesphere.be\/fr\/petit-dejeuner-de-ladp-liege-le-14-juin-les-elections-sociales-et-apres\/#breadcrumb","itemListElement":[{"@type":"ListItem","position":1,"name":"Accueil","item":"https:\/\/peoplesphere.be\/fr\/"},{"@type":"ListItem","position":2,"name":"Petit d\u00e9jeuner de l&rsquo;ADP Li\u00e8ge le 14 juin: \u00ab\u00a0Les \u00e9lections sociales, et apr\u00e8s?\u00a0\u00bb"}]},{"@type":"WebSite","@id":"https:\/\/peoplesphere.be\/fr\/#website","url":"https:\/\/peoplesphere.be\/fr\/","name":"Peoplesphere","description":"The People Managers Magazine","publisher":{"@id":"https:\/\/peoplesphere.be\/fr\/#organization"},"potentialAction":[{"@type":"SearchAction","target":{"@type":"EntryPoint","urlTemplate":"https:\/\/peoplesphere.be\/fr\/?s={search_term_string}"},"query-input":"required name=search_term_string"}],"inLanguage":"fr-FR"},{"@type":"Organization","@id":"https:\/\/peoplesphere.be\/fr\/#organization","name":"Peoplesphere Company srl","url":"https:\/\/peoplesphere.be\/fr\/","logo":{"@type":"ImageObject","inLanguage":"fr-FR","@id":"https:\/\/peoplesphere.be\/fr\/#\/schema\/logo\/image\/","url":"https:\/\/peoplesphere.be\/fr\/wp-content\/uploads\/2023\/07\/peoplesphere-lgo-new-generik.jpg","contentUrl":"https:\/\/peoplesphere.be\/fr\/wp-content\/uploads\/2023\/07\/peoplesphere-lgo-new-generik.jpg","width":1031,"height":1479,"caption":"Peoplesphere Company srl"},"image":{"@id":"https:\/\/peoplesphere.be\/fr\/#\/schema\/logo\/image\/"},"sameAs":["https:\/\/www.facebook.com\/peoplesphere","https:\/\/twitter.com\/PeoplesphereMag","https:\/\/www.linkedin.com\/company\/7587361?trk","http:\/\/youtube.com\/peoplesphere"]},{"@type":"Person","@id":"https:\/\/peoplesphere.be\/fr\/#\/schema\/person\/7976225ff17988604334abb7b3536a7e","name":"Jean-Paul Erhard","image":{"@type":"ImageObject","inLanguage":"fr-FR","@id":"https:\/\/peoplesphere.be\/fr\/#\/schema\/person\/image\/","url":"https:\/\/secure.gravatar.com\/avatar\/f941e681460179738071629a51574930?s=96&d=mm&r=g","contentUrl":"https:\/\/secure.gravatar.com\/avatar\/f941e681460179738071629a51574930?s=96&d=mm&r=g","caption":"Jean-Paul Erhard"},"url":"https:\/\/peoplesphere.be\/fr\/author\/jpe\/"}]}},"_links":{"self":[{"href":"https:\/\/peoplesphere.be\/fr\/wp-json\/wp\/v2\/posts\/16175"}],"collection":[{"href":"https:\/\/peoplesphere.be\/fr\/wp-json\/wp\/v2\/posts"}],"about":[{"href":"https:\/\/peoplesphere.be\/fr\/wp-json\/wp\/v2\/types\/post"}],"author":[{"embeddable":true,"href":"https:\/\/peoplesphere.be\/fr\/wp-json\/wp\/v2\/users\/2"}],"replies":[{"embeddable":true,"href":"https:\/\/peoplesphere.be\/fr\/wp-json\/wp\/v2\/comments?post=16175"}],"version-history":[{"count":3,"href":"https:\/\/peoplesphere.be\/fr\/wp-json\/wp\/v2\/posts\/16175\/revisions"}],"predecessor-version":[{"id":16206,"href":"https:\/\/peoplesphere.be\/fr\/wp-json\/wp\/v2\/posts\/16175\/revisions\/16206"}],"wp:attachment":[{"href":"https:\/\/peoplesphere.be\/fr\/wp-json\/wp\/v2\/media?parent=16175"}],"wp:term":[{"taxonomy":"category","embeddable":true,"href":"https:\/\/peoplesphere.be\/fr\/wp-json\/wp\/v2\/categories?post=16175"},{"taxonomy":"post_tag","embeddable":true,"href":"https:\/\/peoplesphere.be\/fr\/wp-json\/wp\/v2\/tags?post=16175"}],"curies":[{"name":"wp","href":"https:\/\/api.w.org\/{rel}","templated":true}]}}