









{"id":16194,"date":"2024-05-23T09:13:04","date_gmt":"2024-05-23T07:13:04","guid":{"rendered":"https:\/\/peoplesphere.be\/fr\/?p=16194"},"modified":"2024-05-23T09:13:04","modified_gmt":"2024-05-23T07:13:04","slug":"actiris-veut-accompagner-3-000-jeunes-en-situation-neet-dici-2027-avec-la-collaboration-de-ses-partenaires","status":"publish","type":"post","link":"https:\/\/peoplesphere.be\/fr\/actiris-veut-accompagner-3-000-jeunes-en-situation-neet-dici-2027-avec-la-collaboration-de-ses-partenaires\/","title":{"rendered":"Actiris veut accompagner 3.000 jeunes en situation NEET d&rsquo;ici 2027 avec la collaboration de ses partenaires."},"content":{"rendered":"<p>Actiris pr\u00e9sente aujourd&rsquo;hui les nouveaux partenaires s\u00e9lectionn\u00e9s pour accompagner les jeunes en situation NEET (Not in Education, Employment, or Training) vers le march\u00e9 de l&#8217;emploi d&rsquo;ici \u00e0 2027. Avec ces nouveaux partenaires, Actiris vise \u00e0 accompagner 3.000 personnes sur 4 ans.<!--more--><\/p>\n<p>Les jeunes en situation NEET sont un public tr\u00e8s sp\u00e9cifique, \u00e9loign\u00e9 du march\u00e9 de l&#8217;emploi et m\u00e9fiant \u00e0 l&rsquo;\u00e9gard des institutions. Il est donc important que chaque accompagnement soit r\u00e9alis\u00e9 de mani\u00e8re individuelle, en fonction du profil du jeune en question. Pour pouvoir entamer un parcours, le jeune doit \u00eatre domicili\u00e9 \u00e0 Bruxelles, \u00eatre \u00e2g\u00e9 entre 18 et 30 ans, n&rsquo;\u00eatre ni \u00e0 l&#8217;emploi, ni aux \u00e9tudes, ni en formation et ne pas \u00eatre suivi dans le cadre d&rsquo;autres mesures d&rsquo;accompagnement propos\u00e9es par Actiris (entre autres). Entre 2019 et fin 2022, 2.880 accompagnements ont \u00e9t\u00e9 r\u00e9alis\u00e9s par Actiris et ses partenaires pour ce public. \u200b<\/p>\n<p>Le nombre de jeunes en situation NEET a diminu\u00e9 au cours de ces derni\u00e8res ann\u00e9es. Le taux de jeunes en situation NEET de 18 \u00e0 29 ans en R\u00e9gion Bruxelles-Capitale a diminu\u00e9 et est pass\u00e9 de 19,1% \u00e0 14,2% en 5 ans, notamment gr\u00e2ce aux accompagnements r\u00e9alis\u00e9s par Actiris et ses partenaires.<\/p>\n<p><em>\u00ab\u00a0Apr\u00e8s un appel \u00e0 projets, ce sont finalement 7 partenaires qui ont \u00e9t\u00e9 s\u00e9lectionn\u00e9s pour nous soutenir dans l&rsquo;accompagnement des NEETs au cours de 4 prochaines ann\u00e9es. Nous sommes heureux de faire appel \u00e0 leur expertise pour travailler avec ce public sp\u00e9cifique et les rapprocher au mieux du march\u00e9 de l&#8217;emploi\u00a0\u00bb<\/em>, d\u00e9clare Cristina Amboldi, directrice g\u00e9n\u00e9rale d&rsquo;Actiris.<\/p>\n<p><strong><em>ART2WORK<\/em><\/strong> est un laboratoire de recherche et d&rsquo;innovation sociale dont la mission est d&rsquo;aider les jeunes bruxellois \u00e0 trouver leur place sur le march\u00e9 du travail. Pour ce faire, art2work propose diff\u00e9rents parcours, chacun ax\u00e9 sur le d\u00e9veloppement personnel en vue d&rsquo;un avenir professionnel. Les portes sont ouvertes aux jeunes de toute la r\u00e9gion bruxelloise, mais le projet s&rsquo;adresse plus particuli\u00e8rement aux jeunes des environs du canal et de la porte de Ninove.<\/p>\n<p>\u201cNicetoNEETyou\u201d est un programme de l&rsquo;asbl <strong><em>Backstage.Network<\/em><\/strong> visant la remobilisation et l\u2019accompagnement des jeunes en situation \u00ab\u00a0NEET\u00a0\u00bb. L&rsquo;asbl promeut une vision alternative et optimiste des jeunes, tourn\u00e9e vers leurs ressources et leurs opportunit\u00e9s. Leur m\u00e9thodologie repose sur 3 engagements : une solution pour tous les types de profils, inspirer les jeunes \u00e0 se projeter positivement dans l&rsquo;avenir et les int\u00e9grer de mani\u00e8re durable dans la soci\u00e9t\u00e9 et donc \u00e0 l&#8217;emploi.<\/p>\n<p><strong><em>Groep INTRO<\/em><\/strong> Anderlecht accompagne les jeunes vers un projet professionnel adapt\u00e9 : travail, reprise d&rsquo;\u00e9tudes ou stage. Un coach leur est attribu\u00e9, qui trace avec eux un itin\u00e9raire et franchit toutes les \u00e9tapes avec lui. Leur approche consiste \u00e0 se connecter aux jeunes en leur offrant un endroit d&rsquo;\u00e9coute o\u00f9 ils peuvent raconter leurs histoires tout en se pr\u00e9parant \u00e0 leur projet professionnel. En se concentrant sur l&rsquo;autonomisation des jeunes, ils partent de leurs talents et de leurs centres d&rsquo;int\u00e9r\u00eat pour leur donner un coup de pouce qui leur permettra de d\u00e9marrer leur carri\u00e8re avec succ\u00e8s.<\/p>\n<p>L&rsquo;approche novatrice de <strong><em>InBrussel<\/em><\/strong> commence par des simulations de \u00ab\u00a0Job Days\u00a0\u00bb, o\u00f9 l&rsquo;association rencontre directement les jeunes dans leur environnement avec de v\u00e9ritables offres d&#8217;emploi r\u00e9parties par secteur. Ensuite, leurs Job Coaches travaillent en \u00e9troite collaboration avec les jeunes pour identifier leurs besoins, leurs freins, leurs obstacles, ainsi que les secteurs et les m\u00e9tiers qui les int\u00e9ressent. Ils mettent en place un plan d\u2019action clair qui sert de point de d\u00e9part pour commencer \u00e0 postuler. Ils offrent \u00e9galement un accompagnement apr\u00e8s la mise au travail pour une p\u00e9riode minimale de 6 mois, garantissant ainsi un suivi continu pour favoriser l&rsquo;int\u00e9gration et le d\u00e9veloppement professionnel des jeunes candidats. Dans le cadre du projet NEET, Inbrussel s&rsquo;engage \u00e0 fournir un soutien complet et personnalis\u00e9 \u00e0 chaque participant, favorisant ainsi leur \u00e9panouissement et leur r\u00e9ussite sur le march\u00e9 du travail.<\/p>\n<p>Le tout nouveau Service Trec-One Jobcoaching d\u2019<strong><em>Infor Jeunes Bruxelles<\/em> <\/strong>accompagne individuellement les jeunes NEETs dans leur recherche d\u2019emploi. D\u00e8s le premier rendez-vous, le jobcoach travaille \u00e0 stabiliser la situation du jeune pour lui permettre de construire son projet d\u2019insertion en toute s\u00e9r\u00e9nit\u00e9, lui redonner confiance en lui et l\u2019outiller. Une fois le projet d\u00e9fini, le jobcoach l\u2019accompagne dans toutes les d\u00e9marches utiles \u00e0 sa r\u00e9alisation. Ce Service s\u2019inscrivant dans un projet associatif plus large, les jeunes peuvent \u00e9galement b\u00e9n\u00e9ficier de l\u2019appui des autres Services d\u2019Infor Jeunes Bruxelles : le service d\u2019information g\u00e9n\u00e9raliste et le service orientation scolaire et professionnelle. Les jobcoachs organisent \u00e9galement des ateliers collectifs \u2013 cr\u00e9ation de CV, pr\u00e9paration aux entretiens d\u2019embauches, visites de centres de formation, journ\u00e9es m\u00e9tiers, etc &#8211; qui viennent appuyer l\u2019accompagnement individuel. \u200b<\/p>\n<p><strong><em>JES ASBL<\/em><\/strong> est une organisation qui soutient les jeunes de Bruxelles dans des domaines tels que l&#8217;emploi. Elle s&rsquo;adresse sp\u00e9cifiquement aux jeunes en situation de NEET et utilise son r\u00e9seau local de travailleurs de rue et de services \u00e0 a la jeunesse pour rechercher activement ces jeunes. En collaboration avec un coach professionnel, ils travaillent sur leurs comp\u00e9tences de base et participent \u00e0 des sessions individuelles et collectives. L&rsquo;objectif ultime de ce parcours est d&rsquo;\u00e9tablir un lien durable entre les jeunes et un employeur engag\u00e9 qui les guide sur le lieu de travail. \u00c0 cette fin, un coach de r\u00e9seau est appel\u00e9 \u00e0 s\u00e9lectionner des opportunit\u00e9s sp\u00e9cifiques et \u00e0 organiser des \u00e9v\u00e9nements pour r\u00e9unir les employeurs et les jeunes. JES offre ainsi aux jeunes des perspectives d&rsquo;avenir durables.<\/p>\n<p><strong><em>OrientaEuro<\/em><\/strong> propose un programme d&rsquo;accompagnement en fran\u00e7ais, anglais ou espagnol dans diff\u00e9rents lieux \u00e0 Bruxelles (Etterbeek, Arts-Loi et Molenbeek). Leur programme contient un coaching individuel, la possibilit\u00e9 d&rsquo;effectuer de petits projets r\u00e9mun\u00e9r\u00e9s via la plate-forme \u00ab\u00a0RingTwice\u00a0\u00bb (partenaire du projet), des interactions au sein d&rsquo;entreprises partenaires ainsi qu&rsquo;une phase de suivi une fois que le jeune a un projet d\u00e9fini.<\/p>\n<p>Il est \u00e0 noter que, dans le cadre de ses missions quotidiennes, la Cit\u00e9 des M\u00e9tiers est aussi habilit\u00e9e \u00e0 recevoir des personnes en situation NEET de mani\u00e8re compl\u00e8tement anonyme et sans rendez-vous afin de les orienter vers l&rsquo;un des partenaires d&rsquo;Actiris.<\/p>\n<p>L&rsquo;appel \u00e0 projets s&rsquo;inscrit dans les priorit\u00e9s du nouveau programme FSE+ 2021-2027, \u00e0 savoir l&rsquo;int\u00e9gration des chercheurs d&#8217;emploi \u00e9loign\u00e9s du march\u00e9 du travail dans des emplois de qualit\u00e9. Il est aussi en ligne avec objectifs strat\u00e9giques de l&rsquo;actuel contrat de gestion 2023-2027 d&rsquo;Actiris :<\/p>\n<ul>\n<li>Proposer une offre de service cibl\u00e9e et adapt\u00e9e dans un objectif de mise \u00e0 l\u2019emploi et accro\u00eetre la mise \u00e0 l\u2019emploi de chercheurs d\u2019emploi les plus vuln\u00e9rables en renfor\u00e7ant l\u2019articulation entre antenne et service sp\u00e9cialis\u00e9<\/li>\n<li>Contribuer \u00e0 r\u00e9duire le ch\u00f4mage de longue dur\u00e9e pour augmenter le taux d&#8217;emploi<\/li>\n<\/ul>\n<p>Actiris investit 1.650.000 euros par an dans les partenariats autour des NEETs, co-financ\u00e9s par le FSE+. Les accords entre les projets s\u00e9lectionn\u00e9s et Actiris courent du 1er janvier 2024 au 31 d\u00e9cembre 2027. \u00c0 la fin de la p\u00e9riode de convention, il y aura une \u00e9valuation bas\u00e9e sur les r\u00e9alisations qualitatives et quantitatives des accompagnements.<\/p>\n","protected":false},"excerpt":{"rendered":"<p>Actiris pr\u00e9sente aujourd&rsquo;hui les nouveaux partenaires s\u00e9lectionn\u00e9s pour accompagner les jeunes en situation NEET (Not in Education, Employment, or Training) vers le march\u00e9 de l&#8217;emploi d&rsquo;ici \u00e0 2027. Avec ces nouveaux partenaires, Actiris vise \u00e0 accompagner 3.000 personnes sur 4 [&hellip;]<\/p>\n","protected":false},"author":2,"featured_media":0,"comment_status":"closed","ping_status":"open","sticky":false,"template":"","format":"standard","meta":[],"categories":[65,10],"tags":[469,93,11,48,544,985,966],"yoast_head":"<!-- This site is optimized with the Yoast SEO plugin v21.0 - https:\/\/yoast.com\/wordpress\/plugins\/seo\/ -->\n<title>Actiris veut accompagner 3.000 jeunes en situation NEET d&#039;ici 2027 avec la collaboration de ses partenaires. - Peoplesphere<\/title>\n<meta name=\"robots\" content=\"index, follow, max-snippet:-1, max-image-preview:large, max-video-preview:-1\" \/>\n<link rel=\"canonical\" href=\"https:\/\/peoplesphere.be\/fr\/actiris-veut-accompagner-3-000-jeunes-en-situation-neet-dici-2027-avec-la-collaboration-de-ses-partenaires\/\" \/>\n<meta property=\"og:locale\" content=\"fr_FR\" \/>\n<meta property=\"og:type\" content=\"article\" \/>\n<meta property=\"og:title\" content=\"Actiris veut accompagner 3.000 jeunes en situation NEET d&#039;ici 2027 avec la collaboration de ses partenaires. - Peoplesphere\" \/>\n<meta property=\"og:description\" content=\"Actiris pr\u00e9sente aujourd&rsquo;hui les nouveaux partenaires s\u00e9lectionn\u00e9s pour accompagner les jeunes en situation NEET (Not in Education, Employment, or Training) vers le march\u00e9 de l&#8217;emploi d&rsquo;ici \u00e0 2027. Avec ces nouveaux partenaires, Actiris vise \u00e0 accompagner 3.000 personnes sur 4 [&hellip;]\" \/>\n<meta property=\"og:url\" content=\"https:\/\/peoplesphere.be\/fr\/actiris-veut-accompagner-3-000-jeunes-en-situation-neet-dici-2027-avec-la-collaboration-de-ses-partenaires\/\" \/>\n<meta property=\"og:site_name\" content=\"Peoplesphere\" \/>\n<meta property=\"article:publisher\" content=\"https:\/\/www.facebook.com\/peoplesphere\" \/>\n<meta property=\"article:published_time\" content=\"2024-05-23T07:13:04+00:00\" \/>\n<meta property=\"og:image\" content=\"http:\/\/www.peoplesphere.be\/fr\/wp-content\/uploads\/2016\/07\/facebook-default-posting-1200x628px.jpg\" \/>\n<meta name=\"author\" content=\"Jean-Paul Erhard\" \/>\n<meta name=\"twitter:card\" content=\"summary_large_image\" \/>\n<meta name=\"twitter:creator\" content=\"@PeoplesphereMag\" \/>\n<meta name=\"twitter:site\" content=\"@PeoplesphereMag\" \/>\n<meta name=\"twitter:label1\" content=\"\u00c9crit par\" \/>\n\t<meta name=\"twitter:data1\" content=\"Jean-Paul Erhard\" \/>\n\t<meta name=\"twitter:label2\" content=\"Dur\u00e9e de lecture estim\u00e9e\" \/>\n\t<meta name=\"twitter:data2\" content=\"6 minutes\" \/>\n<script type=\"application\/ld+json\" class=\"yoast-schema-graph\">{\"@context\":\"https:\/\/schema.org\",\"@graph\":[{\"@type\":\"Article\",\"@id\":\"https:\/\/peoplesphere.be\/fr\/actiris-veut-accompagner-3-000-jeunes-en-situation-neet-dici-2027-avec-la-collaboration-de-ses-partenaires\/#article\",\"isPartOf\":{\"@id\":\"https:\/\/peoplesphere.be\/fr\/actiris-veut-accompagner-3-000-jeunes-en-situation-neet-dici-2027-avec-la-collaboration-de-ses-partenaires\/\"},\"author\":{\"name\":\"Jean-Paul Erhard\",\"@id\":\"https:\/\/peoplesphere.be\/fr\/#\/schema\/person\/7976225ff17988604334abb7b3536a7e\"},\"headline\":\"Actiris veut accompagner 3.000 jeunes en situation NEET d&rsquo;ici 2027 avec la collaboration de ses partenaires.\",\"datePublished\":\"2024-05-23T07:13:04+00:00\",\"dateModified\":\"2024-05-23T07:13:04+00:00\",\"mainEntityOfPage\":{\"@id\":\"https:\/\/peoplesphere.be\/fr\/actiris-veut-accompagner-3-000-jeunes-en-situation-neet-dici-2027-avec-la-collaboration-de-ses-partenaires\/\"},\"wordCount\":1219,\"publisher\":{\"@id\":\"https:\/\/peoplesphere.be\/fr\/#organization\"},\"keywords\":[\"accompagnement\",\"bruxelles\",\"emploi\",\"Formation\",\"inclusion\",\"int\u00e9gration\",\"NEET\"],\"articleSection\":[\"Actualit\u00e9s\",\"Digital\"],\"inLanguage\":\"fr-FR\"},{\"@type\":\"WebPage\",\"@id\":\"https:\/\/peoplesphere.be\/fr\/actiris-veut-accompagner-3-000-jeunes-en-situation-neet-dici-2027-avec-la-collaboration-de-ses-partenaires\/\",\"url\":\"https:\/\/peoplesphere.be\/fr\/actiris-veut-accompagner-3-000-jeunes-en-situation-neet-dici-2027-avec-la-collaboration-de-ses-partenaires\/\",\"name\":\"Actiris veut accompagner 3.000 jeunes en situation NEET d'ici 2027 avec la collaboration de ses partenaires. - Peoplesphere\",\"isPartOf\":{\"@id\":\"https:\/\/peoplesphere.be\/fr\/#website\"},\"datePublished\":\"2024-05-23T07:13:04+00:00\",\"dateModified\":\"2024-05-23T07:13:04+00:00\",\"breadcrumb\":{\"@id\":\"https:\/\/peoplesphere.be\/fr\/actiris-veut-accompagner-3-000-jeunes-en-situation-neet-dici-2027-avec-la-collaboration-de-ses-partenaires\/#breadcrumb\"},\"inLanguage\":\"fr-FR\",\"potentialAction\":[{\"@type\":\"ReadAction\",\"target\":[\"https:\/\/peoplesphere.be\/fr\/actiris-veut-accompagner-3-000-jeunes-en-situation-neet-dici-2027-avec-la-collaboration-de-ses-partenaires\/\"]}]},{\"@type\":\"BreadcrumbList\",\"@id\":\"https:\/\/peoplesphere.be\/fr\/actiris-veut-accompagner-3-000-jeunes-en-situation-neet-dici-2027-avec-la-collaboration-de-ses-partenaires\/#breadcrumb\",\"itemListElement\":[{\"@type\":\"ListItem\",\"position\":1,\"name\":\"Accueil\",\"item\":\"https:\/\/peoplesphere.be\/fr\/\"},{\"@type\":\"ListItem\",\"position\":2,\"name\":\"Actiris veut accompagner 3.000 jeunes en situation NEET d&rsquo;ici 2027 avec la collaboration de ses partenaires.\"}]},{\"@type\":\"WebSite\",\"@id\":\"https:\/\/peoplesphere.be\/fr\/#website\",\"url\":\"https:\/\/peoplesphere.be\/fr\/\",\"name\":\"Peoplesphere\",\"description\":\"The People Managers Magazine\",\"publisher\":{\"@id\":\"https:\/\/peoplesphere.be\/fr\/#organization\"},\"potentialAction\":[{\"@type\":\"SearchAction\",\"target\":{\"@type\":\"EntryPoint\",\"urlTemplate\":\"https:\/\/peoplesphere.be\/fr\/?s={search_term_string}\"},\"query-input\":\"required name=search_term_string\"}],\"inLanguage\":\"fr-FR\"},{\"@type\":\"Organization\",\"@id\":\"https:\/\/peoplesphere.be\/fr\/#organization\",\"name\":\"Peoplesphere Company srl\",\"url\":\"https:\/\/peoplesphere.be\/fr\/\",\"logo\":{\"@type\":\"ImageObject\",\"inLanguage\":\"fr-FR\",\"@id\":\"https:\/\/peoplesphere.be\/fr\/#\/schema\/logo\/image\/\",\"url\":\"https:\/\/peoplesphere.be\/fr\/wp-content\/uploads\/2023\/07\/peoplesphere-lgo-new-generik.jpg\",\"contentUrl\":\"https:\/\/peoplesphere.be\/fr\/wp-content\/uploads\/2023\/07\/peoplesphere-lgo-new-generik.jpg\",\"width\":1031,\"height\":1479,\"caption\":\"Peoplesphere Company srl\"},\"image\":{\"@id\":\"https:\/\/peoplesphere.be\/fr\/#\/schema\/logo\/image\/\"},\"sameAs\":[\"https:\/\/www.facebook.com\/peoplesphere\",\"https:\/\/twitter.com\/PeoplesphereMag\",\"https:\/\/www.linkedin.com\/company\/7587361?trk\",\"http:\/\/youtube.com\/peoplesphere\"]},{\"@type\":\"Person\",\"@id\":\"https:\/\/peoplesphere.be\/fr\/#\/schema\/person\/7976225ff17988604334abb7b3536a7e\",\"name\":\"Jean-Paul Erhard\",\"image\":{\"@type\":\"ImageObject\",\"inLanguage\":\"fr-FR\",\"@id\":\"https:\/\/peoplesphere.be\/fr\/#\/schema\/person\/image\/\",\"url\":\"https:\/\/secure.gravatar.com\/avatar\/f941e681460179738071629a51574930?s=96&d=mm&r=g\",\"contentUrl\":\"https:\/\/secure.gravatar.com\/avatar\/f941e681460179738071629a51574930?s=96&d=mm&r=g\",\"caption\":\"Jean-Paul Erhard\"},\"url\":\"https:\/\/peoplesphere.be\/fr\/author\/jpe\/\"}]}<\/script>\n<!-- \/ Yoast SEO plugin. -->","yoast_head_json":{"title":"Actiris veut accompagner 3.000 jeunes en situation NEET d'ici 2027 avec la collaboration de ses partenaires. - Peoplesphere","robots":{"index":"index","follow":"follow","max-snippet":"max-snippet:-1","max-image-preview":"max-image-preview:large","max-video-preview":"max-video-preview:-1"},"canonical":"https:\/\/peoplesphere.be\/fr\/actiris-veut-accompagner-3-000-jeunes-en-situation-neet-dici-2027-avec-la-collaboration-de-ses-partenaires\/","og_locale":"fr_FR","og_type":"article","og_title":"Actiris veut accompagner 3.000 jeunes en situation NEET d'ici 2027 avec la collaboration de ses partenaires. - Peoplesphere","og_description":"Actiris pr\u00e9sente aujourd&rsquo;hui les nouveaux partenaires s\u00e9lectionn\u00e9s pour accompagner les jeunes en situation NEET (Not in Education, Employment, or Training) vers le march\u00e9 de l&#8217;emploi d&rsquo;ici \u00e0 2027. Avec ces nouveaux partenaires, Actiris vise \u00e0 accompagner 3.000 personnes sur 4 [&hellip;]","og_url":"https:\/\/peoplesphere.be\/fr\/actiris-veut-accompagner-3-000-jeunes-en-situation-neet-dici-2027-avec-la-collaboration-de-ses-partenaires\/","og_site_name":"Peoplesphere","article_publisher":"https:\/\/www.facebook.com\/peoplesphere","article_published_time":"2024-05-23T07:13:04+00:00","og_image":[{"url":"http:\/\/www.peoplesphere.be\/fr\/wp-content\/uploads\/2016\/07\/facebook-default-posting-1200x628px.jpg"}],"author":"Jean-Paul Erhard","twitter_card":"summary_large_image","twitter_creator":"@PeoplesphereMag","twitter_site":"@PeoplesphereMag","twitter_misc":{"\u00c9crit par":"Jean-Paul Erhard","Dur\u00e9e de lecture estim\u00e9e":"6 minutes"},"schema":{"@context":"https:\/\/schema.org","@graph":[{"@type":"Article","@id":"https:\/\/peoplesphere.be\/fr\/actiris-veut-accompagner-3-000-jeunes-en-situation-neet-dici-2027-avec-la-collaboration-de-ses-partenaires\/#article","isPartOf":{"@id":"https:\/\/peoplesphere.be\/fr\/actiris-veut-accompagner-3-000-jeunes-en-situation-neet-dici-2027-avec-la-collaboration-de-ses-partenaires\/"},"author":{"name":"Jean-Paul Erhard","@id":"https:\/\/peoplesphere.be\/fr\/#\/schema\/person\/7976225ff17988604334abb7b3536a7e"},"headline":"Actiris veut accompagner 3.000 jeunes en situation NEET d&rsquo;ici 2027 avec la collaboration de ses partenaires.","datePublished":"2024-05-23T07:13:04+00:00","dateModified":"2024-05-23T07:13:04+00:00","mainEntityOfPage":{"@id":"https:\/\/peoplesphere.be\/fr\/actiris-veut-accompagner-3-000-jeunes-en-situation-neet-dici-2027-avec-la-collaboration-de-ses-partenaires\/"},"wordCount":1219,"publisher":{"@id":"https:\/\/peoplesphere.be\/fr\/#organization"},"keywords":["accompagnement","bruxelles","emploi","Formation","inclusion","int\u00e9gration","NEET"],"articleSection":["Actualit\u00e9s","Digital"],"inLanguage":"fr-FR"},{"@type":"WebPage","@id":"https:\/\/peoplesphere.be\/fr\/actiris-veut-accompagner-3-000-jeunes-en-situation-neet-dici-2027-avec-la-collaboration-de-ses-partenaires\/","url":"https:\/\/peoplesphere.be\/fr\/actiris-veut-accompagner-3-000-jeunes-en-situation-neet-dici-2027-avec-la-collaboration-de-ses-partenaires\/","name":"Actiris veut accompagner 3.000 jeunes en situation NEET d'ici 2027 avec la collaboration de ses partenaires. - Peoplesphere","isPartOf":{"@id":"https:\/\/peoplesphere.be\/fr\/#website"},"datePublished":"2024-05-23T07:13:04+00:00","dateModified":"2024-05-23T07:13:04+00:00","breadcrumb":{"@id":"https:\/\/peoplesphere.be\/fr\/actiris-veut-accompagner-3-000-jeunes-en-situation-neet-dici-2027-avec-la-collaboration-de-ses-partenaires\/#breadcrumb"},"inLanguage":"fr-FR","potentialAction":[{"@type":"ReadAction","target":["https:\/\/peoplesphere.be\/fr\/actiris-veut-accompagner-3-000-jeunes-en-situation-neet-dici-2027-avec-la-collaboration-de-ses-partenaires\/"]}]},{"@type":"BreadcrumbList","@id":"https:\/\/peoplesphere.be\/fr\/actiris-veut-accompagner-3-000-jeunes-en-situation-neet-dici-2027-avec-la-collaboration-de-ses-partenaires\/#breadcrumb","itemListElement":[{"@type":"ListItem","position":1,"name":"Accueil","item":"https:\/\/peoplesphere.be\/fr\/"},{"@type":"ListItem","position":2,"name":"Actiris veut accompagner 3.000 jeunes en situation NEET d&rsquo;ici 2027 avec la collaboration de ses partenaires."}]},{"@type":"WebSite","@id":"https:\/\/peoplesphere.be\/fr\/#website","url":"https:\/\/peoplesphere.be\/fr\/","name":"Peoplesphere","description":"The People Managers Magazine","publisher":{"@id":"https:\/\/peoplesphere.be\/fr\/#organization"},"potentialAction":[{"@type":"SearchAction","target":{"@type":"EntryPoint","urlTemplate":"https:\/\/peoplesphere.be\/fr\/?s={search_term_string}"},"query-input":"required name=search_term_string"}],"inLanguage":"fr-FR"},{"@type":"Organization","@id":"https:\/\/peoplesphere.be\/fr\/#organization","name":"Peoplesphere Company srl","url":"https:\/\/peoplesphere.be\/fr\/","logo":{"@type":"ImageObject","inLanguage":"fr-FR","@id":"https:\/\/peoplesphere.be\/fr\/#\/schema\/logo\/image\/","url":"https:\/\/peoplesphere.be\/fr\/wp-content\/uploads\/2023\/07\/peoplesphere-lgo-new-generik.jpg","contentUrl":"https:\/\/peoplesphere.be\/fr\/wp-content\/uploads\/2023\/07\/peoplesphere-lgo-new-generik.jpg","width":1031,"height":1479,"caption":"Peoplesphere Company srl"},"image":{"@id":"https:\/\/peoplesphere.be\/fr\/#\/schema\/logo\/image\/"},"sameAs":["https:\/\/www.facebook.com\/peoplesphere","https:\/\/twitter.com\/PeoplesphereMag","https:\/\/www.linkedin.com\/company\/7587361?trk","http:\/\/youtube.com\/peoplesphere"]},{"@type":"Person","@id":"https:\/\/peoplesphere.be\/fr\/#\/schema\/person\/7976225ff17988604334abb7b3536a7e","name":"Jean-Paul Erhard","image":{"@type":"ImageObject","inLanguage":"fr-FR","@id":"https:\/\/peoplesphere.be\/fr\/#\/schema\/person\/image\/","url":"https:\/\/secure.gravatar.com\/avatar\/f941e681460179738071629a51574930?s=96&d=mm&r=g","contentUrl":"https:\/\/secure.gravatar.com\/avatar\/f941e681460179738071629a51574930?s=96&d=mm&r=g","caption":"Jean-Paul Erhard"},"url":"https:\/\/peoplesphere.be\/fr\/author\/jpe\/"}]}},"_links":{"self":[{"href":"https:\/\/peoplesphere.be\/fr\/wp-json\/wp\/v2\/posts\/16194"}],"collection":[{"href":"https:\/\/peoplesphere.be\/fr\/wp-json\/wp\/v2\/posts"}],"about":[{"href":"https:\/\/peoplesphere.be\/fr\/wp-json\/wp\/v2\/types\/post"}],"author":[{"embeddable":true,"href":"https:\/\/peoplesphere.be\/fr\/wp-json\/wp\/v2\/users\/2"}],"replies":[{"embeddable":true,"href":"https:\/\/peoplesphere.be\/fr\/wp-json\/wp\/v2\/comments?post=16194"}],"version-history":[{"count":1,"href":"https:\/\/peoplesphere.be\/fr\/wp-json\/wp\/v2\/posts\/16194\/revisions"}],"predecessor-version":[{"id":16195,"href":"https:\/\/peoplesphere.be\/fr\/wp-json\/wp\/v2\/posts\/16194\/revisions\/16195"}],"wp:attachment":[{"href":"https:\/\/peoplesphere.be\/fr\/wp-json\/wp\/v2\/media?parent=16194"}],"wp:term":[{"taxonomy":"category","embeddable":true,"href":"https:\/\/peoplesphere.be\/fr\/wp-json\/wp\/v2\/categories?post=16194"},{"taxonomy":"post_tag","embeddable":true,"href":"https:\/\/peoplesphere.be\/fr\/wp-json\/wp\/v2\/tags?post=16194"}],"curies":[{"name":"wp","href":"https:\/\/api.w.org\/{rel}","templated":true}]}}