









{"id":16197,"date":"2024-05-22T05:35:52","date_gmt":"2024-05-22T03:35:52","guid":{"rendered":"https:\/\/peoplesphere.be\/fr\/?p=16197"},"modified":"2024-05-24T05:42:32","modified_gmt":"2024-05-24T03:42:32","slug":"syndrome-de-la-maladie-pendant-les-vacances-un-mal-etrange-qui-concerne-particulierement-les-jeunes-travailleurs","status":"publish","type":"post","link":"https:\/\/peoplesphere.be\/fr\/syndrome-de-la-maladie-pendant-les-vacances-un-mal-etrange-qui-concerne-particulierement-les-jeunes-travailleurs\/","title":{"rendered":"Syndrome de la maladie pendant les vacances: un mal \u00e9trange qui concerne particuli\u00e8rement les jeunes travailleurs!"},"content":{"rendered":"<p>\u201cLes vacances sont faites pour se d\u00e9connecter du travail, pas pour \u00eatre malade\u201d&#8230; Pourtant, plus de la moiti\u00e9 des employ\u00e9s (52%) ont d\u00e9j\u00e0 \u00e9t\u00e9 malades pendant leurs vacances. Jusqu&rsquo;il y a quelques mois, c&rsquo;\u00e9tait un v\u00e9ritable coup du sort; vos vacances \u00e9taient g\u00e2ch\u00e9es et vous perdiez des jours de cong\u00e9. Depuis cette ann\u00e9e, cela a chang\u00e9 et vous pouvez r\u00e9cup\u00e9rer ult\u00e9rieurement ces jours de maladie comme des jours de cong\u00e9. Une excellente mesure si l&rsquo;on en croit quatre employ\u00e9s sur cinq (82%).<!--more--><\/p>\n<p>C&rsquo;est ce que r\u00e9v\u00e8le une enqu\u00eate de Protime, le sp\u00e9cialiste de la gestion du temps et du personnel, men\u00e9e aupr\u00e8s de 1.000 employ\u00e9s belges francophones. <em>\u201cJe me f\u00e9licite de ce \u2018droit aux vacances\u2019! Nous avons besoin de jours de d\u00e9tente pour nous reposer et passer du temps en famille et avec les amis. Cela nous permet de retourner ensuite au travail repos\u00e9s et en ayant fait le plein d&rsquo;\u00e9nergie. Ne pas pouvoir d\u00e9connecter pendant ses cong\u00e9s en raison d&rsquo;une maladie, g\u00e9n\u00e8re un impact n\u00e9gatif sur notre sant\u00e9 mentale\u201d<\/em> d\u00e9clare Florent Bovicelli, porte-parole de Protime.<\/p>\n<p>\u00c0 partir de cette ann\u00e9e, celles et ceux qui tombent malades pendant leurs vacances peuvent convertir ces journ\u00e9es en cong\u00e9s de maladie et les prendre plus tard. Mais plusieurs conditions doivent \u00eatre respect\u00e9es. Il faut par exemple informer son employeur au cours des deux jours qui suivent la visite chez le m\u00e9decin. Il est \u00e9galement n\u00e9cessaire de lui remettre un certificat m\u00e9dical et de l&rsquo;informer de votre souhait de prendre ces jours de cong\u00e9 plus tard. \u200b<\/p>\n<p>Pour plus de quatre employ\u00e9s sur cinq (82%), cette loi est une bonne chose. Ce n&rsquo;est gu\u00e8re surprenant: 52% d&rsquo;entre eux sont d\u00e9j\u00e0 tomb\u00e9s malades durant leurs jours de cong\u00e9. Rien que l&rsquo;ann\u00e9e derni\u00e8re, cela a concern\u00e9 plus d&rsquo;un quart des employ\u00e9s (27%). Davantage de femmes (33%) que d&rsquo;hommes (21%) indiquent avoir \u00e9t\u00e9 malades un ou plusieurs jours durant leurs vacances de l&rsquo;ann\u00e9e derni\u00e8re.<\/p>\n<p>Lode Godderis, professeur de m\u00e9decine du travail \u00e0 la KU Leuven, explique cette diff\u00e9rence: \u201c<em>Les femmes exercent plus souvent des m\u00e9tiers de soins et de contact que les hommes. Ce sont des emplois avec des risques professionnels diff\u00e9rents. En outre, elles prennent traditionnellement plus de responsabilit\u00e9s dans la vie priv\u00e9e, comme la garde des enfants, et elles assument encore et toujours davantage de t\u00e2ches m\u00e9nag\u00e8res par rapport aux hommes. Malgr\u00e9 les avanc\u00e9es r\u00e9alis\u00e9es en mati\u00e8re d&rsquo;\u00e9galit\u00e9 des genres et la position de la Belgique dans le top 10 mondial des pays pour la r\u00e9duction de l&rsquo;\u00e9cart entre les sexes, des diff\u00e9rences persistent.\u201d<\/em><\/p>\n<h3><strong><em>Plus on est jeune et plus on se d\u00e9clare malade<\/em><\/strong><\/h3>\n<p>Le r\u00f4le que joue notre \u00e2ge est encore plus notable: alors que 33% des membres de la g\u00e9n\u00e9ration Z sont tomb\u00e9s malades pendant leurs cong\u00e9s, le pourcentage atteint 32% chez les mill\u00e9niaux, 20% pour la g\u00e9n\u00e9ration X et \u2018seulement\u2019 10% chez les baby-boomers.<\/p>\n<p><strong><em>Diff\u00e9rences selon la g\u00e9n\u00e9ration; malades pendant les vacances<\/em><\/strong><\/p>\n<ul>\n<li>G\u00e9n\u00e9ration Z (n\u00e9s apr\u00e8s 1997): 33%<\/li>\n<li>Mill\u00e9niaux ou g\u00e9n\u00e9ration Y (n\u00e9s entre 1981 et 1996): 32%<\/li>\n<li>G\u00e9n\u00e9ration X (n\u00e9s entre 1965 et 1980): 20%<\/li>\n<li>Baby-boomers (n\u00e9s entre 1946 et 1964): 10%<\/li>\n<\/ul>\n<p><em>\u201cCela s&rsquo;explique par le fait que les jeunes sont plus souvent touch\u00e9s par de br\u00e8ves maladies que les employ\u00e9s plus \u00e2g\u00e9s. Quand ces derniers se font porter malades, c&rsquo;est pour une plus longue dur\u00e9e. Plusieurs facteurs entrent en cause: les jeunes pr\u00eatent souvent moins d&rsquo;attention \u00e0 leur sant\u00e9, ce qui les rend plus susceptibles d&rsquo;attraper un rhume, une grippe ou une autre maladie infectieuse (raisons des courtes absences). Parall\u00e8lement, l&rsquo;\u00e9quilibre entre vie priv\u00e9e et vie professionnelle chez les jeunes est plus erratique que chez les employ\u00e9s plus \u00e2g\u00e9s. Les jeunes n&rsquo;ont pas encore la stabilit\u00e9 d&rsquo;un travailleur plus \u00e2g\u00e9,\u201d<\/em> \u200b indique Lode Godderis.<\/p>\n<p>Alors que 11% se sont sentis mieux apr\u00e8s un ou deux jours, les \u2018malades de vacances\u2019 ont, en moyenne, fait une croix sur cinq jours de cong\u00e9 en 2023. Dans la grande majorit\u00e9 des cas, ils ont perdu ces jours, mais 14% d&rsquo;entre eux ont n\u00e9anmoins \u00e9t\u00e9 autoris\u00e9s par leur patron \u00e0 les (re)prendre ult\u00e9rieurement, m\u00eame si ce n&rsquo;\u00e9tait pas encore une obligation l\u00e9gale \u00e0 l&rsquo;\u00e9poque.<\/p>\n<h3><strong><em>Syndrome de la maladie des vacances<\/em><\/strong><\/h3>\n<p>Les vacances arrivent enfin et c&rsquo;est alors que vous tombez malade. Cela arrive plus souvent qu&rsquo;on ne le pense et il y a une explication \u00e0 cela.<\/p>\n<p><em>\u201cNous tombons plus facilement malades lorsque nous nous rel\u00e2chons,\u00a0\u00bb<\/em> d\u00e9clare Lode Godderis. <em>\u201cLorsque nous travaillons, notre corps est sous tension, ce qui le maintient en alerte. Notre syst\u00e8me immunitaire est lui aussi en \u00e9veil. Lorsque nous prenons des cong\u00e9s, nous sommes plus apais\u00e9s et les troubles \u00e9mergent plus rapidement. Cela s&rsquo;appelle le Leisure Sickness Syndrome ou le syndrome de la maladie des vacances.\u201d<\/em><\/p>\n<p>&nbsp;<\/p>\n<p><em>Source &amp; M\u00e9thodologie &#8211; L\u2019enqu\u00eate en ligne a \u00e9t\u00e9 r\u00e9alis\u00e9e entre le 4 et le 18 mars 2024 par l\u2019agence iVOX pour le compte de Protime. 1.000 employ\u00e9s belges francophones ont \u00e9t\u00e9 interrog\u00e9s. L\u2019enqu\u00eate est repr\u00e9sentative en termes de genre, d\u2019\u00e2ge et de dipl\u00f4me. La marge d\u2019erreur maximale est de 3,02%.<\/em><\/p>\n","protected":false},"excerpt":{"rendered":"<p>\u201cLes vacances sont faites pour se d\u00e9connecter du travail, pas pour \u00eatre malade\u201d&#8230; Pourtant, plus de la moiti\u00e9 des employ\u00e9s (52%) ont d\u00e9j\u00e0 \u00e9t\u00e9 malades pendant leurs vacances. Jusqu&rsquo;il y a quelques mois, c&rsquo;\u00e9tait un v\u00e9ritable coup du sort; vos [&hellip;]<\/p>\n","protected":false},"author":2,"featured_media":16198,"comment_status":"closed","ping_status":"open","sticky":false,"template":"","format":"standard","meta":[],"categories":[65,10],"tags":[4,16,6],"yoast_head":"<!-- This site is optimized with the Yoast SEO plugin v21.0 - https:\/\/yoast.com\/wordpress\/plugins\/seo\/ -->\n<title>Syndrome de la maladie pendant les vacances: un mal \u00e9trange qui concerne particuli\u00e8rement les jeunes travailleurs! - Peoplesphere<\/title>\n<meta name=\"description\" content=\"Syndrome de la maladie pendant les vacances: un mal \u00e9trange qui concerne particuli\u00e8rement les jeunes travailleurs!\" \/>\n<meta name=\"robots\" content=\"index, follow, max-snippet:-1, max-image-preview:large, max-video-preview:-1\" \/>\n<link rel=\"canonical\" href=\"https:\/\/peoplesphere.be\/fr\/syndrome-de-la-maladie-pendant-les-vacances-un-mal-etrange-qui-concerne-particulierement-les-jeunes-travailleurs\/\" \/>\n<meta property=\"og:locale\" content=\"fr_FR\" \/>\n<meta property=\"og:type\" content=\"article\" \/>\n<meta property=\"og:title\" content=\"Syndrome de la maladie pendant les vacances: un mal \u00e9trange qui concerne particuli\u00e8rement les jeunes travailleurs! - Peoplesphere\" \/>\n<meta property=\"og:description\" content=\"Syndrome de la maladie pendant les vacances: un mal \u00e9trange qui concerne particuli\u00e8rement les jeunes travailleurs!\" \/>\n<meta property=\"og:url\" content=\"https:\/\/peoplesphere.be\/fr\/syndrome-de-la-maladie-pendant-les-vacances-un-mal-etrange-qui-concerne-particulierement-les-jeunes-travailleurs\/\" \/>\n<meta property=\"og:site_name\" content=\"Peoplesphere\" \/>\n<meta property=\"article:publisher\" content=\"https:\/\/www.facebook.com\/peoplesphere\" \/>\n<meta property=\"article:published_time\" content=\"2024-05-22T03:35:52+00:00\" \/>\n<meta property=\"article:modified_time\" content=\"2024-05-24T03:42:32+00:00\" \/>\n<meta property=\"og:image\" content=\"https:\/\/peoplesphere.be\/fr\/wp-content\/uploads\/2024\/05\/20231025burnout.jpg\" \/>\n\t<meta property=\"og:image:width\" content=\"1200\" \/>\n\t<meta property=\"og:image:height\" content=\"515\" \/>\n\t<meta property=\"og:image:type\" content=\"image\/jpeg\" \/>\n<meta name=\"author\" content=\"Jean-Paul Erhard\" \/>\n<meta name=\"twitter:card\" content=\"summary_large_image\" \/>\n<meta name=\"twitter:creator\" content=\"@PeoplesphereMag\" \/>\n<meta name=\"twitter:site\" content=\"@PeoplesphereMag\" \/>\n<meta name=\"twitter:label1\" content=\"\u00c9crit par\" \/>\n\t<meta name=\"twitter:data1\" content=\"Jean-Paul Erhard\" \/>\n\t<meta name=\"twitter:label2\" content=\"Dur\u00e9e de lecture estim\u00e9e\" \/>\n\t<meta name=\"twitter:data2\" content=\"5 minutes\" \/>\n<script type=\"application\/ld+json\" class=\"yoast-schema-graph\">{\"@context\":\"https:\/\/schema.org\",\"@graph\":[{\"@type\":\"Article\",\"@id\":\"https:\/\/peoplesphere.be\/fr\/syndrome-de-la-maladie-pendant-les-vacances-un-mal-etrange-qui-concerne-particulierement-les-jeunes-travailleurs\/#article\",\"isPartOf\":{\"@id\":\"https:\/\/peoplesphere.be\/fr\/syndrome-de-la-maladie-pendant-les-vacances-un-mal-etrange-qui-concerne-particulierement-les-jeunes-travailleurs\/\"},\"author\":{\"name\":\"Jean-Paul Erhard\",\"@id\":\"https:\/\/peoplesphere.be\/fr\/#\/schema\/person\/7976225ff17988604334abb7b3536a7e\"},\"headline\":\"Syndrome de la maladie pendant les vacances: un mal \u00e9trange qui concerne particuli\u00e8rement les jeunes travailleurs!\",\"datePublished\":\"2024-05-22T03:35:52+00:00\",\"dateModified\":\"2024-05-24T03:42:32+00:00\",\"mainEntityOfPage\":{\"@id\":\"https:\/\/peoplesphere.be\/fr\/syndrome-de-la-maladie-pendant-les-vacances-un-mal-etrange-qui-concerne-particulierement-les-jeunes-travailleurs\/\"},\"wordCount\":930,\"publisher\":{\"@id\":\"https:\/\/peoplesphere.be\/fr\/#organization\"},\"keywords\":[\"Absence\",\"Maladie\",\"Vacances\"],\"articleSection\":[\"Actualit\u00e9s\",\"Digital\"],\"inLanguage\":\"fr-FR\"},{\"@type\":\"WebPage\",\"@id\":\"https:\/\/peoplesphere.be\/fr\/syndrome-de-la-maladie-pendant-les-vacances-un-mal-etrange-qui-concerne-particulierement-les-jeunes-travailleurs\/\",\"url\":\"https:\/\/peoplesphere.be\/fr\/syndrome-de-la-maladie-pendant-les-vacances-un-mal-etrange-qui-concerne-particulierement-les-jeunes-travailleurs\/\",\"name\":\"Syndrome de la maladie pendant les vacances: un mal \u00e9trange qui concerne particuli\u00e8rement les jeunes travailleurs! - Peoplesphere\",\"isPartOf\":{\"@id\":\"https:\/\/peoplesphere.be\/fr\/#website\"},\"datePublished\":\"2024-05-22T03:35:52+00:00\",\"dateModified\":\"2024-05-24T03:42:32+00:00\",\"description\":\"Syndrome de la maladie pendant les vacances: un mal \u00e9trange qui concerne particuli\u00e8rement les jeunes travailleurs!\",\"breadcrumb\":{\"@id\":\"https:\/\/peoplesphere.be\/fr\/syndrome-de-la-maladie-pendant-les-vacances-un-mal-etrange-qui-concerne-particulierement-les-jeunes-travailleurs\/#breadcrumb\"},\"inLanguage\":\"fr-FR\",\"potentialAction\":[{\"@type\":\"ReadAction\",\"target\":[\"https:\/\/peoplesphere.be\/fr\/syndrome-de-la-maladie-pendant-les-vacances-un-mal-etrange-qui-concerne-particulierement-les-jeunes-travailleurs\/\"]}]},{\"@type\":\"BreadcrumbList\",\"@id\":\"https:\/\/peoplesphere.be\/fr\/syndrome-de-la-maladie-pendant-les-vacances-un-mal-etrange-qui-concerne-particulierement-les-jeunes-travailleurs\/#breadcrumb\",\"itemListElement\":[{\"@type\":\"ListItem\",\"position\":1,\"name\":\"Accueil\",\"item\":\"https:\/\/peoplesphere.be\/fr\/\"},{\"@type\":\"ListItem\",\"position\":2,\"name\":\"Syndrome de la maladie pendant les vacances: un mal \u00e9trange qui concerne particuli\u00e8rement les jeunes travailleurs!\"}]},{\"@type\":\"WebSite\",\"@id\":\"https:\/\/peoplesphere.be\/fr\/#website\",\"url\":\"https:\/\/peoplesphere.be\/fr\/\",\"name\":\"Peoplesphere\",\"description\":\"The People Managers Magazine\",\"publisher\":{\"@id\":\"https:\/\/peoplesphere.be\/fr\/#organization\"},\"potentialAction\":[{\"@type\":\"SearchAction\",\"target\":{\"@type\":\"EntryPoint\",\"urlTemplate\":\"https:\/\/peoplesphere.be\/fr\/?s={search_term_string}\"},\"query-input\":\"required name=search_term_string\"}],\"inLanguage\":\"fr-FR\"},{\"@type\":\"Organization\",\"@id\":\"https:\/\/peoplesphere.be\/fr\/#organization\",\"name\":\"Peoplesphere Company srl\",\"url\":\"https:\/\/peoplesphere.be\/fr\/\",\"logo\":{\"@type\":\"ImageObject\",\"inLanguage\":\"fr-FR\",\"@id\":\"https:\/\/peoplesphere.be\/fr\/#\/schema\/logo\/image\/\",\"url\":\"https:\/\/peoplesphere.be\/fr\/wp-content\/uploads\/2023\/07\/peoplesphere-lgo-new-generik.jpg\",\"contentUrl\":\"https:\/\/peoplesphere.be\/fr\/wp-content\/uploads\/2023\/07\/peoplesphere-lgo-new-generik.jpg\",\"width\":1031,\"height\":1479,\"caption\":\"Peoplesphere Company srl\"},\"image\":{\"@id\":\"https:\/\/peoplesphere.be\/fr\/#\/schema\/logo\/image\/\"},\"sameAs\":[\"https:\/\/www.facebook.com\/peoplesphere\",\"https:\/\/twitter.com\/PeoplesphereMag\",\"https:\/\/www.linkedin.com\/company\/7587361?trk\",\"http:\/\/youtube.com\/peoplesphere\"]},{\"@type\":\"Person\",\"@id\":\"https:\/\/peoplesphere.be\/fr\/#\/schema\/person\/7976225ff17988604334abb7b3536a7e\",\"name\":\"Jean-Paul Erhard\",\"image\":{\"@type\":\"ImageObject\",\"inLanguage\":\"fr-FR\",\"@id\":\"https:\/\/peoplesphere.be\/fr\/#\/schema\/person\/image\/\",\"url\":\"https:\/\/secure.gravatar.com\/avatar\/f941e681460179738071629a51574930?s=96&d=mm&r=g\",\"contentUrl\":\"https:\/\/secure.gravatar.com\/avatar\/f941e681460179738071629a51574930?s=96&d=mm&r=g\",\"caption\":\"Jean-Paul Erhard\"},\"url\":\"https:\/\/peoplesphere.be\/fr\/author\/jpe\/\"}]}<\/script>\n<!-- \/ Yoast SEO plugin. -->","yoast_head_json":{"title":"Syndrome de la maladie pendant les vacances: un mal \u00e9trange qui concerne particuli\u00e8rement les jeunes travailleurs! - Peoplesphere","description":"Syndrome de la maladie pendant les vacances: un mal \u00e9trange qui concerne particuli\u00e8rement les jeunes travailleurs!","robots":{"index":"index","follow":"follow","max-snippet":"max-snippet:-1","max-image-preview":"max-image-preview:large","max-video-preview":"max-video-preview:-1"},"canonical":"https:\/\/peoplesphere.be\/fr\/syndrome-de-la-maladie-pendant-les-vacances-un-mal-etrange-qui-concerne-particulierement-les-jeunes-travailleurs\/","og_locale":"fr_FR","og_type":"article","og_title":"Syndrome de la maladie pendant les vacances: un mal \u00e9trange qui concerne particuli\u00e8rement les jeunes travailleurs! - Peoplesphere","og_description":"Syndrome de la maladie pendant les vacances: un mal \u00e9trange qui concerne particuli\u00e8rement les jeunes travailleurs!","og_url":"https:\/\/peoplesphere.be\/fr\/syndrome-de-la-maladie-pendant-les-vacances-un-mal-etrange-qui-concerne-particulierement-les-jeunes-travailleurs\/","og_site_name":"Peoplesphere","article_publisher":"https:\/\/www.facebook.com\/peoplesphere","article_published_time":"2024-05-22T03:35:52+00:00","article_modified_time":"2024-05-24T03:42:32+00:00","og_image":[{"width":1200,"height":515,"url":"https:\/\/peoplesphere.be\/fr\/wp-content\/uploads\/2024\/05\/20231025burnout.jpg","type":"image\/jpeg"}],"author":"Jean-Paul Erhard","twitter_card":"summary_large_image","twitter_creator":"@PeoplesphereMag","twitter_site":"@PeoplesphereMag","twitter_misc":{"\u00c9crit par":"Jean-Paul Erhard","Dur\u00e9e de lecture estim\u00e9e":"5 minutes"},"schema":{"@context":"https:\/\/schema.org","@graph":[{"@type":"Article","@id":"https:\/\/peoplesphere.be\/fr\/syndrome-de-la-maladie-pendant-les-vacances-un-mal-etrange-qui-concerne-particulierement-les-jeunes-travailleurs\/#article","isPartOf":{"@id":"https:\/\/peoplesphere.be\/fr\/syndrome-de-la-maladie-pendant-les-vacances-un-mal-etrange-qui-concerne-particulierement-les-jeunes-travailleurs\/"},"author":{"name":"Jean-Paul Erhard","@id":"https:\/\/peoplesphere.be\/fr\/#\/schema\/person\/7976225ff17988604334abb7b3536a7e"},"headline":"Syndrome de la maladie pendant les vacances: un mal \u00e9trange qui concerne particuli\u00e8rement les jeunes travailleurs!","datePublished":"2024-05-22T03:35:52+00:00","dateModified":"2024-05-24T03:42:32+00:00","mainEntityOfPage":{"@id":"https:\/\/peoplesphere.be\/fr\/syndrome-de-la-maladie-pendant-les-vacances-un-mal-etrange-qui-concerne-particulierement-les-jeunes-travailleurs\/"},"wordCount":930,"publisher":{"@id":"https:\/\/peoplesphere.be\/fr\/#organization"},"keywords":["Absence","Maladie","Vacances"],"articleSection":["Actualit\u00e9s","Digital"],"inLanguage":"fr-FR"},{"@type":"WebPage","@id":"https:\/\/peoplesphere.be\/fr\/syndrome-de-la-maladie-pendant-les-vacances-un-mal-etrange-qui-concerne-particulierement-les-jeunes-travailleurs\/","url":"https:\/\/peoplesphere.be\/fr\/syndrome-de-la-maladie-pendant-les-vacances-un-mal-etrange-qui-concerne-particulierement-les-jeunes-travailleurs\/","name":"Syndrome de la maladie pendant les vacances: un mal \u00e9trange qui concerne particuli\u00e8rement les jeunes travailleurs! - Peoplesphere","isPartOf":{"@id":"https:\/\/peoplesphere.be\/fr\/#website"},"datePublished":"2024-05-22T03:35:52+00:00","dateModified":"2024-05-24T03:42:32+00:00","description":"Syndrome de la maladie pendant les vacances: un mal \u00e9trange qui concerne particuli\u00e8rement les jeunes travailleurs!","breadcrumb":{"@id":"https:\/\/peoplesphere.be\/fr\/syndrome-de-la-maladie-pendant-les-vacances-un-mal-etrange-qui-concerne-particulierement-les-jeunes-travailleurs\/#breadcrumb"},"inLanguage":"fr-FR","potentialAction":[{"@type":"ReadAction","target":["https:\/\/peoplesphere.be\/fr\/syndrome-de-la-maladie-pendant-les-vacances-un-mal-etrange-qui-concerne-particulierement-les-jeunes-travailleurs\/"]}]},{"@type":"BreadcrumbList","@id":"https:\/\/peoplesphere.be\/fr\/syndrome-de-la-maladie-pendant-les-vacances-un-mal-etrange-qui-concerne-particulierement-les-jeunes-travailleurs\/#breadcrumb","itemListElement":[{"@type":"ListItem","position":1,"name":"Accueil","item":"https:\/\/peoplesphere.be\/fr\/"},{"@type":"ListItem","position":2,"name":"Syndrome de la maladie pendant les vacances: un mal \u00e9trange qui concerne particuli\u00e8rement les jeunes travailleurs!"}]},{"@type":"WebSite","@id":"https:\/\/peoplesphere.be\/fr\/#website","url":"https:\/\/peoplesphere.be\/fr\/","name":"Peoplesphere","description":"The People Managers Magazine","publisher":{"@id":"https:\/\/peoplesphere.be\/fr\/#organization"},"potentialAction":[{"@type":"SearchAction","target":{"@type":"EntryPoint","urlTemplate":"https:\/\/peoplesphere.be\/fr\/?s={search_term_string}"},"query-input":"required name=search_term_string"}],"inLanguage":"fr-FR"},{"@type":"Organization","@id":"https:\/\/peoplesphere.be\/fr\/#organization","name":"Peoplesphere Company srl","url":"https:\/\/peoplesphere.be\/fr\/","logo":{"@type":"ImageObject","inLanguage":"fr-FR","@id":"https:\/\/peoplesphere.be\/fr\/#\/schema\/logo\/image\/","url":"https:\/\/peoplesphere.be\/fr\/wp-content\/uploads\/2023\/07\/peoplesphere-lgo-new-generik.jpg","contentUrl":"https:\/\/peoplesphere.be\/fr\/wp-content\/uploads\/2023\/07\/peoplesphere-lgo-new-generik.jpg","width":1031,"height":1479,"caption":"Peoplesphere Company srl"},"image":{"@id":"https:\/\/peoplesphere.be\/fr\/#\/schema\/logo\/image\/"},"sameAs":["https:\/\/www.facebook.com\/peoplesphere","https:\/\/twitter.com\/PeoplesphereMag","https:\/\/www.linkedin.com\/company\/7587361?trk","http:\/\/youtube.com\/peoplesphere"]},{"@type":"Person","@id":"https:\/\/peoplesphere.be\/fr\/#\/schema\/person\/7976225ff17988604334abb7b3536a7e","name":"Jean-Paul Erhard","image":{"@type":"ImageObject","inLanguage":"fr-FR","@id":"https:\/\/peoplesphere.be\/fr\/#\/schema\/person\/image\/","url":"https:\/\/secure.gravatar.com\/avatar\/f941e681460179738071629a51574930?s=96&d=mm&r=g","contentUrl":"https:\/\/secure.gravatar.com\/avatar\/f941e681460179738071629a51574930?s=96&d=mm&r=g","caption":"Jean-Paul Erhard"},"url":"https:\/\/peoplesphere.be\/fr\/author\/jpe\/"}]}},"_links":{"self":[{"href":"https:\/\/peoplesphere.be\/fr\/wp-json\/wp\/v2\/posts\/16197"}],"collection":[{"href":"https:\/\/peoplesphere.be\/fr\/wp-json\/wp\/v2\/posts"}],"about":[{"href":"https:\/\/peoplesphere.be\/fr\/wp-json\/wp\/v2\/types\/post"}],"author":[{"embeddable":true,"href":"https:\/\/peoplesphere.be\/fr\/wp-json\/wp\/v2\/users\/2"}],"replies":[{"embeddable":true,"href":"https:\/\/peoplesphere.be\/fr\/wp-json\/wp\/v2\/comments?post=16197"}],"version-history":[{"count":1,"href":"https:\/\/peoplesphere.be\/fr\/wp-json\/wp\/v2\/posts\/16197\/revisions"}],"predecessor-version":[{"id":16199,"href":"https:\/\/peoplesphere.be\/fr\/wp-json\/wp\/v2\/posts\/16197\/revisions\/16199"}],"wp:featuredmedia":[{"embeddable":true,"href":"https:\/\/peoplesphere.be\/fr\/wp-json\/wp\/v2\/media\/16198"}],"wp:attachment":[{"href":"https:\/\/peoplesphere.be\/fr\/wp-json\/wp\/v2\/media?parent=16197"}],"wp:term":[{"taxonomy":"category","embeddable":true,"href":"https:\/\/peoplesphere.be\/fr\/wp-json\/wp\/v2\/categories?post=16197"},{"taxonomy":"post_tag","embeddable":true,"href":"https:\/\/peoplesphere.be\/fr\/wp-json\/wp\/v2\/tags?post=16197"}],"curies":[{"name":"wp","href":"https:\/\/api.w.org\/{rel}","templated":true}]}}