









{"id":16207,"date":"2024-05-26T08:59:49","date_gmt":"2024-05-26T06:59:49","guid":{"rendered":"https:\/\/peoplesphere.be\/fr\/?p=16207"},"modified":"2024-05-26T08:59:49","modified_gmt":"2024-05-26T06:59:49","slug":"menstruations-maternite-et-menopause-le-tabou-des-3m-reste-tres-present-sur-le-lieu-de-travail","status":"publish","type":"post","link":"https:\/\/peoplesphere.be\/fr\/menstruations-maternite-et-menopause-le-tabou-des-3m-reste-tres-present-sur-le-lieu-de-travail\/","title":{"rendered":"Menstruations, Maternit\u00e9 et M\u00e9nopause: le tabou des 3M reste tr\u00e8s pr\u00e9sent sur le lieu de travail."},"content":{"rendered":"<p>Plus d&rsquo;un tiers des salari\u00e9es flamandes n&rsquo;osent pas parler de sujets sensibles au travail. Les menstruations, la maternit\u00e9 et la m\u00e9nopause font notamment partie des sujets tabous, de m\u00eame que les st\u00e9r\u00e9otypes li\u00e9s \u00e0 l&rsquo;\u00e2ge chez les salari\u00e9es plus \u00e2g\u00e9es. C&rsquo;est ce qui ressort d&rsquo;une \u00e9tude men\u00e9e r\u00e9cemment par l&rsquo;Antwerp Management School (AMS) en collaboration avec SD Worx aupr\u00e8s de 1.700 personnes.<!--more--><\/p>\n<p>Les femmes \u00e9prouvent plus de difficult\u00e9s \u00e0 aborder ouvertement des questions sensibles. Elles h\u00e9sitent davantage \u00e0 parler des erreurs ou des probl\u00e8mes de performance de leurs coll\u00e8gues ou de leurs sup\u00e9rieurs. Elles sont \u00e9galement plus r\u00e9serv\u00e9es que les hommes lorsqu&rsquo;il s&rsquo;agit de probl\u00e8mes familiaux et sont moins enclines \u00e0 parler de probl\u00e8mes physiques. Mais les plus grands tabous sur le lieu de travail parmi les salari\u00e9es concernent les \u00ab\u00a0trois M\u00a0\u00bb : les menstruations, la maternit\u00e9 et la m\u00e9nopause. Plus de six femmes sur dix (65%) font l&rsquo;exp\u00e9rience d&rsquo;un manque d&rsquo;ouverture sur ces sujets au sein de leur entreprise.<\/p>\n<h3><strong><em>L&rsquo;image id\u00e9ale de la salari\u00e9e se heurte aux st\u00e9r\u00e9otypes f\u00e9minins<\/em><\/strong><\/h3>\n<p>En d\u00e9but de carri\u00e8re, l&rsquo;image de la jeune collaboratrice dynamique se heurte \u00e0 l&rsquo;image excessivement st\u00e9r\u00e9otyp\u00e9e de la femme qui lutte contre les douleurs et les inconforts mensuels et qui peut \u00eatre de mauvaise humeur \u00e0 cause de ses menstruations. \u00c0 la mi-carri\u00e8re, le m\u00eame constat ressort : la salari\u00e9e id\u00e9ale a atteint sa vitesse de croisi\u00e8re. Elle est tr\u00e8s engag\u00e9e et demande des r\u00f4les et des t\u00e2ches suppl\u00e9mentaires. Or, cela ne co\u00efncide pas avec la femme qui, selon les st\u00e9r\u00e9otypes, aspire surtout \u00e0 un bon \u00e9quilibre entre vie professionnelle et vie priv\u00e9e et tente, tant bien que mal, de combiner son r\u00f4le de m\u00e8re avec son r\u00f4le professionnel.<\/p>\n<p>Enfin, en fin de carri\u00e8re, l&rsquo;image de l&#8217;employ\u00e9 id\u00e9al en tant que leader ou expert senior, socialement comp\u00e9tent, stable et s\u00fbr de lui, ne correspond pas \u00e0 l&rsquo;image st\u00e9r\u00e9otyp\u00e9e de la femme qui, en raison de la m\u00e9nopause, doute d&rsquo;elle-m\u00eame, est \u00e9motionnellement instable et a honte de ses bouff\u00e9es de chaleur.<\/p>\n<h3><strong><em>La stigmatisation<\/em><\/strong><\/h3>\n<p><em>\u00ab\u00a0Plusieurs t\u00e9moignages r\u00e9v\u00e8lent que les femmes pr\u00e9f\u00e8rent \u00e9viter les sujets des menstruations, de la maternit\u00e9 et de la m\u00e9nopause de peur d&rsquo;\u00eatre victimis\u00e9es ou stigmatis\u00e9es\u00a0\u00bb<\/em>, commente la professeure Peggy De Prins de l&rsquo;Antwerp Management School. <em>\u00ab\u00a0Selon les personnes interrog\u00e9es, le fait d&rsquo;avoir ou de ne pas avoir d&rsquo;enfants est un tabou. En outre, les m\u00e8res qui ont particip\u00e9 \u00e0 l&rsquo;enqu\u00eate ont soulign\u00e9 le d\u00e9fi permanent que repr\u00e9sente l&rsquo;\u00e9quilibre entre la vie professionnelle et la vie familiale. Prendre des d\u00e9cisions de carri\u00e8re qui englobent \u00e0 la fois les ambitions professionnelles et les circonstances personnelles est consid\u00e9r\u00e9 comme leur plus grand d\u00e9fi. Enfin, les femmes trouvent particuli\u00e8rement aga\u00e7ant la l\u00e9g\u00e8ret\u00e9 avec laquelle la m\u00e9nopause est consid\u00e9r\u00e9e. Elles pensent souvent que leurs coll\u00e8gues ne prennent pas la question au s\u00e9rieux et qu&rsquo;il n&rsquo;y a pas assez d&rsquo;informations ou de mesures prises \u00e0 ce sujet.\u00a0\u00bb<\/em><\/p>\n<h3><strong><em>Les plus de 55 ans ne peuvent pas \u00eatre elles-m\u00eames sur leur lieu de travail<\/em><\/strong><\/h3>\n<p>Un autre sujet tabou sur le lieu de travail est \u00ab\u00a0l\u2019\u00e2gisme\u00a0\u00bb, soit les st\u00e9r\u00e9otypes li\u00e9s \u00e0 l&rsquo;\u00e2ge. Ce ph\u00e9nom\u00e8ne est de plus en plus fr\u00e9quent chez les travailleurs \u00e2g\u00e9s, hommes et femmes confondus. Seuls 36% des plus de 55 ans estiment pouvoir \u00eatre eux-m\u00eames au travail, contre 46% des moins de 35 ans. En outre, les travailleurs plus \u00e2g\u00e9s sont moins susceptibles de se faire entendre, m\u00eame s&rsquo;ils ont de bonnes id\u00e9es. Un tiers de ces m\u00eames travailleurs d\u00e9cident m\u00eame de ne pas exprimer leurs id\u00e9es, contre seulement un cinqui\u00e8me des travailleurs plus jeunes.<\/p>\n<p><em>\u00ab\u00a0Les st\u00e9r\u00e9otypes li\u00e9s \u00e0 l&rsquo;\u00e2ge sont en fait une extension des trois M\u00a0\u00bb<\/em>, poursuit Peggy De Prins. \u00ab\u00a0<em>Les coll\u00e8gues appartenant \u00e0 d&rsquo;autres tranches d&rsquo;\u00e2ge sont encore trop souvent consid\u00e9r\u00e9s comme des \u00e9trangers, ce qui renforce le sentiment de \u00ab nous contre eux \u00bb. Prenons un exemple : une personne peut vouloir se concentrer sur des t\u00e2ches plus faciles ou moins exigeantes pendant un certain temps lorsqu&rsquo;elle est m\u00e9nopaus\u00e9e ou qu&rsquo;elle a ses r\u00e8gles. Les autres coll\u00e8gues ne le comprennent pas toujours et r\u00e9agissent de mani\u00e8re d\u00e9fensive, voire offensive. Malheureusement, cela peut rapidement d\u00e9g\u00e9n\u00e9rer en comportement toxique au sein des \u00e9quipes.\u00a0\u00bb<\/em><\/p>\n<p><em>\u00ab\u00a0Maintenant que les \u00e9lections sociales sont termin\u00e9es, il est important de discuter efficacement des pr\u00e9occupations des travailleurs, telles que les 3 M, et de chercher des solutions. Gr\u00e2ce \u00e0 la concertation sociale, cela peut \u00e9galement se faire au niveau collectif\u00a0\u00bb<\/em>, ajoute Jan Vanthournout, expert en \u00e9lections sociales chez SD Worx.<\/p>\n<h3><strong><em>Comment briser le tabou des 3 M ?<\/em><\/strong><\/h3>\n<p>La professeure De Prins donne quelques conseils et exemples de ce qu&rsquo;il convient de faire et de ne pas faire :<\/p>\n<ul>\n<li>Des mesures subtiles peuvent permettre aux femmes de se sentir plus \u00e0 l&rsquo;aise sur leur lieu de travail. Il peut s&rsquo;agir de v\u00eatements de travail adapt\u00e9s, comme des pantalons de couleur sombre au lieu de pantalons blancs pour les infirmi\u00e8res, ou des lieux de travail o\u00f9 les employ\u00e9s peuvent r\u00e9gler eux-m\u00eames la temp\u00e9rature.<\/li>\n<li>Les mesures formelles en mati\u00e8re de ressources humaines, telles que les horaires de travail flexibles, le travail hybride et une grande autonomie dans le travail, peuvent contribuer \u00e0 rendre le lieu de travail plus accueillant pour les femmes.<\/li>\n<li>Le fabricant de jouets Lego s&rsquo;est engag\u00e9 \u00e0 sensibiliser le public en d\u00e9veloppant une campagne de sensibilisation compl\u00e8te sur la m\u00e9nopause dans le cadre de sa vision plus large en mati\u00e8re de diversit\u00e9 et d&rsquo;inclusion.<\/li>\n<li>Le dialogue sur les 3 M peut \u00eatre facilit\u00e9 par des guides de conversation existants destin\u00e9s aux responsables directs.<\/li>\n<li>Pour \u00e9viter la stigmatisation, il est recommand\u00e9 d&rsquo;opter pour la personnalisation dans les mesures. Il existe d&rsquo;autres solutions, plus adapt\u00e9es \u00e0 chacune, qu&rsquo;un cong\u00e9 menstruel ou m\u00e9nopause g\u00e9n\u00e9ralis\u00e9.<\/li>\n<li>Briser le tabou des 3 M peut \u00e9galement conduire \u00e0 plus de transparence et de dialogue quant \u00e0 la d\u00e9licate fronti\u00e8re entre le pr\u00e9sent\u00e9isme et l&rsquo;absent\u00e9isme au travail.<\/li>\n<\/ul>\n<p>Certaines femmes t\u00e9moignent :<\/p>\n<ul>\n<li><em>\u00ab\u00a0Je n&rsquo;ai volontairement pas d&rsquo;enfant et c&rsquo;est encore un grand tabou, pas seulement sur le lieu de travail.\u00a0\u00bb<\/em><\/li>\n<li><em>\u00ab\u00a0Apr\u00e8s la naissance de mes enfants, j&rsquo;ai commenc\u00e9 \u00e0 travailler en 4\/5e. Depuis, je ne me sens plus comme une employ\u00e9e \u00e0 part enti\u00e8re et je manque des opportunit\u00e9s de promotion.\u00a0\u00bb<\/em><\/li>\n<li><em>\u00ab\u00a0\u00c0 la m\u00e9nopause, on ne se sent plus \u00e0 sa place. C&rsquo;est comme si c&rsquo;\u00e9tait fini.\u00a0\u00bb<\/em><\/li>\n<li><em>\u00ab\u00a0Lorsque je veux planifier des projets en fonction de mes r\u00e8gles, je remarque des r\u00e9actions de m\u00e9fiance. Cela montre le tabou qui entoure le sujet.\u00a0\u00bb<\/em><\/li>\n<li><em>\u00ab\u00a0Si vous \u00eates une femme et que vous travaillez avec de nombreux coll\u00e8gues masculins, il est parfois tr\u00e8s difficile de leur faire comprendre que la combinaison travail-famille peut \u00eatre difficile. D&rsquo;apr\u00e8s mon exp\u00e9rience, la plupart des hommes qui ont une famille peuvent se concentrer pleinement sur leur travail parce qu&rsquo;ils ont une partenaire qui s&rsquo;occupe de tout \u00e0 la maison. En tant que femme, vous \u00eates parfois rapidement \u00e9tiquet\u00e9e comme n&rsquo;\u00e9tant pas assez flexible.\u00a0\u00bb<\/em><\/li>\n<\/ul>\n<p>&nbsp;<\/p>\n<p><em>Source &#8211; Cette \u00e9tude est le fruit d&rsquo;une collaboration entre le centre d&rsquo;expertise Next Generation Work de l&rsquo;Antwerp Management School, SD Worx et Het Nieuwsblad. L&rsquo;enqu\u00eate a \u00e9t\u00e9 envoy\u00e9e sous le titre \u00ab\u00a0Barom\u00e8tre de la participation. \u00cates-vous entendu au travail ?\u00a0\u00bb. Le travail de terrain a \u00e9t\u00e9 r\u00e9alis\u00e9 entre f\u00e9vrier et mars 2024 aupr\u00e8s d&rsquo;une large population de travailleurs flamands. Au total, 1.<\/em><em>698 r\u00e9pondants ont particip\u00e9, notamment ventil\u00e9 par le sexe avec 20% d&rsquo;hommes, 79% de femmes et 1% de personnes non binaires, mais aussi par le niveau d&rsquo;\u00e9ducation avec 4% d&rsquo;\u00e9ducation inf\u00e9rieure, 18% d&rsquo;\u00e9ducation moyenne et 78% d&rsquo;\u00e9ducation sup\u00e9rieure, sans oublier le profil professionnel avec 44% d&rsquo;ouvriers\/cols blancs, 43% de cadres moyens\/professions lib\u00e9rales et 12% de cadres sup\u00e9rieurs\/directeurs.<\/em><\/p>\n","protected":false},"excerpt":{"rendered":"<p>Plus d&rsquo;un tiers des salari\u00e9es flamandes n&rsquo;osent pas parler de sujets sensibles au travail. Les menstruations, la maternit\u00e9 et la m\u00e9nopause font notamment partie des sujets tabous, de m\u00eame que les st\u00e9r\u00e9otypes li\u00e9s \u00e0 l&rsquo;\u00e2ge chez les salari\u00e9es plus \u00e2g\u00e9es. [&hellip;]<\/p>\n","protected":false},"author":2,"featured_media":0,"comment_status":"closed","ping_status":"open","sticky":false,"template":"","format":"standard","meta":[],"categories":[65,10],"tags":[96,292,1623,3831,4056,17],"yoast_head":"<!-- This site is optimized with the Yoast SEO plugin v21.0 - https:\/\/yoast.com\/wordpress\/plugins\/seo\/ -->\n<title>Menstruations, Maternit\u00e9 et M\u00e9nopause: le tabou des 3M reste tr\u00e8s pr\u00e9sent sur le lieu de travail. - Peoplesphere<\/title>\n<meta name=\"robots\" content=\"index, follow, max-snippet:-1, max-image-preview:large, max-video-preview:-1\" \/>\n<link rel=\"canonical\" href=\"https:\/\/peoplesphere.be\/fr\/menstruations-maternite-et-menopause-le-tabou-des-3m-reste-tres-present-sur-le-lieu-de-travail\/\" \/>\n<meta property=\"og:locale\" content=\"fr_FR\" \/>\n<meta property=\"og:type\" content=\"article\" \/>\n<meta property=\"og:title\" content=\"Menstruations, Maternit\u00e9 et M\u00e9nopause: le tabou des 3M reste tr\u00e8s pr\u00e9sent sur le lieu de travail. - Peoplesphere\" \/>\n<meta property=\"og:description\" content=\"Plus d&rsquo;un tiers des salari\u00e9es flamandes n&rsquo;osent pas parler de sujets sensibles au travail. Les menstruations, la maternit\u00e9 et la m\u00e9nopause font notamment partie des sujets tabous, de m\u00eame que les st\u00e9r\u00e9otypes li\u00e9s \u00e0 l&rsquo;\u00e2ge chez les salari\u00e9es plus \u00e2g\u00e9es. [&hellip;]\" \/>\n<meta property=\"og:url\" content=\"https:\/\/peoplesphere.be\/fr\/menstruations-maternite-et-menopause-le-tabou-des-3m-reste-tres-present-sur-le-lieu-de-travail\/\" \/>\n<meta property=\"og:site_name\" content=\"Peoplesphere\" \/>\n<meta property=\"article:publisher\" content=\"https:\/\/www.facebook.com\/peoplesphere\" \/>\n<meta property=\"article:published_time\" content=\"2024-05-26T06:59:49+00:00\" \/>\n<meta property=\"og:image\" content=\"http:\/\/www.peoplesphere.be\/fr\/wp-content\/uploads\/2016\/07\/facebook-default-posting-1200x628px.jpg\" \/>\n<meta name=\"author\" content=\"Jean-Paul Erhard\" \/>\n<meta name=\"twitter:card\" content=\"summary_large_image\" \/>\n<meta name=\"twitter:creator\" content=\"@PeoplesphereMag\" \/>\n<meta name=\"twitter:site\" content=\"@PeoplesphereMag\" \/>\n<meta name=\"twitter:label1\" content=\"\u00c9crit par\" \/>\n\t<meta name=\"twitter:data1\" content=\"Jean-Paul Erhard\" \/>\n\t<meta name=\"twitter:label2\" content=\"Dur\u00e9e de lecture estim\u00e9e\" \/>\n\t<meta name=\"twitter:data2\" content=\"7 minutes\" \/>\n<script type=\"application\/ld+json\" class=\"yoast-schema-graph\">{\"@context\":\"https:\/\/schema.org\",\"@graph\":[{\"@type\":\"Article\",\"@id\":\"https:\/\/peoplesphere.be\/fr\/menstruations-maternite-et-menopause-le-tabou-des-3m-reste-tres-present-sur-le-lieu-de-travail\/#article\",\"isPartOf\":{\"@id\":\"https:\/\/peoplesphere.be\/fr\/menstruations-maternite-et-menopause-le-tabou-des-3m-reste-tres-present-sur-le-lieu-de-travail\/\"},\"author\":{\"name\":\"Jean-Paul Erhard\",\"@id\":\"https:\/\/peoplesphere.be\/fr\/#\/schema\/person\/7976225ff17988604334abb7b3536a7e\"},\"headline\":\"Menstruations, Maternit\u00e9 et M\u00e9nopause: le tabou des 3M reste tr\u00e8s pr\u00e9sent sur le lieu de travail.\",\"datePublished\":\"2024-05-26T06:59:49+00:00\",\"dateModified\":\"2024-05-26T06:59:49+00:00\",\"mainEntityOfPage\":{\"@id\":\"https:\/\/peoplesphere.be\/fr\/menstruations-maternite-et-menopause-le-tabou-des-3m-reste-tres-present-sur-le-lieu-de-travail\/\"},\"wordCount\":1397,\"publisher\":{\"@id\":\"https:\/\/peoplesphere.be\/fr\/#organization\"},\"keywords\":[\"bien-\u00eatre\",\"\u00e9galit\u00e9 des genres\",\"maternit\u00e9\",\"m\u00e9nopause\",\"menstruations\",\"Sant\u00e9\"],\"articleSection\":[\"Actualit\u00e9s\",\"Digital\"],\"inLanguage\":\"fr-FR\"},{\"@type\":\"WebPage\",\"@id\":\"https:\/\/peoplesphere.be\/fr\/menstruations-maternite-et-menopause-le-tabou-des-3m-reste-tres-present-sur-le-lieu-de-travail\/\",\"url\":\"https:\/\/peoplesphere.be\/fr\/menstruations-maternite-et-menopause-le-tabou-des-3m-reste-tres-present-sur-le-lieu-de-travail\/\",\"name\":\"Menstruations, Maternit\u00e9 et M\u00e9nopause: le tabou des 3M reste tr\u00e8s pr\u00e9sent sur le lieu de travail. - Peoplesphere\",\"isPartOf\":{\"@id\":\"https:\/\/peoplesphere.be\/fr\/#website\"},\"datePublished\":\"2024-05-26T06:59:49+00:00\",\"dateModified\":\"2024-05-26T06:59:49+00:00\",\"breadcrumb\":{\"@id\":\"https:\/\/peoplesphere.be\/fr\/menstruations-maternite-et-menopause-le-tabou-des-3m-reste-tres-present-sur-le-lieu-de-travail\/#breadcrumb\"},\"inLanguage\":\"fr-FR\",\"potentialAction\":[{\"@type\":\"ReadAction\",\"target\":[\"https:\/\/peoplesphere.be\/fr\/menstruations-maternite-et-menopause-le-tabou-des-3m-reste-tres-present-sur-le-lieu-de-travail\/\"]}]},{\"@type\":\"BreadcrumbList\",\"@id\":\"https:\/\/peoplesphere.be\/fr\/menstruations-maternite-et-menopause-le-tabou-des-3m-reste-tres-present-sur-le-lieu-de-travail\/#breadcrumb\",\"itemListElement\":[{\"@type\":\"ListItem\",\"position\":1,\"name\":\"Accueil\",\"item\":\"https:\/\/peoplesphere.be\/fr\/\"},{\"@type\":\"ListItem\",\"position\":2,\"name\":\"Menstruations, Maternit\u00e9 et M\u00e9nopause: le tabou des 3M reste tr\u00e8s pr\u00e9sent sur le lieu de travail.\"}]},{\"@type\":\"WebSite\",\"@id\":\"https:\/\/peoplesphere.be\/fr\/#website\",\"url\":\"https:\/\/peoplesphere.be\/fr\/\",\"name\":\"Peoplesphere\",\"description\":\"The People Managers Magazine\",\"publisher\":{\"@id\":\"https:\/\/peoplesphere.be\/fr\/#organization\"},\"potentialAction\":[{\"@type\":\"SearchAction\",\"target\":{\"@type\":\"EntryPoint\",\"urlTemplate\":\"https:\/\/peoplesphere.be\/fr\/?s={search_term_string}\"},\"query-input\":\"required name=search_term_string\"}],\"inLanguage\":\"fr-FR\"},{\"@type\":\"Organization\",\"@id\":\"https:\/\/peoplesphere.be\/fr\/#organization\",\"name\":\"Peoplesphere Company srl\",\"url\":\"https:\/\/peoplesphere.be\/fr\/\",\"logo\":{\"@type\":\"ImageObject\",\"inLanguage\":\"fr-FR\",\"@id\":\"https:\/\/peoplesphere.be\/fr\/#\/schema\/logo\/image\/\",\"url\":\"https:\/\/peoplesphere.be\/fr\/wp-content\/uploads\/2023\/07\/peoplesphere-lgo-new-generik.jpg\",\"contentUrl\":\"https:\/\/peoplesphere.be\/fr\/wp-content\/uploads\/2023\/07\/peoplesphere-lgo-new-generik.jpg\",\"width\":1031,\"height\":1479,\"caption\":\"Peoplesphere Company srl\"},\"image\":{\"@id\":\"https:\/\/peoplesphere.be\/fr\/#\/schema\/logo\/image\/\"},\"sameAs\":[\"https:\/\/www.facebook.com\/peoplesphere\",\"https:\/\/twitter.com\/PeoplesphereMag\",\"https:\/\/www.linkedin.com\/company\/7587361?trk\",\"http:\/\/youtube.com\/peoplesphere\"]},{\"@type\":\"Person\",\"@id\":\"https:\/\/peoplesphere.be\/fr\/#\/schema\/person\/7976225ff17988604334abb7b3536a7e\",\"name\":\"Jean-Paul Erhard\",\"image\":{\"@type\":\"ImageObject\",\"inLanguage\":\"fr-FR\",\"@id\":\"https:\/\/peoplesphere.be\/fr\/#\/schema\/person\/image\/\",\"url\":\"https:\/\/secure.gravatar.com\/avatar\/f941e681460179738071629a51574930?s=96&d=mm&r=g\",\"contentUrl\":\"https:\/\/secure.gravatar.com\/avatar\/f941e681460179738071629a51574930?s=96&d=mm&r=g\",\"caption\":\"Jean-Paul Erhard\"},\"url\":\"https:\/\/peoplesphere.be\/fr\/author\/jpe\/\"}]}<\/script>\n<!-- \/ Yoast SEO plugin. -->","yoast_head_json":{"title":"Menstruations, Maternit\u00e9 et M\u00e9nopause: le tabou des 3M reste tr\u00e8s pr\u00e9sent sur le lieu de travail. - Peoplesphere","robots":{"index":"index","follow":"follow","max-snippet":"max-snippet:-1","max-image-preview":"max-image-preview:large","max-video-preview":"max-video-preview:-1"},"canonical":"https:\/\/peoplesphere.be\/fr\/menstruations-maternite-et-menopause-le-tabou-des-3m-reste-tres-present-sur-le-lieu-de-travail\/","og_locale":"fr_FR","og_type":"article","og_title":"Menstruations, Maternit\u00e9 et M\u00e9nopause: le tabou des 3M reste tr\u00e8s pr\u00e9sent sur le lieu de travail. - Peoplesphere","og_description":"Plus d&rsquo;un tiers des salari\u00e9es flamandes n&rsquo;osent pas parler de sujets sensibles au travail. Les menstruations, la maternit\u00e9 et la m\u00e9nopause font notamment partie des sujets tabous, de m\u00eame que les st\u00e9r\u00e9otypes li\u00e9s \u00e0 l&rsquo;\u00e2ge chez les salari\u00e9es plus \u00e2g\u00e9es. [&hellip;]","og_url":"https:\/\/peoplesphere.be\/fr\/menstruations-maternite-et-menopause-le-tabou-des-3m-reste-tres-present-sur-le-lieu-de-travail\/","og_site_name":"Peoplesphere","article_publisher":"https:\/\/www.facebook.com\/peoplesphere","article_published_time":"2024-05-26T06:59:49+00:00","og_image":[{"url":"http:\/\/www.peoplesphere.be\/fr\/wp-content\/uploads\/2016\/07\/facebook-default-posting-1200x628px.jpg"}],"author":"Jean-Paul Erhard","twitter_card":"summary_large_image","twitter_creator":"@PeoplesphereMag","twitter_site":"@PeoplesphereMag","twitter_misc":{"\u00c9crit par":"Jean-Paul Erhard","Dur\u00e9e de lecture estim\u00e9e":"7 minutes"},"schema":{"@context":"https:\/\/schema.org","@graph":[{"@type":"Article","@id":"https:\/\/peoplesphere.be\/fr\/menstruations-maternite-et-menopause-le-tabou-des-3m-reste-tres-present-sur-le-lieu-de-travail\/#article","isPartOf":{"@id":"https:\/\/peoplesphere.be\/fr\/menstruations-maternite-et-menopause-le-tabou-des-3m-reste-tres-present-sur-le-lieu-de-travail\/"},"author":{"name":"Jean-Paul Erhard","@id":"https:\/\/peoplesphere.be\/fr\/#\/schema\/person\/7976225ff17988604334abb7b3536a7e"},"headline":"Menstruations, Maternit\u00e9 et M\u00e9nopause: le tabou des 3M reste tr\u00e8s pr\u00e9sent sur le lieu de travail.","datePublished":"2024-05-26T06:59:49+00:00","dateModified":"2024-05-26T06:59:49+00:00","mainEntityOfPage":{"@id":"https:\/\/peoplesphere.be\/fr\/menstruations-maternite-et-menopause-le-tabou-des-3m-reste-tres-present-sur-le-lieu-de-travail\/"},"wordCount":1397,"publisher":{"@id":"https:\/\/peoplesphere.be\/fr\/#organization"},"keywords":["bien-\u00eatre","\u00e9galit\u00e9 des genres","maternit\u00e9","m\u00e9nopause","menstruations","Sant\u00e9"],"articleSection":["Actualit\u00e9s","Digital"],"inLanguage":"fr-FR"},{"@type":"WebPage","@id":"https:\/\/peoplesphere.be\/fr\/menstruations-maternite-et-menopause-le-tabou-des-3m-reste-tres-present-sur-le-lieu-de-travail\/","url":"https:\/\/peoplesphere.be\/fr\/menstruations-maternite-et-menopause-le-tabou-des-3m-reste-tres-present-sur-le-lieu-de-travail\/","name":"Menstruations, Maternit\u00e9 et M\u00e9nopause: le tabou des 3M reste tr\u00e8s pr\u00e9sent sur le lieu de travail. - Peoplesphere","isPartOf":{"@id":"https:\/\/peoplesphere.be\/fr\/#website"},"datePublished":"2024-05-26T06:59:49+00:00","dateModified":"2024-05-26T06:59:49+00:00","breadcrumb":{"@id":"https:\/\/peoplesphere.be\/fr\/menstruations-maternite-et-menopause-le-tabou-des-3m-reste-tres-present-sur-le-lieu-de-travail\/#breadcrumb"},"inLanguage":"fr-FR","potentialAction":[{"@type":"ReadAction","target":["https:\/\/peoplesphere.be\/fr\/menstruations-maternite-et-menopause-le-tabou-des-3m-reste-tres-present-sur-le-lieu-de-travail\/"]}]},{"@type":"BreadcrumbList","@id":"https:\/\/peoplesphere.be\/fr\/menstruations-maternite-et-menopause-le-tabou-des-3m-reste-tres-present-sur-le-lieu-de-travail\/#breadcrumb","itemListElement":[{"@type":"ListItem","position":1,"name":"Accueil","item":"https:\/\/peoplesphere.be\/fr\/"},{"@type":"ListItem","position":2,"name":"Menstruations, Maternit\u00e9 et M\u00e9nopause: le tabou des 3M reste tr\u00e8s pr\u00e9sent sur le lieu de travail."}]},{"@type":"WebSite","@id":"https:\/\/peoplesphere.be\/fr\/#website","url":"https:\/\/peoplesphere.be\/fr\/","name":"Peoplesphere","description":"The People Managers Magazine","publisher":{"@id":"https:\/\/peoplesphere.be\/fr\/#organization"},"potentialAction":[{"@type":"SearchAction","target":{"@type":"EntryPoint","urlTemplate":"https:\/\/peoplesphere.be\/fr\/?s={search_term_string}"},"query-input":"required name=search_term_string"}],"inLanguage":"fr-FR"},{"@type":"Organization","@id":"https:\/\/peoplesphere.be\/fr\/#organization","name":"Peoplesphere Company srl","url":"https:\/\/peoplesphere.be\/fr\/","logo":{"@type":"ImageObject","inLanguage":"fr-FR","@id":"https:\/\/peoplesphere.be\/fr\/#\/schema\/logo\/image\/","url":"https:\/\/peoplesphere.be\/fr\/wp-content\/uploads\/2023\/07\/peoplesphere-lgo-new-generik.jpg","contentUrl":"https:\/\/peoplesphere.be\/fr\/wp-content\/uploads\/2023\/07\/peoplesphere-lgo-new-generik.jpg","width":1031,"height":1479,"caption":"Peoplesphere Company srl"},"image":{"@id":"https:\/\/peoplesphere.be\/fr\/#\/schema\/logo\/image\/"},"sameAs":["https:\/\/www.facebook.com\/peoplesphere","https:\/\/twitter.com\/PeoplesphereMag","https:\/\/www.linkedin.com\/company\/7587361?trk","http:\/\/youtube.com\/peoplesphere"]},{"@type":"Person","@id":"https:\/\/peoplesphere.be\/fr\/#\/schema\/person\/7976225ff17988604334abb7b3536a7e","name":"Jean-Paul Erhard","image":{"@type":"ImageObject","inLanguage":"fr-FR","@id":"https:\/\/peoplesphere.be\/fr\/#\/schema\/person\/image\/","url":"https:\/\/secure.gravatar.com\/avatar\/f941e681460179738071629a51574930?s=96&d=mm&r=g","contentUrl":"https:\/\/secure.gravatar.com\/avatar\/f941e681460179738071629a51574930?s=96&d=mm&r=g","caption":"Jean-Paul Erhard"},"url":"https:\/\/peoplesphere.be\/fr\/author\/jpe\/"}]}},"_links":{"self":[{"href":"https:\/\/peoplesphere.be\/fr\/wp-json\/wp\/v2\/posts\/16207"}],"collection":[{"href":"https:\/\/peoplesphere.be\/fr\/wp-json\/wp\/v2\/posts"}],"about":[{"href":"https:\/\/peoplesphere.be\/fr\/wp-json\/wp\/v2\/types\/post"}],"author":[{"embeddable":true,"href":"https:\/\/peoplesphere.be\/fr\/wp-json\/wp\/v2\/users\/2"}],"replies":[{"embeddable":true,"href":"https:\/\/peoplesphere.be\/fr\/wp-json\/wp\/v2\/comments?post=16207"}],"version-history":[{"count":1,"href":"https:\/\/peoplesphere.be\/fr\/wp-json\/wp\/v2\/posts\/16207\/revisions"}],"predecessor-version":[{"id":16208,"href":"https:\/\/peoplesphere.be\/fr\/wp-json\/wp\/v2\/posts\/16207\/revisions\/16208"}],"wp:attachment":[{"href":"https:\/\/peoplesphere.be\/fr\/wp-json\/wp\/v2\/media?parent=16207"}],"wp:term":[{"taxonomy":"category","embeddable":true,"href":"https:\/\/peoplesphere.be\/fr\/wp-json\/wp\/v2\/categories?post=16207"},{"taxonomy":"post_tag","embeddable":true,"href":"https:\/\/peoplesphere.be\/fr\/wp-json\/wp\/v2\/tags?post=16207"}],"curies":[{"name":"wp","href":"https:\/\/api.w.org\/{rel}","templated":true}]}}