









{"id":16217,"date":"2024-05-27T14:30:38","date_gmt":"2024-05-27T12:30:38","guid":{"rendered":"https:\/\/peoplesphere.be\/fr\/?p=16217"},"modified":"2024-05-27T14:30:38","modified_gmt":"2024-05-27T12:30:38","slug":"les-demandes-dinterruption-de-carriere-doivent-etre-introduites-de-facon-electronique-a-partir-du-1er-juillet-prochain","status":"publish","type":"post","link":"https:\/\/peoplesphere.be\/fr\/les-demandes-dinterruption-de-carriere-doivent-etre-introduites-de-facon-electronique-a-partir-du-1er-juillet-prochain\/","title":{"rendered":"Les demandes d\u2019interruption de carri\u00e8re doivent \u00eatre introduites de fa\u00e7on \u00e9lectronique \u00e0 partir du 1er juillet prochain."},"content":{"rendered":"<p>\u00c0 partir du 1er juillet 2024, toutes les demandes d\u2019allocation d\u2019interruption de carri\u00e8re, de cr\u00e9dit-temps ou de cong\u00e9 th\u00e9matique devront \u00eatre introduites \u00e9lectroniquement aupr\u00e8s de l\u2019ONEM. La proc\u00e9dure en ligne obligatoire sera mise en place pour tous les secteurs, \u00e0 l&rsquo;exception de l&rsquo;enseignement o\u00f9 l&rsquo;obligation prendra effet \u00e0 partir du 1er octobre 2024.<!--more--><\/p>\n<p><em>\u00ab\u00a0Il y a 10 ans, il \u00e9tait d\u00e9j\u00e0 possible d\u2019introduire une demande en ligne aupr\u00e8s de l\u2019ONEM, mais pas pour tous les secteurs, ni pour tous les types de demandes. Il y a du changement. \u00c0 partir du 1er juillet 2024, tout le monde aura la possibilit\u00e9 d\u2019introduire une demande en ligne et cela sera obligatoire. Les avantages sont \u00e9normes : un traitement correct et rapide des donn\u00e9es, adieu les courriers recommand\u00e9s, fini le gaspillage de papier, etc.\u00a0\u00bb<\/em>, pr\u00e9cise-t-on \u00e0 l\u2019ONEM.<\/p>\n<h3><strong><em>Une p\u00e9riode de transition<\/em><\/strong><\/h3>\n<p>Afin de permettre \u00e0 chacun de se familiariser avec la demande en ligne, l&rsquo;ONEM pr\u00e9voit une p\u00e9riode de transition g\u00e9n\u00e9rale de trois mois. Pour les travailleurs qui rencontrent des difficult\u00e9s pour compl\u00e9ter la demande en ligne, l\u2019ONEM acceptera encore les demandes sur papier jusqu&rsquo;au 1er octobre 2024.<br \/>\nPour le secteur sp\u00e9cifique de l&rsquo;enseignement la p\u00e9riode de transition durera jusqu&rsquo;\u00e0 la fin du mois de d\u00e9cembre 2024.<\/p>\n<h3><strong><em>En quelques clics<\/em><\/strong><\/h3>\n<p>Comment introduire une demande aupr\u00e8s de l\u2019ONEM :<\/p>\n<ol>\n<li>Le travailleur doit informer son employeur.<\/li>\n<li>L\u2019employeur compl\u00e8te sa partie de la demande d\u2019allocations via le site portail de la S\u00e9curit\u00e9 sociale.<\/li>\n<li>Ensuite, c\u2019est le travailleur qui compl\u00e8te la demande via l\u2019application Break@work<\/li>\n<li>L\u2019ONEM envoie sa d\u00e9cision dans l\u2019e-Box.<\/li>\n<\/ol>\n<p>\u00c9tant donn\u00e9 que l&#8217;employeur doit remplir une partie de la demande, il peut \u00e9galement s&rsquo;av\u00e9rer pratique de compl\u00e9ter la demande conjointement et de la soumettre imm\u00e9diatement \u00e0 l\u2019ONEM.<\/p>\n<p>Liens utiles et tutoriels : <a href=\"https:\/\/www.onem.be\/breakatwork\">https:\/\/www.onem.be\/breakatwork<\/a><\/p>\n","protected":false},"excerpt":{"rendered":"<p>\u00c0 partir du 1er juillet 2024, toutes les demandes d\u2019allocation d\u2019interruption de carri\u00e8re, de cr\u00e9dit-temps ou de cong\u00e9 th\u00e9matique devront \u00eatre introduites \u00e9lectroniquement aupr\u00e8s de l\u2019ONEM. La proc\u00e9dure en ligne obligatoire sera mise en place pour tous les secteurs, \u00e0 [&hellip;]<\/p>\n","protected":false},"author":2,"featured_media":0,"comment_status":"closed","ping_status":"open","sticky":false,"template":"","format":"standard","meta":[],"categories":[65,10],"tags":[1254,1098,1515,397],"yoast_head":"<!-- This site is optimized with the Yoast SEO plugin v21.0 - https:\/\/yoast.com\/wordpress\/plugins\/seo\/ -->\n<title>Les demandes d\u2019interruption de carri\u00e8re doivent \u00eatre introduites de fa\u00e7on \u00e9lectronique \u00e0 partir du 1er juillet prochain. - Peoplesphere<\/title>\n<meta name=\"description\" content=\"Les demandes d\u2019interruption de carri\u00e8re doivent \u00eatre introduites de fa\u00e7on \u00e9lectronique \u00e0 partir du 1er juillet prochain.\" \/>\n<meta name=\"robots\" content=\"index, follow, max-snippet:-1, max-image-preview:large, max-video-preview:-1\" \/>\n<link rel=\"canonical\" href=\"https:\/\/peoplesphere.be\/fr\/les-demandes-dinterruption-de-carriere-doivent-etre-introduites-de-facon-electronique-a-partir-du-1er-juillet-prochain\/\" \/>\n<meta property=\"og:locale\" content=\"fr_FR\" \/>\n<meta property=\"og:type\" content=\"article\" \/>\n<meta property=\"og:title\" content=\"Les demandes d\u2019interruption de carri\u00e8re doivent \u00eatre introduites de fa\u00e7on \u00e9lectronique \u00e0 partir du 1er juillet prochain. - Peoplesphere\" \/>\n<meta property=\"og:description\" content=\"Les demandes d\u2019interruption de carri\u00e8re doivent \u00eatre introduites de fa\u00e7on \u00e9lectronique \u00e0 partir du 1er juillet prochain.\" \/>\n<meta property=\"og:url\" content=\"https:\/\/peoplesphere.be\/fr\/les-demandes-dinterruption-de-carriere-doivent-etre-introduites-de-facon-electronique-a-partir-du-1er-juillet-prochain\/\" \/>\n<meta property=\"og:site_name\" content=\"Peoplesphere\" \/>\n<meta property=\"article:publisher\" content=\"https:\/\/www.facebook.com\/peoplesphere\" \/>\n<meta property=\"article:published_time\" content=\"2024-05-27T12:30:38+00:00\" \/>\n<meta property=\"og:image\" content=\"http:\/\/www.peoplesphere.be\/fr\/wp-content\/uploads\/2016\/07\/facebook-default-posting-1200x628px.jpg\" \/>\n<meta name=\"author\" content=\"Jean-Paul Erhard\" \/>\n<meta name=\"twitter:card\" content=\"summary_large_image\" \/>\n<meta name=\"twitter:creator\" content=\"@PeoplesphereMag\" \/>\n<meta name=\"twitter:site\" content=\"@PeoplesphereMag\" \/>\n<meta name=\"twitter:label1\" content=\"\u00c9crit par\" \/>\n\t<meta name=\"twitter:data1\" content=\"Jean-Paul Erhard\" \/>\n\t<meta name=\"twitter:label2\" content=\"Dur\u00e9e de lecture estim\u00e9e\" \/>\n\t<meta name=\"twitter:data2\" content=\"2 minutes\" \/>\n<script type=\"application\/ld+json\" class=\"yoast-schema-graph\">{\"@context\":\"https:\/\/schema.org\",\"@graph\":[{\"@type\":\"Article\",\"@id\":\"https:\/\/peoplesphere.be\/fr\/les-demandes-dinterruption-de-carriere-doivent-etre-introduites-de-facon-electronique-a-partir-du-1er-juillet-prochain\/#article\",\"isPartOf\":{\"@id\":\"https:\/\/peoplesphere.be\/fr\/les-demandes-dinterruption-de-carriere-doivent-etre-introduites-de-facon-electronique-a-partir-du-1er-juillet-prochain\/\"},\"author\":{\"name\":\"Jean-Paul Erhard\",\"@id\":\"https:\/\/peoplesphere.be\/fr\/#\/schema\/person\/7976225ff17988604334abb7b3536a7e\"},\"headline\":\"Les demandes d\u2019interruption de carri\u00e8re doivent \u00eatre introduites de fa\u00e7on \u00e9lectronique \u00e0 partir du 1er juillet prochain.\",\"datePublished\":\"2024-05-27T12:30:38+00:00\",\"dateModified\":\"2024-05-27T12:30:38+00:00\",\"mainEntityOfPage\":{\"@id\":\"https:\/\/peoplesphere.be\/fr\/les-demandes-dinterruption-de-carriere-doivent-etre-introduites-de-facon-electronique-a-partir-du-1er-juillet-prochain\/\"},\"wordCount\":340,\"publisher\":{\"@id\":\"https:\/\/peoplesphere.be\/fr\/#organization\"},\"keywords\":[\"cong\u00e9 th\u00e9matique\",\"cr\u00e9dit-temps\",\"interruption de carri\u00e8re\",\"ONEM\"],\"articleSection\":[\"Actualit\u00e9s\",\"Digital\"],\"inLanguage\":\"fr-FR\"},{\"@type\":\"WebPage\",\"@id\":\"https:\/\/peoplesphere.be\/fr\/les-demandes-dinterruption-de-carriere-doivent-etre-introduites-de-facon-electronique-a-partir-du-1er-juillet-prochain\/\",\"url\":\"https:\/\/peoplesphere.be\/fr\/les-demandes-dinterruption-de-carriere-doivent-etre-introduites-de-facon-electronique-a-partir-du-1er-juillet-prochain\/\",\"name\":\"Les demandes d\u2019interruption de carri\u00e8re doivent \u00eatre introduites de fa\u00e7on \u00e9lectronique \u00e0 partir du 1er juillet prochain. - Peoplesphere\",\"isPartOf\":{\"@id\":\"https:\/\/peoplesphere.be\/fr\/#website\"},\"datePublished\":\"2024-05-27T12:30:38+00:00\",\"dateModified\":\"2024-05-27T12:30:38+00:00\",\"description\":\"Les demandes d\u2019interruption de carri\u00e8re doivent \u00eatre introduites de fa\u00e7on \u00e9lectronique \u00e0 partir du 1er juillet prochain.\",\"breadcrumb\":{\"@id\":\"https:\/\/peoplesphere.be\/fr\/les-demandes-dinterruption-de-carriere-doivent-etre-introduites-de-facon-electronique-a-partir-du-1er-juillet-prochain\/#breadcrumb\"},\"inLanguage\":\"fr-FR\",\"potentialAction\":[{\"@type\":\"ReadAction\",\"target\":[\"https:\/\/peoplesphere.be\/fr\/les-demandes-dinterruption-de-carriere-doivent-etre-introduites-de-facon-electronique-a-partir-du-1er-juillet-prochain\/\"]}]},{\"@type\":\"BreadcrumbList\",\"@id\":\"https:\/\/peoplesphere.be\/fr\/les-demandes-dinterruption-de-carriere-doivent-etre-introduites-de-facon-electronique-a-partir-du-1er-juillet-prochain\/#breadcrumb\",\"itemListElement\":[{\"@type\":\"ListItem\",\"position\":1,\"name\":\"Accueil\",\"item\":\"https:\/\/peoplesphere.be\/fr\/\"},{\"@type\":\"ListItem\",\"position\":2,\"name\":\"Les demandes d\u2019interruption de carri\u00e8re doivent \u00eatre introduites de fa\u00e7on \u00e9lectronique \u00e0 partir du 1er juillet prochain.\"}]},{\"@type\":\"WebSite\",\"@id\":\"https:\/\/peoplesphere.be\/fr\/#website\",\"url\":\"https:\/\/peoplesphere.be\/fr\/\",\"name\":\"Peoplesphere\",\"description\":\"The People Managers Magazine\",\"publisher\":{\"@id\":\"https:\/\/peoplesphere.be\/fr\/#organization\"},\"potentialAction\":[{\"@type\":\"SearchAction\",\"target\":{\"@type\":\"EntryPoint\",\"urlTemplate\":\"https:\/\/peoplesphere.be\/fr\/?s={search_term_string}\"},\"query-input\":\"required name=search_term_string\"}],\"inLanguage\":\"fr-FR\"},{\"@type\":\"Organization\",\"@id\":\"https:\/\/peoplesphere.be\/fr\/#organization\",\"name\":\"Peoplesphere Company srl\",\"url\":\"https:\/\/peoplesphere.be\/fr\/\",\"logo\":{\"@type\":\"ImageObject\",\"inLanguage\":\"fr-FR\",\"@id\":\"https:\/\/peoplesphere.be\/fr\/#\/schema\/logo\/image\/\",\"url\":\"https:\/\/peoplesphere.be\/fr\/wp-content\/uploads\/2023\/07\/peoplesphere-lgo-new-generik.jpg\",\"contentUrl\":\"https:\/\/peoplesphere.be\/fr\/wp-content\/uploads\/2023\/07\/peoplesphere-lgo-new-generik.jpg\",\"width\":1031,\"height\":1479,\"caption\":\"Peoplesphere Company srl\"},\"image\":{\"@id\":\"https:\/\/peoplesphere.be\/fr\/#\/schema\/logo\/image\/\"},\"sameAs\":[\"https:\/\/www.facebook.com\/peoplesphere\",\"https:\/\/twitter.com\/PeoplesphereMag\",\"https:\/\/www.linkedin.com\/company\/7587361?trk\",\"http:\/\/youtube.com\/peoplesphere\"]},{\"@type\":\"Person\",\"@id\":\"https:\/\/peoplesphere.be\/fr\/#\/schema\/person\/7976225ff17988604334abb7b3536a7e\",\"name\":\"Jean-Paul Erhard\",\"image\":{\"@type\":\"ImageObject\",\"inLanguage\":\"fr-FR\",\"@id\":\"https:\/\/peoplesphere.be\/fr\/#\/schema\/person\/image\/\",\"url\":\"https:\/\/secure.gravatar.com\/avatar\/f941e681460179738071629a51574930?s=96&d=mm&r=g\",\"contentUrl\":\"https:\/\/secure.gravatar.com\/avatar\/f941e681460179738071629a51574930?s=96&d=mm&r=g\",\"caption\":\"Jean-Paul Erhard\"},\"url\":\"https:\/\/peoplesphere.be\/fr\/author\/jpe\/\"}]}<\/script>\n<!-- \/ Yoast SEO plugin. -->","yoast_head_json":{"title":"Les demandes d\u2019interruption de carri\u00e8re doivent \u00eatre introduites de fa\u00e7on \u00e9lectronique \u00e0 partir du 1er juillet prochain. - Peoplesphere","description":"Les demandes d\u2019interruption de carri\u00e8re doivent \u00eatre introduites de fa\u00e7on \u00e9lectronique \u00e0 partir du 1er juillet prochain.","robots":{"index":"index","follow":"follow","max-snippet":"max-snippet:-1","max-image-preview":"max-image-preview:large","max-video-preview":"max-video-preview:-1"},"canonical":"https:\/\/peoplesphere.be\/fr\/les-demandes-dinterruption-de-carriere-doivent-etre-introduites-de-facon-electronique-a-partir-du-1er-juillet-prochain\/","og_locale":"fr_FR","og_type":"article","og_title":"Les demandes d\u2019interruption de carri\u00e8re doivent \u00eatre introduites de fa\u00e7on \u00e9lectronique \u00e0 partir du 1er juillet prochain. - Peoplesphere","og_description":"Les demandes d\u2019interruption de carri\u00e8re doivent \u00eatre introduites de fa\u00e7on \u00e9lectronique \u00e0 partir du 1er juillet prochain.","og_url":"https:\/\/peoplesphere.be\/fr\/les-demandes-dinterruption-de-carriere-doivent-etre-introduites-de-facon-electronique-a-partir-du-1er-juillet-prochain\/","og_site_name":"Peoplesphere","article_publisher":"https:\/\/www.facebook.com\/peoplesphere","article_published_time":"2024-05-27T12:30:38+00:00","og_image":[{"url":"http:\/\/www.peoplesphere.be\/fr\/wp-content\/uploads\/2016\/07\/facebook-default-posting-1200x628px.jpg"}],"author":"Jean-Paul Erhard","twitter_card":"summary_large_image","twitter_creator":"@PeoplesphereMag","twitter_site":"@PeoplesphereMag","twitter_misc":{"\u00c9crit par":"Jean-Paul Erhard","Dur\u00e9e de lecture estim\u00e9e":"2 minutes"},"schema":{"@context":"https:\/\/schema.org","@graph":[{"@type":"Article","@id":"https:\/\/peoplesphere.be\/fr\/les-demandes-dinterruption-de-carriere-doivent-etre-introduites-de-facon-electronique-a-partir-du-1er-juillet-prochain\/#article","isPartOf":{"@id":"https:\/\/peoplesphere.be\/fr\/les-demandes-dinterruption-de-carriere-doivent-etre-introduites-de-facon-electronique-a-partir-du-1er-juillet-prochain\/"},"author":{"name":"Jean-Paul Erhard","@id":"https:\/\/peoplesphere.be\/fr\/#\/schema\/person\/7976225ff17988604334abb7b3536a7e"},"headline":"Les demandes d\u2019interruption de carri\u00e8re doivent \u00eatre introduites de fa\u00e7on \u00e9lectronique \u00e0 partir du 1er juillet prochain.","datePublished":"2024-05-27T12:30:38+00:00","dateModified":"2024-05-27T12:30:38+00:00","mainEntityOfPage":{"@id":"https:\/\/peoplesphere.be\/fr\/les-demandes-dinterruption-de-carriere-doivent-etre-introduites-de-facon-electronique-a-partir-du-1er-juillet-prochain\/"},"wordCount":340,"publisher":{"@id":"https:\/\/peoplesphere.be\/fr\/#organization"},"keywords":["cong\u00e9 th\u00e9matique","cr\u00e9dit-temps","interruption de carri\u00e8re","ONEM"],"articleSection":["Actualit\u00e9s","Digital"],"inLanguage":"fr-FR"},{"@type":"WebPage","@id":"https:\/\/peoplesphere.be\/fr\/les-demandes-dinterruption-de-carriere-doivent-etre-introduites-de-facon-electronique-a-partir-du-1er-juillet-prochain\/","url":"https:\/\/peoplesphere.be\/fr\/les-demandes-dinterruption-de-carriere-doivent-etre-introduites-de-facon-electronique-a-partir-du-1er-juillet-prochain\/","name":"Les demandes d\u2019interruption de carri\u00e8re doivent \u00eatre introduites de fa\u00e7on \u00e9lectronique \u00e0 partir du 1er juillet prochain. - Peoplesphere","isPartOf":{"@id":"https:\/\/peoplesphere.be\/fr\/#website"},"datePublished":"2024-05-27T12:30:38+00:00","dateModified":"2024-05-27T12:30:38+00:00","description":"Les demandes d\u2019interruption de carri\u00e8re doivent \u00eatre introduites de fa\u00e7on \u00e9lectronique \u00e0 partir du 1er juillet prochain.","breadcrumb":{"@id":"https:\/\/peoplesphere.be\/fr\/les-demandes-dinterruption-de-carriere-doivent-etre-introduites-de-facon-electronique-a-partir-du-1er-juillet-prochain\/#breadcrumb"},"inLanguage":"fr-FR","potentialAction":[{"@type":"ReadAction","target":["https:\/\/peoplesphere.be\/fr\/les-demandes-dinterruption-de-carriere-doivent-etre-introduites-de-facon-electronique-a-partir-du-1er-juillet-prochain\/"]}]},{"@type":"BreadcrumbList","@id":"https:\/\/peoplesphere.be\/fr\/les-demandes-dinterruption-de-carriere-doivent-etre-introduites-de-facon-electronique-a-partir-du-1er-juillet-prochain\/#breadcrumb","itemListElement":[{"@type":"ListItem","position":1,"name":"Accueil","item":"https:\/\/peoplesphere.be\/fr\/"},{"@type":"ListItem","position":2,"name":"Les demandes d\u2019interruption de carri\u00e8re doivent \u00eatre introduites de fa\u00e7on \u00e9lectronique \u00e0 partir du 1er juillet prochain."}]},{"@type":"WebSite","@id":"https:\/\/peoplesphere.be\/fr\/#website","url":"https:\/\/peoplesphere.be\/fr\/","name":"Peoplesphere","description":"The People Managers Magazine","publisher":{"@id":"https:\/\/peoplesphere.be\/fr\/#organization"},"potentialAction":[{"@type":"SearchAction","target":{"@type":"EntryPoint","urlTemplate":"https:\/\/peoplesphere.be\/fr\/?s={search_term_string}"},"query-input":"required name=search_term_string"}],"inLanguage":"fr-FR"},{"@type":"Organization","@id":"https:\/\/peoplesphere.be\/fr\/#organization","name":"Peoplesphere Company srl","url":"https:\/\/peoplesphere.be\/fr\/","logo":{"@type":"ImageObject","inLanguage":"fr-FR","@id":"https:\/\/peoplesphere.be\/fr\/#\/schema\/logo\/image\/","url":"https:\/\/peoplesphere.be\/fr\/wp-content\/uploads\/2023\/07\/peoplesphere-lgo-new-generik.jpg","contentUrl":"https:\/\/peoplesphere.be\/fr\/wp-content\/uploads\/2023\/07\/peoplesphere-lgo-new-generik.jpg","width":1031,"height":1479,"caption":"Peoplesphere Company srl"},"image":{"@id":"https:\/\/peoplesphere.be\/fr\/#\/schema\/logo\/image\/"},"sameAs":["https:\/\/www.facebook.com\/peoplesphere","https:\/\/twitter.com\/PeoplesphereMag","https:\/\/www.linkedin.com\/company\/7587361?trk","http:\/\/youtube.com\/peoplesphere"]},{"@type":"Person","@id":"https:\/\/peoplesphere.be\/fr\/#\/schema\/person\/7976225ff17988604334abb7b3536a7e","name":"Jean-Paul Erhard","image":{"@type":"ImageObject","inLanguage":"fr-FR","@id":"https:\/\/peoplesphere.be\/fr\/#\/schema\/person\/image\/","url":"https:\/\/secure.gravatar.com\/avatar\/f941e681460179738071629a51574930?s=96&d=mm&r=g","contentUrl":"https:\/\/secure.gravatar.com\/avatar\/f941e681460179738071629a51574930?s=96&d=mm&r=g","caption":"Jean-Paul Erhard"},"url":"https:\/\/peoplesphere.be\/fr\/author\/jpe\/"}]}},"_links":{"self":[{"href":"https:\/\/peoplesphere.be\/fr\/wp-json\/wp\/v2\/posts\/16217"}],"collection":[{"href":"https:\/\/peoplesphere.be\/fr\/wp-json\/wp\/v2\/posts"}],"about":[{"href":"https:\/\/peoplesphere.be\/fr\/wp-json\/wp\/v2\/types\/post"}],"author":[{"embeddable":true,"href":"https:\/\/peoplesphere.be\/fr\/wp-json\/wp\/v2\/users\/2"}],"replies":[{"embeddable":true,"href":"https:\/\/peoplesphere.be\/fr\/wp-json\/wp\/v2\/comments?post=16217"}],"version-history":[{"count":1,"href":"https:\/\/peoplesphere.be\/fr\/wp-json\/wp\/v2\/posts\/16217\/revisions"}],"predecessor-version":[{"id":16218,"href":"https:\/\/peoplesphere.be\/fr\/wp-json\/wp\/v2\/posts\/16217\/revisions\/16218"}],"wp:attachment":[{"href":"https:\/\/peoplesphere.be\/fr\/wp-json\/wp\/v2\/media?parent=16217"}],"wp:term":[{"taxonomy":"category","embeddable":true,"href":"https:\/\/peoplesphere.be\/fr\/wp-json\/wp\/v2\/categories?post=16217"},{"taxonomy":"post_tag","embeddable":true,"href":"https:\/\/peoplesphere.be\/fr\/wp-json\/wp\/v2\/tags?post=16217"}],"curies":[{"name":"wp","href":"https:\/\/api.w.org\/{rel}","templated":true}]}}