









{"id":16227,"date":"2024-05-29T07:21:27","date_gmt":"2024-05-29T05:21:27","guid":{"rendered":"https:\/\/peoplesphere.be\/fr\/?p=16227"},"modified":"2024-05-29T07:21:27","modified_gmt":"2024-05-29T05:21:27","slug":"comment-les-travailleurs-freelance-peuvent-ils-faire-face-au-fleau-des-factures-impayees-ou-en-retard","status":"publish","type":"post","link":"https:\/\/peoplesphere.be\/fr\/comment-les-travailleurs-freelance-peuvent-ils-faire-face-au-fleau-des-factures-impayees-ou-en-retard\/","title":{"rendered":"Comment les travailleurs freelance peuvent-ils faire face au fl\u00e9au des factures impay\u00e9es ou en retard?"},"content":{"rendered":"<p>Une \u00e9tude r\u00e9alis\u00e9e par Freelancers in Belgium, Open The Box et Accountable montre que 40% des factures des travailleurs free-lance sont pay\u00e9es en retard ou ne sont pas pay\u00e9es du tout. Plus d&rsquo;un quart des personnes interrog\u00e9es attendent toujours un paiement de 5.000 euros ou plus. Federgon pr\u00e9conise de travailler avec des bureaux sp\u00e9cialis\u00e9s, \u00e9galement appel\u00e9s \u00ab\u00a0prestataires\u00a0\u00bb, qui agissent en tant qu&rsquo;interm\u00e9diaires entre le travailleur free-lance et le client-utilisateur afin de cr\u00e9er plus de s\u00e9curit\u00e9 pour les travailleurs ind\u00e9pendants. Une r\u00e9elle garantie?<!--more--><\/p>\n<p>Une \u00e9tude men\u00e9e conjointement par l&rsquo;organisation en r\u00e9seau Freelancers in Belgium, le site web de transparence Open The Box et l&rsquo;application de comptabilit\u00e9 Accountable a r\u00e9v\u00e9l\u00e9 que plus de 40 % des factures des travailleurs free-lance \u00e9taient pay\u00e9es en retard ou impay\u00e9es. Un quart des 220 personnes interrog\u00e9es attendaient encore un paiement de 5.000 euros au moment de l&rsquo;enqu\u00eate. Il est ind\u00e9niable que le nombre de free-lances est en hausse. L&rsquo;ann\u00e9e derni\u00e8re, ils \u00e9taient 169.964 en Flandre, un record, soit 33,5% de plus qu&rsquo;en 2019.<\/p>\n<p><em>\u00ab\u00a0Nous constatons que le nombre de free-lances qui entrent sur le march\u00e9 a \u00e9galement consid\u00e9rablement augment\u00e9 au cours des derni\u00e8res d\u00e9cennies\u00a0\u00bb,<\/em> explique Ann Cattelain, CEO de Federgon. <em>\u00ab\u00a0Des personnes aux talents tr\u00e8s divers veulent profiter de la flexibilit\u00e9 offerte par le statut d&rsquo;ind\u00e9pendant.\u00a0\u00bb<\/em> Il est donc n\u00e9cessaire d&rsquo;adopter une approche sp\u00e9cifique pour fournir \u00e0 ce large groupe le soutien ad\u00e9quat.<\/p>\n<p>Certaines mesures pr\u00e9ventives ont \u00e9t\u00e9 \u00e9num\u00e9r\u00e9es lors de la publication de ces chiffres. En t\u00eate de liste, il a \u00e9t\u00e9 conseill\u00e9 aux travailleurs free-lance de faire appel \u00e0 un avocat. Toutefois, cette d\u00e9marche n&rsquo;est pas toujours \u00e9vidente et a aussi un impact financier non n\u00e9gligeable. Un avocat a toujours besoin d&rsquo;un peu de temps pour se familiariser avec le dossier. Le recours \u00e0 des free-lances implique souvent l&rsquo;urgence pour les personnes concern\u00e9es. Les d\u00e9fauts de paiement constituent \u00e9galement des probl\u00e8mes pressants qu&rsquo;il est pr\u00e9f\u00e9rable de r\u00e9soudre aujourd&rsquo;hui plut\u00f4t que demain.<\/p>\n<p>C&rsquo;est pourquoi Federgon pr\u00e9conise de travailler avec des bureaux sp\u00e9cialis\u00e9s, \u00e9galement appel\u00e9s \u00ab\u00a0prestataires\u00a0\u00bb. Il s&rsquo;agit d&rsquo;entreprises qui jouent le r\u00f4le d&rsquo;interm\u00e9diaires entre le free-lance et le client-utilisateur. Elles aident dans un premier temps les deux parties \u00e0 se trouver sur le march\u00e9 de l&#8217;emploi, mais fournissent \u00e9galement une s\u00e9rie de services pour soutenir le freelance et constituent un pare-feu suppl\u00e9mentaire dans la relation free-lance-utilisateur.<\/p>\n<p><em>\u00ab\u00a0Les prestataires membres de Federgon sont la plupart du temps enti\u00e8rement responsables du processus de facturation au client et peuvent \u00e9galement peser plus lourd dans les n\u00e9gociations.\u00a0\u00bb<\/em> Faire appel \u00e0 leur sp\u00e9cialisation permet \u00e0 toutes les parties d&rsquo;aller plus vite : l&rsquo;utilisation de leurs connaissances et de leur exp\u00e9rience facilite et acc\u00e9l\u00e8re la conclusion de contrats corrects et \u00e9quilibr\u00e9s.<\/p>\n<p>Travailler avec des prestataires prot\u00e8ge \u00e9galement le free-lance individuel de l&rsquo;arbitraire de clients mal intentionn\u00e9s. Un free-lance travaillant par l&rsquo;interm\u00e9diaire d&rsquo;un bureau sp\u00e9cialis\u00e9 sera mieux prot\u00e9g\u00e9 qu&rsquo;un free-lance travaillant compl\u00e8tement seul et b\u00e9n\u00e9ficiera d&rsquo;une position de n\u00e9gociation plus forte. <em>\u00ab\u00a0Les personnes qui optent pour la flexibilit\u00e9 ne doivent pas \u00eatre p\u00e9nalis\u00e9es pour cela\u00a0\u00bb,<\/em> souligne fermement Federgon.<\/p>\n<p>Les prestataires affili\u00e9s \u00e0 Federgon sont donc en premi\u00e8re ligne pour contrer ces exc\u00e8s sur le march\u00e9. Federgon met l&rsquo;accent sur l&rsquo;\u00e9quit\u00e9 et l&rsquo;\u00e9thique. \u00ab\u00a0<em>De par leur position, nos bureaux \u0153uvrent toujours pour un march\u00e9 du travail o\u00f9 les travailleurs free-lance se sentent en s\u00e9curit\u00e9 et prot\u00e9g\u00e9s.\u00a0\u00bb<\/em><\/p>\n<p>&nbsp;<\/p>\n<p><em>Source: Federgon<\/em><\/p>\n","protected":false},"excerpt":{"rendered":"<p>Une \u00e9tude r\u00e9alis\u00e9e par Freelancers in Belgium, Open The Box et Accountable montre que 40% des factures des travailleurs free-lance sont pay\u00e9es en retard ou ne sont pas pay\u00e9es du tout. Plus d&rsquo;un quart des personnes interrog\u00e9es attendent toujours un [&hellip;]<\/p>\n","protected":false},"author":2,"featured_media":16228,"comment_status":"closed","ping_status":"open","sticky":false,"template":"","format":"standard","meta":[],"categories":[65,10],"tags":[390,547,743,2056,692,818,72],"yoast_head":"<!-- This site is optimized with the Yoast SEO plugin v21.0 - https:\/\/yoast.com\/wordpress\/plugins\/seo\/ -->\n<title>Comment les travailleurs freelance peuvent-ils faire face au fl\u00e9au des factures impay\u00e9es ou en retard? - Peoplesphere<\/title>\n<meta name=\"description\" content=\"Comment les travailleurs freelance peuvent-ils faire face au fl\u00e9au des factures impay\u00e9es ou en retard?\" \/>\n<meta name=\"robots\" content=\"index, follow, max-snippet:-1, max-image-preview:large, max-video-preview:-1\" \/>\n<link rel=\"canonical\" href=\"https:\/\/peoplesphere.be\/fr\/comment-les-travailleurs-freelance-peuvent-ils-faire-face-au-fleau-des-factures-impayees-ou-en-retard\/\" \/>\n<meta property=\"og:locale\" content=\"fr_FR\" \/>\n<meta property=\"og:type\" content=\"article\" \/>\n<meta property=\"og:title\" content=\"Comment les travailleurs freelance peuvent-ils faire face au fl\u00e9au des factures impay\u00e9es ou en retard? - Peoplesphere\" \/>\n<meta property=\"og:description\" content=\"Comment les travailleurs freelance peuvent-ils faire face au fl\u00e9au des factures impay\u00e9es ou en retard?\" \/>\n<meta property=\"og:url\" content=\"https:\/\/peoplesphere.be\/fr\/comment-les-travailleurs-freelance-peuvent-ils-faire-face-au-fleau-des-factures-impayees-ou-en-retard\/\" \/>\n<meta property=\"og:site_name\" content=\"Peoplesphere\" \/>\n<meta property=\"article:publisher\" content=\"https:\/\/www.facebook.com\/peoplesphere\" \/>\n<meta property=\"article:published_time\" content=\"2024-05-29T05:21:27+00:00\" \/>\n<meta property=\"og:image\" content=\"https:\/\/peoplesphere.be\/fr\/wp-content\/uploads\/2024\/05\/20240529freelancerspay.jpg\" \/>\n\t<meta property=\"og:image:width\" content=\"800\" \/>\n\t<meta property=\"og:image:height\" content=\"534\" \/>\n\t<meta property=\"og:image:type\" content=\"image\/jpeg\" \/>\n<meta name=\"author\" content=\"Jean-Paul Erhard\" \/>\n<meta name=\"twitter:card\" content=\"summary_large_image\" \/>\n<meta name=\"twitter:creator\" content=\"@PeoplesphereMag\" \/>\n<meta name=\"twitter:site\" content=\"@PeoplesphereMag\" \/>\n<meta name=\"twitter:label1\" content=\"\u00c9crit par\" \/>\n\t<meta name=\"twitter:data1\" content=\"Jean-Paul Erhard\" \/>\n\t<meta name=\"twitter:label2\" content=\"Dur\u00e9e de lecture estim\u00e9e\" \/>\n\t<meta name=\"twitter:data2\" content=\"3 minutes\" \/>\n<script type=\"application\/ld+json\" class=\"yoast-schema-graph\">{\"@context\":\"https:\/\/schema.org\",\"@graph\":[{\"@type\":\"Article\",\"@id\":\"https:\/\/peoplesphere.be\/fr\/comment-les-travailleurs-freelance-peuvent-ils-faire-face-au-fleau-des-factures-impayees-ou-en-retard\/#article\",\"isPartOf\":{\"@id\":\"https:\/\/peoplesphere.be\/fr\/comment-les-travailleurs-freelance-peuvent-ils-faire-face-au-fleau-des-factures-impayees-ou-en-retard\/\"},\"author\":{\"name\":\"Jean-Paul Erhard\",\"@id\":\"https:\/\/peoplesphere.be\/fr\/#\/schema\/person\/7976225ff17988604334abb7b3536a7e\"},\"headline\":\"Comment les travailleurs freelance peuvent-ils faire face au fl\u00e9au des factures impay\u00e9es ou en retard?\",\"datePublished\":\"2024-05-29T05:21:27+00:00\",\"dateModified\":\"2024-05-29T05:21:27+00:00\",\"mainEntityOfPage\":{\"@id\":\"https:\/\/peoplesphere.be\/fr\/comment-les-travailleurs-freelance-peuvent-ils-faire-face-au-fleau-des-factures-impayees-ou-en-retard\/\"},\"wordCount\":626,\"publisher\":{\"@id\":\"https:\/\/peoplesphere.be\/fr\/#organization\"},\"keywords\":[\"administration\",\"\u00e9quit\u00e9\",\"\u00e9thique\",\"freelancers\",\"interim management\",\"prestataires\",\"recrutement\"],\"articleSection\":[\"Actualit\u00e9s\",\"Digital\"],\"inLanguage\":\"fr-FR\"},{\"@type\":\"WebPage\",\"@id\":\"https:\/\/peoplesphere.be\/fr\/comment-les-travailleurs-freelance-peuvent-ils-faire-face-au-fleau-des-factures-impayees-ou-en-retard\/\",\"url\":\"https:\/\/peoplesphere.be\/fr\/comment-les-travailleurs-freelance-peuvent-ils-faire-face-au-fleau-des-factures-impayees-ou-en-retard\/\",\"name\":\"Comment les travailleurs freelance peuvent-ils faire face au fl\u00e9au des factures impay\u00e9es ou en retard? - Peoplesphere\",\"isPartOf\":{\"@id\":\"https:\/\/peoplesphere.be\/fr\/#website\"},\"datePublished\":\"2024-05-29T05:21:27+00:00\",\"dateModified\":\"2024-05-29T05:21:27+00:00\",\"description\":\"Comment les travailleurs freelance peuvent-ils faire face au fl\u00e9au des factures impay\u00e9es ou en retard?\",\"breadcrumb\":{\"@id\":\"https:\/\/peoplesphere.be\/fr\/comment-les-travailleurs-freelance-peuvent-ils-faire-face-au-fleau-des-factures-impayees-ou-en-retard\/#breadcrumb\"},\"inLanguage\":\"fr-FR\",\"potentialAction\":[{\"@type\":\"ReadAction\",\"target\":[\"https:\/\/peoplesphere.be\/fr\/comment-les-travailleurs-freelance-peuvent-ils-faire-face-au-fleau-des-factures-impayees-ou-en-retard\/\"]}]},{\"@type\":\"BreadcrumbList\",\"@id\":\"https:\/\/peoplesphere.be\/fr\/comment-les-travailleurs-freelance-peuvent-ils-faire-face-au-fleau-des-factures-impayees-ou-en-retard\/#breadcrumb\",\"itemListElement\":[{\"@type\":\"ListItem\",\"position\":1,\"name\":\"Accueil\",\"item\":\"https:\/\/peoplesphere.be\/fr\/\"},{\"@type\":\"ListItem\",\"position\":2,\"name\":\"Comment les travailleurs freelance peuvent-ils faire face au fl\u00e9au des factures impay\u00e9es ou en retard?\"}]},{\"@type\":\"WebSite\",\"@id\":\"https:\/\/peoplesphere.be\/fr\/#website\",\"url\":\"https:\/\/peoplesphere.be\/fr\/\",\"name\":\"Peoplesphere\",\"description\":\"The People Managers Magazine\",\"publisher\":{\"@id\":\"https:\/\/peoplesphere.be\/fr\/#organization\"},\"potentialAction\":[{\"@type\":\"SearchAction\",\"target\":{\"@type\":\"EntryPoint\",\"urlTemplate\":\"https:\/\/peoplesphere.be\/fr\/?s={search_term_string}\"},\"query-input\":\"required name=search_term_string\"}],\"inLanguage\":\"fr-FR\"},{\"@type\":\"Organization\",\"@id\":\"https:\/\/peoplesphere.be\/fr\/#organization\",\"name\":\"Peoplesphere Company srl\",\"url\":\"https:\/\/peoplesphere.be\/fr\/\",\"logo\":{\"@type\":\"ImageObject\",\"inLanguage\":\"fr-FR\",\"@id\":\"https:\/\/peoplesphere.be\/fr\/#\/schema\/logo\/image\/\",\"url\":\"https:\/\/peoplesphere.be\/fr\/wp-content\/uploads\/2023\/07\/peoplesphere-lgo-new-generik.jpg\",\"contentUrl\":\"https:\/\/peoplesphere.be\/fr\/wp-content\/uploads\/2023\/07\/peoplesphere-lgo-new-generik.jpg\",\"width\":1031,\"height\":1479,\"caption\":\"Peoplesphere Company srl\"},\"image\":{\"@id\":\"https:\/\/peoplesphere.be\/fr\/#\/schema\/logo\/image\/\"},\"sameAs\":[\"https:\/\/www.facebook.com\/peoplesphere\",\"https:\/\/twitter.com\/PeoplesphereMag\",\"https:\/\/www.linkedin.com\/company\/7587361?trk\",\"http:\/\/youtube.com\/peoplesphere\"]},{\"@type\":\"Person\",\"@id\":\"https:\/\/peoplesphere.be\/fr\/#\/schema\/person\/7976225ff17988604334abb7b3536a7e\",\"name\":\"Jean-Paul Erhard\",\"image\":{\"@type\":\"ImageObject\",\"inLanguage\":\"fr-FR\",\"@id\":\"https:\/\/peoplesphere.be\/fr\/#\/schema\/person\/image\/\",\"url\":\"https:\/\/secure.gravatar.com\/avatar\/f941e681460179738071629a51574930?s=96&d=mm&r=g\",\"contentUrl\":\"https:\/\/secure.gravatar.com\/avatar\/f941e681460179738071629a51574930?s=96&d=mm&r=g\",\"caption\":\"Jean-Paul Erhard\"},\"url\":\"https:\/\/peoplesphere.be\/fr\/author\/jpe\/\"}]}<\/script>\n<!-- \/ Yoast SEO plugin. -->","yoast_head_json":{"title":"Comment les travailleurs freelance peuvent-ils faire face au fl\u00e9au des factures impay\u00e9es ou en retard? - Peoplesphere","description":"Comment les travailleurs freelance peuvent-ils faire face au fl\u00e9au des factures impay\u00e9es ou en retard?","robots":{"index":"index","follow":"follow","max-snippet":"max-snippet:-1","max-image-preview":"max-image-preview:large","max-video-preview":"max-video-preview:-1"},"canonical":"https:\/\/peoplesphere.be\/fr\/comment-les-travailleurs-freelance-peuvent-ils-faire-face-au-fleau-des-factures-impayees-ou-en-retard\/","og_locale":"fr_FR","og_type":"article","og_title":"Comment les travailleurs freelance peuvent-ils faire face au fl\u00e9au des factures impay\u00e9es ou en retard? - Peoplesphere","og_description":"Comment les travailleurs freelance peuvent-ils faire face au fl\u00e9au des factures impay\u00e9es ou en retard?","og_url":"https:\/\/peoplesphere.be\/fr\/comment-les-travailleurs-freelance-peuvent-ils-faire-face-au-fleau-des-factures-impayees-ou-en-retard\/","og_site_name":"Peoplesphere","article_publisher":"https:\/\/www.facebook.com\/peoplesphere","article_published_time":"2024-05-29T05:21:27+00:00","og_image":[{"width":800,"height":534,"url":"https:\/\/peoplesphere.be\/fr\/wp-content\/uploads\/2024\/05\/20240529freelancerspay.jpg","type":"image\/jpeg"}],"author":"Jean-Paul Erhard","twitter_card":"summary_large_image","twitter_creator":"@PeoplesphereMag","twitter_site":"@PeoplesphereMag","twitter_misc":{"\u00c9crit par":"Jean-Paul Erhard","Dur\u00e9e de lecture estim\u00e9e":"3 minutes"},"schema":{"@context":"https:\/\/schema.org","@graph":[{"@type":"Article","@id":"https:\/\/peoplesphere.be\/fr\/comment-les-travailleurs-freelance-peuvent-ils-faire-face-au-fleau-des-factures-impayees-ou-en-retard\/#article","isPartOf":{"@id":"https:\/\/peoplesphere.be\/fr\/comment-les-travailleurs-freelance-peuvent-ils-faire-face-au-fleau-des-factures-impayees-ou-en-retard\/"},"author":{"name":"Jean-Paul Erhard","@id":"https:\/\/peoplesphere.be\/fr\/#\/schema\/person\/7976225ff17988604334abb7b3536a7e"},"headline":"Comment les travailleurs freelance peuvent-ils faire face au fl\u00e9au des factures impay\u00e9es ou en retard?","datePublished":"2024-05-29T05:21:27+00:00","dateModified":"2024-05-29T05:21:27+00:00","mainEntityOfPage":{"@id":"https:\/\/peoplesphere.be\/fr\/comment-les-travailleurs-freelance-peuvent-ils-faire-face-au-fleau-des-factures-impayees-ou-en-retard\/"},"wordCount":626,"publisher":{"@id":"https:\/\/peoplesphere.be\/fr\/#organization"},"keywords":["administration","\u00e9quit\u00e9","\u00e9thique","freelancers","interim management","prestataires","recrutement"],"articleSection":["Actualit\u00e9s","Digital"],"inLanguage":"fr-FR"},{"@type":"WebPage","@id":"https:\/\/peoplesphere.be\/fr\/comment-les-travailleurs-freelance-peuvent-ils-faire-face-au-fleau-des-factures-impayees-ou-en-retard\/","url":"https:\/\/peoplesphere.be\/fr\/comment-les-travailleurs-freelance-peuvent-ils-faire-face-au-fleau-des-factures-impayees-ou-en-retard\/","name":"Comment les travailleurs freelance peuvent-ils faire face au fl\u00e9au des factures impay\u00e9es ou en retard? - Peoplesphere","isPartOf":{"@id":"https:\/\/peoplesphere.be\/fr\/#website"},"datePublished":"2024-05-29T05:21:27+00:00","dateModified":"2024-05-29T05:21:27+00:00","description":"Comment les travailleurs freelance peuvent-ils faire face au fl\u00e9au des factures impay\u00e9es ou en retard?","breadcrumb":{"@id":"https:\/\/peoplesphere.be\/fr\/comment-les-travailleurs-freelance-peuvent-ils-faire-face-au-fleau-des-factures-impayees-ou-en-retard\/#breadcrumb"},"inLanguage":"fr-FR","potentialAction":[{"@type":"ReadAction","target":["https:\/\/peoplesphere.be\/fr\/comment-les-travailleurs-freelance-peuvent-ils-faire-face-au-fleau-des-factures-impayees-ou-en-retard\/"]}]},{"@type":"BreadcrumbList","@id":"https:\/\/peoplesphere.be\/fr\/comment-les-travailleurs-freelance-peuvent-ils-faire-face-au-fleau-des-factures-impayees-ou-en-retard\/#breadcrumb","itemListElement":[{"@type":"ListItem","position":1,"name":"Accueil","item":"https:\/\/peoplesphere.be\/fr\/"},{"@type":"ListItem","position":2,"name":"Comment les travailleurs freelance peuvent-ils faire face au fl\u00e9au des factures impay\u00e9es ou en retard?"}]},{"@type":"WebSite","@id":"https:\/\/peoplesphere.be\/fr\/#website","url":"https:\/\/peoplesphere.be\/fr\/","name":"Peoplesphere","description":"The People Managers Magazine","publisher":{"@id":"https:\/\/peoplesphere.be\/fr\/#organization"},"potentialAction":[{"@type":"SearchAction","target":{"@type":"EntryPoint","urlTemplate":"https:\/\/peoplesphere.be\/fr\/?s={search_term_string}"},"query-input":"required name=search_term_string"}],"inLanguage":"fr-FR"},{"@type":"Organization","@id":"https:\/\/peoplesphere.be\/fr\/#organization","name":"Peoplesphere Company srl","url":"https:\/\/peoplesphere.be\/fr\/","logo":{"@type":"ImageObject","inLanguage":"fr-FR","@id":"https:\/\/peoplesphere.be\/fr\/#\/schema\/logo\/image\/","url":"https:\/\/peoplesphere.be\/fr\/wp-content\/uploads\/2023\/07\/peoplesphere-lgo-new-generik.jpg","contentUrl":"https:\/\/peoplesphere.be\/fr\/wp-content\/uploads\/2023\/07\/peoplesphere-lgo-new-generik.jpg","width":1031,"height":1479,"caption":"Peoplesphere Company srl"},"image":{"@id":"https:\/\/peoplesphere.be\/fr\/#\/schema\/logo\/image\/"},"sameAs":["https:\/\/www.facebook.com\/peoplesphere","https:\/\/twitter.com\/PeoplesphereMag","https:\/\/www.linkedin.com\/company\/7587361?trk","http:\/\/youtube.com\/peoplesphere"]},{"@type":"Person","@id":"https:\/\/peoplesphere.be\/fr\/#\/schema\/person\/7976225ff17988604334abb7b3536a7e","name":"Jean-Paul Erhard","image":{"@type":"ImageObject","inLanguage":"fr-FR","@id":"https:\/\/peoplesphere.be\/fr\/#\/schema\/person\/image\/","url":"https:\/\/secure.gravatar.com\/avatar\/f941e681460179738071629a51574930?s=96&d=mm&r=g","contentUrl":"https:\/\/secure.gravatar.com\/avatar\/f941e681460179738071629a51574930?s=96&d=mm&r=g","caption":"Jean-Paul Erhard"},"url":"https:\/\/peoplesphere.be\/fr\/author\/jpe\/"}]}},"_links":{"self":[{"href":"https:\/\/peoplesphere.be\/fr\/wp-json\/wp\/v2\/posts\/16227"}],"collection":[{"href":"https:\/\/peoplesphere.be\/fr\/wp-json\/wp\/v2\/posts"}],"about":[{"href":"https:\/\/peoplesphere.be\/fr\/wp-json\/wp\/v2\/types\/post"}],"author":[{"embeddable":true,"href":"https:\/\/peoplesphere.be\/fr\/wp-json\/wp\/v2\/users\/2"}],"replies":[{"embeddable":true,"href":"https:\/\/peoplesphere.be\/fr\/wp-json\/wp\/v2\/comments?post=16227"}],"version-history":[{"count":1,"href":"https:\/\/peoplesphere.be\/fr\/wp-json\/wp\/v2\/posts\/16227\/revisions"}],"predecessor-version":[{"id":16229,"href":"https:\/\/peoplesphere.be\/fr\/wp-json\/wp\/v2\/posts\/16227\/revisions\/16229"}],"wp:featuredmedia":[{"embeddable":true,"href":"https:\/\/peoplesphere.be\/fr\/wp-json\/wp\/v2\/media\/16228"}],"wp:attachment":[{"href":"https:\/\/peoplesphere.be\/fr\/wp-json\/wp\/v2\/media?parent=16227"}],"wp:term":[{"taxonomy":"category","embeddable":true,"href":"https:\/\/peoplesphere.be\/fr\/wp-json\/wp\/v2\/categories?post=16227"},{"taxonomy":"post_tag","embeddable":true,"href":"https:\/\/peoplesphere.be\/fr\/wp-json\/wp\/v2\/tags?post=16227"}],"curies":[{"name":"wp","href":"https:\/\/api.w.org\/{rel}","templated":true}]}}