









{"id":16230,"date":"2024-05-29T12:01:08","date_gmt":"2024-05-29T10:01:08","guid":{"rendered":"https:\/\/peoplesphere.be\/fr\/?p=16230"},"modified":"2024-05-29T12:01:08","modified_gmt":"2024-05-29T10:01:08","slug":"loit-prevoit-une-legere-baisse-du-chomage-mondial-en-2024-mais-la-lenteur-des-progres-pour-reduire-les-inegalites-est-preoccupante","status":"publish","type":"post","link":"https:\/\/peoplesphere.be\/fr\/loit-prevoit-une-legere-baisse-du-chomage-mondial-en-2024-mais-la-lenteur-des-progres-pour-reduire-les-inegalites-est-preoccupante\/","title":{"rendered":"L&rsquo;OIT pr\u00e9voit une l\u00e9g\u00e8re baisse du ch\u00f4mage mondial en 2024, mais la lenteur des progr\u00e8s pour r\u00e9duire les in\u00e9galit\u00e9s est \u00ab\u00a0pr\u00e9occupante\u00a0\u00bb."},"content":{"rendered":"<p>De nouvelles projections indiquent que le ch\u00f4mage mondial diminuera l\u00e9g\u00e8rement cette ann\u00e9e m\u00eame si les in\u00e9galit\u00e9s sur les march\u00e9s du travail persistent. L&rsquo;acc\u00e8s aux opportunit\u00e9s d&#8217;emploi reste un probl\u00e8me dans le monde entier. Les femmes des pays \u00e0 faible revenu \u00e9tant particuli\u00e8rement touch\u00e9es, selon un nouveau rapport de l&rsquo;Organisation internationale du Travail (OIT).<!--more--><\/p>\n<p>Les Perspectives sociales et de l&#8217;emploi dans le monde de l&rsquo;OIT : Mise \u00e0 jour de mai 2024 de l&rsquo;OIT pr\u00e9voit que le taux de ch\u00f4mage mondial en 2024 s&rsquo;\u00e9tablira \u00e0 4,9 pour cent, contre 5,0 pour cent en 2023. Ce chiffre r\u00e9vise \u00e0 la baisse la pr\u00e9c\u00e9dente projection du BIT de 5,2 pour cent pour cette ann\u00e9e. Cependant, la tendance \u00e0 la baisse du ch\u00f4mage devrait se stabiliser en 2025, avec un taux de ch\u00f4mage restant \u00e0 4,9 pour cent, indique le rapport.<\/p>\n<p>Malgr\u00e9 ces perspectives, le rapport souligne le manque persistant d&rsquo;opportunit\u00e9s d&#8217;emploi. L&rsquo;OIT estime que le \u00ab\u00a0d\u00e9ficit d&#8217;emplois\u00a0\u00bb &#8211; qui mesure le nombre de personnes sans emploi mais qui souhaitent travailler &#8211; s&rsquo;\u00e9l\u00e8vera \u00e0 402 millions de personnes en 2024. Ce chiffre inclut 183 millions de personnes comptabilis\u00e9es comme ch\u00f4meurs.<\/p>\n<h3><strong><em>\u00ab\u00a0Malgr\u00e9 nos efforts pour r\u00e9duire les in\u00e9galit\u00e9s dans le monde, le march\u00e9 du travail reste in\u00e9gal\u00a0\u00bb<\/em><\/strong><\/h3>\n<p><em>\u00ab\u00a0Le rapport d&rsquo;aujourd&rsquo;hui met en \u00e9vidence les d\u00e9fis majeurs en mati\u00e8re d&#8217;emploi que nous devons encore relever. Malgr\u00e9 nos efforts pour r\u00e9duire les in\u00e9galit\u00e9s dans le monde, le march\u00e9 du travail reste in\u00e9gal, en particulier pour les femmes\u00a0\u00bb<\/em>, a d\u00e9clar\u00e9 le Directeur g\u00e9n\u00e9ral de l\u2019OIT, Gilbert F. Houngbo. <em>\u00ab\u00a0Pour parvenir \u00e0 une reprise durable dont les b\u00e9n\u00e9fices sont partag\u00e9s par tous, nous devons travailler \u00e0 des politiques inclusives qui prennent en compte les besoins de tous les travailleurs. Nous devons placer l&rsquo;inclusion et la justice sociale au c\u0153ur de nos politiques et de nos institutions. Sans cela, nous n&rsquo;atteindrons pas notre objectif de garantir un d\u00e9veloppement fort et inclusif\u00a0\u00bb.<\/em><\/p>\n<p>Les chiffres d\u00e9taill\u00e9s du rapport montrent que les femmes, en particulier dans les pays \u00e0 faible revenu, sont touch\u00e9es de mani\u00e8re disproportionn\u00e9e par le manque d&rsquo;opportunit\u00e9s. Le d\u00e9ficit d&#8217;emplois pour les femmes dans les pays \u00e0 faible revenu atteint le chiffre frappant de 22,8%, contre 15,3% pour les hommes. En revanche, dans les pays \u00e0 revenu \u00e9lev\u00e9, ce taux est de 9,7% pour les femmes et de 7,3% pour les hommes.<\/p>\n<p>Ces diff\u00e9rences ne sont que la \u00ab\u00a0partie \u00e9merg\u00e9e de l&rsquo;iceberg\u00a0\u00bb, car les femmes sont nettement plus nombreuses que les hommes \u00e0 \u00eatre compl\u00e8tement d\u00e9tach\u00e9es du march\u00e9 du travail. Le rapport constate que les responsabilit\u00e9s familiales peuvent expliquer en grande partie la diff\u00e9rence observ\u00e9e entre les taux d&#8217;emploi des femmes et des hommes. Au niveau mondial, 45,6% des femmes en \u00e2ge de travailler auront un emploi en 2024, contre 69,2% des hommes.<\/p>\n<p>M\u00eame lorsque les femmes sont employ\u00e9es, elles ont tendance \u00e0 gagner beaucoup moins que les hommes, en particulier dans les pays \u00e0 faible revenu. Alors que les femmes des pays \u00e0 revenu \u00e9lev\u00e9 gagnent 73 cents par rapport \u00e0 un dollar gagn\u00e9 par les hommes, ce chiffre tombe \u00e0 seulement 44 cents dans les pays \u00e0 faible revenu.<\/p>\n<p>Plus g\u00e9n\u00e9ralement, malgr\u00e9 l&rsquo;adoption de l&rsquo;Agenda 2030 pour le d\u00e9veloppement durable en 2015, les progr\u00e8s en mati\u00e8re de r\u00e9duction de la pauvret\u00e9 et de l&rsquo;informalit\u00e9 ont ralenti par rapport \u00e0 la d\u00e9cennie pr\u00e9c\u00e9dente. Le nombre de travailleurs occupant un emploi informel est pass\u00e9 d&rsquo;environ 1,7 milliard en 2005 \u00e0 2,0 milliards en 2024. Pour atteindre les objectifs de d\u00e9veloppement durable, il est urgent d&rsquo;adopter une \u00ab\u00a0approche globale\u00a0\u00bb de la r\u00e9duction de la pauvret\u00e9 et des in\u00e9galit\u00e9s, conclut le rapport.<\/p>\n<p>&nbsp;<\/p>\n<p><em>Source: OIT &#8211; Organisation Internationale du Travail<\/em><\/p>\n","protected":false},"excerpt":{"rendered":"<p>De nouvelles projections indiquent que le ch\u00f4mage mondial diminuera l\u00e9g\u00e8rement cette ann\u00e9e m\u00eame si les in\u00e9galit\u00e9s sur les march\u00e9s du travail persistent. L&rsquo;acc\u00e8s aux opportunit\u00e9s d&#8217;emploi reste un probl\u00e8me dans le monde entier. Les femmes des pays \u00e0 faible revenu [&hellip;]<\/p>\n","protected":false},"author":2,"featured_media":0,"comment_status":"closed","ping_status":"open","sticky":false,"template":"","format":"standard","meta":[],"categories":[65,10],"tags":[4060,292,544,1133,585],"yoast_head":"<!-- This site is optimized with the Yoast SEO plugin v21.0 - https:\/\/yoast.com\/wordpress\/plugins\/seo\/ -->\n<title>L&#039;OIT pr\u00e9voit une l\u00e9g\u00e8re baisse du ch\u00f4mage mondial en 2024, mais la lenteur des progr\u00e8s pour r\u00e9duire les in\u00e9galit\u00e9s est &quot;pr\u00e9occupante&quot;. - Peoplesphere<\/title>\n<meta name=\"robots\" content=\"index, follow, max-snippet:-1, max-image-preview:large, max-video-preview:-1\" \/>\n<link rel=\"canonical\" href=\"https:\/\/peoplesphere.be\/fr\/loit-prevoit-une-legere-baisse-du-chomage-mondial-en-2024-mais-la-lenteur-des-progres-pour-reduire-les-inegalites-est-preoccupante\/\" \/>\n<meta property=\"og:locale\" content=\"fr_FR\" \/>\n<meta property=\"og:type\" content=\"article\" \/>\n<meta property=\"og:title\" content=\"L&#039;OIT pr\u00e9voit une l\u00e9g\u00e8re baisse du ch\u00f4mage mondial en 2024, mais la lenteur des progr\u00e8s pour r\u00e9duire les in\u00e9galit\u00e9s est &quot;pr\u00e9occupante&quot;. - Peoplesphere\" \/>\n<meta property=\"og:description\" content=\"De nouvelles projections indiquent que le ch\u00f4mage mondial diminuera l\u00e9g\u00e8rement cette ann\u00e9e m\u00eame si les in\u00e9galit\u00e9s sur les march\u00e9s du travail persistent. L&rsquo;acc\u00e8s aux opportunit\u00e9s d&#8217;emploi reste un probl\u00e8me dans le monde entier. Les femmes des pays \u00e0 faible revenu [&hellip;]\" \/>\n<meta property=\"og:url\" content=\"https:\/\/peoplesphere.be\/fr\/loit-prevoit-une-legere-baisse-du-chomage-mondial-en-2024-mais-la-lenteur-des-progres-pour-reduire-les-inegalites-est-preoccupante\/\" \/>\n<meta property=\"og:site_name\" content=\"Peoplesphere\" \/>\n<meta property=\"article:publisher\" content=\"https:\/\/www.facebook.com\/peoplesphere\" \/>\n<meta property=\"article:published_time\" content=\"2024-05-29T10:01:08+00:00\" \/>\n<meta property=\"og:image\" content=\"http:\/\/www.peoplesphere.be\/fr\/wp-content\/uploads\/2016\/07\/facebook-default-posting-1200x628px.jpg\" \/>\n<meta name=\"author\" content=\"Jean-Paul Erhard\" \/>\n<meta name=\"twitter:card\" content=\"summary_large_image\" \/>\n<meta name=\"twitter:creator\" content=\"@PeoplesphereMag\" \/>\n<meta name=\"twitter:site\" content=\"@PeoplesphereMag\" \/>\n<meta name=\"twitter:label1\" content=\"\u00c9crit par\" \/>\n\t<meta name=\"twitter:data1\" content=\"Jean-Paul Erhard\" \/>\n\t<meta name=\"twitter:label2\" content=\"Dur\u00e9e de lecture estim\u00e9e\" \/>\n\t<meta name=\"twitter:data2\" content=\"4 minutes\" \/>\n<script type=\"application\/ld+json\" class=\"yoast-schema-graph\">{\"@context\":\"https:\/\/schema.org\",\"@graph\":[{\"@type\":\"Article\",\"@id\":\"https:\/\/peoplesphere.be\/fr\/loit-prevoit-une-legere-baisse-du-chomage-mondial-en-2024-mais-la-lenteur-des-progres-pour-reduire-les-inegalites-est-preoccupante\/#article\",\"isPartOf\":{\"@id\":\"https:\/\/peoplesphere.be\/fr\/loit-prevoit-une-legere-baisse-du-chomage-mondial-en-2024-mais-la-lenteur-des-progres-pour-reduire-les-inegalites-est-preoccupante\/\"},\"author\":{\"name\":\"Jean-Paul Erhard\",\"@id\":\"https:\/\/peoplesphere.be\/fr\/#\/schema\/person\/7976225ff17988604334abb7b3536a7e\"},\"headline\":\"L&rsquo;OIT pr\u00e9voit une l\u00e9g\u00e8re baisse du ch\u00f4mage mondial en 2024, mais la lenteur des progr\u00e8s pour r\u00e9duire les in\u00e9galit\u00e9s est \u00ab\u00a0pr\u00e9occupante\u00a0\u00bb.\",\"datePublished\":\"2024-05-29T10:01:08+00:00\",\"dateModified\":\"2024-05-29T10:01:08+00:00\",\"mainEntityOfPage\":{\"@id\":\"https:\/\/peoplesphere.be\/fr\/loit-prevoit-une-legere-baisse-du-chomage-mondial-en-2024-mais-la-lenteur-des-progres-pour-reduire-les-inegalites-est-preoccupante\/\"},\"wordCount\":656,\"publisher\":{\"@id\":\"https:\/\/peoplesphere.be\/fr\/#organization\"},\"keywords\":[\"ch\u00f4mage mondial\",\"\u00e9galit\u00e9 des genres\",\"inclusion\",\"in\u00e9galit\u00e9s\",\"march\u00e9 du travail\"],\"articleSection\":[\"Actualit\u00e9s\",\"Digital\"],\"inLanguage\":\"fr-FR\"},{\"@type\":\"WebPage\",\"@id\":\"https:\/\/peoplesphere.be\/fr\/loit-prevoit-une-legere-baisse-du-chomage-mondial-en-2024-mais-la-lenteur-des-progres-pour-reduire-les-inegalites-est-preoccupante\/\",\"url\":\"https:\/\/peoplesphere.be\/fr\/loit-prevoit-une-legere-baisse-du-chomage-mondial-en-2024-mais-la-lenteur-des-progres-pour-reduire-les-inegalites-est-preoccupante\/\",\"name\":\"L'OIT pr\u00e9voit une l\u00e9g\u00e8re baisse du ch\u00f4mage mondial en 2024, mais la lenteur des progr\u00e8s pour r\u00e9duire les in\u00e9galit\u00e9s est \\\"pr\u00e9occupante\\\". - Peoplesphere\",\"isPartOf\":{\"@id\":\"https:\/\/peoplesphere.be\/fr\/#website\"},\"datePublished\":\"2024-05-29T10:01:08+00:00\",\"dateModified\":\"2024-05-29T10:01:08+00:00\",\"breadcrumb\":{\"@id\":\"https:\/\/peoplesphere.be\/fr\/loit-prevoit-une-legere-baisse-du-chomage-mondial-en-2024-mais-la-lenteur-des-progres-pour-reduire-les-inegalites-est-preoccupante\/#breadcrumb\"},\"inLanguage\":\"fr-FR\",\"potentialAction\":[{\"@type\":\"ReadAction\",\"target\":[\"https:\/\/peoplesphere.be\/fr\/loit-prevoit-une-legere-baisse-du-chomage-mondial-en-2024-mais-la-lenteur-des-progres-pour-reduire-les-inegalites-est-preoccupante\/\"]}]},{\"@type\":\"BreadcrumbList\",\"@id\":\"https:\/\/peoplesphere.be\/fr\/loit-prevoit-une-legere-baisse-du-chomage-mondial-en-2024-mais-la-lenteur-des-progres-pour-reduire-les-inegalites-est-preoccupante\/#breadcrumb\",\"itemListElement\":[{\"@type\":\"ListItem\",\"position\":1,\"name\":\"Accueil\",\"item\":\"https:\/\/peoplesphere.be\/fr\/\"},{\"@type\":\"ListItem\",\"position\":2,\"name\":\"L&rsquo;OIT pr\u00e9voit une l\u00e9g\u00e8re baisse du ch\u00f4mage mondial en 2024, mais la lenteur des progr\u00e8s pour r\u00e9duire les in\u00e9galit\u00e9s est \u00ab\u00a0pr\u00e9occupante\u00a0\u00bb.\"}]},{\"@type\":\"WebSite\",\"@id\":\"https:\/\/peoplesphere.be\/fr\/#website\",\"url\":\"https:\/\/peoplesphere.be\/fr\/\",\"name\":\"Peoplesphere\",\"description\":\"The People Managers Magazine\",\"publisher\":{\"@id\":\"https:\/\/peoplesphere.be\/fr\/#organization\"},\"potentialAction\":[{\"@type\":\"SearchAction\",\"target\":{\"@type\":\"EntryPoint\",\"urlTemplate\":\"https:\/\/peoplesphere.be\/fr\/?s={search_term_string}\"},\"query-input\":\"required name=search_term_string\"}],\"inLanguage\":\"fr-FR\"},{\"@type\":\"Organization\",\"@id\":\"https:\/\/peoplesphere.be\/fr\/#organization\",\"name\":\"Peoplesphere Company srl\",\"url\":\"https:\/\/peoplesphere.be\/fr\/\",\"logo\":{\"@type\":\"ImageObject\",\"inLanguage\":\"fr-FR\",\"@id\":\"https:\/\/peoplesphere.be\/fr\/#\/schema\/logo\/image\/\",\"url\":\"https:\/\/peoplesphere.be\/fr\/wp-content\/uploads\/2023\/07\/peoplesphere-lgo-new-generik.jpg\",\"contentUrl\":\"https:\/\/peoplesphere.be\/fr\/wp-content\/uploads\/2023\/07\/peoplesphere-lgo-new-generik.jpg\",\"width\":1031,\"height\":1479,\"caption\":\"Peoplesphere Company srl\"},\"image\":{\"@id\":\"https:\/\/peoplesphere.be\/fr\/#\/schema\/logo\/image\/\"},\"sameAs\":[\"https:\/\/www.facebook.com\/peoplesphere\",\"https:\/\/twitter.com\/PeoplesphereMag\",\"https:\/\/www.linkedin.com\/company\/7587361?trk\",\"http:\/\/youtube.com\/peoplesphere\"]},{\"@type\":\"Person\",\"@id\":\"https:\/\/peoplesphere.be\/fr\/#\/schema\/person\/7976225ff17988604334abb7b3536a7e\",\"name\":\"Jean-Paul Erhard\",\"image\":{\"@type\":\"ImageObject\",\"inLanguage\":\"fr-FR\",\"@id\":\"https:\/\/peoplesphere.be\/fr\/#\/schema\/person\/image\/\",\"url\":\"https:\/\/secure.gravatar.com\/avatar\/f941e681460179738071629a51574930?s=96&d=mm&r=g\",\"contentUrl\":\"https:\/\/secure.gravatar.com\/avatar\/f941e681460179738071629a51574930?s=96&d=mm&r=g\",\"caption\":\"Jean-Paul Erhard\"},\"url\":\"https:\/\/peoplesphere.be\/fr\/author\/jpe\/\"}]}<\/script>\n<!-- \/ Yoast SEO plugin. -->","yoast_head_json":{"title":"L'OIT pr\u00e9voit une l\u00e9g\u00e8re baisse du ch\u00f4mage mondial en 2024, mais la lenteur des progr\u00e8s pour r\u00e9duire les in\u00e9galit\u00e9s est \"pr\u00e9occupante\". - Peoplesphere","robots":{"index":"index","follow":"follow","max-snippet":"max-snippet:-1","max-image-preview":"max-image-preview:large","max-video-preview":"max-video-preview:-1"},"canonical":"https:\/\/peoplesphere.be\/fr\/loit-prevoit-une-legere-baisse-du-chomage-mondial-en-2024-mais-la-lenteur-des-progres-pour-reduire-les-inegalites-est-preoccupante\/","og_locale":"fr_FR","og_type":"article","og_title":"L'OIT pr\u00e9voit une l\u00e9g\u00e8re baisse du ch\u00f4mage mondial en 2024, mais la lenteur des progr\u00e8s pour r\u00e9duire les in\u00e9galit\u00e9s est \"pr\u00e9occupante\". - Peoplesphere","og_description":"De nouvelles projections indiquent que le ch\u00f4mage mondial diminuera l\u00e9g\u00e8rement cette ann\u00e9e m\u00eame si les in\u00e9galit\u00e9s sur les march\u00e9s du travail persistent. L&rsquo;acc\u00e8s aux opportunit\u00e9s d&#8217;emploi reste un probl\u00e8me dans le monde entier. Les femmes des pays \u00e0 faible revenu [&hellip;]","og_url":"https:\/\/peoplesphere.be\/fr\/loit-prevoit-une-legere-baisse-du-chomage-mondial-en-2024-mais-la-lenteur-des-progres-pour-reduire-les-inegalites-est-preoccupante\/","og_site_name":"Peoplesphere","article_publisher":"https:\/\/www.facebook.com\/peoplesphere","article_published_time":"2024-05-29T10:01:08+00:00","og_image":[{"url":"http:\/\/www.peoplesphere.be\/fr\/wp-content\/uploads\/2016\/07\/facebook-default-posting-1200x628px.jpg"}],"author":"Jean-Paul Erhard","twitter_card":"summary_large_image","twitter_creator":"@PeoplesphereMag","twitter_site":"@PeoplesphereMag","twitter_misc":{"\u00c9crit par":"Jean-Paul Erhard","Dur\u00e9e de lecture estim\u00e9e":"4 minutes"},"schema":{"@context":"https:\/\/schema.org","@graph":[{"@type":"Article","@id":"https:\/\/peoplesphere.be\/fr\/loit-prevoit-une-legere-baisse-du-chomage-mondial-en-2024-mais-la-lenteur-des-progres-pour-reduire-les-inegalites-est-preoccupante\/#article","isPartOf":{"@id":"https:\/\/peoplesphere.be\/fr\/loit-prevoit-une-legere-baisse-du-chomage-mondial-en-2024-mais-la-lenteur-des-progres-pour-reduire-les-inegalites-est-preoccupante\/"},"author":{"name":"Jean-Paul Erhard","@id":"https:\/\/peoplesphere.be\/fr\/#\/schema\/person\/7976225ff17988604334abb7b3536a7e"},"headline":"L&rsquo;OIT pr\u00e9voit une l\u00e9g\u00e8re baisse du ch\u00f4mage mondial en 2024, mais la lenteur des progr\u00e8s pour r\u00e9duire les in\u00e9galit\u00e9s est \u00ab\u00a0pr\u00e9occupante\u00a0\u00bb.","datePublished":"2024-05-29T10:01:08+00:00","dateModified":"2024-05-29T10:01:08+00:00","mainEntityOfPage":{"@id":"https:\/\/peoplesphere.be\/fr\/loit-prevoit-une-legere-baisse-du-chomage-mondial-en-2024-mais-la-lenteur-des-progres-pour-reduire-les-inegalites-est-preoccupante\/"},"wordCount":656,"publisher":{"@id":"https:\/\/peoplesphere.be\/fr\/#organization"},"keywords":["ch\u00f4mage mondial","\u00e9galit\u00e9 des genres","inclusion","in\u00e9galit\u00e9s","march\u00e9 du travail"],"articleSection":["Actualit\u00e9s","Digital"],"inLanguage":"fr-FR"},{"@type":"WebPage","@id":"https:\/\/peoplesphere.be\/fr\/loit-prevoit-une-legere-baisse-du-chomage-mondial-en-2024-mais-la-lenteur-des-progres-pour-reduire-les-inegalites-est-preoccupante\/","url":"https:\/\/peoplesphere.be\/fr\/loit-prevoit-une-legere-baisse-du-chomage-mondial-en-2024-mais-la-lenteur-des-progres-pour-reduire-les-inegalites-est-preoccupante\/","name":"L'OIT pr\u00e9voit une l\u00e9g\u00e8re baisse du ch\u00f4mage mondial en 2024, mais la lenteur des progr\u00e8s pour r\u00e9duire les in\u00e9galit\u00e9s est \"pr\u00e9occupante\". - Peoplesphere","isPartOf":{"@id":"https:\/\/peoplesphere.be\/fr\/#website"},"datePublished":"2024-05-29T10:01:08+00:00","dateModified":"2024-05-29T10:01:08+00:00","breadcrumb":{"@id":"https:\/\/peoplesphere.be\/fr\/loit-prevoit-une-legere-baisse-du-chomage-mondial-en-2024-mais-la-lenteur-des-progres-pour-reduire-les-inegalites-est-preoccupante\/#breadcrumb"},"inLanguage":"fr-FR","potentialAction":[{"@type":"ReadAction","target":["https:\/\/peoplesphere.be\/fr\/loit-prevoit-une-legere-baisse-du-chomage-mondial-en-2024-mais-la-lenteur-des-progres-pour-reduire-les-inegalites-est-preoccupante\/"]}]},{"@type":"BreadcrumbList","@id":"https:\/\/peoplesphere.be\/fr\/loit-prevoit-une-legere-baisse-du-chomage-mondial-en-2024-mais-la-lenteur-des-progres-pour-reduire-les-inegalites-est-preoccupante\/#breadcrumb","itemListElement":[{"@type":"ListItem","position":1,"name":"Accueil","item":"https:\/\/peoplesphere.be\/fr\/"},{"@type":"ListItem","position":2,"name":"L&rsquo;OIT pr\u00e9voit une l\u00e9g\u00e8re baisse du ch\u00f4mage mondial en 2024, mais la lenteur des progr\u00e8s pour r\u00e9duire les in\u00e9galit\u00e9s est \u00ab\u00a0pr\u00e9occupante\u00a0\u00bb."}]},{"@type":"WebSite","@id":"https:\/\/peoplesphere.be\/fr\/#website","url":"https:\/\/peoplesphere.be\/fr\/","name":"Peoplesphere","description":"The People Managers Magazine","publisher":{"@id":"https:\/\/peoplesphere.be\/fr\/#organization"},"potentialAction":[{"@type":"SearchAction","target":{"@type":"EntryPoint","urlTemplate":"https:\/\/peoplesphere.be\/fr\/?s={search_term_string}"},"query-input":"required name=search_term_string"}],"inLanguage":"fr-FR"},{"@type":"Organization","@id":"https:\/\/peoplesphere.be\/fr\/#organization","name":"Peoplesphere Company srl","url":"https:\/\/peoplesphere.be\/fr\/","logo":{"@type":"ImageObject","inLanguage":"fr-FR","@id":"https:\/\/peoplesphere.be\/fr\/#\/schema\/logo\/image\/","url":"https:\/\/peoplesphere.be\/fr\/wp-content\/uploads\/2023\/07\/peoplesphere-lgo-new-generik.jpg","contentUrl":"https:\/\/peoplesphere.be\/fr\/wp-content\/uploads\/2023\/07\/peoplesphere-lgo-new-generik.jpg","width":1031,"height":1479,"caption":"Peoplesphere Company srl"},"image":{"@id":"https:\/\/peoplesphere.be\/fr\/#\/schema\/logo\/image\/"},"sameAs":["https:\/\/www.facebook.com\/peoplesphere","https:\/\/twitter.com\/PeoplesphereMag","https:\/\/www.linkedin.com\/company\/7587361?trk","http:\/\/youtube.com\/peoplesphere"]},{"@type":"Person","@id":"https:\/\/peoplesphere.be\/fr\/#\/schema\/person\/7976225ff17988604334abb7b3536a7e","name":"Jean-Paul Erhard","image":{"@type":"ImageObject","inLanguage":"fr-FR","@id":"https:\/\/peoplesphere.be\/fr\/#\/schema\/person\/image\/","url":"https:\/\/secure.gravatar.com\/avatar\/f941e681460179738071629a51574930?s=96&d=mm&r=g","contentUrl":"https:\/\/secure.gravatar.com\/avatar\/f941e681460179738071629a51574930?s=96&d=mm&r=g","caption":"Jean-Paul Erhard"},"url":"https:\/\/peoplesphere.be\/fr\/author\/jpe\/"}]}},"_links":{"self":[{"href":"https:\/\/peoplesphere.be\/fr\/wp-json\/wp\/v2\/posts\/16230"}],"collection":[{"href":"https:\/\/peoplesphere.be\/fr\/wp-json\/wp\/v2\/posts"}],"about":[{"href":"https:\/\/peoplesphere.be\/fr\/wp-json\/wp\/v2\/types\/post"}],"author":[{"embeddable":true,"href":"https:\/\/peoplesphere.be\/fr\/wp-json\/wp\/v2\/users\/2"}],"replies":[{"embeddable":true,"href":"https:\/\/peoplesphere.be\/fr\/wp-json\/wp\/v2\/comments?post=16230"}],"version-history":[{"count":1,"href":"https:\/\/peoplesphere.be\/fr\/wp-json\/wp\/v2\/posts\/16230\/revisions"}],"predecessor-version":[{"id":16231,"href":"https:\/\/peoplesphere.be\/fr\/wp-json\/wp\/v2\/posts\/16230\/revisions\/16231"}],"wp:attachment":[{"href":"https:\/\/peoplesphere.be\/fr\/wp-json\/wp\/v2\/media?parent=16230"}],"wp:term":[{"taxonomy":"category","embeddable":true,"href":"https:\/\/peoplesphere.be\/fr\/wp-json\/wp\/v2\/categories?post=16230"},{"taxonomy":"post_tag","embeddable":true,"href":"https:\/\/peoplesphere.be\/fr\/wp-json\/wp\/v2\/tags?post=16230"}],"curies":[{"name":"wp","href":"https:\/\/api.w.org\/{rel}","templated":true}]}}