









{"id":16239,"date":"2024-05-30T07:15:01","date_gmt":"2024-05-30T05:15:01","guid":{"rendered":"https:\/\/peoplesphere.be\/fr\/?p=16239"},"modified":"2024-05-30T07:16:28","modified_gmt":"2024-05-30T05:16:28","slug":"quatre-employeurs-par-carriere-en-moyenne-une-moyenne-tres-raisonnable-pour-les-travailleurs-en-belgique","status":"publish","type":"post","link":"https:\/\/peoplesphere.be\/fr\/quatre-employeurs-par-carriere-en-moyenne-une-moyenne-tres-raisonnable-pour-les-travailleurs-en-belgique\/","title":{"rendered":"Quatre employeurs par carri\u00e8re, une moyenne tr\u00e8s raisonnable pour les travailleurs en Belgique."},"content":{"rendered":"<p>Changeons-nous d\u2019emploi de plus en plus vite? Pas vraiment, en fait. En moyenne, les Belges travaillent 11 ans dans la m\u00eame entreprise. L\u2019anciennet\u00e9 moyenne est l\u00e9g\u00e8rement plus \u00e9lev\u00e9e aujourd\u2019hui qu\u2019il y a cinq ou dix ans. Les travailleurs ont donc au total environ 4 employeurs au cours de leur carri\u00e8re. Il existe cependant une grande diff\u00e9rence entre les plus grandes et les plus petites entreprises. L\u2019anciennet\u00e9 moyenne est nettement inf\u00e9rieure dans les PME par rapport aux grandes entreprises. <!--more--><\/p>\n<p>C\u2019est ce qu\u2019il ressort d\u2019une analyse de l\u2019expert RH Acerta Consult des chiffres r\u00e9els de 340\u2009000 travailleurs en service aupr\u00e8s de plus de 44\u2009000 entreprises priv\u00e9es en Belgique.<\/p>\n<p>Avec l\u2019arriv\u00e9e massive de jeunes sur le march\u00e9 du travail, qui pratiquent plus souvent le \u00ab\u2009job-hopping\u2009\u00bb, on pourrait penser que l\u2019anciennet\u00e9 moyenne des travailleurs belges diminue. Rien n\u2019est pourtant moins vrai : l\u2019anciennet\u00e9 est aujourd\u2019hui sup\u00e9rieure de pr\u00e8s de 4% \u00e0 celle d\u2019il y a cinq et dix ans. En d\u2019autres termes, les travailleurs restent aujourd\u2019hui un peu plus longtemps dans la m\u00eame entreprise qu\u2019auparavant. Les travailleurs passent aujourd\u2019hui en moyenne 11 ans et 4 mois chez un employeur avant de changer d\u2019emploi. Cela signifie qu\u2019en moyenne, un travailleur dans notre pays change d\u2019emploi trois fois au cours de sa carri\u00e8re.<\/p>\n<p>Beno\u00eet Caufriez, directeur chez Acerta Consult, explique : \u00ab\u00a0<em>Une anciennet\u00e9 moyenne d\u2019environ 11 ans implique qu\u2019un travailleur travaille pour quatre employeurs diff\u00e9rents sur l\u2019ensemble de sa carri\u00e8re. M\u00eame si les ann\u00e9es coronavirus ont fait r\u00e9fl\u00e9chir les gens sur le travail qu\u2019ils font ou veulent faire, la loyaut\u00e9 moyenne envers l\u2019employeur n\u2019en a apparemment pas souffert. Les jeunes, qui changent de toute fa\u00e7on plus rapidement d\u2019emploi, n\u2019ont pas non plus d\u2019effet sur le chiffre global. En effet, d\u2019une part, les travailleurs \u00e2g\u00e9s sont plus nombreux, car nous devons tous travailler plus longtemps, et d\u2019autre part, ils sont moins susceptibles de changer d\u2019emploi. Cela ne signifie pas que les personnes acceptent d\u2019office le statu quo pendant les 11 ann\u00e9es o\u00f9 elles restent fid\u00e8les au m\u00eame employeur. Gr\u00e2ce aux nombreuses possibilit\u00e9s de formation et aux efforts d\u00e9ploy\u00e9s en mati\u00e8re de \u201ctravail faisable\u201d, les travailleurs peuvent g\u00e9n\u00e9ralement rester actifs plus longtemps dans leur emploi, m\u00eame si le contenu de celui-ci \u00e9volue.\u00a0\u00bb<\/em><\/p>\n<h3><strong><em>Entra\u00eener sa capacit\u00e9 d\u2019adaptation<\/em><\/strong><\/h3>\n<p>Autre fait marquant : plus l\u2019entreprise est grande, plus l\u2019anciennet\u00e9 moyenne est \u00e9lev\u00e9e. Dans les entreprises de plus de 500 travailleurs, l\u2019anciennet\u00e9 est d\u2019environ 15,5 ans. Dans ces entreprises, l\u2019anciennet\u00e9 moyenne a \u00e9galement augment\u00e9 de 9% au cours de la derni\u00e8re d\u00e9cennie. En revanche, dans les plus petites PME, l\u2019anciennet\u00e9 oscille entre 6,5 et 8 ans.<\/p>\n<p>Beno\u00eet Caufriez conclut : <em>\u00ab\u00a0La Belgique est un pays de PME et les PME ne disposent pas des m\u00eames ressources et opportunit\u00e9s que les grandes entreprises en termes d\u2019offres d\u2019emploi et de possibilit\u00e9s de d\u00e9veloppement. Dans le m\u00eame temps, le changement continu est \u00e9galement une r\u00e9alit\u00e9 pour les PME, o\u00f9 le contexte de l\u2019entrepreneuriat est en constante \u00e9volution. Il est donc important pour les PME de miser sur la capacit\u00e9 d\u2019adaptation de leurs travailleurs, \u00e0 tous les niveaux. Les employ\u00e9s \u201cflexibles\u201d sont davantage capables de conserver un emploi en constante \u00e9volution, ce qui renforce les organisations.\u00a0\u00bb<\/em><\/p>\n<p>&nbsp;<\/p>\n<p><em>Source: cette enqu\u00eate est bas\u00e9e sur les donn\u00e9es r\u00e9elles de quelque 574.000 travailleurs (ouvriers et employ\u00e9s) sous contrat \u00e0 dur\u00e9e ind\u00e9termin\u00e9e en service aupr\u00e8s d\u2019environ 44.000 employeurs du secteur priv\u00e9. L\u2019\u00e9chantillon refl\u00e8te le march\u00e9 du travail du secteur priv\u00e9 en Belgique en ce qui concerne le statut, le genre, l\u2019\u00e2ge, le r\u00e9gime de travail, la r\u00e9gion et la taille des entreprises.<\/em><\/p>\n","protected":false},"excerpt":{"rendered":"<p>Changeons-nous d\u2019emploi de plus en plus vite? Pas vraiment, en fait. En moyenne, les Belges travaillent 11 ans dans la m\u00eame entreprise. L\u2019anciennet\u00e9 moyenne est l\u00e9g\u00e8rement plus \u00e9lev\u00e9e aujourd\u2019hui qu\u2019il y a cinq ou dix ans. Les travailleurs ont donc [&hellip;]<\/p>\n","protected":false},"author":2,"featured_media":0,"comment_status":"closed","ping_status":"open","sticky":false,"template":"","format":"standard","meta":[],"categories":[65,10],"tags":[643,48,1379,72,299],"yoast_head":"<!-- This site is optimized with the Yoast SEO plugin v21.0 - https:\/\/yoast.com\/wordpress\/plugins\/seo\/ -->\n<title>Quatre employeurs par carri\u00e8re, une moyenne tr\u00e8s raisonnable pour les travailleurs en Belgique. - Peoplesphere<\/title>\n<meta name=\"robots\" content=\"index, follow, max-snippet:-1, max-image-preview:large, max-video-preview:-1\" \/>\n<link rel=\"canonical\" href=\"https:\/\/peoplesphere.be\/fr\/quatre-employeurs-par-carriere-en-moyenne-une-moyenne-tres-raisonnable-pour-les-travailleurs-en-belgique\/\" \/>\n<meta property=\"og:locale\" content=\"fr_FR\" \/>\n<meta property=\"og:type\" content=\"article\" \/>\n<meta property=\"og:title\" content=\"Quatre employeurs par carri\u00e8re, une moyenne tr\u00e8s raisonnable pour les travailleurs en Belgique. - Peoplesphere\" \/>\n<meta property=\"og:description\" content=\"Changeons-nous d\u2019emploi de plus en plus vite? Pas vraiment, en fait. En moyenne, les Belges travaillent 11 ans dans la m\u00eame entreprise. L\u2019anciennet\u00e9 moyenne est l\u00e9g\u00e8rement plus \u00e9lev\u00e9e aujourd\u2019hui qu\u2019il y a cinq ou dix ans. Les travailleurs ont donc [&hellip;]\" \/>\n<meta property=\"og:url\" content=\"https:\/\/peoplesphere.be\/fr\/quatre-employeurs-par-carriere-en-moyenne-une-moyenne-tres-raisonnable-pour-les-travailleurs-en-belgique\/\" \/>\n<meta property=\"og:site_name\" content=\"Peoplesphere\" \/>\n<meta property=\"article:publisher\" content=\"https:\/\/www.facebook.com\/peoplesphere\" \/>\n<meta property=\"article:published_time\" content=\"2024-05-30T05:15:01+00:00\" \/>\n<meta property=\"article:modified_time\" content=\"2024-05-30T05:16:28+00:00\" \/>\n<meta property=\"og:image\" content=\"http:\/\/www.peoplesphere.be\/fr\/wp-content\/uploads\/2016\/07\/facebook-default-posting-1200x628px.jpg\" \/>\n<meta name=\"author\" content=\"Jean-Paul Erhard\" \/>\n<meta name=\"twitter:card\" content=\"summary_large_image\" \/>\n<meta name=\"twitter:creator\" content=\"@PeoplesphereMag\" \/>\n<meta name=\"twitter:site\" content=\"@PeoplesphereMag\" \/>\n<meta name=\"twitter:label1\" content=\"\u00c9crit par\" \/>\n\t<meta name=\"twitter:data1\" content=\"Jean-Paul Erhard\" \/>\n\t<meta name=\"twitter:label2\" content=\"Dur\u00e9e de lecture estim\u00e9e\" \/>\n\t<meta name=\"twitter:data2\" content=\"3 minutes\" \/>\n<script type=\"application\/ld+json\" class=\"yoast-schema-graph\">{\"@context\":\"https:\/\/schema.org\",\"@graph\":[{\"@type\":\"Article\",\"@id\":\"https:\/\/peoplesphere.be\/fr\/quatre-employeurs-par-carriere-en-moyenne-une-moyenne-tres-raisonnable-pour-les-travailleurs-en-belgique\/#article\",\"isPartOf\":{\"@id\":\"https:\/\/peoplesphere.be\/fr\/quatre-employeurs-par-carriere-en-moyenne-une-moyenne-tres-raisonnable-pour-les-travailleurs-en-belgique\/\"},\"author\":{\"name\":\"Jean-Paul Erhard\",\"@id\":\"https:\/\/peoplesphere.be\/fr\/#\/schema\/person\/7976225ff17988604334abb7b3536a7e\"},\"headline\":\"Quatre employeurs par carri\u00e8re, une moyenne tr\u00e8s raisonnable pour les travailleurs en Belgique.\",\"datePublished\":\"2024-05-30T05:15:01+00:00\",\"dateModified\":\"2024-05-30T05:16:28+00:00\",\"mainEntityOfPage\":{\"@id\":\"https:\/\/peoplesphere.be\/fr\/quatre-employeurs-par-carriere-en-moyenne-une-moyenne-tres-raisonnable-pour-les-travailleurs-en-belgique\/\"},\"wordCount\":682,\"publisher\":{\"@id\":\"https:\/\/peoplesphere.be\/fr\/#organization\"},\"keywords\":[\"carri\u00e8re\",\"Formation\",\"mobilit\u00e9 professionnelle\",\"recrutement\",\"r\u00e9tention\"],\"articleSection\":[\"Actualit\u00e9s\",\"Digital\"],\"inLanguage\":\"fr-FR\"},{\"@type\":\"WebPage\",\"@id\":\"https:\/\/peoplesphere.be\/fr\/quatre-employeurs-par-carriere-en-moyenne-une-moyenne-tres-raisonnable-pour-les-travailleurs-en-belgique\/\",\"url\":\"https:\/\/peoplesphere.be\/fr\/quatre-employeurs-par-carriere-en-moyenne-une-moyenne-tres-raisonnable-pour-les-travailleurs-en-belgique\/\",\"name\":\"Quatre employeurs par carri\u00e8re, une moyenne tr\u00e8s raisonnable pour les travailleurs en Belgique. - Peoplesphere\",\"isPartOf\":{\"@id\":\"https:\/\/peoplesphere.be\/fr\/#website\"},\"datePublished\":\"2024-05-30T05:15:01+00:00\",\"dateModified\":\"2024-05-30T05:16:28+00:00\",\"breadcrumb\":{\"@id\":\"https:\/\/peoplesphere.be\/fr\/quatre-employeurs-par-carriere-en-moyenne-une-moyenne-tres-raisonnable-pour-les-travailleurs-en-belgique\/#breadcrumb\"},\"inLanguage\":\"fr-FR\",\"potentialAction\":[{\"@type\":\"ReadAction\",\"target\":[\"https:\/\/peoplesphere.be\/fr\/quatre-employeurs-par-carriere-en-moyenne-une-moyenne-tres-raisonnable-pour-les-travailleurs-en-belgique\/\"]}]},{\"@type\":\"BreadcrumbList\",\"@id\":\"https:\/\/peoplesphere.be\/fr\/quatre-employeurs-par-carriere-en-moyenne-une-moyenne-tres-raisonnable-pour-les-travailleurs-en-belgique\/#breadcrumb\",\"itemListElement\":[{\"@type\":\"ListItem\",\"position\":1,\"name\":\"Accueil\",\"item\":\"https:\/\/peoplesphere.be\/fr\/\"},{\"@type\":\"ListItem\",\"position\":2,\"name\":\"Quatre employeurs par carri\u00e8re, une moyenne tr\u00e8s raisonnable pour les travailleurs en Belgique.\"}]},{\"@type\":\"WebSite\",\"@id\":\"https:\/\/peoplesphere.be\/fr\/#website\",\"url\":\"https:\/\/peoplesphere.be\/fr\/\",\"name\":\"Peoplesphere\",\"description\":\"The People Managers Magazine\",\"publisher\":{\"@id\":\"https:\/\/peoplesphere.be\/fr\/#organization\"},\"potentialAction\":[{\"@type\":\"SearchAction\",\"target\":{\"@type\":\"EntryPoint\",\"urlTemplate\":\"https:\/\/peoplesphere.be\/fr\/?s={search_term_string}\"},\"query-input\":\"required name=search_term_string\"}],\"inLanguage\":\"fr-FR\"},{\"@type\":\"Organization\",\"@id\":\"https:\/\/peoplesphere.be\/fr\/#organization\",\"name\":\"Peoplesphere Company srl\",\"url\":\"https:\/\/peoplesphere.be\/fr\/\",\"logo\":{\"@type\":\"ImageObject\",\"inLanguage\":\"fr-FR\",\"@id\":\"https:\/\/peoplesphere.be\/fr\/#\/schema\/logo\/image\/\",\"url\":\"https:\/\/peoplesphere.be\/fr\/wp-content\/uploads\/2023\/07\/peoplesphere-lgo-new-generik.jpg\",\"contentUrl\":\"https:\/\/peoplesphere.be\/fr\/wp-content\/uploads\/2023\/07\/peoplesphere-lgo-new-generik.jpg\",\"width\":1031,\"height\":1479,\"caption\":\"Peoplesphere Company srl\"},\"image\":{\"@id\":\"https:\/\/peoplesphere.be\/fr\/#\/schema\/logo\/image\/\"},\"sameAs\":[\"https:\/\/www.facebook.com\/peoplesphere\",\"https:\/\/twitter.com\/PeoplesphereMag\",\"https:\/\/www.linkedin.com\/company\/7587361?trk\",\"http:\/\/youtube.com\/peoplesphere\"]},{\"@type\":\"Person\",\"@id\":\"https:\/\/peoplesphere.be\/fr\/#\/schema\/person\/7976225ff17988604334abb7b3536a7e\",\"name\":\"Jean-Paul Erhard\",\"image\":{\"@type\":\"ImageObject\",\"inLanguage\":\"fr-FR\",\"@id\":\"https:\/\/peoplesphere.be\/fr\/#\/schema\/person\/image\/\",\"url\":\"https:\/\/secure.gravatar.com\/avatar\/f941e681460179738071629a51574930?s=96&d=mm&r=g\",\"contentUrl\":\"https:\/\/secure.gravatar.com\/avatar\/f941e681460179738071629a51574930?s=96&d=mm&r=g\",\"caption\":\"Jean-Paul Erhard\"},\"url\":\"https:\/\/peoplesphere.be\/fr\/author\/jpe\/\"}]}<\/script>\n<!-- \/ Yoast SEO plugin. -->","yoast_head_json":{"title":"Quatre employeurs par carri\u00e8re, une moyenne tr\u00e8s raisonnable pour les travailleurs en Belgique. - Peoplesphere","robots":{"index":"index","follow":"follow","max-snippet":"max-snippet:-1","max-image-preview":"max-image-preview:large","max-video-preview":"max-video-preview:-1"},"canonical":"https:\/\/peoplesphere.be\/fr\/quatre-employeurs-par-carriere-en-moyenne-une-moyenne-tres-raisonnable-pour-les-travailleurs-en-belgique\/","og_locale":"fr_FR","og_type":"article","og_title":"Quatre employeurs par carri\u00e8re, une moyenne tr\u00e8s raisonnable pour les travailleurs en Belgique. - Peoplesphere","og_description":"Changeons-nous d\u2019emploi de plus en plus vite? Pas vraiment, en fait. En moyenne, les Belges travaillent 11 ans dans la m\u00eame entreprise. L\u2019anciennet\u00e9 moyenne est l\u00e9g\u00e8rement plus \u00e9lev\u00e9e aujourd\u2019hui qu\u2019il y a cinq ou dix ans. Les travailleurs ont donc [&hellip;]","og_url":"https:\/\/peoplesphere.be\/fr\/quatre-employeurs-par-carriere-en-moyenne-une-moyenne-tres-raisonnable-pour-les-travailleurs-en-belgique\/","og_site_name":"Peoplesphere","article_publisher":"https:\/\/www.facebook.com\/peoplesphere","article_published_time":"2024-05-30T05:15:01+00:00","article_modified_time":"2024-05-30T05:16:28+00:00","og_image":[{"url":"http:\/\/www.peoplesphere.be\/fr\/wp-content\/uploads\/2016\/07\/facebook-default-posting-1200x628px.jpg"}],"author":"Jean-Paul Erhard","twitter_card":"summary_large_image","twitter_creator":"@PeoplesphereMag","twitter_site":"@PeoplesphereMag","twitter_misc":{"\u00c9crit par":"Jean-Paul Erhard","Dur\u00e9e de lecture estim\u00e9e":"3 minutes"},"schema":{"@context":"https:\/\/schema.org","@graph":[{"@type":"Article","@id":"https:\/\/peoplesphere.be\/fr\/quatre-employeurs-par-carriere-en-moyenne-une-moyenne-tres-raisonnable-pour-les-travailleurs-en-belgique\/#article","isPartOf":{"@id":"https:\/\/peoplesphere.be\/fr\/quatre-employeurs-par-carriere-en-moyenne-une-moyenne-tres-raisonnable-pour-les-travailleurs-en-belgique\/"},"author":{"name":"Jean-Paul Erhard","@id":"https:\/\/peoplesphere.be\/fr\/#\/schema\/person\/7976225ff17988604334abb7b3536a7e"},"headline":"Quatre employeurs par carri\u00e8re, une moyenne tr\u00e8s raisonnable pour les travailleurs en Belgique.","datePublished":"2024-05-30T05:15:01+00:00","dateModified":"2024-05-30T05:16:28+00:00","mainEntityOfPage":{"@id":"https:\/\/peoplesphere.be\/fr\/quatre-employeurs-par-carriere-en-moyenne-une-moyenne-tres-raisonnable-pour-les-travailleurs-en-belgique\/"},"wordCount":682,"publisher":{"@id":"https:\/\/peoplesphere.be\/fr\/#organization"},"keywords":["carri\u00e8re","Formation","mobilit\u00e9 professionnelle","recrutement","r\u00e9tention"],"articleSection":["Actualit\u00e9s","Digital"],"inLanguage":"fr-FR"},{"@type":"WebPage","@id":"https:\/\/peoplesphere.be\/fr\/quatre-employeurs-par-carriere-en-moyenne-une-moyenne-tres-raisonnable-pour-les-travailleurs-en-belgique\/","url":"https:\/\/peoplesphere.be\/fr\/quatre-employeurs-par-carriere-en-moyenne-une-moyenne-tres-raisonnable-pour-les-travailleurs-en-belgique\/","name":"Quatre employeurs par carri\u00e8re, une moyenne tr\u00e8s raisonnable pour les travailleurs en Belgique. - Peoplesphere","isPartOf":{"@id":"https:\/\/peoplesphere.be\/fr\/#website"},"datePublished":"2024-05-30T05:15:01+00:00","dateModified":"2024-05-30T05:16:28+00:00","breadcrumb":{"@id":"https:\/\/peoplesphere.be\/fr\/quatre-employeurs-par-carriere-en-moyenne-une-moyenne-tres-raisonnable-pour-les-travailleurs-en-belgique\/#breadcrumb"},"inLanguage":"fr-FR","potentialAction":[{"@type":"ReadAction","target":["https:\/\/peoplesphere.be\/fr\/quatre-employeurs-par-carriere-en-moyenne-une-moyenne-tres-raisonnable-pour-les-travailleurs-en-belgique\/"]}]},{"@type":"BreadcrumbList","@id":"https:\/\/peoplesphere.be\/fr\/quatre-employeurs-par-carriere-en-moyenne-une-moyenne-tres-raisonnable-pour-les-travailleurs-en-belgique\/#breadcrumb","itemListElement":[{"@type":"ListItem","position":1,"name":"Accueil","item":"https:\/\/peoplesphere.be\/fr\/"},{"@type":"ListItem","position":2,"name":"Quatre employeurs par carri\u00e8re, une moyenne tr\u00e8s raisonnable pour les travailleurs en Belgique."}]},{"@type":"WebSite","@id":"https:\/\/peoplesphere.be\/fr\/#website","url":"https:\/\/peoplesphere.be\/fr\/","name":"Peoplesphere","description":"The People Managers Magazine","publisher":{"@id":"https:\/\/peoplesphere.be\/fr\/#organization"},"potentialAction":[{"@type":"SearchAction","target":{"@type":"EntryPoint","urlTemplate":"https:\/\/peoplesphere.be\/fr\/?s={search_term_string}"},"query-input":"required name=search_term_string"}],"inLanguage":"fr-FR"},{"@type":"Organization","@id":"https:\/\/peoplesphere.be\/fr\/#organization","name":"Peoplesphere Company srl","url":"https:\/\/peoplesphere.be\/fr\/","logo":{"@type":"ImageObject","inLanguage":"fr-FR","@id":"https:\/\/peoplesphere.be\/fr\/#\/schema\/logo\/image\/","url":"https:\/\/peoplesphere.be\/fr\/wp-content\/uploads\/2023\/07\/peoplesphere-lgo-new-generik.jpg","contentUrl":"https:\/\/peoplesphere.be\/fr\/wp-content\/uploads\/2023\/07\/peoplesphere-lgo-new-generik.jpg","width":1031,"height":1479,"caption":"Peoplesphere Company srl"},"image":{"@id":"https:\/\/peoplesphere.be\/fr\/#\/schema\/logo\/image\/"},"sameAs":["https:\/\/www.facebook.com\/peoplesphere","https:\/\/twitter.com\/PeoplesphereMag","https:\/\/www.linkedin.com\/company\/7587361?trk","http:\/\/youtube.com\/peoplesphere"]},{"@type":"Person","@id":"https:\/\/peoplesphere.be\/fr\/#\/schema\/person\/7976225ff17988604334abb7b3536a7e","name":"Jean-Paul Erhard","image":{"@type":"ImageObject","inLanguage":"fr-FR","@id":"https:\/\/peoplesphere.be\/fr\/#\/schema\/person\/image\/","url":"https:\/\/secure.gravatar.com\/avatar\/f941e681460179738071629a51574930?s=96&d=mm&r=g","contentUrl":"https:\/\/secure.gravatar.com\/avatar\/f941e681460179738071629a51574930?s=96&d=mm&r=g","caption":"Jean-Paul Erhard"},"url":"https:\/\/peoplesphere.be\/fr\/author\/jpe\/"}]}},"_links":{"self":[{"href":"https:\/\/peoplesphere.be\/fr\/wp-json\/wp\/v2\/posts\/16239"}],"collection":[{"href":"https:\/\/peoplesphere.be\/fr\/wp-json\/wp\/v2\/posts"}],"about":[{"href":"https:\/\/peoplesphere.be\/fr\/wp-json\/wp\/v2\/types\/post"}],"author":[{"embeddable":true,"href":"https:\/\/peoplesphere.be\/fr\/wp-json\/wp\/v2\/users\/2"}],"replies":[{"embeddable":true,"href":"https:\/\/peoplesphere.be\/fr\/wp-json\/wp\/v2\/comments?post=16239"}],"version-history":[{"count":2,"href":"https:\/\/peoplesphere.be\/fr\/wp-json\/wp\/v2\/posts\/16239\/revisions"}],"predecessor-version":[{"id":16241,"href":"https:\/\/peoplesphere.be\/fr\/wp-json\/wp\/v2\/posts\/16239\/revisions\/16241"}],"wp:attachment":[{"href":"https:\/\/peoplesphere.be\/fr\/wp-json\/wp\/v2\/media?parent=16239"}],"wp:term":[{"taxonomy":"category","embeddable":true,"href":"https:\/\/peoplesphere.be\/fr\/wp-json\/wp\/v2\/categories?post=16239"},{"taxonomy":"post_tag","embeddable":true,"href":"https:\/\/peoplesphere.be\/fr\/wp-json\/wp\/v2\/tags?post=16239"}],"curies":[{"name":"wp","href":"https:\/\/api.w.org\/{rel}","templated":true}]}}