









{"id":16265,"date":"2024-06-05T18:22:17","date_gmt":"2024-06-05T16:22:17","guid":{"rendered":"https:\/\/peoplesphere.be\/fr\/?p=16265"},"modified":"2024-06-05T18:22:17","modified_gmt":"2024-06-05T16:22:17","slug":"stop-a-la-galere-en-debut-de-carriere-les-jeunes-interpellent-le-gouvernement-face-a-leur-difficulte-dacces-a-la-securite-sociale","status":"publish","type":"post","link":"https:\/\/peoplesphere.be\/fr\/stop-a-la-galere-en-debut-de-carriere-les-jeunes-interpellent-le-gouvernement-face-a-leur-difficulte-dacces-a-la-securite-sociale\/","title":{"rendered":"\u201cStop \u00e0 la gal\u00e8re en d\u00e9but de carri\u00e8re\u201d: les jeunes interpellent le gouvernement face \u00e0 leur difficult\u00e9 d&rsquo;acc\u00e8s \u00e0 la s\u00e9curit\u00e9 sociale."},"content":{"rendered":"<p>Ce mercredi 5 juin, \u00e0 10h, les Jeunes CSC, avec les Jeunes FGTB et la F\u00e9d\u00e9ration des \u00e9tudiants francophones, se sont r\u00e9unis Place Surlet de Chokier \u00e0 Bruxelles, pour d\u00e9noncer une facture trop sal\u00e9e pour la jeunesse ! Ils \u00e9taient plusieurs dizaines \u00e0 d\u00e9noncer le manque d\u2019investissement des derniers gouvernements et \u00e0 exiger un engagement face \u00e0 la situation.<!--more--><\/p>\n<p>Pour cette occasion, plusieurs dizaines de kilos de sel ont \u00e9t\u00e9 d\u00e9pos\u00e9s sur la place du gouvernement de la F\u00e9d\u00e9ration Wallonie-Bruxelles, ainsi qu\u2019une facture g\u00e9ante listant les diff\u00e9rentes r\u00e9formes rendant plus difficile l\u2019acc\u00e8s \u00e0 la s\u00e9curit\u00e9 sociale pour les jeunes et rappelant que 300 millions d\u2019euros ont \u00e9t\u00e9 \u00e9conomis\u00e9s sur le dos de la jeunesse.<\/p>\n<p>Lors de cette action, Thibault, \u00e9tudiant t\u00e9moigne\u00a0\u00bb<em> j\u2019ai rat\u00e9 une ann\u00e9e d\u2019\u00e9tude, \u00e0 cause de \u00e7a, je n\u2019aurai jamais acc\u00e8s aux allocations d\u2019insertion, si je sors et que je ne trouve pas directement un emploi, je me retrouverai sans aucun revenu, ce n\u2019est pas normal de laisser les jeunes dans cette situation\u00a0\u00bb.<\/em><\/p>\n<p>Ensuite, une d\u00e9l\u00e9gation de jeunes s&rsquo;est rendue au cabinet du ministre du Travail, Pierre-Yves Dermagne, o\u00f9 ils \u00e9taient attendus, pour lui d\u00e9poser les 2500 signatures r\u00e9colt\u00e9es pour la p\u00e9tition <strong><em>\u201cStop \u00e0 la gal\u00e8re en d\u00e9but de carri\u00e8re\u201d<\/em><\/strong> ainsi qu\u2019un ch\u00e8que g\u00e9ant \u00e0 lui faire signer pour symboliser l\u2019engagement du ministre.<\/p>\n<p>C&rsquo;est avec un ch\u00e8que vide que les jeunes sont ressortis du cabinet. <em>\u201cMalheureusement, le ministre ne semble pas vouloir entendre la d\u00e9tresse des jeunes \u00e0 la sortie de leurs \u00e9tudes. Il faut rappeler que depuis la mise en place de ces r\u00e9formes, plus de 200.000 jeunes n\u2019ont plus acc\u00e8s \u00e0 la s\u00e9curit\u00e9 sociale et se retrouvent sans revenus. Nous ne nous arr\u00eaterons pas l\u00e0, nous continuerons \u00e0 nous battre et resterons attentifs apr\u00e8s ce scrutin du 9 juin\u201d<\/em>, souligne Nel Van Slijpe, Responsable National des Jeunes CSC.<\/p>\n<p>\u00c0 4 jours des \u00e9lections politiques, les jeunes n\u2019oublieront pas les choix pris par le gouvernement et les diff\u00e9rents partis politiques face \u00e0 la d\u00e9tresse et \u00e0 la pr\u00e9carit\u00e9 de la jeunesse.<\/p>\n<p>&nbsp;<\/p>\n<p><em>Source: CSC<\/em><\/p>\n","protected":false},"excerpt":{"rendered":"<p>Ce mercredi 5 juin, \u00e0 10h, les Jeunes CSC, avec les Jeunes FGTB et la F\u00e9d\u00e9ration des \u00e9tudiants francophones, se sont r\u00e9unis Place Surlet de Chokier \u00e0 Bruxelles, pour d\u00e9noncer une facture trop sal\u00e9e pour la jeunesse ! Ils \u00e9taient [&hellip;]<\/p>\n","protected":false},"author":2,"featured_media":16266,"comment_status":"closed","ping_status":"open","sticky":false,"template":"","format":"standard","meta":[],"categories":[65,10],"tags":[200,175,58,4063],"yoast_head":"<!-- This site is optimized with the Yoast SEO plugin v21.0 - https:\/\/yoast.com\/wordpress\/plugins\/seo\/ -->\n<title>\u201cStop \u00e0 la gal\u00e8re en d\u00e9but de carri\u00e8re\u201d: les jeunes interpellent le gouvernement face \u00e0 leur difficult\u00e9 d&#039;acc\u00e8s \u00e0 la s\u00e9curit\u00e9 sociale. - Peoplesphere<\/title>\n<meta name=\"robots\" content=\"index, follow, max-snippet:-1, max-image-preview:large, max-video-preview:-1\" \/>\n<link rel=\"canonical\" href=\"https:\/\/peoplesphere.be\/fr\/stop-a-la-galere-en-debut-de-carriere-les-jeunes-interpellent-le-gouvernement-face-a-leur-difficulte-dacces-a-la-securite-sociale\/\" \/>\n<meta property=\"og:locale\" content=\"fr_FR\" \/>\n<meta property=\"og:type\" content=\"article\" \/>\n<meta property=\"og:title\" content=\"\u201cStop \u00e0 la gal\u00e8re en d\u00e9but de carri\u00e8re\u201d: les jeunes interpellent le gouvernement face \u00e0 leur difficult\u00e9 d&#039;acc\u00e8s \u00e0 la s\u00e9curit\u00e9 sociale. - Peoplesphere\" \/>\n<meta property=\"og:description\" content=\"Ce mercredi 5 juin, \u00e0 10h, les Jeunes CSC, avec les Jeunes FGTB et la F\u00e9d\u00e9ration des \u00e9tudiants francophones, se sont r\u00e9unis Place Surlet de Chokier \u00e0 Bruxelles, pour d\u00e9noncer une facture trop sal\u00e9e pour la jeunesse ! Ils \u00e9taient [&hellip;]\" \/>\n<meta property=\"og:url\" content=\"https:\/\/peoplesphere.be\/fr\/stop-a-la-galere-en-debut-de-carriere-les-jeunes-interpellent-le-gouvernement-face-a-leur-difficulte-dacces-a-la-securite-sociale\/\" \/>\n<meta property=\"og:site_name\" content=\"Peoplesphere\" \/>\n<meta property=\"article:publisher\" content=\"https:\/\/www.facebook.com\/peoplesphere\" \/>\n<meta property=\"article:published_time\" content=\"2024-06-05T16:22:17+00:00\" \/>\n<meta property=\"og:image\" content=\"https:\/\/peoplesphere.be\/fr\/wp-content\/uploads\/2024\/06\/20240605cscjeunes.jpg\" \/>\n\t<meta property=\"og:image:width\" content=\"1200\" \/>\n\t<meta property=\"og:image:height\" content=\"700\" \/>\n\t<meta property=\"og:image:type\" content=\"image\/jpeg\" \/>\n<meta name=\"author\" content=\"Jean-Paul Erhard\" \/>\n<meta name=\"twitter:card\" content=\"summary_large_image\" \/>\n<meta name=\"twitter:creator\" content=\"@PeoplesphereMag\" \/>\n<meta name=\"twitter:site\" content=\"@PeoplesphereMag\" \/>\n<meta name=\"twitter:label1\" content=\"\u00c9crit par\" \/>\n\t<meta name=\"twitter:data1\" content=\"Jean-Paul Erhard\" \/>\n\t<meta name=\"twitter:label2\" content=\"Dur\u00e9e de lecture estim\u00e9e\" \/>\n\t<meta name=\"twitter:data2\" content=\"2 minutes\" \/>\n<script type=\"application\/ld+json\" class=\"yoast-schema-graph\">{\"@context\":\"https:\/\/schema.org\",\"@graph\":[{\"@type\":\"Article\",\"@id\":\"https:\/\/peoplesphere.be\/fr\/stop-a-la-galere-en-debut-de-carriere-les-jeunes-interpellent-le-gouvernement-face-a-leur-difficulte-dacces-a-la-securite-sociale\/#article\",\"isPartOf\":{\"@id\":\"https:\/\/peoplesphere.be\/fr\/stop-a-la-galere-en-debut-de-carriere-les-jeunes-interpellent-le-gouvernement-face-a-leur-difficulte-dacces-a-la-securite-sociale\/\"},\"author\":{\"name\":\"Jean-Paul Erhard\",\"@id\":\"https:\/\/peoplesphere.be\/fr\/#\/schema\/person\/7976225ff17988604334abb7b3536a7e\"},\"headline\":\"\u201cStop \u00e0 la gal\u00e8re en d\u00e9but de carri\u00e8re\u201d: les jeunes interpellent le gouvernement face \u00e0 leur difficult\u00e9 d&rsquo;acc\u00e8s \u00e0 la s\u00e9curit\u00e9 sociale.\",\"datePublished\":\"2024-06-05T16:22:17+00:00\",\"dateModified\":\"2024-06-05T16:22:17+00:00\",\"mainEntityOfPage\":{\"@id\":\"https:\/\/peoplesphere.be\/fr\/stop-a-la-galere-en-debut-de-carriere-les-jeunes-interpellent-le-gouvernement-face-a-leur-difficulte-dacces-a-la-securite-sociale\/\"},\"wordCount\":393,\"publisher\":{\"@id\":\"https:\/\/peoplesphere.be\/fr\/#organization\"},\"keywords\":[\"CSC\",\"\u00e9tudes\",\"s\u00e9curit\u00e9 sociale\",\"travailleurs jeunes\"],\"articleSection\":[\"Actualit\u00e9s\",\"Digital\"],\"inLanguage\":\"fr-FR\"},{\"@type\":\"WebPage\",\"@id\":\"https:\/\/peoplesphere.be\/fr\/stop-a-la-galere-en-debut-de-carriere-les-jeunes-interpellent-le-gouvernement-face-a-leur-difficulte-dacces-a-la-securite-sociale\/\",\"url\":\"https:\/\/peoplesphere.be\/fr\/stop-a-la-galere-en-debut-de-carriere-les-jeunes-interpellent-le-gouvernement-face-a-leur-difficulte-dacces-a-la-securite-sociale\/\",\"name\":\"\u201cStop \u00e0 la gal\u00e8re en d\u00e9but de carri\u00e8re\u201d: les jeunes interpellent le gouvernement face \u00e0 leur difficult\u00e9 d'acc\u00e8s \u00e0 la s\u00e9curit\u00e9 sociale. - Peoplesphere\",\"isPartOf\":{\"@id\":\"https:\/\/peoplesphere.be\/fr\/#website\"},\"datePublished\":\"2024-06-05T16:22:17+00:00\",\"dateModified\":\"2024-06-05T16:22:17+00:00\",\"breadcrumb\":{\"@id\":\"https:\/\/peoplesphere.be\/fr\/stop-a-la-galere-en-debut-de-carriere-les-jeunes-interpellent-le-gouvernement-face-a-leur-difficulte-dacces-a-la-securite-sociale\/#breadcrumb\"},\"inLanguage\":\"fr-FR\",\"potentialAction\":[{\"@type\":\"ReadAction\",\"target\":[\"https:\/\/peoplesphere.be\/fr\/stop-a-la-galere-en-debut-de-carriere-les-jeunes-interpellent-le-gouvernement-face-a-leur-difficulte-dacces-a-la-securite-sociale\/\"]}]},{\"@type\":\"BreadcrumbList\",\"@id\":\"https:\/\/peoplesphere.be\/fr\/stop-a-la-galere-en-debut-de-carriere-les-jeunes-interpellent-le-gouvernement-face-a-leur-difficulte-dacces-a-la-securite-sociale\/#breadcrumb\",\"itemListElement\":[{\"@type\":\"ListItem\",\"position\":1,\"name\":\"Accueil\",\"item\":\"https:\/\/peoplesphere.be\/fr\/\"},{\"@type\":\"ListItem\",\"position\":2,\"name\":\"\u201cStop \u00e0 la gal\u00e8re en d\u00e9but de carri\u00e8re\u201d: les jeunes interpellent le gouvernement face \u00e0 leur difficult\u00e9 d&rsquo;acc\u00e8s \u00e0 la s\u00e9curit\u00e9 sociale.\"}]},{\"@type\":\"WebSite\",\"@id\":\"https:\/\/peoplesphere.be\/fr\/#website\",\"url\":\"https:\/\/peoplesphere.be\/fr\/\",\"name\":\"Peoplesphere\",\"description\":\"The People Managers Magazine\",\"publisher\":{\"@id\":\"https:\/\/peoplesphere.be\/fr\/#organization\"},\"potentialAction\":[{\"@type\":\"SearchAction\",\"target\":{\"@type\":\"EntryPoint\",\"urlTemplate\":\"https:\/\/peoplesphere.be\/fr\/?s={search_term_string}\"},\"query-input\":\"required name=search_term_string\"}],\"inLanguage\":\"fr-FR\"},{\"@type\":\"Organization\",\"@id\":\"https:\/\/peoplesphere.be\/fr\/#organization\",\"name\":\"Peoplesphere Company srl\",\"url\":\"https:\/\/peoplesphere.be\/fr\/\",\"logo\":{\"@type\":\"ImageObject\",\"inLanguage\":\"fr-FR\",\"@id\":\"https:\/\/peoplesphere.be\/fr\/#\/schema\/logo\/image\/\",\"url\":\"https:\/\/peoplesphere.be\/fr\/wp-content\/uploads\/2023\/07\/peoplesphere-lgo-new-generik.jpg\",\"contentUrl\":\"https:\/\/peoplesphere.be\/fr\/wp-content\/uploads\/2023\/07\/peoplesphere-lgo-new-generik.jpg\",\"width\":1031,\"height\":1479,\"caption\":\"Peoplesphere Company srl\"},\"image\":{\"@id\":\"https:\/\/peoplesphere.be\/fr\/#\/schema\/logo\/image\/\"},\"sameAs\":[\"https:\/\/www.facebook.com\/peoplesphere\",\"https:\/\/twitter.com\/PeoplesphereMag\",\"https:\/\/www.linkedin.com\/company\/7587361?trk\",\"http:\/\/youtube.com\/peoplesphere\"]},{\"@type\":\"Person\",\"@id\":\"https:\/\/peoplesphere.be\/fr\/#\/schema\/person\/7976225ff17988604334abb7b3536a7e\",\"name\":\"Jean-Paul Erhard\",\"image\":{\"@type\":\"ImageObject\",\"inLanguage\":\"fr-FR\",\"@id\":\"https:\/\/peoplesphere.be\/fr\/#\/schema\/person\/image\/\",\"url\":\"https:\/\/secure.gravatar.com\/avatar\/f941e681460179738071629a51574930?s=96&d=mm&r=g\",\"contentUrl\":\"https:\/\/secure.gravatar.com\/avatar\/f941e681460179738071629a51574930?s=96&d=mm&r=g\",\"caption\":\"Jean-Paul Erhard\"},\"url\":\"https:\/\/peoplesphere.be\/fr\/author\/jpe\/\"}]}<\/script>\n<!-- \/ Yoast SEO plugin. -->","yoast_head_json":{"title":"\u201cStop \u00e0 la gal\u00e8re en d\u00e9but de carri\u00e8re\u201d: les jeunes interpellent le gouvernement face \u00e0 leur difficult\u00e9 d'acc\u00e8s \u00e0 la s\u00e9curit\u00e9 sociale. - Peoplesphere","robots":{"index":"index","follow":"follow","max-snippet":"max-snippet:-1","max-image-preview":"max-image-preview:large","max-video-preview":"max-video-preview:-1"},"canonical":"https:\/\/peoplesphere.be\/fr\/stop-a-la-galere-en-debut-de-carriere-les-jeunes-interpellent-le-gouvernement-face-a-leur-difficulte-dacces-a-la-securite-sociale\/","og_locale":"fr_FR","og_type":"article","og_title":"\u201cStop \u00e0 la gal\u00e8re en d\u00e9but de carri\u00e8re\u201d: les jeunes interpellent le gouvernement face \u00e0 leur difficult\u00e9 d'acc\u00e8s \u00e0 la s\u00e9curit\u00e9 sociale. - Peoplesphere","og_description":"Ce mercredi 5 juin, \u00e0 10h, les Jeunes CSC, avec les Jeunes FGTB et la F\u00e9d\u00e9ration des \u00e9tudiants francophones, se sont r\u00e9unis Place Surlet de Chokier \u00e0 Bruxelles, pour d\u00e9noncer une facture trop sal\u00e9e pour la jeunesse ! Ils \u00e9taient [&hellip;]","og_url":"https:\/\/peoplesphere.be\/fr\/stop-a-la-galere-en-debut-de-carriere-les-jeunes-interpellent-le-gouvernement-face-a-leur-difficulte-dacces-a-la-securite-sociale\/","og_site_name":"Peoplesphere","article_publisher":"https:\/\/www.facebook.com\/peoplesphere","article_published_time":"2024-06-05T16:22:17+00:00","og_image":[{"width":1200,"height":700,"url":"https:\/\/peoplesphere.be\/fr\/wp-content\/uploads\/2024\/06\/20240605cscjeunes.jpg","type":"image\/jpeg"}],"author":"Jean-Paul Erhard","twitter_card":"summary_large_image","twitter_creator":"@PeoplesphereMag","twitter_site":"@PeoplesphereMag","twitter_misc":{"\u00c9crit par":"Jean-Paul Erhard","Dur\u00e9e de lecture estim\u00e9e":"2 minutes"},"schema":{"@context":"https:\/\/schema.org","@graph":[{"@type":"Article","@id":"https:\/\/peoplesphere.be\/fr\/stop-a-la-galere-en-debut-de-carriere-les-jeunes-interpellent-le-gouvernement-face-a-leur-difficulte-dacces-a-la-securite-sociale\/#article","isPartOf":{"@id":"https:\/\/peoplesphere.be\/fr\/stop-a-la-galere-en-debut-de-carriere-les-jeunes-interpellent-le-gouvernement-face-a-leur-difficulte-dacces-a-la-securite-sociale\/"},"author":{"name":"Jean-Paul Erhard","@id":"https:\/\/peoplesphere.be\/fr\/#\/schema\/person\/7976225ff17988604334abb7b3536a7e"},"headline":"\u201cStop \u00e0 la gal\u00e8re en d\u00e9but de carri\u00e8re\u201d: les jeunes interpellent le gouvernement face \u00e0 leur difficult\u00e9 d&rsquo;acc\u00e8s \u00e0 la s\u00e9curit\u00e9 sociale.","datePublished":"2024-06-05T16:22:17+00:00","dateModified":"2024-06-05T16:22:17+00:00","mainEntityOfPage":{"@id":"https:\/\/peoplesphere.be\/fr\/stop-a-la-galere-en-debut-de-carriere-les-jeunes-interpellent-le-gouvernement-face-a-leur-difficulte-dacces-a-la-securite-sociale\/"},"wordCount":393,"publisher":{"@id":"https:\/\/peoplesphere.be\/fr\/#organization"},"keywords":["CSC","\u00e9tudes","s\u00e9curit\u00e9 sociale","travailleurs jeunes"],"articleSection":["Actualit\u00e9s","Digital"],"inLanguage":"fr-FR"},{"@type":"WebPage","@id":"https:\/\/peoplesphere.be\/fr\/stop-a-la-galere-en-debut-de-carriere-les-jeunes-interpellent-le-gouvernement-face-a-leur-difficulte-dacces-a-la-securite-sociale\/","url":"https:\/\/peoplesphere.be\/fr\/stop-a-la-galere-en-debut-de-carriere-les-jeunes-interpellent-le-gouvernement-face-a-leur-difficulte-dacces-a-la-securite-sociale\/","name":"\u201cStop \u00e0 la gal\u00e8re en d\u00e9but de carri\u00e8re\u201d: les jeunes interpellent le gouvernement face \u00e0 leur difficult\u00e9 d'acc\u00e8s \u00e0 la s\u00e9curit\u00e9 sociale. - Peoplesphere","isPartOf":{"@id":"https:\/\/peoplesphere.be\/fr\/#website"},"datePublished":"2024-06-05T16:22:17+00:00","dateModified":"2024-06-05T16:22:17+00:00","breadcrumb":{"@id":"https:\/\/peoplesphere.be\/fr\/stop-a-la-galere-en-debut-de-carriere-les-jeunes-interpellent-le-gouvernement-face-a-leur-difficulte-dacces-a-la-securite-sociale\/#breadcrumb"},"inLanguage":"fr-FR","potentialAction":[{"@type":"ReadAction","target":["https:\/\/peoplesphere.be\/fr\/stop-a-la-galere-en-debut-de-carriere-les-jeunes-interpellent-le-gouvernement-face-a-leur-difficulte-dacces-a-la-securite-sociale\/"]}]},{"@type":"BreadcrumbList","@id":"https:\/\/peoplesphere.be\/fr\/stop-a-la-galere-en-debut-de-carriere-les-jeunes-interpellent-le-gouvernement-face-a-leur-difficulte-dacces-a-la-securite-sociale\/#breadcrumb","itemListElement":[{"@type":"ListItem","position":1,"name":"Accueil","item":"https:\/\/peoplesphere.be\/fr\/"},{"@type":"ListItem","position":2,"name":"\u201cStop \u00e0 la gal\u00e8re en d\u00e9but de carri\u00e8re\u201d: les jeunes interpellent le gouvernement face \u00e0 leur difficult\u00e9 d&rsquo;acc\u00e8s \u00e0 la s\u00e9curit\u00e9 sociale."}]},{"@type":"WebSite","@id":"https:\/\/peoplesphere.be\/fr\/#website","url":"https:\/\/peoplesphere.be\/fr\/","name":"Peoplesphere","description":"The People Managers Magazine","publisher":{"@id":"https:\/\/peoplesphere.be\/fr\/#organization"},"potentialAction":[{"@type":"SearchAction","target":{"@type":"EntryPoint","urlTemplate":"https:\/\/peoplesphere.be\/fr\/?s={search_term_string}"},"query-input":"required name=search_term_string"}],"inLanguage":"fr-FR"},{"@type":"Organization","@id":"https:\/\/peoplesphere.be\/fr\/#organization","name":"Peoplesphere Company srl","url":"https:\/\/peoplesphere.be\/fr\/","logo":{"@type":"ImageObject","inLanguage":"fr-FR","@id":"https:\/\/peoplesphere.be\/fr\/#\/schema\/logo\/image\/","url":"https:\/\/peoplesphere.be\/fr\/wp-content\/uploads\/2023\/07\/peoplesphere-lgo-new-generik.jpg","contentUrl":"https:\/\/peoplesphere.be\/fr\/wp-content\/uploads\/2023\/07\/peoplesphere-lgo-new-generik.jpg","width":1031,"height":1479,"caption":"Peoplesphere Company srl"},"image":{"@id":"https:\/\/peoplesphere.be\/fr\/#\/schema\/logo\/image\/"},"sameAs":["https:\/\/www.facebook.com\/peoplesphere","https:\/\/twitter.com\/PeoplesphereMag","https:\/\/www.linkedin.com\/company\/7587361?trk","http:\/\/youtube.com\/peoplesphere"]},{"@type":"Person","@id":"https:\/\/peoplesphere.be\/fr\/#\/schema\/person\/7976225ff17988604334abb7b3536a7e","name":"Jean-Paul Erhard","image":{"@type":"ImageObject","inLanguage":"fr-FR","@id":"https:\/\/peoplesphere.be\/fr\/#\/schema\/person\/image\/","url":"https:\/\/secure.gravatar.com\/avatar\/f941e681460179738071629a51574930?s=96&d=mm&r=g","contentUrl":"https:\/\/secure.gravatar.com\/avatar\/f941e681460179738071629a51574930?s=96&d=mm&r=g","caption":"Jean-Paul Erhard"},"url":"https:\/\/peoplesphere.be\/fr\/author\/jpe\/"}]}},"_links":{"self":[{"href":"https:\/\/peoplesphere.be\/fr\/wp-json\/wp\/v2\/posts\/16265"}],"collection":[{"href":"https:\/\/peoplesphere.be\/fr\/wp-json\/wp\/v2\/posts"}],"about":[{"href":"https:\/\/peoplesphere.be\/fr\/wp-json\/wp\/v2\/types\/post"}],"author":[{"embeddable":true,"href":"https:\/\/peoplesphere.be\/fr\/wp-json\/wp\/v2\/users\/2"}],"replies":[{"embeddable":true,"href":"https:\/\/peoplesphere.be\/fr\/wp-json\/wp\/v2\/comments?post=16265"}],"version-history":[{"count":1,"href":"https:\/\/peoplesphere.be\/fr\/wp-json\/wp\/v2\/posts\/16265\/revisions"}],"predecessor-version":[{"id":16267,"href":"https:\/\/peoplesphere.be\/fr\/wp-json\/wp\/v2\/posts\/16265\/revisions\/16267"}],"wp:featuredmedia":[{"embeddable":true,"href":"https:\/\/peoplesphere.be\/fr\/wp-json\/wp\/v2\/media\/16266"}],"wp:attachment":[{"href":"https:\/\/peoplesphere.be\/fr\/wp-json\/wp\/v2\/media?parent=16265"}],"wp:term":[{"taxonomy":"category","embeddable":true,"href":"https:\/\/peoplesphere.be\/fr\/wp-json\/wp\/v2\/categories?post=16265"},{"taxonomy":"post_tag","embeddable":true,"href":"https:\/\/peoplesphere.be\/fr\/wp-json\/wp\/v2\/tags?post=16265"}],"curies":[{"name":"wp","href":"https:\/\/api.w.org\/{rel}","templated":true}]}}