









{"id":16287,"date":"2024-06-10T06:41:10","date_gmt":"2024-06-10T04:41:10","guid":{"rendered":"https:\/\/peoplesphere.be\/fr\/?p=16287"},"modified":"2024-06-10T06:41:10","modified_gmt":"2024-06-10T04:41:10","slug":"4-jeunes-travailleurs-sur-10-veulent-changer-demploi-en-raison-dun-mauvais-equilibre-vie-professionnelle-vie-privee","status":"publish","type":"post","link":"https:\/\/peoplesphere.be\/fr\/4-jeunes-travailleurs-sur-10-veulent-changer-demploi-en-raison-dun-mauvais-equilibre-vie-professionnelle-vie-privee\/","title":{"rendered":"4 jeunes travailleurs sur 10 veulent changer d&#8217;emploi en raison d\u2019un mauvais \u00e9quilibre vie professionnelle-vie priv\u00e9e."},"content":{"rendered":"<p>Plus d&rsquo;un quart des moins de 35 ans pr\u00e9voient de changer d&#8217;emploi cette ann\u00e9e. Un dixi\u00e8me d&rsquo;entre eux cherchent d\u00e9j\u00e0 activement un autre travail. Outre les conditions salariales, c&rsquo;est surtout l\u2019\u00e9quilibre vie professionnelle-vie priv\u00e9e (insatisfaisant) qui les motive. En t\u00e9moigne une enqu\u00eate men\u00e9e par le groupe de services RH Liantis aupr\u00e8s de 1.000 travailleurs belges. Parmi les jeunes dont l&rsquo;\u00e9quilibre actuel vie professionnelle-vie priv\u00e9e ne les satisfait pas, 40% souhaitent changer d&#8217;emploi.<!--more--><\/p>\n<p>Un bon \u00e9quilibre vie professionnelle-vie priv\u00e9e figure en t\u00eate de liste des \u00e9l\u00e9ments que les travailleurs jugent importants dans un emploi. Il est m\u00eame vu comme plus important que le salaire, le contenu du travail ou l&rsquo;ambiance de travail. En g\u00e9n\u00e9ral, les collaborateurs sont assez satisfaits de cet \u00e9quilibre : nous attribuons en moyenne un score de 7,2\/10 \u00e0 notre travail, comme le montre une enqu\u00eate men\u00e9e par Liantis, en collaboration avec le bureau d\u2019\u00e9tude iVOX, aupr\u00e8s de 1.000 collaborateurs.<\/p>\n<p><em>\u00ab\u00a0Les employeurs et les responsables d\u2019\u00e9quipe savent que cet aspect est tr\u00e8s important pour de nombreux travailleurs. S&rsquo;ils veulent conserver des talents et attirer de nouvelles recrues \u2013 sur un march\u00e9 du travail tendu \u2013, ils doivent en tenir compte. De plus, la question de l\u2019\u00e9quilibre vie professionnelle-vie priv\u00e9e fait l&rsquo;objet de beaucoup d\u2019attention ces derni\u00e8res ann\u00e9es et il existe m\u00eame une l\u00e9gislation relative \u00e0 la d\u00e9connexion qui d\u00e9finit clairement certains aspects. Le fait qu\u2019un nombre croissant d&#8217;employeurs accordent la priorit\u00e9 \u00e0 l&rsquo;\u00e9quilibre entre vie professionnelle et vie priv\u00e9e de leurs collaborateurs est donc aussi appr\u00e9ci\u00e9 par ces derniers, comme le montre l\u2019enqu\u00eate\u00a0\u00bb<\/em>, d\u00e9clare Evy Sadicaris, experte en bien-\u00eatre psychosocial chez Liantis.<\/p>\n<h3><strong><em>Changer d&#8217;emploi<\/em><\/strong><\/h3>\n<p>Le fait que l\u2019\u00e9quilibre vie professionnelle-vie priv\u00e9e ne r\u00e9pond pas aux attentes des collaborateurs devient une raison suffisante pour quitter son emploi. Parmi les personnes dont l&rsquo;\u00e9quilibre actuel est inf\u00e9rieur \u00e0 6\/10, pas moins d&rsquo;un tiers d\u00e9clarent vouloir changer d&#8217;emploi dans l&rsquo;ann\u00e9e. Les autres raisons de changer d&#8217;employeur sont les suivantes : les conditions salariales (56%), davantage de vacances (30%), moins de stress (26%) et un meilleur contenu du travail (23%). Fait remarquable : 22% envisagent de changer d&#8217;emploi s&rsquo;il existe une possibilit\u00e9 de travailler quatre jours par semaine.<\/p>\n<h3><strong><em>Un dixi\u00e8me des jeunes travailleurs cherchent activement un autre emploi<\/em><\/strong><\/h3>\n<p>Les jeunes travailleurs sont davantage enclins \u00e0 quitter leur employeur actuel : 27% d&rsquo;entre eux projettent de le faire dans l&rsquo;ann\u00e9e (contre 18% de la population salari\u00e9e en g\u00e9n\u00e9ral). Un dixi\u00e8me sont m\u00eame d\u00e9j\u00e0 en recherche active (contre 6,3% de la population salari\u00e9e en g\u00e9n\u00e9ral).<\/p>\n<p>Autres facteurs qui les attirent davantage encore : un salaire plus \u00e9lev\u00e9 (69%), plus de cong\u00e9s (33%) et la possibilit\u00e9 d&rsquo;une promotion (24%). A noter que l&rsquo;\u00e9quilibre entre vie professionnelle et vie priv\u00e9e est encore plus important \u00e0 leurs yeux. Parmi les moins de 35 ans qui ont attribu\u00e9 \u00e0 cet \u00e9quilibre une note inf\u00e9rieure \u00e0 6\/10, 41% souhaitent changer d&#8217;emploi dans l&rsquo;ann\u00e9e.<\/p>\n<p><em>\u00ab\u00a0Concernant l&rsquo;\u00e9quilibre vie professionnelle-vie priv\u00e9e, nous constatons des diff\u00e9rences entre les g\u00e9n\u00e9rations. Les g\u00e9n\u00e9rations Z et Y y attachent beaucoup plus d&rsquo;importance et en tiennent de plus en plus compte lors du choix d\u2019un employeur. Ces personnes veulent disposer de suffisamment de temps pour leurs loisirs ou d&rsquo;autres activit\u00e9s en dehors du travail. Cette recherche d&rsquo;un \u00ab\u00a0temps pour soi\u00a0\u00bb suffisant est un fait social. Les gens doivent souvent mener de front plusieurs activit\u00e9s et veulent donc aussi garder du temps pour eux\u00a0\u00bb<\/em>, explique Evy Sadicaris.<\/p>\n<h3><strong><em>Conseils pour les travailleurs et les employeurs<\/em><\/strong><\/h3>\n<p>Afin de leur permettre de mieux concilier vie professionnelle et vie priv\u00e9e, Liantis offre quelques conseils suppl\u00e9mentaires aux employeurs et aux travailleurs. \u00ab\u00a0<em>Tant pour les employeurs que pour les travailleurs, il est important de discuter des attentes. Qu&rsquo;attend exactement un employeur ? Et que recherche le travailleur ? Il est \u00e9galement conseill\u00e9 de clarifier les choses d\u00e8s l\u2019entretien d\u2019embauche et de ne pas se contenter d&rsquo;aborder des questions telles que le salaire. Un conseil pour les travailleurs : faites preuve de souplesse dans votre r\u00e9flexion. Gardez \u00e0 l\u2019esprit vos propres limites, mais essayez aussi d&rsquo;\u00eatre ouvert aux questions de l\u2019employeur. Et sachez qu&rsquo;il y aura toujours des pics dans le travail. Ils sont acceptables \u00e0 condition qu&rsquo;il y ait aussi un temps de r\u00e9cup\u00e9ration par la suite. L&rsquo;\u00e9quilibre vie professionnelle-vie priv\u00e9e n&rsquo;est pas toujours constant. C&rsquo;est un clich\u00e9. Il faut plut\u00f4t parler de concessions mutuelles\u00a0\u00bb<\/em>, dit Evy Sadicaris en conclusion.<\/p>\n","protected":false},"excerpt":{"rendered":"<p>Plus d&rsquo;un quart des moins de 35 ans pr\u00e9voient de changer d&#8217;emploi cette ann\u00e9e. Un dixi\u00e8me d&rsquo;entre eux cherchent d\u00e9j\u00e0 activement un autre travail. Outre les conditions salariales, c&rsquo;est surtout l\u2019\u00e9quilibre vie professionnelle-vie priv\u00e9e (insatisfaisant) qui les motive. En t\u00e9moigne [&hellip;]<\/p>\n","protected":false},"author":2,"featured_media":0,"comment_status":"closed","ping_status":"open","sticky":false,"template":"","format":"standard","meta":[],"categories":[65,10],"tags":[601,220,218,1379,299],"yoast_head":"<!-- This site is optimized with the Yoast SEO plugin v21.0 - https:\/\/yoast.com\/wordpress\/plugins\/seo\/ -->\n<title>4 jeunes travailleurs sur 10 veulent changer d&#039;emploi en raison d\u2019un mauvais \u00e9quilibre vie professionnelle-vie priv\u00e9e. - Peoplesphere<\/title>\n<meta name=\"description\" content=\"4 jeunes travailleurs sur 10 veulent changer d&#039;emploi en raison d\u2019un mauvais \u00e9quilibre vie professionnelle-vie priv\u00e9e.\" \/>\n<meta name=\"robots\" content=\"index, follow, max-snippet:-1, max-image-preview:large, max-video-preview:-1\" \/>\n<link rel=\"canonical\" href=\"https:\/\/peoplesphere.be\/fr\/4-jeunes-travailleurs-sur-10-veulent-changer-demploi-en-raison-dun-mauvais-equilibre-vie-professionnelle-vie-privee\/\" \/>\n<meta property=\"og:locale\" content=\"fr_FR\" \/>\n<meta property=\"og:type\" content=\"article\" \/>\n<meta property=\"og:title\" content=\"4 jeunes travailleurs sur 10 veulent changer d&#039;emploi en raison d\u2019un mauvais \u00e9quilibre vie professionnelle-vie priv\u00e9e. - Peoplesphere\" \/>\n<meta property=\"og:description\" content=\"4 jeunes travailleurs sur 10 veulent changer d&#039;emploi en raison d\u2019un mauvais \u00e9quilibre vie professionnelle-vie priv\u00e9e.\" \/>\n<meta property=\"og:url\" content=\"https:\/\/peoplesphere.be\/fr\/4-jeunes-travailleurs-sur-10-veulent-changer-demploi-en-raison-dun-mauvais-equilibre-vie-professionnelle-vie-privee\/\" \/>\n<meta property=\"og:site_name\" content=\"Peoplesphere\" \/>\n<meta property=\"article:publisher\" content=\"https:\/\/www.facebook.com\/peoplesphere\" \/>\n<meta property=\"article:published_time\" content=\"2024-06-10T04:41:10+00:00\" \/>\n<meta property=\"og:image\" content=\"http:\/\/www.peoplesphere.be\/fr\/wp-content\/uploads\/2016\/07\/facebook-default-posting-1200x628px.jpg\" \/>\n<meta name=\"author\" content=\"Jean-Paul Erhard\" \/>\n<meta name=\"twitter:card\" content=\"summary_large_image\" \/>\n<meta name=\"twitter:creator\" content=\"@PeoplesphereMag\" \/>\n<meta name=\"twitter:site\" content=\"@PeoplesphereMag\" \/>\n<meta name=\"twitter:label1\" content=\"\u00c9crit par\" \/>\n\t<meta name=\"twitter:data1\" content=\"Jean-Paul Erhard\" \/>\n\t<meta name=\"twitter:label2\" content=\"Dur\u00e9e de lecture estim\u00e9e\" \/>\n\t<meta name=\"twitter:data2\" content=\"4 minutes\" \/>\n<script type=\"application\/ld+json\" class=\"yoast-schema-graph\">{\"@context\":\"https:\/\/schema.org\",\"@graph\":[{\"@type\":\"Article\",\"@id\":\"https:\/\/peoplesphere.be\/fr\/4-jeunes-travailleurs-sur-10-veulent-changer-demploi-en-raison-dun-mauvais-equilibre-vie-professionnelle-vie-privee\/#article\",\"isPartOf\":{\"@id\":\"https:\/\/peoplesphere.be\/fr\/4-jeunes-travailleurs-sur-10-veulent-changer-demploi-en-raison-dun-mauvais-equilibre-vie-professionnelle-vie-privee\/\"},\"author\":{\"name\":\"Jean-Paul Erhard\",\"@id\":\"https:\/\/peoplesphere.be\/fr\/#\/schema\/person\/7976225ff17988604334abb7b3536a7e\"},\"headline\":\"4 jeunes travailleurs sur 10 veulent changer d&#8217;emploi en raison d\u2019un mauvais \u00e9quilibre vie professionnelle-vie priv\u00e9e.\",\"datePublished\":\"2024-06-10T04:41:10+00:00\",\"dateModified\":\"2024-06-10T04:41:10+00:00\",\"mainEntityOfPage\":{\"@id\":\"https:\/\/peoplesphere.be\/fr\/4-jeunes-travailleurs-sur-10-veulent-changer-demploi-en-raison-dun-mauvais-equilibre-vie-professionnelle-vie-privee\/\"},\"wordCount\":779,\"publisher\":{\"@id\":\"https:\/\/peoplesphere.be\/fr\/#organization\"},\"keywords\":[\"\u00e9quilibre priv\u00e9-professionnel\",\"flexibilit\u00e9\",\"guerre des talents\",\"mobilit\u00e9 professionnelle\",\"r\u00e9tention\"],\"articleSection\":[\"Actualit\u00e9s\",\"Digital\"],\"inLanguage\":\"fr-FR\"},{\"@type\":\"WebPage\",\"@id\":\"https:\/\/peoplesphere.be\/fr\/4-jeunes-travailleurs-sur-10-veulent-changer-demploi-en-raison-dun-mauvais-equilibre-vie-professionnelle-vie-privee\/\",\"url\":\"https:\/\/peoplesphere.be\/fr\/4-jeunes-travailleurs-sur-10-veulent-changer-demploi-en-raison-dun-mauvais-equilibre-vie-professionnelle-vie-privee\/\",\"name\":\"4 jeunes travailleurs sur 10 veulent changer d'emploi en raison d\u2019un mauvais \u00e9quilibre vie professionnelle-vie priv\u00e9e. - Peoplesphere\",\"isPartOf\":{\"@id\":\"https:\/\/peoplesphere.be\/fr\/#website\"},\"datePublished\":\"2024-06-10T04:41:10+00:00\",\"dateModified\":\"2024-06-10T04:41:10+00:00\",\"description\":\"4 jeunes travailleurs sur 10 veulent changer d'emploi en raison d\u2019un mauvais \u00e9quilibre vie professionnelle-vie priv\u00e9e.\",\"breadcrumb\":{\"@id\":\"https:\/\/peoplesphere.be\/fr\/4-jeunes-travailleurs-sur-10-veulent-changer-demploi-en-raison-dun-mauvais-equilibre-vie-professionnelle-vie-privee\/#breadcrumb\"},\"inLanguage\":\"fr-FR\",\"potentialAction\":[{\"@type\":\"ReadAction\",\"target\":[\"https:\/\/peoplesphere.be\/fr\/4-jeunes-travailleurs-sur-10-veulent-changer-demploi-en-raison-dun-mauvais-equilibre-vie-professionnelle-vie-privee\/\"]}]},{\"@type\":\"BreadcrumbList\",\"@id\":\"https:\/\/peoplesphere.be\/fr\/4-jeunes-travailleurs-sur-10-veulent-changer-demploi-en-raison-dun-mauvais-equilibre-vie-professionnelle-vie-privee\/#breadcrumb\",\"itemListElement\":[{\"@type\":\"ListItem\",\"position\":1,\"name\":\"Accueil\",\"item\":\"https:\/\/peoplesphere.be\/fr\/\"},{\"@type\":\"ListItem\",\"position\":2,\"name\":\"4 jeunes travailleurs sur 10 veulent changer d&#8217;emploi en raison d\u2019un mauvais \u00e9quilibre vie professionnelle-vie priv\u00e9e.\"}]},{\"@type\":\"WebSite\",\"@id\":\"https:\/\/peoplesphere.be\/fr\/#website\",\"url\":\"https:\/\/peoplesphere.be\/fr\/\",\"name\":\"Peoplesphere\",\"description\":\"The People Managers Magazine\",\"publisher\":{\"@id\":\"https:\/\/peoplesphere.be\/fr\/#organization\"},\"potentialAction\":[{\"@type\":\"SearchAction\",\"target\":{\"@type\":\"EntryPoint\",\"urlTemplate\":\"https:\/\/peoplesphere.be\/fr\/?s={search_term_string}\"},\"query-input\":\"required name=search_term_string\"}],\"inLanguage\":\"fr-FR\"},{\"@type\":\"Organization\",\"@id\":\"https:\/\/peoplesphere.be\/fr\/#organization\",\"name\":\"Peoplesphere Company srl\",\"url\":\"https:\/\/peoplesphere.be\/fr\/\",\"logo\":{\"@type\":\"ImageObject\",\"inLanguage\":\"fr-FR\",\"@id\":\"https:\/\/peoplesphere.be\/fr\/#\/schema\/logo\/image\/\",\"url\":\"https:\/\/peoplesphere.be\/fr\/wp-content\/uploads\/2023\/07\/peoplesphere-lgo-new-generik.jpg\",\"contentUrl\":\"https:\/\/peoplesphere.be\/fr\/wp-content\/uploads\/2023\/07\/peoplesphere-lgo-new-generik.jpg\",\"width\":1031,\"height\":1479,\"caption\":\"Peoplesphere Company srl\"},\"image\":{\"@id\":\"https:\/\/peoplesphere.be\/fr\/#\/schema\/logo\/image\/\"},\"sameAs\":[\"https:\/\/www.facebook.com\/peoplesphere\",\"https:\/\/twitter.com\/PeoplesphereMag\",\"https:\/\/www.linkedin.com\/company\/7587361?trk\",\"http:\/\/youtube.com\/peoplesphere\"]},{\"@type\":\"Person\",\"@id\":\"https:\/\/peoplesphere.be\/fr\/#\/schema\/person\/7976225ff17988604334abb7b3536a7e\",\"name\":\"Jean-Paul Erhard\",\"image\":{\"@type\":\"ImageObject\",\"inLanguage\":\"fr-FR\",\"@id\":\"https:\/\/peoplesphere.be\/fr\/#\/schema\/person\/image\/\",\"url\":\"https:\/\/secure.gravatar.com\/avatar\/f941e681460179738071629a51574930?s=96&d=mm&r=g\",\"contentUrl\":\"https:\/\/secure.gravatar.com\/avatar\/f941e681460179738071629a51574930?s=96&d=mm&r=g\",\"caption\":\"Jean-Paul Erhard\"},\"url\":\"https:\/\/peoplesphere.be\/fr\/author\/jpe\/\"}]}<\/script>\n<!-- \/ Yoast SEO plugin. -->","yoast_head_json":{"title":"4 jeunes travailleurs sur 10 veulent changer d'emploi en raison d\u2019un mauvais \u00e9quilibre vie professionnelle-vie priv\u00e9e. - Peoplesphere","description":"4 jeunes travailleurs sur 10 veulent changer d'emploi en raison d\u2019un mauvais \u00e9quilibre vie professionnelle-vie priv\u00e9e.","robots":{"index":"index","follow":"follow","max-snippet":"max-snippet:-1","max-image-preview":"max-image-preview:large","max-video-preview":"max-video-preview:-1"},"canonical":"https:\/\/peoplesphere.be\/fr\/4-jeunes-travailleurs-sur-10-veulent-changer-demploi-en-raison-dun-mauvais-equilibre-vie-professionnelle-vie-privee\/","og_locale":"fr_FR","og_type":"article","og_title":"4 jeunes travailleurs sur 10 veulent changer d'emploi en raison d\u2019un mauvais \u00e9quilibre vie professionnelle-vie priv\u00e9e. - Peoplesphere","og_description":"4 jeunes travailleurs sur 10 veulent changer d'emploi en raison d\u2019un mauvais \u00e9quilibre vie professionnelle-vie priv\u00e9e.","og_url":"https:\/\/peoplesphere.be\/fr\/4-jeunes-travailleurs-sur-10-veulent-changer-demploi-en-raison-dun-mauvais-equilibre-vie-professionnelle-vie-privee\/","og_site_name":"Peoplesphere","article_publisher":"https:\/\/www.facebook.com\/peoplesphere","article_published_time":"2024-06-10T04:41:10+00:00","og_image":[{"url":"http:\/\/www.peoplesphere.be\/fr\/wp-content\/uploads\/2016\/07\/facebook-default-posting-1200x628px.jpg"}],"author":"Jean-Paul Erhard","twitter_card":"summary_large_image","twitter_creator":"@PeoplesphereMag","twitter_site":"@PeoplesphereMag","twitter_misc":{"\u00c9crit par":"Jean-Paul Erhard","Dur\u00e9e de lecture estim\u00e9e":"4 minutes"},"schema":{"@context":"https:\/\/schema.org","@graph":[{"@type":"Article","@id":"https:\/\/peoplesphere.be\/fr\/4-jeunes-travailleurs-sur-10-veulent-changer-demploi-en-raison-dun-mauvais-equilibre-vie-professionnelle-vie-privee\/#article","isPartOf":{"@id":"https:\/\/peoplesphere.be\/fr\/4-jeunes-travailleurs-sur-10-veulent-changer-demploi-en-raison-dun-mauvais-equilibre-vie-professionnelle-vie-privee\/"},"author":{"name":"Jean-Paul Erhard","@id":"https:\/\/peoplesphere.be\/fr\/#\/schema\/person\/7976225ff17988604334abb7b3536a7e"},"headline":"4 jeunes travailleurs sur 10 veulent changer d&#8217;emploi en raison d\u2019un mauvais \u00e9quilibre vie professionnelle-vie priv\u00e9e.","datePublished":"2024-06-10T04:41:10+00:00","dateModified":"2024-06-10T04:41:10+00:00","mainEntityOfPage":{"@id":"https:\/\/peoplesphere.be\/fr\/4-jeunes-travailleurs-sur-10-veulent-changer-demploi-en-raison-dun-mauvais-equilibre-vie-professionnelle-vie-privee\/"},"wordCount":779,"publisher":{"@id":"https:\/\/peoplesphere.be\/fr\/#organization"},"keywords":["\u00e9quilibre priv\u00e9-professionnel","flexibilit\u00e9","guerre des talents","mobilit\u00e9 professionnelle","r\u00e9tention"],"articleSection":["Actualit\u00e9s","Digital"],"inLanguage":"fr-FR"},{"@type":"WebPage","@id":"https:\/\/peoplesphere.be\/fr\/4-jeunes-travailleurs-sur-10-veulent-changer-demploi-en-raison-dun-mauvais-equilibre-vie-professionnelle-vie-privee\/","url":"https:\/\/peoplesphere.be\/fr\/4-jeunes-travailleurs-sur-10-veulent-changer-demploi-en-raison-dun-mauvais-equilibre-vie-professionnelle-vie-privee\/","name":"4 jeunes travailleurs sur 10 veulent changer d'emploi en raison d\u2019un mauvais \u00e9quilibre vie professionnelle-vie priv\u00e9e. - Peoplesphere","isPartOf":{"@id":"https:\/\/peoplesphere.be\/fr\/#website"},"datePublished":"2024-06-10T04:41:10+00:00","dateModified":"2024-06-10T04:41:10+00:00","description":"4 jeunes travailleurs sur 10 veulent changer d'emploi en raison d\u2019un mauvais \u00e9quilibre vie professionnelle-vie priv\u00e9e.","breadcrumb":{"@id":"https:\/\/peoplesphere.be\/fr\/4-jeunes-travailleurs-sur-10-veulent-changer-demploi-en-raison-dun-mauvais-equilibre-vie-professionnelle-vie-privee\/#breadcrumb"},"inLanguage":"fr-FR","potentialAction":[{"@type":"ReadAction","target":["https:\/\/peoplesphere.be\/fr\/4-jeunes-travailleurs-sur-10-veulent-changer-demploi-en-raison-dun-mauvais-equilibre-vie-professionnelle-vie-privee\/"]}]},{"@type":"BreadcrumbList","@id":"https:\/\/peoplesphere.be\/fr\/4-jeunes-travailleurs-sur-10-veulent-changer-demploi-en-raison-dun-mauvais-equilibre-vie-professionnelle-vie-privee\/#breadcrumb","itemListElement":[{"@type":"ListItem","position":1,"name":"Accueil","item":"https:\/\/peoplesphere.be\/fr\/"},{"@type":"ListItem","position":2,"name":"4 jeunes travailleurs sur 10 veulent changer d&#8217;emploi en raison d\u2019un mauvais \u00e9quilibre vie professionnelle-vie priv\u00e9e."}]},{"@type":"WebSite","@id":"https:\/\/peoplesphere.be\/fr\/#website","url":"https:\/\/peoplesphere.be\/fr\/","name":"Peoplesphere","description":"The People Managers Magazine","publisher":{"@id":"https:\/\/peoplesphere.be\/fr\/#organization"},"potentialAction":[{"@type":"SearchAction","target":{"@type":"EntryPoint","urlTemplate":"https:\/\/peoplesphere.be\/fr\/?s={search_term_string}"},"query-input":"required name=search_term_string"}],"inLanguage":"fr-FR"},{"@type":"Organization","@id":"https:\/\/peoplesphere.be\/fr\/#organization","name":"Peoplesphere Company srl","url":"https:\/\/peoplesphere.be\/fr\/","logo":{"@type":"ImageObject","inLanguage":"fr-FR","@id":"https:\/\/peoplesphere.be\/fr\/#\/schema\/logo\/image\/","url":"https:\/\/peoplesphere.be\/fr\/wp-content\/uploads\/2023\/07\/peoplesphere-lgo-new-generik.jpg","contentUrl":"https:\/\/peoplesphere.be\/fr\/wp-content\/uploads\/2023\/07\/peoplesphere-lgo-new-generik.jpg","width":1031,"height":1479,"caption":"Peoplesphere Company srl"},"image":{"@id":"https:\/\/peoplesphere.be\/fr\/#\/schema\/logo\/image\/"},"sameAs":["https:\/\/www.facebook.com\/peoplesphere","https:\/\/twitter.com\/PeoplesphereMag","https:\/\/www.linkedin.com\/company\/7587361?trk","http:\/\/youtube.com\/peoplesphere"]},{"@type":"Person","@id":"https:\/\/peoplesphere.be\/fr\/#\/schema\/person\/7976225ff17988604334abb7b3536a7e","name":"Jean-Paul Erhard","image":{"@type":"ImageObject","inLanguage":"fr-FR","@id":"https:\/\/peoplesphere.be\/fr\/#\/schema\/person\/image\/","url":"https:\/\/secure.gravatar.com\/avatar\/f941e681460179738071629a51574930?s=96&d=mm&r=g","contentUrl":"https:\/\/secure.gravatar.com\/avatar\/f941e681460179738071629a51574930?s=96&d=mm&r=g","caption":"Jean-Paul Erhard"},"url":"https:\/\/peoplesphere.be\/fr\/author\/jpe\/"}]}},"_links":{"self":[{"href":"https:\/\/peoplesphere.be\/fr\/wp-json\/wp\/v2\/posts\/16287"}],"collection":[{"href":"https:\/\/peoplesphere.be\/fr\/wp-json\/wp\/v2\/posts"}],"about":[{"href":"https:\/\/peoplesphere.be\/fr\/wp-json\/wp\/v2\/types\/post"}],"author":[{"embeddable":true,"href":"https:\/\/peoplesphere.be\/fr\/wp-json\/wp\/v2\/users\/2"}],"replies":[{"embeddable":true,"href":"https:\/\/peoplesphere.be\/fr\/wp-json\/wp\/v2\/comments?post=16287"}],"version-history":[{"count":1,"href":"https:\/\/peoplesphere.be\/fr\/wp-json\/wp\/v2\/posts\/16287\/revisions"}],"predecessor-version":[{"id":16288,"href":"https:\/\/peoplesphere.be\/fr\/wp-json\/wp\/v2\/posts\/16287\/revisions\/16288"}],"wp:attachment":[{"href":"https:\/\/peoplesphere.be\/fr\/wp-json\/wp\/v2\/media?parent=16287"}],"wp:term":[{"taxonomy":"category","embeddable":true,"href":"https:\/\/peoplesphere.be\/fr\/wp-json\/wp\/v2\/categories?post=16287"},{"taxonomy":"post_tag","embeddable":true,"href":"https:\/\/peoplesphere.be\/fr\/wp-json\/wp\/v2\/tags?post=16287"}],"curies":[{"name":"wp","href":"https:\/\/api.w.org\/{rel}","templated":true}]}}