









{"id":16294,"date":"2024-06-11T17:07:56","date_gmt":"2024-06-11T15:07:56","guid":{"rendered":"https:\/\/peoplesphere.be\/fr\/?p=16294"},"modified":"2024-06-11T17:07:56","modified_gmt":"2024-06-11T15:07:56","slug":"tous-supporters-des-diables-rouges-a-leuro-2-employeurs-sur-3-craignent-un-impact-negatif-sur-la-productivite","status":"publish","type":"post","link":"https:\/\/peoplesphere.be\/fr\/tous-supporters-des-diables-rouges-a-leuro-2-employeurs-sur-3-craignent-un-impact-negatif-sur-la-productivite\/","title":{"rendered":"Tous supporters des Diables Rouges \u00e0 l&rsquo;Euro? 2 employeurs sur 3 craignent un impact n\u00e9gatif sur la productivit\u00e9&#8230;"},"content":{"rendered":"<p>Les Diables Rouges d\u00e9buteront leur parcours \u00e0 l\u2019Euro dans quelques jours. Avec certains matchs programm\u00e9s d\u00e8s 18 heures, concilier \u00e9v\u00e9nement sportif et travail pourrait s\u2019av\u00e9rer compliqu\u00e9. De nombreux amateurs de football se demandent syst\u00e9matiquement comment combiner au mieux travail et suivi des matchs. Id\u00e9alement, sans devoir prendre de cong\u00e9s.<!--more--><\/p>\n<p>Jo\u00ebl Poilvache, Regional Managing Director chez Robert Half, y voit cependant des d\u00e9fis, mais aussi des opportunit\u00e9s : \u00ab\u00a0<em>Les employeurs craignent que la productivit\u00e9 de leurs employ\u00e9s baisse pendant l\u2019Euro. Mais cette situation peut \u00eatre \u00e9vit\u00e9e en prenant quelques dispositions simples. Qui plus est, la diffusion des matchs des Diables Rouges offre une excellente occasion de renforcer l\u2019esprit d\u2019\u00e9quipe.\u00a0\u00bb<\/em><\/p>\n<h3><strong><em>Organiser des \u00e9v\u00e9nements<\/em><\/strong><\/h3>\n<p><em>\u00ab\u00a0Lors des pr\u00e9c\u00e9dents championnats d\u2019Europe ou Coupes du monde, nous avons vu de plus en plus d\u2019entreprises tirer profit de la situation. Elles organisent de petits \u00e9v\u00e9nements internes autour des matchs de nos Diables afin de les supporter ensemble. Cela se reproduira sans aucun doute cette fois-ci aussi, car cela a un impact tr\u00e8s positif sur la motivation et l\u2019implication des collaborateurs. De plus, cela leur permet de mieux se conna\u00eetre dans un cadre plus d\u00e9tendu. Cela contribue \u00e9galement \u00e0 une dynamique de groupe et \u00e0 un esprit d\u2019\u00e9quipe (encore) meilleurs, qui durent bien apr\u00e8s la comp\u00e9tition\u00a0\u00bb,<\/em> explique Jo\u00ebl Poilvache.<\/p>\n<p>Remarque importante : si en tant qu\u2019employeur, vous organisez un \u00e9v\u00e9nement \u00ab\u2009footballistique\u2009\u00bb, assurez-vous d\u2019avoir une politique claire en mati\u00e8re d\u2019alcool et communiquez sur les moyens de transport disponibles apr\u00e8s l\u2019\u00e9v\u00e9nement \u2014 tram, bus, taxi, d\u00e9signation du BOB, etc. En tant qu\u2019employeur, vous avez une responsabilit\u00e9 sp\u00e9cifique et \u00eates tenus d\u2019assurer la s\u00e9curit\u00e9 de vos employ\u00e9s.<\/p>\n<h3><strong><em>T\u00e9l\u00e9travailler le jour du match\u2009?<\/em><\/strong><\/h3>\n<p>Le travail \u00e0 distance \u00e9tant pleinement int\u00e9gr\u00e9 aujourd\u2019hui, les collaborateurs pourraient demander \u00e0 travailler depuis chez eux les jours o\u00f9 les Diables Rouges jouent. Cela d\u00e9pend alors en grande partie des r\u00e8gles existantes en mati\u00e8re de t\u00e9l\u00e9travail. Si le match tombe un jour de travail au bureau, l\u2019employeur aura le dernier mot. Si le collaborateur peut travailler de chez lui, il doit \u00e9videmment respecter les horaires de travail et les accords qui en d\u00e9coulent. L\u00e0 encore, il est important de formuler de r\u00e8gles claires au pr\u00e9alable pour \u00e9viter toute mauvaise surprise.<\/p>\n<p>En cas de d\u00e9saccord, l\u2019employeur peut d\u00e9cider de contr\u00f4ler les performances et les activit\u00e9s durant le t\u00e9l\u00e9travail, \u00e0 condition toutefois de respecter la l\u00e9gislation sur la protection de la vie priv\u00e9e et le RGPD. Ce contr\u00f4le ne peut avoir lieu que s\u2019il est strictement n\u00e9cessaire pour le travail et si l\u2019int\u00e9r\u00eat professionnel pr\u00e9vaut sur la vie priv\u00e9e de l\u2019employ\u00e9. Celui-ci doit en \u00eatre inform\u00e9 \u00e0 l\u2019avance, par exemple en inscrivant cette mesure dans le r\u00e8glement int\u00e9rieur de l\u2019entreprise. Il est important que cette d\u00e9cision ne soit pas prise de mani\u00e8re impromptue par l\u2019employeur juste avant l\u2019Euro.<\/p>\n<h3><strong><em>\u00c9viter une baisse de productivit\u00e9<\/em><\/strong><\/h3>\n<p>Une \u00e9tude men\u00e9e par Robert Half a r\u00e9v\u00e9l\u00e9 que deux employeurs sur trois craignent qu\u2019un \u00e9v\u00e9nement tel que l\u2019Euro ne nuise \u00e0 la productivit\u00e9. Mais, \u00ab\u00a0<em>gr\u00e2ce \u00e0 quelques mesures simples, vous pouvez maintenir la productivit\u00e9 et la satisfaction de vos employ\u00e9s \u00e0 un bon niveau\u00a0\u00bb<\/em>, explique Jo\u00ebl Poilvache. <em>\u00ab\u00a0Vous pouvez motiver vos \u00e9quipes \u00e0 se concentrer pleinement sur leur travail pendant les heures de bureau, en \u00e9vitant de planifier des r\u00e9unions le lendemain matin d\u2019un match, ou en leur permettant de partir une heure plus t\u00f4t. De cette fa\u00e7on, vos collaborateurs ne rateront pas le d\u00e9but du match et vous garantirez que la productivit\u00e9 reste constante.\u00a0\u00bb<\/em><\/p>\n","protected":false},"excerpt":{"rendered":"<p>Les Diables Rouges d\u00e9buteront leur parcours \u00e0 l\u2019Euro dans quelques jours. Avec certains matchs programm\u00e9s d\u00e8s 18 heures, concilier \u00e9v\u00e9nement sportif et travail pourrait s\u2019av\u00e9rer compliqu\u00e9. De nombreux amateurs de football se demandent syst\u00e9matiquement comment combiner au mieux travail et [&hellip;]<\/p>\n","protected":false},"author":2,"featured_media":16295,"comment_status":"closed","ping_status":"open","sticky":false,"template":"","format":"standard","meta":[],"categories":[65,10],"tags":[847,179,219],"yoast_head":"<!-- This site is optimized with the Yoast SEO plugin v21.0 - https:\/\/yoast.com\/wordpress\/plugins\/seo\/ -->\n<title>Tous supporters des Diables Rouges \u00e0 l&#039;Euro? 2 employeurs sur 3 craignent un impact n\u00e9gatif sur la productivit\u00e9... - Peoplesphere<\/title>\n<meta name=\"description\" content=\"Tous supporters des Diables Rouges \u00e0 l&#039;Euro? 2 employeurs sur 3 craignent un impact n\u00e9gatif sur la productivit\u00e9...\" \/>\n<meta name=\"robots\" content=\"index, follow, max-snippet:-1, max-image-preview:large, max-video-preview:-1\" \/>\n<link rel=\"canonical\" href=\"https:\/\/peoplesphere.be\/fr\/tous-supporters-des-diables-rouges-a-leuro-2-employeurs-sur-3-craignent-un-impact-negatif-sur-la-productivite\/\" \/>\n<meta property=\"og:locale\" content=\"fr_FR\" \/>\n<meta property=\"og:type\" content=\"article\" \/>\n<meta property=\"og:title\" content=\"Tous supporters des Diables Rouges \u00e0 l&#039;Euro? 2 employeurs sur 3 craignent un impact n\u00e9gatif sur la productivit\u00e9... - Peoplesphere\" \/>\n<meta property=\"og:description\" content=\"Tous supporters des Diables Rouges \u00e0 l&#039;Euro? 2 employeurs sur 3 craignent un impact n\u00e9gatif sur la productivit\u00e9...\" \/>\n<meta property=\"og:url\" content=\"https:\/\/peoplesphere.be\/fr\/tous-supporters-des-diables-rouges-a-leuro-2-employeurs-sur-3-craignent-un-impact-negatif-sur-la-productivite\/\" \/>\n<meta property=\"og:site_name\" content=\"Peoplesphere\" \/>\n<meta property=\"article:publisher\" content=\"https:\/\/www.facebook.com\/peoplesphere\" \/>\n<meta property=\"article:published_time\" content=\"2024-06-11T15:07:56+00:00\" \/>\n<meta property=\"og:image\" content=\"https:\/\/peoplesphere.be\/fr\/wp-content\/uploads\/2024\/06\/20240611eurofoot.jpg\" \/>\n\t<meta property=\"og:image:width\" content=\"1160\" \/>\n\t<meta property=\"og:image:height\" content=\"560\" \/>\n\t<meta property=\"og:image:type\" content=\"image\/jpeg\" \/>\n<meta name=\"author\" content=\"Jean-Paul Erhard\" \/>\n<meta name=\"twitter:card\" content=\"summary_large_image\" \/>\n<meta name=\"twitter:creator\" content=\"@PeoplesphereMag\" \/>\n<meta name=\"twitter:site\" content=\"@PeoplesphereMag\" \/>\n<meta name=\"twitter:label1\" content=\"\u00c9crit par\" \/>\n\t<meta name=\"twitter:data1\" content=\"Jean-Paul Erhard\" \/>\n\t<meta name=\"twitter:label2\" content=\"Dur\u00e9e de lecture estim\u00e9e\" \/>\n\t<meta name=\"twitter:data2\" content=\"3 minutes\" \/>\n<script type=\"application\/ld+json\" class=\"yoast-schema-graph\">{\"@context\":\"https:\/\/schema.org\",\"@graph\":[{\"@type\":\"Article\",\"@id\":\"https:\/\/peoplesphere.be\/fr\/tous-supporters-des-diables-rouges-a-leuro-2-employeurs-sur-3-craignent-un-impact-negatif-sur-la-productivite\/#article\",\"isPartOf\":{\"@id\":\"https:\/\/peoplesphere.be\/fr\/tous-supporters-des-diables-rouges-a-leuro-2-employeurs-sur-3-craignent-un-impact-negatif-sur-la-productivite\/\"},\"author\":{\"name\":\"Jean-Paul Erhard\",\"@id\":\"https:\/\/peoplesphere.be\/fr\/#\/schema\/person\/7976225ff17988604334abb7b3536a7e\"},\"headline\":\"Tous supporters des Diables Rouges \u00e0 l&rsquo;Euro? 2 employeurs sur 3 craignent un impact n\u00e9gatif sur la productivit\u00e9&#8230;\",\"datePublished\":\"2024-06-11T15:07:56+00:00\",\"dateModified\":\"2024-06-11T15:07:56+00:00\",\"mainEntityOfPage\":{\"@id\":\"https:\/\/peoplesphere.be\/fr\/tous-supporters-des-diables-rouges-a-leuro-2-employeurs-sur-3-craignent-un-impact-negatif-sur-la-productivite\/\"},\"wordCount\":669,\"publisher\":{\"@id\":\"https:\/\/peoplesphere.be\/fr\/#organization\"},\"keywords\":[\"convivialit\u00e9\",\"productivit\u00e9\",\"t\u00e9l\u00e9travail\"],\"articleSection\":[\"Actualit\u00e9s\",\"Digital\"],\"inLanguage\":\"fr-FR\"},{\"@type\":\"WebPage\",\"@id\":\"https:\/\/peoplesphere.be\/fr\/tous-supporters-des-diables-rouges-a-leuro-2-employeurs-sur-3-craignent-un-impact-negatif-sur-la-productivite\/\",\"url\":\"https:\/\/peoplesphere.be\/fr\/tous-supporters-des-diables-rouges-a-leuro-2-employeurs-sur-3-craignent-un-impact-negatif-sur-la-productivite\/\",\"name\":\"Tous supporters des Diables Rouges \u00e0 l'Euro? 2 employeurs sur 3 craignent un impact n\u00e9gatif sur la productivit\u00e9... - Peoplesphere\",\"isPartOf\":{\"@id\":\"https:\/\/peoplesphere.be\/fr\/#website\"},\"datePublished\":\"2024-06-11T15:07:56+00:00\",\"dateModified\":\"2024-06-11T15:07:56+00:00\",\"description\":\"Tous supporters des Diables Rouges \u00e0 l'Euro? 2 employeurs sur 3 craignent un impact n\u00e9gatif sur la productivit\u00e9...\",\"breadcrumb\":{\"@id\":\"https:\/\/peoplesphere.be\/fr\/tous-supporters-des-diables-rouges-a-leuro-2-employeurs-sur-3-craignent-un-impact-negatif-sur-la-productivite\/#breadcrumb\"},\"inLanguage\":\"fr-FR\",\"potentialAction\":[{\"@type\":\"ReadAction\",\"target\":[\"https:\/\/peoplesphere.be\/fr\/tous-supporters-des-diables-rouges-a-leuro-2-employeurs-sur-3-craignent-un-impact-negatif-sur-la-productivite\/\"]}]},{\"@type\":\"BreadcrumbList\",\"@id\":\"https:\/\/peoplesphere.be\/fr\/tous-supporters-des-diables-rouges-a-leuro-2-employeurs-sur-3-craignent-un-impact-negatif-sur-la-productivite\/#breadcrumb\",\"itemListElement\":[{\"@type\":\"ListItem\",\"position\":1,\"name\":\"Accueil\",\"item\":\"https:\/\/peoplesphere.be\/fr\/\"},{\"@type\":\"ListItem\",\"position\":2,\"name\":\"Tous supporters des Diables Rouges \u00e0 l&rsquo;Euro? 2 employeurs sur 3 craignent un impact n\u00e9gatif sur la productivit\u00e9&#8230;\"}]},{\"@type\":\"WebSite\",\"@id\":\"https:\/\/peoplesphere.be\/fr\/#website\",\"url\":\"https:\/\/peoplesphere.be\/fr\/\",\"name\":\"Peoplesphere\",\"description\":\"The People Managers Magazine\",\"publisher\":{\"@id\":\"https:\/\/peoplesphere.be\/fr\/#organization\"},\"potentialAction\":[{\"@type\":\"SearchAction\",\"target\":{\"@type\":\"EntryPoint\",\"urlTemplate\":\"https:\/\/peoplesphere.be\/fr\/?s={search_term_string}\"},\"query-input\":\"required name=search_term_string\"}],\"inLanguage\":\"fr-FR\"},{\"@type\":\"Organization\",\"@id\":\"https:\/\/peoplesphere.be\/fr\/#organization\",\"name\":\"Peoplesphere Company srl\",\"url\":\"https:\/\/peoplesphere.be\/fr\/\",\"logo\":{\"@type\":\"ImageObject\",\"inLanguage\":\"fr-FR\",\"@id\":\"https:\/\/peoplesphere.be\/fr\/#\/schema\/logo\/image\/\",\"url\":\"https:\/\/peoplesphere.be\/fr\/wp-content\/uploads\/2023\/07\/peoplesphere-lgo-new-generik.jpg\",\"contentUrl\":\"https:\/\/peoplesphere.be\/fr\/wp-content\/uploads\/2023\/07\/peoplesphere-lgo-new-generik.jpg\",\"width\":1031,\"height\":1479,\"caption\":\"Peoplesphere Company srl\"},\"image\":{\"@id\":\"https:\/\/peoplesphere.be\/fr\/#\/schema\/logo\/image\/\"},\"sameAs\":[\"https:\/\/www.facebook.com\/peoplesphere\",\"https:\/\/twitter.com\/PeoplesphereMag\",\"https:\/\/www.linkedin.com\/company\/7587361?trk\",\"http:\/\/youtube.com\/peoplesphere\"]},{\"@type\":\"Person\",\"@id\":\"https:\/\/peoplesphere.be\/fr\/#\/schema\/person\/7976225ff17988604334abb7b3536a7e\",\"name\":\"Jean-Paul Erhard\",\"image\":{\"@type\":\"ImageObject\",\"inLanguage\":\"fr-FR\",\"@id\":\"https:\/\/peoplesphere.be\/fr\/#\/schema\/person\/image\/\",\"url\":\"https:\/\/secure.gravatar.com\/avatar\/f941e681460179738071629a51574930?s=96&d=mm&r=g\",\"contentUrl\":\"https:\/\/secure.gravatar.com\/avatar\/f941e681460179738071629a51574930?s=96&d=mm&r=g\",\"caption\":\"Jean-Paul Erhard\"},\"url\":\"https:\/\/peoplesphere.be\/fr\/author\/jpe\/\"}]}<\/script>\n<!-- \/ Yoast SEO plugin. -->","yoast_head_json":{"title":"Tous supporters des Diables Rouges \u00e0 l'Euro? 2 employeurs sur 3 craignent un impact n\u00e9gatif sur la productivit\u00e9... - Peoplesphere","description":"Tous supporters des Diables Rouges \u00e0 l'Euro? 2 employeurs sur 3 craignent un impact n\u00e9gatif sur la productivit\u00e9...","robots":{"index":"index","follow":"follow","max-snippet":"max-snippet:-1","max-image-preview":"max-image-preview:large","max-video-preview":"max-video-preview:-1"},"canonical":"https:\/\/peoplesphere.be\/fr\/tous-supporters-des-diables-rouges-a-leuro-2-employeurs-sur-3-craignent-un-impact-negatif-sur-la-productivite\/","og_locale":"fr_FR","og_type":"article","og_title":"Tous supporters des Diables Rouges \u00e0 l'Euro? 2 employeurs sur 3 craignent un impact n\u00e9gatif sur la productivit\u00e9... - Peoplesphere","og_description":"Tous supporters des Diables Rouges \u00e0 l'Euro? 2 employeurs sur 3 craignent un impact n\u00e9gatif sur la productivit\u00e9...","og_url":"https:\/\/peoplesphere.be\/fr\/tous-supporters-des-diables-rouges-a-leuro-2-employeurs-sur-3-craignent-un-impact-negatif-sur-la-productivite\/","og_site_name":"Peoplesphere","article_publisher":"https:\/\/www.facebook.com\/peoplesphere","article_published_time":"2024-06-11T15:07:56+00:00","og_image":[{"width":1160,"height":560,"url":"https:\/\/peoplesphere.be\/fr\/wp-content\/uploads\/2024\/06\/20240611eurofoot.jpg","type":"image\/jpeg"}],"author":"Jean-Paul Erhard","twitter_card":"summary_large_image","twitter_creator":"@PeoplesphereMag","twitter_site":"@PeoplesphereMag","twitter_misc":{"\u00c9crit par":"Jean-Paul Erhard","Dur\u00e9e de lecture estim\u00e9e":"3 minutes"},"schema":{"@context":"https:\/\/schema.org","@graph":[{"@type":"Article","@id":"https:\/\/peoplesphere.be\/fr\/tous-supporters-des-diables-rouges-a-leuro-2-employeurs-sur-3-craignent-un-impact-negatif-sur-la-productivite\/#article","isPartOf":{"@id":"https:\/\/peoplesphere.be\/fr\/tous-supporters-des-diables-rouges-a-leuro-2-employeurs-sur-3-craignent-un-impact-negatif-sur-la-productivite\/"},"author":{"name":"Jean-Paul Erhard","@id":"https:\/\/peoplesphere.be\/fr\/#\/schema\/person\/7976225ff17988604334abb7b3536a7e"},"headline":"Tous supporters des Diables Rouges \u00e0 l&rsquo;Euro? 2 employeurs sur 3 craignent un impact n\u00e9gatif sur la productivit\u00e9&#8230;","datePublished":"2024-06-11T15:07:56+00:00","dateModified":"2024-06-11T15:07:56+00:00","mainEntityOfPage":{"@id":"https:\/\/peoplesphere.be\/fr\/tous-supporters-des-diables-rouges-a-leuro-2-employeurs-sur-3-craignent-un-impact-negatif-sur-la-productivite\/"},"wordCount":669,"publisher":{"@id":"https:\/\/peoplesphere.be\/fr\/#organization"},"keywords":["convivialit\u00e9","productivit\u00e9","t\u00e9l\u00e9travail"],"articleSection":["Actualit\u00e9s","Digital"],"inLanguage":"fr-FR"},{"@type":"WebPage","@id":"https:\/\/peoplesphere.be\/fr\/tous-supporters-des-diables-rouges-a-leuro-2-employeurs-sur-3-craignent-un-impact-negatif-sur-la-productivite\/","url":"https:\/\/peoplesphere.be\/fr\/tous-supporters-des-diables-rouges-a-leuro-2-employeurs-sur-3-craignent-un-impact-negatif-sur-la-productivite\/","name":"Tous supporters des Diables Rouges \u00e0 l'Euro? 2 employeurs sur 3 craignent un impact n\u00e9gatif sur la productivit\u00e9... - Peoplesphere","isPartOf":{"@id":"https:\/\/peoplesphere.be\/fr\/#website"},"datePublished":"2024-06-11T15:07:56+00:00","dateModified":"2024-06-11T15:07:56+00:00","description":"Tous supporters des Diables Rouges \u00e0 l'Euro? 2 employeurs sur 3 craignent un impact n\u00e9gatif sur la productivit\u00e9...","breadcrumb":{"@id":"https:\/\/peoplesphere.be\/fr\/tous-supporters-des-diables-rouges-a-leuro-2-employeurs-sur-3-craignent-un-impact-negatif-sur-la-productivite\/#breadcrumb"},"inLanguage":"fr-FR","potentialAction":[{"@type":"ReadAction","target":["https:\/\/peoplesphere.be\/fr\/tous-supporters-des-diables-rouges-a-leuro-2-employeurs-sur-3-craignent-un-impact-negatif-sur-la-productivite\/"]}]},{"@type":"BreadcrumbList","@id":"https:\/\/peoplesphere.be\/fr\/tous-supporters-des-diables-rouges-a-leuro-2-employeurs-sur-3-craignent-un-impact-negatif-sur-la-productivite\/#breadcrumb","itemListElement":[{"@type":"ListItem","position":1,"name":"Accueil","item":"https:\/\/peoplesphere.be\/fr\/"},{"@type":"ListItem","position":2,"name":"Tous supporters des Diables Rouges \u00e0 l&rsquo;Euro? 2 employeurs sur 3 craignent un impact n\u00e9gatif sur la productivit\u00e9&#8230;"}]},{"@type":"WebSite","@id":"https:\/\/peoplesphere.be\/fr\/#website","url":"https:\/\/peoplesphere.be\/fr\/","name":"Peoplesphere","description":"The People Managers Magazine","publisher":{"@id":"https:\/\/peoplesphere.be\/fr\/#organization"},"potentialAction":[{"@type":"SearchAction","target":{"@type":"EntryPoint","urlTemplate":"https:\/\/peoplesphere.be\/fr\/?s={search_term_string}"},"query-input":"required name=search_term_string"}],"inLanguage":"fr-FR"},{"@type":"Organization","@id":"https:\/\/peoplesphere.be\/fr\/#organization","name":"Peoplesphere Company srl","url":"https:\/\/peoplesphere.be\/fr\/","logo":{"@type":"ImageObject","inLanguage":"fr-FR","@id":"https:\/\/peoplesphere.be\/fr\/#\/schema\/logo\/image\/","url":"https:\/\/peoplesphere.be\/fr\/wp-content\/uploads\/2023\/07\/peoplesphere-lgo-new-generik.jpg","contentUrl":"https:\/\/peoplesphere.be\/fr\/wp-content\/uploads\/2023\/07\/peoplesphere-lgo-new-generik.jpg","width":1031,"height":1479,"caption":"Peoplesphere Company srl"},"image":{"@id":"https:\/\/peoplesphere.be\/fr\/#\/schema\/logo\/image\/"},"sameAs":["https:\/\/www.facebook.com\/peoplesphere","https:\/\/twitter.com\/PeoplesphereMag","https:\/\/www.linkedin.com\/company\/7587361?trk","http:\/\/youtube.com\/peoplesphere"]},{"@type":"Person","@id":"https:\/\/peoplesphere.be\/fr\/#\/schema\/person\/7976225ff17988604334abb7b3536a7e","name":"Jean-Paul Erhard","image":{"@type":"ImageObject","inLanguage":"fr-FR","@id":"https:\/\/peoplesphere.be\/fr\/#\/schema\/person\/image\/","url":"https:\/\/secure.gravatar.com\/avatar\/f941e681460179738071629a51574930?s=96&d=mm&r=g","contentUrl":"https:\/\/secure.gravatar.com\/avatar\/f941e681460179738071629a51574930?s=96&d=mm&r=g","caption":"Jean-Paul Erhard"},"url":"https:\/\/peoplesphere.be\/fr\/author\/jpe\/"}]}},"_links":{"self":[{"href":"https:\/\/peoplesphere.be\/fr\/wp-json\/wp\/v2\/posts\/16294"}],"collection":[{"href":"https:\/\/peoplesphere.be\/fr\/wp-json\/wp\/v2\/posts"}],"about":[{"href":"https:\/\/peoplesphere.be\/fr\/wp-json\/wp\/v2\/types\/post"}],"author":[{"embeddable":true,"href":"https:\/\/peoplesphere.be\/fr\/wp-json\/wp\/v2\/users\/2"}],"replies":[{"embeddable":true,"href":"https:\/\/peoplesphere.be\/fr\/wp-json\/wp\/v2\/comments?post=16294"}],"version-history":[{"count":1,"href":"https:\/\/peoplesphere.be\/fr\/wp-json\/wp\/v2\/posts\/16294\/revisions"}],"predecessor-version":[{"id":16296,"href":"https:\/\/peoplesphere.be\/fr\/wp-json\/wp\/v2\/posts\/16294\/revisions\/16296"}],"wp:featuredmedia":[{"embeddable":true,"href":"https:\/\/peoplesphere.be\/fr\/wp-json\/wp\/v2\/media\/16295"}],"wp:attachment":[{"href":"https:\/\/peoplesphere.be\/fr\/wp-json\/wp\/v2\/media?parent=16294"}],"wp:term":[{"taxonomy":"category","embeddable":true,"href":"https:\/\/peoplesphere.be\/fr\/wp-json\/wp\/v2\/categories?post=16294"},{"taxonomy":"post_tag","embeddable":true,"href":"https:\/\/peoplesphere.be\/fr\/wp-json\/wp\/v2\/tags?post=16294"}],"curies":[{"name":"wp","href":"https:\/\/api.w.org\/{rel}","templated":true}]}}