









{"id":16303,"date":"2024-06-13T09:35:15","date_gmt":"2024-06-13T07:35:15","guid":{"rendered":"https:\/\/peoplesphere.be\/fr\/?p=16303"},"modified":"2024-06-13T09:35:15","modified_gmt":"2024-06-13T07:35:15","slug":"droit-a-la-deconnexion-un-travailleur-sur-trois-reste-disponible-pour-ses-collegues-et-clients-pendant-ses-vacances","status":"publish","type":"post","link":"https:\/\/peoplesphere.be\/fr\/droit-a-la-deconnexion-un-travailleur-sur-trois-reste-disponible-pour-ses-collegues-et-clients-pendant-ses-vacances\/","title":{"rendered":"Droit \u00e0 la d\u00e9connexion? Un travailleur sur trois reste disponible pour ses coll\u00e8gues et clients pendant ses vacances."},"content":{"rendered":"<p>L&rsquo;\u00e9t\u00e9 est le moment id\u00e9al pour prendre des cong\u00e9s pour de nombreux collaborateurs. Fait marquant : selon une enqu\u00eate r\u00e9alis\u00e9e par le groupe de services RH Liantis, 31,5% d&rsquo;entre eux d\u00e9clarent rester joignables pour les coll\u00e8gues et les clients durant leurs vacances. 6,7% disent m\u00eame continuer \u00e0 participer \u00e0 des r\u00e9unions. On estime pourtant chez Liantis que la d\u00e9connexion est d\u2019une importance capitale.<!--more--><\/p>\n<h3><strong><em>Vacances = d\u00e9connexion ?<\/em><\/strong><\/h3>\n<p>En moyenne, les collaborateurs prennent 27,4 jours de cong\u00e9 par an. La majorit\u00e9 (54,4%) pr\u00e9f\u00e8rent prendre plusieurs cong\u00e9s de courte dur\u00e9e tout au long de l&rsquo;ann\u00e9e et un cong\u00e9 plus long (en \u00e9t\u00e9). Parmi les personnes qui ont des enfants sous leur toit, ce chiffre atteint \u2013 ce qui est logique \u2013 62,5%. C&rsquo;est ce que r\u00e9v\u00e8le une enqu\u00eate men\u00e9e aupr\u00e8s de 1.000 collaborateurs par le groupe de services RH Liantis, en collaboration avec iVOX.<\/p>\n<p>Liantis a \u00e9galement demand\u00e9 aux personnes interrog\u00e9es si et comment elles restent (ou non) joignables pour le travail pendant leur p\u00e9riode de cong\u00e9. Et les r\u00e9sultats sont surprenants :<\/p>\n<ul>\n<li>31,5% restent joignables (par t\u00e9l\u00e9phone) pour les coll\u00e8gues ou les clients<\/li>\n<li>18,1% consultent occasionnellement leurs e-mails ou y r\u00e9pondent<\/li>\n<li>10,2% restent joignables (par t\u00e9l\u00e9phone) pour leur responsable d\u2019\u00e9quipe<\/li>\n<li>6,7% continuent \u00e0 participer \u00e0 des r\u00e9unions importantes<\/li>\n<\/ul>\n<p>Les r\u00e9sultats ne surprennent pas Evy Sadicaris, experte de Liantis. \u00ab\u00a0<em>De nombreuses personnes trouvent rassurant de savoir que, s&rsquo;il se passe vraiment quelque chose au travail, leurs coll\u00e8gues les pr\u00e9viendront, m\u00eame pendant leurs cong\u00e9s. Mais bien s\u00fbr, un cong\u00e9 reste un cong\u00e9 et le but n\u2019est pas de vous faire travailler \u00e0 ce moment-l\u00e0. Assister \u00e0 des r\u00e9unions n&rsquo;est donc pas une bonne id\u00e9e si vous voulez vous d\u00e9connecter. Mon principal conseil ? Passez des accords clairs avec votre \u00e9quipe avant de partir en cong\u00e9. Par exemple, sp\u00e9cifiez quelles r\u00e9unions doivent \u00eatre prises en charge, qui reprend vos t\u00e2ches en votre absence et, si vous le souhaitez, pour quelles questions exceptionnelles vos coll\u00e8gues peuvent vous appeler. Vous pourrez ainsi partir en vacances l&rsquo;esprit tranquille.\u00a0\u00bb<\/em><\/p>\n<h3><strong><em>Apr\u00e8s les vacances&#8230;<\/em><\/strong><\/h3>\n<p>L&rsquo;enqu\u00eate montre que 22,8% des r\u00e9pondants sont plus stress\u00e9s que d&rsquo;habitude \u00e0 leur retour de vacances. 19,9% d\u00e9clarent \u00eatre aussi stress\u00e9s \u00e0 l&rsquo;avance \u00e0 l\u2019id\u00e9e de tout le travail qui s&rsquo;est accumul\u00e9. Enfin, 16,3% d\u00e9clarent avoir besoin de plusieurs semaines pour retrouver leur rythme normal. \u00ab\u00a0<em>Ici encore, une bonne pr\u00e9paration peut faire des miracles. D&rsquo;une part, vous pouvez demander \u00e0 vos coll\u00e8gues de prendre en charge certaines t\u00e2ches urgentes durant votre cong\u00e9 afin d&rsquo;\u00e9viter que toute une pile de travail ne vous attende \u00e0 votre retour. D&rsquo;autre part, il est judicieux, peu apr\u00e8s votre d\u00e9part en vacances, de bloquer dans votre agenda une p\u00e9riode durant laquelle vous n&rsquo;aurez pas de r\u00e9unions. Pendant cette p\u00e9riode, vous pourrez g\u00e9rer votre messagerie et prendre contact avec des coll\u00e8gues et des responsables d\u2019\u00e9quipe afin d\u2019\u00eatre inform\u00e9 de ce qui est n\u00e9cessaire. Que s&rsquo;est-il pass\u00e9 ? Qu&rsquo;avez-vous manqu\u00e9 ? Ce n&rsquo;est qu&rsquo;\u00e0 ce moment-l\u00e0 que vous serez \u00e0 nouveau pleinement op\u00e9rationnel\u00a0\u00bb<\/em>, dit Evy Sadicaris pour conclure.<\/p>\n<h3><strong><em>Droit \u00e0 la d\u00e9connexion<\/em><\/strong><\/h3>\n<p>Last but not least, employeurs, responsables d\u2019\u00e9quipe et collaborateurs (dans les entreprises de plus de 20 travailleurs) doivent prendre en compte la l\u00e9gislation r\u00e9cente sur la d\u00e9connexion. <em>\u00ab\u00a0Le droit \u00e0 la d\u00e9connexion est le droit l\u00e9gal d&rsquo;\u00eatre hors ligne ou injoignable en dehors des heures de travail. Votre employeur ne peut donc plus vous contacter, sauf en cas de circonstances impr\u00e9vues ou sp\u00e9cifiques qui ne peuvent attendre. Ces circonstances et conditions pratiques doivent \u00eatre d\u00e9finies par l&#8217;employeur dans une CCT ou dans le r\u00e8glement du travail. Les directives doivent pr\u00e9ciser de fa\u00e7on objective quand l&#8217;employeur a ou non le droit de d\u00e9ranger un collaborateur apr\u00e8s les heures de travail. Il ne s&rsquo;agit pas de directives strictes de type \u00ab\u00a0ne pas d\u00e9ranger\u00a0\u00bb, mais plut\u00f4t d&rsquo;un cadre pour des modalit\u00e9s de travail flexibles et r\u00e9alistes.\u00a0\u00bb<\/em><\/p>\n","protected":false},"excerpt":{"rendered":"<p>L&rsquo;\u00e9t\u00e9 est le moment id\u00e9al pour prendre des cong\u00e9s pour de nombreux collaborateurs. Fait marquant : selon une enqu\u00eate r\u00e9alis\u00e9e par le groupe de services RH Liantis, 31,5% d&rsquo;entre eux d\u00e9clarent rester joignables pour les coll\u00e8gues et les clients durant [&hellip;]<\/p>\n","protected":false},"author":2,"featured_media":16304,"comment_status":"closed","ping_status":"open","sticky":false,"template":"","format":"standard","meta":[],"categories":[65,10],"tags":[1529,220,6],"yoast_head":"<!-- This site is optimized with the Yoast SEO plugin v21.0 - https:\/\/yoast.com\/wordpress\/plugins\/seo\/ -->\n<title>Droit \u00e0 la d\u00e9connexion? Un travailleur sur trois reste disponible pour ses coll\u00e8gues et clients pendant ses vacances. - Peoplesphere<\/title>\n<meta name=\"robots\" content=\"index, follow, max-snippet:-1, max-image-preview:large, max-video-preview:-1\" \/>\n<link rel=\"canonical\" href=\"https:\/\/peoplesphere.be\/fr\/droit-a-la-deconnexion-un-travailleur-sur-trois-reste-disponible-pour-ses-collegues-et-clients-pendant-ses-vacances\/\" \/>\n<meta property=\"og:locale\" content=\"fr_FR\" \/>\n<meta property=\"og:type\" content=\"article\" \/>\n<meta property=\"og:title\" content=\"Droit \u00e0 la d\u00e9connexion? Un travailleur sur trois reste disponible pour ses coll\u00e8gues et clients pendant ses vacances. - Peoplesphere\" \/>\n<meta property=\"og:description\" content=\"L&rsquo;\u00e9t\u00e9 est le moment id\u00e9al pour prendre des cong\u00e9s pour de nombreux collaborateurs. Fait marquant : selon une enqu\u00eate r\u00e9alis\u00e9e par le groupe de services RH Liantis, 31,5% d&rsquo;entre eux d\u00e9clarent rester joignables pour les coll\u00e8gues et les clients durant [&hellip;]\" \/>\n<meta property=\"og:url\" content=\"https:\/\/peoplesphere.be\/fr\/droit-a-la-deconnexion-un-travailleur-sur-trois-reste-disponible-pour-ses-collegues-et-clients-pendant-ses-vacances\/\" \/>\n<meta property=\"og:site_name\" content=\"Peoplesphere\" \/>\n<meta property=\"article:publisher\" content=\"https:\/\/www.facebook.com\/peoplesphere\" \/>\n<meta property=\"article:published_time\" content=\"2024-06-13T07:35:15+00:00\" \/>\n<meta property=\"og:image\" content=\"https:\/\/peoplesphere.be\/fr\/wp-content\/uploads\/2024\/06\/20230629deconnxionholidays.jpg\" \/>\n\t<meta property=\"og:image:width\" content=\"1240\" \/>\n\t<meta property=\"og:image:height\" content=\"503\" \/>\n\t<meta property=\"og:image:type\" content=\"image\/jpeg\" \/>\n<meta name=\"author\" content=\"Jean-Paul Erhard\" \/>\n<meta name=\"twitter:card\" content=\"summary_large_image\" \/>\n<meta name=\"twitter:creator\" content=\"@PeoplesphereMag\" \/>\n<meta name=\"twitter:site\" content=\"@PeoplesphereMag\" \/>\n<meta name=\"twitter:label1\" content=\"\u00c9crit par\" \/>\n\t<meta name=\"twitter:data1\" content=\"Jean-Paul Erhard\" \/>\n\t<meta name=\"twitter:label2\" content=\"Dur\u00e9e de lecture estim\u00e9e\" \/>\n\t<meta name=\"twitter:data2\" content=\"4 minutes\" \/>\n<script type=\"application\/ld+json\" class=\"yoast-schema-graph\">{\"@context\":\"https:\/\/schema.org\",\"@graph\":[{\"@type\":\"Article\",\"@id\":\"https:\/\/peoplesphere.be\/fr\/droit-a-la-deconnexion-un-travailleur-sur-trois-reste-disponible-pour-ses-collegues-et-clients-pendant-ses-vacances\/#article\",\"isPartOf\":{\"@id\":\"https:\/\/peoplesphere.be\/fr\/droit-a-la-deconnexion-un-travailleur-sur-trois-reste-disponible-pour-ses-collegues-et-clients-pendant-ses-vacances\/\"},\"author\":{\"name\":\"Jean-Paul Erhard\",\"@id\":\"https:\/\/peoplesphere.be\/fr\/#\/schema\/person\/7976225ff17988604334abb7b3536a7e\"},\"headline\":\"Droit \u00e0 la d\u00e9connexion? Un travailleur sur trois reste disponible pour ses coll\u00e8gues et clients pendant ses vacances.\",\"datePublished\":\"2024-06-13T07:35:15+00:00\",\"dateModified\":\"2024-06-13T07:35:15+00:00\",\"mainEntityOfPage\":{\"@id\":\"https:\/\/peoplesphere.be\/fr\/droit-a-la-deconnexion-un-travailleur-sur-trois-reste-disponible-pour-ses-collegues-et-clients-pendant-ses-vacances\/\"},\"wordCount\":706,\"publisher\":{\"@id\":\"https:\/\/peoplesphere.be\/fr\/#organization\"},\"keywords\":[\"droit \u00e0 la d\u00e9connexion\",\"flexibilit\u00e9\",\"Vacances\"],\"articleSection\":[\"Actualit\u00e9s\",\"Digital\"],\"inLanguage\":\"fr-FR\"},{\"@type\":\"WebPage\",\"@id\":\"https:\/\/peoplesphere.be\/fr\/droit-a-la-deconnexion-un-travailleur-sur-trois-reste-disponible-pour-ses-collegues-et-clients-pendant-ses-vacances\/\",\"url\":\"https:\/\/peoplesphere.be\/fr\/droit-a-la-deconnexion-un-travailleur-sur-trois-reste-disponible-pour-ses-collegues-et-clients-pendant-ses-vacances\/\",\"name\":\"Droit \u00e0 la d\u00e9connexion? Un travailleur sur trois reste disponible pour ses coll\u00e8gues et clients pendant ses vacances. - Peoplesphere\",\"isPartOf\":{\"@id\":\"https:\/\/peoplesphere.be\/fr\/#website\"},\"datePublished\":\"2024-06-13T07:35:15+00:00\",\"dateModified\":\"2024-06-13T07:35:15+00:00\",\"breadcrumb\":{\"@id\":\"https:\/\/peoplesphere.be\/fr\/droit-a-la-deconnexion-un-travailleur-sur-trois-reste-disponible-pour-ses-collegues-et-clients-pendant-ses-vacances\/#breadcrumb\"},\"inLanguage\":\"fr-FR\",\"potentialAction\":[{\"@type\":\"ReadAction\",\"target\":[\"https:\/\/peoplesphere.be\/fr\/droit-a-la-deconnexion-un-travailleur-sur-trois-reste-disponible-pour-ses-collegues-et-clients-pendant-ses-vacances\/\"]}]},{\"@type\":\"BreadcrumbList\",\"@id\":\"https:\/\/peoplesphere.be\/fr\/droit-a-la-deconnexion-un-travailleur-sur-trois-reste-disponible-pour-ses-collegues-et-clients-pendant-ses-vacances\/#breadcrumb\",\"itemListElement\":[{\"@type\":\"ListItem\",\"position\":1,\"name\":\"Accueil\",\"item\":\"https:\/\/peoplesphere.be\/fr\/\"},{\"@type\":\"ListItem\",\"position\":2,\"name\":\"Droit \u00e0 la d\u00e9connexion? Un travailleur sur trois reste disponible pour ses coll\u00e8gues et clients pendant ses vacances.\"}]},{\"@type\":\"WebSite\",\"@id\":\"https:\/\/peoplesphere.be\/fr\/#website\",\"url\":\"https:\/\/peoplesphere.be\/fr\/\",\"name\":\"Peoplesphere\",\"description\":\"The People Managers Magazine\",\"publisher\":{\"@id\":\"https:\/\/peoplesphere.be\/fr\/#organization\"},\"potentialAction\":[{\"@type\":\"SearchAction\",\"target\":{\"@type\":\"EntryPoint\",\"urlTemplate\":\"https:\/\/peoplesphere.be\/fr\/?s={search_term_string}\"},\"query-input\":\"required name=search_term_string\"}],\"inLanguage\":\"fr-FR\"},{\"@type\":\"Organization\",\"@id\":\"https:\/\/peoplesphere.be\/fr\/#organization\",\"name\":\"Peoplesphere Company srl\",\"url\":\"https:\/\/peoplesphere.be\/fr\/\",\"logo\":{\"@type\":\"ImageObject\",\"inLanguage\":\"fr-FR\",\"@id\":\"https:\/\/peoplesphere.be\/fr\/#\/schema\/logo\/image\/\",\"url\":\"https:\/\/peoplesphere.be\/fr\/wp-content\/uploads\/2023\/07\/peoplesphere-lgo-new-generik.jpg\",\"contentUrl\":\"https:\/\/peoplesphere.be\/fr\/wp-content\/uploads\/2023\/07\/peoplesphere-lgo-new-generik.jpg\",\"width\":1031,\"height\":1479,\"caption\":\"Peoplesphere Company srl\"},\"image\":{\"@id\":\"https:\/\/peoplesphere.be\/fr\/#\/schema\/logo\/image\/\"},\"sameAs\":[\"https:\/\/www.facebook.com\/peoplesphere\",\"https:\/\/twitter.com\/PeoplesphereMag\",\"https:\/\/www.linkedin.com\/company\/7587361?trk\",\"http:\/\/youtube.com\/peoplesphere\"]},{\"@type\":\"Person\",\"@id\":\"https:\/\/peoplesphere.be\/fr\/#\/schema\/person\/7976225ff17988604334abb7b3536a7e\",\"name\":\"Jean-Paul Erhard\",\"image\":{\"@type\":\"ImageObject\",\"inLanguage\":\"fr-FR\",\"@id\":\"https:\/\/peoplesphere.be\/fr\/#\/schema\/person\/image\/\",\"url\":\"https:\/\/secure.gravatar.com\/avatar\/f941e681460179738071629a51574930?s=96&d=mm&r=g\",\"contentUrl\":\"https:\/\/secure.gravatar.com\/avatar\/f941e681460179738071629a51574930?s=96&d=mm&r=g\",\"caption\":\"Jean-Paul Erhard\"},\"url\":\"https:\/\/peoplesphere.be\/fr\/author\/jpe\/\"}]}<\/script>\n<!-- \/ Yoast SEO plugin. -->","yoast_head_json":{"title":"Droit \u00e0 la d\u00e9connexion? Un travailleur sur trois reste disponible pour ses coll\u00e8gues et clients pendant ses vacances. - Peoplesphere","robots":{"index":"index","follow":"follow","max-snippet":"max-snippet:-1","max-image-preview":"max-image-preview:large","max-video-preview":"max-video-preview:-1"},"canonical":"https:\/\/peoplesphere.be\/fr\/droit-a-la-deconnexion-un-travailleur-sur-trois-reste-disponible-pour-ses-collegues-et-clients-pendant-ses-vacances\/","og_locale":"fr_FR","og_type":"article","og_title":"Droit \u00e0 la d\u00e9connexion? Un travailleur sur trois reste disponible pour ses coll\u00e8gues et clients pendant ses vacances. - Peoplesphere","og_description":"L&rsquo;\u00e9t\u00e9 est le moment id\u00e9al pour prendre des cong\u00e9s pour de nombreux collaborateurs. Fait marquant : selon une enqu\u00eate r\u00e9alis\u00e9e par le groupe de services RH Liantis, 31,5% d&rsquo;entre eux d\u00e9clarent rester joignables pour les coll\u00e8gues et les clients durant [&hellip;]","og_url":"https:\/\/peoplesphere.be\/fr\/droit-a-la-deconnexion-un-travailleur-sur-trois-reste-disponible-pour-ses-collegues-et-clients-pendant-ses-vacances\/","og_site_name":"Peoplesphere","article_publisher":"https:\/\/www.facebook.com\/peoplesphere","article_published_time":"2024-06-13T07:35:15+00:00","og_image":[{"width":1240,"height":503,"url":"https:\/\/peoplesphere.be\/fr\/wp-content\/uploads\/2024\/06\/20230629deconnxionholidays.jpg","type":"image\/jpeg"}],"author":"Jean-Paul Erhard","twitter_card":"summary_large_image","twitter_creator":"@PeoplesphereMag","twitter_site":"@PeoplesphereMag","twitter_misc":{"\u00c9crit par":"Jean-Paul Erhard","Dur\u00e9e de lecture estim\u00e9e":"4 minutes"},"schema":{"@context":"https:\/\/schema.org","@graph":[{"@type":"Article","@id":"https:\/\/peoplesphere.be\/fr\/droit-a-la-deconnexion-un-travailleur-sur-trois-reste-disponible-pour-ses-collegues-et-clients-pendant-ses-vacances\/#article","isPartOf":{"@id":"https:\/\/peoplesphere.be\/fr\/droit-a-la-deconnexion-un-travailleur-sur-trois-reste-disponible-pour-ses-collegues-et-clients-pendant-ses-vacances\/"},"author":{"name":"Jean-Paul Erhard","@id":"https:\/\/peoplesphere.be\/fr\/#\/schema\/person\/7976225ff17988604334abb7b3536a7e"},"headline":"Droit \u00e0 la d\u00e9connexion? Un travailleur sur trois reste disponible pour ses coll\u00e8gues et clients pendant ses vacances.","datePublished":"2024-06-13T07:35:15+00:00","dateModified":"2024-06-13T07:35:15+00:00","mainEntityOfPage":{"@id":"https:\/\/peoplesphere.be\/fr\/droit-a-la-deconnexion-un-travailleur-sur-trois-reste-disponible-pour-ses-collegues-et-clients-pendant-ses-vacances\/"},"wordCount":706,"publisher":{"@id":"https:\/\/peoplesphere.be\/fr\/#organization"},"keywords":["droit \u00e0 la d\u00e9connexion","flexibilit\u00e9","Vacances"],"articleSection":["Actualit\u00e9s","Digital"],"inLanguage":"fr-FR"},{"@type":"WebPage","@id":"https:\/\/peoplesphere.be\/fr\/droit-a-la-deconnexion-un-travailleur-sur-trois-reste-disponible-pour-ses-collegues-et-clients-pendant-ses-vacances\/","url":"https:\/\/peoplesphere.be\/fr\/droit-a-la-deconnexion-un-travailleur-sur-trois-reste-disponible-pour-ses-collegues-et-clients-pendant-ses-vacances\/","name":"Droit \u00e0 la d\u00e9connexion? Un travailleur sur trois reste disponible pour ses coll\u00e8gues et clients pendant ses vacances. - Peoplesphere","isPartOf":{"@id":"https:\/\/peoplesphere.be\/fr\/#website"},"datePublished":"2024-06-13T07:35:15+00:00","dateModified":"2024-06-13T07:35:15+00:00","breadcrumb":{"@id":"https:\/\/peoplesphere.be\/fr\/droit-a-la-deconnexion-un-travailleur-sur-trois-reste-disponible-pour-ses-collegues-et-clients-pendant-ses-vacances\/#breadcrumb"},"inLanguage":"fr-FR","potentialAction":[{"@type":"ReadAction","target":["https:\/\/peoplesphere.be\/fr\/droit-a-la-deconnexion-un-travailleur-sur-trois-reste-disponible-pour-ses-collegues-et-clients-pendant-ses-vacances\/"]}]},{"@type":"BreadcrumbList","@id":"https:\/\/peoplesphere.be\/fr\/droit-a-la-deconnexion-un-travailleur-sur-trois-reste-disponible-pour-ses-collegues-et-clients-pendant-ses-vacances\/#breadcrumb","itemListElement":[{"@type":"ListItem","position":1,"name":"Accueil","item":"https:\/\/peoplesphere.be\/fr\/"},{"@type":"ListItem","position":2,"name":"Droit \u00e0 la d\u00e9connexion? Un travailleur sur trois reste disponible pour ses coll\u00e8gues et clients pendant ses vacances."}]},{"@type":"WebSite","@id":"https:\/\/peoplesphere.be\/fr\/#website","url":"https:\/\/peoplesphere.be\/fr\/","name":"Peoplesphere","description":"The People Managers Magazine","publisher":{"@id":"https:\/\/peoplesphere.be\/fr\/#organization"},"potentialAction":[{"@type":"SearchAction","target":{"@type":"EntryPoint","urlTemplate":"https:\/\/peoplesphere.be\/fr\/?s={search_term_string}"},"query-input":"required name=search_term_string"}],"inLanguage":"fr-FR"},{"@type":"Organization","@id":"https:\/\/peoplesphere.be\/fr\/#organization","name":"Peoplesphere Company srl","url":"https:\/\/peoplesphere.be\/fr\/","logo":{"@type":"ImageObject","inLanguage":"fr-FR","@id":"https:\/\/peoplesphere.be\/fr\/#\/schema\/logo\/image\/","url":"https:\/\/peoplesphere.be\/fr\/wp-content\/uploads\/2023\/07\/peoplesphere-lgo-new-generik.jpg","contentUrl":"https:\/\/peoplesphere.be\/fr\/wp-content\/uploads\/2023\/07\/peoplesphere-lgo-new-generik.jpg","width":1031,"height":1479,"caption":"Peoplesphere Company srl"},"image":{"@id":"https:\/\/peoplesphere.be\/fr\/#\/schema\/logo\/image\/"},"sameAs":["https:\/\/www.facebook.com\/peoplesphere","https:\/\/twitter.com\/PeoplesphereMag","https:\/\/www.linkedin.com\/company\/7587361?trk","http:\/\/youtube.com\/peoplesphere"]},{"@type":"Person","@id":"https:\/\/peoplesphere.be\/fr\/#\/schema\/person\/7976225ff17988604334abb7b3536a7e","name":"Jean-Paul Erhard","image":{"@type":"ImageObject","inLanguage":"fr-FR","@id":"https:\/\/peoplesphere.be\/fr\/#\/schema\/person\/image\/","url":"https:\/\/secure.gravatar.com\/avatar\/f941e681460179738071629a51574930?s=96&d=mm&r=g","contentUrl":"https:\/\/secure.gravatar.com\/avatar\/f941e681460179738071629a51574930?s=96&d=mm&r=g","caption":"Jean-Paul Erhard"},"url":"https:\/\/peoplesphere.be\/fr\/author\/jpe\/"}]}},"_links":{"self":[{"href":"https:\/\/peoplesphere.be\/fr\/wp-json\/wp\/v2\/posts\/16303"}],"collection":[{"href":"https:\/\/peoplesphere.be\/fr\/wp-json\/wp\/v2\/posts"}],"about":[{"href":"https:\/\/peoplesphere.be\/fr\/wp-json\/wp\/v2\/types\/post"}],"author":[{"embeddable":true,"href":"https:\/\/peoplesphere.be\/fr\/wp-json\/wp\/v2\/users\/2"}],"replies":[{"embeddable":true,"href":"https:\/\/peoplesphere.be\/fr\/wp-json\/wp\/v2\/comments?post=16303"}],"version-history":[{"count":1,"href":"https:\/\/peoplesphere.be\/fr\/wp-json\/wp\/v2\/posts\/16303\/revisions"}],"predecessor-version":[{"id":16305,"href":"https:\/\/peoplesphere.be\/fr\/wp-json\/wp\/v2\/posts\/16303\/revisions\/16305"}],"wp:featuredmedia":[{"embeddable":true,"href":"https:\/\/peoplesphere.be\/fr\/wp-json\/wp\/v2\/media\/16304"}],"wp:attachment":[{"href":"https:\/\/peoplesphere.be\/fr\/wp-json\/wp\/v2\/media?parent=16303"}],"wp:term":[{"taxonomy":"category","embeddable":true,"href":"https:\/\/peoplesphere.be\/fr\/wp-json\/wp\/v2\/categories?post=16303"},{"taxonomy":"post_tag","embeddable":true,"href":"https:\/\/peoplesphere.be\/fr\/wp-json\/wp\/v2\/tags?post=16303"}],"curies":[{"name":"wp","href":"https:\/\/api.w.org\/{rel}","templated":true}]}}