









{"id":16311,"date":"2024-06-17T07:24:35","date_gmt":"2024-06-17T05:24:35","guid":{"rendered":"https:\/\/peoplesphere.be\/fr\/?p=16311"},"modified":"2024-06-17T07:24:35","modified_gmt":"2024-06-17T05:24:35","slug":"pour-un-saut-de-productivite-dans-le-secteur-public-les-ecarts-regionaux-revelent-un-potentiel-de-simplification-et-de-rationalisation","status":"publish","type":"post","link":"https:\/\/peoplesphere.be\/fr\/pour-un-saut-de-productivite-dans-le-secteur-public-les-ecarts-regionaux-revelent-un-potentiel-de-simplification-et-de-rationalisation\/","title":{"rendered":"Pour un saut de productivit\u00e9 dans le secteur public? Les \u00e9carts r\u00e9gionaux r\u00e9v\u00e8lent un potentiel de simplification et de rationalisation."},"content":{"rendered":"<p>Une nouvelle \u00e9tude men\u00e9e par Jean Hindriks (Itinera, UCLouvain) et Alexandre Lamfalussy (Itinera, UCLouvain) sur la taille du secteur politique en Belgique r\u00e9v\u00e8le d&rsquo;importantes diff\u00e9rences r\u00e9gionales. La Wallonie et Bruxelles ont beaucoup plus de personnel politique que la Flandre. <em>\u00ab\u00a0Il faut une v\u00e9ritable strat\u00e9gie de simplification et de qualit\u00e9 de la gouvernance, une strat\u00e9gie collective pour des gains de productivit\u00e9 de 20 % \u00e0 tous les niveaux. \u00ab On peut d\u00e9grossir les effectifs politiques sans nuire, mais il faut aussi simplifier pour am\u00e9liorer la gouvernance politique\u00a0\u00bb<\/em>, d\u00e9clare Marc De Vos, co-directeur g\u00e9n\u00e9ral d&rsquo;Itinera.<!--more--><\/p>\n<p>Notre pays est confront\u00e9 \u00e0 de profondes r\u00e9formes. L&rsquo;heure de v\u00e9rit\u00e9 budg\u00e9taire a sonn\u00e9. L&rsquo;important d\u00e9ficit budg\u00e9taire nous oblige \u00e0 ma\u00eetriser les d\u00e9penses courantes. Le gouvernement a un r\u00f4le exemplaire \u00e0 jouer dans ce domaine, mais dans notre pays, les d\u00e9penses publiques sont sup\u00e9rieures d&rsquo;environ 4,5 points de pourcentage du PIB \u00e0 la moyenne des principaux pays voisins. Il y a donc une marge pour une meilleure gouvernance.<\/p>\n<p>Le personnel politique constitue un poste de d\u00e9penses important. Notre syst\u00e8me politique complexe a un co\u00fbt \u00e9lev\u00e9 et ne garantit pas suffisamment des politiques efficaces. D&rsquo;apr\u00e8s le rapport d\u00e9taill\u00e9 de Hindriks et Lamfalussy, la Wallonie et Bruxelles disposent d&rsquo;un personnel politique particuli\u00e8rement consid\u00e9rable \u00e0 presque tous les niveaux de gouvernement.<\/p>\n<p>Quelques observations \u00e0 partir des derniers chiffres disponibles :<\/p>\n<ul>\n<li>La Communaut\u00e9 fran\u00e7aise et la Wallonie comptent deux fois plus de d\u00e9put\u00e9s par habitant que la Flandre, Bruxelles quatre fois plus. Avec 592 d\u00e9put\u00e9s r\u00e9partis dans plusieurs parlements, la Belgique a l&rsquo;une des densit\u00e9s parlementaires les plus \u00e9lev\u00e9es.<\/li>\n<li>Par million d&rsquo;habitants, la Wallonie et Bruxelles comptent plus de trois fois plus de ministres que la Flandre.<\/li>\n<li>Par million d&rsquo;habitants, la Flandre compte 40 membres de cabinet. La Wallonie et Bruxelles r\u00e9unies en comptent 213.<\/li>\n<li>Il y a deux fois plus de conseillers provinciaux par habitant en Wallonie qu&rsquo;en Flandre. En outre, les cinq provinces wallonnes emploient trois fois plus de personnel par habitant et d\u00e9pensent trois fois plus par habitant que les cinq provinces flamandes. Les d\u00e9penses de personnel par habitant sont quatre fois plus \u00e9lev\u00e9es dans les provinces wallonnes.<\/li>\n<li>Il y a deux fois plus de mandataires communaux par habitant en Wallonie qu&rsquo;en Flandre.<\/li>\n<li>La Wallonie compte deux fois plus d\u2019intercommunales (et d\u2019administrateurs) par habitant que la Flandre. L&rsquo;effectif moyen d&rsquo;une intercommunale wallonne est trois fois plus \u00e9lev\u00e9 que celui d&rsquo;une intercommunale flamande.<\/li>\n<\/ul>\n<p>L&rsquo;analyse de Hindriks et Lamfalussy met en \u00e9vidence un important potentiel d&rsquo;\u00e9conomies en Wallonie et \u00e0 Bruxelles. En Flandre, ce processus est d\u00e9j\u00e0 en cours.<\/p>\n<p>Itinera approuve cette analyse et souligne qu&rsquo;il ne faut pas se limiter \u00e0 r\u00e9duire les effectifs politiques. <em>\u00ab\u00a0Le gouvernement doit \u00eatre plus efficace et productif, y compris en Flandre. Les pouvoirs fragment\u00e9s doivent \u00eatre rassembl\u00e9s pour permettre des r\u00e9ponses politiques rapides et coh\u00e9rentes\u00a0\u00bb<\/em>, d\u00e9clare Marc De Vos. C\u2019est aussi ce que sugg\u00e8re l\u2019analyse de Hindriks et Lamfalussy.<\/p>\n<p>Une deuxi\u00e8me intervention devrait \u00eatre un sursaut de qualit\u00e9 en apportant de l&rsquo;expertise dans l&rsquo;administration. <em>\u00ab\u00a0Cette culture fait d\u00e9faut dans notre pays, ce qui rend nos ministres tr\u00e8s d\u00e9pendants de cabinets de conseil co\u00fbteux pour des projets ad hoc. Or, les soci\u00e9t\u00e9s de conseil commercialisent leur expertise et cultivent les d\u00e9pendances\u00a0\u00bb<\/em>, explique M. De Vos. <em>\u00ab\u00a0Il est donc important de rationaliser, mais ce n&rsquo;est qu&rsquo;une premi\u00e8re \u00e9tape. Une v\u00e9ritable strat\u00e9gie de simplification et une gouvernance de qualit\u00e9 sont indispensables. Itinera appelle \u00e0 une strat\u00e9gie collective pour des gains de productivit\u00e9 de 20 % durant la prochaine l\u00e9gislature, \u00e0 tous les niveaux de gouvernance : 20 % de r\u00e8gles en moins et\/ou des proc\u00e9dures et des actions publiques \u00e0 meilleur impact.\u00a0\u00bb<\/em><\/p>\n<p>&nbsp;<\/p>\n<p><em>Source: Itinera<\/em><\/p>\n","protected":false},"excerpt":{"rendered":"<p>Une nouvelle \u00e9tude men\u00e9e par Jean Hindriks (Itinera, UCLouvain) et Alexandre Lamfalussy (Itinera, UCLouvain) sur la taille du secteur politique en Belgique r\u00e9v\u00e8le d&rsquo;importantes diff\u00e9rences r\u00e9gionales. La Wallonie et Bruxelles ont beaucoup plus de personnel politique que la Flandre. \u00ab\u00a0Il [&hellip;]<\/p>\n","protected":false},"author":2,"featured_media":0,"comment_status":"closed","ping_status":"open","sticky":false,"template":"","format":"standard","meta":[],"categories":[65,10],"tags":[3714,269,4068,4067,267,359],"yoast_head":"<!-- This site is optimized with the Yoast SEO plugin v21.0 - https:\/\/yoast.com\/wordpress\/plugins\/seo\/ -->\n<title>Pour un saut de productivit\u00e9 dans le secteur public? Les \u00e9carts r\u00e9gionaux r\u00e9v\u00e8lent un potentiel de simplification et de rationalisation. - Peoplesphere<\/title>\n<meta name=\"robots\" content=\"index, follow, max-snippet:-1, max-image-preview:large, max-video-preview:-1\" \/>\n<link rel=\"canonical\" href=\"https:\/\/peoplesphere.be\/fr\/pour-un-saut-de-productivite-dans-le-secteur-public-les-ecarts-regionaux-revelent-un-potentiel-de-simplification-et-de-rationalisation\/\" \/>\n<meta property=\"og:locale\" content=\"fr_FR\" \/>\n<meta property=\"og:type\" content=\"article\" \/>\n<meta property=\"og:title\" content=\"Pour un saut de productivit\u00e9 dans le secteur public? Les \u00e9carts r\u00e9gionaux r\u00e9v\u00e8lent un potentiel de simplification et de rationalisation. - Peoplesphere\" \/>\n<meta property=\"og:description\" content=\"Une nouvelle \u00e9tude men\u00e9e par Jean Hindriks (Itinera, UCLouvain) et Alexandre Lamfalussy (Itinera, UCLouvain) sur la taille du secteur politique en Belgique r\u00e9v\u00e8le d&rsquo;importantes diff\u00e9rences r\u00e9gionales. La Wallonie et Bruxelles ont beaucoup plus de personnel politique que la Flandre. \u00ab\u00a0Il [&hellip;]\" \/>\n<meta property=\"og:url\" content=\"https:\/\/peoplesphere.be\/fr\/pour-un-saut-de-productivite-dans-le-secteur-public-les-ecarts-regionaux-revelent-un-potentiel-de-simplification-et-de-rationalisation\/\" \/>\n<meta property=\"og:site_name\" content=\"Peoplesphere\" \/>\n<meta property=\"article:publisher\" content=\"https:\/\/www.facebook.com\/peoplesphere\" \/>\n<meta property=\"article:published_time\" content=\"2024-06-17T05:24:35+00:00\" \/>\n<meta property=\"og:image\" content=\"http:\/\/www.peoplesphere.be\/fr\/wp-content\/uploads\/2016\/07\/facebook-default-posting-1200x628px.jpg\" \/>\n<meta name=\"author\" content=\"Jean-Paul Erhard\" \/>\n<meta name=\"twitter:card\" content=\"summary_large_image\" \/>\n<meta name=\"twitter:creator\" content=\"@PeoplesphereMag\" \/>\n<meta name=\"twitter:site\" content=\"@PeoplesphereMag\" \/>\n<meta name=\"twitter:label1\" content=\"\u00c9crit par\" \/>\n\t<meta name=\"twitter:data1\" content=\"Jean-Paul Erhard\" \/>\n\t<meta name=\"twitter:label2\" content=\"Dur\u00e9e de lecture estim\u00e9e\" \/>\n\t<meta name=\"twitter:data2\" content=\"4 minutes\" \/>\n<script type=\"application\/ld+json\" class=\"yoast-schema-graph\">{\"@context\":\"https:\/\/schema.org\",\"@graph\":[{\"@type\":\"Article\",\"@id\":\"https:\/\/peoplesphere.be\/fr\/pour-un-saut-de-productivite-dans-le-secteur-public-les-ecarts-regionaux-revelent-un-potentiel-de-simplification-et-de-rationalisation\/#article\",\"isPartOf\":{\"@id\":\"https:\/\/peoplesphere.be\/fr\/pour-un-saut-de-productivite-dans-le-secteur-public-les-ecarts-regionaux-revelent-un-potentiel-de-simplification-et-de-rationalisation\/\"},\"author\":{\"name\":\"Jean-Paul Erhard\",\"@id\":\"https:\/\/peoplesphere.be\/fr\/#\/schema\/person\/7976225ff17988604334abb7b3536a7e\"},\"headline\":\"Pour un saut de productivit\u00e9 dans le secteur public? Les \u00e9carts r\u00e9gionaux r\u00e9v\u00e8lent un potentiel de simplification et de rationalisation.\",\"datePublished\":\"2024-06-17T05:24:35+00:00\",\"dateModified\":\"2024-06-17T05:24:35+00:00\",\"mainEntityOfPage\":{\"@id\":\"https:\/\/peoplesphere.be\/fr\/pour-un-saut-de-productivite-dans-le-secteur-public-les-ecarts-regionaux-revelent-un-potentiel-de-simplification-et-de-rationalisation\/\"},\"wordCount\":668,\"publisher\":{\"@id\":\"https:\/\/peoplesphere.be\/fr\/#organization\"},\"keywords\":[\"\u00e9conomies\",\"gouvernance\",\"mandataires publics\",\"rationalisation\",\"secteur public\",\"simplification\"],\"articleSection\":[\"Actualit\u00e9s\",\"Digital\"],\"inLanguage\":\"fr-FR\"},{\"@type\":\"WebPage\",\"@id\":\"https:\/\/peoplesphere.be\/fr\/pour-un-saut-de-productivite-dans-le-secteur-public-les-ecarts-regionaux-revelent-un-potentiel-de-simplification-et-de-rationalisation\/\",\"url\":\"https:\/\/peoplesphere.be\/fr\/pour-un-saut-de-productivite-dans-le-secteur-public-les-ecarts-regionaux-revelent-un-potentiel-de-simplification-et-de-rationalisation\/\",\"name\":\"Pour un saut de productivit\u00e9 dans le secteur public? Les \u00e9carts r\u00e9gionaux r\u00e9v\u00e8lent un potentiel de simplification et de rationalisation. - Peoplesphere\",\"isPartOf\":{\"@id\":\"https:\/\/peoplesphere.be\/fr\/#website\"},\"datePublished\":\"2024-06-17T05:24:35+00:00\",\"dateModified\":\"2024-06-17T05:24:35+00:00\",\"breadcrumb\":{\"@id\":\"https:\/\/peoplesphere.be\/fr\/pour-un-saut-de-productivite-dans-le-secteur-public-les-ecarts-regionaux-revelent-un-potentiel-de-simplification-et-de-rationalisation\/#breadcrumb\"},\"inLanguage\":\"fr-FR\",\"potentialAction\":[{\"@type\":\"ReadAction\",\"target\":[\"https:\/\/peoplesphere.be\/fr\/pour-un-saut-de-productivite-dans-le-secteur-public-les-ecarts-regionaux-revelent-un-potentiel-de-simplification-et-de-rationalisation\/\"]}]},{\"@type\":\"BreadcrumbList\",\"@id\":\"https:\/\/peoplesphere.be\/fr\/pour-un-saut-de-productivite-dans-le-secteur-public-les-ecarts-regionaux-revelent-un-potentiel-de-simplification-et-de-rationalisation\/#breadcrumb\",\"itemListElement\":[{\"@type\":\"ListItem\",\"position\":1,\"name\":\"Accueil\",\"item\":\"https:\/\/peoplesphere.be\/fr\/\"},{\"@type\":\"ListItem\",\"position\":2,\"name\":\"Pour un saut de productivit\u00e9 dans le secteur public? Les \u00e9carts r\u00e9gionaux r\u00e9v\u00e8lent un potentiel de simplification et de rationalisation.\"}]},{\"@type\":\"WebSite\",\"@id\":\"https:\/\/peoplesphere.be\/fr\/#website\",\"url\":\"https:\/\/peoplesphere.be\/fr\/\",\"name\":\"Peoplesphere\",\"description\":\"The People Managers Magazine\",\"publisher\":{\"@id\":\"https:\/\/peoplesphere.be\/fr\/#organization\"},\"potentialAction\":[{\"@type\":\"SearchAction\",\"target\":{\"@type\":\"EntryPoint\",\"urlTemplate\":\"https:\/\/peoplesphere.be\/fr\/?s={search_term_string}\"},\"query-input\":\"required name=search_term_string\"}],\"inLanguage\":\"fr-FR\"},{\"@type\":\"Organization\",\"@id\":\"https:\/\/peoplesphere.be\/fr\/#organization\",\"name\":\"Peoplesphere Company srl\",\"url\":\"https:\/\/peoplesphere.be\/fr\/\",\"logo\":{\"@type\":\"ImageObject\",\"inLanguage\":\"fr-FR\",\"@id\":\"https:\/\/peoplesphere.be\/fr\/#\/schema\/logo\/image\/\",\"url\":\"https:\/\/peoplesphere.be\/fr\/wp-content\/uploads\/2023\/07\/peoplesphere-lgo-new-generik.jpg\",\"contentUrl\":\"https:\/\/peoplesphere.be\/fr\/wp-content\/uploads\/2023\/07\/peoplesphere-lgo-new-generik.jpg\",\"width\":1031,\"height\":1479,\"caption\":\"Peoplesphere Company srl\"},\"image\":{\"@id\":\"https:\/\/peoplesphere.be\/fr\/#\/schema\/logo\/image\/\"},\"sameAs\":[\"https:\/\/www.facebook.com\/peoplesphere\",\"https:\/\/twitter.com\/PeoplesphereMag\",\"https:\/\/www.linkedin.com\/company\/7587361?trk\",\"http:\/\/youtube.com\/peoplesphere\"]},{\"@type\":\"Person\",\"@id\":\"https:\/\/peoplesphere.be\/fr\/#\/schema\/person\/7976225ff17988604334abb7b3536a7e\",\"name\":\"Jean-Paul Erhard\",\"image\":{\"@type\":\"ImageObject\",\"inLanguage\":\"fr-FR\",\"@id\":\"https:\/\/peoplesphere.be\/fr\/#\/schema\/person\/image\/\",\"url\":\"https:\/\/secure.gravatar.com\/avatar\/f941e681460179738071629a51574930?s=96&d=mm&r=g\",\"contentUrl\":\"https:\/\/secure.gravatar.com\/avatar\/f941e681460179738071629a51574930?s=96&d=mm&r=g\",\"caption\":\"Jean-Paul Erhard\"},\"url\":\"https:\/\/peoplesphere.be\/fr\/author\/jpe\/\"}]}<\/script>\n<!-- \/ Yoast SEO plugin. -->","yoast_head_json":{"title":"Pour un saut de productivit\u00e9 dans le secteur public? Les \u00e9carts r\u00e9gionaux r\u00e9v\u00e8lent un potentiel de simplification et de rationalisation. - Peoplesphere","robots":{"index":"index","follow":"follow","max-snippet":"max-snippet:-1","max-image-preview":"max-image-preview:large","max-video-preview":"max-video-preview:-1"},"canonical":"https:\/\/peoplesphere.be\/fr\/pour-un-saut-de-productivite-dans-le-secteur-public-les-ecarts-regionaux-revelent-un-potentiel-de-simplification-et-de-rationalisation\/","og_locale":"fr_FR","og_type":"article","og_title":"Pour un saut de productivit\u00e9 dans le secteur public? Les \u00e9carts r\u00e9gionaux r\u00e9v\u00e8lent un potentiel de simplification et de rationalisation. - Peoplesphere","og_description":"Une nouvelle \u00e9tude men\u00e9e par Jean Hindriks (Itinera, UCLouvain) et Alexandre Lamfalussy (Itinera, UCLouvain) sur la taille du secteur politique en Belgique r\u00e9v\u00e8le d&rsquo;importantes diff\u00e9rences r\u00e9gionales. La Wallonie et Bruxelles ont beaucoup plus de personnel politique que la Flandre. \u00ab\u00a0Il [&hellip;]","og_url":"https:\/\/peoplesphere.be\/fr\/pour-un-saut-de-productivite-dans-le-secteur-public-les-ecarts-regionaux-revelent-un-potentiel-de-simplification-et-de-rationalisation\/","og_site_name":"Peoplesphere","article_publisher":"https:\/\/www.facebook.com\/peoplesphere","article_published_time":"2024-06-17T05:24:35+00:00","og_image":[{"url":"http:\/\/www.peoplesphere.be\/fr\/wp-content\/uploads\/2016\/07\/facebook-default-posting-1200x628px.jpg"}],"author":"Jean-Paul Erhard","twitter_card":"summary_large_image","twitter_creator":"@PeoplesphereMag","twitter_site":"@PeoplesphereMag","twitter_misc":{"\u00c9crit par":"Jean-Paul Erhard","Dur\u00e9e de lecture estim\u00e9e":"4 minutes"},"schema":{"@context":"https:\/\/schema.org","@graph":[{"@type":"Article","@id":"https:\/\/peoplesphere.be\/fr\/pour-un-saut-de-productivite-dans-le-secteur-public-les-ecarts-regionaux-revelent-un-potentiel-de-simplification-et-de-rationalisation\/#article","isPartOf":{"@id":"https:\/\/peoplesphere.be\/fr\/pour-un-saut-de-productivite-dans-le-secteur-public-les-ecarts-regionaux-revelent-un-potentiel-de-simplification-et-de-rationalisation\/"},"author":{"name":"Jean-Paul Erhard","@id":"https:\/\/peoplesphere.be\/fr\/#\/schema\/person\/7976225ff17988604334abb7b3536a7e"},"headline":"Pour un saut de productivit\u00e9 dans le secteur public? Les \u00e9carts r\u00e9gionaux r\u00e9v\u00e8lent un potentiel de simplification et de rationalisation.","datePublished":"2024-06-17T05:24:35+00:00","dateModified":"2024-06-17T05:24:35+00:00","mainEntityOfPage":{"@id":"https:\/\/peoplesphere.be\/fr\/pour-un-saut-de-productivite-dans-le-secteur-public-les-ecarts-regionaux-revelent-un-potentiel-de-simplification-et-de-rationalisation\/"},"wordCount":668,"publisher":{"@id":"https:\/\/peoplesphere.be\/fr\/#organization"},"keywords":["\u00e9conomies","gouvernance","mandataires publics","rationalisation","secteur public","simplification"],"articleSection":["Actualit\u00e9s","Digital"],"inLanguage":"fr-FR"},{"@type":"WebPage","@id":"https:\/\/peoplesphere.be\/fr\/pour-un-saut-de-productivite-dans-le-secteur-public-les-ecarts-regionaux-revelent-un-potentiel-de-simplification-et-de-rationalisation\/","url":"https:\/\/peoplesphere.be\/fr\/pour-un-saut-de-productivite-dans-le-secteur-public-les-ecarts-regionaux-revelent-un-potentiel-de-simplification-et-de-rationalisation\/","name":"Pour un saut de productivit\u00e9 dans le secteur public? Les \u00e9carts r\u00e9gionaux r\u00e9v\u00e8lent un potentiel de simplification et de rationalisation. - Peoplesphere","isPartOf":{"@id":"https:\/\/peoplesphere.be\/fr\/#website"},"datePublished":"2024-06-17T05:24:35+00:00","dateModified":"2024-06-17T05:24:35+00:00","breadcrumb":{"@id":"https:\/\/peoplesphere.be\/fr\/pour-un-saut-de-productivite-dans-le-secteur-public-les-ecarts-regionaux-revelent-un-potentiel-de-simplification-et-de-rationalisation\/#breadcrumb"},"inLanguage":"fr-FR","potentialAction":[{"@type":"ReadAction","target":["https:\/\/peoplesphere.be\/fr\/pour-un-saut-de-productivite-dans-le-secteur-public-les-ecarts-regionaux-revelent-un-potentiel-de-simplification-et-de-rationalisation\/"]}]},{"@type":"BreadcrumbList","@id":"https:\/\/peoplesphere.be\/fr\/pour-un-saut-de-productivite-dans-le-secteur-public-les-ecarts-regionaux-revelent-un-potentiel-de-simplification-et-de-rationalisation\/#breadcrumb","itemListElement":[{"@type":"ListItem","position":1,"name":"Accueil","item":"https:\/\/peoplesphere.be\/fr\/"},{"@type":"ListItem","position":2,"name":"Pour un saut de productivit\u00e9 dans le secteur public? Les \u00e9carts r\u00e9gionaux r\u00e9v\u00e8lent un potentiel de simplification et de rationalisation."}]},{"@type":"WebSite","@id":"https:\/\/peoplesphere.be\/fr\/#website","url":"https:\/\/peoplesphere.be\/fr\/","name":"Peoplesphere","description":"The People Managers Magazine","publisher":{"@id":"https:\/\/peoplesphere.be\/fr\/#organization"},"potentialAction":[{"@type":"SearchAction","target":{"@type":"EntryPoint","urlTemplate":"https:\/\/peoplesphere.be\/fr\/?s={search_term_string}"},"query-input":"required name=search_term_string"}],"inLanguage":"fr-FR"},{"@type":"Organization","@id":"https:\/\/peoplesphere.be\/fr\/#organization","name":"Peoplesphere Company srl","url":"https:\/\/peoplesphere.be\/fr\/","logo":{"@type":"ImageObject","inLanguage":"fr-FR","@id":"https:\/\/peoplesphere.be\/fr\/#\/schema\/logo\/image\/","url":"https:\/\/peoplesphere.be\/fr\/wp-content\/uploads\/2023\/07\/peoplesphere-lgo-new-generik.jpg","contentUrl":"https:\/\/peoplesphere.be\/fr\/wp-content\/uploads\/2023\/07\/peoplesphere-lgo-new-generik.jpg","width":1031,"height":1479,"caption":"Peoplesphere Company srl"},"image":{"@id":"https:\/\/peoplesphere.be\/fr\/#\/schema\/logo\/image\/"},"sameAs":["https:\/\/www.facebook.com\/peoplesphere","https:\/\/twitter.com\/PeoplesphereMag","https:\/\/www.linkedin.com\/company\/7587361?trk","http:\/\/youtube.com\/peoplesphere"]},{"@type":"Person","@id":"https:\/\/peoplesphere.be\/fr\/#\/schema\/person\/7976225ff17988604334abb7b3536a7e","name":"Jean-Paul Erhard","image":{"@type":"ImageObject","inLanguage":"fr-FR","@id":"https:\/\/peoplesphere.be\/fr\/#\/schema\/person\/image\/","url":"https:\/\/secure.gravatar.com\/avatar\/f941e681460179738071629a51574930?s=96&d=mm&r=g","contentUrl":"https:\/\/secure.gravatar.com\/avatar\/f941e681460179738071629a51574930?s=96&d=mm&r=g","caption":"Jean-Paul Erhard"},"url":"https:\/\/peoplesphere.be\/fr\/author\/jpe\/"}]}},"_links":{"self":[{"href":"https:\/\/peoplesphere.be\/fr\/wp-json\/wp\/v2\/posts\/16311"}],"collection":[{"href":"https:\/\/peoplesphere.be\/fr\/wp-json\/wp\/v2\/posts"}],"about":[{"href":"https:\/\/peoplesphere.be\/fr\/wp-json\/wp\/v2\/types\/post"}],"author":[{"embeddable":true,"href":"https:\/\/peoplesphere.be\/fr\/wp-json\/wp\/v2\/users\/2"}],"replies":[{"embeddable":true,"href":"https:\/\/peoplesphere.be\/fr\/wp-json\/wp\/v2\/comments?post=16311"}],"version-history":[{"count":1,"href":"https:\/\/peoplesphere.be\/fr\/wp-json\/wp\/v2\/posts\/16311\/revisions"}],"predecessor-version":[{"id":16312,"href":"https:\/\/peoplesphere.be\/fr\/wp-json\/wp\/v2\/posts\/16311\/revisions\/16312"}],"wp:attachment":[{"href":"https:\/\/peoplesphere.be\/fr\/wp-json\/wp\/v2\/media?parent=16311"}],"wp:term":[{"taxonomy":"category","embeddable":true,"href":"https:\/\/peoplesphere.be\/fr\/wp-json\/wp\/v2\/categories?post=16311"},{"taxonomy":"post_tag","embeddable":true,"href":"https:\/\/peoplesphere.be\/fr\/wp-json\/wp\/v2\/tags?post=16311"}],"curies":[{"name":"wp","href":"https:\/\/api.w.org\/{rel}","templated":true}]}}