









{"id":16313,"date":"2024-06-15T07:54:21","date_gmt":"2024-06-15T05:54:21","guid":{"rendered":"https:\/\/peoplesphere.be\/fr\/?p=16313"},"modified":"2024-06-17T12:24:22","modified_gmt":"2024-06-17T10:24:22","slug":"e-sante-les-certificats-dincapacite-de-travail-peuvent-desormais-etre-transmis-par-voie-numerique","status":"publish","type":"post","link":"https:\/\/peoplesphere.be\/fr\/e-sante-les-certificats-dincapacite-de-travail-peuvent-desormais-etre-transmis-par-voie-numerique\/","title":{"rendered":"e-Sant\u00e9: les certificats d&rsquo;incapacit\u00e9 de travail peuvent d\u00e9sormais \u00eatre transmis par voie num\u00e9rique."},"content":{"rendered":"<p>C\u2019est certainement une avanc\u00e9e de plus dans la digitalisation et la simplification administrative des soins de sant\u00e9. Avec l&rsquo;arriv\u00e9e de Mult-eMediatt, la nouvelle application d\u00e9velopp\u00e9e par l&rsquo;INAMI, la plate-forme eHealth, Medex et le Coll\u00e8ge InterMutualiste (CIN), les m\u00e9decins g\u00e9n\u00e9ralistes ont d\u00e9sormais la possibilit\u00e9 de transmettre \u00e9lectroniquement le certificat d&rsquo;incapacit\u00e9 de travail d\u2019un patient directement \u00e0 la mutualit\u00e9 ou \u00e0 Medex, permettant un processus plus simple, plus rapide et plus s\u00e9curis\u00e9. Une innovation bienvenue tant pour le secteur m\u00e9dical que pour les patients.<!--more--><\/p>\n<h3><strong><em>Une innovation qui simplifie la t\u00e2che des m\u00e9decins g\u00e9n\u00e9ralistes<\/em><\/strong><\/h3>\n<p>La simplification administrative est au c\u0153ur des projets f\u00e9d\u00e9raux en mati\u00e8re de soins de sant\u00e9, et en particulier des projets de digitalisation en sant\u00e9. Mult-eMediatt s\u2019inscrit pleinement dans cette nouvelle r\u00e9alit\u00e9 e-Sant\u00e9 en permettant aux m\u00e9decins de transmettre les certificats d&rsquo;incapacit\u00e9 de travail directement \u00e0 partir de leur logiciel m\u00e9dical.<br \/>\nJusqu\u2019\u00e0 pr\u00e9sent, lorsqu\u2019un m\u00e9decin g\u00e9n\u00e9raliste prescrit une incapacit\u00e9 de travail, il n\u2019avait souvent d\u2019autre choix que de jongler avec plusieurs mod\u00e8les de certificat. D\u00e9sormais, tout peut se faire en quelques clics : le mod\u00e8le de certificat ad\u00e9quat se g\u00e9n\u00e8re et s\u2019exp\u00e9die automatiquement, \u00e0 partir d\u2019une seule et m\u00eame application, vers le bon destinataire (la mutualit\u00e9 ou Medex) avec les informations sp\u00e9cifiques dont ce destinataire aura besoin.<br \/>\nCertainement plus simple, et donc un gain de temps pr\u00e9cieux que le m\u00e9decin g\u00e9n\u00e9raliste pourra consacrer aux soins de son patient.<\/p>\n<h3><strong><em>\u2026 et celle des patients<\/em><\/strong><\/h3>\n<p>Mult-eMediatt offre une bouff\u00e9e d\u2019oxyg\u00e8ne aussi au patient qui, jusqu\u2019\u00e0 pr\u00e9sent devait transmettre ses certificats \u00e0 chaque destinataire dans certains d\u00e9lais, par des moyens vari\u00e9s et plus ou moins s\u00e9curis\u00e9s : la poste, un certificat papier remis en main propre, etc.<br \/>\nAvec cette transmission \u00e9lectronique de son certificat d\u2019incapacit\u00e9 de travail, l\u2019INAMI veut soulager le patient de la plupart des d\u00e9marches administratives qui peuvent \u00eatre lourdes compte tenu de son \u00e9tat de sant\u00e9.<\/p>\n<h3><strong><em>Une transmission plus rapide, plus s\u00fbre, plus s\u00e9curis\u00e9e<\/em><\/strong><\/h3>\n<p>Cette nouvelle application rend la transmission des certificats d\u2019incapacit\u00e9 aux mutualit\u00e9s et \u00e0 Medex plus rapide, mais aussi plus s\u00fbre et plus s\u00e9curis\u00e9e. D\u2019abord parce que Mult-eMediatt r\u00e9duit le risque d\u2019erreur ou de perte. Ensuite, parce qu\u2019elle garantit une transmission s\u00e9curis\u00e9e des informations.<\/p>\n<h3><strong><em>Deux conditions simples pour utiliser Mult-eMediatt<\/em><\/strong><\/h3>\n<p>L\u2019utilisation de Mult-eMediatt repose sur 2 conditions :<br \/>\n\u00b7 Le m\u00e9decin doit avoir l\u2019accord du patient<br \/>\nMult-eMediatt doit avoir \u00e9t\u00e9 int\u00e9gr\u00e9 dans le logiciel m\u00e9dical du m\u00e9decin. C\u2019est d\u00e9sormais chose faite pour la quasi-totalit\u00e9 des logiciels. Dans le cas contraire, l\u2019INAMI invite les m\u00e9decins g\u00e9n\u00e9ralistes \u00e0 contacter leur soci\u00e9t\u00e9 de logiciel pour des informations sur leur planning d\u2019int\u00e9gration.<br \/>\nPour une formation \u00e0 l\u2019utilisation de l\u2019application Mult-eMediatt, les m\u00e9decins peuvent s\u2019adresser au r\u00e9seau d&rsquo;eSant\u00e9Wallonie, au R\u00e9seau sant\u00e9 bruxellois, ou \u00e0 celui de Domus Medica.<\/p>\n<h3><strong><em>Une utilisation sur base volontaire<\/em><\/strong><\/h3>\n<p>Utiliser Mult-eMediatt offre de vrais avantages mais n\u2019est pas une obligation. Le patient ou le m\u00e9decin peut aussi d\u00e9cider de continuer \u00e0 utiliser les certificats papier s\u2019il le souhaite.<\/p>\n<h3><strong><em>La premi\u00e8re \u00e9tape de fonctionnalit\u00e9s qui seront bient\u00f4t \u00e9largies<\/em><\/strong><\/h3>\n<p>Il s\u2019agit ici d\u2019une premi\u00e8re \u00e9tape pour Mult-eMediatt, qui \u00e9largira peu \u00e0 peu ses fonctionnalit\u00e9s.<br \/>\nPour l\u2019instant, l\u2019application n\u2019est disponible que pour les m\u00e9decins g\u00e9n\u00e9ralistes. L\u2019INAMI les a inform\u00e9s en priorit\u00e9 de cette nouvelle possibilit\u00e9.<br \/>\nPar ailleurs, elle permet aujourd\u2019hui de transmettre un certificat d\u2019incapacit\u00e9 de travail sous certaines conditions \u00e0 la mutualit\u00e9 (pour les salari\u00e9s, les ind\u00e9pendants ou les demandeurs d\u2019emploi) ou \u00e0 Medex (pour les fonctionnaires devant transmettre leur certificat \u00e0 Medex). \u00c0 terme, Mult-eMediatt pourra aussi permettre d\u2019envoyer le certificat destin\u00e9 \u00e0 l\u2019employeur du patient, dans une utilisation sur base volontaire par chacune des parties concern\u00e9es, \u00e9largissant ainsi encore les b\u00e9n\u00e9fices de cette digitalisation.<\/p>\n<h3><strong><em>Oser l\u2019e-Sant\u00e9<\/em><\/strong><\/h3>\n<p>Mult-eMediatt s&rsquo;inscrit dans notre vision globale de l\u2019e-Sant\u00e9, qui pr\u00f4ne l&rsquo;utilisation des technologies de l&rsquo;information et de la communication pour soutenir et am\u00e9liorer les soins ainsi que leur accessibilit\u00e9. Cette nouvelle application est un pas de plus vers une simplification administrative accrue au b\u00e9n\u00e9fice de tous : m\u00e9decins, patients et institutions.<\/p>\n<p>&nbsp;<\/p>\n<p><em>Source: INAMI<\/em><\/p>\n","protected":false},"excerpt":{"rendered":"<p>C\u2019est certainement une avanc\u00e9e de plus dans la digitalisation et la simplification administrative des soins de sant\u00e9. Avec l&rsquo;arriv\u00e9e de Mult-eMediatt, la nouvelle application d\u00e9velopp\u00e9e par l&rsquo;INAMI, la plate-forme eHealth, Medex et le Coll\u00e8ge InterMutualiste (CIN), les m\u00e9decins g\u00e9n\u00e9ralistes ont [&hellip;]<\/p>\n","protected":false},"author":2,"featured_media":16315,"comment_status":"closed","ping_status":"open","sticky":false,"template":"","format":"standard","meta":[],"categories":[65,10],"tags":[239,4069,4070,348,4071,326],"yoast_head":"<!-- This site is optimized with the Yoast SEO plugin v21.0 - https:\/\/yoast.com\/wordpress\/plugins\/seo\/ -->\n<title>e-Sant\u00e9: les certificats d&#039;incapacit\u00e9 de travail peuvent d\u00e9sormais \u00eatre transmis par voie num\u00e9rique. - Peoplesphere<\/title>\n<meta name=\"robots\" content=\"index, follow, max-snippet:-1, max-image-preview:large, max-video-preview:-1\" \/>\n<link rel=\"canonical\" href=\"https:\/\/peoplesphere.be\/fr\/e-sante-les-certificats-dincapacite-de-travail-peuvent-desormais-etre-transmis-par-voie-numerique\/\" \/>\n<meta property=\"og:locale\" content=\"fr_FR\" \/>\n<meta property=\"og:type\" content=\"article\" \/>\n<meta property=\"og:title\" content=\"e-Sant\u00e9: les certificats d&#039;incapacit\u00e9 de travail peuvent d\u00e9sormais \u00eatre transmis par voie num\u00e9rique. - Peoplesphere\" \/>\n<meta property=\"og:description\" content=\"C\u2019est certainement une avanc\u00e9e de plus dans la digitalisation et la simplification administrative des soins de sant\u00e9. Avec l&rsquo;arriv\u00e9e de Mult-eMediatt, la nouvelle application d\u00e9velopp\u00e9e par l&rsquo;INAMI, la plate-forme eHealth, Medex et le Coll\u00e8ge InterMutualiste (CIN), les m\u00e9decins g\u00e9n\u00e9ralistes ont [&hellip;]\" \/>\n<meta property=\"og:url\" content=\"https:\/\/peoplesphere.be\/fr\/e-sante-les-certificats-dincapacite-de-travail-peuvent-desormais-etre-transmis-par-voie-numerique\/\" \/>\n<meta property=\"og:site_name\" content=\"Peoplesphere\" \/>\n<meta property=\"article:publisher\" content=\"https:\/\/www.facebook.com\/peoplesphere\" \/>\n<meta property=\"article:published_time\" content=\"2024-06-15T05:54:21+00:00\" \/>\n<meta property=\"article:modified_time\" content=\"2024-06-17T10:24:22+00:00\" \/>\n<meta property=\"og:image\" content=\"https:\/\/peoplesphere.be\/fr\/wp-content\/uploads\/2024\/06\/20240617ehealth.jpg\" \/>\n\t<meta property=\"og:image:width\" content=\"1000\" \/>\n\t<meta property=\"og:image:height\" content=\"430\" \/>\n\t<meta property=\"og:image:type\" content=\"image\/jpeg\" \/>\n<meta name=\"author\" content=\"Jean-Paul Erhard\" \/>\n<meta name=\"twitter:card\" content=\"summary_large_image\" \/>\n<meta name=\"twitter:creator\" content=\"@PeoplesphereMag\" \/>\n<meta name=\"twitter:site\" content=\"@PeoplesphereMag\" \/>\n<meta name=\"twitter:label1\" content=\"\u00c9crit par\" \/>\n\t<meta name=\"twitter:data1\" content=\"Jean-Paul Erhard\" \/>\n\t<meta name=\"twitter:label2\" content=\"Dur\u00e9e de lecture estim\u00e9e\" \/>\n\t<meta name=\"twitter:data2\" content=\"4 minutes\" \/>\n<script type=\"application\/ld+json\" class=\"yoast-schema-graph\">{\"@context\":\"https:\/\/schema.org\",\"@graph\":[{\"@type\":\"Article\",\"@id\":\"https:\/\/peoplesphere.be\/fr\/e-sante-les-certificats-dincapacite-de-travail-peuvent-desormais-etre-transmis-par-voie-numerique\/#article\",\"isPartOf\":{\"@id\":\"https:\/\/peoplesphere.be\/fr\/e-sante-les-certificats-dincapacite-de-travail-peuvent-desormais-etre-transmis-par-voie-numerique\/\"},\"author\":{\"name\":\"Jean-Paul Erhard\",\"@id\":\"https:\/\/peoplesphere.be\/fr\/#\/schema\/person\/7976225ff17988604334abb7b3536a7e\"},\"headline\":\"e-Sant\u00e9: les certificats d&rsquo;incapacit\u00e9 de travail peuvent d\u00e9sormais \u00eatre transmis par voie num\u00e9rique.\",\"datePublished\":\"2024-06-15T05:54:21+00:00\",\"dateModified\":\"2024-06-17T10:24:22+00:00\",\"mainEntityOfPage\":{\"@id\":\"https:\/\/peoplesphere.be\/fr\/e-sante-les-certificats-dincapacite-de-travail-peuvent-desormais-etre-transmis-par-voie-numerique\/\"},\"wordCount\":774,\"publisher\":{\"@id\":\"https:\/\/peoplesphere.be\/fr\/#organization\"},\"keywords\":[\"certificat m\u00e9dical\",\"e-health\",\"e-Sant\u00e9\",\"incapacit\u00e9 de travail\",\"m\u00e9decin\",\"num\u00e9risation\"],\"articleSection\":[\"Actualit\u00e9s\",\"Digital\"],\"inLanguage\":\"fr-FR\"},{\"@type\":\"WebPage\",\"@id\":\"https:\/\/peoplesphere.be\/fr\/e-sante-les-certificats-dincapacite-de-travail-peuvent-desormais-etre-transmis-par-voie-numerique\/\",\"url\":\"https:\/\/peoplesphere.be\/fr\/e-sante-les-certificats-dincapacite-de-travail-peuvent-desormais-etre-transmis-par-voie-numerique\/\",\"name\":\"e-Sant\u00e9: les certificats d'incapacit\u00e9 de travail peuvent d\u00e9sormais \u00eatre transmis par voie num\u00e9rique. - Peoplesphere\",\"isPartOf\":{\"@id\":\"https:\/\/peoplesphere.be\/fr\/#website\"},\"datePublished\":\"2024-06-15T05:54:21+00:00\",\"dateModified\":\"2024-06-17T10:24:22+00:00\",\"breadcrumb\":{\"@id\":\"https:\/\/peoplesphere.be\/fr\/e-sante-les-certificats-dincapacite-de-travail-peuvent-desormais-etre-transmis-par-voie-numerique\/#breadcrumb\"},\"inLanguage\":\"fr-FR\",\"potentialAction\":[{\"@type\":\"ReadAction\",\"target\":[\"https:\/\/peoplesphere.be\/fr\/e-sante-les-certificats-dincapacite-de-travail-peuvent-desormais-etre-transmis-par-voie-numerique\/\"]}]},{\"@type\":\"BreadcrumbList\",\"@id\":\"https:\/\/peoplesphere.be\/fr\/e-sante-les-certificats-dincapacite-de-travail-peuvent-desormais-etre-transmis-par-voie-numerique\/#breadcrumb\",\"itemListElement\":[{\"@type\":\"ListItem\",\"position\":1,\"name\":\"Accueil\",\"item\":\"https:\/\/peoplesphere.be\/fr\/\"},{\"@type\":\"ListItem\",\"position\":2,\"name\":\"e-Sant\u00e9: les certificats d&rsquo;incapacit\u00e9 de travail peuvent d\u00e9sormais \u00eatre transmis par voie num\u00e9rique.\"}]},{\"@type\":\"WebSite\",\"@id\":\"https:\/\/peoplesphere.be\/fr\/#website\",\"url\":\"https:\/\/peoplesphere.be\/fr\/\",\"name\":\"Peoplesphere\",\"description\":\"The People Managers Magazine\",\"publisher\":{\"@id\":\"https:\/\/peoplesphere.be\/fr\/#organization\"},\"potentialAction\":[{\"@type\":\"SearchAction\",\"target\":{\"@type\":\"EntryPoint\",\"urlTemplate\":\"https:\/\/peoplesphere.be\/fr\/?s={search_term_string}\"},\"query-input\":\"required name=search_term_string\"}],\"inLanguage\":\"fr-FR\"},{\"@type\":\"Organization\",\"@id\":\"https:\/\/peoplesphere.be\/fr\/#organization\",\"name\":\"Peoplesphere Company srl\",\"url\":\"https:\/\/peoplesphere.be\/fr\/\",\"logo\":{\"@type\":\"ImageObject\",\"inLanguage\":\"fr-FR\",\"@id\":\"https:\/\/peoplesphere.be\/fr\/#\/schema\/logo\/image\/\",\"url\":\"https:\/\/peoplesphere.be\/fr\/wp-content\/uploads\/2023\/07\/peoplesphere-lgo-new-generik.jpg\",\"contentUrl\":\"https:\/\/peoplesphere.be\/fr\/wp-content\/uploads\/2023\/07\/peoplesphere-lgo-new-generik.jpg\",\"width\":1031,\"height\":1479,\"caption\":\"Peoplesphere Company srl\"},\"image\":{\"@id\":\"https:\/\/peoplesphere.be\/fr\/#\/schema\/logo\/image\/\"},\"sameAs\":[\"https:\/\/www.facebook.com\/peoplesphere\",\"https:\/\/twitter.com\/PeoplesphereMag\",\"https:\/\/www.linkedin.com\/company\/7587361?trk\",\"http:\/\/youtube.com\/peoplesphere\"]},{\"@type\":\"Person\",\"@id\":\"https:\/\/peoplesphere.be\/fr\/#\/schema\/person\/7976225ff17988604334abb7b3536a7e\",\"name\":\"Jean-Paul Erhard\",\"image\":{\"@type\":\"ImageObject\",\"inLanguage\":\"fr-FR\",\"@id\":\"https:\/\/peoplesphere.be\/fr\/#\/schema\/person\/image\/\",\"url\":\"https:\/\/secure.gravatar.com\/avatar\/f941e681460179738071629a51574930?s=96&d=mm&r=g\",\"contentUrl\":\"https:\/\/secure.gravatar.com\/avatar\/f941e681460179738071629a51574930?s=96&d=mm&r=g\",\"caption\":\"Jean-Paul Erhard\"},\"url\":\"https:\/\/peoplesphere.be\/fr\/author\/jpe\/\"}]}<\/script>\n<!-- \/ Yoast SEO plugin. -->","yoast_head_json":{"title":"e-Sant\u00e9: les certificats d'incapacit\u00e9 de travail peuvent d\u00e9sormais \u00eatre transmis par voie num\u00e9rique. - Peoplesphere","robots":{"index":"index","follow":"follow","max-snippet":"max-snippet:-1","max-image-preview":"max-image-preview:large","max-video-preview":"max-video-preview:-1"},"canonical":"https:\/\/peoplesphere.be\/fr\/e-sante-les-certificats-dincapacite-de-travail-peuvent-desormais-etre-transmis-par-voie-numerique\/","og_locale":"fr_FR","og_type":"article","og_title":"e-Sant\u00e9: les certificats d'incapacit\u00e9 de travail peuvent d\u00e9sormais \u00eatre transmis par voie num\u00e9rique. - Peoplesphere","og_description":"C\u2019est certainement une avanc\u00e9e de plus dans la digitalisation et la simplification administrative des soins de sant\u00e9. Avec l&rsquo;arriv\u00e9e de Mult-eMediatt, la nouvelle application d\u00e9velopp\u00e9e par l&rsquo;INAMI, la plate-forme eHealth, Medex et le Coll\u00e8ge InterMutualiste (CIN), les m\u00e9decins g\u00e9n\u00e9ralistes ont [&hellip;]","og_url":"https:\/\/peoplesphere.be\/fr\/e-sante-les-certificats-dincapacite-de-travail-peuvent-desormais-etre-transmis-par-voie-numerique\/","og_site_name":"Peoplesphere","article_publisher":"https:\/\/www.facebook.com\/peoplesphere","article_published_time":"2024-06-15T05:54:21+00:00","article_modified_time":"2024-06-17T10:24:22+00:00","og_image":[{"width":1000,"height":430,"url":"https:\/\/peoplesphere.be\/fr\/wp-content\/uploads\/2024\/06\/20240617ehealth.jpg","type":"image\/jpeg"}],"author":"Jean-Paul Erhard","twitter_card":"summary_large_image","twitter_creator":"@PeoplesphereMag","twitter_site":"@PeoplesphereMag","twitter_misc":{"\u00c9crit par":"Jean-Paul Erhard","Dur\u00e9e de lecture estim\u00e9e":"4 minutes"},"schema":{"@context":"https:\/\/schema.org","@graph":[{"@type":"Article","@id":"https:\/\/peoplesphere.be\/fr\/e-sante-les-certificats-dincapacite-de-travail-peuvent-desormais-etre-transmis-par-voie-numerique\/#article","isPartOf":{"@id":"https:\/\/peoplesphere.be\/fr\/e-sante-les-certificats-dincapacite-de-travail-peuvent-desormais-etre-transmis-par-voie-numerique\/"},"author":{"name":"Jean-Paul Erhard","@id":"https:\/\/peoplesphere.be\/fr\/#\/schema\/person\/7976225ff17988604334abb7b3536a7e"},"headline":"e-Sant\u00e9: les certificats d&rsquo;incapacit\u00e9 de travail peuvent d\u00e9sormais \u00eatre transmis par voie num\u00e9rique.","datePublished":"2024-06-15T05:54:21+00:00","dateModified":"2024-06-17T10:24:22+00:00","mainEntityOfPage":{"@id":"https:\/\/peoplesphere.be\/fr\/e-sante-les-certificats-dincapacite-de-travail-peuvent-desormais-etre-transmis-par-voie-numerique\/"},"wordCount":774,"publisher":{"@id":"https:\/\/peoplesphere.be\/fr\/#organization"},"keywords":["certificat m\u00e9dical","e-health","e-Sant\u00e9","incapacit\u00e9 de travail","m\u00e9decin","num\u00e9risation"],"articleSection":["Actualit\u00e9s","Digital"],"inLanguage":"fr-FR"},{"@type":"WebPage","@id":"https:\/\/peoplesphere.be\/fr\/e-sante-les-certificats-dincapacite-de-travail-peuvent-desormais-etre-transmis-par-voie-numerique\/","url":"https:\/\/peoplesphere.be\/fr\/e-sante-les-certificats-dincapacite-de-travail-peuvent-desormais-etre-transmis-par-voie-numerique\/","name":"e-Sant\u00e9: les certificats d'incapacit\u00e9 de travail peuvent d\u00e9sormais \u00eatre transmis par voie num\u00e9rique. - Peoplesphere","isPartOf":{"@id":"https:\/\/peoplesphere.be\/fr\/#website"},"datePublished":"2024-06-15T05:54:21+00:00","dateModified":"2024-06-17T10:24:22+00:00","breadcrumb":{"@id":"https:\/\/peoplesphere.be\/fr\/e-sante-les-certificats-dincapacite-de-travail-peuvent-desormais-etre-transmis-par-voie-numerique\/#breadcrumb"},"inLanguage":"fr-FR","potentialAction":[{"@type":"ReadAction","target":["https:\/\/peoplesphere.be\/fr\/e-sante-les-certificats-dincapacite-de-travail-peuvent-desormais-etre-transmis-par-voie-numerique\/"]}]},{"@type":"BreadcrumbList","@id":"https:\/\/peoplesphere.be\/fr\/e-sante-les-certificats-dincapacite-de-travail-peuvent-desormais-etre-transmis-par-voie-numerique\/#breadcrumb","itemListElement":[{"@type":"ListItem","position":1,"name":"Accueil","item":"https:\/\/peoplesphere.be\/fr\/"},{"@type":"ListItem","position":2,"name":"e-Sant\u00e9: les certificats d&rsquo;incapacit\u00e9 de travail peuvent d\u00e9sormais \u00eatre transmis par voie num\u00e9rique."}]},{"@type":"WebSite","@id":"https:\/\/peoplesphere.be\/fr\/#website","url":"https:\/\/peoplesphere.be\/fr\/","name":"Peoplesphere","description":"The People Managers Magazine","publisher":{"@id":"https:\/\/peoplesphere.be\/fr\/#organization"},"potentialAction":[{"@type":"SearchAction","target":{"@type":"EntryPoint","urlTemplate":"https:\/\/peoplesphere.be\/fr\/?s={search_term_string}"},"query-input":"required name=search_term_string"}],"inLanguage":"fr-FR"},{"@type":"Organization","@id":"https:\/\/peoplesphere.be\/fr\/#organization","name":"Peoplesphere Company srl","url":"https:\/\/peoplesphere.be\/fr\/","logo":{"@type":"ImageObject","inLanguage":"fr-FR","@id":"https:\/\/peoplesphere.be\/fr\/#\/schema\/logo\/image\/","url":"https:\/\/peoplesphere.be\/fr\/wp-content\/uploads\/2023\/07\/peoplesphere-lgo-new-generik.jpg","contentUrl":"https:\/\/peoplesphere.be\/fr\/wp-content\/uploads\/2023\/07\/peoplesphere-lgo-new-generik.jpg","width":1031,"height":1479,"caption":"Peoplesphere Company srl"},"image":{"@id":"https:\/\/peoplesphere.be\/fr\/#\/schema\/logo\/image\/"},"sameAs":["https:\/\/www.facebook.com\/peoplesphere","https:\/\/twitter.com\/PeoplesphereMag","https:\/\/www.linkedin.com\/company\/7587361?trk","http:\/\/youtube.com\/peoplesphere"]},{"@type":"Person","@id":"https:\/\/peoplesphere.be\/fr\/#\/schema\/person\/7976225ff17988604334abb7b3536a7e","name":"Jean-Paul Erhard","image":{"@type":"ImageObject","inLanguage":"fr-FR","@id":"https:\/\/peoplesphere.be\/fr\/#\/schema\/person\/image\/","url":"https:\/\/secure.gravatar.com\/avatar\/f941e681460179738071629a51574930?s=96&d=mm&r=g","contentUrl":"https:\/\/secure.gravatar.com\/avatar\/f941e681460179738071629a51574930?s=96&d=mm&r=g","caption":"Jean-Paul Erhard"},"url":"https:\/\/peoplesphere.be\/fr\/author\/jpe\/"}]}},"_links":{"self":[{"href":"https:\/\/peoplesphere.be\/fr\/wp-json\/wp\/v2\/posts\/16313"}],"collection":[{"href":"https:\/\/peoplesphere.be\/fr\/wp-json\/wp\/v2\/posts"}],"about":[{"href":"https:\/\/peoplesphere.be\/fr\/wp-json\/wp\/v2\/types\/post"}],"author":[{"embeddable":true,"href":"https:\/\/peoplesphere.be\/fr\/wp-json\/wp\/v2\/users\/2"}],"replies":[{"embeddable":true,"href":"https:\/\/peoplesphere.be\/fr\/wp-json\/wp\/v2\/comments?post=16313"}],"version-history":[{"count":1,"href":"https:\/\/peoplesphere.be\/fr\/wp-json\/wp\/v2\/posts\/16313\/revisions"}],"predecessor-version":[{"id":16316,"href":"https:\/\/peoplesphere.be\/fr\/wp-json\/wp\/v2\/posts\/16313\/revisions\/16316"}],"wp:featuredmedia":[{"embeddable":true,"href":"https:\/\/peoplesphere.be\/fr\/wp-json\/wp\/v2\/media\/16315"}],"wp:attachment":[{"href":"https:\/\/peoplesphere.be\/fr\/wp-json\/wp\/v2\/media?parent=16313"}],"wp:term":[{"taxonomy":"category","embeddable":true,"href":"https:\/\/peoplesphere.be\/fr\/wp-json\/wp\/v2\/categories?post=16313"},{"taxonomy":"post_tag","embeddable":true,"href":"https:\/\/peoplesphere.be\/fr\/wp-json\/wp\/v2\/tags?post=16313"}],"curies":[{"name":"wp","href":"https:\/\/api.w.org\/{rel}","templated":true}]}}