









{"id":16317,"date":"2024-06-17T12:28:52","date_gmt":"2024-06-17T10:28:52","guid":{"rendered":"https:\/\/peoplesphere.be\/fr\/?p=16317"},"modified":"2024-06-17T12:33:53","modified_gmt":"2024-06-17T10:33:53","slug":"sante-mentale-la-tendance-a-la-hausse-de-consommation-dantidepresseurs-se-poursuit","status":"publish","type":"post","link":"https:\/\/peoplesphere.be\/fr\/sante-mentale-la-tendance-a-la-hausse-de-consommation-dantidepresseurs-se-poursuit\/","title":{"rendered":"Sant\u00e9 mentale: la tendance \u00e0 la hausse de consommation d&rsquo;antid\u00e9presseurs se poursuit."},"content":{"rendered":"<p>La COVID a laiss\u00e9 des traces. C\u2019est ind\u00e9niable. Une analyse men\u00e9e par les Mutualit\u00e9s Libres aupr\u00e8s de 2,3 millions d\u2019affili\u00e9s montre que la consommation d&rsquo;antid\u00e9presseurs continue sa progression. Entre 2019 et 2023, on observe une croissance de la pr\u00e9valence de 8%. Ces tendances soulignent l&rsquo;importance de la sant\u00e9 mentale pour nos futurs gouvernements.<!--more--><\/p>\n<h3><strong><em>Une diff\u00e9rence toujours marqu\u00e9e entre hommes et femmes<\/em><\/strong><\/h3>\n<p>Sur les 5 derni\u00e8res ann\u00e9es, la consommation d&rsquo;antid\u00e9presseurs parmi les affili\u00e9s des Mutualit\u00e9s Libres a augment\u00e9, l\u00e9g\u00e8rement plus chez les femmes que chez les hommes. Actuellement, 7 hommes sur 100 consomment des antid\u00e9presseurs, contre 13 femmes sur 100. Les femmes ayant quasi 2 fois plus de probabilit\u00e9s d\u2019en consommer, il s\u2019agit d\u2019une diff\u00e9rence qui demeure significative.<\/p>\n<h3><strong><em>Une consommation qui augmente avec l\u2019\u00e2ge<\/em><\/strong><\/h3>\n<p>La consommation d&rsquo;antid\u00e9presseurs \u00e9volue avec l&rsquo;\u00e2ge. Plus on est \u00e2g\u00e9, plus on est susceptible de consommer des antid\u00e9presseurs. En revanche, l&rsquo;augmentation entre 2019 et 2023 est plus forte pour les groupes plus jeunes.<\/p>\n<h3><strong><em>Une hausse de la consommation en Flandre et \u00e0 Bruxelles<\/em><\/strong><\/h3>\n<p>Une hausse plus importante de la consommation d\u2019antid\u00e9presseurs est observ\u00e9e en Flandre (+ 10%) et \u00e0 Bruxelles (+ 9%). En Wallonie, elle s\u2019\u00e9l\u00e8ve toutefois encore \u00e0 7%. En chiffres relatifs, l\u2019usage reste plus important en Wallonie avec 12 Wallons sur 100 qui en consomment, contre 9 Flamands ou Bruxellois sur 100.<\/p>\n<h3><strong><em>Les recommandations \u00a0face \u00e0 ce constat<\/em><\/strong><\/h3>\n<p>Avec un nombre de doses quotidiennes d\u2019antid\u00e9presseurs pour 1000 habitants sup\u00e9rieur \u00e0 80, la Belgique d\u00e9passe la moyenne europ\u00e9enne d\u2019environ 10 %. Or, un recours aux antid\u00e9presseurs doit \u00eatre consid\u00e9r\u00e9 avec pr\u00e9caution et \u00e9valu\u00e9 en compl\u00e9ment aux approches non m\u00e9dicamenteuses.<br \/>\nFace \u00e0 ce constat et car les troubles mentaux sont une des principales raisons de la perte d\u2019ann\u00e9es de vie en bonne sant\u00e9 en Belgique, les Mutualit\u00e9s Libres plaident pour une approche globale en 3 leviers d\u2019action :<\/p>\n<ol>\n<li>Une pr\u00e9vention accrue et pr\u00e9coce. \u00c9tant donn\u00e9 que 50 % des affections psychiques se manifestent pour la 1re fois avant 14 ans, il est essentiel de les pr\u00e9venir \u00e0 temps. Plus la pr\u00e9vention intervient t\u00f4t dans la vie, plus l\u2019impact et le rapport co\u00fbt-efficacit\u00e9 de ces interventions sont importants.<br \/>\nDes investissements sont n\u00e9cessaires en faveur des soins mentaux p\u00e9rinataux et de la pr\u00e9vention chez les futurs parents vuln\u00e9rables et les parents des plus jeunes enfants.<\/li>\n<li>Un renforcement des connaissances en sant\u00e9 mentale au sein de la population pour aider \u00e0 pr\u00e9venir, reconna\u00eetre et g\u00e9rer les sympt\u00f4mes de troubles de sant\u00e9 mentale. 48,6% des Belges ont d\u00e9clar\u00e9 qu\u2019il \u00e9tait difficile, voire tr\u00e8s difficile, d\u2019obtenir des infos sur les probl\u00e8mes de sant\u00e9 mentale, un chiffre bien plus \u00e9lev\u00e9 que la moyenne de 36,1% des 17 pays europ\u00e9ens examin\u00e9s..<\/li>\n<li>Une expansion de l\u2019offre psychologique en maison de repos o\u00f9 la consommation d\u2019antid\u00e9presseurs reste alarmante et d\u00e9montre que l\u2019offre de soins est insuffisante ou inadapt\u00e9e aux besoins des personnes \u00e2g\u00e9es.<\/li>\n<\/ol>\n<p>&nbsp;<\/p>\n<p><em>Source: Mutualit\u00e9s Libres<\/em><\/p>\n","protected":false},"excerpt":{"rendered":"<p>La COVID a laiss\u00e9 des traces. C\u2019est ind\u00e9niable. Une analyse men\u00e9e par les Mutualit\u00e9s Libres aupr\u00e8s de 2,3 millions d\u2019affili\u00e9s montre que la consommation d&rsquo;antid\u00e9presseurs continue sa progression. Entre 2019 et 2023, on observe une croissance de la pr\u00e9valence de [&hellip;]<\/p>\n","protected":false},"author":2,"featured_media":16318,"comment_status":"closed","ping_status":"open","sticky":false,"template":"","format":"standard","meta":[],"categories":[65,10],"tags":[349,42,838],"yoast_head":"<!-- This site is optimized with the Yoast SEO plugin v21.0 - https:\/\/yoast.com\/wordpress\/plugins\/seo\/ -->\n<title>Sant\u00e9 mentale: la tendance \u00e0 la hausse de consommation d&#039;antid\u00e9presseurs se poursuit. - Peoplesphere<\/title>\n<meta name=\"robots\" content=\"index, follow, max-snippet:-1, max-image-preview:large, max-video-preview:-1\" \/>\n<link rel=\"canonical\" href=\"https:\/\/peoplesphere.be\/fr\/sante-mentale-la-tendance-a-la-hausse-de-consommation-dantidepresseurs-se-poursuit\/\" \/>\n<meta property=\"og:locale\" content=\"fr_FR\" \/>\n<meta property=\"og:type\" content=\"article\" \/>\n<meta property=\"og:title\" content=\"Sant\u00e9 mentale: la tendance \u00e0 la hausse de consommation d&#039;antid\u00e9presseurs se poursuit. - Peoplesphere\" \/>\n<meta property=\"og:description\" content=\"La COVID a laiss\u00e9 des traces. C\u2019est ind\u00e9niable. Une analyse men\u00e9e par les Mutualit\u00e9s Libres aupr\u00e8s de 2,3 millions d\u2019affili\u00e9s montre que la consommation d&rsquo;antid\u00e9presseurs continue sa progression. Entre 2019 et 2023, on observe une croissance de la pr\u00e9valence de [&hellip;]\" \/>\n<meta property=\"og:url\" content=\"https:\/\/peoplesphere.be\/fr\/sante-mentale-la-tendance-a-la-hausse-de-consommation-dantidepresseurs-se-poursuit\/\" \/>\n<meta property=\"og:site_name\" content=\"Peoplesphere\" \/>\n<meta property=\"article:publisher\" content=\"https:\/\/www.facebook.com\/peoplesphere\" \/>\n<meta property=\"article:published_time\" content=\"2024-06-17T10:28:52+00:00\" \/>\n<meta property=\"article:modified_time\" content=\"2024-06-17T10:33:53+00:00\" \/>\n<meta property=\"og:image\" content=\"https:\/\/peoplesphere.be\/fr\/wp-content\/uploads\/2024\/06\/20240617antidepressor.jpg\" \/>\n\t<meta property=\"og:image:width\" content=\"1190\" \/>\n\t<meta property=\"og:image:height\" content=\"606\" \/>\n\t<meta property=\"og:image:type\" content=\"image\/jpeg\" \/>\n<meta name=\"author\" content=\"Jean-Paul Erhard\" \/>\n<meta name=\"twitter:card\" content=\"summary_large_image\" \/>\n<meta name=\"twitter:creator\" content=\"@PeoplesphereMag\" \/>\n<meta name=\"twitter:site\" content=\"@PeoplesphereMag\" \/>\n<meta name=\"twitter:label1\" content=\"\u00c9crit par\" \/>\n\t<meta name=\"twitter:data1\" content=\"Jean-Paul Erhard\" \/>\n\t<meta name=\"twitter:label2\" content=\"Dur\u00e9e de lecture estim\u00e9e\" \/>\n\t<meta name=\"twitter:data2\" content=\"3 minutes\" \/>\n<script type=\"application\/ld+json\" class=\"yoast-schema-graph\">{\"@context\":\"https:\/\/schema.org\",\"@graph\":[{\"@type\":\"Article\",\"@id\":\"https:\/\/peoplesphere.be\/fr\/sante-mentale-la-tendance-a-la-hausse-de-consommation-dantidepresseurs-se-poursuit\/#article\",\"isPartOf\":{\"@id\":\"https:\/\/peoplesphere.be\/fr\/sante-mentale-la-tendance-a-la-hausse-de-consommation-dantidepresseurs-se-poursuit\/\"},\"author\":{\"name\":\"Jean-Paul Erhard\",\"@id\":\"https:\/\/peoplesphere.be\/fr\/#\/schema\/person\/7976225ff17988604334abb7b3536a7e\"},\"headline\":\"Sant\u00e9 mentale: la tendance \u00e0 la hausse de consommation d&rsquo;antid\u00e9presseurs se poursuit.\",\"datePublished\":\"2024-06-17T10:28:52+00:00\",\"dateModified\":\"2024-06-17T10:33:53+00:00\",\"mainEntityOfPage\":{\"@id\":\"https:\/\/peoplesphere.be\/fr\/sante-mentale-la-tendance-a-la-hausse-de-consommation-dantidepresseurs-se-poursuit\/\"},\"wordCount\":521,\"publisher\":{\"@id\":\"https:\/\/peoplesphere.be\/fr\/#organization\"},\"keywords\":[\"antid\u00e9presseurs\",\"Pr\u00e9vention\",\"sant\u00e9 mentale\"],\"articleSection\":[\"Actualit\u00e9s\",\"Digital\"],\"inLanguage\":\"fr-FR\"},{\"@type\":\"WebPage\",\"@id\":\"https:\/\/peoplesphere.be\/fr\/sante-mentale-la-tendance-a-la-hausse-de-consommation-dantidepresseurs-se-poursuit\/\",\"url\":\"https:\/\/peoplesphere.be\/fr\/sante-mentale-la-tendance-a-la-hausse-de-consommation-dantidepresseurs-se-poursuit\/\",\"name\":\"Sant\u00e9 mentale: la tendance \u00e0 la hausse de consommation d'antid\u00e9presseurs se poursuit. - Peoplesphere\",\"isPartOf\":{\"@id\":\"https:\/\/peoplesphere.be\/fr\/#website\"},\"datePublished\":\"2024-06-17T10:28:52+00:00\",\"dateModified\":\"2024-06-17T10:33:53+00:00\",\"breadcrumb\":{\"@id\":\"https:\/\/peoplesphere.be\/fr\/sante-mentale-la-tendance-a-la-hausse-de-consommation-dantidepresseurs-se-poursuit\/#breadcrumb\"},\"inLanguage\":\"fr-FR\",\"potentialAction\":[{\"@type\":\"ReadAction\",\"target\":[\"https:\/\/peoplesphere.be\/fr\/sante-mentale-la-tendance-a-la-hausse-de-consommation-dantidepresseurs-se-poursuit\/\"]}]},{\"@type\":\"BreadcrumbList\",\"@id\":\"https:\/\/peoplesphere.be\/fr\/sante-mentale-la-tendance-a-la-hausse-de-consommation-dantidepresseurs-se-poursuit\/#breadcrumb\",\"itemListElement\":[{\"@type\":\"ListItem\",\"position\":1,\"name\":\"Accueil\",\"item\":\"https:\/\/peoplesphere.be\/fr\/\"},{\"@type\":\"ListItem\",\"position\":2,\"name\":\"Sant\u00e9 mentale: la tendance \u00e0 la hausse de consommation d&rsquo;antid\u00e9presseurs se poursuit.\"}]},{\"@type\":\"WebSite\",\"@id\":\"https:\/\/peoplesphere.be\/fr\/#website\",\"url\":\"https:\/\/peoplesphere.be\/fr\/\",\"name\":\"Peoplesphere\",\"description\":\"The People Managers Magazine\",\"publisher\":{\"@id\":\"https:\/\/peoplesphere.be\/fr\/#organization\"},\"potentialAction\":[{\"@type\":\"SearchAction\",\"target\":{\"@type\":\"EntryPoint\",\"urlTemplate\":\"https:\/\/peoplesphere.be\/fr\/?s={search_term_string}\"},\"query-input\":\"required name=search_term_string\"}],\"inLanguage\":\"fr-FR\"},{\"@type\":\"Organization\",\"@id\":\"https:\/\/peoplesphere.be\/fr\/#organization\",\"name\":\"Peoplesphere Company srl\",\"url\":\"https:\/\/peoplesphere.be\/fr\/\",\"logo\":{\"@type\":\"ImageObject\",\"inLanguage\":\"fr-FR\",\"@id\":\"https:\/\/peoplesphere.be\/fr\/#\/schema\/logo\/image\/\",\"url\":\"https:\/\/peoplesphere.be\/fr\/wp-content\/uploads\/2023\/07\/peoplesphere-lgo-new-generik.jpg\",\"contentUrl\":\"https:\/\/peoplesphere.be\/fr\/wp-content\/uploads\/2023\/07\/peoplesphere-lgo-new-generik.jpg\",\"width\":1031,\"height\":1479,\"caption\":\"Peoplesphere Company srl\"},\"image\":{\"@id\":\"https:\/\/peoplesphere.be\/fr\/#\/schema\/logo\/image\/\"},\"sameAs\":[\"https:\/\/www.facebook.com\/peoplesphere\",\"https:\/\/twitter.com\/PeoplesphereMag\",\"https:\/\/www.linkedin.com\/company\/7587361?trk\",\"http:\/\/youtube.com\/peoplesphere\"]},{\"@type\":\"Person\",\"@id\":\"https:\/\/peoplesphere.be\/fr\/#\/schema\/person\/7976225ff17988604334abb7b3536a7e\",\"name\":\"Jean-Paul Erhard\",\"image\":{\"@type\":\"ImageObject\",\"inLanguage\":\"fr-FR\",\"@id\":\"https:\/\/peoplesphere.be\/fr\/#\/schema\/person\/image\/\",\"url\":\"https:\/\/secure.gravatar.com\/avatar\/f941e681460179738071629a51574930?s=96&d=mm&r=g\",\"contentUrl\":\"https:\/\/secure.gravatar.com\/avatar\/f941e681460179738071629a51574930?s=96&d=mm&r=g\",\"caption\":\"Jean-Paul Erhard\"},\"url\":\"https:\/\/peoplesphere.be\/fr\/author\/jpe\/\"}]}<\/script>\n<!-- \/ Yoast SEO plugin. -->","yoast_head_json":{"title":"Sant\u00e9 mentale: la tendance \u00e0 la hausse de consommation d'antid\u00e9presseurs se poursuit. - Peoplesphere","robots":{"index":"index","follow":"follow","max-snippet":"max-snippet:-1","max-image-preview":"max-image-preview:large","max-video-preview":"max-video-preview:-1"},"canonical":"https:\/\/peoplesphere.be\/fr\/sante-mentale-la-tendance-a-la-hausse-de-consommation-dantidepresseurs-se-poursuit\/","og_locale":"fr_FR","og_type":"article","og_title":"Sant\u00e9 mentale: la tendance \u00e0 la hausse de consommation d'antid\u00e9presseurs se poursuit. - Peoplesphere","og_description":"La COVID a laiss\u00e9 des traces. C\u2019est ind\u00e9niable. Une analyse men\u00e9e par les Mutualit\u00e9s Libres aupr\u00e8s de 2,3 millions d\u2019affili\u00e9s montre que la consommation d&rsquo;antid\u00e9presseurs continue sa progression. Entre 2019 et 2023, on observe une croissance de la pr\u00e9valence de [&hellip;]","og_url":"https:\/\/peoplesphere.be\/fr\/sante-mentale-la-tendance-a-la-hausse-de-consommation-dantidepresseurs-se-poursuit\/","og_site_name":"Peoplesphere","article_publisher":"https:\/\/www.facebook.com\/peoplesphere","article_published_time":"2024-06-17T10:28:52+00:00","article_modified_time":"2024-06-17T10:33:53+00:00","og_image":[{"width":1190,"height":606,"url":"https:\/\/peoplesphere.be\/fr\/wp-content\/uploads\/2024\/06\/20240617antidepressor.jpg","type":"image\/jpeg"}],"author":"Jean-Paul Erhard","twitter_card":"summary_large_image","twitter_creator":"@PeoplesphereMag","twitter_site":"@PeoplesphereMag","twitter_misc":{"\u00c9crit par":"Jean-Paul Erhard","Dur\u00e9e de lecture estim\u00e9e":"3 minutes"},"schema":{"@context":"https:\/\/schema.org","@graph":[{"@type":"Article","@id":"https:\/\/peoplesphere.be\/fr\/sante-mentale-la-tendance-a-la-hausse-de-consommation-dantidepresseurs-se-poursuit\/#article","isPartOf":{"@id":"https:\/\/peoplesphere.be\/fr\/sante-mentale-la-tendance-a-la-hausse-de-consommation-dantidepresseurs-se-poursuit\/"},"author":{"name":"Jean-Paul Erhard","@id":"https:\/\/peoplesphere.be\/fr\/#\/schema\/person\/7976225ff17988604334abb7b3536a7e"},"headline":"Sant\u00e9 mentale: la tendance \u00e0 la hausse de consommation d&rsquo;antid\u00e9presseurs se poursuit.","datePublished":"2024-06-17T10:28:52+00:00","dateModified":"2024-06-17T10:33:53+00:00","mainEntityOfPage":{"@id":"https:\/\/peoplesphere.be\/fr\/sante-mentale-la-tendance-a-la-hausse-de-consommation-dantidepresseurs-se-poursuit\/"},"wordCount":521,"publisher":{"@id":"https:\/\/peoplesphere.be\/fr\/#organization"},"keywords":["antid\u00e9presseurs","Pr\u00e9vention","sant\u00e9 mentale"],"articleSection":["Actualit\u00e9s","Digital"],"inLanguage":"fr-FR"},{"@type":"WebPage","@id":"https:\/\/peoplesphere.be\/fr\/sante-mentale-la-tendance-a-la-hausse-de-consommation-dantidepresseurs-se-poursuit\/","url":"https:\/\/peoplesphere.be\/fr\/sante-mentale-la-tendance-a-la-hausse-de-consommation-dantidepresseurs-se-poursuit\/","name":"Sant\u00e9 mentale: la tendance \u00e0 la hausse de consommation d'antid\u00e9presseurs se poursuit. - Peoplesphere","isPartOf":{"@id":"https:\/\/peoplesphere.be\/fr\/#website"},"datePublished":"2024-06-17T10:28:52+00:00","dateModified":"2024-06-17T10:33:53+00:00","breadcrumb":{"@id":"https:\/\/peoplesphere.be\/fr\/sante-mentale-la-tendance-a-la-hausse-de-consommation-dantidepresseurs-se-poursuit\/#breadcrumb"},"inLanguage":"fr-FR","potentialAction":[{"@type":"ReadAction","target":["https:\/\/peoplesphere.be\/fr\/sante-mentale-la-tendance-a-la-hausse-de-consommation-dantidepresseurs-se-poursuit\/"]}]},{"@type":"BreadcrumbList","@id":"https:\/\/peoplesphere.be\/fr\/sante-mentale-la-tendance-a-la-hausse-de-consommation-dantidepresseurs-se-poursuit\/#breadcrumb","itemListElement":[{"@type":"ListItem","position":1,"name":"Accueil","item":"https:\/\/peoplesphere.be\/fr\/"},{"@type":"ListItem","position":2,"name":"Sant\u00e9 mentale: la tendance \u00e0 la hausse de consommation d&rsquo;antid\u00e9presseurs se poursuit."}]},{"@type":"WebSite","@id":"https:\/\/peoplesphere.be\/fr\/#website","url":"https:\/\/peoplesphere.be\/fr\/","name":"Peoplesphere","description":"The People Managers Magazine","publisher":{"@id":"https:\/\/peoplesphere.be\/fr\/#organization"},"potentialAction":[{"@type":"SearchAction","target":{"@type":"EntryPoint","urlTemplate":"https:\/\/peoplesphere.be\/fr\/?s={search_term_string}"},"query-input":"required name=search_term_string"}],"inLanguage":"fr-FR"},{"@type":"Organization","@id":"https:\/\/peoplesphere.be\/fr\/#organization","name":"Peoplesphere Company srl","url":"https:\/\/peoplesphere.be\/fr\/","logo":{"@type":"ImageObject","inLanguage":"fr-FR","@id":"https:\/\/peoplesphere.be\/fr\/#\/schema\/logo\/image\/","url":"https:\/\/peoplesphere.be\/fr\/wp-content\/uploads\/2023\/07\/peoplesphere-lgo-new-generik.jpg","contentUrl":"https:\/\/peoplesphere.be\/fr\/wp-content\/uploads\/2023\/07\/peoplesphere-lgo-new-generik.jpg","width":1031,"height":1479,"caption":"Peoplesphere Company srl"},"image":{"@id":"https:\/\/peoplesphere.be\/fr\/#\/schema\/logo\/image\/"},"sameAs":["https:\/\/www.facebook.com\/peoplesphere","https:\/\/twitter.com\/PeoplesphereMag","https:\/\/www.linkedin.com\/company\/7587361?trk","http:\/\/youtube.com\/peoplesphere"]},{"@type":"Person","@id":"https:\/\/peoplesphere.be\/fr\/#\/schema\/person\/7976225ff17988604334abb7b3536a7e","name":"Jean-Paul Erhard","image":{"@type":"ImageObject","inLanguage":"fr-FR","@id":"https:\/\/peoplesphere.be\/fr\/#\/schema\/person\/image\/","url":"https:\/\/secure.gravatar.com\/avatar\/f941e681460179738071629a51574930?s=96&d=mm&r=g","contentUrl":"https:\/\/secure.gravatar.com\/avatar\/f941e681460179738071629a51574930?s=96&d=mm&r=g","caption":"Jean-Paul Erhard"},"url":"https:\/\/peoplesphere.be\/fr\/author\/jpe\/"}]}},"_links":{"self":[{"href":"https:\/\/peoplesphere.be\/fr\/wp-json\/wp\/v2\/posts\/16317"}],"collection":[{"href":"https:\/\/peoplesphere.be\/fr\/wp-json\/wp\/v2\/posts"}],"about":[{"href":"https:\/\/peoplesphere.be\/fr\/wp-json\/wp\/v2\/types\/post"}],"author":[{"embeddable":true,"href":"https:\/\/peoplesphere.be\/fr\/wp-json\/wp\/v2\/users\/2"}],"replies":[{"embeddable":true,"href":"https:\/\/peoplesphere.be\/fr\/wp-json\/wp\/v2\/comments?post=16317"}],"version-history":[{"count":2,"href":"https:\/\/peoplesphere.be\/fr\/wp-json\/wp\/v2\/posts\/16317\/revisions"}],"predecessor-version":[{"id":16320,"href":"https:\/\/peoplesphere.be\/fr\/wp-json\/wp\/v2\/posts\/16317\/revisions\/16320"}],"wp:featuredmedia":[{"embeddable":true,"href":"https:\/\/peoplesphere.be\/fr\/wp-json\/wp\/v2\/media\/16318"}],"wp:attachment":[{"href":"https:\/\/peoplesphere.be\/fr\/wp-json\/wp\/v2\/media?parent=16317"}],"wp:term":[{"taxonomy":"category","embeddable":true,"href":"https:\/\/peoplesphere.be\/fr\/wp-json\/wp\/v2\/categories?post=16317"},{"taxonomy":"post_tag","embeddable":true,"href":"https:\/\/peoplesphere.be\/fr\/wp-json\/wp\/v2\/tags?post=16317"}],"curies":[{"name":"wp","href":"https:\/\/api.w.org\/{rel}","templated":true}]}}