









{"id":16355,"date":"2024-06-24T14:41:59","date_gmt":"2024-06-24T12:41:59","guid":{"rendered":"https:\/\/peoplesphere.be\/fr\/?p=16355"},"modified":"2024-06-24T14:41:59","modified_gmt":"2024-06-24T12:41:59","slug":"nous-ne-parviendrons-pas-a-assurer-la-perennite-de-notre-systeme-de-pensions-simplement-en-travaillant-plus-longtemps","status":"publish","type":"post","link":"https:\/\/peoplesphere.be\/fr\/nous-ne-parviendrons-pas-a-assurer-la-perennite-de-notre-systeme-de-pensions-simplement-en-travaillant-plus-longtemps\/","title":{"rendered":"Nous ne parviendrons pas \u00e0 assurer la p\u00e9rennit\u00e9 de notre syst\u00e8me de pensions simplement en travaillant plus longtemps."},"content":{"rendered":"<p>Avec le r\u00e9sultat des \u00e9lections, les pensions sont dans le collimateur, car le co\u00fbt croissant des d\u00e9penses relatives aux pensions p\u00e8se de plus en plus lourd sur notre mod\u00e8le de soci\u00e9t\u00e9. La NVA et le MR plaident pour des carri\u00e8res plus longues. Mais si nous nous contentons de travailler plus et plus longtemps, nous n&rsquo;y arriverons pas. Martijn Hoogeweegen (NN), Colin Sanders (UHasselt) et Bart Chiau (UGent) nous \u00e9clairent sur les mesures suppl\u00e9mentaires qui pourraient \u00eatre prises pour \u00e9quilibrer le syst\u00e8me des pensions.<!--more--><\/p>\n<p>Le prochain gouvernement a du pain sur la planche en ce qui concerne la r\u00e9forme des pensions. En l&rsquo;absence de mesures concr\u00e8tes, les pensions ne feront qu&rsquo;augmenter le pourcentage de nos imp\u00f4ts et la situation deviendra rapidement insoutenable. Dans ses projections de base les plus r\u00e9centes, le Comit\u00e9 d&rsquo;\u00e9tude sur le vieillissement pr\u00e9voit que les d\u00e9penses publiques en mati\u00e8re de pensions passeront de 10,9% du PIB en 2022 \u00e0 13,4% en 2050 et \u00e0 13,5% en 2070 si les politiques restent inchang\u00e9es (CEV, 2023). Cette augmentation s&rsquo;\u00e9l\u00e8ve aujourd&rsquo;hui \u00e0 plus de 14 milliards d&rsquo;euros.<\/p>\n<h3><strong><em>Des carri\u00e8res courtes et effectives mettent les comptes \u00e0 mal.<\/em><\/strong><\/h3>\n<p>Actuellement, nous travaillons en moyenne 34,5 ans pour b\u00e9n\u00e9ficier de 24 ans de retraite (Eurostat). \u00c0 titre de comparaison, les Pays-Bas enregistrent une dur\u00e9e moyenne de carri\u00e8re de 43,2 ans, l&rsquo;Allemagne de 39,3 ans et la France de 36,6 ans.<\/p>\n<p>Dans leurs positions pour les \u00e9lections, la N-VA et le MR insistent tous deux sur la n\u00e9cessit\u00e9 de travailler plus longtemps. Selon eux, le moyen de s&rsquo;attaquer en profondeur au syst\u00e8me des pensions est de placer les ann\u00e9es de travail au centre des pr\u00e9occupations. Cette promesse \u00e9lectorale devrait devenir le fer de lance de l&rsquo;accord de coalition : il est urgent de remplacer l&rsquo;\u00e2ge de la retraite par des ann\u00e9es de carri\u00e8re. En adoptant une carri\u00e8re de 45 ann\u00e9es de travail, nous all\u00e9geons la pression sur les pensions. De plus, il est n\u00e9cessaire de mettre en place un syst\u00e8me de bonus\/malus : ceux qui travaillent plus longtemps devraient toujours b\u00e9n\u00e9ficier d&rsquo;une pension nettement plus \u00e9lev\u00e9e. Inversement, ceux qui s&rsquo;arr\u00eatent plus t\u00f4t devraient avoir une pension nettement plus basse. De cette mani\u00e8re, l&rsquo;\u00e2ge de la retraite individuelle devient un choix libre, mais qui a des cons\u00e9quences financi\u00e8res par rapport \u00e0 la dur\u00e9e normale de la carri\u00e8re.<\/p>\n<p>Pour \u00e9quilibrer davantage le syst\u00e8me de retraite, les p\u00e9riodes assimil\u00e9es peuvent \u00eatre limit\u00e9es. Actuellement, un tiers des droits \u00e0 la retraite dans le secteur priv\u00e9 sont accumul\u00e9s pendant ces p\u00e9riodes. En prenant en compte uniquement le revenu professionnel de chaque ann\u00e9e travaill\u00e9e dans le calcul de la pension, nous rendons les individus encore plus responsables de leur propre carri\u00e8re.<\/p>\n<p>Mais en travaillant plus et plus longtemps, nous n&rsquo;y arriverons pas.<\/p>\n<p>Le plafonnement proportionnel de la croissance des pensions r\u00e9elles peut \u00e9galement contribuer \u00e0 rendre le syst\u00e8me de pension plus abordable, en r\u00e9partissant la charge plus \u00e9quitablement entre les g\u00e9n\u00e9rations actuelles et futures. En pratique, cela implique que les pensions r\u00e9elles cro\u00eetront \u00e0 un rythme un peu plus lent. Ainsi, les pensions les plus \u00e9lev\u00e9es en supporteront la charge.<\/p>\n","protected":false},"excerpt":{"rendered":"<p>Avec le r\u00e9sultat des \u00e9lections, les pensions sont dans le collimateur, car le co\u00fbt croissant des d\u00e9penses relatives aux pensions p\u00e8se de plus en plus lourd sur notre mod\u00e8le de soci\u00e9t\u00e9. La NVA et le MR plaident pour des carri\u00e8res [&hellip;]<\/p>\n","protected":false},"author":2,"featured_media":16356,"comment_status":"closed","ping_status":"open","sticky":false,"template":"","format":"standard","meta":[],"categories":[65,10],"tags":[548,58,3223],"yoast_head":"<!-- This site is optimized with the Yoast SEO plugin v21.0 - https:\/\/yoast.com\/wordpress\/plugins\/seo\/ -->\n<title>Nous ne parviendrons pas \u00e0 assurer la p\u00e9rennit\u00e9 de notre syst\u00e8me de pensions simplement en travaillant plus longtemps. - Peoplesphere<\/title>\n<meta name=\"robots\" content=\"index, follow, max-snippet:-1, max-image-preview:large, max-video-preview:-1\" \/>\n<link rel=\"canonical\" href=\"https:\/\/peoplesphere.be\/fr\/nous-ne-parviendrons-pas-a-assurer-la-perennite-de-notre-systeme-de-pensions-simplement-en-travaillant-plus-longtemps\/\" \/>\n<meta property=\"og:locale\" content=\"fr_FR\" \/>\n<meta property=\"og:type\" content=\"article\" \/>\n<meta property=\"og:title\" content=\"Nous ne parviendrons pas \u00e0 assurer la p\u00e9rennit\u00e9 de notre syst\u00e8me de pensions simplement en travaillant plus longtemps. - Peoplesphere\" \/>\n<meta property=\"og:description\" content=\"Avec le r\u00e9sultat des \u00e9lections, les pensions sont dans le collimateur, car le co\u00fbt croissant des d\u00e9penses relatives aux pensions p\u00e8se de plus en plus lourd sur notre mod\u00e8le de soci\u00e9t\u00e9. La NVA et le MR plaident pour des carri\u00e8res [&hellip;]\" \/>\n<meta property=\"og:url\" content=\"https:\/\/peoplesphere.be\/fr\/nous-ne-parviendrons-pas-a-assurer-la-perennite-de-notre-systeme-de-pensions-simplement-en-travaillant-plus-longtemps\/\" \/>\n<meta property=\"og:site_name\" content=\"Peoplesphere\" \/>\n<meta property=\"article:publisher\" content=\"https:\/\/www.facebook.com\/peoplesphere\" \/>\n<meta property=\"article:published_time\" content=\"2024-06-24T12:41:59+00:00\" \/>\n<meta property=\"og:image\" content=\"https:\/\/peoplesphere.be\/fr\/wp-content\/uploads\/2024\/06\/20240624longercareers.jpg\" \/>\n\t<meta property=\"og:image:width\" content=\"1440\" \/>\n\t<meta property=\"og:image:height\" content=\"960\" \/>\n\t<meta property=\"og:image:type\" content=\"image\/jpeg\" \/>\n<meta name=\"author\" content=\"Jean-Paul Erhard\" \/>\n<meta name=\"twitter:card\" content=\"summary_large_image\" \/>\n<meta name=\"twitter:creator\" content=\"@PeoplesphereMag\" \/>\n<meta name=\"twitter:site\" content=\"@PeoplesphereMag\" \/>\n<meta name=\"twitter:label1\" content=\"\u00c9crit par\" \/>\n\t<meta name=\"twitter:data1\" content=\"Jean-Paul Erhard\" \/>\n\t<meta name=\"twitter:label2\" content=\"Dur\u00e9e de lecture estim\u00e9e\" \/>\n\t<meta name=\"twitter:data2\" content=\"3 minutes\" \/>\n<script type=\"application\/ld+json\" class=\"yoast-schema-graph\">{\"@context\":\"https:\/\/schema.org\",\"@graph\":[{\"@type\":\"Article\",\"@id\":\"https:\/\/peoplesphere.be\/fr\/nous-ne-parviendrons-pas-a-assurer-la-perennite-de-notre-systeme-de-pensions-simplement-en-travaillant-plus-longtemps\/#article\",\"isPartOf\":{\"@id\":\"https:\/\/peoplesphere.be\/fr\/nous-ne-parviendrons-pas-a-assurer-la-perennite-de-notre-systeme-de-pensions-simplement-en-travaillant-plus-longtemps\/\"},\"author\":{\"name\":\"Jean-Paul Erhard\",\"@id\":\"https:\/\/peoplesphere.be\/fr\/#\/schema\/person\/7976225ff17988604334abb7b3536a7e\"},\"headline\":\"Nous ne parviendrons pas \u00e0 assurer la p\u00e9rennit\u00e9 de notre syst\u00e8me de pensions simplement en travaillant plus longtemps.\",\"datePublished\":\"2024-06-24T12:41:59+00:00\",\"dateModified\":\"2024-06-24T12:41:59+00:00\",\"mainEntityOfPage\":{\"@id\":\"https:\/\/peoplesphere.be\/fr\/nous-ne-parviendrons-pas-a-assurer-la-perennite-de-notre-systeme-de-pensions-simplement-en-travaillant-plus-longtemps\/\"},\"wordCount\":570,\"publisher\":{\"@id\":\"https:\/\/peoplesphere.be\/fr\/#organization\"},\"keywords\":[\"r\u00e9forme des pensions\",\"s\u00e9curit\u00e9 sociale\",\"syst\u00e8me de retraite\"],\"articleSection\":[\"Actualit\u00e9s\",\"Digital\"],\"inLanguage\":\"fr-FR\"},{\"@type\":\"WebPage\",\"@id\":\"https:\/\/peoplesphere.be\/fr\/nous-ne-parviendrons-pas-a-assurer-la-perennite-de-notre-systeme-de-pensions-simplement-en-travaillant-plus-longtemps\/\",\"url\":\"https:\/\/peoplesphere.be\/fr\/nous-ne-parviendrons-pas-a-assurer-la-perennite-de-notre-systeme-de-pensions-simplement-en-travaillant-plus-longtemps\/\",\"name\":\"Nous ne parviendrons pas \u00e0 assurer la p\u00e9rennit\u00e9 de notre syst\u00e8me de pensions simplement en travaillant plus longtemps. - Peoplesphere\",\"isPartOf\":{\"@id\":\"https:\/\/peoplesphere.be\/fr\/#website\"},\"datePublished\":\"2024-06-24T12:41:59+00:00\",\"dateModified\":\"2024-06-24T12:41:59+00:00\",\"breadcrumb\":{\"@id\":\"https:\/\/peoplesphere.be\/fr\/nous-ne-parviendrons-pas-a-assurer-la-perennite-de-notre-systeme-de-pensions-simplement-en-travaillant-plus-longtemps\/#breadcrumb\"},\"inLanguage\":\"fr-FR\",\"potentialAction\":[{\"@type\":\"ReadAction\",\"target\":[\"https:\/\/peoplesphere.be\/fr\/nous-ne-parviendrons-pas-a-assurer-la-perennite-de-notre-systeme-de-pensions-simplement-en-travaillant-plus-longtemps\/\"]}]},{\"@type\":\"BreadcrumbList\",\"@id\":\"https:\/\/peoplesphere.be\/fr\/nous-ne-parviendrons-pas-a-assurer-la-perennite-de-notre-systeme-de-pensions-simplement-en-travaillant-plus-longtemps\/#breadcrumb\",\"itemListElement\":[{\"@type\":\"ListItem\",\"position\":1,\"name\":\"Accueil\",\"item\":\"https:\/\/peoplesphere.be\/fr\/\"},{\"@type\":\"ListItem\",\"position\":2,\"name\":\"Nous ne parviendrons pas \u00e0 assurer la p\u00e9rennit\u00e9 de notre syst\u00e8me de pensions simplement en travaillant plus longtemps.\"}]},{\"@type\":\"WebSite\",\"@id\":\"https:\/\/peoplesphere.be\/fr\/#website\",\"url\":\"https:\/\/peoplesphere.be\/fr\/\",\"name\":\"Peoplesphere\",\"description\":\"The People Managers Magazine\",\"publisher\":{\"@id\":\"https:\/\/peoplesphere.be\/fr\/#organization\"},\"potentialAction\":[{\"@type\":\"SearchAction\",\"target\":{\"@type\":\"EntryPoint\",\"urlTemplate\":\"https:\/\/peoplesphere.be\/fr\/?s={search_term_string}\"},\"query-input\":\"required name=search_term_string\"}],\"inLanguage\":\"fr-FR\"},{\"@type\":\"Organization\",\"@id\":\"https:\/\/peoplesphere.be\/fr\/#organization\",\"name\":\"Peoplesphere Company srl\",\"url\":\"https:\/\/peoplesphere.be\/fr\/\",\"logo\":{\"@type\":\"ImageObject\",\"inLanguage\":\"fr-FR\",\"@id\":\"https:\/\/peoplesphere.be\/fr\/#\/schema\/logo\/image\/\",\"url\":\"https:\/\/peoplesphere.be\/fr\/wp-content\/uploads\/2023\/07\/peoplesphere-lgo-new-generik.jpg\",\"contentUrl\":\"https:\/\/peoplesphere.be\/fr\/wp-content\/uploads\/2023\/07\/peoplesphere-lgo-new-generik.jpg\",\"width\":1031,\"height\":1479,\"caption\":\"Peoplesphere Company srl\"},\"image\":{\"@id\":\"https:\/\/peoplesphere.be\/fr\/#\/schema\/logo\/image\/\"},\"sameAs\":[\"https:\/\/www.facebook.com\/peoplesphere\",\"https:\/\/twitter.com\/PeoplesphereMag\",\"https:\/\/www.linkedin.com\/company\/7587361?trk\",\"http:\/\/youtube.com\/peoplesphere\"]},{\"@type\":\"Person\",\"@id\":\"https:\/\/peoplesphere.be\/fr\/#\/schema\/person\/7976225ff17988604334abb7b3536a7e\",\"name\":\"Jean-Paul Erhard\",\"image\":{\"@type\":\"ImageObject\",\"inLanguage\":\"fr-FR\",\"@id\":\"https:\/\/peoplesphere.be\/fr\/#\/schema\/person\/image\/\",\"url\":\"https:\/\/secure.gravatar.com\/avatar\/f941e681460179738071629a51574930?s=96&d=mm&r=g\",\"contentUrl\":\"https:\/\/secure.gravatar.com\/avatar\/f941e681460179738071629a51574930?s=96&d=mm&r=g\",\"caption\":\"Jean-Paul Erhard\"},\"url\":\"https:\/\/peoplesphere.be\/fr\/author\/jpe\/\"}]}<\/script>\n<!-- \/ Yoast SEO plugin. -->","yoast_head_json":{"title":"Nous ne parviendrons pas \u00e0 assurer la p\u00e9rennit\u00e9 de notre syst\u00e8me de pensions simplement en travaillant plus longtemps. - Peoplesphere","robots":{"index":"index","follow":"follow","max-snippet":"max-snippet:-1","max-image-preview":"max-image-preview:large","max-video-preview":"max-video-preview:-1"},"canonical":"https:\/\/peoplesphere.be\/fr\/nous-ne-parviendrons-pas-a-assurer-la-perennite-de-notre-systeme-de-pensions-simplement-en-travaillant-plus-longtemps\/","og_locale":"fr_FR","og_type":"article","og_title":"Nous ne parviendrons pas \u00e0 assurer la p\u00e9rennit\u00e9 de notre syst\u00e8me de pensions simplement en travaillant plus longtemps. - Peoplesphere","og_description":"Avec le r\u00e9sultat des \u00e9lections, les pensions sont dans le collimateur, car le co\u00fbt croissant des d\u00e9penses relatives aux pensions p\u00e8se de plus en plus lourd sur notre mod\u00e8le de soci\u00e9t\u00e9. La NVA et le MR plaident pour des carri\u00e8res [&hellip;]","og_url":"https:\/\/peoplesphere.be\/fr\/nous-ne-parviendrons-pas-a-assurer-la-perennite-de-notre-systeme-de-pensions-simplement-en-travaillant-plus-longtemps\/","og_site_name":"Peoplesphere","article_publisher":"https:\/\/www.facebook.com\/peoplesphere","article_published_time":"2024-06-24T12:41:59+00:00","og_image":[{"width":1440,"height":960,"url":"https:\/\/peoplesphere.be\/fr\/wp-content\/uploads\/2024\/06\/20240624longercareers.jpg","type":"image\/jpeg"}],"author":"Jean-Paul Erhard","twitter_card":"summary_large_image","twitter_creator":"@PeoplesphereMag","twitter_site":"@PeoplesphereMag","twitter_misc":{"\u00c9crit par":"Jean-Paul Erhard","Dur\u00e9e de lecture estim\u00e9e":"3 minutes"},"schema":{"@context":"https:\/\/schema.org","@graph":[{"@type":"Article","@id":"https:\/\/peoplesphere.be\/fr\/nous-ne-parviendrons-pas-a-assurer-la-perennite-de-notre-systeme-de-pensions-simplement-en-travaillant-plus-longtemps\/#article","isPartOf":{"@id":"https:\/\/peoplesphere.be\/fr\/nous-ne-parviendrons-pas-a-assurer-la-perennite-de-notre-systeme-de-pensions-simplement-en-travaillant-plus-longtemps\/"},"author":{"name":"Jean-Paul Erhard","@id":"https:\/\/peoplesphere.be\/fr\/#\/schema\/person\/7976225ff17988604334abb7b3536a7e"},"headline":"Nous ne parviendrons pas \u00e0 assurer la p\u00e9rennit\u00e9 de notre syst\u00e8me de pensions simplement en travaillant plus longtemps.","datePublished":"2024-06-24T12:41:59+00:00","dateModified":"2024-06-24T12:41:59+00:00","mainEntityOfPage":{"@id":"https:\/\/peoplesphere.be\/fr\/nous-ne-parviendrons-pas-a-assurer-la-perennite-de-notre-systeme-de-pensions-simplement-en-travaillant-plus-longtemps\/"},"wordCount":570,"publisher":{"@id":"https:\/\/peoplesphere.be\/fr\/#organization"},"keywords":["r\u00e9forme des pensions","s\u00e9curit\u00e9 sociale","syst\u00e8me de retraite"],"articleSection":["Actualit\u00e9s","Digital"],"inLanguage":"fr-FR"},{"@type":"WebPage","@id":"https:\/\/peoplesphere.be\/fr\/nous-ne-parviendrons-pas-a-assurer-la-perennite-de-notre-systeme-de-pensions-simplement-en-travaillant-plus-longtemps\/","url":"https:\/\/peoplesphere.be\/fr\/nous-ne-parviendrons-pas-a-assurer-la-perennite-de-notre-systeme-de-pensions-simplement-en-travaillant-plus-longtemps\/","name":"Nous ne parviendrons pas \u00e0 assurer la p\u00e9rennit\u00e9 de notre syst\u00e8me de pensions simplement en travaillant plus longtemps. - Peoplesphere","isPartOf":{"@id":"https:\/\/peoplesphere.be\/fr\/#website"},"datePublished":"2024-06-24T12:41:59+00:00","dateModified":"2024-06-24T12:41:59+00:00","breadcrumb":{"@id":"https:\/\/peoplesphere.be\/fr\/nous-ne-parviendrons-pas-a-assurer-la-perennite-de-notre-systeme-de-pensions-simplement-en-travaillant-plus-longtemps\/#breadcrumb"},"inLanguage":"fr-FR","potentialAction":[{"@type":"ReadAction","target":["https:\/\/peoplesphere.be\/fr\/nous-ne-parviendrons-pas-a-assurer-la-perennite-de-notre-systeme-de-pensions-simplement-en-travaillant-plus-longtemps\/"]}]},{"@type":"BreadcrumbList","@id":"https:\/\/peoplesphere.be\/fr\/nous-ne-parviendrons-pas-a-assurer-la-perennite-de-notre-systeme-de-pensions-simplement-en-travaillant-plus-longtemps\/#breadcrumb","itemListElement":[{"@type":"ListItem","position":1,"name":"Accueil","item":"https:\/\/peoplesphere.be\/fr\/"},{"@type":"ListItem","position":2,"name":"Nous ne parviendrons pas \u00e0 assurer la p\u00e9rennit\u00e9 de notre syst\u00e8me de pensions simplement en travaillant plus longtemps."}]},{"@type":"WebSite","@id":"https:\/\/peoplesphere.be\/fr\/#website","url":"https:\/\/peoplesphere.be\/fr\/","name":"Peoplesphere","description":"The People Managers Magazine","publisher":{"@id":"https:\/\/peoplesphere.be\/fr\/#organization"},"potentialAction":[{"@type":"SearchAction","target":{"@type":"EntryPoint","urlTemplate":"https:\/\/peoplesphere.be\/fr\/?s={search_term_string}"},"query-input":"required name=search_term_string"}],"inLanguage":"fr-FR"},{"@type":"Organization","@id":"https:\/\/peoplesphere.be\/fr\/#organization","name":"Peoplesphere Company srl","url":"https:\/\/peoplesphere.be\/fr\/","logo":{"@type":"ImageObject","inLanguage":"fr-FR","@id":"https:\/\/peoplesphere.be\/fr\/#\/schema\/logo\/image\/","url":"https:\/\/peoplesphere.be\/fr\/wp-content\/uploads\/2023\/07\/peoplesphere-lgo-new-generik.jpg","contentUrl":"https:\/\/peoplesphere.be\/fr\/wp-content\/uploads\/2023\/07\/peoplesphere-lgo-new-generik.jpg","width":1031,"height":1479,"caption":"Peoplesphere Company srl"},"image":{"@id":"https:\/\/peoplesphere.be\/fr\/#\/schema\/logo\/image\/"},"sameAs":["https:\/\/www.facebook.com\/peoplesphere","https:\/\/twitter.com\/PeoplesphereMag","https:\/\/www.linkedin.com\/company\/7587361?trk","http:\/\/youtube.com\/peoplesphere"]},{"@type":"Person","@id":"https:\/\/peoplesphere.be\/fr\/#\/schema\/person\/7976225ff17988604334abb7b3536a7e","name":"Jean-Paul Erhard","image":{"@type":"ImageObject","inLanguage":"fr-FR","@id":"https:\/\/peoplesphere.be\/fr\/#\/schema\/person\/image\/","url":"https:\/\/secure.gravatar.com\/avatar\/f941e681460179738071629a51574930?s=96&d=mm&r=g","contentUrl":"https:\/\/secure.gravatar.com\/avatar\/f941e681460179738071629a51574930?s=96&d=mm&r=g","caption":"Jean-Paul Erhard"},"url":"https:\/\/peoplesphere.be\/fr\/author\/jpe\/"}]}},"_links":{"self":[{"href":"https:\/\/peoplesphere.be\/fr\/wp-json\/wp\/v2\/posts\/16355"}],"collection":[{"href":"https:\/\/peoplesphere.be\/fr\/wp-json\/wp\/v2\/posts"}],"about":[{"href":"https:\/\/peoplesphere.be\/fr\/wp-json\/wp\/v2\/types\/post"}],"author":[{"embeddable":true,"href":"https:\/\/peoplesphere.be\/fr\/wp-json\/wp\/v2\/users\/2"}],"replies":[{"embeddable":true,"href":"https:\/\/peoplesphere.be\/fr\/wp-json\/wp\/v2\/comments?post=16355"}],"version-history":[{"count":1,"href":"https:\/\/peoplesphere.be\/fr\/wp-json\/wp\/v2\/posts\/16355\/revisions"}],"predecessor-version":[{"id":16357,"href":"https:\/\/peoplesphere.be\/fr\/wp-json\/wp\/v2\/posts\/16355\/revisions\/16357"}],"wp:featuredmedia":[{"embeddable":true,"href":"https:\/\/peoplesphere.be\/fr\/wp-json\/wp\/v2\/media\/16356"}],"wp:attachment":[{"href":"https:\/\/peoplesphere.be\/fr\/wp-json\/wp\/v2\/media?parent=16355"}],"wp:term":[{"taxonomy":"category","embeddable":true,"href":"https:\/\/peoplesphere.be\/fr\/wp-json\/wp\/v2\/categories?post=16355"},{"taxonomy":"post_tag","embeddable":true,"href":"https:\/\/peoplesphere.be\/fr\/wp-json\/wp\/v2\/tags?post=16355"}],"curies":[{"name":"wp","href":"https:\/\/api.w.org\/{rel}","templated":true}]}}