









{"id":16361,"date":"2024-06-25T12:41:36","date_gmt":"2024-06-25T10:41:36","guid":{"rendered":"https:\/\/peoplesphere.be\/fr\/?p=16361"},"modified":"2024-06-26T05:47:32","modified_gmt":"2024-06-26T03:47:32","slug":"du-changement-pour-les-employeurs-des-le-1er-juillet-en-matiere-de-reglementation-sur-le-marche-du-travail","status":"publish","type":"post","link":"https:\/\/peoplesphere.be\/fr\/du-changement-pour-les-employeurs-des-le-1er-juillet-en-matiere-de-reglementation-sur-le-marche-du-travail\/","title":{"rendered":"Du changement pour les employeurs d\u00e8s le 1er juillet en mati\u00e8re de r\u00e9glementation sur le march\u00e9 du travail?"},"content":{"rendered":"<p>\u00c0 partir du 1er juillet, de nombreux changements se profilent \u00e0 nouveau sur le plan sociojuridique. Ces changements peuvent avoir un impact sur les employeurs et sur leurs travailleurs. Dans cet article, les experts juridiques d&rsquo;Acerta Consult vous donnent un aper\u00e7u succinct des principaux changements qui prendront effet \u00e0 partir du 1er juillet.<!--more--><\/p>\n<h3><strong><em>Augmentation du montant exon\u00e9r\u00e9 pour la prime de mobilit\u00e9<\/em><\/strong><\/h3>\n<p>\u00c0 partir du 1er juillet 2024, le montant maximal exon\u00e9r\u00e9 par l\u2019ONSS pour la prime de mobilit\u00e9 passera \u00e0 0,1929 euro par kilom\u00e8tre. Cette prime s\u2019applique aux travailleurs qui doivent se rendre sur diff\u00e9rents lieux de travail, par exemple le secteur de la construction ou les \u00e9lectriciens. Apr\u00e8s des ann\u00e9es de tarifs inchang\u00e9s, cette adaptation offre aux secteurs de la marge pour adapter leur r\u00e9gime sectoriel.<\/p>\n<h3><strong><em>Demande \u00e9lectronique obligatoire pour les allocations en cas d\u2019interruption de carri\u00e8re<\/em><\/strong><\/h3>\n<p>\u00c0 partir du 1er juillet 2024, toutes les demandes pour une allocation en cas d\u2019interruption de carri\u00e8re, de cr\u00e9dit-temps ou de cong\u00e9 th\u00e9matique devront obligatoirement \u00eatre introduites en ligne aupr\u00e8s de l\u2019ONEM. Cette obligation s\u2019applique \u00e0 tous les secteurs, \u00e0 l\u2019exception de l\u2019enseignement, o\u00f9 elle prendra effet le 1er octobre 2024. Pour permettre une transition en douceur, l\u2019ONEM a mis en place une p\u00e9riode de transition de trois mois.<\/p>\n<h3><strong><em>Cr\u00e9er un \u00ab\u2009petit\u2009\u00bb service de pr\u00e9vention interne commun devient plus facile<\/em><\/strong><\/h3>\n<p>Dans certains cas, le service interne pour la pr\u00e9vention et la protection au travail peut \u00eatre cr\u00e9\u00e9 conjointement par plusieurs entreprises. Les formalit\u00e9s pour travailler avec un tel service interne commun seront simplifi\u00e9es \u00e0 partir du 1er juillet. Tant qu\u2019il s\u2019agit d\u2019un \u00ab\u2009petit\u2009\u00bb service interne.<\/p>\n<p>Mais qu\u2019entend-on exactement par un \u00ab\u2009petit\u2009\u00bb service interne commun\u2009? En voici la d\u00e9finition : un service cr\u00e9\u00e9 par moins de 10 employeurs, sans que ce groupe d\u2019employeurs n\u2019occupe plus de 2000 travailleurs, et sans que ce groupe ne dispose d\u2019un propre d\u00e9partement de surveillance m\u00e9dicale.<\/p>\n<h3><strong><em>Conditions et proc\u00e9dures pour les ch\u00e8ques sport et culture<\/em><\/strong><\/h3>\n<p>\u00c0 partir du 1er juillet 2024, les conditions applicables aux ch\u00e8ques sport et culture \u00e9lectroniques seront les m\u00eames que celles applicables aux ch\u00e8ques-repas et \u00e9co-ch\u00e8ques \u00e9lectroniques. Ces ch\u00e8ques constituent une forme de r\u00e9mun\u00e9ration alternative. En tant qu\u2019employeur, vous pouvez ainsi offrir \u00e0 vos travailleurs une r\u00e9tribution avantageuse sur le plan tant fiscal que social.<\/p>\n<p>\u00c0 partir du 1er juillet 2024, les ch\u00e8ques sport et culture pourront \u00eatre utilis\u00e9s d\u00e8s leur r\u00e9ception, et non plus seulement \u00e0 partir du mois de juillet comme c\u2019est le cas actuellement. Ils restent valables 15 mois et votre travailleur peut demander la r\u00e9activation du ch\u00e8que dans les trois mois suivant sa date d\u2019\u00e9ch\u00e9ance. Le ch\u00e8que est ensuite valable pendant trois mois suppl\u00e9mentaires.<\/p>\n<h3><strong><em>Le bonus de pension r\u00e9introduit<\/em><\/strong><\/h3>\n<p>Le bonus de pension est une prime financi\u00e8re destin\u00e9e \u00e0 r\u00e9compenser les travailleurs qui travaillent au-del\u00e0 de l\u2019\u00e2ge de la pension anticip\u00e9e. Le gouvernement f\u00e9d\u00e9ral r\u00e9introduit le bonus de pension \u00e0 partir du 1er juillet 2024 pour les personnes qui prendront leur pension \u00e0 partir du 1er janvier 2025.<\/p>\n<p>Le bonus de pension sera calcul\u00e9 pour les travailleurs qui continuent \u00e0 travailler pendant au moins six mois apr\u00e8s l\u2019\u00e2ge de la pension anticip\u00e9e.<\/p>\n<h3><strong><em>Adaptations aux secteurs o\u00f9 les flexi-jobs sont possibles<\/em><\/strong><\/h3>\n<p>Depuis le 1er janvier 2024, les r\u00e8gles relatives aux flexi-jobs ont chang\u00e9. \u00c0 partir de 2024, les flexi-jobs dans des (sous-)commissions compl\u00e9mentaires peuvent \u00eatre autoris\u00e9s (opt-in) et exclus d\u2019autres secteurs (opt-out) chaque trimestre. \u00c0 partir de 2025, cela sera possible chaque 1er janvier.<\/p>\n<p>Sous r\u00e9serve de la publication d\u2019un arr\u00eat\u00e9 royal, voici les secteurs o\u00f9 les choses changeront pour les flexi-jobs \u00e0 partir du 1er juillet 2024 :<\/p>\n<ul>\n<li>secteur des entreprises de pompes fun\u00e8bres (CP 320) : opt-out sauf pour les fonctions des travailleurs occasionnels<\/li>\n<li>entreprises de travaux techniques agricoles et horticoles (CP 132) : opt-out<\/li>\n<li>secteur de la navigation int\u00e9rieure (CP 139) : opt-in<\/li>\n<li>enseignement dans la Communaut\u00e9 germanophone, secteurs public, sportif et culturel (codes NACE 93.1 ou 90) dans la Communaut\u00e9 germanophone : opt-in<\/li>\n<\/ul>\n<p>Le 1er juillet 2024, la limitation du volume annuel autoris\u00e9 de flexi-jobs aupr\u00e8s d\u2019employeurs dans la garde d\u2019enfants flamande entrera \u00e9galement en vigueur.<\/p>\n<h3><strong><em>Modifications du syst\u00e8me de r\u00e9ductions groupe-cible en Flandre<\/em><\/strong><\/h3>\n<p>Une r\u00e9duction groupe-cible est une r\u00e9duction ONSS dont vous b\u00e9n\u00e9ficiez lorsque vous engagez un travailleur appartenant \u00e0 un certain groupe-cible.<\/p>\n<p>\u00c0 partir du 1er juillet, aussi bien la r\u00e9duction groupe-cible existante pour les travailleurs \u00e2g\u00e9s que celle pour les jeunes peu qualifi\u00e9s dispara\u00eetront. Des mesures de transition seront toutefois mises en place.<br \/>\nDans le m\u00eame temps, les conditions d\u2019\u00e2ge pour la r\u00e9duction groupe-cible pour les personnes sans exp\u00e9rience professionnelle r\u00e9cente et durable* disparaissent. En d\u2019autres termes, la r\u00e9duction groupe-cible est \u00e9tendue. Tout travailleur \u00e2g\u00e9 de 18 ans ou plus n\u2019ayant pas encore atteint l\u2019\u00e2ge l\u00e9gal de la pension peut entrer en ligne de compte.<\/p>\n<p><em>\u200b* personnes n\u2019ayant jamais \u00e9t\u00e9 au travail plus de 3 mois sans interruption au cours des 2 derni\u00e8res ann\u00e9es.<\/em><\/p>\n<h3><strong><em>Modifications des aides \u00e0 l\u2019emploi en r\u00e9gion bruxelloise<\/em><\/strong><\/h3>\n<p>Les conditions pour la r\u00e9duction pour travailleurs \u00e2g\u00e9s sont renforc\u00e9es. Ainsi, celle-ci s\u2019applique uniquement aux travailleurs \u00e2g\u00e9s de 61 \u00e0 66 ans et le salaire trimestriel brut maximal est ramen\u00e9 \u00e0 8000 euros.<br \/>\nUne nouvelle cat\u00e9gorie de travailleurs sera active d\u00e8s le 1er juillet 2024 pour l\u2019allocation de travail Activa Brussels. Cette cat\u00e9gorie est compos\u00e9e de travailleurs qui sont des demandeurs d\u2019emploi inoccup\u00e9s \u00e2g\u00e9s de moins 30 ans (et qui ne sont pas titulaires d\u2019un dipl\u00f4me ou d\u2019un certificat sup\u00e9rieur \u00e0 un dipl\u00f4me de l\u2019enseignement secondaire inf\u00e9rieur) ou \u00e2g\u00e9s d\u2019au moins 57 ans qui b\u00e9n\u00e9ficiaient d\u00e9j\u00e0 auparavant des allocations Activa.Brussels ordinaires. D\u00e8s le 1er juillet 2024, ces derniers auront droit aux m\u00eames allocations de travail major\u00e9es que les travailleurs qui ont une aptitude au travail r\u00e9duite.<\/p>\n<h3><strong><em>Nouvelles r\u00e8gles sur les sanctions en cas d\u2019infraction \u00e0 la l\u00e9gislation sociale<\/em><\/strong><\/h3>\n<p>Le 1er juillet 2024, plusieurs modifications au Code p\u00e9nal social entrent en vigueur. Une premi\u00e8re nouveaut\u00e9 est l\u2019augmentation des amendes qui peuvent \u00eatre inflig\u00e9es pour les infractions les plus graves au droit du travail et \u00e0 la s\u00e9curit\u00e9 sociale. En outre, pour certaines infractions, le niveau de sanction est adapt\u00e9 (augment\u00e9 ou diminu\u00e9). Certaines autres infractions ne sont m\u00eame plus passibles de sanctions p\u00e9nales ou d\u2019amendes administratives. Il y a aussi quelques nouvelles infractions et sanctions, par exemple en cas de non-respect des obligations concernant les horaires flottants. S\u2019y ajoutent encore plusieurs modifications en mati\u00e8re de politique et d\u2019inspection.<\/p>\n<p>&nbsp;<\/p>\n<p><em>Source: Acerta<\/em><\/p>\n","protected":false},"excerpt":{"rendered":"<p>\u00c0 partir du 1er juillet, de nombreux changements se profilent \u00e0 nouveau sur le plan sociojuridique. Ces changements peuvent avoir un impact sur les employeurs et sur leurs travailleurs. Dans cet article, les experts juridiques d&rsquo;Acerta Consult vous donnent un [&hellip;]<\/p>\n","protected":false},"author":2,"featured_media":0,"comment_status":"closed","ping_status":"open","sticky":false,"template":"","format":"standard","meta":[],"categories":[65,10],"tags":[193,2573,2519,585,272],"yoast_head":"<!-- This site is optimized with the Yoast SEO plugin v21.0 - https:\/\/yoast.com\/wordpress\/plugins\/seo\/ -->\n<title>Du changement pour les employeurs d\u00e8s le 1er juillet en mati\u00e8re de r\u00e9glementation sur le march\u00e9 du travail? - Peoplesphere<\/title>\n<meta name=\"robots\" content=\"index, follow, max-snippet:-1, max-image-preview:large, max-video-preview:-1\" \/>\n<link rel=\"canonical\" href=\"https:\/\/peoplesphere.be\/fr\/du-changement-pour-les-employeurs-des-le-1er-juillet-en-matiere-de-reglementation-sur-le-marche-du-travail\/\" \/>\n<meta property=\"og:locale\" content=\"fr_FR\" \/>\n<meta property=\"og:type\" content=\"article\" \/>\n<meta property=\"og:title\" content=\"Du changement pour les employeurs d\u00e8s le 1er juillet en mati\u00e8re de r\u00e9glementation sur le march\u00e9 du travail? - Peoplesphere\" \/>\n<meta property=\"og:description\" content=\"\u00c0 partir du 1er juillet, de nombreux changements se profilent \u00e0 nouveau sur le plan sociojuridique. Ces changements peuvent avoir un impact sur les employeurs et sur leurs travailleurs. Dans cet article, les experts juridiques d&rsquo;Acerta Consult vous donnent un [&hellip;]\" \/>\n<meta property=\"og:url\" content=\"https:\/\/peoplesphere.be\/fr\/du-changement-pour-les-employeurs-des-le-1er-juillet-en-matiere-de-reglementation-sur-le-marche-du-travail\/\" \/>\n<meta property=\"og:site_name\" content=\"Peoplesphere\" \/>\n<meta property=\"article:publisher\" content=\"https:\/\/www.facebook.com\/peoplesphere\" \/>\n<meta property=\"article:published_time\" content=\"2024-06-25T10:41:36+00:00\" \/>\n<meta property=\"article:modified_time\" content=\"2024-06-26T03:47:32+00:00\" \/>\n<meta property=\"og:image\" content=\"http:\/\/www.peoplesphere.be\/fr\/wp-content\/uploads\/2016\/07\/facebook-default-posting-1200x628px.jpg\" \/>\n<meta name=\"author\" content=\"Jean-Paul Erhard\" \/>\n<meta name=\"twitter:card\" content=\"summary_large_image\" \/>\n<meta name=\"twitter:creator\" content=\"@PeoplesphereMag\" \/>\n<meta name=\"twitter:site\" content=\"@PeoplesphereMag\" \/>\n<meta name=\"twitter:label1\" content=\"\u00c9crit par\" \/>\n\t<meta name=\"twitter:data1\" content=\"Jean-Paul Erhard\" \/>\n\t<meta name=\"twitter:label2\" content=\"Dur\u00e9e de lecture estim\u00e9e\" \/>\n\t<meta name=\"twitter:data2\" content=\"6 minutes\" \/>\n<script type=\"application\/ld+json\" class=\"yoast-schema-graph\">{\"@context\":\"https:\/\/schema.org\",\"@graph\":[{\"@type\":\"Article\",\"@id\":\"https:\/\/peoplesphere.be\/fr\/du-changement-pour-les-employeurs-des-le-1er-juillet-en-matiere-de-reglementation-sur-le-marche-du-travail\/#article\",\"isPartOf\":{\"@id\":\"https:\/\/peoplesphere.be\/fr\/du-changement-pour-les-employeurs-des-le-1er-juillet-en-matiere-de-reglementation-sur-le-marche-du-travail\/\"},\"author\":{\"name\":\"Jean-Paul Erhard\",\"@id\":\"https:\/\/peoplesphere.be\/fr\/#\/schema\/person\/7976225ff17988604334abb7b3536a7e\"},\"headline\":\"Du changement pour les employeurs d\u00e8s le 1er juillet en mati\u00e8re de r\u00e9glementation sur le march\u00e9 du travail?\",\"datePublished\":\"2024-06-25T10:41:36+00:00\",\"dateModified\":\"2024-06-26T03:47:32+00:00\",\"mainEntityOfPage\":{\"@id\":\"https:\/\/peoplesphere.be\/fr\/du-changement-pour-les-employeurs-des-le-1er-juillet-en-matiere-de-reglementation-sur-le-marche-du-travail\/\"},\"wordCount\":1158,\"publisher\":{\"@id\":\"https:\/\/peoplesphere.be\/fr\/#organization\"},\"keywords\":[\"employeurs\",\"infractions\",\"l\u00e9gislation sociale\",\"march\u00e9 du travail\",\"r\u00e9glementation\"],\"articleSection\":[\"Actualit\u00e9s\",\"Digital\"],\"inLanguage\":\"fr-FR\"},{\"@type\":\"WebPage\",\"@id\":\"https:\/\/peoplesphere.be\/fr\/du-changement-pour-les-employeurs-des-le-1er-juillet-en-matiere-de-reglementation-sur-le-marche-du-travail\/\",\"url\":\"https:\/\/peoplesphere.be\/fr\/du-changement-pour-les-employeurs-des-le-1er-juillet-en-matiere-de-reglementation-sur-le-marche-du-travail\/\",\"name\":\"Du changement pour les employeurs d\u00e8s le 1er juillet en mati\u00e8re de r\u00e9glementation sur le march\u00e9 du travail? - Peoplesphere\",\"isPartOf\":{\"@id\":\"https:\/\/peoplesphere.be\/fr\/#website\"},\"datePublished\":\"2024-06-25T10:41:36+00:00\",\"dateModified\":\"2024-06-26T03:47:32+00:00\",\"breadcrumb\":{\"@id\":\"https:\/\/peoplesphere.be\/fr\/du-changement-pour-les-employeurs-des-le-1er-juillet-en-matiere-de-reglementation-sur-le-marche-du-travail\/#breadcrumb\"},\"inLanguage\":\"fr-FR\",\"potentialAction\":[{\"@type\":\"ReadAction\",\"target\":[\"https:\/\/peoplesphere.be\/fr\/du-changement-pour-les-employeurs-des-le-1er-juillet-en-matiere-de-reglementation-sur-le-marche-du-travail\/\"]}]},{\"@type\":\"BreadcrumbList\",\"@id\":\"https:\/\/peoplesphere.be\/fr\/du-changement-pour-les-employeurs-des-le-1er-juillet-en-matiere-de-reglementation-sur-le-marche-du-travail\/#breadcrumb\",\"itemListElement\":[{\"@type\":\"ListItem\",\"position\":1,\"name\":\"Accueil\",\"item\":\"https:\/\/peoplesphere.be\/fr\/\"},{\"@type\":\"ListItem\",\"position\":2,\"name\":\"Du changement pour les employeurs d\u00e8s le 1er juillet en mati\u00e8re de r\u00e9glementation sur le march\u00e9 du travail?\"}]},{\"@type\":\"WebSite\",\"@id\":\"https:\/\/peoplesphere.be\/fr\/#website\",\"url\":\"https:\/\/peoplesphere.be\/fr\/\",\"name\":\"Peoplesphere\",\"description\":\"The People Managers Magazine\",\"publisher\":{\"@id\":\"https:\/\/peoplesphere.be\/fr\/#organization\"},\"potentialAction\":[{\"@type\":\"SearchAction\",\"target\":{\"@type\":\"EntryPoint\",\"urlTemplate\":\"https:\/\/peoplesphere.be\/fr\/?s={search_term_string}\"},\"query-input\":\"required name=search_term_string\"}],\"inLanguage\":\"fr-FR\"},{\"@type\":\"Organization\",\"@id\":\"https:\/\/peoplesphere.be\/fr\/#organization\",\"name\":\"Peoplesphere Company srl\",\"url\":\"https:\/\/peoplesphere.be\/fr\/\",\"logo\":{\"@type\":\"ImageObject\",\"inLanguage\":\"fr-FR\",\"@id\":\"https:\/\/peoplesphere.be\/fr\/#\/schema\/logo\/image\/\",\"url\":\"https:\/\/peoplesphere.be\/fr\/wp-content\/uploads\/2023\/07\/peoplesphere-lgo-new-generik.jpg\",\"contentUrl\":\"https:\/\/peoplesphere.be\/fr\/wp-content\/uploads\/2023\/07\/peoplesphere-lgo-new-generik.jpg\",\"width\":1031,\"height\":1479,\"caption\":\"Peoplesphere Company srl\"},\"image\":{\"@id\":\"https:\/\/peoplesphere.be\/fr\/#\/schema\/logo\/image\/\"},\"sameAs\":[\"https:\/\/www.facebook.com\/peoplesphere\",\"https:\/\/twitter.com\/PeoplesphereMag\",\"https:\/\/www.linkedin.com\/company\/7587361?trk\",\"http:\/\/youtube.com\/peoplesphere\"]},{\"@type\":\"Person\",\"@id\":\"https:\/\/peoplesphere.be\/fr\/#\/schema\/person\/7976225ff17988604334abb7b3536a7e\",\"name\":\"Jean-Paul Erhard\",\"image\":{\"@type\":\"ImageObject\",\"inLanguage\":\"fr-FR\",\"@id\":\"https:\/\/peoplesphere.be\/fr\/#\/schema\/person\/image\/\",\"url\":\"https:\/\/secure.gravatar.com\/avatar\/f941e681460179738071629a51574930?s=96&d=mm&r=g\",\"contentUrl\":\"https:\/\/secure.gravatar.com\/avatar\/f941e681460179738071629a51574930?s=96&d=mm&r=g\",\"caption\":\"Jean-Paul Erhard\"},\"url\":\"https:\/\/peoplesphere.be\/fr\/author\/jpe\/\"}]}<\/script>\n<!-- \/ Yoast SEO plugin. -->","yoast_head_json":{"title":"Du changement pour les employeurs d\u00e8s le 1er juillet en mati\u00e8re de r\u00e9glementation sur le march\u00e9 du travail? - Peoplesphere","robots":{"index":"index","follow":"follow","max-snippet":"max-snippet:-1","max-image-preview":"max-image-preview:large","max-video-preview":"max-video-preview:-1"},"canonical":"https:\/\/peoplesphere.be\/fr\/du-changement-pour-les-employeurs-des-le-1er-juillet-en-matiere-de-reglementation-sur-le-marche-du-travail\/","og_locale":"fr_FR","og_type":"article","og_title":"Du changement pour les employeurs d\u00e8s le 1er juillet en mati\u00e8re de r\u00e9glementation sur le march\u00e9 du travail? - Peoplesphere","og_description":"\u00c0 partir du 1er juillet, de nombreux changements se profilent \u00e0 nouveau sur le plan sociojuridique. Ces changements peuvent avoir un impact sur les employeurs et sur leurs travailleurs. Dans cet article, les experts juridiques d&rsquo;Acerta Consult vous donnent un [&hellip;]","og_url":"https:\/\/peoplesphere.be\/fr\/du-changement-pour-les-employeurs-des-le-1er-juillet-en-matiere-de-reglementation-sur-le-marche-du-travail\/","og_site_name":"Peoplesphere","article_publisher":"https:\/\/www.facebook.com\/peoplesphere","article_published_time":"2024-06-25T10:41:36+00:00","article_modified_time":"2024-06-26T03:47:32+00:00","og_image":[{"url":"http:\/\/www.peoplesphere.be\/fr\/wp-content\/uploads\/2016\/07\/facebook-default-posting-1200x628px.jpg"}],"author":"Jean-Paul Erhard","twitter_card":"summary_large_image","twitter_creator":"@PeoplesphereMag","twitter_site":"@PeoplesphereMag","twitter_misc":{"\u00c9crit par":"Jean-Paul Erhard","Dur\u00e9e de lecture estim\u00e9e":"6 minutes"},"schema":{"@context":"https:\/\/schema.org","@graph":[{"@type":"Article","@id":"https:\/\/peoplesphere.be\/fr\/du-changement-pour-les-employeurs-des-le-1er-juillet-en-matiere-de-reglementation-sur-le-marche-du-travail\/#article","isPartOf":{"@id":"https:\/\/peoplesphere.be\/fr\/du-changement-pour-les-employeurs-des-le-1er-juillet-en-matiere-de-reglementation-sur-le-marche-du-travail\/"},"author":{"name":"Jean-Paul Erhard","@id":"https:\/\/peoplesphere.be\/fr\/#\/schema\/person\/7976225ff17988604334abb7b3536a7e"},"headline":"Du changement pour les employeurs d\u00e8s le 1er juillet en mati\u00e8re de r\u00e9glementation sur le march\u00e9 du travail?","datePublished":"2024-06-25T10:41:36+00:00","dateModified":"2024-06-26T03:47:32+00:00","mainEntityOfPage":{"@id":"https:\/\/peoplesphere.be\/fr\/du-changement-pour-les-employeurs-des-le-1er-juillet-en-matiere-de-reglementation-sur-le-marche-du-travail\/"},"wordCount":1158,"publisher":{"@id":"https:\/\/peoplesphere.be\/fr\/#organization"},"keywords":["employeurs","infractions","l\u00e9gislation sociale","march\u00e9 du travail","r\u00e9glementation"],"articleSection":["Actualit\u00e9s","Digital"],"inLanguage":"fr-FR"},{"@type":"WebPage","@id":"https:\/\/peoplesphere.be\/fr\/du-changement-pour-les-employeurs-des-le-1er-juillet-en-matiere-de-reglementation-sur-le-marche-du-travail\/","url":"https:\/\/peoplesphere.be\/fr\/du-changement-pour-les-employeurs-des-le-1er-juillet-en-matiere-de-reglementation-sur-le-marche-du-travail\/","name":"Du changement pour les employeurs d\u00e8s le 1er juillet en mati\u00e8re de r\u00e9glementation sur le march\u00e9 du travail? - Peoplesphere","isPartOf":{"@id":"https:\/\/peoplesphere.be\/fr\/#website"},"datePublished":"2024-06-25T10:41:36+00:00","dateModified":"2024-06-26T03:47:32+00:00","breadcrumb":{"@id":"https:\/\/peoplesphere.be\/fr\/du-changement-pour-les-employeurs-des-le-1er-juillet-en-matiere-de-reglementation-sur-le-marche-du-travail\/#breadcrumb"},"inLanguage":"fr-FR","potentialAction":[{"@type":"ReadAction","target":["https:\/\/peoplesphere.be\/fr\/du-changement-pour-les-employeurs-des-le-1er-juillet-en-matiere-de-reglementation-sur-le-marche-du-travail\/"]}]},{"@type":"BreadcrumbList","@id":"https:\/\/peoplesphere.be\/fr\/du-changement-pour-les-employeurs-des-le-1er-juillet-en-matiere-de-reglementation-sur-le-marche-du-travail\/#breadcrumb","itemListElement":[{"@type":"ListItem","position":1,"name":"Accueil","item":"https:\/\/peoplesphere.be\/fr\/"},{"@type":"ListItem","position":2,"name":"Du changement pour les employeurs d\u00e8s le 1er juillet en mati\u00e8re de r\u00e9glementation sur le march\u00e9 du travail?"}]},{"@type":"WebSite","@id":"https:\/\/peoplesphere.be\/fr\/#website","url":"https:\/\/peoplesphere.be\/fr\/","name":"Peoplesphere","description":"The People Managers Magazine","publisher":{"@id":"https:\/\/peoplesphere.be\/fr\/#organization"},"potentialAction":[{"@type":"SearchAction","target":{"@type":"EntryPoint","urlTemplate":"https:\/\/peoplesphere.be\/fr\/?s={search_term_string}"},"query-input":"required name=search_term_string"}],"inLanguage":"fr-FR"},{"@type":"Organization","@id":"https:\/\/peoplesphere.be\/fr\/#organization","name":"Peoplesphere Company srl","url":"https:\/\/peoplesphere.be\/fr\/","logo":{"@type":"ImageObject","inLanguage":"fr-FR","@id":"https:\/\/peoplesphere.be\/fr\/#\/schema\/logo\/image\/","url":"https:\/\/peoplesphere.be\/fr\/wp-content\/uploads\/2023\/07\/peoplesphere-lgo-new-generik.jpg","contentUrl":"https:\/\/peoplesphere.be\/fr\/wp-content\/uploads\/2023\/07\/peoplesphere-lgo-new-generik.jpg","width":1031,"height":1479,"caption":"Peoplesphere Company srl"},"image":{"@id":"https:\/\/peoplesphere.be\/fr\/#\/schema\/logo\/image\/"},"sameAs":["https:\/\/www.facebook.com\/peoplesphere","https:\/\/twitter.com\/PeoplesphereMag","https:\/\/www.linkedin.com\/company\/7587361?trk","http:\/\/youtube.com\/peoplesphere"]},{"@type":"Person","@id":"https:\/\/peoplesphere.be\/fr\/#\/schema\/person\/7976225ff17988604334abb7b3536a7e","name":"Jean-Paul Erhard","image":{"@type":"ImageObject","inLanguage":"fr-FR","@id":"https:\/\/peoplesphere.be\/fr\/#\/schema\/person\/image\/","url":"https:\/\/secure.gravatar.com\/avatar\/f941e681460179738071629a51574930?s=96&d=mm&r=g","contentUrl":"https:\/\/secure.gravatar.com\/avatar\/f941e681460179738071629a51574930?s=96&d=mm&r=g","caption":"Jean-Paul Erhard"},"url":"https:\/\/peoplesphere.be\/fr\/author\/jpe\/"}]}},"_links":{"self":[{"href":"https:\/\/peoplesphere.be\/fr\/wp-json\/wp\/v2\/posts\/16361"}],"collection":[{"href":"https:\/\/peoplesphere.be\/fr\/wp-json\/wp\/v2\/posts"}],"about":[{"href":"https:\/\/peoplesphere.be\/fr\/wp-json\/wp\/v2\/types\/post"}],"author":[{"embeddable":true,"href":"https:\/\/peoplesphere.be\/fr\/wp-json\/wp\/v2\/users\/2"}],"replies":[{"embeddable":true,"href":"https:\/\/peoplesphere.be\/fr\/wp-json\/wp\/v2\/comments?post=16361"}],"version-history":[{"count":1,"href":"https:\/\/peoplesphere.be\/fr\/wp-json\/wp\/v2\/posts\/16361\/revisions"}],"predecessor-version":[{"id":16362,"href":"https:\/\/peoplesphere.be\/fr\/wp-json\/wp\/v2\/posts\/16361\/revisions\/16362"}],"wp:attachment":[{"href":"https:\/\/peoplesphere.be\/fr\/wp-json\/wp\/v2\/media?parent=16361"}],"wp:term":[{"taxonomy":"category","embeddable":true,"href":"https:\/\/peoplesphere.be\/fr\/wp-json\/wp\/v2\/categories?post=16361"},{"taxonomy":"post_tag","embeddable":true,"href":"https:\/\/peoplesphere.be\/fr\/wp-json\/wp\/v2\/tags?post=16361"}],"curies":[{"name":"wp","href":"https:\/\/api.w.org\/{rel}","templated":true}]}}