









{"id":16363,"date":"2024-06-25T13:00:32","date_gmt":"2024-06-25T11:00:32","guid":{"rendered":"https:\/\/peoplesphere.be\/fr\/?p=16363"},"modified":"2024-06-26T06:21:24","modified_gmt":"2024-06-26T04:21:24","slug":"une-charge-de-travail-plus-lourde-et-la-peur-dun-changement-ecrasant-plus-dun-employe-sur-quatre-envisage-de-changer-demploi","status":"publish","type":"post","link":"https:\/\/peoplesphere.be\/fr\/une-charge-de-travail-plus-lourde-et-la-peur-dun-changement-ecrasant-plus-dun-employe-sur-quatre-envisage-de-changer-demploi\/","title":{"rendered":"Une charge de travail plus lourde et la peur d&rsquo;un changement \u00e9crasant \u2013 plus d&rsquo;un employ\u00e9 sur quatre envisage de changer d&#8217;emploi."},"content":{"rendered":"<p>Le nombre d&#8217;employ\u00e9s envisageant de changer d&#8217;emploi est en hausse. La derni\u00e8re enqu\u00eate Hopes &amp; Fears r\u00e9alis\u00e9e par le prestataire de services professionnels PwC recueille les avis de 56.600 employ\u00e9s dans 50 pays, dont 1.000 r\u00e9pondants belges. Les r\u00e9sultats montrent que les employ\u00e9s estiment faire face \u00e0 des charges de travail plus lourdes et vivent de nombreux changements sur le lieu de travail.<!--more--><\/p>\n<p>Cependant, ce changement n&rsquo;est pas per\u00e7u de mani\u00e8re universellement positive \u2013 la moiti\u00e9 des r\u00e9pondants, tant en Belgique qu&rsquo;\u00e0 l&rsquo;\u00e9chelle mondiale, estiment que trop de changements ont lieu en m\u00eame temps. <em>\u00ab\u00a0Les entreprises doivent \u00eatre conscientes de l&rsquo;impact que les changements ont sur le lieu de travail et sur leurs employ\u00e9s. Guider les employ\u00e9s et aborder les changements \u00e9tape par \u00e9tape est essentiel\u00a0\u00bb,<\/em> d\u00e9clare Axel Smits, Pr\u00e9sident de PwC Belgique.<\/p>\n<p>Pour \u00e9valuer les attentes des employ\u00e9s dans le monde entier, PwC r\u00e9alise chaque ann\u00e9e une enqu\u00eate mondiale \u00ab\u00a0Hopes &amp; Fears\u00a0\u00bb afin de recueillir des retours \u2013 \u00e0 la fois positifs et n\u00e9gatifs \u2013 des employ\u00e9s sur un large \u00e9ventail de th\u00e8mes, y compris les comp\u00e9tences, la confiance envers leur employeur et l&rsquo;environnement de travail.<\/p>\n<p>Les r\u00e9sultats mondiaux et locaux de cette ann\u00e9e r\u00e9v\u00e8lent que les employ\u00e9s ressentent de plus en plus une charge de travail plus lourde et de nombreux changements sur le lieu de travail au cours des 12 derniers mois. Selon les r\u00e9pondants, ces changements ont \u00e9t\u00e9 divers : nouvelles technologies (70%), structures d&rsquo;\u00e9quipe (66%) et nouvelles responsabilit\u00e9s professionnelles (60%). Bien que presque 3 employ\u00e9s sur 4 (73%) soient d\u00e9sireux de s&rsquo;adapter \u00e0 de nouvelles m\u00e9thodes de travail, 52% estiment que trop de changements se produisent simultan\u00e9ment. De plus, 45% des r\u00e9pondants belges ne comprennent pas pourquoi le changement est n\u00e9cessaire, et pr\u00e8s de la moiti\u00e9 des r\u00e9pondants (47%) s&rsquo;interrogent sur l&rsquo;impact que le changement aura sur leur s\u00e9curit\u00e9 d&#8217;emploi.<\/p>\n<h3><strong><em>Insatisfaction envers la direction<\/em><\/strong><\/h3>\n<p>Parmi les r\u00e9pondants belges, il y a \u00e9galement une insatisfaction croissante envers la direction de l&rsquo;entreprise. Par exemple, plus d&rsquo;un r\u00e9pondant sur quatre en Belgique d\u00e9clare que leur employeur ne les \u00e9coute pas r\u00e9ellement ni ne les valorise, contre 1 sur 5 au niveau mondial. De plus, 21 % des r\u00e9pondants belges estiment que leur employeur ne poss\u00e8de pas les comp\u00e9tences n\u00e9cessaires pour g\u00e9rer efficacement le changement.<\/p>\n<p>Axel Smits, Pr\u00e9sident de PwC Belgique, explique : <em>\u00ab\u00a0Dans notre monde en \u00e9volution rapide, le changement dans tous les aspects des affaires est in\u00e9vitable, en particulier sur le lieu de travail. Les employeurs et les employ\u00e9s doivent s&rsquo;adapter aux nouvelles technologies, aux nouvelles m\u00e9thodes de travail et \u00e0 une culture d&rsquo;entreprise en mutation. Pour guider efficacement leurs \u00e9quipes, les employeurs doivent investir dans leur personnel et leur culture d&rsquo;entreprise afin de cr\u00e9er un environnement ouvert et flexible dans lequel les employ\u00e9s peuvent exceller dans leurs r\u00f4les et apporter une plus grande contribution. Les entreprises doivent \u00e9galement planifier pour l&rsquo;avenir en d\u00e9veloppant les comp\u00e9tences essentielles dont leurs employ\u00e9s ont besoin et qu&rsquo;ils d\u00e9sirent.\u00a0\u00bb<\/em><\/p>\n<h3><strong><em>Acqu\u00e9rir de nouvelles comp\u00e9tences pour se d\u00e9marquer sur le march\u00e9 du travail<\/em><\/strong><\/h3>\n<p>Pr\u00e8s de 3 r\u00e9pondants sur 10 envisagent s\u00e9rieusement de changer d&#8217;emploi dans l&rsquo;ann\u00e9e \u00e0 venir. C&rsquo;est une tendance qui continue de cro\u00eetre d&rsquo;ann\u00e9e en ann\u00e9e (2022 : 19%, 2023 : 25%). Par ailleurs, les r\u00e9sultats montrent que 75% des employ\u00e9s sont mod\u00e9r\u00e9ment \u00e0 tr\u00e8s satisfaits de leur emploi.<\/p>\n<h3><strong><em>Croissance personnelle, moteur du changement d&#8217;emploi<\/em><\/strong><\/h3>\n<p>Comme le montre l&rsquo;enqu\u00eate, les changements sur le lieu de travail obligent \u00e9galement les employ\u00e9s \u00e0 acqu\u00e9rir de nouvelles comp\u00e9tences. Bien que 6 r\u00e9pondants belges sur 10 estiment que leur employeur offre des opportunit\u00e9s de formation suffisantes, c&rsquo;est pr\u00e9cis\u00e9ment ce d\u00e9sir de croissance personnelle qui est devenu un moteur important du changement d&#8217;emploi. Avoir les bonnes comp\u00e9tences devient de plus en plus important pour se d\u00e9marquer sur le march\u00e9 du travail. De plus, 50 % des r\u00e9pondants estiment que les comp\u00e9tences requises pour exercer leur emploi changeront au cours des 5 prochaines ann\u00e9es.<\/p>\n<p>Serafine Vandebuerie, Associ\u00e9e, People Related Services chez PwC Belgique ajoute : <em>\u201cLa technologie transforme fondamentalement la mani\u00e8re dont le travail est effectu\u00e9 et les types de comp\u00e9tences recherch\u00e9es par les employeurs. En cons\u00e9quence, les employ\u00e9s accordent une plus grande valeur aux organisations qui investissent dans le d\u00e9veloppement de leurs comp\u00e9tences, leur permettant de rester pertinents et de prosp\u00e9rer dans un monde num\u00e9rique. De leur c\u00f4t\u00e9, les entreprises doivent \u00eatre proactives dans leurs programmes de mont\u00e9e en comp\u00e9tences \u2013 en priorisant l&rsquo;exp\u00e9rience des employ\u00e9s et en maintenant la transparence. Lorsque vous engagez de mani\u00e8re significative avec votre personnel, ce sont vos employ\u00e9s eux-m\u00eames qui deviennent un catalyseur de transformation r\u00e9ussie.\u201d<\/em><\/p>\n<p>&nbsp;<\/p>\n<p><em>Source: PwC &#8211; enqu\u00eate Hopes and Fears 2024<\/em><\/p>\n","protected":false},"excerpt":{"rendered":"<p>Le nombre d&#8217;employ\u00e9s envisageant de changer d&#8217;emploi est en hausse. La derni\u00e8re enqu\u00eate Hopes &amp; Fears r\u00e9alis\u00e9e par le prestataire de services professionnels PwC recueille les avis de 56.600 employ\u00e9s dans 50 pays, dont 1.000 r\u00e9pondants belges. Les r\u00e9sultats montrent [&hellip;]<\/p>\n","protected":false},"author":2,"featured_media":16364,"comment_status":"closed","ping_status":"open","sticky":false,"template":"","format":"standard","meta":[],"categories":[65,10],"tags":[675,116,1379,3211,18,445],"yoast_head":"<!-- This site is optimized with the Yoast SEO plugin v21.0 - https:\/\/yoast.com\/wordpress\/plugins\/seo\/ -->\n<title>Une charge de travail plus lourde et la peur d&#039;un changement \u00e9crasant \u2013 plus d&#039;un employ\u00e9 sur quatre envisage de changer d&#039;emploi. - Peoplesphere<\/title>\n<meta name=\"description\" content=\"Une charge de travail plus lourde et la peur d&#039;un changement \u00e9crasant \u2013 plus d&#039;un employ\u00e9 sur quatre envisage de changer d&#039;emploi.\" \/>\n<meta name=\"robots\" content=\"index, follow, max-snippet:-1, max-image-preview:large, max-video-preview:-1\" \/>\n<link rel=\"canonical\" href=\"https:\/\/peoplesphere.be\/fr\/une-charge-de-travail-plus-lourde-et-la-peur-dun-changement-ecrasant-plus-dun-employe-sur-quatre-envisage-de-changer-demploi\/\" \/>\n<meta property=\"og:locale\" content=\"fr_FR\" \/>\n<meta property=\"og:type\" content=\"article\" \/>\n<meta property=\"og:title\" content=\"Une charge de travail plus lourde et la peur d&#039;un changement \u00e9crasant \u2013 plus d&#039;un employ\u00e9 sur quatre envisage de changer d&#039;emploi. - Peoplesphere\" \/>\n<meta property=\"og:description\" content=\"Une charge de travail plus lourde et la peur d&#039;un changement \u00e9crasant \u2013 plus d&#039;un employ\u00e9 sur quatre envisage de changer d&#039;emploi.\" \/>\n<meta property=\"og:url\" content=\"https:\/\/peoplesphere.be\/fr\/une-charge-de-travail-plus-lourde-et-la-peur-dun-changement-ecrasant-plus-dun-employe-sur-quatre-envisage-de-changer-demploi\/\" \/>\n<meta property=\"og:site_name\" content=\"Peoplesphere\" \/>\n<meta property=\"article:publisher\" content=\"https:\/\/www.facebook.com\/peoplesphere\" \/>\n<meta property=\"article:published_time\" content=\"2024-06-25T11:00:32+00:00\" \/>\n<meta property=\"article:modified_time\" content=\"2024-06-26T04:21:24+00:00\" \/>\n<meta property=\"og:image\" content=\"https:\/\/peoplesphere.be\/fr\/wp-content\/uploads\/2024\/06\/20240625hopesandfears.jpg\" \/>\n\t<meta property=\"og:image:width\" content=\"800\" \/>\n\t<meta property=\"og:image:height\" content=\"450\" \/>\n\t<meta property=\"og:image:type\" content=\"image\/jpeg\" \/>\n<meta name=\"author\" content=\"Jean-Paul Erhard\" \/>\n<meta name=\"twitter:card\" content=\"summary_large_image\" \/>\n<meta name=\"twitter:creator\" content=\"@PeoplesphereMag\" \/>\n<meta name=\"twitter:site\" content=\"@PeoplesphereMag\" \/>\n<meta name=\"twitter:label1\" content=\"\u00c9crit par\" \/>\n\t<meta name=\"twitter:data1\" content=\"Jean-Paul Erhard\" \/>\n\t<meta name=\"twitter:label2\" content=\"Dur\u00e9e de lecture estim\u00e9e\" \/>\n\t<meta name=\"twitter:data2\" content=\"4 minutes\" \/>\n<script type=\"application\/ld+json\" class=\"yoast-schema-graph\">{\"@context\":\"https:\/\/schema.org\",\"@graph\":[{\"@type\":\"Article\",\"@id\":\"https:\/\/peoplesphere.be\/fr\/une-charge-de-travail-plus-lourde-et-la-peur-dun-changement-ecrasant-plus-dun-employe-sur-quatre-envisage-de-changer-demploi\/#article\",\"isPartOf\":{\"@id\":\"https:\/\/peoplesphere.be\/fr\/une-charge-de-travail-plus-lourde-et-la-peur-dun-changement-ecrasant-plus-dun-employe-sur-quatre-envisage-de-changer-demploi\/\"},\"author\":{\"name\":\"Jean-Paul Erhard\",\"@id\":\"https:\/\/peoplesphere.be\/fr\/#\/schema\/person\/7976225ff17988604334abb7b3536a7e\"},\"headline\":\"Une charge de travail plus lourde et la peur d&rsquo;un changement \u00e9crasant \u2013 plus d&rsquo;un employ\u00e9 sur quatre envisage de changer d&#8217;emploi.\",\"datePublished\":\"2024-06-25T11:00:32+00:00\",\"dateModified\":\"2024-06-26T04:21:24+00:00\",\"mainEntityOfPage\":{\"@id\":\"https:\/\/peoplesphere.be\/fr\/une-charge-de-travail-plus-lourde-et-la-peur-dun-changement-ecrasant-plus-dun-employe-sur-quatre-envisage-de-changer-demploi\/\"},\"wordCount\":852,\"publisher\":{\"@id\":\"https:\/\/peoplesphere.be\/fr\/#organization\"},\"keywords\":[\"change management\",\"comp\u00e9tences\",\"mobilit\u00e9 professionnelle\",\"s\u00e9curit\u00e9 d'emploi\",\"Stress\",\"talent management\"],\"articleSection\":[\"Actualit\u00e9s\",\"Digital\"],\"inLanguage\":\"fr-FR\"},{\"@type\":\"WebPage\",\"@id\":\"https:\/\/peoplesphere.be\/fr\/une-charge-de-travail-plus-lourde-et-la-peur-dun-changement-ecrasant-plus-dun-employe-sur-quatre-envisage-de-changer-demploi\/\",\"url\":\"https:\/\/peoplesphere.be\/fr\/une-charge-de-travail-plus-lourde-et-la-peur-dun-changement-ecrasant-plus-dun-employe-sur-quatre-envisage-de-changer-demploi\/\",\"name\":\"Une charge de travail plus lourde et la peur d'un changement \u00e9crasant \u2013 plus d'un employ\u00e9 sur quatre envisage de changer d'emploi. - Peoplesphere\",\"isPartOf\":{\"@id\":\"https:\/\/peoplesphere.be\/fr\/#website\"},\"datePublished\":\"2024-06-25T11:00:32+00:00\",\"dateModified\":\"2024-06-26T04:21:24+00:00\",\"description\":\"Une charge de travail plus lourde et la peur d'un changement \u00e9crasant \u2013 plus d'un employ\u00e9 sur quatre envisage de changer d'emploi.\",\"breadcrumb\":{\"@id\":\"https:\/\/peoplesphere.be\/fr\/une-charge-de-travail-plus-lourde-et-la-peur-dun-changement-ecrasant-plus-dun-employe-sur-quatre-envisage-de-changer-demploi\/#breadcrumb\"},\"inLanguage\":\"fr-FR\",\"potentialAction\":[{\"@type\":\"ReadAction\",\"target\":[\"https:\/\/peoplesphere.be\/fr\/une-charge-de-travail-plus-lourde-et-la-peur-dun-changement-ecrasant-plus-dun-employe-sur-quatre-envisage-de-changer-demploi\/\"]}]},{\"@type\":\"BreadcrumbList\",\"@id\":\"https:\/\/peoplesphere.be\/fr\/une-charge-de-travail-plus-lourde-et-la-peur-dun-changement-ecrasant-plus-dun-employe-sur-quatre-envisage-de-changer-demploi\/#breadcrumb\",\"itemListElement\":[{\"@type\":\"ListItem\",\"position\":1,\"name\":\"Accueil\",\"item\":\"https:\/\/peoplesphere.be\/fr\/\"},{\"@type\":\"ListItem\",\"position\":2,\"name\":\"Une charge de travail plus lourde et la peur d&rsquo;un changement \u00e9crasant \u2013 plus d&rsquo;un employ\u00e9 sur quatre envisage de changer d&#8217;emploi.\"}]},{\"@type\":\"WebSite\",\"@id\":\"https:\/\/peoplesphere.be\/fr\/#website\",\"url\":\"https:\/\/peoplesphere.be\/fr\/\",\"name\":\"Peoplesphere\",\"description\":\"The People Managers Magazine\",\"publisher\":{\"@id\":\"https:\/\/peoplesphere.be\/fr\/#organization\"},\"potentialAction\":[{\"@type\":\"SearchAction\",\"target\":{\"@type\":\"EntryPoint\",\"urlTemplate\":\"https:\/\/peoplesphere.be\/fr\/?s={search_term_string}\"},\"query-input\":\"required name=search_term_string\"}],\"inLanguage\":\"fr-FR\"},{\"@type\":\"Organization\",\"@id\":\"https:\/\/peoplesphere.be\/fr\/#organization\",\"name\":\"Peoplesphere Company srl\",\"url\":\"https:\/\/peoplesphere.be\/fr\/\",\"logo\":{\"@type\":\"ImageObject\",\"inLanguage\":\"fr-FR\",\"@id\":\"https:\/\/peoplesphere.be\/fr\/#\/schema\/logo\/image\/\",\"url\":\"https:\/\/peoplesphere.be\/fr\/wp-content\/uploads\/2023\/07\/peoplesphere-lgo-new-generik.jpg\",\"contentUrl\":\"https:\/\/peoplesphere.be\/fr\/wp-content\/uploads\/2023\/07\/peoplesphere-lgo-new-generik.jpg\",\"width\":1031,\"height\":1479,\"caption\":\"Peoplesphere Company srl\"},\"image\":{\"@id\":\"https:\/\/peoplesphere.be\/fr\/#\/schema\/logo\/image\/\"},\"sameAs\":[\"https:\/\/www.facebook.com\/peoplesphere\",\"https:\/\/twitter.com\/PeoplesphereMag\",\"https:\/\/www.linkedin.com\/company\/7587361?trk\",\"http:\/\/youtube.com\/peoplesphere\"]},{\"@type\":\"Person\",\"@id\":\"https:\/\/peoplesphere.be\/fr\/#\/schema\/person\/7976225ff17988604334abb7b3536a7e\",\"name\":\"Jean-Paul Erhard\",\"image\":{\"@type\":\"ImageObject\",\"inLanguage\":\"fr-FR\",\"@id\":\"https:\/\/peoplesphere.be\/fr\/#\/schema\/person\/image\/\",\"url\":\"https:\/\/secure.gravatar.com\/avatar\/f941e681460179738071629a51574930?s=96&d=mm&r=g\",\"contentUrl\":\"https:\/\/secure.gravatar.com\/avatar\/f941e681460179738071629a51574930?s=96&d=mm&r=g\",\"caption\":\"Jean-Paul Erhard\"},\"url\":\"https:\/\/peoplesphere.be\/fr\/author\/jpe\/\"}]}<\/script>\n<!-- \/ Yoast SEO plugin. -->","yoast_head_json":{"title":"Une charge de travail plus lourde et la peur d'un changement \u00e9crasant \u2013 plus d'un employ\u00e9 sur quatre envisage de changer d'emploi. - Peoplesphere","description":"Une charge de travail plus lourde et la peur d'un changement \u00e9crasant \u2013 plus d'un employ\u00e9 sur quatre envisage de changer d'emploi.","robots":{"index":"index","follow":"follow","max-snippet":"max-snippet:-1","max-image-preview":"max-image-preview:large","max-video-preview":"max-video-preview:-1"},"canonical":"https:\/\/peoplesphere.be\/fr\/une-charge-de-travail-plus-lourde-et-la-peur-dun-changement-ecrasant-plus-dun-employe-sur-quatre-envisage-de-changer-demploi\/","og_locale":"fr_FR","og_type":"article","og_title":"Une charge de travail plus lourde et la peur d'un changement \u00e9crasant \u2013 plus d'un employ\u00e9 sur quatre envisage de changer d'emploi. - Peoplesphere","og_description":"Une charge de travail plus lourde et la peur d'un changement \u00e9crasant \u2013 plus d'un employ\u00e9 sur quatre envisage de changer d'emploi.","og_url":"https:\/\/peoplesphere.be\/fr\/une-charge-de-travail-plus-lourde-et-la-peur-dun-changement-ecrasant-plus-dun-employe-sur-quatre-envisage-de-changer-demploi\/","og_site_name":"Peoplesphere","article_publisher":"https:\/\/www.facebook.com\/peoplesphere","article_published_time":"2024-06-25T11:00:32+00:00","article_modified_time":"2024-06-26T04:21:24+00:00","og_image":[{"width":800,"height":450,"url":"https:\/\/peoplesphere.be\/fr\/wp-content\/uploads\/2024\/06\/20240625hopesandfears.jpg","type":"image\/jpeg"}],"author":"Jean-Paul Erhard","twitter_card":"summary_large_image","twitter_creator":"@PeoplesphereMag","twitter_site":"@PeoplesphereMag","twitter_misc":{"\u00c9crit par":"Jean-Paul Erhard","Dur\u00e9e de lecture estim\u00e9e":"4 minutes"},"schema":{"@context":"https:\/\/schema.org","@graph":[{"@type":"Article","@id":"https:\/\/peoplesphere.be\/fr\/une-charge-de-travail-plus-lourde-et-la-peur-dun-changement-ecrasant-plus-dun-employe-sur-quatre-envisage-de-changer-demploi\/#article","isPartOf":{"@id":"https:\/\/peoplesphere.be\/fr\/une-charge-de-travail-plus-lourde-et-la-peur-dun-changement-ecrasant-plus-dun-employe-sur-quatre-envisage-de-changer-demploi\/"},"author":{"name":"Jean-Paul Erhard","@id":"https:\/\/peoplesphere.be\/fr\/#\/schema\/person\/7976225ff17988604334abb7b3536a7e"},"headline":"Une charge de travail plus lourde et la peur d&rsquo;un changement \u00e9crasant \u2013 plus d&rsquo;un employ\u00e9 sur quatre envisage de changer d&#8217;emploi.","datePublished":"2024-06-25T11:00:32+00:00","dateModified":"2024-06-26T04:21:24+00:00","mainEntityOfPage":{"@id":"https:\/\/peoplesphere.be\/fr\/une-charge-de-travail-plus-lourde-et-la-peur-dun-changement-ecrasant-plus-dun-employe-sur-quatre-envisage-de-changer-demploi\/"},"wordCount":852,"publisher":{"@id":"https:\/\/peoplesphere.be\/fr\/#organization"},"keywords":["change management","comp\u00e9tences","mobilit\u00e9 professionnelle","s\u00e9curit\u00e9 d'emploi","Stress","talent management"],"articleSection":["Actualit\u00e9s","Digital"],"inLanguage":"fr-FR"},{"@type":"WebPage","@id":"https:\/\/peoplesphere.be\/fr\/une-charge-de-travail-plus-lourde-et-la-peur-dun-changement-ecrasant-plus-dun-employe-sur-quatre-envisage-de-changer-demploi\/","url":"https:\/\/peoplesphere.be\/fr\/une-charge-de-travail-plus-lourde-et-la-peur-dun-changement-ecrasant-plus-dun-employe-sur-quatre-envisage-de-changer-demploi\/","name":"Une charge de travail plus lourde et la peur d'un changement \u00e9crasant \u2013 plus d'un employ\u00e9 sur quatre envisage de changer d'emploi. - Peoplesphere","isPartOf":{"@id":"https:\/\/peoplesphere.be\/fr\/#website"},"datePublished":"2024-06-25T11:00:32+00:00","dateModified":"2024-06-26T04:21:24+00:00","description":"Une charge de travail plus lourde et la peur d'un changement \u00e9crasant \u2013 plus d'un employ\u00e9 sur quatre envisage de changer d'emploi.","breadcrumb":{"@id":"https:\/\/peoplesphere.be\/fr\/une-charge-de-travail-plus-lourde-et-la-peur-dun-changement-ecrasant-plus-dun-employe-sur-quatre-envisage-de-changer-demploi\/#breadcrumb"},"inLanguage":"fr-FR","potentialAction":[{"@type":"ReadAction","target":["https:\/\/peoplesphere.be\/fr\/une-charge-de-travail-plus-lourde-et-la-peur-dun-changement-ecrasant-plus-dun-employe-sur-quatre-envisage-de-changer-demploi\/"]}]},{"@type":"BreadcrumbList","@id":"https:\/\/peoplesphere.be\/fr\/une-charge-de-travail-plus-lourde-et-la-peur-dun-changement-ecrasant-plus-dun-employe-sur-quatre-envisage-de-changer-demploi\/#breadcrumb","itemListElement":[{"@type":"ListItem","position":1,"name":"Accueil","item":"https:\/\/peoplesphere.be\/fr\/"},{"@type":"ListItem","position":2,"name":"Une charge de travail plus lourde et la peur d&rsquo;un changement \u00e9crasant \u2013 plus d&rsquo;un employ\u00e9 sur quatre envisage de changer d&#8217;emploi."}]},{"@type":"WebSite","@id":"https:\/\/peoplesphere.be\/fr\/#website","url":"https:\/\/peoplesphere.be\/fr\/","name":"Peoplesphere","description":"The People Managers Magazine","publisher":{"@id":"https:\/\/peoplesphere.be\/fr\/#organization"},"potentialAction":[{"@type":"SearchAction","target":{"@type":"EntryPoint","urlTemplate":"https:\/\/peoplesphere.be\/fr\/?s={search_term_string}"},"query-input":"required name=search_term_string"}],"inLanguage":"fr-FR"},{"@type":"Organization","@id":"https:\/\/peoplesphere.be\/fr\/#organization","name":"Peoplesphere Company srl","url":"https:\/\/peoplesphere.be\/fr\/","logo":{"@type":"ImageObject","inLanguage":"fr-FR","@id":"https:\/\/peoplesphere.be\/fr\/#\/schema\/logo\/image\/","url":"https:\/\/peoplesphere.be\/fr\/wp-content\/uploads\/2023\/07\/peoplesphere-lgo-new-generik.jpg","contentUrl":"https:\/\/peoplesphere.be\/fr\/wp-content\/uploads\/2023\/07\/peoplesphere-lgo-new-generik.jpg","width":1031,"height":1479,"caption":"Peoplesphere Company srl"},"image":{"@id":"https:\/\/peoplesphere.be\/fr\/#\/schema\/logo\/image\/"},"sameAs":["https:\/\/www.facebook.com\/peoplesphere","https:\/\/twitter.com\/PeoplesphereMag","https:\/\/www.linkedin.com\/company\/7587361?trk","http:\/\/youtube.com\/peoplesphere"]},{"@type":"Person","@id":"https:\/\/peoplesphere.be\/fr\/#\/schema\/person\/7976225ff17988604334abb7b3536a7e","name":"Jean-Paul Erhard","image":{"@type":"ImageObject","inLanguage":"fr-FR","@id":"https:\/\/peoplesphere.be\/fr\/#\/schema\/person\/image\/","url":"https:\/\/secure.gravatar.com\/avatar\/f941e681460179738071629a51574930?s=96&d=mm&r=g","contentUrl":"https:\/\/secure.gravatar.com\/avatar\/f941e681460179738071629a51574930?s=96&d=mm&r=g","caption":"Jean-Paul Erhard"},"url":"https:\/\/peoplesphere.be\/fr\/author\/jpe\/"}]}},"_links":{"self":[{"href":"https:\/\/peoplesphere.be\/fr\/wp-json\/wp\/v2\/posts\/16363"}],"collection":[{"href":"https:\/\/peoplesphere.be\/fr\/wp-json\/wp\/v2\/posts"}],"about":[{"href":"https:\/\/peoplesphere.be\/fr\/wp-json\/wp\/v2\/types\/post"}],"author":[{"embeddable":true,"href":"https:\/\/peoplesphere.be\/fr\/wp-json\/wp\/v2\/users\/2"}],"replies":[{"embeddable":true,"href":"https:\/\/peoplesphere.be\/fr\/wp-json\/wp\/v2\/comments?post=16363"}],"version-history":[{"count":1,"href":"https:\/\/peoplesphere.be\/fr\/wp-json\/wp\/v2\/posts\/16363\/revisions"}],"predecessor-version":[{"id":16365,"href":"https:\/\/peoplesphere.be\/fr\/wp-json\/wp\/v2\/posts\/16363\/revisions\/16365"}],"wp:featuredmedia":[{"embeddable":true,"href":"https:\/\/peoplesphere.be\/fr\/wp-json\/wp\/v2\/media\/16364"}],"wp:attachment":[{"href":"https:\/\/peoplesphere.be\/fr\/wp-json\/wp\/v2\/media?parent=16363"}],"wp:term":[{"taxonomy":"category","embeddable":true,"href":"https:\/\/peoplesphere.be\/fr\/wp-json\/wp\/v2\/categories?post=16363"},{"taxonomy":"post_tag","embeddable":true,"href":"https:\/\/peoplesphere.be\/fr\/wp-json\/wp\/v2\/tags?post=16363"}],"curies":[{"name":"wp","href":"https:\/\/api.w.org\/{rel}","templated":true}]}}