









{"id":16395,"date":"2024-07-01T09:10:59","date_gmt":"2024-07-01T07:10:59","guid":{"rendered":"https:\/\/peoplesphere.be\/fr\/?p=16395"},"modified":"2024-07-01T09:10:59","modified_gmt":"2024-07-01T07:10:59","slug":"un-debut-dete-euphorique-pour-les-pme-wallonnes-les-previsions-dembauche-repartent-en-fleche-a-la-suite-des-elections","status":"publish","type":"post","link":"https:\/\/peoplesphere.be\/fr\/un-debut-dete-euphorique-pour-les-pme-wallonnes-les-previsions-dembauche-repartent-en-fleche-a-la-suite-des-elections\/","title":{"rendered":"Un d\u00e9but d&rsquo;\u00e9t\u00e9 euphorique pour les PME wallonnes: les pr\u00e9visions d&#8217;embauche repartent en fl\u00e8che \u00e0 la suite des \u00e9lections."},"content":{"rendered":"<p>Les PME (jusqu&rsquo;\u00e0 250 travailleurs) indiquent que leurs plans de recrutement pour le troisi\u00e8me trimestre 2024 sont \u00e0 nouveau plus positifs, par rapport aux trimestres pr\u00e9c\u00e9dents. Entre juillet et septembre de cette ann\u00e9e, 38,1% des PME belges pr\u00e9voient d&rsquo;engager du personnel, contre 35,8% en mars. C&rsquo;est surtout en Wallonie que l&rsquo;on constate une augmentation frappante, avec 46% des PME qui envisagent d&#8217;embaucher au troisi\u00e8me trimestre.<!--more--><\/p>\n<p>Les intentions de licenciement y sont \u00e9galement tr\u00e8s faibles : seuls 5% envisagent de licencier. Il s&rsquo;agit l\u00e0 des premiers r\u00e9sultats d&rsquo;une enqu\u00eate men\u00e9e juste apr\u00e8s les \u00e9lections belges de juin aupr\u00e8s de 670 chefs d&rsquo;entreprise et responsables du personnel de PME sur leurs projets d&#8217;emploi pour le troisi\u00e8me trimestre.<\/p>\n<h3><strong><em>Forte augmentation des intentions d\u2019embauche dans les PME wallonnes<\/em><\/strong><\/h3>\n<p>Apr\u00e8s deux trimestres de stagnation, les intentions de recrutement passent de 35,8% \u00e0 38,1% en juin 2024. Il s&rsquo;agit d&rsquo;une augmentation relativement importante. Cela fait depuis la p\u00e9riode mai-juin 2022 que ce niveau a \u00e9t\u00e9 atteint. Il existe de nettes diff\u00e9rences entre les trois r\u00e9gions. Les PME de Wallonie en particulier se distinguent avec pr\u00e8s de la moiti\u00e9 (46%) d&rsquo;entre elles qui envisagent d\u2019engager. En Flandre et \u00e0 Bruxelles, la moyenne est de 35% de PME ayant des projets d&#8217;embauche. Pour ces deux r\u00e9gions, il s&rsquo;agit d&rsquo;une l\u00e9g\u00e8re baisse par rapport au trimestre pr\u00e9c\u00e9dent.<\/p>\n<p>Vassilios Skarlidis, conseiller PME chez SD Worx : <em>\u00ab\u00a0Les PME wallonnes affichent des plans d&#8217;emploi post-\u00e9lectoraux remarquablement plus positifs : leurs intentions de recrutement sont au plus haut (depuis le d\u00e9but de la mesure en septembre 2010) et les intentions de licenciements sont faibles.\u00a0\u00bb <\/em><\/p>\n<p>Le sp\u00e9cialiste souligne que \u202f<em>\u00ab\u00a0les PME wallonnes (61,1%) d\u00e9clarent avoir plus de postes vacants r\u00e9cents que celles de Bruxelles (48,5%) et de Flandre (54,2%). Cette situation est toutefois inhabituelle, car nous observons en g\u00e9n\u00e9ral une tendance \u00e0 l&rsquo;allongement de la dur\u00e9e des emplois vacants. La part des postes vacants de longue dur\u00e9e (44%) a fortement augment\u00e9 (37,1%) depuis le dernier trimestre. Les PME wallonnes signalent \u00e9galement davantage de professions \u00e0 goulot d&rsquo;\u00e9tranglement, \u00e0 savoir deux sur trois (62%) par rapport \u00e0 moins de la moiti\u00e9 (47,2%) \u00e0 Bruxelles. Il n&rsquo;est pas facile de pourvoir les postes vacants.\u00a0\u00bb<\/em><\/p>\n<h3><strong><em>Intentions de licenciement plus faibles en Wallonie<\/em><\/strong><\/h3>\n<p>Il y a \u00e9galement des nouvelles positives pour la Wallonie : les PME wallonnes ont moins de projets de licenciement. Avec 5%, les PME wallonnes obtiennent le score le plus bas, par rapport \u00e0 Bruxelles (14,4%) et \u00e0 la Flandre (14,2%).<\/p>\n<p>Globalement, on observe une l\u00e9g\u00e8re tendance \u00e0 la baisse (de 12,9% \u00e0 11,5%). En outre, 41% des PME qui pr\u00e9voient de licencier du personnel envisagent \u00e9galement de le remplacer. C&rsquo;est \u00e9galement mieux qu&rsquo;au trimestre dernier, o\u00f9 seulement 28,5% pr\u00e9voyaient de remplacer cette personne. La baisse des intentions de licenciement en Wallonie est frappante et similaire \u00e0 la baisse des intentions de licenciement au premier semestre 2021 (rebond apr\u00e8s le creux de la vague covid).<\/p>\n<p>Vassilios Skarlidis de SD Worx conclut : \u00ab\u00a0<em>40% des PME wallonnes indiquent que le climat politique affecte leurs intentions en mati\u00e8re d&#8217;emploi. Parmi les PME flamandes, c&rsquo;est le cas pour une PME sur trois, et pour les PME bruxelloises, cela ne concerne qu&rsquo;un quart d&rsquo;entre elles (24%).\u00a0\u00bb<\/em><\/p>\n<p>&nbsp;<\/p>\n<p><em>Source: SD Worx<\/em><\/p>\n","protected":false},"excerpt":{"rendered":"<p>Les PME (jusqu&rsquo;\u00e0 250 travailleurs) indiquent que leurs plans de recrutement pour le troisi\u00e8me trimestre 2024 sont \u00e0 nouveau plus positifs, par rapport aux trimestres pr\u00e9c\u00e9dents. Entre juillet et septembre de cette ann\u00e9e, 38,1% des PME belges pr\u00e9voient d&rsquo;engager du [&hellip;]<\/p>\n","protected":false},"author":2,"featured_media":0,"comment_status":"closed","ping_status":"open","sticky":false,"template":"","format":"standard","meta":[],"categories":[65,10],"tags":[11,134,27,72,28],"yoast_head":"<!-- This site is optimized with the Yoast SEO plugin v21.0 - https:\/\/yoast.com\/wordpress\/plugins\/seo\/ -->\n<title>Un d\u00e9but d&#039;\u00e9t\u00e9 euphorique pour les PME wallonnes: les pr\u00e9visions d&#039;embauche repartent en fl\u00e8che \u00e0 la suite des \u00e9lections. - Peoplesphere<\/title>\n<meta name=\"robots\" content=\"index, follow, max-snippet:-1, max-image-preview:large, max-video-preview:-1\" \/>\n<link rel=\"canonical\" href=\"https:\/\/peoplesphere.be\/fr\/un-debut-dete-euphorique-pour-les-pme-wallonnes-les-previsions-dembauche-repartent-en-fleche-a-la-suite-des-elections\/\" \/>\n<meta property=\"og:locale\" content=\"fr_FR\" \/>\n<meta property=\"og:type\" content=\"article\" \/>\n<meta property=\"og:title\" content=\"Un d\u00e9but d&#039;\u00e9t\u00e9 euphorique pour les PME wallonnes: les pr\u00e9visions d&#039;embauche repartent en fl\u00e8che \u00e0 la suite des \u00e9lections. - Peoplesphere\" \/>\n<meta property=\"og:description\" content=\"Les PME (jusqu&rsquo;\u00e0 250 travailleurs) indiquent que leurs plans de recrutement pour le troisi\u00e8me trimestre 2024 sont \u00e0 nouveau plus positifs, par rapport aux trimestres pr\u00e9c\u00e9dents. Entre juillet et septembre de cette ann\u00e9e, 38,1% des PME belges pr\u00e9voient d&rsquo;engager du [&hellip;]\" \/>\n<meta property=\"og:url\" content=\"https:\/\/peoplesphere.be\/fr\/un-debut-dete-euphorique-pour-les-pme-wallonnes-les-previsions-dembauche-repartent-en-fleche-a-la-suite-des-elections\/\" \/>\n<meta property=\"og:site_name\" content=\"Peoplesphere\" \/>\n<meta property=\"article:publisher\" content=\"https:\/\/www.facebook.com\/peoplesphere\" \/>\n<meta property=\"article:published_time\" content=\"2024-07-01T07:10:59+00:00\" \/>\n<meta property=\"og:image\" content=\"http:\/\/www.peoplesphere.be\/fr\/wp-content\/uploads\/2016\/07\/facebook-default-posting-1200x628px.jpg\" \/>\n<meta name=\"author\" content=\"Jean-Paul Erhard\" \/>\n<meta name=\"twitter:card\" content=\"summary_large_image\" \/>\n<meta name=\"twitter:creator\" content=\"@PeoplesphereMag\" \/>\n<meta name=\"twitter:site\" content=\"@PeoplesphereMag\" \/>\n<meta name=\"twitter:label1\" content=\"\u00c9crit par\" \/>\n\t<meta name=\"twitter:data1\" content=\"Jean-Paul Erhard\" \/>\n\t<meta name=\"twitter:label2\" content=\"Dur\u00e9e de lecture estim\u00e9e\" \/>\n\t<meta name=\"twitter:data2\" content=\"3 minutes\" \/>\n<script type=\"application\/ld+json\" class=\"yoast-schema-graph\">{\"@context\":\"https:\/\/schema.org\",\"@graph\":[{\"@type\":\"Article\",\"@id\":\"https:\/\/peoplesphere.be\/fr\/un-debut-dete-euphorique-pour-les-pme-wallonnes-les-previsions-dembauche-repartent-en-fleche-a-la-suite-des-elections\/#article\",\"isPartOf\":{\"@id\":\"https:\/\/peoplesphere.be\/fr\/un-debut-dete-euphorique-pour-les-pme-wallonnes-les-previsions-dembauche-repartent-en-fleche-a-la-suite-des-elections\/\"},\"author\":{\"name\":\"Jean-Paul Erhard\",\"@id\":\"https:\/\/peoplesphere.be\/fr\/#\/schema\/person\/7976225ff17988604334abb7b3536a7e\"},\"headline\":\"Un d\u00e9but d&rsquo;\u00e9t\u00e9 euphorique pour les PME wallonnes: les pr\u00e9visions d&#8217;embauche repartent en fl\u00e8che \u00e0 la suite des \u00e9lections.\",\"datePublished\":\"2024-07-01T07:10:59+00:00\",\"dateModified\":\"2024-07-01T07:10:59+00:00\",\"mainEntityOfPage\":{\"@id\":\"https:\/\/peoplesphere.be\/fr\/un-debut-dete-euphorique-pour-les-pme-wallonnes-les-previsions-dembauche-repartent-en-fleche-a-la-suite-des-elections\/\"},\"wordCount\":546,\"publisher\":{\"@id\":\"https:\/\/peoplesphere.be\/fr\/#organization\"},\"keywords\":[\"emploi\",\"licenciement\",\"PME\",\"recrutement\",\"Wallonie\"],\"articleSection\":[\"Actualit\u00e9s\",\"Digital\"],\"inLanguage\":\"fr-FR\"},{\"@type\":\"WebPage\",\"@id\":\"https:\/\/peoplesphere.be\/fr\/un-debut-dete-euphorique-pour-les-pme-wallonnes-les-previsions-dembauche-repartent-en-fleche-a-la-suite-des-elections\/\",\"url\":\"https:\/\/peoplesphere.be\/fr\/un-debut-dete-euphorique-pour-les-pme-wallonnes-les-previsions-dembauche-repartent-en-fleche-a-la-suite-des-elections\/\",\"name\":\"Un d\u00e9but d'\u00e9t\u00e9 euphorique pour les PME wallonnes: les pr\u00e9visions d'embauche repartent en fl\u00e8che \u00e0 la suite des \u00e9lections. - Peoplesphere\",\"isPartOf\":{\"@id\":\"https:\/\/peoplesphere.be\/fr\/#website\"},\"datePublished\":\"2024-07-01T07:10:59+00:00\",\"dateModified\":\"2024-07-01T07:10:59+00:00\",\"breadcrumb\":{\"@id\":\"https:\/\/peoplesphere.be\/fr\/un-debut-dete-euphorique-pour-les-pme-wallonnes-les-previsions-dembauche-repartent-en-fleche-a-la-suite-des-elections\/#breadcrumb\"},\"inLanguage\":\"fr-FR\",\"potentialAction\":[{\"@type\":\"ReadAction\",\"target\":[\"https:\/\/peoplesphere.be\/fr\/un-debut-dete-euphorique-pour-les-pme-wallonnes-les-previsions-dembauche-repartent-en-fleche-a-la-suite-des-elections\/\"]}]},{\"@type\":\"BreadcrumbList\",\"@id\":\"https:\/\/peoplesphere.be\/fr\/un-debut-dete-euphorique-pour-les-pme-wallonnes-les-previsions-dembauche-repartent-en-fleche-a-la-suite-des-elections\/#breadcrumb\",\"itemListElement\":[{\"@type\":\"ListItem\",\"position\":1,\"name\":\"Accueil\",\"item\":\"https:\/\/peoplesphere.be\/fr\/\"},{\"@type\":\"ListItem\",\"position\":2,\"name\":\"Un d\u00e9but d&rsquo;\u00e9t\u00e9 euphorique pour les PME wallonnes: les pr\u00e9visions d&#8217;embauche repartent en fl\u00e8che \u00e0 la suite des \u00e9lections.\"}]},{\"@type\":\"WebSite\",\"@id\":\"https:\/\/peoplesphere.be\/fr\/#website\",\"url\":\"https:\/\/peoplesphere.be\/fr\/\",\"name\":\"Peoplesphere\",\"description\":\"The People Managers Magazine\",\"publisher\":{\"@id\":\"https:\/\/peoplesphere.be\/fr\/#organization\"},\"potentialAction\":[{\"@type\":\"SearchAction\",\"target\":{\"@type\":\"EntryPoint\",\"urlTemplate\":\"https:\/\/peoplesphere.be\/fr\/?s={search_term_string}\"},\"query-input\":\"required name=search_term_string\"}],\"inLanguage\":\"fr-FR\"},{\"@type\":\"Organization\",\"@id\":\"https:\/\/peoplesphere.be\/fr\/#organization\",\"name\":\"Peoplesphere Company srl\",\"url\":\"https:\/\/peoplesphere.be\/fr\/\",\"logo\":{\"@type\":\"ImageObject\",\"inLanguage\":\"fr-FR\",\"@id\":\"https:\/\/peoplesphere.be\/fr\/#\/schema\/logo\/image\/\",\"url\":\"https:\/\/peoplesphere.be\/fr\/wp-content\/uploads\/2023\/07\/peoplesphere-lgo-new-generik.jpg\",\"contentUrl\":\"https:\/\/peoplesphere.be\/fr\/wp-content\/uploads\/2023\/07\/peoplesphere-lgo-new-generik.jpg\",\"width\":1031,\"height\":1479,\"caption\":\"Peoplesphere Company srl\"},\"image\":{\"@id\":\"https:\/\/peoplesphere.be\/fr\/#\/schema\/logo\/image\/\"},\"sameAs\":[\"https:\/\/www.facebook.com\/peoplesphere\",\"https:\/\/twitter.com\/PeoplesphereMag\",\"https:\/\/www.linkedin.com\/company\/7587361?trk\",\"http:\/\/youtube.com\/peoplesphere\"]},{\"@type\":\"Person\",\"@id\":\"https:\/\/peoplesphere.be\/fr\/#\/schema\/person\/7976225ff17988604334abb7b3536a7e\",\"name\":\"Jean-Paul Erhard\",\"image\":{\"@type\":\"ImageObject\",\"inLanguage\":\"fr-FR\",\"@id\":\"https:\/\/peoplesphere.be\/fr\/#\/schema\/person\/image\/\",\"url\":\"https:\/\/secure.gravatar.com\/avatar\/f941e681460179738071629a51574930?s=96&d=mm&r=g\",\"contentUrl\":\"https:\/\/secure.gravatar.com\/avatar\/f941e681460179738071629a51574930?s=96&d=mm&r=g\",\"caption\":\"Jean-Paul Erhard\"},\"url\":\"https:\/\/peoplesphere.be\/fr\/author\/jpe\/\"}]}<\/script>\n<!-- \/ Yoast SEO plugin. -->","yoast_head_json":{"title":"Un d\u00e9but d'\u00e9t\u00e9 euphorique pour les PME wallonnes: les pr\u00e9visions d'embauche repartent en fl\u00e8che \u00e0 la suite des \u00e9lections. - Peoplesphere","robots":{"index":"index","follow":"follow","max-snippet":"max-snippet:-1","max-image-preview":"max-image-preview:large","max-video-preview":"max-video-preview:-1"},"canonical":"https:\/\/peoplesphere.be\/fr\/un-debut-dete-euphorique-pour-les-pme-wallonnes-les-previsions-dembauche-repartent-en-fleche-a-la-suite-des-elections\/","og_locale":"fr_FR","og_type":"article","og_title":"Un d\u00e9but d'\u00e9t\u00e9 euphorique pour les PME wallonnes: les pr\u00e9visions d'embauche repartent en fl\u00e8che \u00e0 la suite des \u00e9lections. - Peoplesphere","og_description":"Les PME (jusqu&rsquo;\u00e0 250 travailleurs) indiquent que leurs plans de recrutement pour le troisi\u00e8me trimestre 2024 sont \u00e0 nouveau plus positifs, par rapport aux trimestres pr\u00e9c\u00e9dents. Entre juillet et septembre de cette ann\u00e9e, 38,1% des PME belges pr\u00e9voient d&rsquo;engager du [&hellip;]","og_url":"https:\/\/peoplesphere.be\/fr\/un-debut-dete-euphorique-pour-les-pme-wallonnes-les-previsions-dembauche-repartent-en-fleche-a-la-suite-des-elections\/","og_site_name":"Peoplesphere","article_publisher":"https:\/\/www.facebook.com\/peoplesphere","article_published_time":"2024-07-01T07:10:59+00:00","og_image":[{"url":"http:\/\/www.peoplesphere.be\/fr\/wp-content\/uploads\/2016\/07\/facebook-default-posting-1200x628px.jpg"}],"author":"Jean-Paul Erhard","twitter_card":"summary_large_image","twitter_creator":"@PeoplesphereMag","twitter_site":"@PeoplesphereMag","twitter_misc":{"\u00c9crit par":"Jean-Paul Erhard","Dur\u00e9e de lecture estim\u00e9e":"3 minutes"},"schema":{"@context":"https:\/\/schema.org","@graph":[{"@type":"Article","@id":"https:\/\/peoplesphere.be\/fr\/un-debut-dete-euphorique-pour-les-pme-wallonnes-les-previsions-dembauche-repartent-en-fleche-a-la-suite-des-elections\/#article","isPartOf":{"@id":"https:\/\/peoplesphere.be\/fr\/un-debut-dete-euphorique-pour-les-pme-wallonnes-les-previsions-dembauche-repartent-en-fleche-a-la-suite-des-elections\/"},"author":{"name":"Jean-Paul Erhard","@id":"https:\/\/peoplesphere.be\/fr\/#\/schema\/person\/7976225ff17988604334abb7b3536a7e"},"headline":"Un d\u00e9but d&rsquo;\u00e9t\u00e9 euphorique pour les PME wallonnes: les pr\u00e9visions d&#8217;embauche repartent en fl\u00e8che \u00e0 la suite des \u00e9lections.","datePublished":"2024-07-01T07:10:59+00:00","dateModified":"2024-07-01T07:10:59+00:00","mainEntityOfPage":{"@id":"https:\/\/peoplesphere.be\/fr\/un-debut-dete-euphorique-pour-les-pme-wallonnes-les-previsions-dembauche-repartent-en-fleche-a-la-suite-des-elections\/"},"wordCount":546,"publisher":{"@id":"https:\/\/peoplesphere.be\/fr\/#organization"},"keywords":["emploi","licenciement","PME","recrutement","Wallonie"],"articleSection":["Actualit\u00e9s","Digital"],"inLanguage":"fr-FR"},{"@type":"WebPage","@id":"https:\/\/peoplesphere.be\/fr\/un-debut-dete-euphorique-pour-les-pme-wallonnes-les-previsions-dembauche-repartent-en-fleche-a-la-suite-des-elections\/","url":"https:\/\/peoplesphere.be\/fr\/un-debut-dete-euphorique-pour-les-pme-wallonnes-les-previsions-dembauche-repartent-en-fleche-a-la-suite-des-elections\/","name":"Un d\u00e9but d'\u00e9t\u00e9 euphorique pour les PME wallonnes: les pr\u00e9visions d'embauche repartent en fl\u00e8che \u00e0 la suite des \u00e9lections. - Peoplesphere","isPartOf":{"@id":"https:\/\/peoplesphere.be\/fr\/#website"},"datePublished":"2024-07-01T07:10:59+00:00","dateModified":"2024-07-01T07:10:59+00:00","breadcrumb":{"@id":"https:\/\/peoplesphere.be\/fr\/un-debut-dete-euphorique-pour-les-pme-wallonnes-les-previsions-dembauche-repartent-en-fleche-a-la-suite-des-elections\/#breadcrumb"},"inLanguage":"fr-FR","potentialAction":[{"@type":"ReadAction","target":["https:\/\/peoplesphere.be\/fr\/un-debut-dete-euphorique-pour-les-pme-wallonnes-les-previsions-dembauche-repartent-en-fleche-a-la-suite-des-elections\/"]}]},{"@type":"BreadcrumbList","@id":"https:\/\/peoplesphere.be\/fr\/un-debut-dete-euphorique-pour-les-pme-wallonnes-les-previsions-dembauche-repartent-en-fleche-a-la-suite-des-elections\/#breadcrumb","itemListElement":[{"@type":"ListItem","position":1,"name":"Accueil","item":"https:\/\/peoplesphere.be\/fr\/"},{"@type":"ListItem","position":2,"name":"Un d\u00e9but d&rsquo;\u00e9t\u00e9 euphorique pour les PME wallonnes: les pr\u00e9visions d&#8217;embauche repartent en fl\u00e8che \u00e0 la suite des \u00e9lections."}]},{"@type":"WebSite","@id":"https:\/\/peoplesphere.be\/fr\/#website","url":"https:\/\/peoplesphere.be\/fr\/","name":"Peoplesphere","description":"The People Managers Magazine","publisher":{"@id":"https:\/\/peoplesphere.be\/fr\/#organization"},"potentialAction":[{"@type":"SearchAction","target":{"@type":"EntryPoint","urlTemplate":"https:\/\/peoplesphere.be\/fr\/?s={search_term_string}"},"query-input":"required name=search_term_string"}],"inLanguage":"fr-FR"},{"@type":"Organization","@id":"https:\/\/peoplesphere.be\/fr\/#organization","name":"Peoplesphere Company srl","url":"https:\/\/peoplesphere.be\/fr\/","logo":{"@type":"ImageObject","inLanguage":"fr-FR","@id":"https:\/\/peoplesphere.be\/fr\/#\/schema\/logo\/image\/","url":"https:\/\/peoplesphere.be\/fr\/wp-content\/uploads\/2023\/07\/peoplesphere-lgo-new-generik.jpg","contentUrl":"https:\/\/peoplesphere.be\/fr\/wp-content\/uploads\/2023\/07\/peoplesphere-lgo-new-generik.jpg","width":1031,"height":1479,"caption":"Peoplesphere Company srl"},"image":{"@id":"https:\/\/peoplesphere.be\/fr\/#\/schema\/logo\/image\/"},"sameAs":["https:\/\/www.facebook.com\/peoplesphere","https:\/\/twitter.com\/PeoplesphereMag","https:\/\/www.linkedin.com\/company\/7587361?trk","http:\/\/youtube.com\/peoplesphere"]},{"@type":"Person","@id":"https:\/\/peoplesphere.be\/fr\/#\/schema\/person\/7976225ff17988604334abb7b3536a7e","name":"Jean-Paul Erhard","image":{"@type":"ImageObject","inLanguage":"fr-FR","@id":"https:\/\/peoplesphere.be\/fr\/#\/schema\/person\/image\/","url":"https:\/\/secure.gravatar.com\/avatar\/f941e681460179738071629a51574930?s=96&d=mm&r=g","contentUrl":"https:\/\/secure.gravatar.com\/avatar\/f941e681460179738071629a51574930?s=96&d=mm&r=g","caption":"Jean-Paul Erhard"},"url":"https:\/\/peoplesphere.be\/fr\/author\/jpe\/"}]}},"_links":{"self":[{"href":"https:\/\/peoplesphere.be\/fr\/wp-json\/wp\/v2\/posts\/16395"}],"collection":[{"href":"https:\/\/peoplesphere.be\/fr\/wp-json\/wp\/v2\/posts"}],"about":[{"href":"https:\/\/peoplesphere.be\/fr\/wp-json\/wp\/v2\/types\/post"}],"author":[{"embeddable":true,"href":"https:\/\/peoplesphere.be\/fr\/wp-json\/wp\/v2\/users\/2"}],"replies":[{"embeddable":true,"href":"https:\/\/peoplesphere.be\/fr\/wp-json\/wp\/v2\/comments?post=16395"}],"version-history":[{"count":1,"href":"https:\/\/peoplesphere.be\/fr\/wp-json\/wp\/v2\/posts\/16395\/revisions"}],"predecessor-version":[{"id":16396,"href":"https:\/\/peoplesphere.be\/fr\/wp-json\/wp\/v2\/posts\/16395\/revisions\/16396"}],"wp:attachment":[{"href":"https:\/\/peoplesphere.be\/fr\/wp-json\/wp\/v2\/media?parent=16395"}],"wp:term":[{"taxonomy":"category","embeddable":true,"href":"https:\/\/peoplesphere.be\/fr\/wp-json\/wp\/v2\/categories?post=16395"},{"taxonomy":"post_tag","embeddable":true,"href":"https:\/\/peoplesphere.be\/fr\/wp-json\/wp\/v2\/tags?post=16395"}],"curies":[{"name":"wp","href":"https:\/\/api.w.org\/{rel}","templated":true}]}}