









{"id":16403,"date":"2024-07-03T13:20:53","date_gmt":"2024-07-03T11:20:53","guid":{"rendered":"https:\/\/peoplesphere.be\/fr\/?p=16403"},"modified":"2024-07-03T13:20:53","modified_gmt":"2024-07-03T11:20:53","slug":"metiers-en-penurie-et-fonctions-critiques-la-liste-continue-de-sallonger-en-region-wallonne","status":"publish","type":"post","link":"https:\/\/peoplesphere.be\/fr\/metiers-en-penurie-et-fonctions-critiques-la-liste-continue-de-sallonger-en-region-wallonne\/","title":{"rendered":"M\u00e9tiers en p\u00e9nurie et fonctions critiques: la liste continue de s&rsquo;allonger en R\u00e9gion Wallonne."},"content":{"rendered":"<p>Le Forem vient d\u2019\u00e9tablir la liste 2024 des fonctions critiques et des m\u00e9tiers en p\u00e9nurie. Cette ann\u00e9e, 162 m\u00e9tiers composent la liste, soit 4 de plus qu\u2019en 2023. Parmi ces m\u00e9tiers, 112 sont en p\u00e9nurie de main-d&rsquo;\u0153uvre. Pour r\u00e9pondre aux diff\u00e9rents besoins de main-d\u2019\u0153uvre qualifi\u00e9e, le Forem propose 377 formations dont 209 permettent de se former aux m\u00e9tiers en tension, et multiplie \u00e9galement les Coups de poings p\u00e9nurie, v\u00e9ritables formations \u00ab\u00a0sur mesure\u00a0\u00bb d\u00e9velopp\u00e9es en partenariat avec les entreprises elles-m\u00eames.<!--more--><\/p>\n<p>Le Forem encourage les entreprises \u00e0 proposer davantage de contrats \u00e0 dur\u00e9e ind\u00e9termin\u00e9e. Actuellement, 35 % des offres d\u2019emploi pour ces m\u00e9tiers proposent un CDI.<\/p>\n<p>Par rapport \u00e0 la liste \u00e9tablie en 2023, 39 m\u00e9tiers disparaissent (par exemple Architecte, G\u00e9om\u00e8tre, Monteur\/Monteuse d\u2019\u00e9chafaudages, Agent\/Agente de voyage, D\u00e9m\u00e9nageur\/D\u00e9m\u00e9nageuse, Opticien\/Opticienne) et 43 m\u00e9tiers apparaissent (par exemple Aide-boulanger\/Aide-boulang\u00e8re, Conseiller\/Conseill\u00e8re technique pour le support \u00e0 la client\u00e8le, Guide touristique, et c\u00f4t\u00e9 nouvelles technologies : Concepteur\/Conceptrice de contenu multim\u00e9dia, Business Analyst TIC et Expert\/Experte en int\u00e9gration et impl\u00e9mentation TIC).<\/p>\n<p>Le secteur de la construction est \u00e0 nouveau le plus repr\u00e9sent\u00e9 dans la liste, avec 44 m\u00e9tiers sur les 162. C\u2019est ensuite le domaine Industrie qui est le plus demandeur de main-d\u2019\u0153uvre, avec 35 m\u00e9tiers concern\u00e9s.<\/p>\n<h3><strong><em>Une liste \u00e9tablie en concertation avec les Fonds sectoriels<\/em><\/strong><\/h3>\n<p>Afin de coller aux r\u00e9alit\u00e9s de terrain pour \u00e9tablir la liste des m\u00e9tiers en tension, le Forem a adapt\u00e9 sa m\u00e9thodologie et proc\u00e8de en 3 temps. Tout d\u2019abord une analyse statistique sur la base des opportunit\u00e9s d\u2019emploi. Ensuite, une enqu\u00eate est men\u00e9e aupr\u00e8s des conseillers aux entreprises et experts internes. De plus, le Forem consulte ses diff\u00e9rents partenaires issus des Fonds de formations sectoriels et repr\u00e9sentants sectoriels. Enfin, la nouvelle liste ainsi constitu\u00e9e est soumise au Comit\u00e9 de gestion du Forem (compos\u00e9 des partenaires sociaux et des organisations patronales).<\/p>\n<h3><strong><em>En Wallonie, 35 % des offres d\u2019emploi pour un m\u00e9tier en p\u00e9nurie offrent un CDI<\/em><\/strong><\/h3>\n<p>De janvier \u00e0 mai, plus de 210.000 offres d\u2019emploi (soit +37 % par rapport \u00e0 la m\u00eame p\u00e9riode l\u2019ann\u00e9e pass\u00e9e) ont \u00e9t\u00e9 publi\u00e9es sur le site du Forem (hors offres d\u2019autres Services publics). Parmi ces offres, 3 postes sur 10 concernent des fonctions critiques et des m\u00e9tiers en p\u00e9nurie et seulement un tiers de ces offres proposent un engagement sous CDI en Wallonie.<\/p>\n<h3><strong><em>La formation, un maillon essentiel<\/em><\/strong><\/h3>\n<p>Etablir la liste des fonctions critiques et des m\u00e9tiers en p\u00e9nurie permet au Forem d\u2019adapter son offre de formations aux besoins des entreprises. L\u2019acquisition de comp\u00e9tences constitue en effet la porte d\u2019entr\u00e9e majeure vers l\u2019emploi. Actuellement, le Forem dispose d\u2019un catalogue de 377 formations, dont 209 sont d\u00e9di\u00e9es aux m\u00e9tiers en tension et ciblent prioritairement les 42% des chercheurs d\u2019emploi qui ne disposent pas du CESS.<\/p>\n<h3><strong><em>Une r\u00e9ponse sur mesure aux besoins des entreprises<\/em><\/strong><\/h3>\n<p>C\u2019est aussi dans l\u2019optique de pouvoir r\u00e9pondre rapidement aux besoins de main-d\u2019\u0153uvre que le Forem d\u00e9veloppe depuis quelques ann\u00e9es des formations \u00ab\u00a0sur mesure\u00a0\u00bb en collaboration directe avec les entreprises : les \u00ab\u00a0Coups de poing p\u00e9nurie\u00a0\u00bb. Ces derni\u00e8res optent de plus en plus pour cette solution de formation qui se d\u00e9roule pour partie en entreprise et pour partie en centre de formation. L\u2019\u00e9l\u00e9ment mobilisateur vis-\u00e0-vis des stagiaires, c\u2019est que cette formation d\u00e9bouche sur l\u2019engagement sous CDI et que les entreprises s\u2019engagent \u00e0 recruter minimum 80% des chercheurs d\u2019emploi ayant r\u00e9ussi la formation. L\u2019objectif de la nouvelle direction du Forem est de doubler le nombre de Coups de poing p\u00e9nurie pour 2024 (soit 50 au minimum).<\/p>\n<p>Par ailleurs, le Forem organise tout au long de l\u2019ann\u00e9e des s\u00e9ances d\u2019infos et des \u00ab\u00a0Mardis d\u2019avenir\u00a0\u00bb permettant de mieux connaitre ces m\u00e9tiers qui proposent de belles opportunit\u00e9s d\u2019engagement, ainsi que les formations qui permettent d\u2019acqu\u00e9rir les comp\u00e9tences attendues dans ces m\u00e9tiers.<\/p>\n<h3><strong><em>Des incitants pour augmenter l\u2019attractivit\u00e9<\/em><\/strong><\/h3>\n<p>4 incitants ont \u00e9t\u00e9 d\u00e9velopp\u00e9s afin d\u2019encourager les chercheurs d\u2019emploi \u00e0 se former et \u00e0 faire carri\u00e8re dans un des m\u00e9tiers de cette liste :<\/p>\n<ul>\n<li>L\u2019Incitant + octroie une prime de 350 \u20ac aux chercheurs d\u2019emploi qui ont r\u00e9ussi une formation menant \u00e0 une fonction critique (avec minimum 35h\/semaine et une dur\u00e9e d\u2019au moins quatre semaines). De plus, le stagiaire touche 2 \u20ac par heure de formation.<\/li>\n<li>La prime Construction, qui peut aller jusqu\u2019\u00e0 2.000 \u20ac brut, cible certains m\u00e9tiers en p\u00e9nurie du secteur du bois, de la construction et de l\u2019\u00e9lectricit\u00e9.<\/li>\n<li>L\u2019allocation m\u00e9tier en p\u00e9nurie permet au chercheur d\u2019emploi inoccup\u00e9 depuis plus d\u2019un an de conserver 25 % de son allocation pendant trois mois s\u2019il occupe un emploi en p\u00e9nurie.<\/li>\n<li>Le Passeport Drive permet au chercheur d\u2019emploi de recevoir un financement pour l\u2019obtention du permis B (auto) ou AM (cyclomoteur) s\u2019il suit ou termine une formation qualifiante de quatre semaines au minimum durant l\u2019ann\u00e9e 2024. Notamment dans le secteur de la construction, du bois et de l\u2019\u00e9lectricit\u00e9.<\/li>\n<\/ul>\n<h3><strong><em>Une dispense de disponibilit\u00e9 pour se former ou reprendre des \u00e9tudes<\/em><\/strong><\/h3>\n<p>Les chercheurs d\u2019emploi qui suivent une formation dans un m\u00e9tier en p\u00e9nurie, dispens\u00e9e par le Forem ou un de ses partenaires, peuvent b\u00e9n\u00e9ficier d\u2019une dispense de disponibilit\u00e9 sous certaines conditions. De m\u00eame, les chercheurs d\u2019emploi peuvent reprendre des \u00e9tudes de plein exercice pour les m\u00e9tiers en p\u00e9nurie. Ces \u00e9tudes donnent \u00e9galement droit \u00e0 une dispense.<\/p>\n","protected":false},"excerpt":{"rendered":"<p>Le Forem vient d\u2019\u00e9tablir la liste 2024 des fonctions critiques et des m\u00e9tiers en p\u00e9nurie. Cette ann\u00e9e, 162 m\u00e9tiers composent la liste, soit 4 de plus qu\u2019en 2023. Parmi ces m\u00e9tiers, 112 sont en p\u00e9nurie de main-d&rsquo;\u0153uvre. Pour r\u00e9pondre aux [&hellip;]<\/p>\n","protected":false},"author":2,"featured_media":0,"comment_status":"closed","ping_status":"open","sticky":false,"template":"","format":"standard","meta":[],"categories":[65,10],"tags":[519,1244,48,621,264,72],"yoast_head":"<!-- This site is optimized with the Yoast SEO plugin v21.0 - https:\/\/yoast.com\/wordpress\/plugins\/seo\/ -->\n<title>M\u00e9tiers en p\u00e9nurie et fonctions critiques: la liste continue de s&#039;allonger en R\u00e9gion Wallonne. - Peoplesphere<\/title>\n<meta name=\"robots\" content=\"index, follow, max-snippet:-1, max-image-preview:large, max-video-preview:-1\" \/>\n<link rel=\"canonical\" href=\"https:\/\/peoplesphere.be\/fr\/metiers-en-penurie-et-fonctions-critiques-la-liste-continue-de-sallonger-en-region-wallonne\/\" \/>\n<meta property=\"og:locale\" content=\"fr_FR\" \/>\n<meta property=\"og:type\" content=\"article\" \/>\n<meta property=\"og:title\" content=\"M\u00e9tiers en p\u00e9nurie et fonctions critiques: la liste continue de s&#039;allonger en R\u00e9gion Wallonne. - Peoplesphere\" \/>\n<meta property=\"og:description\" content=\"Le Forem vient d\u2019\u00e9tablir la liste 2024 des fonctions critiques et des m\u00e9tiers en p\u00e9nurie. Cette ann\u00e9e, 162 m\u00e9tiers composent la liste, soit 4 de plus qu\u2019en 2023. Parmi ces m\u00e9tiers, 112 sont en p\u00e9nurie de main-d&rsquo;\u0153uvre. Pour r\u00e9pondre aux [&hellip;]\" \/>\n<meta property=\"og:url\" content=\"https:\/\/peoplesphere.be\/fr\/metiers-en-penurie-et-fonctions-critiques-la-liste-continue-de-sallonger-en-region-wallonne\/\" \/>\n<meta property=\"og:site_name\" content=\"Peoplesphere\" \/>\n<meta property=\"article:publisher\" content=\"https:\/\/www.facebook.com\/peoplesphere\" \/>\n<meta property=\"article:published_time\" content=\"2024-07-03T11:20:53+00:00\" \/>\n<meta property=\"og:image\" content=\"http:\/\/www.peoplesphere.be\/fr\/wp-content\/uploads\/2016\/07\/facebook-default-posting-1200x628px.jpg\" \/>\n<meta name=\"author\" content=\"Jean-Paul Erhard\" \/>\n<meta name=\"twitter:card\" content=\"summary_large_image\" \/>\n<meta name=\"twitter:creator\" content=\"@PeoplesphereMag\" \/>\n<meta name=\"twitter:site\" content=\"@PeoplesphereMag\" \/>\n<meta name=\"twitter:label1\" content=\"\u00c9crit par\" \/>\n\t<meta name=\"twitter:data1\" content=\"Jean-Paul Erhard\" \/>\n\t<meta name=\"twitter:label2\" content=\"Dur\u00e9e de lecture estim\u00e9e\" \/>\n\t<meta name=\"twitter:data2\" content=\"5 minutes\" \/>\n<script type=\"application\/ld+json\" class=\"yoast-schema-graph\">{\"@context\":\"https:\/\/schema.org\",\"@graph\":[{\"@type\":\"Article\",\"@id\":\"https:\/\/peoplesphere.be\/fr\/metiers-en-penurie-et-fonctions-critiques-la-liste-continue-de-sallonger-en-region-wallonne\/#article\",\"isPartOf\":{\"@id\":\"https:\/\/peoplesphere.be\/fr\/metiers-en-penurie-et-fonctions-critiques-la-liste-continue-de-sallonger-en-region-wallonne\/\"},\"author\":{\"name\":\"Jean-Paul Erhard\",\"@id\":\"https:\/\/peoplesphere.be\/fr\/#\/schema\/person\/7976225ff17988604334abb7b3536a7e\"},\"headline\":\"M\u00e9tiers en p\u00e9nurie et fonctions critiques: la liste continue de s&rsquo;allonger en R\u00e9gion Wallonne.\",\"datePublished\":\"2024-07-03T11:20:53+00:00\",\"dateModified\":\"2024-07-03T11:20:53+00:00\",\"mainEntityOfPage\":{\"@id\":\"https:\/\/peoplesphere.be\/fr\/metiers-en-penurie-et-fonctions-critiques-la-liste-continue-de-sallonger-en-region-wallonne\/\"},\"wordCount\":977,\"publisher\":{\"@id\":\"https:\/\/peoplesphere.be\/fr\/#organization\"},\"keywords\":[\"attractivit\u00e9\",\"CDI\",\"Formation\",\"p\u00e9nibilit\u00e9\",\"p\u00e9nuries\",\"recrutement\"],\"articleSection\":[\"Actualit\u00e9s\",\"Digital\"],\"inLanguage\":\"fr-FR\"},{\"@type\":\"WebPage\",\"@id\":\"https:\/\/peoplesphere.be\/fr\/metiers-en-penurie-et-fonctions-critiques-la-liste-continue-de-sallonger-en-region-wallonne\/\",\"url\":\"https:\/\/peoplesphere.be\/fr\/metiers-en-penurie-et-fonctions-critiques-la-liste-continue-de-sallonger-en-region-wallonne\/\",\"name\":\"M\u00e9tiers en p\u00e9nurie et fonctions critiques: la liste continue de s'allonger en R\u00e9gion Wallonne. - Peoplesphere\",\"isPartOf\":{\"@id\":\"https:\/\/peoplesphere.be\/fr\/#website\"},\"datePublished\":\"2024-07-03T11:20:53+00:00\",\"dateModified\":\"2024-07-03T11:20:53+00:00\",\"breadcrumb\":{\"@id\":\"https:\/\/peoplesphere.be\/fr\/metiers-en-penurie-et-fonctions-critiques-la-liste-continue-de-sallonger-en-region-wallonne\/#breadcrumb\"},\"inLanguage\":\"fr-FR\",\"potentialAction\":[{\"@type\":\"ReadAction\",\"target\":[\"https:\/\/peoplesphere.be\/fr\/metiers-en-penurie-et-fonctions-critiques-la-liste-continue-de-sallonger-en-region-wallonne\/\"]}]},{\"@type\":\"BreadcrumbList\",\"@id\":\"https:\/\/peoplesphere.be\/fr\/metiers-en-penurie-et-fonctions-critiques-la-liste-continue-de-sallonger-en-region-wallonne\/#breadcrumb\",\"itemListElement\":[{\"@type\":\"ListItem\",\"position\":1,\"name\":\"Accueil\",\"item\":\"https:\/\/peoplesphere.be\/fr\/\"},{\"@type\":\"ListItem\",\"position\":2,\"name\":\"M\u00e9tiers en p\u00e9nurie et fonctions critiques: la liste continue de s&rsquo;allonger en R\u00e9gion Wallonne.\"}]},{\"@type\":\"WebSite\",\"@id\":\"https:\/\/peoplesphere.be\/fr\/#website\",\"url\":\"https:\/\/peoplesphere.be\/fr\/\",\"name\":\"Peoplesphere\",\"description\":\"The People Managers Magazine\",\"publisher\":{\"@id\":\"https:\/\/peoplesphere.be\/fr\/#organization\"},\"potentialAction\":[{\"@type\":\"SearchAction\",\"target\":{\"@type\":\"EntryPoint\",\"urlTemplate\":\"https:\/\/peoplesphere.be\/fr\/?s={search_term_string}\"},\"query-input\":\"required name=search_term_string\"}],\"inLanguage\":\"fr-FR\"},{\"@type\":\"Organization\",\"@id\":\"https:\/\/peoplesphere.be\/fr\/#organization\",\"name\":\"Peoplesphere Company srl\",\"url\":\"https:\/\/peoplesphere.be\/fr\/\",\"logo\":{\"@type\":\"ImageObject\",\"inLanguage\":\"fr-FR\",\"@id\":\"https:\/\/peoplesphere.be\/fr\/#\/schema\/logo\/image\/\",\"url\":\"https:\/\/peoplesphere.be\/fr\/wp-content\/uploads\/2023\/07\/peoplesphere-lgo-new-generik.jpg\",\"contentUrl\":\"https:\/\/peoplesphere.be\/fr\/wp-content\/uploads\/2023\/07\/peoplesphere-lgo-new-generik.jpg\",\"width\":1031,\"height\":1479,\"caption\":\"Peoplesphere Company srl\"},\"image\":{\"@id\":\"https:\/\/peoplesphere.be\/fr\/#\/schema\/logo\/image\/\"},\"sameAs\":[\"https:\/\/www.facebook.com\/peoplesphere\",\"https:\/\/twitter.com\/PeoplesphereMag\",\"https:\/\/www.linkedin.com\/company\/7587361?trk\",\"http:\/\/youtube.com\/peoplesphere\"]},{\"@type\":\"Person\",\"@id\":\"https:\/\/peoplesphere.be\/fr\/#\/schema\/person\/7976225ff17988604334abb7b3536a7e\",\"name\":\"Jean-Paul Erhard\",\"image\":{\"@type\":\"ImageObject\",\"inLanguage\":\"fr-FR\",\"@id\":\"https:\/\/peoplesphere.be\/fr\/#\/schema\/person\/image\/\",\"url\":\"https:\/\/secure.gravatar.com\/avatar\/f941e681460179738071629a51574930?s=96&d=mm&r=g\",\"contentUrl\":\"https:\/\/secure.gravatar.com\/avatar\/f941e681460179738071629a51574930?s=96&d=mm&r=g\",\"caption\":\"Jean-Paul Erhard\"},\"url\":\"https:\/\/peoplesphere.be\/fr\/author\/jpe\/\"}]}<\/script>\n<!-- \/ Yoast SEO plugin. -->","yoast_head_json":{"title":"M\u00e9tiers en p\u00e9nurie et fonctions critiques: la liste continue de s'allonger en R\u00e9gion Wallonne. - Peoplesphere","robots":{"index":"index","follow":"follow","max-snippet":"max-snippet:-1","max-image-preview":"max-image-preview:large","max-video-preview":"max-video-preview:-1"},"canonical":"https:\/\/peoplesphere.be\/fr\/metiers-en-penurie-et-fonctions-critiques-la-liste-continue-de-sallonger-en-region-wallonne\/","og_locale":"fr_FR","og_type":"article","og_title":"M\u00e9tiers en p\u00e9nurie et fonctions critiques: la liste continue de s'allonger en R\u00e9gion Wallonne. - Peoplesphere","og_description":"Le Forem vient d\u2019\u00e9tablir la liste 2024 des fonctions critiques et des m\u00e9tiers en p\u00e9nurie. Cette ann\u00e9e, 162 m\u00e9tiers composent la liste, soit 4 de plus qu\u2019en 2023. Parmi ces m\u00e9tiers, 112 sont en p\u00e9nurie de main-d&rsquo;\u0153uvre. Pour r\u00e9pondre aux [&hellip;]","og_url":"https:\/\/peoplesphere.be\/fr\/metiers-en-penurie-et-fonctions-critiques-la-liste-continue-de-sallonger-en-region-wallonne\/","og_site_name":"Peoplesphere","article_publisher":"https:\/\/www.facebook.com\/peoplesphere","article_published_time":"2024-07-03T11:20:53+00:00","og_image":[{"url":"http:\/\/www.peoplesphere.be\/fr\/wp-content\/uploads\/2016\/07\/facebook-default-posting-1200x628px.jpg"}],"author":"Jean-Paul Erhard","twitter_card":"summary_large_image","twitter_creator":"@PeoplesphereMag","twitter_site":"@PeoplesphereMag","twitter_misc":{"\u00c9crit par":"Jean-Paul Erhard","Dur\u00e9e de lecture estim\u00e9e":"5 minutes"},"schema":{"@context":"https:\/\/schema.org","@graph":[{"@type":"Article","@id":"https:\/\/peoplesphere.be\/fr\/metiers-en-penurie-et-fonctions-critiques-la-liste-continue-de-sallonger-en-region-wallonne\/#article","isPartOf":{"@id":"https:\/\/peoplesphere.be\/fr\/metiers-en-penurie-et-fonctions-critiques-la-liste-continue-de-sallonger-en-region-wallonne\/"},"author":{"name":"Jean-Paul Erhard","@id":"https:\/\/peoplesphere.be\/fr\/#\/schema\/person\/7976225ff17988604334abb7b3536a7e"},"headline":"M\u00e9tiers en p\u00e9nurie et fonctions critiques: la liste continue de s&rsquo;allonger en R\u00e9gion Wallonne.","datePublished":"2024-07-03T11:20:53+00:00","dateModified":"2024-07-03T11:20:53+00:00","mainEntityOfPage":{"@id":"https:\/\/peoplesphere.be\/fr\/metiers-en-penurie-et-fonctions-critiques-la-liste-continue-de-sallonger-en-region-wallonne\/"},"wordCount":977,"publisher":{"@id":"https:\/\/peoplesphere.be\/fr\/#organization"},"keywords":["attractivit\u00e9","CDI","Formation","p\u00e9nibilit\u00e9","p\u00e9nuries","recrutement"],"articleSection":["Actualit\u00e9s","Digital"],"inLanguage":"fr-FR"},{"@type":"WebPage","@id":"https:\/\/peoplesphere.be\/fr\/metiers-en-penurie-et-fonctions-critiques-la-liste-continue-de-sallonger-en-region-wallonne\/","url":"https:\/\/peoplesphere.be\/fr\/metiers-en-penurie-et-fonctions-critiques-la-liste-continue-de-sallonger-en-region-wallonne\/","name":"M\u00e9tiers en p\u00e9nurie et fonctions critiques: la liste continue de s'allonger en R\u00e9gion Wallonne. - Peoplesphere","isPartOf":{"@id":"https:\/\/peoplesphere.be\/fr\/#website"},"datePublished":"2024-07-03T11:20:53+00:00","dateModified":"2024-07-03T11:20:53+00:00","breadcrumb":{"@id":"https:\/\/peoplesphere.be\/fr\/metiers-en-penurie-et-fonctions-critiques-la-liste-continue-de-sallonger-en-region-wallonne\/#breadcrumb"},"inLanguage":"fr-FR","potentialAction":[{"@type":"ReadAction","target":["https:\/\/peoplesphere.be\/fr\/metiers-en-penurie-et-fonctions-critiques-la-liste-continue-de-sallonger-en-region-wallonne\/"]}]},{"@type":"BreadcrumbList","@id":"https:\/\/peoplesphere.be\/fr\/metiers-en-penurie-et-fonctions-critiques-la-liste-continue-de-sallonger-en-region-wallonne\/#breadcrumb","itemListElement":[{"@type":"ListItem","position":1,"name":"Accueil","item":"https:\/\/peoplesphere.be\/fr\/"},{"@type":"ListItem","position":2,"name":"M\u00e9tiers en p\u00e9nurie et fonctions critiques: la liste continue de s&rsquo;allonger en R\u00e9gion Wallonne."}]},{"@type":"WebSite","@id":"https:\/\/peoplesphere.be\/fr\/#website","url":"https:\/\/peoplesphere.be\/fr\/","name":"Peoplesphere","description":"The People Managers Magazine","publisher":{"@id":"https:\/\/peoplesphere.be\/fr\/#organization"},"potentialAction":[{"@type":"SearchAction","target":{"@type":"EntryPoint","urlTemplate":"https:\/\/peoplesphere.be\/fr\/?s={search_term_string}"},"query-input":"required name=search_term_string"}],"inLanguage":"fr-FR"},{"@type":"Organization","@id":"https:\/\/peoplesphere.be\/fr\/#organization","name":"Peoplesphere Company srl","url":"https:\/\/peoplesphere.be\/fr\/","logo":{"@type":"ImageObject","inLanguage":"fr-FR","@id":"https:\/\/peoplesphere.be\/fr\/#\/schema\/logo\/image\/","url":"https:\/\/peoplesphere.be\/fr\/wp-content\/uploads\/2023\/07\/peoplesphere-lgo-new-generik.jpg","contentUrl":"https:\/\/peoplesphere.be\/fr\/wp-content\/uploads\/2023\/07\/peoplesphere-lgo-new-generik.jpg","width":1031,"height":1479,"caption":"Peoplesphere Company srl"},"image":{"@id":"https:\/\/peoplesphere.be\/fr\/#\/schema\/logo\/image\/"},"sameAs":["https:\/\/www.facebook.com\/peoplesphere","https:\/\/twitter.com\/PeoplesphereMag","https:\/\/www.linkedin.com\/company\/7587361?trk","http:\/\/youtube.com\/peoplesphere"]},{"@type":"Person","@id":"https:\/\/peoplesphere.be\/fr\/#\/schema\/person\/7976225ff17988604334abb7b3536a7e","name":"Jean-Paul Erhard","image":{"@type":"ImageObject","inLanguage":"fr-FR","@id":"https:\/\/peoplesphere.be\/fr\/#\/schema\/person\/image\/","url":"https:\/\/secure.gravatar.com\/avatar\/f941e681460179738071629a51574930?s=96&d=mm&r=g","contentUrl":"https:\/\/secure.gravatar.com\/avatar\/f941e681460179738071629a51574930?s=96&d=mm&r=g","caption":"Jean-Paul Erhard"},"url":"https:\/\/peoplesphere.be\/fr\/author\/jpe\/"}]}},"_links":{"self":[{"href":"https:\/\/peoplesphere.be\/fr\/wp-json\/wp\/v2\/posts\/16403"}],"collection":[{"href":"https:\/\/peoplesphere.be\/fr\/wp-json\/wp\/v2\/posts"}],"about":[{"href":"https:\/\/peoplesphere.be\/fr\/wp-json\/wp\/v2\/types\/post"}],"author":[{"embeddable":true,"href":"https:\/\/peoplesphere.be\/fr\/wp-json\/wp\/v2\/users\/2"}],"replies":[{"embeddable":true,"href":"https:\/\/peoplesphere.be\/fr\/wp-json\/wp\/v2\/comments?post=16403"}],"version-history":[{"count":1,"href":"https:\/\/peoplesphere.be\/fr\/wp-json\/wp\/v2\/posts\/16403\/revisions"}],"predecessor-version":[{"id":16404,"href":"https:\/\/peoplesphere.be\/fr\/wp-json\/wp\/v2\/posts\/16403\/revisions\/16404"}],"wp:attachment":[{"href":"https:\/\/peoplesphere.be\/fr\/wp-json\/wp\/v2\/media?parent=16403"}],"wp:term":[{"taxonomy":"category","embeddable":true,"href":"https:\/\/peoplesphere.be\/fr\/wp-json\/wp\/v2\/categories?post=16403"},{"taxonomy":"post_tag","embeddable":true,"href":"https:\/\/peoplesphere.be\/fr\/wp-json\/wp\/v2\/tags?post=16403"}],"curies":[{"name":"wp","href":"https:\/\/api.w.org\/{rel}","templated":true}]}}