









{"id":16405,"date":"2024-07-02T07:01:04","date_gmt":"2024-07-02T05:01:04","guid":{"rendered":"https:\/\/peoplesphere.be\/fr\/?p=16405"},"modified":"2024-07-03T20:01:59","modified_gmt":"2024-07-03T18:01:59","slug":"102-metiers-en-penurie-en-region-bruxelles-capitale-la-liste-affiche-une-inquietante-stabilite","status":"publish","type":"post","link":"https:\/\/peoplesphere.be\/fr\/102-metiers-en-penurie-en-region-bruxelles-capitale-la-liste-affiche-une-inquietante-stabilite\/","title":{"rendered":"102 m\u00e9tiers en p\u00e9nurie en R\u00e9gion Bruxelles-Capitale: la liste affiche une inqui\u00e9tante stabilit\u00e9."},"content":{"rendered":"<p>Actiris publie la liste officielle des fonctions critiques ainsi que la liste des \u00e9tudes et formations pouvant donner droit \u00e0 une dispense de disponibilit\u00e9.<!--more--><\/p>\n<p>Actiris publie la liste officielle de 102 m\u00e9tiers d\u00e9finis comme fonctions critiques dans la R\u00e9gion de Bruxelles-Capitale. Une fonction critique est un m\u00e9tier pour lequel les employeurs ont du mal \u00e0 trouver du personnel.<\/p>\n<p>Plusieurs raisons expliquent cela :<\/p>\n<ul>\n<li>Probl\u00e8me quantitatif : il y a trop peu de candidats pour certains m\u00e9tiers (m\u00e9tiers en p\u00e9nurie).<\/li>\n<li>Souci qualitatif : il y a des candidats mais ils n\u2019ont pas les bonnes qualifications (formation, exp\u00e9rience, connaissances linguistiques).<\/li>\n<li>Des conditions de travail per\u00e7ues comme difficiles : travail lourd ou dangereux, horaires coup\u00e9s, de week-end ou de nuit, statut pr\u00e9caire, r\u00e9mun\u00e9ration faible.<\/li>\n<\/ul>\n<p>Certains nouveaux m\u00e9tiers ont \u00e9t\u00e9 ajout\u00e9s \u00e0 la liste, principalement dans le secteur de la construction (conducteurs de grues \u00e0 tour, r\u00e9novateurs de fa\u00e7ades, couvreurs de toits plats) et dans la vente (directeurs de magasins, vendeurs, &#8230;).<\/p>\n<p>La majorit\u00e9 des m\u00e9tiers sont pr\u00e9sents sur la liste depuis plusieurs ann\u00e9es, notamment des m\u00e9tiers du secteur non marchand dans l&rsquo;enseignement, les soins infirmiers, les m\u00e9tiers de l\u2019HoReCa (serveurs et employ\u00e9s de cuisine) et les m\u00e9tiers du secteur de la construction (ouvriers de voirie, installateurs sanitaires, ma\u00e7ons).<\/p>\n<p>Cette ann\u00e9e, certaines fonctions ont \u00e9galement disparu de la liste, principalement dans le secteur de l&rsquo;HoReCa (barman, commis de cuisine, directeur de restaurant de collectivit\u00e9), et le secteur du transport et de la logistique (magasinier, responsable logistique).<\/p>\n<h3><strong><em>Liste des \u00e9tudes et formations menant \u00e0 un m\u00e9tier en p\u00e9nurie<\/em><\/strong><\/h3>\n<p>Pour augmenter les chances des chercheurs d&#8217;emploi, la priorit\u00e9 d&rsquo;Actiris est de les orienter et de les former vers des m\u00e9tiers en p\u00e9nurie. Dans certains cas, Actiris peut donc accorder une dispense de disponibilit\u00e9 aux chercheurs d&#8217;emploi qui suivent une formation, un stage ou des \u00e9tudes tout en conservant leurs allocations de ch\u00f4mage. L&rsquo;objectif de cette dispense est de permettre aux chercheurs d&#8217;emploi d&rsquo;acqu\u00e9rir des comp\u00e9tences qui augmenteront leurs chances sur le march\u00e9 du travail, de pr\u00e9f\u00e9rence dans un m\u00e9tier en p\u00e9nurie.<\/p>\n<p>Les cas (consultables ici) dans lesquels un chercheur d&#8217;emploi obtient une telle dispense sont individuels et diff\u00e8rent donc d&rsquo;une personne \u00e0 l&rsquo;autre. La m\u00eame formation ne conduit pas n\u00e9cessairement \u00e0 une dispense pour chaque chercheur d&#8217;emploi.<\/p>\n<p>Pour faciliter la recherche des chercheurs d&#8217;emploi, Actiris publie annuellement une liste des \u00e9tudes et formations qui donnent droit \u00e0 une dispense de disponibilit\u00e9, si le chercheur d&#8217;emploi remplit les conditions requises.<\/p>\n<h3><strong><em>\u00c9tudes<\/em><\/strong><\/h3>\n<p>Cela inclut les formations suivies dans l&rsquo;enseignement secondaire (ex. : technicien en comptabilit\u00e9, gestionnaire en transport et logistique, pu\u00e9riculteur) et dans l&rsquo;enseignement sup\u00e9rieur (ex. : comptabilit\u00e9, infirmier, responsable de soins g\u00e9n\u00e9raux, agr\u00e9gations (secondaire inf\u00e9rieur et sup\u00e9rieur) et CAP).<\/p>\n<h3><strong><em>Formations<\/em><\/strong><\/h3>\n<p>Cela inclut les formations \u00ab\u00a0m\u00e9tiers\u00a0\u00bb r\u00e9gies par Bruxelles Formation et le VDAB Brussel (ex. : coiffeur, vendeur, m\u00e9canicien d&rsquo;entretien) et les autres formations : formations sp\u00e9cifiques pour ceux qui souhaitent s&rsquo;\u00e9tablir comme ind\u00e9pendants ou dispens\u00e9es dans des centres sp\u00e9cialis\u00e9s comme Classes moyennes (EFP) (ex. : agent commercial, frigoriste, agent immobilier).<\/p>\n<p>&nbsp;<\/p>\n<p><em>Source: Actiris<\/em><br \/>\n<em>*Pour des raisons de lisibilit\u00e9, nous utilisons la forme masculine pour d\u00e9signer des groupes qui contiennent \u00e0 la fois des hommes et des femmes.<\/em><\/p>\n","protected":false},"excerpt":{"rendered":"<p>Actiris publie la liste officielle des fonctions critiques ainsi que la liste des \u00e9tudes et formations pouvant donner droit \u00e0 une dispense de disponibilit\u00e9.<\/p>\n","protected":false},"author":2,"featured_media":16406,"comment_status":"closed","ping_status":"open","sticky":false,"template":"","format":"standard","meta":[],"categories":[65,10],"tags":[226,93,653,175,2614,48,264],"yoast_head":"<!-- This site is optimized with the Yoast SEO plugin v21.0 - https:\/\/yoast.com\/wordpress\/plugins\/seo\/ -->\n<title>102 m\u00e9tiers en p\u00e9nurie en R\u00e9gion Bruxelles-Capitale: la liste affiche une inqui\u00e9tante stabilit\u00e9. - Peoplesphere<\/title>\n<meta name=\"robots\" content=\"index, follow, max-snippet:-1, max-image-preview:large, max-video-preview:-1\" \/>\n<link rel=\"canonical\" href=\"https:\/\/peoplesphere.be\/fr\/102-metiers-en-penurie-en-region-bruxelles-capitale-la-liste-affiche-une-inquietante-stabilite\/\" \/>\n<meta property=\"og:locale\" content=\"fr_FR\" \/>\n<meta property=\"og:type\" content=\"article\" \/>\n<meta property=\"og:title\" content=\"102 m\u00e9tiers en p\u00e9nurie en R\u00e9gion Bruxelles-Capitale: la liste affiche une inqui\u00e9tante stabilit\u00e9. - Peoplesphere\" \/>\n<meta property=\"og:description\" content=\"Actiris publie la liste officielle des fonctions critiques ainsi que la liste des \u00e9tudes et formations pouvant donner droit \u00e0 une dispense de disponibilit\u00e9.\" \/>\n<meta property=\"og:url\" content=\"https:\/\/peoplesphere.be\/fr\/102-metiers-en-penurie-en-region-bruxelles-capitale-la-liste-affiche-une-inquietante-stabilite\/\" \/>\n<meta property=\"og:site_name\" content=\"Peoplesphere\" \/>\n<meta property=\"article:publisher\" content=\"https:\/\/www.facebook.com\/peoplesphere\" \/>\n<meta property=\"article:published_time\" content=\"2024-07-02T05:01:04+00:00\" \/>\n<meta property=\"article:modified_time\" content=\"2024-07-03T18:01:59+00:00\" \/>\n<meta property=\"og:image\" content=\"https:\/\/peoplesphere.be\/fr\/wp-content\/uploads\/2024\/07\/20240703actirisknelpunt.jpg\" \/>\n\t<meta property=\"og:image:width\" content=\"1200\" \/>\n\t<meta property=\"og:image:height\" content=\"542\" \/>\n\t<meta property=\"og:image:type\" content=\"image\/jpeg\" \/>\n<meta name=\"author\" content=\"Jean-Paul Erhard\" \/>\n<meta name=\"twitter:card\" content=\"summary_large_image\" \/>\n<meta name=\"twitter:creator\" content=\"@PeoplesphereMag\" \/>\n<meta name=\"twitter:site\" content=\"@PeoplesphereMag\" \/>\n<meta name=\"twitter:label1\" content=\"\u00c9crit par\" \/>\n\t<meta name=\"twitter:data1\" content=\"Jean-Paul Erhard\" \/>\n\t<meta name=\"twitter:label2\" content=\"Dur\u00e9e de lecture estim\u00e9e\" \/>\n\t<meta name=\"twitter:data2\" content=\"3 minutes\" \/>\n<script type=\"application\/ld+json\" class=\"yoast-schema-graph\">{\"@context\":\"https:\/\/schema.org\",\"@graph\":[{\"@type\":\"Article\",\"@id\":\"https:\/\/peoplesphere.be\/fr\/102-metiers-en-penurie-en-region-bruxelles-capitale-la-liste-affiche-une-inquietante-stabilite\/#article\",\"isPartOf\":{\"@id\":\"https:\/\/peoplesphere.be\/fr\/102-metiers-en-penurie-en-region-bruxelles-capitale-la-liste-affiche-une-inquietante-stabilite\/\"},\"author\":{\"name\":\"Jean-Paul Erhard\",\"@id\":\"https:\/\/peoplesphere.be\/fr\/#\/schema\/person\/7976225ff17988604334abb7b3536a7e\"},\"headline\":\"102 m\u00e9tiers en p\u00e9nurie en R\u00e9gion Bruxelles-Capitale: la liste affiche une inqui\u00e9tante stabilit\u00e9.\",\"datePublished\":\"2024-07-02T05:01:04+00:00\",\"dateModified\":\"2024-07-03T18:01:59+00:00\",\"mainEntityOfPage\":{\"@id\":\"https:\/\/peoplesphere.be\/fr\/102-metiers-en-penurie-en-region-bruxelles-capitale-la-liste-affiche-une-inquietante-stabilite\/\"},\"wordCount\":576,\"publisher\":{\"@id\":\"https:\/\/peoplesphere.be\/fr\/#organization\"},\"keywords\":[\"actiris\",\"bruxelles\",\"demandeurs d'emploi\",\"\u00e9tudes\",\"fonctions critiques\",\"Formation\",\"p\u00e9nuries\"],\"articleSection\":[\"Actualit\u00e9s\",\"Digital\"],\"inLanguage\":\"fr-FR\"},{\"@type\":\"WebPage\",\"@id\":\"https:\/\/peoplesphere.be\/fr\/102-metiers-en-penurie-en-region-bruxelles-capitale-la-liste-affiche-une-inquietante-stabilite\/\",\"url\":\"https:\/\/peoplesphere.be\/fr\/102-metiers-en-penurie-en-region-bruxelles-capitale-la-liste-affiche-une-inquietante-stabilite\/\",\"name\":\"102 m\u00e9tiers en p\u00e9nurie en R\u00e9gion Bruxelles-Capitale: la liste affiche une inqui\u00e9tante stabilit\u00e9. - Peoplesphere\",\"isPartOf\":{\"@id\":\"https:\/\/peoplesphere.be\/fr\/#website\"},\"datePublished\":\"2024-07-02T05:01:04+00:00\",\"dateModified\":\"2024-07-03T18:01:59+00:00\",\"breadcrumb\":{\"@id\":\"https:\/\/peoplesphere.be\/fr\/102-metiers-en-penurie-en-region-bruxelles-capitale-la-liste-affiche-une-inquietante-stabilite\/#breadcrumb\"},\"inLanguage\":\"fr-FR\",\"potentialAction\":[{\"@type\":\"ReadAction\",\"target\":[\"https:\/\/peoplesphere.be\/fr\/102-metiers-en-penurie-en-region-bruxelles-capitale-la-liste-affiche-une-inquietante-stabilite\/\"]}]},{\"@type\":\"BreadcrumbList\",\"@id\":\"https:\/\/peoplesphere.be\/fr\/102-metiers-en-penurie-en-region-bruxelles-capitale-la-liste-affiche-une-inquietante-stabilite\/#breadcrumb\",\"itemListElement\":[{\"@type\":\"ListItem\",\"position\":1,\"name\":\"Accueil\",\"item\":\"https:\/\/peoplesphere.be\/fr\/\"},{\"@type\":\"ListItem\",\"position\":2,\"name\":\"102 m\u00e9tiers en p\u00e9nurie en R\u00e9gion Bruxelles-Capitale: la liste affiche une inqui\u00e9tante stabilit\u00e9.\"}]},{\"@type\":\"WebSite\",\"@id\":\"https:\/\/peoplesphere.be\/fr\/#website\",\"url\":\"https:\/\/peoplesphere.be\/fr\/\",\"name\":\"Peoplesphere\",\"description\":\"The People Managers Magazine\",\"publisher\":{\"@id\":\"https:\/\/peoplesphere.be\/fr\/#organization\"},\"potentialAction\":[{\"@type\":\"SearchAction\",\"target\":{\"@type\":\"EntryPoint\",\"urlTemplate\":\"https:\/\/peoplesphere.be\/fr\/?s={search_term_string}\"},\"query-input\":\"required name=search_term_string\"}],\"inLanguage\":\"fr-FR\"},{\"@type\":\"Organization\",\"@id\":\"https:\/\/peoplesphere.be\/fr\/#organization\",\"name\":\"Peoplesphere Company srl\",\"url\":\"https:\/\/peoplesphere.be\/fr\/\",\"logo\":{\"@type\":\"ImageObject\",\"inLanguage\":\"fr-FR\",\"@id\":\"https:\/\/peoplesphere.be\/fr\/#\/schema\/logo\/image\/\",\"url\":\"https:\/\/peoplesphere.be\/fr\/wp-content\/uploads\/2023\/07\/peoplesphere-lgo-new-generik.jpg\",\"contentUrl\":\"https:\/\/peoplesphere.be\/fr\/wp-content\/uploads\/2023\/07\/peoplesphere-lgo-new-generik.jpg\",\"width\":1031,\"height\":1479,\"caption\":\"Peoplesphere Company srl\"},\"image\":{\"@id\":\"https:\/\/peoplesphere.be\/fr\/#\/schema\/logo\/image\/\"},\"sameAs\":[\"https:\/\/www.facebook.com\/peoplesphere\",\"https:\/\/twitter.com\/PeoplesphereMag\",\"https:\/\/www.linkedin.com\/company\/7587361?trk\",\"http:\/\/youtube.com\/peoplesphere\"]},{\"@type\":\"Person\",\"@id\":\"https:\/\/peoplesphere.be\/fr\/#\/schema\/person\/7976225ff17988604334abb7b3536a7e\",\"name\":\"Jean-Paul Erhard\",\"image\":{\"@type\":\"ImageObject\",\"inLanguage\":\"fr-FR\",\"@id\":\"https:\/\/peoplesphere.be\/fr\/#\/schema\/person\/image\/\",\"url\":\"https:\/\/secure.gravatar.com\/avatar\/f941e681460179738071629a51574930?s=96&d=mm&r=g\",\"contentUrl\":\"https:\/\/secure.gravatar.com\/avatar\/f941e681460179738071629a51574930?s=96&d=mm&r=g\",\"caption\":\"Jean-Paul Erhard\"},\"url\":\"https:\/\/peoplesphere.be\/fr\/author\/jpe\/\"}]}<\/script>\n<!-- \/ Yoast SEO plugin. -->","yoast_head_json":{"title":"102 m\u00e9tiers en p\u00e9nurie en R\u00e9gion Bruxelles-Capitale: la liste affiche une inqui\u00e9tante stabilit\u00e9. - Peoplesphere","robots":{"index":"index","follow":"follow","max-snippet":"max-snippet:-1","max-image-preview":"max-image-preview:large","max-video-preview":"max-video-preview:-1"},"canonical":"https:\/\/peoplesphere.be\/fr\/102-metiers-en-penurie-en-region-bruxelles-capitale-la-liste-affiche-une-inquietante-stabilite\/","og_locale":"fr_FR","og_type":"article","og_title":"102 m\u00e9tiers en p\u00e9nurie en R\u00e9gion Bruxelles-Capitale: la liste affiche une inqui\u00e9tante stabilit\u00e9. - Peoplesphere","og_description":"Actiris publie la liste officielle des fonctions critiques ainsi que la liste des \u00e9tudes et formations pouvant donner droit \u00e0 une dispense de disponibilit\u00e9.","og_url":"https:\/\/peoplesphere.be\/fr\/102-metiers-en-penurie-en-region-bruxelles-capitale-la-liste-affiche-une-inquietante-stabilite\/","og_site_name":"Peoplesphere","article_publisher":"https:\/\/www.facebook.com\/peoplesphere","article_published_time":"2024-07-02T05:01:04+00:00","article_modified_time":"2024-07-03T18:01:59+00:00","og_image":[{"width":1200,"height":542,"url":"https:\/\/peoplesphere.be\/fr\/wp-content\/uploads\/2024\/07\/20240703actirisknelpunt.jpg","type":"image\/jpeg"}],"author":"Jean-Paul Erhard","twitter_card":"summary_large_image","twitter_creator":"@PeoplesphereMag","twitter_site":"@PeoplesphereMag","twitter_misc":{"\u00c9crit par":"Jean-Paul Erhard","Dur\u00e9e de lecture estim\u00e9e":"3 minutes"},"schema":{"@context":"https:\/\/schema.org","@graph":[{"@type":"Article","@id":"https:\/\/peoplesphere.be\/fr\/102-metiers-en-penurie-en-region-bruxelles-capitale-la-liste-affiche-une-inquietante-stabilite\/#article","isPartOf":{"@id":"https:\/\/peoplesphere.be\/fr\/102-metiers-en-penurie-en-region-bruxelles-capitale-la-liste-affiche-une-inquietante-stabilite\/"},"author":{"name":"Jean-Paul Erhard","@id":"https:\/\/peoplesphere.be\/fr\/#\/schema\/person\/7976225ff17988604334abb7b3536a7e"},"headline":"102 m\u00e9tiers en p\u00e9nurie en R\u00e9gion Bruxelles-Capitale: la liste affiche une inqui\u00e9tante stabilit\u00e9.","datePublished":"2024-07-02T05:01:04+00:00","dateModified":"2024-07-03T18:01:59+00:00","mainEntityOfPage":{"@id":"https:\/\/peoplesphere.be\/fr\/102-metiers-en-penurie-en-region-bruxelles-capitale-la-liste-affiche-une-inquietante-stabilite\/"},"wordCount":576,"publisher":{"@id":"https:\/\/peoplesphere.be\/fr\/#organization"},"keywords":["actiris","bruxelles","demandeurs d'emploi","\u00e9tudes","fonctions critiques","Formation","p\u00e9nuries"],"articleSection":["Actualit\u00e9s","Digital"],"inLanguage":"fr-FR"},{"@type":"WebPage","@id":"https:\/\/peoplesphere.be\/fr\/102-metiers-en-penurie-en-region-bruxelles-capitale-la-liste-affiche-une-inquietante-stabilite\/","url":"https:\/\/peoplesphere.be\/fr\/102-metiers-en-penurie-en-region-bruxelles-capitale-la-liste-affiche-une-inquietante-stabilite\/","name":"102 m\u00e9tiers en p\u00e9nurie en R\u00e9gion Bruxelles-Capitale: la liste affiche une inqui\u00e9tante stabilit\u00e9. - Peoplesphere","isPartOf":{"@id":"https:\/\/peoplesphere.be\/fr\/#website"},"datePublished":"2024-07-02T05:01:04+00:00","dateModified":"2024-07-03T18:01:59+00:00","breadcrumb":{"@id":"https:\/\/peoplesphere.be\/fr\/102-metiers-en-penurie-en-region-bruxelles-capitale-la-liste-affiche-une-inquietante-stabilite\/#breadcrumb"},"inLanguage":"fr-FR","potentialAction":[{"@type":"ReadAction","target":["https:\/\/peoplesphere.be\/fr\/102-metiers-en-penurie-en-region-bruxelles-capitale-la-liste-affiche-une-inquietante-stabilite\/"]}]},{"@type":"BreadcrumbList","@id":"https:\/\/peoplesphere.be\/fr\/102-metiers-en-penurie-en-region-bruxelles-capitale-la-liste-affiche-une-inquietante-stabilite\/#breadcrumb","itemListElement":[{"@type":"ListItem","position":1,"name":"Accueil","item":"https:\/\/peoplesphere.be\/fr\/"},{"@type":"ListItem","position":2,"name":"102 m\u00e9tiers en p\u00e9nurie en R\u00e9gion Bruxelles-Capitale: la liste affiche une inqui\u00e9tante stabilit\u00e9."}]},{"@type":"WebSite","@id":"https:\/\/peoplesphere.be\/fr\/#website","url":"https:\/\/peoplesphere.be\/fr\/","name":"Peoplesphere","description":"The People Managers Magazine","publisher":{"@id":"https:\/\/peoplesphere.be\/fr\/#organization"},"potentialAction":[{"@type":"SearchAction","target":{"@type":"EntryPoint","urlTemplate":"https:\/\/peoplesphere.be\/fr\/?s={search_term_string}"},"query-input":"required name=search_term_string"}],"inLanguage":"fr-FR"},{"@type":"Organization","@id":"https:\/\/peoplesphere.be\/fr\/#organization","name":"Peoplesphere Company srl","url":"https:\/\/peoplesphere.be\/fr\/","logo":{"@type":"ImageObject","inLanguage":"fr-FR","@id":"https:\/\/peoplesphere.be\/fr\/#\/schema\/logo\/image\/","url":"https:\/\/peoplesphere.be\/fr\/wp-content\/uploads\/2023\/07\/peoplesphere-lgo-new-generik.jpg","contentUrl":"https:\/\/peoplesphere.be\/fr\/wp-content\/uploads\/2023\/07\/peoplesphere-lgo-new-generik.jpg","width":1031,"height":1479,"caption":"Peoplesphere Company srl"},"image":{"@id":"https:\/\/peoplesphere.be\/fr\/#\/schema\/logo\/image\/"},"sameAs":["https:\/\/www.facebook.com\/peoplesphere","https:\/\/twitter.com\/PeoplesphereMag","https:\/\/www.linkedin.com\/company\/7587361?trk","http:\/\/youtube.com\/peoplesphere"]},{"@type":"Person","@id":"https:\/\/peoplesphere.be\/fr\/#\/schema\/person\/7976225ff17988604334abb7b3536a7e","name":"Jean-Paul Erhard","image":{"@type":"ImageObject","inLanguage":"fr-FR","@id":"https:\/\/peoplesphere.be\/fr\/#\/schema\/person\/image\/","url":"https:\/\/secure.gravatar.com\/avatar\/f941e681460179738071629a51574930?s=96&d=mm&r=g","contentUrl":"https:\/\/secure.gravatar.com\/avatar\/f941e681460179738071629a51574930?s=96&d=mm&r=g","caption":"Jean-Paul Erhard"},"url":"https:\/\/peoplesphere.be\/fr\/author\/jpe\/"}]}},"_links":{"self":[{"href":"https:\/\/peoplesphere.be\/fr\/wp-json\/wp\/v2\/posts\/16405"}],"collection":[{"href":"https:\/\/peoplesphere.be\/fr\/wp-json\/wp\/v2\/posts"}],"about":[{"href":"https:\/\/peoplesphere.be\/fr\/wp-json\/wp\/v2\/types\/post"}],"author":[{"embeddable":true,"href":"https:\/\/peoplesphere.be\/fr\/wp-json\/wp\/v2\/users\/2"}],"replies":[{"embeddable":true,"href":"https:\/\/peoplesphere.be\/fr\/wp-json\/wp\/v2\/comments?post=16405"}],"version-history":[{"count":1,"href":"https:\/\/peoplesphere.be\/fr\/wp-json\/wp\/v2\/posts\/16405\/revisions"}],"predecessor-version":[{"id":16407,"href":"https:\/\/peoplesphere.be\/fr\/wp-json\/wp\/v2\/posts\/16405\/revisions\/16407"}],"wp:featuredmedia":[{"embeddable":true,"href":"https:\/\/peoplesphere.be\/fr\/wp-json\/wp\/v2\/media\/16406"}],"wp:attachment":[{"href":"https:\/\/peoplesphere.be\/fr\/wp-json\/wp\/v2\/media?parent=16405"}],"wp:term":[{"taxonomy":"category","embeddable":true,"href":"https:\/\/peoplesphere.be\/fr\/wp-json\/wp\/v2\/categories?post=16405"},{"taxonomy":"post_tag","embeddable":true,"href":"https:\/\/peoplesphere.be\/fr\/wp-json\/wp\/v2\/tags?post=16405"}],"curies":[{"name":"wp","href":"https:\/\/api.w.org\/{rel}","templated":true}]}}