









{"id":16428,"date":"2024-07-08T14:02:27","date_gmt":"2024-07-08T12:02:27","guid":{"rendered":"https:\/\/peoplesphere.be\/fr\/?p=16428"},"modified":"2024-07-08T14:02:27","modified_gmt":"2024-07-08T12:02:27","slug":"la-region-bruxelloise-soutient-les-dispenses-de-disponibilite-pour-permettre-aux-demandeurs-demploi-de-se-former","status":"publish","type":"post","link":"https:\/\/peoplesphere.be\/fr\/la-region-bruxelloise-soutient-les-dispenses-de-disponibilite-pour-permettre-aux-demandeurs-demploi-de-se-former\/","title":{"rendered":"La R\u00e9gion bruxelloise soutient les dispenses de disponibilit\u00e9 pour permettre aux demandeurs d&#8217;emploi de se former."},"content":{"rendered":"<p>En 2023, les chercheurs d\u2019emploi ont introduit 9.570 demandes de dispenses de disponibilit\u00e9 pour pouvoir suivre une formation, contre 8.917 en 2022. 7.854 ont \u00e9t\u00e9 accord\u00e9es, contre 7.309 en 2022, soit une augmentation de 7%.<!--more--><\/p>\n<p>Une fois inscrits chez Actiris, tous les chercheurs d\u2019emploi bruxellois doivent prouver qu\u2019ils sont actifs sur le march\u00e9 de l\u2019emploi et effectivement \u00e0 la recherche d\u2019un emploi (r\u00e9pondre aux convocations d\u2019Actiris, envoyer des candidatures, etc.). Tous\u2026 sauf ceux qui b\u00e9n\u00e9ficient d\u2019une dispense de disponibilit\u00e9.<\/p>\n<p>Une dispense de disponibilit\u00e9 offre donc la possibilit\u00e9 de suivre une formation ou des \u00e9tudes sans perdre les allocations de ch\u00f4mage. L\u2019objectif ? Permettre aux chercheurs d\u2019emploi d\u2019acqu\u00e9rir des comp\u00e9tences utiles et donc de trouver un emploi plus rapidement.<\/p>\n<p>Du 1er janvier au 31 d\u00e9cembre 2023, 7.854 dispenses ont \u00e9t\u00e9 accord\u00e9es sur un total de 9.570 demandes de dispenses introduites, ce qui repr\u00e9sente 82% de d\u00e9cisions positives.<\/p>\n<p>Plus de 85% des dispenses octroy\u00e9es concernent des formations, le reste concerne principalement des reprises d\u2019\u00e9tudes et seules quelques-unes, des stages.<\/p>\n<p>Enfin, notons que la moyenne de chercheurs d\u2019emploi indemnis\u00e9s et donc pouvant pr\u00e9tendre \u00e0 une dispense \u00e0 quant \u00e0 elle diminu\u00e9 de 4% par rapport \u00e0 2022.<\/p>\n<h3><strong><em>Plus de femmes, plus de chercheurs d\u2019emploi de longue dur\u00e9e<\/em><\/strong><\/h3>\n<p>Parmi les b\u00e9n\u00e9ficiaires de dispenses, 56% sont des femmes alors qu\u2019elles repr\u00e9sentent 45% des ch\u00f4meurs.<\/p>\n<p>34% des b\u00e9n\u00e9ficiaires ont entre 30 et 39 ans ; 25% ont entre 40 et 49 ans.<\/p>\n<p>Enfin, 85% des b\u00e9n\u00e9ficiaires de dispenses appartiennent \u00e0 la cat\u00e9gorie des chercheurs d\u2019emploi de plus d\u2019un an, dont 62% depuis plus de 24 mois.<\/p>\n<p><em>\u00ab\u00a0Ces r\u00e9sultats montrent tout l\u2019int\u00e9r\u00eat du dispositif. Il ne sert \u00e0 rien de fliquer et de contr\u00f4ler un chercheur d\u2019emploi sur sa recherche d\u2019emploi si celui-ci ne dispose pas des comp\u00e9tences n\u00e9cessaires pour s\u2019ins\u00e9rer sur le march\u00e9 de l\u2019emploi. Par contre, on doit pouvoir \u00e9valuer sa motivation \u00e0 trouver un emploi sur base du parcours de formation dans lequel il s\u2019inscrit. La formation reste le levier \u00e0 actionner pour trouver un emploi\u00a0\u00bb<\/em>, conclut Bernard Clerfayt.<\/p>\n","protected":false},"excerpt":{"rendered":"<p>En 2023, les chercheurs d\u2019emploi ont introduit 9.570 demandes de dispenses de disponibilit\u00e9 pour pouvoir suivre une formation, contre 8.917 en 2022. 7.854 ont \u00e9t\u00e9 accord\u00e9es, contre 7.309 en 2022, soit une augmentation de 7%.<\/p>\n","protected":false},"author":2,"featured_media":0,"comment_status":"closed","ping_status":"open","sticky":false,"template":"","format":"standard","meta":[],"categories":[65,10],"tags":[2720,93,1407],"yoast_head":"<!-- This site is optimized with the Yoast SEO plugin v21.0 - https:\/\/yoast.com\/wordpress\/plugins\/seo\/ -->\n<title>La R\u00e9gion bruxelloise soutient les dispenses de disponibilit\u00e9 pour permettre aux demandeurs d&#039;emploi de se former. - Peoplesphere<\/title>\n<meta name=\"robots\" content=\"index, follow, max-snippet:-1, max-image-preview:large, max-video-preview:-1\" \/>\n<link rel=\"canonical\" href=\"https:\/\/peoplesphere.be\/fr\/la-region-bruxelloise-soutient-les-dispenses-de-disponibilite-pour-permettre-aux-demandeurs-demploi-de-se-former\/\" \/>\n<meta property=\"og:locale\" content=\"fr_FR\" \/>\n<meta property=\"og:type\" content=\"article\" \/>\n<meta property=\"og:title\" content=\"La R\u00e9gion bruxelloise soutient les dispenses de disponibilit\u00e9 pour permettre aux demandeurs d&#039;emploi de se former. - Peoplesphere\" \/>\n<meta property=\"og:description\" content=\"En 2023, les chercheurs d\u2019emploi ont introduit 9.570 demandes de dispenses de disponibilit\u00e9 pour pouvoir suivre une formation, contre 8.917 en 2022. 7.854 ont \u00e9t\u00e9 accord\u00e9es, contre 7.309 en 2022, soit une augmentation de 7%.\" \/>\n<meta property=\"og:url\" content=\"https:\/\/peoplesphere.be\/fr\/la-region-bruxelloise-soutient-les-dispenses-de-disponibilite-pour-permettre-aux-demandeurs-demploi-de-se-former\/\" \/>\n<meta property=\"og:site_name\" content=\"Peoplesphere\" \/>\n<meta property=\"article:publisher\" content=\"https:\/\/www.facebook.com\/peoplesphere\" \/>\n<meta property=\"article:published_time\" content=\"2024-07-08T12:02:27+00:00\" \/>\n<meta property=\"og:image\" content=\"http:\/\/www.peoplesphere.be\/fr\/wp-content\/uploads\/2016\/07\/facebook-default-posting-1200x628px.jpg\" \/>\n<meta name=\"author\" content=\"Jean-Paul Erhard\" \/>\n<meta name=\"twitter:card\" content=\"summary_large_image\" \/>\n<meta name=\"twitter:creator\" content=\"@PeoplesphereMag\" \/>\n<meta name=\"twitter:site\" content=\"@PeoplesphereMag\" \/>\n<meta name=\"twitter:label1\" content=\"\u00c9crit par\" \/>\n\t<meta name=\"twitter:data1\" content=\"Jean-Paul Erhard\" \/>\n\t<meta name=\"twitter:label2\" content=\"Dur\u00e9e de lecture estim\u00e9e\" \/>\n\t<meta name=\"twitter:data2\" content=\"2 minutes\" \/>\n<script type=\"application\/ld+json\" class=\"yoast-schema-graph\">{\"@context\":\"https:\/\/schema.org\",\"@graph\":[{\"@type\":\"Article\",\"@id\":\"https:\/\/peoplesphere.be\/fr\/la-region-bruxelloise-soutient-les-dispenses-de-disponibilite-pour-permettre-aux-demandeurs-demploi-de-se-former\/#article\",\"isPartOf\":{\"@id\":\"https:\/\/peoplesphere.be\/fr\/la-region-bruxelloise-soutient-les-dispenses-de-disponibilite-pour-permettre-aux-demandeurs-demploi-de-se-former\/\"},\"author\":{\"name\":\"Jean-Paul Erhard\",\"@id\":\"https:\/\/peoplesphere.be\/fr\/#\/schema\/person\/7976225ff17988604334abb7b3536a7e\"},\"headline\":\"La R\u00e9gion bruxelloise soutient les dispenses de disponibilit\u00e9 pour permettre aux demandeurs d&#8217;emploi de se former.\",\"datePublished\":\"2024-07-08T12:02:27+00:00\",\"dateModified\":\"2024-07-08T12:02:27+00:00\",\"mainEntityOfPage\":{\"@id\":\"https:\/\/peoplesphere.be\/fr\/la-region-bruxelloise-soutient-les-dispenses-de-disponibilite-pour-permettre-aux-demandeurs-demploi-de-se-former\/\"},\"wordCount\":367,\"publisher\":{\"@id\":\"https:\/\/peoplesphere.be\/fr\/#organization\"},\"keywords\":[\"bernard clerfayt\",\"bruxelles\",\"chercheurs d'emploi\"],\"articleSection\":[\"Actualit\u00e9s\",\"Digital\"],\"inLanguage\":\"fr-FR\"},{\"@type\":\"WebPage\",\"@id\":\"https:\/\/peoplesphere.be\/fr\/la-region-bruxelloise-soutient-les-dispenses-de-disponibilite-pour-permettre-aux-demandeurs-demploi-de-se-former\/\",\"url\":\"https:\/\/peoplesphere.be\/fr\/la-region-bruxelloise-soutient-les-dispenses-de-disponibilite-pour-permettre-aux-demandeurs-demploi-de-se-former\/\",\"name\":\"La R\u00e9gion bruxelloise soutient les dispenses de disponibilit\u00e9 pour permettre aux demandeurs d'emploi de se former. - Peoplesphere\",\"isPartOf\":{\"@id\":\"https:\/\/peoplesphere.be\/fr\/#website\"},\"datePublished\":\"2024-07-08T12:02:27+00:00\",\"dateModified\":\"2024-07-08T12:02:27+00:00\",\"breadcrumb\":{\"@id\":\"https:\/\/peoplesphere.be\/fr\/la-region-bruxelloise-soutient-les-dispenses-de-disponibilite-pour-permettre-aux-demandeurs-demploi-de-se-former\/#breadcrumb\"},\"inLanguage\":\"fr-FR\",\"potentialAction\":[{\"@type\":\"ReadAction\",\"target\":[\"https:\/\/peoplesphere.be\/fr\/la-region-bruxelloise-soutient-les-dispenses-de-disponibilite-pour-permettre-aux-demandeurs-demploi-de-se-former\/\"]}]},{\"@type\":\"BreadcrumbList\",\"@id\":\"https:\/\/peoplesphere.be\/fr\/la-region-bruxelloise-soutient-les-dispenses-de-disponibilite-pour-permettre-aux-demandeurs-demploi-de-se-former\/#breadcrumb\",\"itemListElement\":[{\"@type\":\"ListItem\",\"position\":1,\"name\":\"Accueil\",\"item\":\"https:\/\/peoplesphere.be\/fr\/\"},{\"@type\":\"ListItem\",\"position\":2,\"name\":\"La R\u00e9gion bruxelloise soutient les dispenses de disponibilit\u00e9 pour permettre aux demandeurs d&#8217;emploi de se former.\"}]},{\"@type\":\"WebSite\",\"@id\":\"https:\/\/peoplesphere.be\/fr\/#website\",\"url\":\"https:\/\/peoplesphere.be\/fr\/\",\"name\":\"Peoplesphere\",\"description\":\"The People Managers Magazine\",\"publisher\":{\"@id\":\"https:\/\/peoplesphere.be\/fr\/#organization\"},\"potentialAction\":[{\"@type\":\"SearchAction\",\"target\":{\"@type\":\"EntryPoint\",\"urlTemplate\":\"https:\/\/peoplesphere.be\/fr\/?s={search_term_string}\"},\"query-input\":\"required name=search_term_string\"}],\"inLanguage\":\"fr-FR\"},{\"@type\":\"Organization\",\"@id\":\"https:\/\/peoplesphere.be\/fr\/#organization\",\"name\":\"Peoplesphere Company srl\",\"url\":\"https:\/\/peoplesphere.be\/fr\/\",\"logo\":{\"@type\":\"ImageObject\",\"inLanguage\":\"fr-FR\",\"@id\":\"https:\/\/peoplesphere.be\/fr\/#\/schema\/logo\/image\/\",\"url\":\"https:\/\/peoplesphere.be\/fr\/wp-content\/uploads\/2023\/07\/peoplesphere-lgo-new-generik.jpg\",\"contentUrl\":\"https:\/\/peoplesphere.be\/fr\/wp-content\/uploads\/2023\/07\/peoplesphere-lgo-new-generik.jpg\",\"width\":1031,\"height\":1479,\"caption\":\"Peoplesphere Company srl\"},\"image\":{\"@id\":\"https:\/\/peoplesphere.be\/fr\/#\/schema\/logo\/image\/\"},\"sameAs\":[\"https:\/\/www.facebook.com\/peoplesphere\",\"https:\/\/twitter.com\/PeoplesphereMag\",\"https:\/\/www.linkedin.com\/company\/7587361?trk\",\"http:\/\/youtube.com\/peoplesphere\"]},{\"@type\":\"Person\",\"@id\":\"https:\/\/peoplesphere.be\/fr\/#\/schema\/person\/7976225ff17988604334abb7b3536a7e\",\"name\":\"Jean-Paul Erhard\",\"image\":{\"@type\":\"ImageObject\",\"inLanguage\":\"fr-FR\",\"@id\":\"https:\/\/peoplesphere.be\/fr\/#\/schema\/person\/image\/\",\"url\":\"https:\/\/secure.gravatar.com\/avatar\/f941e681460179738071629a51574930?s=96&d=mm&r=g\",\"contentUrl\":\"https:\/\/secure.gravatar.com\/avatar\/f941e681460179738071629a51574930?s=96&d=mm&r=g\",\"caption\":\"Jean-Paul Erhard\"},\"url\":\"https:\/\/peoplesphere.be\/fr\/author\/jpe\/\"}]}<\/script>\n<!-- \/ Yoast SEO plugin. -->","yoast_head_json":{"title":"La R\u00e9gion bruxelloise soutient les dispenses de disponibilit\u00e9 pour permettre aux demandeurs d'emploi de se former. - Peoplesphere","robots":{"index":"index","follow":"follow","max-snippet":"max-snippet:-1","max-image-preview":"max-image-preview:large","max-video-preview":"max-video-preview:-1"},"canonical":"https:\/\/peoplesphere.be\/fr\/la-region-bruxelloise-soutient-les-dispenses-de-disponibilite-pour-permettre-aux-demandeurs-demploi-de-se-former\/","og_locale":"fr_FR","og_type":"article","og_title":"La R\u00e9gion bruxelloise soutient les dispenses de disponibilit\u00e9 pour permettre aux demandeurs d'emploi de se former. - Peoplesphere","og_description":"En 2023, les chercheurs d\u2019emploi ont introduit 9.570 demandes de dispenses de disponibilit\u00e9 pour pouvoir suivre une formation, contre 8.917 en 2022. 7.854 ont \u00e9t\u00e9 accord\u00e9es, contre 7.309 en 2022, soit une augmentation de 7%.","og_url":"https:\/\/peoplesphere.be\/fr\/la-region-bruxelloise-soutient-les-dispenses-de-disponibilite-pour-permettre-aux-demandeurs-demploi-de-se-former\/","og_site_name":"Peoplesphere","article_publisher":"https:\/\/www.facebook.com\/peoplesphere","article_published_time":"2024-07-08T12:02:27+00:00","og_image":[{"url":"http:\/\/www.peoplesphere.be\/fr\/wp-content\/uploads\/2016\/07\/facebook-default-posting-1200x628px.jpg"}],"author":"Jean-Paul Erhard","twitter_card":"summary_large_image","twitter_creator":"@PeoplesphereMag","twitter_site":"@PeoplesphereMag","twitter_misc":{"\u00c9crit par":"Jean-Paul Erhard","Dur\u00e9e de lecture estim\u00e9e":"2 minutes"},"schema":{"@context":"https:\/\/schema.org","@graph":[{"@type":"Article","@id":"https:\/\/peoplesphere.be\/fr\/la-region-bruxelloise-soutient-les-dispenses-de-disponibilite-pour-permettre-aux-demandeurs-demploi-de-se-former\/#article","isPartOf":{"@id":"https:\/\/peoplesphere.be\/fr\/la-region-bruxelloise-soutient-les-dispenses-de-disponibilite-pour-permettre-aux-demandeurs-demploi-de-se-former\/"},"author":{"name":"Jean-Paul Erhard","@id":"https:\/\/peoplesphere.be\/fr\/#\/schema\/person\/7976225ff17988604334abb7b3536a7e"},"headline":"La R\u00e9gion bruxelloise soutient les dispenses de disponibilit\u00e9 pour permettre aux demandeurs d&#8217;emploi de se former.","datePublished":"2024-07-08T12:02:27+00:00","dateModified":"2024-07-08T12:02:27+00:00","mainEntityOfPage":{"@id":"https:\/\/peoplesphere.be\/fr\/la-region-bruxelloise-soutient-les-dispenses-de-disponibilite-pour-permettre-aux-demandeurs-demploi-de-se-former\/"},"wordCount":367,"publisher":{"@id":"https:\/\/peoplesphere.be\/fr\/#organization"},"keywords":["bernard clerfayt","bruxelles","chercheurs d'emploi"],"articleSection":["Actualit\u00e9s","Digital"],"inLanguage":"fr-FR"},{"@type":"WebPage","@id":"https:\/\/peoplesphere.be\/fr\/la-region-bruxelloise-soutient-les-dispenses-de-disponibilite-pour-permettre-aux-demandeurs-demploi-de-se-former\/","url":"https:\/\/peoplesphere.be\/fr\/la-region-bruxelloise-soutient-les-dispenses-de-disponibilite-pour-permettre-aux-demandeurs-demploi-de-se-former\/","name":"La R\u00e9gion bruxelloise soutient les dispenses de disponibilit\u00e9 pour permettre aux demandeurs d'emploi de se former. - Peoplesphere","isPartOf":{"@id":"https:\/\/peoplesphere.be\/fr\/#website"},"datePublished":"2024-07-08T12:02:27+00:00","dateModified":"2024-07-08T12:02:27+00:00","breadcrumb":{"@id":"https:\/\/peoplesphere.be\/fr\/la-region-bruxelloise-soutient-les-dispenses-de-disponibilite-pour-permettre-aux-demandeurs-demploi-de-se-former\/#breadcrumb"},"inLanguage":"fr-FR","potentialAction":[{"@type":"ReadAction","target":["https:\/\/peoplesphere.be\/fr\/la-region-bruxelloise-soutient-les-dispenses-de-disponibilite-pour-permettre-aux-demandeurs-demploi-de-se-former\/"]}]},{"@type":"BreadcrumbList","@id":"https:\/\/peoplesphere.be\/fr\/la-region-bruxelloise-soutient-les-dispenses-de-disponibilite-pour-permettre-aux-demandeurs-demploi-de-se-former\/#breadcrumb","itemListElement":[{"@type":"ListItem","position":1,"name":"Accueil","item":"https:\/\/peoplesphere.be\/fr\/"},{"@type":"ListItem","position":2,"name":"La R\u00e9gion bruxelloise soutient les dispenses de disponibilit\u00e9 pour permettre aux demandeurs d&#8217;emploi de se former."}]},{"@type":"WebSite","@id":"https:\/\/peoplesphere.be\/fr\/#website","url":"https:\/\/peoplesphere.be\/fr\/","name":"Peoplesphere","description":"The People Managers Magazine","publisher":{"@id":"https:\/\/peoplesphere.be\/fr\/#organization"},"potentialAction":[{"@type":"SearchAction","target":{"@type":"EntryPoint","urlTemplate":"https:\/\/peoplesphere.be\/fr\/?s={search_term_string}"},"query-input":"required name=search_term_string"}],"inLanguage":"fr-FR"},{"@type":"Organization","@id":"https:\/\/peoplesphere.be\/fr\/#organization","name":"Peoplesphere Company srl","url":"https:\/\/peoplesphere.be\/fr\/","logo":{"@type":"ImageObject","inLanguage":"fr-FR","@id":"https:\/\/peoplesphere.be\/fr\/#\/schema\/logo\/image\/","url":"https:\/\/peoplesphere.be\/fr\/wp-content\/uploads\/2023\/07\/peoplesphere-lgo-new-generik.jpg","contentUrl":"https:\/\/peoplesphere.be\/fr\/wp-content\/uploads\/2023\/07\/peoplesphere-lgo-new-generik.jpg","width":1031,"height":1479,"caption":"Peoplesphere Company srl"},"image":{"@id":"https:\/\/peoplesphere.be\/fr\/#\/schema\/logo\/image\/"},"sameAs":["https:\/\/www.facebook.com\/peoplesphere","https:\/\/twitter.com\/PeoplesphereMag","https:\/\/www.linkedin.com\/company\/7587361?trk","http:\/\/youtube.com\/peoplesphere"]},{"@type":"Person","@id":"https:\/\/peoplesphere.be\/fr\/#\/schema\/person\/7976225ff17988604334abb7b3536a7e","name":"Jean-Paul Erhard","image":{"@type":"ImageObject","inLanguage":"fr-FR","@id":"https:\/\/peoplesphere.be\/fr\/#\/schema\/person\/image\/","url":"https:\/\/secure.gravatar.com\/avatar\/f941e681460179738071629a51574930?s=96&d=mm&r=g","contentUrl":"https:\/\/secure.gravatar.com\/avatar\/f941e681460179738071629a51574930?s=96&d=mm&r=g","caption":"Jean-Paul Erhard"},"url":"https:\/\/peoplesphere.be\/fr\/author\/jpe\/"}]}},"_links":{"self":[{"href":"https:\/\/peoplesphere.be\/fr\/wp-json\/wp\/v2\/posts\/16428"}],"collection":[{"href":"https:\/\/peoplesphere.be\/fr\/wp-json\/wp\/v2\/posts"}],"about":[{"href":"https:\/\/peoplesphere.be\/fr\/wp-json\/wp\/v2\/types\/post"}],"author":[{"embeddable":true,"href":"https:\/\/peoplesphere.be\/fr\/wp-json\/wp\/v2\/users\/2"}],"replies":[{"embeddable":true,"href":"https:\/\/peoplesphere.be\/fr\/wp-json\/wp\/v2\/comments?post=16428"}],"version-history":[{"count":1,"href":"https:\/\/peoplesphere.be\/fr\/wp-json\/wp\/v2\/posts\/16428\/revisions"}],"predecessor-version":[{"id":16429,"href":"https:\/\/peoplesphere.be\/fr\/wp-json\/wp\/v2\/posts\/16428\/revisions\/16429"}],"wp:attachment":[{"href":"https:\/\/peoplesphere.be\/fr\/wp-json\/wp\/v2\/media?parent=16428"}],"wp:term":[{"taxonomy":"category","embeddable":true,"href":"https:\/\/peoplesphere.be\/fr\/wp-json\/wp\/v2\/categories?post=16428"},{"taxonomy":"post_tag","embeddable":true,"href":"https:\/\/peoplesphere.be\/fr\/wp-json\/wp\/v2\/tags?post=16428"}],"curies":[{"name":"wp","href":"https:\/\/api.w.org\/{rel}","templated":true}]}}