









{"id":16432,"date":"2024-07-09T06:58:25","date_gmt":"2024-07-09T04:58:25","guid":{"rendered":"https:\/\/peoplesphere.be\/fr\/?p=16432"},"modified":"2024-07-10T08:17:27","modified_gmt":"2024-07-10T06:17:27","slug":"taux-demploi-en-hausse-et-moderation-salariale-malgre-laugmentation-des-benefices-les-tensions-persistent-sur-le-marche-du-travail","status":"publish","type":"post","link":"https:\/\/peoplesphere.be\/fr\/taux-demploi-en-hausse-et-moderation-salariale-malgre-laugmentation-des-benefices-les-tensions-persistent-sur-le-marche-du-travail\/","title":{"rendered":"Taux d&#8217;emploi en hausse et mod\u00e9ration salariale malgr\u00e9 l&rsquo;augmentation des b\u00e9n\u00e9fices&#8230; Les tensions persistent sur le march\u00e9 du travail."},"content":{"rendered":"<p>L\u2019emploi total sur la zone OCDE a d\u00e9pass\u00e9 son niveau d\u2019avant la pand\u00e9mie de COVID-19, et le taux de ch\u00f4mage a presque rejoint son plus bas niveau enregistr\u00e9 depuis 2001 au moins. Pour autant, la croissance de l\u2019emploi s\u2019est tass\u00e9e et les salaires r\u00e9els n\u2019ont renou\u00e9 avec leurs niveaux ant\u00e9rieurs \u00e0 2020 que dans 19 des 35 pays de l\u2019OCDE pour lesquels on dispose de donn\u00e9es, en d\u00e9pit du rattrapage op\u00e9r\u00e9 au cours des derniers trimestres. <!--more--><\/p>\n<p>Selon les estimations pr\u00e9sent\u00e9es dans l\u2019\u00e9dition 2024 des Perspectives de l\u2019emploi de l\u2019OCDE, l\u2019emploi dans la zone OCDE (662 millions de postes en mai 2024, en hausse de 25% environ depuis 2000) devrait progresser de 0.7% par an environ en 2024-25. Le taux de ch\u00f4mage s\u2019\u00e9levait \u00e0 4.9% en mai 2024 dans les pays de l\u2019OCDE, et devrait augmenter l\u00e9g\u00e8rement. Il \u00e9tait sup\u00e9rieur de 0.2 point de pourcentage pour les femmes.<\/p>\n<p>Les salaires r\u00e9els ont regagn\u00e9 du terrain en 2022 et au premier semestre de 2023. Au premier trimestre de 2024, la croissance annuelle des salaires r\u00e9els \u00e9tait positive dans 29 des 35 pays pour lesquels des donn\u00e9es sont disponibles, \u00e0 +3.5% en moyenne \u00e0 l\u2019\u00e9chelle de la zone OCDE. L\u2019analyse pr\u00e9sent\u00e9e dans les Perspectives de l\u2019emploi signale un renversement de la tendance r\u00e9cente caract\u00e9ris\u00e9e par une progression des b\u00e9n\u00e9fices plus rapide que celle des salaires. Ces derniers r\u00e9cup\u00e8rent actuellement une partie du terrain perdu, tandis que les b\u00e9n\u00e9fices pourraient encore compenser en partie la hausse des salaires compte tenu de leur forte progression ces trois derni\u00e8res ann\u00e9es.<\/p>\n<p>Le salaire minimum est sup\u00e9rieur \u00e0 son niveau de 2019 en valeur r\u00e9elle dans la quasi-totalit\u00e9 des pays de l\u2019OCDE. En mai 2024, le salaire minimum r\u00e9el m\u00e9dian \u00e9tait sup\u00e9rieur de 8.3 % \u00e0 son niveau de 2019 dans les 30 pays de l\u2019OCDE ayant institu\u00e9 un salaire minimum l\u00e9gal national, gr\u00e2ce \u00e0 une forte augmentation nominale du salaire minimum l\u00e9gal afin de soutenir les travailleurs les moins bien r\u00e9mun\u00e9r\u00e9s pendant la flamb\u00e9e de l\u2019inflation qui a marqu\u00e9 les deux \u00e0 trois derni\u00e8res ann\u00e9es. Les donn\u00e9es laissent \u00e0 penser que la croissance des salaires a \u00e9t\u00e9 plus soutenue au bas de l\u2019\u00e9chelle de distribution ; les salaires nominaux ont davantage progress\u00e9 dans les secteurs et les professions aux r\u00e9mun\u00e9rations plus faibles, ainsi que pour les travailleurs peu qualifi\u00e9s.<\/p>\n<p>L\u2019\u00e9dition 2024 analyse \u00e9galement les retomb\u00e9es qu\u2019auront, sur les march\u00e9s du travail et les emplois de millions de personnes \u00e0 travers le monde, les programmes d\u2019action ambitieux de lutte contre le changement climatique qui visent \u00e0 amener \u00e0 z\u00e9ro les \u00e9missions nettes de gaz \u00e0 effet de serre \u00e0 l\u2019horizon 2050.<\/p>\n<p><em>\u00ab\u00a0Le dynamisme des march\u00e9s du travail, conjugu\u00e9 \u00e0 une croissance soutenue de l\u2019emploi, a \u00e9t\u00e9 d\u00e9terminant pour la r\u00e9silience \u00e9conomique des pays de l\u2019OCDE ces derni\u00e8res ann\u00e9es. Depuis la pand\u00e9mie, l\u2019emploi a atteint un niveau record dans les pays de l\u2019OCDE, en d\u00e9pit des difficult\u00e9s suscit\u00e9es par l\u2019inflation et la croissance atone de la productivit\u00e9\u00a0\u00bb<\/em>, d\u00e9clare le Secr\u00e9taire g\u00e9n\u00e9ral de l\u2019OCDE, M. Mathias Cormann. <em>\u00ab\u00a0La transition climatique entra\u00eenera une restructuration en profondeur des march\u00e9s du travail, avec un d\u00e9clin des secteurs \u00e0 forte intensit\u00e9 d\u2019\u00e9missions au profit des nouveaux d\u00e9bouch\u00e9s qu\u2019offrent les emplois port\u00e9s par la transition verte. Les pouvoirs publics doivent veiller en priorit\u00e9 \u00e0 favoriser la mobilit\u00e9 professionnelle n\u00e9cessaire, notamment par des programmes de formation efficaces dans les secteurs touch\u00e9s, \u00e0 accompagner les travailleurs qui ont perdu leur emploi ou dont l\u2019emploi est menac\u00e9 par la transition, et \u00e0 promouvoir l\u2019innovation, l\u2019entrepreneuriat et les emplois tourn\u00e9s vers le d\u00e9veloppement durable\u00a0\u00bb.<\/em><\/p>\n<p>Si l\u2019on estime que les effets de la transition climatique sur l\u2019emploi seront globalement limit\u00e9s \u00e0 court terme, les auteurs du rapport observent que cette derni\u00e8re devrait entra\u00eener des transformations et des bouleversements consid\u00e9rables. Des emplois dispara\u00eetront dans les secteurs \u00e0 forte intensit\u00e9 d\u2019\u00e9missions, en d\u00e9clin, tandis que de nombreux autres seront cr\u00e9\u00e9s dans les activit\u00e9s \u00e0 faibles \u00e9missions, qui se d\u00e9veloppent. Dans la zone OCDE, 20% environ des actifs exercent une profession port\u00e9e par la transition verte \u2013 autrement dit une profession qui profitera probablement de la transition climatique. Cela concerne aussi bien les emplois qui contribuent directement \u00e0 r\u00e9duire les \u00e9missions que ceux qui produisent des biens et des services interm\u00e9diaires \u00e0 l\u2019appui des activit\u00e9s \u00e9cologiquement viables. Les mieux qualifi\u00e9s des emplois port\u00e9s par la transition \u00e9cologique offrent g\u00e9n\u00e9ralement une r\u00e9mun\u00e9ration sup\u00e9rieure \u00e0 la moyenne, tandis que les moins qualifi\u00e9s de ces emplois sont souvent de moindre qualit\u00e9 en comparaison d\u2019autres emplois de niveau \u00e9quivalent et, de ce fait, manquent probablement d\u2019attrait aujourd\u2019hui aux yeux des travailleurs susceptibles de les occuper.<\/p>\n<p>Dans les secteurs, actuellement en d\u00e9clin, \u00e0 forte intensit\u00e9 d\u2019\u00e9missions \u2013 qui repr\u00e9sentent 80% des \u00e9missions de gaz \u00e0 effet de serre, mais 7% seulement des emplois \u2013, les travailleurs accusent, six ans apr\u00e8s un licenciement collectif, des pertes de revenus sup\u00e9rieures de 24 % en moyenne \u00e0 celles de travailleurs ayant perdu leur emploi dans un autre secteur. Si les femmes sont moins susceptibles d\u2019occuper des emplois port\u00e9s par la transition \u00e9cologique, les hommes sont quant \u00e0 eux plus susceptibles de travailler dans des secteurs \u00e0 forte intensit\u00e9 d\u2019\u00e9missions, en d\u00e9clin. La sous-repr\u00e9sentation actuelle des femmes dans les disciplines STIM (science, technologie, ing\u00e9nierie et math\u00e9matiques) et les st\u00e9r\u00e9otypes de genre persistants font na\u00eetre des inqui\u00e9tudes quant \u00e0 leur capacit\u00e9 \u00e0 profiter des emplois hautement qualifi\u00e9s port\u00e9s par la transition verte.<\/p>\n<p>Les pouvoirs publics doivent contribuer \u00e0 faciliter les transitions professionnelles et accompagner les travailleurs vers les nouveaux d\u00e9bouch\u00e9s offerts par les emplois port\u00e9s par la transition \u00e9cologique, tout en limitant les pertes de revenus subies par les travailleurs priv\u00e9s de leur emploi. Pour ce faire, ils peuvent intervenir en amont et proposer des programmes de formation efficaces et des aides cibl\u00e9es li\u00e9es \u00e0 l\u2019exercice d\u2019un emploi, comme des r\u00e9gimes de subvention salariale limit\u00e9s dans le temps.<\/p>\n<p>&nbsp;<\/p>\n<p><em>Source: OCDE &#8211; Perspectives de l&#8217;emploi<\/em><\/p>\n<p>&nbsp;<\/p>\n","protected":false},"excerpt":{"rendered":"<p>L\u2019emploi total sur la zone OCDE a d\u00e9pass\u00e9 son niveau d\u2019avant la pand\u00e9mie de COVID-19, et le taux de ch\u00f4mage a presque rejoint son plus bas niveau enregistr\u00e9 depuis 2001 au moins. Pour autant, la croissance de l\u2019emploi s\u2019est tass\u00e9e [&hellip;]<\/p>\n","protected":false},"author":2,"featured_media":0,"comment_status":"closed","ping_status":"open","sticky":false,"template":"","format":"standard","meta":[],"categories":[65,10],"tags":[585,108,394,3836],"yoast_head":"<!-- This site is optimized with the Yoast SEO plugin v21.0 - https:\/\/yoast.com\/wordpress\/plugins\/seo\/ -->\n<title>Taux d&#039;emploi en hausse et mod\u00e9ration salariale malgr\u00e9 l&#039;augmentation des b\u00e9n\u00e9fices... Les tensions persistent sur le march\u00e9 du travail. - Peoplesphere<\/title>\n<meta name=\"description\" content=\"Taux d&#039;emploi en hausse et mod\u00e9ration salariale malgr\u00e9 l&#039;augmentation des b\u00e9n\u00e9fices... Les tensions persistent sur le march\u00e9 du travail.\" \/>\n<meta name=\"robots\" content=\"index, follow, max-snippet:-1, max-image-preview:large, max-video-preview:-1\" \/>\n<link rel=\"canonical\" href=\"https:\/\/peoplesphere.be\/fr\/taux-demploi-en-hausse-et-moderation-salariale-malgre-laugmentation-des-benefices-les-tensions-persistent-sur-le-marche-du-travail\/\" \/>\n<meta property=\"og:locale\" content=\"fr_FR\" \/>\n<meta property=\"og:type\" content=\"article\" \/>\n<meta property=\"og:title\" content=\"Taux d&#039;emploi en hausse et mod\u00e9ration salariale malgr\u00e9 l&#039;augmentation des b\u00e9n\u00e9fices... Les tensions persistent sur le march\u00e9 du travail. - Peoplesphere\" \/>\n<meta property=\"og:description\" content=\"Taux d&#039;emploi en hausse et mod\u00e9ration salariale malgr\u00e9 l&#039;augmentation des b\u00e9n\u00e9fices... Les tensions persistent sur le march\u00e9 du travail.\" \/>\n<meta property=\"og:url\" content=\"https:\/\/peoplesphere.be\/fr\/taux-demploi-en-hausse-et-moderation-salariale-malgre-laugmentation-des-benefices-les-tensions-persistent-sur-le-marche-du-travail\/\" \/>\n<meta property=\"og:site_name\" content=\"Peoplesphere\" \/>\n<meta property=\"article:publisher\" content=\"https:\/\/www.facebook.com\/peoplesphere\" \/>\n<meta property=\"article:published_time\" content=\"2024-07-09T04:58:25+00:00\" \/>\n<meta property=\"article:modified_time\" content=\"2024-07-10T06:17:27+00:00\" \/>\n<meta property=\"og:image\" content=\"http:\/\/www.peoplesphere.be\/fr\/wp-content\/uploads\/2016\/07\/facebook-default-posting-1200x628px.jpg\" \/>\n<meta name=\"author\" content=\"Jean-Paul Erhard\" \/>\n<meta name=\"twitter:card\" content=\"summary_large_image\" \/>\n<meta name=\"twitter:creator\" content=\"@PeoplesphereMag\" \/>\n<meta name=\"twitter:site\" content=\"@PeoplesphereMag\" \/>\n<meta name=\"twitter:label1\" content=\"\u00c9crit par\" \/>\n\t<meta name=\"twitter:data1\" content=\"Jean-Paul Erhard\" \/>\n\t<meta name=\"twitter:label2\" content=\"Dur\u00e9e de lecture estim\u00e9e\" \/>\n\t<meta name=\"twitter:data2\" content=\"5 minutes\" \/>\n<script type=\"application\/ld+json\" class=\"yoast-schema-graph\">{\"@context\":\"https:\/\/schema.org\",\"@graph\":[{\"@type\":\"Article\",\"@id\":\"https:\/\/peoplesphere.be\/fr\/taux-demploi-en-hausse-et-moderation-salariale-malgre-laugmentation-des-benefices-les-tensions-persistent-sur-le-marche-du-travail\/#article\",\"isPartOf\":{\"@id\":\"https:\/\/peoplesphere.be\/fr\/taux-demploi-en-hausse-et-moderation-salariale-malgre-laugmentation-des-benefices-les-tensions-persistent-sur-le-marche-du-travail\/\"},\"author\":{\"name\":\"Jean-Paul Erhard\",\"@id\":\"https:\/\/peoplesphere.be\/fr\/#\/schema\/person\/7976225ff17988604334abb7b3536a7e\"},\"headline\":\"Taux d&#8217;emploi en hausse et mod\u00e9ration salariale malgr\u00e9 l&rsquo;augmentation des b\u00e9n\u00e9fices&#8230; Les tensions persistent sur le march\u00e9 du travail.\",\"datePublished\":\"2024-07-09T04:58:25+00:00\",\"dateModified\":\"2024-07-10T06:17:27+00:00\",\"mainEntityOfPage\":{\"@id\":\"https:\/\/peoplesphere.be\/fr\/taux-demploi-en-hausse-et-moderation-salariale-malgre-laugmentation-des-benefices-les-tensions-persistent-sur-le-marche-du-travail\/\"},\"wordCount\":1090,\"publisher\":{\"@id\":\"https:\/\/peoplesphere.be\/fr\/#organization\"},\"keywords\":[\"march\u00e9 du travail\",\"salaires\",\"taux d'emploi\",\"transition climatique\"],\"articleSection\":[\"Actualit\u00e9s\",\"Digital\"],\"inLanguage\":\"fr-FR\"},{\"@type\":\"WebPage\",\"@id\":\"https:\/\/peoplesphere.be\/fr\/taux-demploi-en-hausse-et-moderation-salariale-malgre-laugmentation-des-benefices-les-tensions-persistent-sur-le-marche-du-travail\/\",\"url\":\"https:\/\/peoplesphere.be\/fr\/taux-demploi-en-hausse-et-moderation-salariale-malgre-laugmentation-des-benefices-les-tensions-persistent-sur-le-marche-du-travail\/\",\"name\":\"Taux d'emploi en hausse et mod\u00e9ration salariale malgr\u00e9 l'augmentation des b\u00e9n\u00e9fices... Les tensions persistent sur le march\u00e9 du travail. - Peoplesphere\",\"isPartOf\":{\"@id\":\"https:\/\/peoplesphere.be\/fr\/#website\"},\"datePublished\":\"2024-07-09T04:58:25+00:00\",\"dateModified\":\"2024-07-10T06:17:27+00:00\",\"description\":\"Taux d'emploi en hausse et mod\u00e9ration salariale malgr\u00e9 l'augmentation des b\u00e9n\u00e9fices... Les tensions persistent sur le march\u00e9 du travail.\",\"breadcrumb\":{\"@id\":\"https:\/\/peoplesphere.be\/fr\/taux-demploi-en-hausse-et-moderation-salariale-malgre-laugmentation-des-benefices-les-tensions-persistent-sur-le-marche-du-travail\/#breadcrumb\"},\"inLanguage\":\"fr-FR\",\"potentialAction\":[{\"@type\":\"ReadAction\",\"target\":[\"https:\/\/peoplesphere.be\/fr\/taux-demploi-en-hausse-et-moderation-salariale-malgre-laugmentation-des-benefices-les-tensions-persistent-sur-le-marche-du-travail\/\"]}]},{\"@type\":\"BreadcrumbList\",\"@id\":\"https:\/\/peoplesphere.be\/fr\/taux-demploi-en-hausse-et-moderation-salariale-malgre-laugmentation-des-benefices-les-tensions-persistent-sur-le-marche-du-travail\/#breadcrumb\",\"itemListElement\":[{\"@type\":\"ListItem\",\"position\":1,\"name\":\"Accueil\",\"item\":\"https:\/\/peoplesphere.be\/fr\/\"},{\"@type\":\"ListItem\",\"position\":2,\"name\":\"Taux d&#8217;emploi en hausse et mod\u00e9ration salariale malgr\u00e9 l&rsquo;augmentation des b\u00e9n\u00e9fices&#8230; Les tensions persistent sur le march\u00e9 du travail.\"}]},{\"@type\":\"WebSite\",\"@id\":\"https:\/\/peoplesphere.be\/fr\/#website\",\"url\":\"https:\/\/peoplesphere.be\/fr\/\",\"name\":\"Peoplesphere\",\"description\":\"The People Managers Magazine\",\"publisher\":{\"@id\":\"https:\/\/peoplesphere.be\/fr\/#organization\"},\"potentialAction\":[{\"@type\":\"SearchAction\",\"target\":{\"@type\":\"EntryPoint\",\"urlTemplate\":\"https:\/\/peoplesphere.be\/fr\/?s={search_term_string}\"},\"query-input\":\"required name=search_term_string\"}],\"inLanguage\":\"fr-FR\"},{\"@type\":\"Organization\",\"@id\":\"https:\/\/peoplesphere.be\/fr\/#organization\",\"name\":\"Peoplesphere Company srl\",\"url\":\"https:\/\/peoplesphere.be\/fr\/\",\"logo\":{\"@type\":\"ImageObject\",\"inLanguage\":\"fr-FR\",\"@id\":\"https:\/\/peoplesphere.be\/fr\/#\/schema\/logo\/image\/\",\"url\":\"https:\/\/peoplesphere.be\/fr\/wp-content\/uploads\/2023\/07\/peoplesphere-lgo-new-generik.jpg\",\"contentUrl\":\"https:\/\/peoplesphere.be\/fr\/wp-content\/uploads\/2023\/07\/peoplesphere-lgo-new-generik.jpg\",\"width\":1031,\"height\":1479,\"caption\":\"Peoplesphere Company srl\"},\"image\":{\"@id\":\"https:\/\/peoplesphere.be\/fr\/#\/schema\/logo\/image\/\"},\"sameAs\":[\"https:\/\/www.facebook.com\/peoplesphere\",\"https:\/\/twitter.com\/PeoplesphereMag\",\"https:\/\/www.linkedin.com\/company\/7587361?trk\",\"http:\/\/youtube.com\/peoplesphere\"]},{\"@type\":\"Person\",\"@id\":\"https:\/\/peoplesphere.be\/fr\/#\/schema\/person\/7976225ff17988604334abb7b3536a7e\",\"name\":\"Jean-Paul Erhard\",\"image\":{\"@type\":\"ImageObject\",\"inLanguage\":\"fr-FR\",\"@id\":\"https:\/\/peoplesphere.be\/fr\/#\/schema\/person\/image\/\",\"url\":\"https:\/\/secure.gravatar.com\/avatar\/f941e681460179738071629a51574930?s=96&d=mm&r=g\",\"contentUrl\":\"https:\/\/secure.gravatar.com\/avatar\/f941e681460179738071629a51574930?s=96&d=mm&r=g\",\"caption\":\"Jean-Paul Erhard\"},\"url\":\"https:\/\/peoplesphere.be\/fr\/author\/jpe\/\"}]}<\/script>\n<!-- \/ Yoast SEO plugin. -->","yoast_head_json":{"title":"Taux d'emploi en hausse et mod\u00e9ration salariale malgr\u00e9 l'augmentation des b\u00e9n\u00e9fices... Les tensions persistent sur le march\u00e9 du travail. - Peoplesphere","description":"Taux d'emploi en hausse et mod\u00e9ration salariale malgr\u00e9 l'augmentation des b\u00e9n\u00e9fices... Les tensions persistent sur le march\u00e9 du travail.","robots":{"index":"index","follow":"follow","max-snippet":"max-snippet:-1","max-image-preview":"max-image-preview:large","max-video-preview":"max-video-preview:-1"},"canonical":"https:\/\/peoplesphere.be\/fr\/taux-demploi-en-hausse-et-moderation-salariale-malgre-laugmentation-des-benefices-les-tensions-persistent-sur-le-marche-du-travail\/","og_locale":"fr_FR","og_type":"article","og_title":"Taux d'emploi en hausse et mod\u00e9ration salariale malgr\u00e9 l'augmentation des b\u00e9n\u00e9fices... Les tensions persistent sur le march\u00e9 du travail. - Peoplesphere","og_description":"Taux d'emploi en hausse et mod\u00e9ration salariale malgr\u00e9 l'augmentation des b\u00e9n\u00e9fices... Les tensions persistent sur le march\u00e9 du travail.","og_url":"https:\/\/peoplesphere.be\/fr\/taux-demploi-en-hausse-et-moderation-salariale-malgre-laugmentation-des-benefices-les-tensions-persistent-sur-le-marche-du-travail\/","og_site_name":"Peoplesphere","article_publisher":"https:\/\/www.facebook.com\/peoplesphere","article_published_time":"2024-07-09T04:58:25+00:00","article_modified_time":"2024-07-10T06:17:27+00:00","og_image":[{"url":"http:\/\/www.peoplesphere.be\/fr\/wp-content\/uploads\/2016\/07\/facebook-default-posting-1200x628px.jpg"}],"author":"Jean-Paul Erhard","twitter_card":"summary_large_image","twitter_creator":"@PeoplesphereMag","twitter_site":"@PeoplesphereMag","twitter_misc":{"\u00c9crit par":"Jean-Paul Erhard","Dur\u00e9e de lecture estim\u00e9e":"5 minutes"},"schema":{"@context":"https:\/\/schema.org","@graph":[{"@type":"Article","@id":"https:\/\/peoplesphere.be\/fr\/taux-demploi-en-hausse-et-moderation-salariale-malgre-laugmentation-des-benefices-les-tensions-persistent-sur-le-marche-du-travail\/#article","isPartOf":{"@id":"https:\/\/peoplesphere.be\/fr\/taux-demploi-en-hausse-et-moderation-salariale-malgre-laugmentation-des-benefices-les-tensions-persistent-sur-le-marche-du-travail\/"},"author":{"name":"Jean-Paul Erhard","@id":"https:\/\/peoplesphere.be\/fr\/#\/schema\/person\/7976225ff17988604334abb7b3536a7e"},"headline":"Taux d&#8217;emploi en hausse et mod\u00e9ration salariale malgr\u00e9 l&rsquo;augmentation des b\u00e9n\u00e9fices&#8230; Les tensions persistent sur le march\u00e9 du travail.","datePublished":"2024-07-09T04:58:25+00:00","dateModified":"2024-07-10T06:17:27+00:00","mainEntityOfPage":{"@id":"https:\/\/peoplesphere.be\/fr\/taux-demploi-en-hausse-et-moderation-salariale-malgre-laugmentation-des-benefices-les-tensions-persistent-sur-le-marche-du-travail\/"},"wordCount":1090,"publisher":{"@id":"https:\/\/peoplesphere.be\/fr\/#organization"},"keywords":["march\u00e9 du travail","salaires","taux d'emploi","transition climatique"],"articleSection":["Actualit\u00e9s","Digital"],"inLanguage":"fr-FR"},{"@type":"WebPage","@id":"https:\/\/peoplesphere.be\/fr\/taux-demploi-en-hausse-et-moderation-salariale-malgre-laugmentation-des-benefices-les-tensions-persistent-sur-le-marche-du-travail\/","url":"https:\/\/peoplesphere.be\/fr\/taux-demploi-en-hausse-et-moderation-salariale-malgre-laugmentation-des-benefices-les-tensions-persistent-sur-le-marche-du-travail\/","name":"Taux d'emploi en hausse et mod\u00e9ration salariale malgr\u00e9 l'augmentation des b\u00e9n\u00e9fices... Les tensions persistent sur le march\u00e9 du travail. - Peoplesphere","isPartOf":{"@id":"https:\/\/peoplesphere.be\/fr\/#website"},"datePublished":"2024-07-09T04:58:25+00:00","dateModified":"2024-07-10T06:17:27+00:00","description":"Taux d'emploi en hausse et mod\u00e9ration salariale malgr\u00e9 l'augmentation des b\u00e9n\u00e9fices... Les tensions persistent sur le march\u00e9 du travail.","breadcrumb":{"@id":"https:\/\/peoplesphere.be\/fr\/taux-demploi-en-hausse-et-moderation-salariale-malgre-laugmentation-des-benefices-les-tensions-persistent-sur-le-marche-du-travail\/#breadcrumb"},"inLanguage":"fr-FR","potentialAction":[{"@type":"ReadAction","target":["https:\/\/peoplesphere.be\/fr\/taux-demploi-en-hausse-et-moderation-salariale-malgre-laugmentation-des-benefices-les-tensions-persistent-sur-le-marche-du-travail\/"]}]},{"@type":"BreadcrumbList","@id":"https:\/\/peoplesphere.be\/fr\/taux-demploi-en-hausse-et-moderation-salariale-malgre-laugmentation-des-benefices-les-tensions-persistent-sur-le-marche-du-travail\/#breadcrumb","itemListElement":[{"@type":"ListItem","position":1,"name":"Accueil","item":"https:\/\/peoplesphere.be\/fr\/"},{"@type":"ListItem","position":2,"name":"Taux d&#8217;emploi en hausse et mod\u00e9ration salariale malgr\u00e9 l&rsquo;augmentation des b\u00e9n\u00e9fices&#8230; Les tensions persistent sur le march\u00e9 du travail."}]},{"@type":"WebSite","@id":"https:\/\/peoplesphere.be\/fr\/#website","url":"https:\/\/peoplesphere.be\/fr\/","name":"Peoplesphere","description":"The People Managers Magazine","publisher":{"@id":"https:\/\/peoplesphere.be\/fr\/#organization"},"potentialAction":[{"@type":"SearchAction","target":{"@type":"EntryPoint","urlTemplate":"https:\/\/peoplesphere.be\/fr\/?s={search_term_string}"},"query-input":"required name=search_term_string"}],"inLanguage":"fr-FR"},{"@type":"Organization","@id":"https:\/\/peoplesphere.be\/fr\/#organization","name":"Peoplesphere Company srl","url":"https:\/\/peoplesphere.be\/fr\/","logo":{"@type":"ImageObject","inLanguage":"fr-FR","@id":"https:\/\/peoplesphere.be\/fr\/#\/schema\/logo\/image\/","url":"https:\/\/peoplesphere.be\/fr\/wp-content\/uploads\/2023\/07\/peoplesphere-lgo-new-generik.jpg","contentUrl":"https:\/\/peoplesphere.be\/fr\/wp-content\/uploads\/2023\/07\/peoplesphere-lgo-new-generik.jpg","width":1031,"height":1479,"caption":"Peoplesphere Company srl"},"image":{"@id":"https:\/\/peoplesphere.be\/fr\/#\/schema\/logo\/image\/"},"sameAs":["https:\/\/www.facebook.com\/peoplesphere","https:\/\/twitter.com\/PeoplesphereMag","https:\/\/www.linkedin.com\/company\/7587361?trk","http:\/\/youtube.com\/peoplesphere"]},{"@type":"Person","@id":"https:\/\/peoplesphere.be\/fr\/#\/schema\/person\/7976225ff17988604334abb7b3536a7e","name":"Jean-Paul Erhard","image":{"@type":"ImageObject","inLanguage":"fr-FR","@id":"https:\/\/peoplesphere.be\/fr\/#\/schema\/person\/image\/","url":"https:\/\/secure.gravatar.com\/avatar\/f941e681460179738071629a51574930?s=96&d=mm&r=g","contentUrl":"https:\/\/secure.gravatar.com\/avatar\/f941e681460179738071629a51574930?s=96&d=mm&r=g","caption":"Jean-Paul Erhard"},"url":"https:\/\/peoplesphere.be\/fr\/author\/jpe\/"}]}},"_links":{"self":[{"href":"https:\/\/peoplesphere.be\/fr\/wp-json\/wp\/v2\/posts\/16432"}],"collection":[{"href":"https:\/\/peoplesphere.be\/fr\/wp-json\/wp\/v2\/posts"}],"about":[{"href":"https:\/\/peoplesphere.be\/fr\/wp-json\/wp\/v2\/types\/post"}],"author":[{"embeddable":true,"href":"https:\/\/peoplesphere.be\/fr\/wp-json\/wp\/v2\/users\/2"}],"replies":[{"embeddable":true,"href":"https:\/\/peoplesphere.be\/fr\/wp-json\/wp\/v2\/comments?post=16432"}],"version-history":[{"count":1,"href":"https:\/\/peoplesphere.be\/fr\/wp-json\/wp\/v2\/posts\/16432\/revisions"}],"predecessor-version":[{"id":16433,"href":"https:\/\/peoplesphere.be\/fr\/wp-json\/wp\/v2\/posts\/16432\/revisions\/16433"}],"wp:attachment":[{"href":"https:\/\/peoplesphere.be\/fr\/wp-json\/wp\/v2\/media?parent=16432"}],"wp:term":[{"taxonomy":"category","embeddable":true,"href":"https:\/\/peoplesphere.be\/fr\/wp-json\/wp\/v2\/categories?post=16432"},{"taxonomy":"post_tag","embeddable":true,"href":"https:\/\/peoplesphere.be\/fr\/wp-json\/wp\/v2\/tags?post=16432"}],"curies":[{"name":"wp","href":"https:\/\/api.w.org\/{rel}","templated":true}]}}