









{"id":16441,"date":"2024-07-12T21:22:29","date_gmt":"2024-07-12T19:22:29","guid":{"rendered":"https:\/\/peoplesphere.be\/fr\/?p=16441"},"modified":"2024-07-12T21:22:29","modified_gmt":"2024-07-12T19:22:29","slug":"comment-les-travailleurs-posent-ils-leurs-jours-de-conge-priorite-aux-week-ends-prolonges-peu-importe-la-meteo","status":"publish","type":"post","link":"https:\/\/peoplesphere.be\/fr\/comment-les-travailleurs-posent-ils-leurs-jours-de-conge-priorite-aux-week-ends-prolonges-peu-importe-la-meteo\/","title":{"rendered":"Comment les travailleurs posent-ils leurs jours de cong\u00e9? Priorit\u00e9 aux week-ends prolong\u00e9s, peu importe la m\u00e9t\u00e9o."},"content":{"rendered":"<p>Les travailleurs belges prennent principalement des jours de cong\u00e9 uniques pour profiter d\u2019un week-end prolong\u00e9 ou pour prolonger un jour f\u00e9ri\u00e9. Les vendredis qui suivent le jour de l\u2019Ascension (9 mai) et le jour de l\u2019Assomption (15 ao\u00fbt) sont les plus populaires pour prendre des vacances en 2024.<!--more--><\/p>\n<p>C\u2019est ce qui ressort d\u2019une analyse r\u00e9alis\u00e9e par Attentia, expert en RH et Bien-\u00eatre. Les vendredis qui suivent le jeudi 9 mai (jour de l\u2019Ascension) et le jeudi 15 ao\u00fbt (jour de l\u2019Assomption) sont les jours pour lesquels les demandes de cong\u00e9 sont les plus nombreuses jusqu\u2019\u00e0 pr\u00e9sent en 2024. Le beau temps, en revanche, n\u2019a pas d\u2019influence significative sur le nombre de jours de cong\u00e9 demand\u00e9s.<\/p>\n<p>Attentia a analys\u00e9 les jours f\u00e9ri\u00e9s pr\u00e9vus et pris de 53.910 travailleurs dans des entreprises belges. Il en ressort notamment que le vendredi 10 mai, le lendemain du jour de l\u2019Ascension, a \u00e9t\u00e9 jusqu\u2019\u00e0 pr\u00e9sent le jour o\u00f9 les demandes de cong\u00e9 ont \u00e9t\u00e9 les plus nombreuses en 2024. Pr\u00e8s de quatre travailleurs belges sur dix \u00e9taient alors en vacances.<\/p>\n<p>Par ailleurs, presque autant de travailleurs ont aussi d\u00e9j\u00e0 demand\u00e9 un jour de cong\u00e9 pour le vendredi 16 ao\u00fbt 2024, le lendemain de l\u2019Assomption. Le mardi 2 janvier est un autre jour de cong\u00e9 qui a rencontr\u00e9 un vif succ\u00e8s. Trois travailleurs sur dix ont pris cong\u00e9 ce jour-l\u00e0.<\/p>\n<h3><strong><em>Plus de vacances en utilisant moins de jours de cong\u00e9<\/em><\/strong><\/h3>\n<p>Barbara Verougstraete, porte-parole d\u2019Attentia : <em>\u00ab\u00a0Prendre cong\u00e9 un vendredi apr\u00e8s un jour f\u00e9ri\u00e9 et avant un week-end permet aux collaborateurs d\u2019utiliser moins de jours de cong\u00e9s afin de pouvoir prendre une plus longue p\u00e9riode de cong\u00e9s ininterrompus. De plus, contrairement \u00e0 la plupart des entreprises, les \u00e9coles font le pont avec le jour de l\u2019Ascension. De nombreux parents prennent sans doute aussi cong\u00e9 pour passer le long week-end en famille. Quant au 16 ao\u00fbt, il y a d\u2019une part des collaborateurs qui prennent un jour de cong\u00e9 pour prendre un long week-end et, d\u2019autre part, ceux qui prennent de longues vacances d\u2019\u00e9t\u00e9. Cette combinaison explique le pic constat\u00e9.\u00a0\u00bb<\/em><\/p>\n<p>De plus, en moyenne, le vendredi est le jour le plus populaire de la semaine pour prendre un jour de cong\u00e9. 15% des travailleurs prennent cong\u00e9 le vendredi. 12% d\u2019entre eux prennent cong\u00e9 le mardi et le jeudi et ils sont en moyenne 11% \u00e0 prendre des cong\u00e9s le mercredi et le lundi.<\/p>\n<h3><strong><em>Par beau temps, les jours de cong\u00e9s uniques pris n\u2019augmentent pas<\/em><\/strong><\/h3>\n<p>Les donn\u00e9es d\u2019Attentia montrent \u00e9galement que les conditions m\u00e9t\u00e9orologiques ne jouent pas un r\u00f4le dans la prise de jours de cong\u00e9s uniques.<\/p>\n<p><em>\u00ab\u00a0M\u00eame au cours de la derni\u00e8re semaine de juin, lorsque le temps s\u2019est am\u00e9lior\u00e9, nous n\u2019avons pas constat\u00e9 d\u2019augmentation du nombre de demandes de cong\u00e9 par rapport \u00e0 la semaine plus froide et pluvieuse pr\u00e9c\u00e9dente\u00a0\u00bb<\/em>, explique Barbara Verougstraete.<\/p>\n<h3><strong><em>Les jours de cong\u00e9 uniques sont planifi\u00e9s en concertation<\/em><\/strong><\/h3>\n<p>Enfin, Attentia souligne qu\u2019un travailleur ne peut pas d\u00e9cider de son propre chef quand prendre des vacances, mais que l\u2019employeur ne peut pas toujours refuser non plus.<\/p>\n<p><em>\u00ab\u00a0Dans la plupart des entreprises, la planification des jours de cong\u00e9 uniques se fait de fa\u00e7on concert\u00e9e. Cependant, il est obligatoire de prendre tous les jours de cong\u00e9 l\u00e9gaux au cours de la m\u00eame ann\u00e9e calendrier.\u00a0\u00bb<\/em><\/p>\n","protected":false},"excerpt":{"rendered":"<p>Les travailleurs belges prennent principalement des jours de cong\u00e9 uniques pour profiter d\u2019un week-end prolong\u00e9 ou pour prolonger un jour f\u00e9ri\u00e9. Les vendredis qui suivent le jour de l\u2019Ascension (9 mai) et le jour de l\u2019Assomption (15 ao\u00fbt) sont les [&hellip;]<\/p>\n","protected":false},"author":2,"featured_media":0,"comment_status":"closed","ping_status":"open","sticky":false,"template":"","format":"standard","meta":[],"categories":[65,10],"tags":[96,647,1935,4087],"yoast_head":"<!-- This site is optimized with the Yoast SEO plugin v21.0 - https:\/\/yoast.com\/wordpress\/plugins\/seo\/ -->\n<title>Comment les travailleurs posent-ils leurs jours de cong\u00e9? Priorit\u00e9 aux week-ends prolong\u00e9s, peu importe la m\u00e9t\u00e9o. - Peoplesphere<\/title>\n<meta name=\"description\" content=\"Comment les travailleurs posent-ils leurs jours de cong\u00e9? Priorit\u00e9 aux week-ends prolong\u00e9s, peu importe la m\u00e9t\u00e9o.\" \/>\n<meta name=\"robots\" content=\"index, follow, max-snippet:-1, max-image-preview:large, max-video-preview:-1\" \/>\n<link rel=\"canonical\" href=\"https:\/\/peoplesphere.be\/fr\/comment-les-travailleurs-posent-ils-leurs-jours-de-conge-priorite-aux-week-ends-prolonges-peu-importe-la-meteo\/\" \/>\n<meta property=\"og:locale\" content=\"fr_FR\" \/>\n<meta property=\"og:type\" content=\"article\" \/>\n<meta property=\"og:title\" content=\"Comment les travailleurs posent-ils leurs jours de cong\u00e9? Priorit\u00e9 aux week-ends prolong\u00e9s, peu importe la m\u00e9t\u00e9o. - Peoplesphere\" \/>\n<meta property=\"og:description\" content=\"Comment les travailleurs posent-ils leurs jours de cong\u00e9? Priorit\u00e9 aux week-ends prolong\u00e9s, peu importe la m\u00e9t\u00e9o.\" \/>\n<meta property=\"og:url\" content=\"https:\/\/peoplesphere.be\/fr\/comment-les-travailleurs-posent-ils-leurs-jours-de-conge-priorite-aux-week-ends-prolonges-peu-importe-la-meteo\/\" \/>\n<meta property=\"og:site_name\" content=\"Peoplesphere\" \/>\n<meta property=\"article:publisher\" content=\"https:\/\/www.facebook.com\/peoplesphere\" \/>\n<meta property=\"article:published_time\" content=\"2024-07-12T19:22:29+00:00\" \/>\n<meta property=\"og:image\" content=\"http:\/\/www.peoplesphere.be\/fr\/wp-content\/uploads\/2016\/07\/facebook-default-posting-1200x628px.jpg\" \/>\n<meta name=\"author\" content=\"Jean-Paul Erhard\" \/>\n<meta name=\"twitter:card\" content=\"summary_large_image\" \/>\n<meta name=\"twitter:creator\" content=\"@PeoplesphereMag\" \/>\n<meta name=\"twitter:site\" content=\"@PeoplesphereMag\" \/>\n<meta name=\"twitter:label1\" content=\"\u00c9crit par\" \/>\n\t<meta name=\"twitter:data1\" content=\"Jean-Paul Erhard\" \/>\n\t<meta name=\"twitter:label2\" content=\"Dur\u00e9e de lecture estim\u00e9e\" \/>\n\t<meta name=\"twitter:data2\" content=\"3 minutes\" \/>\n<script type=\"application\/ld+json\" class=\"yoast-schema-graph\">{\"@context\":\"https:\/\/schema.org\",\"@graph\":[{\"@type\":\"Article\",\"@id\":\"https:\/\/peoplesphere.be\/fr\/comment-les-travailleurs-posent-ils-leurs-jours-de-conge-priorite-aux-week-ends-prolonges-peu-importe-la-meteo\/#article\",\"isPartOf\":{\"@id\":\"https:\/\/peoplesphere.be\/fr\/comment-les-travailleurs-posent-ils-leurs-jours-de-conge-priorite-aux-week-ends-prolonges-peu-importe-la-meteo\/\"},\"author\":{\"name\":\"Jean-Paul Erhard\",\"@id\":\"https:\/\/peoplesphere.be\/fr\/#\/schema\/person\/7976225ff17988604334abb7b3536a7e\"},\"headline\":\"Comment les travailleurs posent-ils leurs jours de cong\u00e9? Priorit\u00e9 aux week-ends prolong\u00e9s, peu importe la m\u00e9t\u00e9o.\",\"datePublished\":\"2024-07-12T19:22:29+00:00\",\"dateModified\":\"2024-07-12T19:22:29+00:00\",\"mainEntityOfPage\":{\"@id\":\"https:\/\/peoplesphere.be\/fr\/comment-les-travailleurs-posent-ils-leurs-jours-de-conge-priorite-aux-week-ends-prolonges-peu-importe-la-meteo\/\"},\"wordCount\":603,\"publisher\":{\"@id\":\"https:\/\/peoplesphere.be\/fr\/#organization\"},\"keywords\":[\"bien-\u00eatre\",\"\u00e9quilibre priv\u00e9\/professionnel\",\"jours de cong\u00e9\",\"week-ends\"],\"articleSection\":[\"Actualit\u00e9s\",\"Digital\"],\"inLanguage\":\"fr-FR\"},{\"@type\":\"WebPage\",\"@id\":\"https:\/\/peoplesphere.be\/fr\/comment-les-travailleurs-posent-ils-leurs-jours-de-conge-priorite-aux-week-ends-prolonges-peu-importe-la-meteo\/\",\"url\":\"https:\/\/peoplesphere.be\/fr\/comment-les-travailleurs-posent-ils-leurs-jours-de-conge-priorite-aux-week-ends-prolonges-peu-importe-la-meteo\/\",\"name\":\"Comment les travailleurs posent-ils leurs jours de cong\u00e9? Priorit\u00e9 aux week-ends prolong\u00e9s, peu importe la m\u00e9t\u00e9o. - Peoplesphere\",\"isPartOf\":{\"@id\":\"https:\/\/peoplesphere.be\/fr\/#website\"},\"datePublished\":\"2024-07-12T19:22:29+00:00\",\"dateModified\":\"2024-07-12T19:22:29+00:00\",\"description\":\"Comment les travailleurs posent-ils leurs jours de cong\u00e9? Priorit\u00e9 aux week-ends prolong\u00e9s, peu importe la m\u00e9t\u00e9o.\",\"breadcrumb\":{\"@id\":\"https:\/\/peoplesphere.be\/fr\/comment-les-travailleurs-posent-ils-leurs-jours-de-conge-priorite-aux-week-ends-prolonges-peu-importe-la-meteo\/#breadcrumb\"},\"inLanguage\":\"fr-FR\",\"potentialAction\":[{\"@type\":\"ReadAction\",\"target\":[\"https:\/\/peoplesphere.be\/fr\/comment-les-travailleurs-posent-ils-leurs-jours-de-conge-priorite-aux-week-ends-prolonges-peu-importe-la-meteo\/\"]}]},{\"@type\":\"BreadcrumbList\",\"@id\":\"https:\/\/peoplesphere.be\/fr\/comment-les-travailleurs-posent-ils-leurs-jours-de-conge-priorite-aux-week-ends-prolonges-peu-importe-la-meteo\/#breadcrumb\",\"itemListElement\":[{\"@type\":\"ListItem\",\"position\":1,\"name\":\"Accueil\",\"item\":\"https:\/\/peoplesphere.be\/fr\/\"},{\"@type\":\"ListItem\",\"position\":2,\"name\":\"Comment les travailleurs posent-ils leurs jours de cong\u00e9? Priorit\u00e9 aux week-ends prolong\u00e9s, peu importe la m\u00e9t\u00e9o.\"}]},{\"@type\":\"WebSite\",\"@id\":\"https:\/\/peoplesphere.be\/fr\/#website\",\"url\":\"https:\/\/peoplesphere.be\/fr\/\",\"name\":\"Peoplesphere\",\"description\":\"The People Managers Magazine\",\"publisher\":{\"@id\":\"https:\/\/peoplesphere.be\/fr\/#organization\"},\"potentialAction\":[{\"@type\":\"SearchAction\",\"target\":{\"@type\":\"EntryPoint\",\"urlTemplate\":\"https:\/\/peoplesphere.be\/fr\/?s={search_term_string}\"},\"query-input\":\"required name=search_term_string\"}],\"inLanguage\":\"fr-FR\"},{\"@type\":\"Organization\",\"@id\":\"https:\/\/peoplesphere.be\/fr\/#organization\",\"name\":\"Peoplesphere Company srl\",\"url\":\"https:\/\/peoplesphere.be\/fr\/\",\"logo\":{\"@type\":\"ImageObject\",\"inLanguage\":\"fr-FR\",\"@id\":\"https:\/\/peoplesphere.be\/fr\/#\/schema\/logo\/image\/\",\"url\":\"https:\/\/peoplesphere.be\/fr\/wp-content\/uploads\/2023\/07\/peoplesphere-lgo-new-generik.jpg\",\"contentUrl\":\"https:\/\/peoplesphere.be\/fr\/wp-content\/uploads\/2023\/07\/peoplesphere-lgo-new-generik.jpg\",\"width\":1031,\"height\":1479,\"caption\":\"Peoplesphere Company srl\"},\"image\":{\"@id\":\"https:\/\/peoplesphere.be\/fr\/#\/schema\/logo\/image\/\"},\"sameAs\":[\"https:\/\/www.facebook.com\/peoplesphere\",\"https:\/\/twitter.com\/PeoplesphereMag\",\"https:\/\/www.linkedin.com\/company\/7587361?trk\",\"http:\/\/youtube.com\/peoplesphere\"]},{\"@type\":\"Person\",\"@id\":\"https:\/\/peoplesphere.be\/fr\/#\/schema\/person\/7976225ff17988604334abb7b3536a7e\",\"name\":\"Jean-Paul Erhard\",\"image\":{\"@type\":\"ImageObject\",\"inLanguage\":\"fr-FR\",\"@id\":\"https:\/\/peoplesphere.be\/fr\/#\/schema\/person\/image\/\",\"url\":\"https:\/\/secure.gravatar.com\/avatar\/f941e681460179738071629a51574930?s=96&d=mm&r=g\",\"contentUrl\":\"https:\/\/secure.gravatar.com\/avatar\/f941e681460179738071629a51574930?s=96&d=mm&r=g\",\"caption\":\"Jean-Paul Erhard\"},\"url\":\"https:\/\/peoplesphere.be\/fr\/author\/jpe\/\"}]}<\/script>\n<!-- \/ Yoast SEO plugin. -->","yoast_head_json":{"title":"Comment les travailleurs posent-ils leurs jours de cong\u00e9? Priorit\u00e9 aux week-ends prolong\u00e9s, peu importe la m\u00e9t\u00e9o. - Peoplesphere","description":"Comment les travailleurs posent-ils leurs jours de cong\u00e9? Priorit\u00e9 aux week-ends prolong\u00e9s, peu importe la m\u00e9t\u00e9o.","robots":{"index":"index","follow":"follow","max-snippet":"max-snippet:-1","max-image-preview":"max-image-preview:large","max-video-preview":"max-video-preview:-1"},"canonical":"https:\/\/peoplesphere.be\/fr\/comment-les-travailleurs-posent-ils-leurs-jours-de-conge-priorite-aux-week-ends-prolonges-peu-importe-la-meteo\/","og_locale":"fr_FR","og_type":"article","og_title":"Comment les travailleurs posent-ils leurs jours de cong\u00e9? Priorit\u00e9 aux week-ends prolong\u00e9s, peu importe la m\u00e9t\u00e9o. - Peoplesphere","og_description":"Comment les travailleurs posent-ils leurs jours de cong\u00e9? Priorit\u00e9 aux week-ends prolong\u00e9s, peu importe la m\u00e9t\u00e9o.","og_url":"https:\/\/peoplesphere.be\/fr\/comment-les-travailleurs-posent-ils-leurs-jours-de-conge-priorite-aux-week-ends-prolonges-peu-importe-la-meteo\/","og_site_name":"Peoplesphere","article_publisher":"https:\/\/www.facebook.com\/peoplesphere","article_published_time":"2024-07-12T19:22:29+00:00","og_image":[{"url":"http:\/\/www.peoplesphere.be\/fr\/wp-content\/uploads\/2016\/07\/facebook-default-posting-1200x628px.jpg"}],"author":"Jean-Paul Erhard","twitter_card":"summary_large_image","twitter_creator":"@PeoplesphereMag","twitter_site":"@PeoplesphereMag","twitter_misc":{"\u00c9crit par":"Jean-Paul Erhard","Dur\u00e9e de lecture estim\u00e9e":"3 minutes"},"schema":{"@context":"https:\/\/schema.org","@graph":[{"@type":"Article","@id":"https:\/\/peoplesphere.be\/fr\/comment-les-travailleurs-posent-ils-leurs-jours-de-conge-priorite-aux-week-ends-prolonges-peu-importe-la-meteo\/#article","isPartOf":{"@id":"https:\/\/peoplesphere.be\/fr\/comment-les-travailleurs-posent-ils-leurs-jours-de-conge-priorite-aux-week-ends-prolonges-peu-importe-la-meteo\/"},"author":{"name":"Jean-Paul Erhard","@id":"https:\/\/peoplesphere.be\/fr\/#\/schema\/person\/7976225ff17988604334abb7b3536a7e"},"headline":"Comment les travailleurs posent-ils leurs jours de cong\u00e9? Priorit\u00e9 aux week-ends prolong\u00e9s, peu importe la m\u00e9t\u00e9o.","datePublished":"2024-07-12T19:22:29+00:00","dateModified":"2024-07-12T19:22:29+00:00","mainEntityOfPage":{"@id":"https:\/\/peoplesphere.be\/fr\/comment-les-travailleurs-posent-ils-leurs-jours-de-conge-priorite-aux-week-ends-prolonges-peu-importe-la-meteo\/"},"wordCount":603,"publisher":{"@id":"https:\/\/peoplesphere.be\/fr\/#organization"},"keywords":["bien-\u00eatre","\u00e9quilibre priv\u00e9\/professionnel","jours de cong\u00e9","week-ends"],"articleSection":["Actualit\u00e9s","Digital"],"inLanguage":"fr-FR"},{"@type":"WebPage","@id":"https:\/\/peoplesphere.be\/fr\/comment-les-travailleurs-posent-ils-leurs-jours-de-conge-priorite-aux-week-ends-prolonges-peu-importe-la-meteo\/","url":"https:\/\/peoplesphere.be\/fr\/comment-les-travailleurs-posent-ils-leurs-jours-de-conge-priorite-aux-week-ends-prolonges-peu-importe-la-meteo\/","name":"Comment les travailleurs posent-ils leurs jours de cong\u00e9? Priorit\u00e9 aux week-ends prolong\u00e9s, peu importe la m\u00e9t\u00e9o. - Peoplesphere","isPartOf":{"@id":"https:\/\/peoplesphere.be\/fr\/#website"},"datePublished":"2024-07-12T19:22:29+00:00","dateModified":"2024-07-12T19:22:29+00:00","description":"Comment les travailleurs posent-ils leurs jours de cong\u00e9? Priorit\u00e9 aux week-ends prolong\u00e9s, peu importe la m\u00e9t\u00e9o.","breadcrumb":{"@id":"https:\/\/peoplesphere.be\/fr\/comment-les-travailleurs-posent-ils-leurs-jours-de-conge-priorite-aux-week-ends-prolonges-peu-importe-la-meteo\/#breadcrumb"},"inLanguage":"fr-FR","potentialAction":[{"@type":"ReadAction","target":["https:\/\/peoplesphere.be\/fr\/comment-les-travailleurs-posent-ils-leurs-jours-de-conge-priorite-aux-week-ends-prolonges-peu-importe-la-meteo\/"]}]},{"@type":"BreadcrumbList","@id":"https:\/\/peoplesphere.be\/fr\/comment-les-travailleurs-posent-ils-leurs-jours-de-conge-priorite-aux-week-ends-prolonges-peu-importe-la-meteo\/#breadcrumb","itemListElement":[{"@type":"ListItem","position":1,"name":"Accueil","item":"https:\/\/peoplesphere.be\/fr\/"},{"@type":"ListItem","position":2,"name":"Comment les travailleurs posent-ils leurs jours de cong\u00e9? Priorit\u00e9 aux week-ends prolong\u00e9s, peu importe la m\u00e9t\u00e9o."}]},{"@type":"WebSite","@id":"https:\/\/peoplesphere.be\/fr\/#website","url":"https:\/\/peoplesphere.be\/fr\/","name":"Peoplesphere","description":"The People Managers Magazine","publisher":{"@id":"https:\/\/peoplesphere.be\/fr\/#organization"},"potentialAction":[{"@type":"SearchAction","target":{"@type":"EntryPoint","urlTemplate":"https:\/\/peoplesphere.be\/fr\/?s={search_term_string}"},"query-input":"required name=search_term_string"}],"inLanguage":"fr-FR"},{"@type":"Organization","@id":"https:\/\/peoplesphere.be\/fr\/#organization","name":"Peoplesphere Company srl","url":"https:\/\/peoplesphere.be\/fr\/","logo":{"@type":"ImageObject","inLanguage":"fr-FR","@id":"https:\/\/peoplesphere.be\/fr\/#\/schema\/logo\/image\/","url":"https:\/\/peoplesphere.be\/fr\/wp-content\/uploads\/2023\/07\/peoplesphere-lgo-new-generik.jpg","contentUrl":"https:\/\/peoplesphere.be\/fr\/wp-content\/uploads\/2023\/07\/peoplesphere-lgo-new-generik.jpg","width":1031,"height":1479,"caption":"Peoplesphere Company srl"},"image":{"@id":"https:\/\/peoplesphere.be\/fr\/#\/schema\/logo\/image\/"},"sameAs":["https:\/\/www.facebook.com\/peoplesphere","https:\/\/twitter.com\/PeoplesphereMag","https:\/\/www.linkedin.com\/company\/7587361?trk","http:\/\/youtube.com\/peoplesphere"]},{"@type":"Person","@id":"https:\/\/peoplesphere.be\/fr\/#\/schema\/person\/7976225ff17988604334abb7b3536a7e","name":"Jean-Paul Erhard","image":{"@type":"ImageObject","inLanguage":"fr-FR","@id":"https:\/\/peoplesphere.be\/fr\/#\/schema\/person\/image\/","url":"https:\/\/secure.gravatar.com\/avatar\/f941e681460179738071629a51574930?s=96&d=mm&r=g","contentUrl":"https:\/\/secure.gravatar.com\/avatar\/f941e681460179738071629a51574930?s=96&d=mm&r=g","caption":"Jean-Paul Erhard"},"url":"https:\/\/peoplesphere.be\/fr\/author\/jpe\/"}]}},"_links":{"self":[{"href":"https:\/\/peoplesphere.be\/fr\/wp-json\/wp\/v2\/posts\/16441"}],"collection":[{"href":"https:\/\/peoplesphere.be\/fr\/wp-json\/wp\/v2\/posts"}],"about":[{"href":"https:\/\/peoplesphere.be\/fr\/wp-json\/wp\/v2\/types\/post"}],"author":[{"embeddable":true,"href":"https:\/\/peoplesphere.be\/fr\/wp-json\/wp\/v2\/users\/2"}],"replies":[{"embeddable":true,"href":"https:\/\/peoplesphere.be\/fr\/wp-json\/wp\/v2\/comments?post=16441"}],"version-history":[{"count":1,"href":"https:\/\/peoplesphere.be\/fr\/wp-json\/wp\/v2\/posts\/16441\/revisions"}],"predecessor-version":[{"id":16443,"href":"https:\/\/peoplesphere.be\/fr\/wp-json\/wp\/v2\/posts\/16441\/revisions\/16443"}],"wp:attachment":[{"href":"https:\/\/peoplesphere.be\/fr\/wp-json\/wp\/v2\/media?parent=16441"}],"wp:term":[{"taxonomy":"category","embeddable":true,"href":"https:\/\/peoplesphere.be\/fr\/wp-json\/wp\/v2\/categories?post=16441"},{"taxonomy":"post_tag","embeddable":true,"href":"https:\/\/peoplesphere.be\/fr\/wp-json\/wp\/v2\/tags?post=16441"}],"curies":[{"name":"wp","href":"https:\/\/api.w.org\/{rel}","templated":true}]}}