









{"id":16446,"date":"2024-07-15T07:02:04","date_gmt":"2024-07-15T05:02:04","guid":{"rendered":"https:\/\/peoplesphere.be\/fr\/?p=16446"},"modified":"2024-07-16T07:39:41","modified_gmt":"2024-07-16T05:39:41","slug":"situation-du-marche-de-lemploi-wallon-au-debut-de-cet-ete-le-nombre-de-demandeurs-demploi-diminue-lentement","status":"publish","type":"post","link":"https:\/\/peoplesphere.be\/fr\/situation-du-marche-de-lemploi-wallon-au-debut-de-cet-ete-le-nombre-de-demandeurs-demploi-diminue-lentement\/","title":{"rendered":"Situation du march\u00e9 de l&#8217;emploi wallon au d\u00e9but de cet \u00e9t\u00e9: le nombre de demandeurs d&#8217;emploi diminue lentement."},"content":{"rendered":"<p>Fin juin 2024, la Wallonie comptait 224.154 demandeurs d\u2019emploi inoccup\u00e9s (DEI). La proportion des personnes qui per\u00e7oivent des allocations de ch\u00f4mage ou d&rsquo;insertion (les DEDA) diminue encore ce mois-ci: ils constituent \u00e0 pr\u00e9sent 48,7% de la demande d\u2019emploi.<!--more--><\/p>\n<p>Les jeunes en stage d\u2019insertion professionnelle (JSI) repr\u00e9sentent 11,6% et les demandeurs d\u2019emploi inscrits obligatoirement, adress\u00e9s majoritairement par les CPAS, comptent 11,7% du total.<\/p>\n<p>En juin, le nombre de demandeurs d\u2019emploi demandeurs d\u2019allocations (DEDA) diminue toujours sur base mensuelle (- 1,3%) et annuelle (- 5,3%).<br \/>\nEn 10 ans, le nombre de demandeurs d\u2019emploi inoccup\u00e9s wallons a recul\u00e9 de 6,7%, soit 15.988 personnes de moins. Le nombre de DEDA a diminu\u00e9 de 42%, soit 79.113 personnes en moins.<br \/>\nEn juin, le Forem a diffus\u00e9 49.821 offres d\u2019emploi (hors autres Services publics de l\u2019Emploi), soit + 30% par rapport \u00e0 un an auparavant. Un peu plus d\u2019une offre sur cinq (21,2%) propose un CDI.<\/p>\n<p>Enfin, plus du quart de la demande d\u2019emploi (28%) se compose de personnes qui sont librement inscrites au Forem pour pouvoir b\u00e9n\u00e9ficier de l\u2019ensemble de ses services.<\/p>\n<p>Parmi ces 224.154 demandeurs d\u2019emploi inoccup\u00e9s :<\/p>\n<ul>\n<li>53% sont des hommes;<\/li>\n<li>17% sont \u00e2g\u00e9s de moins de 25 ans, 25% ont 50 ans et plus;<\/li>\n<li>42% sont au plus dipl\u00f4m\u00e9s de l\u2019enseignement secondaire du 2\u00e8me degr\u00e9;<\/li>\n<li>19% sont inoccup\u00e9s depuis moins de six mois et 47% depuis deux ans et plus.<\/li>\n<\/ul>\n<p>Fin juin, le taux de la demande d\u2019emploi s\u2019\u00e9tablit \u00e0 13,8% de la population active wallonne.<\/p>\n<p>Le nombre total de DEI a recul\u00e9 de 0,3% entre la fin mai et la fin juin, ce qui correspond \u00e0 562 personnes de moins dans la demande d\u2019emploi wallonne. Notons que le nombre de DEI est habituellement stable \u00e0 cette p\u00e9riode de l\u2019ann\u00e9e.<\/p>\n<p>Deux cat\u00e9gories connaissent n\u00e9anmoins une baisse plus marqu\u00e9e :<\/p>\n<ul>\n<li>les demandeurs d\u2019emploi demandeurs d\u2019allocations (DEDA) reculent de 1,3%, ce qui \u00e9quivaut \u00e0 1.436 personnes de moins que fin mai ;<\/li>\n<li>les jeunes en stage d\u2019insertion professionnelle diminuent de 2,7%, soit \u2013 734 personnes.<\/li>\n<\/ul>\n<p>Les demandeurs d\u2019emploi inscrits obligatoirement, adress\u00e9s pour la plupart par les CPAS, augmentent de 1% (sur la m\u00eame p\u00e9riode + 265 personnes). Enfin, le nombre de personnes librement inscrites au Forem pour pouvoir b\u00e9n\u00e9ficier de l\u2019ensemble ses services grimpe de 1.343 personnes de plus que fin mai (+ 2,2%).<\/p>\n<p>Par rapport \u00e0 la situation en juin 2023, deux cat\u00e9gories connaissent un recul :<\/p>\n<ul>\n<li>6.088 demandeurs d\u2019emploi demandeurs d\u2019allocations (DEDA) de moins, soit une diminution de 5,3% ;<\/li>\n<li>1.231 jeunes en stage d\u2019insertion (JSI) de moins (- 4,5%).<\/li>\n<\/ul>\n<p>La cat\u00e9gorie des personnes librement inscrites, afin de b\u00e9n\u00e9ficier de l\u2019ensemble des services du Forem, reste celle qui progresse le plus dans le nombre de chercheurs d\u2019emploi : elle augmente de 23.124 personnes par rapport \u00e0 fin juin 2023, soit + 58,2 %. Enfin, les demandeurs d\u2019emploi inscrits obligatoirement comptent 1.145 personnes suppl\u00e9mentaires, soit + 4,6 %.<\/p>\n<p>Ces \u00e9volutions contrast\u00e9es entra\u00eenent une hausse de 8,2 % \u00e0 un an d\u2019\u00e9cart.<\/p>\n<h3><strong><em>Diffusion d\u2019offres d\u2019emploi<\/em><\/strong><\/h3>\n<p>Au cours du mois de mai, le Forem a diffus\u00e9 49.821 offres d\u2019emploi (hors offres \u00e9manant des autres Services publics de l\u2019Emploi), soit une hausse de l\u2019ordre de 30% par rapport \u00e0 la m\u00eame p\u00e9riode en 2023.<\/p>\n<p>Les m\u00e9tiers les plus recherch\u00e9s durant ce mois de juin concernent :<\/p>\n<ul>\n<li>La conduite de transport de marchandises sur longue distance (permis C\/CE)<\/li>\n<li>Les op\u00e9rations administratives<\/li>\n<li>La maintenance \u00e9lectrique<\/li>\n<li>La m\u00e9canique automobile et l\u2019entretien de v\u00e9hicules<\/li>\n<li>Le magasinage et pr\u00e9paration de commandes<\/li>\n<li>Le c\u00e2blage \u00e9lectrique et \u00e9lectrom\u00e9canique<\/li>\n<li>La promotion des ventes<\/li>\n<li>Les soins infirmiers g\u00e9n\u00e9ralistes<\/li>\n<li>L\u2019installation et la maintenance \u00e9lectronique<\/li>\n<li>La vente en alimentation<\/li>\n<\/ul>\n<p>Sur ces 49.821 offres d\u2019emploi re\u00e7ues en mai, les contrats de travail propos\u00e9s se r\u00e9partissent comme suit :<\/p>\n<ul>\n<li>46,5% de contrats int\u00e9rimaires avec option sur dur\u00e9e ind\u00e9termin\u00e9e,<\/li>\n<li>21,2% de contrats \u00e0 dur\u00e9e ind\u00e9termin\u00e9e,<\/li>\n<li>18,7% de contrats int\u00e9rimaires,<\/li>\n<li>8,7% de contrats \u00e0 dur\u00e9e d\u00e9termin\u00e9e,<\/li>\n<li>4,9% d\u2019autres types de contrats (remplacements, \u00e9tudiants, contrat avec ind\u00e9pendant, flexi-jobs, etc.).<\/li>\n<\/ul>\n<p>A ces offres d\u2019emploi s\u2019ajoutent 8.349 autres \u00e9manant d\u2019un autre Service public de l\u2019Emploi et relay\u00e9es par le Forem en juin 2024, pour un total de 58.170 offres.<\/p>\n<p>&nbsp;<\/p>\n<p><em>Source: Forem<\/em><\/p>\n","protected":false},"excerpt":{"rendered":"<p>Fin juin 2024, la Wallonie comptait 224.154 demandeurs d\u2019emploi inoccup\u00e9s (DEI). La proportion des personnes qui per\u00e7oivent des allocations de ch\u00f4mage ou d&rsquo;insertion (les DEDA) diminue encore ce mois-ci: ils constituent \u00e0 pr\u00e9sent 48,7% de la demande d\u2019emploi.<\/p>\n","protected":false},"author":2,"featured_media":0,"comment_status":"closed","ping_status":"open","sticky":false,"template":"","format":"standard","meta":[],"categories":[65,10],"tags":[653,703,28],"yoast_head":"<!-- This site is optimized with the Yoast SEO plugin v21.0 - https:\/\/yoast.com\/wordpress\/plugins\/seo\/ -->\n<title>Situation du march\u00e9 de l&#039;emploi wallon au d\u00e9but de cet \u00e9t\u00e9: le nombre de demandeurs d&#039;emploi diminue lentement. - Peoplesphere<\/title>\n<meta name=\"robots\" content=\"index, follow, max-snippet:-1, max-image-preview:large, max-video-preview:-1\" \/>\n<link rel=\"canonical\" href=\"https:\/\/peoplesphere.be\/fr\/situation-du-marche-de-lemploi-wallon-au-debut-de-cet-ete-le-nombre-de-demandeurs-demploi-diminue-lentement\/\" \/>\n<meta property=\"og:locale\" content=\"fr_FR\" \/>\n<meta property=\"og:type\" content=\"article\" \/>\n<meta property=\"og:title\" content=\"Situation du march\u00e9 de l&#039;emploi wallon au d\u00e9but de cet \u00e9t\u00e9: le nombre de demandeurs d&#039;emploi diminue lentement. - Peoplesphere\" \/>\n<meta property=\"og:description\" content=\"Fin juin 2024, la Wallonie comptait 224.154 demandeurs d\u2019emploi inoccup\u00e9s (DEI). La proportion des personnes qui per\u00e7oivent des allocations de ch\u00f4mage ou d&rsquo;insertion (les DEDA) diminue encore ce mois-ci: ils constituent \u00e0 pr\u00e9sent 48,7% de la demande d\u2019emploi.\" \/>\n<meta property=\"og:url\" content=\"https:\/\/peoplesphere.be\/fr\/situation-du-marche-de-lemploi-wallon-au-debut-de-cet-ete-le-nombre-de-demandeurs-demploi-diminue-lentement\/\" \/>\n<meta property=\"og:site_name\" content=\"Peoplesphere\" \/>\n<meta property=\"article:publisher\" content=\"https:\/\/www.facebook.com\/peoplesphere\" \/>\n<meta property=\"article:published_time\" content=\"2024-07-15T05:02:04+00:00\" \/>\n<meta property=\"article:modified_time\" content=\"2024-07-16T05:39:41+00:00\" \/>\n<meta property=\"og:image\" content=\"http:\/\/www.peoplesphere.be\/fr\/wp-content\/uploads\/2016\/07\/facebook-default-posting-1200x628px.jpg\" \/>\n<meta name=\"author\" content=\"Jean-Paul Erhard\" \/>\n<meta name=\"twitter:card\" content=\"summary_large_image\" \/>\n<meta name=\"twitter:creator\" content=\"@PeoplesphereMag\" \/>\n<meta name=\"twitter:site\" content=\"@PeoplesphereMag\" \/>\n<meta name=\"twitter:label1\" content=\"\u00c9crit par\" \/>\n\t<meta name=\"twitter:data1\" content=\"Jean-Paul Erhard\" \/>\n\t<meta name=\"twitter:label2\" content=\"Dur\u00e9e de lecture estim\u00e9e\" \/>\n\t<meta name=\"twitter:data2\" content=\"4 minutes\" \/>\n<script type=\"application\/ld+json\" class=\"yoast-schema-graph\">{\"@context\":\"https:\/\/schema.org\",\"@graph\":[{\"@type\":\"Article\",\"@id\":\"https:\/\/peoplesphere.be\/fr\/situation-du-marche-de-lemploi-wallon-au-debut-de-cet-ete-le-nombre-de-demandeurs-demploi-diminue-lentement\/#article\",\"isPartOf\":{\"@id\":\"https:\/\/peoplesphere.be\/fr\/situation-du-marche-de-lemploi-wallon-au-debut-de-cet-ete-le-nombre-de-demandeurs-demploi-diminue-lentement\/\"},\"author\":{\"name\":\"Jean-Paul Erhard\",\"@id\":\"https:\/\/peoplesphere.be\/fr\/#\/schema\/person\/7976225ff17988604334abb7b3536a7e\"},\"headline\":\"Situation du march\u00e9 de l&#8217;emploi wallon au d\u00e9but de cet \u00e9t\u00e9: le nombre de demandeurs d&#8217;emploi diminue lentement.\",\"datePublished\":\"2024-07-15T05:02:04+00:00\",\"dateModified\":\"2024-07-16T05:39:41+00:00\",\"mainEntityOfPage\":{\"@id\":\"https:\/\/peoplesphere.be\/fr\/situation-du-marche-de-lemploi-wallon-au-debut-de-cet-ete-le-nombre-de-demandeurs-demploi-diminue-lentement\/\"},\"wordCount\":712,\"publisher\":{\"@id\":\"https:\/\/peoplesphere.be\/fr\/#organization\"},\"keywords\":[\"demandeurs d'emploi\",\"taux de ch\u00f4mage\",\"Wallonie\"],\"articleSection\":[\"Actualit\u00e9s\",\"Digital\"],\"inLanguage\":\"fr-FR\"},{\"@type\":\"WebPage\",\"@id\":\"https:\/\/peoplesphere.be\/fr\/situation-du-marche-de-lemploi-wallon-au-debut-de-cet-ete-le-nombre-de-demandeurs-demploi-diminue-lentement\/\",\"url\":\"https:\/\/peoplesphere.be\/fr\/situation-du-marche-de-lemploi-wallon-au-debut-de-cet-ete-le-nombre-de-demandeurs-demploi-diminue-lentement\/\",\"name\":\"Situation du march\u00e9 de l'emploi wallon au d\u00e9but de cet \u00e9t\u00e9: le nombre de demandeurs d'emploi diminue lentement. - Peoplesphere\",\"isPartOf\":{\"@id\":\"https:\/\/peoplesphere.be\/fr\/#website\"},\"datePublished\":\"2024-07-15T05:02:04+00:00\",\"dateModified\":\"2024-07-16T05:39:41+00:00\",\"breadcrumb\":{\"@id\":\"https:\/\/peoplesphere.be\/fr\/situation-du-marche-de-lemploi-wallon-au-debut-de-cet-ete-le-nombre-de-demandeurs-demploi-diminue-lentement\/#breadcrumb\"},\"inLanguage\":\"fr-FR\",\"potentialAction\":[{\"@type\":\"ReadAction\",\"target\":[\"https:\/\/peoplesphere.be\/fr\/situation-du-marche-de-lemploi-wallon-au-debut-de-cet-ete-le-nombre-de-demandeurs-demploi-diminue-lentement\/\"]}]},{\"@type\":\"BreadcrumbList\",\"@id\":\"https:\/\/peoplesphere.be\/fr\/situation-du-marche-de-lemploi-wallon-au-debut-de-cet-ete-le-nombre-de-demandeurs-demploi-diminue-lentement\/#breadcrumb\",\"itemListElement\":[{\"@type\":\"ListItem\",\"position\":1,\"name\":\"Accueil\",\"item\":\"https:\/\/peoplesphere.be\/fr\/\"},{\"@type\":\"ListItem\",\"position\":2,\"name\":\"Situation du march\u00e9 de l&#8217;emploi wallon au d\u00e9but de cet \u00e9t\u00e9: le nombre de demandeurs d&#8217;emploi diminue lentement.\"}]},{\"@type\":\"WebSite\",\"@id\":\"https:\/\/peoplesphere.be\/fr\/#website\",\"url\":\"https:\/\/peoplesphere.be\/fr\/\",\"name\":\"Peoplesphere\",\"description\":\"The People Managers Magazine\",\"publisher\":{\"@id\":\"https:\/\/peoplesphere.be\/fr\/#organization\"},\"potentialAction\":[{\"@type\":\"SearchAction\",\"target\":{\"@type\":\"EntryPoint\",\"urlTemplate\":\"https:\/\/peoplesphere.be\/fr\/?s={search_term_string}\"},\"query-input\":\"required name=search_term_string\"}],\"inLanguage\":\"fr-FR\"},{\"@type\":\"Organization\",\"@id\":\"https:\/\/peoplesphere.be\/fr\/#organization\",\"name\":\"Peoplesphere Company srl\",\"url\":\"https:\/\/peoplesphere.be\/fr\/\",\"logo\":{\"@type\":\"ImageObject\",\"inLanguage\":\"fr-FR\",\"@id\":\"https:\/\/peoplesphere.be\/fr\/#\/schema\/logo\/image\/\",\"url\":\"https:\/\/peoplesphere.be\/fr\/wp-content\/uploads\/2023\/07\/peoplesphere-lgo-new-generik.jpg\",\"contentUrl\":\"https:\/\/peoplesphere.be\/fr\/wp-content\/uploads\/2023\/07\/peoplesphere-lgo-new-generik.jpg\",\"width\":1031,\"height\":1479,\"caption\":\"Peoplesphere Company srl\"},\"image\":{\"@id\":\"https:\/\/peoplesphere.be\/fr\/#\/schema\/logo\/image\/\"},\"sameAs\":[\"https:\/\/www.facebook.com\/peoplesphere\",\"https:\/\/twitter.com\/PeoplesphereMag\",\"https:\/\/www.linkedin.com\/company\/7587361?trk\",\"http:\/\/youtube.com\/peoplesphere\"]},{\"@type\":\"Person\",\"@id\":\"https:\/\/peoplesphere.be\/fr\/#\/schema\/person\/7976225ff17988604334abb7b3536a7e\",\"name\":\"Jean-Paul Erhard\",\"image\":{\"@type\":\"ImageObject\",\"inLanguage\":\"fr-FR\",\"@id\":\"https:\/\/peoplesphere.be\/fr\/#\/schema\/person\/image\/\",\"url\":\"https:\/\/secure.gravatar.com\/avatar\/f941e681460179738071629a51574930?s=96&d=mm&r=g\",\"contentUrl\":\"https:\/\/secure.gravatar.com\/avatar\/f941e681460179738071629a51574930?s=96&d=mm&r=g\",\"caption\":\"Jean-Paul Erhard\"},\"url\":\"https:\/\/peoplesphere.be\/fr\/author\/jpe\/\"}]}<\/script>\n<!-- \/ Yoast SEO plugin. -->","yoast_head_json":{"title":"Situation du march\u00e9 de l'emploi wallon au d\u00e9but de cet \u00e9t\u00e9: le nombre de demandeurs d'emploi diminue lentement. - Peoplesphere","robots":{"index":"index","follow":"follow","max-snippet":"max-snippet:-1","max-image-preview":"max-image-preview:large","max-video-preview":"max-video-preview:-1"},"canonical":"https:\/\/peoplesphere.be\/fr\/situation-du-marche-de-lemploi-wallon-au-debut-de-cet-ete-le-nombre-de-demandeurs-demploi-diminue-lentement\/","og_locale":"fr_FR","og_type":"article","og_title":"Situation du march\u00e9 de l'emploi wallon au d\u00e9but de cet \u00e9t\u00e9: le nombre de demandeurs d'emploi diminue lentement. - Peoplesphere","og_description":"Fin juin 2024, la Wallonie comptait 224.154 demandeurs d\u2019emploi inoccup\u00e9s (DEI). La proportion des personnes qui per\u00e7oivent des allocations de ch\u00f4mage ou d&rsquo;insertion (les DEDA) diminue encore ce mois-ci: ils constituent \u00e0 pr\u00e9sent 48,7% de la demande d\u2019emploi.","og_url":"https:\/\/peoplesphere.be\/fr\/situation-du-marche-de-lemploi-wallon-au-debut-de-cet-ete-le-nombre-de-demandeurs-demploi-diminue-lentement\/","og_site_name":"Peoplesphere","article_publisher":"https:\/\/www.facebook.com\/peoplesphere","article_published_time":"2024-07-15T05:02:04+00:00","article_modified_time":"2024-07-16T05:39:41+00:00","og_image":[{"url":"http:\/\/www.peoplesphere.be\/fr\/wp-content\/uploads\/2016\/07\/facebook-default-posting-1200x628px.jpg"}],"author":"Jean-Paul Erhard","twitter_card":"summary_large_image","twitter_creator":"@PeoplesphereMag","twitter_site":"@PeoplesphereMag","twitter_misc":{"\u00c9crit par":"Jean-Paul Erhard","Dur\u00e9e de lecture estim\u00e9e":"4 minutes"},"schema":{"@context":"https:\/\/schema.org","@graph":[{"@type":"Article","@id":"https:\/\/peoplesphere.be\/fr\/situation-du-marche-de-lemploi-wallon-au-debut-de-cet-ete-le-nombre-de-demandeurs-demploi-diminue-lentement\/#article","isPartOf":{"@id":"https:\/\/peoplesphere.be\/fr\/situation-du-marche-de-lemploi-wallon-au-debut-de-cet-ete-le-nombre-de-demandeurs-demploi-diminue-lentement\/"},"author":{"name":"Jean-Paul Erhard","@id":"https:\/\/peoplesphere.be\/fr\/#\/schema\/person\/7976225ff17988604334abb7b3536a7e"},"headline":"Situation du march\u00e9 de l&#8217;emploi wallon au d\u00e9but de cet \u00e9t\u00e9: le nombre de demandeurs d&#8217;emploi diminue lentement.","datePublished":"2024-07-15T05:02:04+00:00","dateModified":"2024-07-16T05:39:41+00:00","mainEntityOfPage":{"@id":"https:\/\/peoplesphere.be\/fr\/situation-du-marche-de-lemploi-wallon-au-debut-de-cet-ete-le-nombre-de-demandeurs-demploi-diminue-lentement\/"},"wordCount":712,"publisher":{"@id":"https:\/\/peoplesphere.be\/fr\/#organization"},"keywords":["demandeurs d'emploi","taux de ch\u00f4mage","Wallonie"],"articleSection":["Actualit\u00e9s","Digital"],"inLanguage":"fr-FR"},{"@type":"WebPage","@id":"https:\/\/peoplesphere.be\/fr\/situation-du-marche-de-lemploi-wallon-au-debut-de-cet-ete-le-nombre-de-demandeurs-demploi-diminue-lentement\/","url":"https:\/\/peoplesphere.be\/fr\/situation-du-marche-de-lemploi-wallon-au-debut-de-cet-ete-le-nombre-de-demandeurs-demploi-diminue-lentement\/","name":"Situation du march\u00e9 de l'emploi wallon au d\u00e9but de cet \u00e9t\u00e9: le nombre de demandeurs d'emploi diminue lentement. - Peoplesphere","isPartOf":{"@id":"https:\/\/peoplesphere.be\/fr\/#website"},"datePublished":"2024-07-15T05:02:04+00:00","dateModified":"2024-07-16T05:39:41+00:00","breadcrumb":{"@id":"https:\/\/peoplesphere.be\/fr\/situation-du-marche-de-lemploi-wallon-au-debut-de-cet-ete-le-nombre-de-demandeurs-demploi-diminue-lentement\/#breadcrumb"},"inLanguage":"fr-FR","potentialAction":[{"@type":"ReadAction","target":["https:\/\/peoplesphere.be\/fr\/situation-du-marche-de-lemploi-wallon-au-debut-de-cet-ete-le-nombre-de-demandeurs-demploi-diminue-lentement\/"]}]},{"@type":"BreadcrumbList","@id":"https:\/\/peoplesphere.be\/fr\/situation-du-marche-de-lemploi-wallon-au-debut-de-cet-ete-le-nombre-de-demandeurs-demploi-diminue-lentement\/#breadcrumb","itemListElement":[{"@type":"ListItem","position":1,"name":"Accueil","item":"https:\/\/peoplesphere.be\/fr\/"},{"@type":"ListItem","position":2,"name":"Situation du march\u00e9 de l&#8217;emploi wallon au d\u00e9but de cet \u00e9t\u00e9: le nombre de demandeurs d&#8217;emploi diminue lentement."}]},{"@type":"WebSite","@id":"https:\/\/peoplesphere.be\/fr\/#website","url":"https:\/\/peoplesphere.be\/fr\/","name":"Peoplesphere","description":"The People Managers Magazine","publisher":{"@id":"https:\/\/peoplesphere.be\/fr\/#organization"},"potentialAction":[{"@type":"SearchAction","target":{"@type":"EntryPoint","urlTemplate":"https:\/\/peoplesphere.be\/fr\/?s={search_term_string}"},"query-input":"required name=search_term_string"}],"inLanguage":"fr-FR"},{"@type":"Organization","@id":"https:\/\/peoplesphere.be\/fr\/#organization","name":"Peoplesphere Company srl","url":"https:\/\/peoplesphere.be\/fr\/","logo":{"@type":"ImageObject","inLanguage":"fr-FR","@id":"https:\/\/peoplesphere.be\/fr\/#\/schema\/logo\/image\/","url":"https:\/\/peoplesphere.be\/fr\/wp-content\/uploads\/2023\/07\/peoplesphere-lgo-new-generik.jpg","contentUrl":"https:\/\/peoplesphere.be\/fr\/wp-content\/uploads\/2023\/07\/peoplesphere-lgo-new-generik.jpg","width":1031,"height":1479,"caption":"Peoplesphere Company srl"},"image":{"@id":"https:\/\/peoplesphere.be\/fr\/#\/schema\/logo\/image\/"},"sameAs":["https:\/\/www.facebook.com\/peoplesphere","https:\/\/twitter.com\/PeoplesphereMag","https:\/\/www.linkedin.com\/company\/7587361?trk","http:\/\/youtube.com\/peoplesphere"]},{"@type":"Person","@id":"https:\/\/peoplesphere.be\/fr\/#\/schema\/person\/7976225ff17988604334abb7b3536a7e","name":"Jean-Paul Erhard","image":{"@type":"ImageObject","inLanguage":"fr-FR","@id":"https:\/\/peoplesphere.be\/fr\/#\/schema\/person\/image\/","url":"https:\/\/secure.gravatar.com\/avatar\/f941e681460179738071629a51574930?s=96&d=mm&r=g","contentUrl":"https:\/\/secure.gravatar.com\/avatar\/f941e681460179738071629a51574930?s=96&d=mm&r=g","caption":"Jean-Paul Erhard"},"url":"https:\/\/peoplesphere.be\/fr\/author\/jpe\/"}]}},"_links":{"self":[{"href":"https:\/\/peoplesphere.be\/fr\/wp-json\/wp\/v2\/posts\/16446"}],"collection":[{"href":"https:\/\/peoplesphere.be\/fr\/wp-json\/wp\/v2\/posts"}],"about":[{"href":"https:\/\/peoplesphere.be\/fr\/wp-json\/wp\/v2\/types\/post"}],"author":[{"embeddable":true,"href":"https:\/\/peoplesphere.be\/fr\/wp-json\/wp\/v2\/users\/2"}],"replies":[{"embeddable":true,"href":"https:\/\/peoplesphere.be\/fr\/wp-json\/wp\/v2\/comments?post=16446"}],"version-history":[{"count":1,"href":"https:\/\/peoplesphere.be\/fr\/wp-json\/wp\/v2\/posts\/16446\/revisions"}],"predecessor-version":[{"id":16447,"href":"https:\/\/peoplesphere.be\/fr\/wp-json\/wp\/v2\/posts\/16446\/revisions\/16447"}],"wp:attachment":[{"href":"https:\/\/peoplesphere.be\/fr\/wp-json\/wp\/v2\/media?parent=16446"}],"wp:term":[{"taxonomy":"category","embeddable":true,"href":"https:\/\/peoplesphere.be\/fr\/wp-json\/wp\/v2\/categories?post=16446"},{"taxonomy":"post_tag","embeddable":true,"href":"https:\/\/peoplesphere.be\/fr\/wp-json\/wp\/v2\/tags?post=16446"}],"curies":[{"name":"wp","href":"https:\/\/api.w.org\/{rel}","templated":true}]}}