









{"id":16453,"date":"2024-07-16T15:38:25","date_gmt":"2024-07-16T13:38:25","guid":{"rendered":"https:\/\/peoplesphere.be\/fr\/?p=16453"},"modified":"2024-07-16T15:38:25","modified_gmt":"2024-07-16T13:38:25","slug":"activation-des-chomeurs-competences-numeriques-et-competitivite-salariale-le-conseil-superieur-de-lemploi-veut-montrer-la-voie-aux-nouveaux-gouvernements","status":"publish","type":"post","link":"https:\/\/peoplesphere.be\/fr\/activation-des-chomeurs-competences-numeriques-et-competitivite-salariale-le-conseil-superieur-de-lemploi-veut-montrer-la-voie-aux-nouveaux-gouvernements\/","title":{"rendered":"Activation des ch\u00f4meurs, comp\u00e9tences num\u00e9riques et comp\u00e9titivit\u00e9 salariale&#8230; Le Conseil Sup\u00e9rieur de l&rsquo;Emploi veut montrer la voie aux nouveaux gouvernements."},"content":{"rendered":"<p>Le dernier rapport du Conseil sup\u00e9rieur de l\u2019emploi fait le point sur l\u2019\u00e9volution r\u00e9cente du march\u00e9 du travail. Les derni\u00e8res ann\u00e9es furent intenses en bouleversements: d\u2019abord une crise sanitaire totalement in\u00e9dite et ensuite une pouss\u00e9e inflationniste sans pr\u00e9c\u00e9dent depuis les chocs p\u00e9troliers. Comment le march\u00e9 du travail s\u2019en est-il sorti? Quels enseignements peut-on en tirer?<!--more--><\/p>\n<p>La r\u00e9silience du march\u00e9 du travail durant la crise sanitaire et le dynamisme de la reprise ont largement surpass\u00e9 les attentes. Les cr\u00e9ations nettes d\u2019emplois ont atteint des niveaux que le pays n\u2019avait jamais connu. Elles se sont \u00e9lev\u00e9es \u00e0 environ 100.000 unit\u00e9s en 2021 et 2022. On est revenu en 2023 \u00e0 des valeurs proches de la moyenne historique qui se chiffre \u00e0 43.000 unit\u00e9s. Les perspectives pour les prochaines ann\u00e9es font \u00e9tat d\u2019un nouveau ralentissement qui ne serait toutefois que temporaire.<\/p>\n<p>Malgr\u00e9 cette croissance robuste, la Belgique n&rsquo;a pas r\u00e9ussi \u00e0 rattraper la moyenne europ\u00e9enne en termes de taux d&#8217;emploi (proportion de personnes en \u00e2ge de travailler ayant un emploi, respectivement 72,1% et 75,3% en 2023). Cette absence de convergence, on la retrouve \u00e9galement entre les r\u00e9gions. Les disparit\u00e9s en termes de taux d\u2019emploi et de ch\u00f4mage sont criantes: la Flandre enregistrant syst\u00e9matiquement de meilleurs r\u00e9sultats. A 76,8%, le taux d\u2019emploi en Flandre est ainsi de plus de 10 pp sup\u00e9rieur \u00e0 celui des deux autres r\u00e9gions. En 2023, le taux de ch\u00f4mage y \u00e9tait de 3,3% ; contre 8,2% en Wallonie et 10,7% \u00e0 Bruxelles.<\/p>\n<p>Les difficult\u00e9s de recrutement auxquelles sont confront\u00e9es les entreprises belges ont frein\u00e9 la progression de l\u2019emploi. Le manque de main-d\u2019oeuvre s\u2019est particuli\u00e8rement fait sentir dans certains secteurs ou certaines professions. Si la forte dynamique du march\u00e9 du travail en Flandre y a exacerb\u00e9 ces difficult\u00e9s de recrutement, les deux autres r\u00e9gions y sont aussi confront\u00e9es. La probl\u00e9matique est structurelle dans le pays. Les causes en sont multiples et souvent se combinent. Elles touchent tant les conditions de travail et de r\u00e9mun\u00e9ration des emplois offerts, que les comp\u00e9tences des candidats potentiels et le cadre institutionnel, avec des incitants insuffisants \u00e0 prendre part au march\u00e9 du travail.<\/p>\n<p>En ce d\u00e9but de l\u00e9gislature, le Conseil formule une s\u00e9rie de recommandations structur\u00e9es autour de quatre axes.<\/p>\n<p>Le premier vise \u00e0 am\u00e9liorer l\u2019activation de tous. Il s\u2019agit notamment d\u2019am\u00e9liorer les proc\u00e9dures d\u2019accompagnement des demandeurs d\u2019emploi, d\u2019examiner le design de l\u2019assurance ch\u00f4mage et aussi de soutenir la r\u00e9int\u00e9gration des personnes en incapacit\u00e9 de travail de longue dur\u00e9e.<\/p>\n<p>Le deuxi\u00e8me promeut l\u2019emploi pour les personnes faiblement dipl\u00f4m\u00e9es: r\u00e9duction du co\u00fbt du travail pour les plus bas salaires tout en relevant les incitants \u00e0 travailler, d\u00e9veloppement des formes alternatives d\u2019emploi, accompagnement sur mesure, promotion des m\u00e9tiers manuels et de la formation continue.<\/p>\n<p>Le troisi\u00e8me se focalise sur les comp\u00e9tences. Elles doivent r\u00e9pondre \u00e0 l\u2019\u00e9volution de la soci\u00e9t\u00e9, notamment le num\u00e9rique et le d\u00e9veloppement de l\u2019IA. Les besoins de profils techniques et scientifiques sont d\u00e9j\u00e0 flagrants, ils iront croissants. Les incitants \u00e0 se former dans ces voies doivent \u00eatre renforc\u00e9s, avec une attention particuli\u00e8re pour les femmes qui y restent sousrepr\u00e9sent\u00e9es. Une politique de migration choisie peut \u00e9galement r\u00e9pondre aux p\u00e9nuries subies par les entreprises.<\/p>\n<p>Le dernier axe met l\u2019accent sur la formation des salaires. Un nouvel \u00e9quilibre doit \u00eatre trouv\u00e9 entre sauvegarde de la comp\u00e9titivit\u00e9 et pr\u00e9servation du pouvoir d\u2019achat, d\u2019une part, mais aussi, entre une norme salariale nationale uniforme et une diversit\u00e9 de situations en mati\u00e8re de productivit\u00e9 et de comp\u00e9titivit\u00e9 entre firmes, d\u2019autre part.<\/p>\n<p>Le Conseil sup\u00e9rieur de l\u2019emploi, qui r\u00e9unit des experts du march\u00e9 du travail du F\u00e9d\u00e9ral, des R\u00e9gions et des Universit\u00e9s, se tient \u00e0 la disposition des autorit\u00e9s pour partager les r\u00e9sultats de ses \u00e9tudes et contribuer \u00e0 l\u2019\u00e9laboration de politiques de l\u2019emploi inclusives et cr\u00e9atrices de richesses.<\/p>\n<p>&nbsp;<\/p>\n<p><em>Source: Conseil Sup\u00e9rieur de l&rsquo;Emploi<\/em><\/p>\n","protected":false},"excerpt":{"rendered":"<p>Le dernier rapport du Conseil sup\u00e9rieur de l\u2019emploi fait le point sur l\u2019\u00e9volution r\u00e9cente du march\u00e9 du travail. Les derni\u00e8res ann\u00e9es furent intenses en bouleversements: d\u2019abord une crise sanitaire totalement in\u00e9dite et ensuite une pouss\u00e9e inflationniste sans pr\u00e9c\u00e9dent depuis les [&hellip;]<\/p>\n","protected":false},"author":2,"featured_media":16454,"comment_status":"closed","ping_status":"open","sticky":false,"template":"","format":"standard","meta":[],"categories":[65,10],"tags":[1241,92,116,351,653,48,108],"yoast_head":"<!-- This site is optimized with the Yoast SEO plugin v21.0 - https:\/\/yoast.com\/wordpress\/plugins\/seo\/ -->\n<title>Activation des ch\u00f4meurs, comp\u00e9tences num\u00e9riques et comp\u00e9titivit\u00e9 salariale... Le Conseil Sup\u00e9rieur de l&#039;Emploi veut montrer la voie aux nouveaux gouvernements. - Peoplesphere<\/title>\n<meta name=\"robots\" content=\"index, follow, max-snippet:-1, max-image-preview:large, max-video-preview:-1\" \/>\n<link rel=\"canonical\" href=\"https:\/\/peoplesphere.be\/fr\/activation-des-chomeurs-competences-numeriques-et-competitivite-salariale-le-conseil-superieur-de-lemploi-veut-montrer-la-voie-aux-nouveaux-gouvernements\/\" \/>\n<meta property=\"og:locale\" content=\"fr_FR\" \/>\n<meta property=\"og:type\" content=\"article\" \/>\n<meta property=\"og:title\" content=\"Activation des ch\u00f4meurs, comp\u00e9tences num\u00e9riques et comp\u00e9titivit\u00e9 salariale... Le Conseil Sup\u00e9rieur de l&#039;Emploi veut montrer la voie aux nouveaux gouvernements. - Peoplesphere\" \/>\n<meta property=\"og:description\" content=\"Le dernier rapport du Conseil sup\u00e9rieur de l\u2019emploi fait le point sur l\u2019\u00e9volution r\u00e9cente du march\u00e9 du travail. Les derni\u00e8res ann\u00e9es furent intenses en bouleversements: d\u2019abord une crise sanitaire totalement in\u00e9dite et ensuite une pouss\u00e9e inflationniste sans pr\u00e9c\u00e9dent depuis les [&hellip;]\" \/>\n<meta property=\"og:url\" content=\"https:\/\/peoplesphere.be\/fr\/activation-des-chomeurs-competences-numeriques-et-competitivite-salariale-le-conseil-superieur-de-lemploi-veut-montrer-la-voie-aux-nouveaux-gouvernements\/\" \/>\n<meta property=\"og:site_name\" content=\"Peoplesphere\" \/>\n<meta property=\"article:publisher\" content=\"https:\/\/www.facebook.com\/peoplesphere\" \/>\n<meta property=\"article:published_time\" content=\"2024-07-16T13:38:25+00:00\" \/>\n<meta property=\"og:image\" content=\"https:\/\/peoplesphere.be\/fr\/wp-content\/uploads\/2024\/07\/20240716CSEworldofwork.jpg\" \/>\n\t<meta property=\"og:image:width\" content=\"624\" \/>\n\t<meta property=\"og:image:height\" content=\"351\" \/>\n\t<meta property=\"og:image:type\" content=\"image\/jpeg\" \/>\n<meta name=\"author\" content=\"Jean-Paul Erhard\" \/>\n<meta name=\"twitter:card\" content=\"summary_large_image\" \/>\n<meta name=\"twitter:creator\" content=\"@PeoplesphereMag\" \/>\n<meta name=\"twitter:site\" content=\"@PeoplesphereMag\" \/>\n<meta name=\"twitter:label1\" content=\"\u00c9crit par\" \/>\n\t<meta name=\"twitter:data1\" content=\"Jean-Paul Erhard\" \/>\n\t<meta name=\"twitter:label2\" content=\"Dur\u00e9e de lecture estim\u00e9e\" \/>\n\t<meta name=\"twitter:data2\" content=\"4 minutes\" \/>\n<script type=\"application\/ld+json\" class=\"yoast-schema-graph\">{\"@context\":\"https:\/\/schema.org\",\"@graph\":[{\"@type\":\"Article\",\"@id\":\"https:\/\/peoplesphere.be\/fr\/activation-des-chomeurs-competences-numeriques-et-competitivite-salariale-le-conseil-superieur-de-lemploi-veut-montrer-la-voie-aux-nouveaux-gouvernements\/#article\",\"isPartOf\":{\"@id\":\"https:\/\/peoplesphere.be\/fr\/activation-des-chomeurs-competences-numeriques-et-competitivite-salariale-le-conseil-superieur-de-lemploi-veut-montrer-la-voie-aux-nouveaux-gouvernements\/\"},\"author\":{\"name\":\"Jean-Paul Erhard\",\"@id\":\"https:\/\/peoplesphere.be\/fr\/#\/schema\/person\/7976225ff17988604334abb7b3536a7e\"},\"headline\":\"Activation des ch\u00f4meurs, comp\u00e9tences num\u00e9riques et comp\u00e9titivit\u00e9 salariale&#8230; Le Conseil Sup\u00e9rieur de l&rsquo;Emploi veut montrer la voie aux nouveaux gouvernements.\",\"datePublished\":\"2024-07-16T13:38:25+00:00\",\"dateModified\":\"2024-07-16T13:38:25+00:00\",\"mainEntityOfPage\":{\"@id\":\"https:\/\/peoplesphere.be\/fr\/activation-des-chomeurs-competences-numeriques-et-competitivite-salariale-le-conseil-superieur-de-lemploi-veut-montrer-la-voie-aux-nouveaux-gouvernements\/\"},\"wordCount\":731,\"publisher\":{\"@id\":\"https:\/\/peoplesphere.be\/fr\/#organization\"},\"keywords\":[\"activation\",\"ch\u00f4mage\",\"comp\u00e9tences\",\"conseil sup\u00e9rieur de l'emploi\",\"demandeurs d'emploi\",\"Formation\",\"salaires\"],\"articleSection\":[\"Actualit\u00e9s\",\"Digital\"],\"inLanguage\":\"fr-FR\"},{\"@type\":\"WebPage\",\"@id\":\"https:\/\/peoplesphere.be\/fr\/activation-des-chomeurs-competences-numeriques-et-competitivite-salariale-le-conseil-superieur-de-lemploi-veut-montrer-la-voie-aux-nouveaux-gouvernements\/\",\"url\":\"https:\/\/peoplesphere.be\/fr\/activation-des-chomeurs-competences-numeriques-et-competitivite-salariale-le-conseil-superieur-de-lemploi-veut-montrer-la-voie-aux-nouveaux-gouvernements\/\",\"name\":\"Activation des ch\u00f4meurs, comp\u00e9tences num\u00e9riques et comp\u00e9titivit\u00e9 salariale... Le Conseil Sup\u00e9rieur de l'Emploi veut montrer la voie aux nouveaux gouvernements. - Peoplesphere\",\"isPartOf\":{\"@id\":\"https:\/\/peoplesphere.be\/fr\/#website\"},\"datePublished\":\"2024-07-16T13:38:25+00:00\",\"dateModified\":\"2024-07-16T13:38:25+00:00\",\"breadcrumb\":{\"@id\":\"https:\/\/peoplesphere.be\/fr\/activation-des-chomeurs-competences-numeriques-et-competitivite-salariale-le-conseil-superieur-de-lemploi-veut-montrer-la-voie-aux-nouveaux-gouvernements\/#breadcrumb\"},\"inLanguage\":\"fr-FR\",\"potentialAction\":[{\"@type\":\"ReadAction\",\"target\":[\"https:\/\/peoplesphere.be\/fr\/activation-des-chomeurs-competences-numeriques-et-competitivite-salariale-le-conseil-superieur-de-lemploi-veut-montrer-la-voie-aux-nouveaux-gouvernements\/\"]}]},{\"@type\":\"BreadcrumbList\",\"@id\":\"https:\/\/peoplesphere.be\/fr\/activation-des-chomeurs-competences-numeriques-et-competitivite-salariale-le-conseil-superieur-de-lemploi-veut-montrer-la-voie-aux-nouveaux-gouvernements\/#breadcrumb\",\"itemListElement\":[{\"@type\":\"ListItem\",\"position\":1,\"name\":\"Accueil\",\"item\":\"https:\/\/peoplesphere.be\/fr\/\"},{\"@type\":\"ListItem\",\"position\":2,\"name\":\"Activation des ch\u00f4meurs, comp\u00e9tences num\u00e9riques et comp\u00e9titivit\u00e9 salariale&#8230; Le Conseil Sup\u00e9rieur de l&rsquo;Emploi veut montrer la voie aux nouveaux gouvernements.\"}]},{\"@type\":\"WebSite\",\"@id\":\"https:\/\/peoplesphere.be\/fr\/#website\",\"url\":\"https:\/\/peoplesphere.be\/fr\/\",\"name\":\"Peoplesphere\",\"description\":\"The People Managers Magazine\",\"publisher\":{\"@id\":\"https:\/\/peoplesphere.be\/fr\/#organization\"},\"potentialAction\":[{\"@type\":\"SearchAction\",\"target\":{\"@type\":\"EntryPoint\",\"urlTemplate\":\"https:\/\/peoplesphere.be\/fr\/?s={search_term_string}\"},\"query-input\":\"required name=search_term_string\"}],\"inLanguage\":\"fr-FR\"},{\"@type\":\"Organization\",\"@id\":\"https:\/\/peoplesphere.be\/fr\/#organization\",\"name\":\"Peoplesphere Company srl\",\"url\":\"https:\/\/peoplesphere.be\/fr\/\",\"logo\":{\"@type\":\"ImageObject\",\"inLanguage\":\"fr-FR\",\"@id\":\"https:\/\/peoplesphere.be\/fr\/#\/schema\/logo\/image\/\",\"url\":\"https:\/\/peoplesphere.be\/fr\/wp-content\/uploads\/2023\/07\/peoplesphere-lgo-new-generik.jpg\",\"contentUrl\":\"https:\/\/peoplesphere.be\/fr\/wp-content\/uploads\/2023\/07\/peoplesphere-lgo-new-generik.jpg\",\"width\":1031,\"height\":1479,\"caption\":\"Peoplesphere Company srl\"},\"image\":{\"@id\":\"https:\/\/peoplesphere.be\/fr\/#\/schema\/logo\/image\/\"},\"sameAs\":[\"https:\/\/www.facebook.com\/peoplesphere\",\"https:\/\/twitter.com\/PeoplesphereMag\",\"https:\/\/www.linkedin.com\/company\/7587361?trk\",\"http:\/\/youtube.com\/peoplesphere\"]},{\"@type\":\"Person\",\"@id\":\"https:\/\/peoplesphere.be\/fr\/#\/schema\/person\/7976225ff17988604334abb7b3536a7e\",\"name\":\"Jean-Paul Erhard\",\"image\":{\"@type\":\"ImageObject\",\"inLanguage\":\"fr-FR\",\"@id\":\"https:\/\/peoplesphere.be\/fr\/#\/schema\/person\/image\/\",\"url\":\"https:\/\/secure.gravatar.com\/avatar\/f941e681460179738071629a51574930?s=96&d=mm&r=g\",\"contentUrl\":\"https:\/\/secure.gravatar.com\/avatar\/f941e681460179738071629a51574930?s=96&d=mm&r=g\",\"caption\":\"Jean-Paul Erhard\"},\"url\":\"https:\/\/peoplesphere.be\/fr\/author\/jpe\/\"}]}<\/script>\n<!-- \/ Yoast SEO plugin. -->","yoast_head_json":{"title":"Activation des ch\u00f4meurs, comp\u00e9tences num\u00e9riques et comp\u00e9titivit\u00e9 salariale... Le Conseil Sup\u00e9rieur de l'Emploi veut montrer la voie aux nouveaux gouvernements. - Peoplesphere","robots":{"index":"index","follow":"follow","max-snippet":"max-snippet:-1","max-image-preview":"max-image-preview:large","max-video-preview":"max-video-preview:-1"},"canonical":"https:\/\/peoplesphere.be\/fr\/activation-des-chomeurs-competences-numeriques-et-competitivite-salariale-le-conseil-superieur-de-lemploi-veut-montrer-la-voie-aux-nouveaux-gouvernements\/","og_locale":"fr_FR","og_type":"article","og_title":"Activation des ch\u00f4meurs, comp\u00e9tences num\u00e9riques et comp\u00e9titivit\u00e9 salariale... Le Conseil Sup\u00e9rieur de l'Emploi veut montrer la voie aux nouveaux gouvernements. - Peoplesphere","og_description":"Le dernier rapport du Conseil sup\u00e9rieur de l\u2019emploi fait le point sur l\u2019\u00e9volution r\u00e9cente du march\u00e9 du travail. Les derni\u00e8res ann\u00e9es furent intenses en bouleversements: d\u2019abord une crise sanitaire totalement in\u00e9dite et ensuite une pouss\u00e9e inflationniste sans pr\u00e9c\u00e9dent depuis les [&hellip;]","og_url":"https:\/\/peoplesphere.be\/fr\/activation-des-chomeurs-competences-numeriques-et-competitivite-salariale-le-conseil-superieur-de-lemploi-veut-montrer-la-voie-aux-nouveaux-gouvernements\/","og_site_name":"Peoplesphere","article_publisher":"https:\/\/www.facebook.com\/peoplesphere","article_published_time":"2024-07-16T13:38:25+00:00","og_image":[{"width":624,"height":351,"url":"https:\/\/peoplesphere.be\/fr\/wp-content\/uploads\/2024\/07\/20240716CSEworldofwork.jpg","type":"image\/jpeg"}],"author":"Jean-Paul Erhard","twitter_card":"summary_large_image","twitter_creator":"@PeoplesphereMag","twitter_site":"@PeoplesphereMag","twitter_misc":{"\u00c9crit par":"Jean-Paul Erhard","Dur\u00e9e de lecture estim\u00e9e":"4 minutes"},"schema":{"@context":"https:\/\/schema.org","@graph":[{"@type":"Article","@id":"https:\/\/peoplesphere.be\/fr\/activation-des-chomeurs-competences-numeriques-et-competitivite-salariale-le-conseil-superieur-de-lemploi-veut-montrer-la-voie-aux-nouveaux-gouvernements\/#article","isPartOf":{"@id":"https:\/\/peoplesphere.be\/fr\/activation-des-chomeurs-competences-numeriques-et-competitivite-salariale-le-conseil-superieur-de-lemploi-veut-montrer-la-voie-aux-nouveaux-gouvernements\/"},"author":{"name":"Jean-Paul Erhard","@id":"https:\/\/peoplesphere.be\/fr\/#\/schema\/person\/7976225ff17988604334abb7b3536a7e"},"headline":"Activation des ch\u00f4meurs, comp\u00e9tences num\u00e9riques et comp\u00e9titivit\u00e9 salariale&#8230; Le Conseil Sup\u00e9rieur de l&rsquo;Emploi veut montrer la voie aux nouveaux gouvernements.","datePublished":"2024-07-16T13:38:25+00:00","dateModified":"2024-07-16T13:38:25+00:00","mainEntityOfPage":{"@id":"https:\/\/peoplesphere.be\/fr\/activation-des-chomeurs-competences-numeriques-et-competitivite-salariale-le-conseil-superieur-de-lemploi-veut-montrer-la-voie-aux-nouveaux-gouvernements\/"},"wordCount":731,"publisher":{"@id":"https:\/\/peoplesphere.be\/fr\/#organization"},"keywords":["activation","ch\u00f4mage","comp\u00e9tences","conseil sup\u00e9rieur de l'emploi","demandeurs d'emploi","Formation","salaires"],"articleSection":["Actualit\u00e9s","Digital"],"inLanguage":"fr-FR"},{"@type":"WebPage","@id":"https:\/\/peoplesphere.be\/fr\/activation-des-chomeurs-competences-numeriques-et-competitivite-salariale-le-conseil-superieur-de-lemploi-veut-montrer-la-voie-aux-nouveaux-gouvernements\/","url":"https:\/\/peoplesphere.be\/fr\/activation-des-chomeurs-competences-numeriques-et-competitivite-salariale-le-conseil-superieur-de-lemploi-veut-montrer-la-voie-aux-nouveaux-gouvernements\/","name":"Activation des ch\u00f4meurs, comp\u00e9tences num\u00e9riques et comp\u00e9titivit\u00e9 salariale... Le Conseil Sup\u00e9rieur de l'Emploi veut montrer la voie aux nouveaux gouvernements. - Peoplesphere","isPartOf":{"@id":"https:\/\/peoplesphere.be\/fr\/#website"},"datePublished":"2024-07-16T13:38:25+00:00","dateModified":"2024-07-16T13:38:25+00:00","breadcrumb":{"@id":"https:\/\/peoplesphere.be\/fr\/activation-des-chomeurs-competences-numeriques-et-competitivite-salariale-le-conseil-superieur-de-lemploi-veut-montrer-la-voie-aux-nouveaux-gouvernements\/#breadcrumb"},"inLanguage":"fr-FR","potentialAction":[{"@type":"ReadAction","target":["https:\/\/peoplesphere.be\/fr\/activation-des-chomeurs-competences-numeriques-et-competitivite-salariale-le-conseil-superieur-de-lemploi-veut-montrer-la-voie-aux-nouveaux-gouvernements\/"]}]},{"@type":"BreadcrumbList","@id":"https:\/\/peoplesphere.be\/fr\/activation-des-chomeurs-competences-numeriques-et-competitivite-salariale-le-conseil-superieur-de-lemploi-veut-montrer-la-voie-aux-nouveaux-gouvernements\/#breadcrumb","itemListElement":[{"@type":"ListItem","position":1,"name":"Accueil","item":"https:\/\/peoplesphere.be\/fr\/"},{"@type":"ListItem","position":2,"name":"Activation des ch\u00f4meurs, comp\u00e9tences num\u00e9riques et comp\u00e9titivit\u00e9 salariale&#8230; Le Conseil Sup\u00e9rieur de l&rsquo;Emploi veut montrer la voie aux nouveaux gouvernements."}]},{"@type":"WebSite","@id":"https:\/\/peoplesphere.be\/fr\/#website","url":"https:\/\/peoplesphere.be\/fr\/","name":"Peoplesphere","description":"The People Managers Magazine","publisher":{"@id":"https:\/\/peoplesphere.be\/fr\/#organization"},"potentialAction":[{"@type":"SearchAction","target":{"@type":"EntryPoint","urlTemplate":"https:\/\/peoplesphere.be\/fr\/?s={search_term_string}"},"query-input":"required name=search_term_string"}],"inLanguage":"fr-FR"},{"@type":"Organization","@id":"https:\/\/peoplesphere.be\/fr\/#organization","name":"Peoplesphere Company srl","url":"https:\/\/peoplesphere.be\/fr\/","logo":{"@type":"ImageObject","inLanguage":"fr-FR","@id":"https:\/\/peoplesphere.be\/fr\/#\/schema\/logo\/image\/","url":"https:\/\/peoplesphere.be\/fr\/wp-content\/uploads\/2023\/07\/peoplesphere-lgo-new-generik.jpg","contentUrl":"https:\/\/peoplesphere.be\/fr\/wp-content\/uploads\/2023\/07\/peoplesphere-lgo-new-generik.jpg","width":1031,"height":1479,"caption":"Peoplesphere Company srl"},"image":{"@id":"https:\/\/peoplesphere.be\/fr\/#\/schema\/logo\/image\/"},"sameAs":["https:\/\/www.facebook.com\/peoplesphere","https:\/\/twitter.com\/PeoplesphereMag","https:\/\/www.linkedin.com\/company\/7587361?trk","http:\/\/youtube.com\/peoplesphere"]},{"@type":"Person","@id":"https:\/\/peoplesphere.be\/fr\/#\/schema\/person\/7976225ff17988604334abb7b3536a7e","name":"Jean-Paul Erhard","image":{"@type":"ImageObject","inLanguage":"fr-FR","@id":"https:\/\/peoplesphere.be\/fr\/#\/schema\/person\/image\/","url":"https:\/\/secure.gravatar.com\/avatar\/f941e681460179738071629a51574930?s=96&d=mm&r=g","contentUrl":"https:\/\/secure.gravatar.com\/avatar\/f941e681460179738071629a51574930?s=96&d=mm&r=g","caption":"Jean-Paul Erhard"},"url":"https:\/\/peoplesphere.be\/fr\/author\/jpe\/"}]}},"_links":{"self":[{"href":"https:\/\/peoplesphere.be\/fr\/wp-json\/wp\/v2\/posts\/16453"}],"collection":[{"href":"https:\/\/peoplesphere.be\/fr\/wp-json\/wp\/v2\/posts"}],"about":[{"href":"https:\/\/peoplesphere.be\/fr\/wp-json\/wp\/v2\/types\/post"}],"author":[{"embeddable":true,"href":"https:\/\/peoplesphere.be\/fr\/wp-json\/wp\/v2\/users\/2"}],"replies":[{"embeddable":true,"href":"https:\/\/peoplesphere.be\/fr\/wp-json\/wp\/v2\/comments?post=16453"}],"version-history":[{"count":1,"href":"https:\/\/peoplesphere.be\/fr\/wp-json\/wp\/v2\/posts\/16453\/revisions"}],"predecessor-version":[{"id":16455,"href":"https:\/\/peoplesphere.be\/fr\/wp-json\/wp\/v2\/posts\/16453\/revisions\/16455"}],"wp:featuredmedia":[{"embeddable":true,"href":"https:\/\/peoplesphere.be\/fr\/wp-json\/wp\/v2\/media\/16454"}],"wp:attachment":[{"href":"https:\/\/peoplesphere.be\/fr\/wp-json\/wp\/v2\/media?parent=16453"}],"wp:term":[{"taxonomy":"category","embeddable":true,"href":"https:\/\/peoplesphere.be\/fr\/wp-json\/wp\/v2\/categories?post=16453"},{"taxonomy":"post_tag","embeddable":true,"href":"https:\/\/peoplesphere.be\/fr\/wp-json\/wp\/v2\/tags?post=16453"}],"curies":[{"name":"wp","href":"https:\/\/api.w.org\/{rel}","templated":true}]}}