









{"id":16479,"date":"2024-07-23T14:34:06","date_gmt":"2024-07-23T12:34:06","guid":{"rendered":"https:\/\/peoplesphere.be\/fr\/?p=16479"},"modified":"2024-07-23T14:34:06","modified_gmt":"2024-07-23T12:34:06","slug":"pas-de-forte-reprise-en-vue-lactivite-interimaire-est-restee-a-un-bas-niveau-en-juin","status":"publish","type":"post","link":"https:\/\/peoplesphere.be\/fr\/pas-de-forte-reprise-en-vue-lactivite-interimaire-est-restee-a-un-bas-niveau-en-juin\/","title":{"rendered":"Pas de forte reprise en vue: l&rsquo;activit\u00e9 int\u00e9rimaire est rest\u00e9e \u00e0 un bas niveau en juin."},"content":{"rendered":"<p>Au mois de juin 2024, le nombre d\u2019heures d\u2019int\u00e9rim prest\u00e9es a diminu\u00e9 de -1,83% par rapport au mois pr\u00e9c\u00e9dent (en donn\u00e9es corrig\u00e9es des variations saisonni\u00e8res et des effets de calendrier). Ce chiffre r\u00e9sulte d\u2019une \u00e9volution n\u00e9gative dans les deux segments : le nombre d\u2019heures prest\u00e9es a diminu\u00e9 de -1,61% du c\u00f4t\u00e9 des ouvriers et de -1,28% du c\u00f4t\u00e9 des employ\u00e9s.<!--more--><\/p>\n<p>Par rapport au mois de juin de l\u2019ann\u00e9e pr\u00e9c\u00e9dente, le secteur de l\u2019int\u00e9rim affiche une hausse de +0,24%. Ce chiffre r\u00e9sulte d\u2019une augmentation de +1,13% dans le segment des ouvriers, et d\u2019une diminution de -0,96% dans le segment des employ\u00e9s.<\/p>\n<p>L\u2019indice Federgon a atteint 89,53 points en juin 2024 contre 91,19 points le mois pr\u00e9c\u00e9dent. Cet indice rend compte du niveau de l\u2019activit\u00e9 au cours du mois \u00e9tudi\u00e9 par rapport au mois de janvier 2007 (base 100), en chiffres d\u00e9saisonnalis\u00e9s.<\/p>\n<p>&nbsp;<\/p>\n<p><em>Source: Federgon<\/em><\/p>\n","protected":false},"excerpt":{"rendered":"<p>Au mois de juin 2024, le nombre d\u2019heures d\u2019int\u00e9rim prest\u00e9es a diminu\u00e9 de -1,83% par rapport au mois pr\u00e9c\u00e9dent (en donn\u00e9es corrig\u00e9es des variations saisonni\u00e8res et des effets de calendrier). Ce chiffre r\u00e9sulte d\u2019une \u00e9volution n\u00e9gative dans les deux segments [&hellip;]<\/p>\n","protected":false},"author":2,"featured_media":0,"comment_status":"closed","ping_status":"open","sticky":false,"template":"","format":"standard","meta":[],"categories":[65,10],"tags":[4091,338,124],"yoast_head":"<!-- This site is optimized with the Yoast SEO plugin v21.0 - https:\/\/yoast.com\/wordpress\/plugins\/seo\/ -->\n<title>Pas de forte reprise en vue: l&#039;activit\u00e9 int\u00e9rimaire est rest\u00e9e \u00e0 un bas niveau en juin. - Peoplesphere<\/title>\n<meta name=\"description\" content=\"Pas de forte reprise en vue: l&#039;activit\u00e9 int\u00e9rimaire est rest\u00e9e \u00e0 un bas niveau en juin.\" \/>\n<meta name=\"robots\" content=\"index, follow, max-snippet:-1, max-image-preview:large, max-video-preview:-1\" \/>\n<link rel=\"canonical\" href=\"https:\/\/peoplesphere.be\/fr\/pas-de-forte-reprise-en-vue-lactivite-interimaire-est-restee-a-un-bas-niveau-en-juin\/\" \/>\n<meta property=\"og:locale\" content=\"fr_FR\" \/>\n<meta property=\"og:type\" content=\"article\" \/>\n<meta property=\"og:title\" content=\"Pas de forte reprise en vue: l&#039;activit\u00e9 int\u00e9rimaire est rest\u00e9e \u00e0 un bas niveau en juin. - Peoplesphere\" \/>\n<meta property=\"og:description\" content=\"Pas de forte reprise en vue: l&#039;activit\u00e9 int\u00e9rimaire est rest\u00e9e \u00e0 un bas niveau en juin.\" \/>\n<meta property=\"og:url\" content=\"https:\/\/peoplesphere.be\/fr\/pas-de-forte-reprise-en-vue-lactivite-interimaire-est-restee-a-un-bas-niveau-en-juin\/\" \/>\n<meta property=\"og:site_name\" content=\"Peoplesphere\" \/>\n<meta property=\"article:publisher\" content=\"https:\/\/www.facebook.com\/peoplesphere\" \/>\n<meta property=\"article:published_time\" content=\"2024-07-23T12:34:06+00:00\" \/>\n<meta property=\"og:image\" content=\"http:\/\/www.peoplesphere.be\/fr\/wp-content\/uploads\/2016\/07\/facebook-default-posting-1200x628px.jpg\" \/>\n<meta name=\"author\" content=\"Jean-Paul Erhard\" \/>\n<meta name=\"twitter:card\" content=\"summary_large_image\" \/>\n<meta name=\"twitter:creator\" content=\"@PeoplesphereMag\" \/>\n<meta name=\"twitter:site\" content=\"@PeoplesphereMag\" \/>\n<meta name=\"twitter:label1\" content=\"\u00c9crit par\" \/>\n\t<meta name=\"twitter:data1\" content=\"Jean-Paul Erhard\" \/>\n\t<meta name=\"twitter:label2\" content=\"Dur\u00e9e de lecture estim\u00e9e\" \/>\n\t<meta name=\"twitter:data2\" content=\"1 minute\" \/>\n<script type=\"application\/ld+json\" class=\"yoast-schema-graph\">{\"@context\":\"https:\/\/schema.org\",\"@graph\":[{\"@type\":\"Article\",\"@id\":\"https:\/\/peoplesphere.be\/fr\/pas-de-forte-reprise-en-vue-lactivite-interimaire-est-restee-a-un-bas-niveau-en-juin\/#article\",\"isPartOf\":{\"@id\":\"https:\/\/peoplesphere.be\/fr\/pas-de-forte-reprise-en-vue-lactivite-interimaire-est-restee-a-un-bas-niveau-en-juin\/\"},\"author\":{\"name\":\"Jean-Paul Erhard\",\"@id\":\"https:\/\/peoplesphere.be\/fr\/#\/schema\/person\/7976225ff17988604334abb7b3536a7e\"},\"headline\":\"Pas de forte reprise en vue: l&rsquo;activit\u00e9 int\u00e9rimaire est rest\u00e9e \u00e0 un bas niveau en juin.\",\"datePublished\":\"2024-07-23T12:34:06+00:00\",\"dateModified\":\"2024-07-23T12:34:06+00:00\",\"mainEntityOfPage\":{\"@id\":\"https:\/\/peoplesphere.be\/fr\/pas-de-forte-reprise-en-vue-lactivite-interimaire-est-restee-a-un-bas-niveau-en-juin\/\"},\"wordCount\":184,\"publisher\":{\"@id\":\"https:\/\/peoplesphere.be\/fr\/#organization\"},\"keywords\":[\"activit\u00e9 int\u00e9rim\",\"\u00e9conomie\",\"reprise\"],\"articleSection\":[\"Actualit\u00e9s\",\"Digital\"],\"inLanguage\":\"fr-FR\"},{\"@type\":\"WebPage\",\"@id\":\"https:\/\/peoplesphere.be\/fr\/pas-de-forte-reprise-en-vue-lactivite-interimaire-est-restee-a-un-bas-niveau-en-juin\/\",\"url\":\"https:\/\/peoplesphere.be\/fr\/pas-de-forte-reprise-en-vue-lactivite-interimaire-est-restee-a-un-bas-niveau-en-juin\/\",\"name\":\"Pas de forte reprise en vue: l'activit\u00e9 int\u00e9rimaire est rest\u00e9e \u00e0 un bas niveau en juin. - Peoplesphere\",\"isPartOf\":{\"@id\":\"https:\/\/peoplesphere.be\/fr\/#website\"},\"datePublished\":\"2024-07-23T12:34:06+00:00\",\"dateModified\":\"2024-07-23T12:34:06+00:00\",\"description\":\"Pas de forte reprise en vue: l'activit\u00e9 int\u00e9rimaire est rest\u00e9e \u00e0 un bas niveau en juin.\",\"breadcrumb\":{\"@id\":\"https:\/\/peoplesphere.be\/fr\/pas-de-forte-reprise-en-vue-lactivite-interimaire-est-restee-a-un-bas-niveau-en-juin\/#breadcrumb\"},\"inLanguage\":\"fr-FR\",\"potentialAction\":[{\"@type\":\"ReadAction\",\"target\":[\"https:\/\/peoplesphere.be\/fr\/pas-de-forte-reprise-en-vue-lactivite-interimaire-est-restee-a-un-bas-niveau-en-juin\/\"]}]},{\"@type\":\"BreadcrumbList\",\"@id\":\"https:\/\/peoplesphere.be\/fr\/pas-de-forte-reprise-en-vue-lactivite-interimaire-est-restee-a-un-bas-niveau-en-juin\/#breadcrumb\",\"itemListElement\":[{\"@type\":\"ListItem\",\"position\":1,\"name\":\"Accueil\",\"item\":\"https:\/\/peoplesphere.be\/fr\/\"},{\"@type\":\"ListItem\",\"position\":2,\"name\":\"Pas de forte reprise en vue: l&rsquo;activit\u00e9 int\u00e9rimaire est rest\u00e9e \u00e0 un bas niveau en juin.\"}]},{\"@type\":\"WebSite\",\"@id\":\"https:\/\/peoplesphere.be\/fr\/#website\",\"url\":\"https:\/\/peoplesphere.be\/fr\/\",\"name\":\"Peoplesphere\",\"description\":\"The People Managers Magazine\",\"publisher\":{\"@id\":\"https:\/\/peoplesphere.be\/fr\/#organization\"},\"potentialAction\":[{\"@type\":\"SearchAction\",\"target\":{\"@type\":\"EntryPoint\",\"urlTemplate\":\"https:\/\/peoplesphere.be\/fr\/?s={search_term_string}\"},\"query-input\":\"required name=search_term_string\"}],\"inLanguage\":\"fr-FR\"},{\"@type\":\"Organization\",\"@id\":\"https:\/\/peoplesphere.be\/fr\/#organization\",\"name\":\"Peoplesphere Company srl\",\"url\":\"https:\/\/peoplesphere.be\/fr\/\",\"logo\":{\"@type\":\"ImageObject\",\"inLanguage\":\"fr-FR\",\"@id\":\"https:\/\/peoplesphere.be\/fr\/#\/schema\/logo\/image\/\",\"url\":\"https:\/\/peoplesphere.be\/fr\/wp-content\/uploads\/2023\/07\/peoplesphere-lgo-new-generik.jpg\",\"contentUrl\":\"https:\/\/peoplesphere.be\/fr\/wp-content\/uploads\/2023\/07\/peoplesphere-lgo-new-generik.jpg\",\"width\":1031,\"height\":1479,\"caption\":\"Peoplesphere Company srl\"},\"image\":{\"@id\":\"https:\/\/peoplesphere.be\/fr\/#\/schema\/logo\/image\/\"},\"sameAs\":[\"https:\/\/www.facebook.com\/peoplesphere\",\"https:\/\/twitter.com\/PeoplesphereMag\",\"https:\/\/www.linkedin.com\/company\/7587361?trk\",\"http:\/\/youtube.com\/peoplesphere\"]},{\"@type\":\"Person\",\"@id\":\"https:\/\/peoplesphere.be\/fr\/#\/schema\/person\/7976225ff17988604334abb7b3536a7e\",\"name\":\"Jean-Paul Erhard\",\"image\":{\"@type\":\"ImageObject\",\"inLanguage\":\"fr-FR\",\"@id\":\"https:\/\/peoplesphere.be\/fr\/#\/schema\/person\/image\/\",\"url\":\"https:\/\/secure.gravatar.com\/avatar\/f941e681460179738071629a51574930?s=96&d=mm&r=g\",\"contentUrl\":\"https:\/\/secure.gravatar.com\/avatar\/f941e681460179738071629a51574930?s=96&d=mm&r=g\",\"caption\":\"Jean-Paul Erhard\"},\"url\":\"https:\/\/peoplesphere.be\/fr\/author\/jpe\/\"}]}<\/script>\n<!-- \/ Yoast SEO plugin. -->","yoast_head_json":{"title":"Pas de forte reprise en vue: l'activit\u00e9 int\u00e9rimaire est rest\u00e9e \u00e0 un bas niveau en juin. - Peoplesphere","description":"Pas de forte reprise en vue: l'activit\u00e9 int\u00e9rimaire est rest\u00e9e \u00e0 un bas niveau en juin.","robots":{"index":"index","follow":"follow","max-snippet":"max-snippet:-1","max-image-preview":"max-image-preview:large","max-video-preview":"max-video-preview:-1"},"canonical":"https:\/\/peoplesphere.be\/fr\/pas-de-forte-reprise-en-vue-lactivite-interimaire-est-restee-a-un-bas-niveau-en-juin\/","og_locale":"fr_FR","og_type":"article","og_title":"Pas de forte reprise en vue: l'activit\u00e9 int\u00e9rimaire est rest\u00e9e \u00e0 un bas niveau en juin. - Peoplesphere","og_description":"Pas de forte reprise en vue: l'activit\u00e9 int\u00e9rimaire est rest\u00e9e \u00e0 un bas niveau en juin.","og_url":"https:\/\/peoplesphere.be\/fr\/pas-de-forte-reprise-en-vue-lactivite-interimaire-est-restee-a-un-bas-niveau-en-juin\/","og_site_name":"Peoplesphere","article_publisher":"https:\/\/www.facebook.com\/peoplesphere","article_published_time":"2024-07-23T12:34:06+00:00","og_image":[{"url":"http:\/\/www.peoplesphere.be\/fr\/wp-content\/uploads\/2016\/07\/facebook-default-posting-1200x628px.jpg"}],"author":"Jean-Paul Erhard","twitter_card":"summary_large_image","twitter_creator":"@PeoplesphereMag","twitter_site":"@PeoplesphereMag","twitter_misc":{"\u00c9crit par":"Jean-Paul Erhard","Dur\u00e9e de lecture estim\u00e9e":"1 minute"},"schema":{"@context":"https:\/\/schema.org","@graph":[{"@type":"Article","@id":"https:\/\/peoplesphere.be\/fr\/pas-de-forte-reprise-en-vue-lactivite-interimaire-est-restee-a-un-bas-niveau-en-juin\/#article","isPartOf":{"@id":"https:\/\/peoplesphere.be\/fr\/pas-de-forte-reprise-en-vue-lactivite-interimaire-est-restee-a-un-bas-niveau-en-juin\/"},"author":{"name":"Jean-Paul Erhard","@id":"https:\/\/peoplesphere.be\/fr\/#\/schema\/person\/7976225ff17988604334abb7b3536a7e"},"headline":"Pas de forte reprise en vue: l&rsquo;activit\u00e9 int\u00e9rimaire est rest\u00e9e \u00e0 un bas niveau en juin.","datePublished":"2024-07-23T12:34:06+00:00","dateModified":"2024-07-23T12:34:06+00:00","mainEntityOfPage":{"@id":"https:\/\/peoplesphere.be\/fr\/pas-de-forte-reprise-en-vue-lactivite-interimaire-est-restee-a-un-bas-niveau-en-juin\/"},"wordCount":184,"publisher":{"@id":"https:\/\/peoplesphere.be\/fr\/#organization"},"keywords":["activit\u00e9 int\u00e9rim","\u00e9conomie","reprise"],"articleSection":["Actualit\u00e9s","Digital"],"inLanguage":"fr-FR"},{"@type":"WebPage","@id":"https:\/\/peoplesphere.be\/fr\/pas-de-forte-reprise-en-vue-lactivite-interimaire-est-restee-a-un-bas-niveau-en-juin\/","url":"https:\/\/peoplesphere.be\/fr\/pas-de-forte-reprise-en-vue-lactivite-interimaire-est-restee-a-un-bas-niveau-en-juin\/","name":"Pas de forte reprise en vue: l'activit\u00e9 int\u00e9rimaire est rest\u00e9e \u00e0 un bas niveau en juin. - Peoplesphere","isPartOf":{"@id":"https:\/\/peoplesphere.be\/fr\/#website"},"datePublished":"2024-07-23T12:34:06+00:00","dateModified":"2024-07-23T12:34:06+00:00","description":"Pas de forte reprise en vue: l'activit\u00e9 int\u00e9rimaire est rest\u00e9e \u00e0 un bas niveau en juin.","breadcrumb":{"@id":"https:\/\/peoplesphere.be\/fr\/pas-de-forte-reprise-en-vue-lactivite-interimaire-est-restee-a-un-bas-niveau-en-juin\/#breadcrumb"},"inLanguage":"fr-FR","potentialAction":[{"@type":"ReadAction","target":["https:\/\/peoplesphere.be\/fr\/pas-de-forte-reprise-en-vue-lactivite-interimaire-est-restee-a-un-bas-niveau-en-juin\/"]}]},{"@type":"BreadcrumbList","@id":"https:\/\/peoplesphere.be\/fr\/pas-de-forte-reprise-en-vue-lactivite-interimaire-est-restee-a-un-bas-niveau-en-juin\/#breadcrumb","itemListElement":[{"@type":"ListItem","position":1,"name":"Accueil","item":"https:\/\/peoplesphere.be\/fr\/"},{"@type":"ListItem","position":2,"name":"Pas de forte reprise en vue: l&rsquo;activit\u00e9 int\u00e9rimaire est rest\u00e9e \u00e0 un bas niveau en juin."}]},{"@type":"WebSite","@id":"https:\/\/peoplesphere.be\/fr\/#website","url":"https:\/\/peoplesphere.be\/fr\/","name":"Peoplesphere","description":"The People Managers Magazine","publisher":{"@id":"https:\/\/peoplesphere.be\/fr\/#organization"},"potentialAction":[{"@type":"SearchAction","target":{"@type":"EntryPoint","urlTemplate":"https:\/\/peoplesphere.be\/fr\/?s={search_term_string}"},"query-input":"required name=search_term_string"}],"inLanguage":"fr-FR"},{"@type":"Organization","@id":"https:\/\/peoplesphere.be\/fr\/#organization","name":"Peoplesphere Company srl","url":"https:\/\/peoplesphere.be\/fr\/","logo":{"@type":"ImageObject","inLanguage":"fr-FR","@id":"https:\/\/peoplesphere.be\/fr\/#\/schema\/logo\/image\/","url":"https:\/\/peoplesphere.be\/fr\/wp-content\/uploads\/2023\/07\/peoplesphere-lgo-new-generik.jpg","contentUrl":"https:\/\/peoplesphere.be\/fr\/wp-content\/uploads\/2023\/07\/peoplesphere-lgo-new-generik.jpg","width":1031,"height":1479,"caption":"Peoplesphere Company srl"},"image":{"@id":"https:\/\/peoplesphere.be\/fr\/#\/schema\/logo\/image\/"},"sameAs":["https:\/\/www.facebook.com\/peoplesphere","https:\/\/twitter.com\/PeoplesphereMag","https:\/\/www.linkedin.com\/company\/7587361?trk","http:\/\/youtube.com\/peoplesphere"]},{"@type":"Person","@id":"https:\/\/peoplesphere.be\/fr\/#\/schema\/person\/7976225ff17988604334abb7b3536a7e","name":"Jean-Paul Erhard","image":{"@type":"ImageObject","inLanguage":"fr-FR","@id":"https:\/\/peoplesphere.be\/fr\/#\/schema\/person\/image\/","url":"https:\/\/secure.gravatar.com\/avatar\/f941e681460179738071629a51574930?s=96&d=mm&r=g","contentUrl":"https:\/\/secure.gravatar.com\/avatar\/f941e681460179738071629a51574930?s=96&d=mm&r=g","caption":"Jean-Paul Erhard"},"url":"https:\/\/peoplesphere.be\/fr\/author\/jpe\/"}]}},"_links":{"self":[{"href":"https:\/\/peoplesphere.be\/fr\/wp-json\/wp\/v2\/posts\/16479"}],"collection":[{"href":"https:\/\/peoplesphere.be\/fr\/wp-json\/wp\/v2\/posts"}],"about":[{"href":"https:\/\/peoplesphere.be\/fr\/wp-json\/wp\/v2\/types\/post"}],"author":[{"embeddable":true,"href":"https:\/\/peoplesphere.be\/fr\/wp-json\/wp\/v2\/users\/2"}],"replies":[{"embeddable":true,"href":"https:\/\/peoplesphere.be\/fr\/wp-json\/wp\/v2\/comments?post=16479"}],"version-history":[{"count":1,"href":"https:\/\/peoplesphere.be\/fr\/wp-json\/wp\/v2\/posts\/16479\/revisions"}],"predecessor-version":[{"id":16480,"href":"https:\/\/peoplesphere.be\/fr\/wp-json\/wp\/v2\/posts\/16479\/revisions\/16480"}],"wp:attachment":[{"href":"https:\/\/peoplesphere.be\/fr\/wp-json\/wp\/v2\/media?parent=16479"}],"wp:term":[{"taxonomy":"category","embeddable":true,"href":"https:\/\/peoplesphere.be\/fr\/wp-json\/wp\/v2\/categories?post=16479"},{"taxonomy":"post_tag","embeddable":true,"href":"https:\/\/peoplesphere.be\/fr\/wp-json\/wp\/v2\/tags?post=16479"}],"curies":[{"name":"wp","href":"https:\/\/api.w.org\/{rel}","templated":true}]}}