









{"id":16483,"date":"2024-07-24T07:17:09","date_gmt":"2024-07-24T05:17:09","guid":{"rendered":"https:\/\/peoplesphere.be\/fr\/?p=16483"},"modified":"2024-07-24T07:17:09","modified_gmt":"2024-07-24T05:17:09","slug":"dette-publique-en-hausse-dans-lunion-europeenne-la-belgique-dans-le-top-5-des-pays-les-plus-endettes","status":"publish","type":"post","link":"https:\/\/peoplesphere.be\/fr\/dette-publique-en-hausse-dans-lunion-europeenne-la-belgique-dans-le-top-5-des-pays-les-plus-endettes\/","title":{"rendered":"Dette publique en hausse dans l&rsquo;Union europ\u00e9enne: la Belgique dans le &lsquo;top 5&rsquo; des pays les plus endett\u00e9s."},"content":{"rendered":"<p>\u00c0 la fin du premier trimestre 2024, le ratio de la dette brute des administrations publiques par rapport au PIB dans la zone euro (ZE20) s\u2019est \u00e9tabli \u00e0 88,7% contre 88,2% \u00e0 la fin du quatri\u00e8me trimestre 2023. Dans l\u2019UE, le ratio a \u00e9galement augment\u00e9, passant de 81,5% \u00e0 82,0%.<!--more--><\/p>\n<p>Par rapport au premier trimestre 2023, le ratio de la dette publique par rapport au PIB a diminu\u00e9 tant dans la zone euro (de 90,1% \u00e0 88,7%) que dans l\u2019UE (de 83,0% \u00e0 82,0%).<\/p>\n<p>\u00c0 la fin du premier trimestre 2024, la dette des administrations publiques \u00e9tait compos\u00e9e par 83,9% de titres de cr\u00e9ances dans la zone euro et 83,4% dans l\u2019UE,13,6% de cr\u00e9dits dans la zone euro et 14,0% dans l\u2019UE et 2,6% du num\u00e9raire et des d\u00e9p\u00f4ts dans la zone euro et dans l\u2019UE.<\/p>\n<p>En raison de l&rsquo;implication des gouvernements de l&rsquo;UE dans les pr\u00eats accord\u00e9s \u00e0 certains \u00c9tats membres, des donn\u00e9es trimestrielles sur les pr\u00eats intergouvernementaux sont \u00e9galement publi\u00e9es. \u00c0 la fin du premier trimestre 2024, la part des pr\u00eats intergouvernementaux en pourcentage du PIB repr\u00e9sentait 1,4% dans la zone euro et 1,2% dans l\u2019UE.<\/p>\n<h3><strong><em>Dette publique par \u00c9tat membre \u00e0 la fin du premier trimestre 2024<\/em><\/strong><\/h3>\n<p>Les ratios les plus \u00e9lev\u00e9s de la dette publique par rapport au PIB \u00e0 la fin du premier trimestre 2024 ont \u00e9t\u00e9 enregistr\u00e9s en Gr\u00e8ce (159,8%), en Italie (137,7%), en France (110,8%), en Espagne (108,9%), en Belgique (108,2%) et au Portugal (100,4%), et les plus faibles en Bulgarie (22,6%), en Estonie (23,6%) et au Luxembourg (27,2%).<\/p>\n<p>Par rapport au quatri\u00e8me trimestre 2023, vingt \u00c9tats membres ont enregistr\u00e9 une hausse de leur ratio de la dette publique par rapport au PIB \u00e0 la fin du premier trimestre 2024 et sept ont enregistr\u00e9 une baisse. Les plus fortes hausses ont \u00e9t\u00e9 observ\u00e9es en Slovaquie (+4,6 points de pourcentage \u2013 pp), en Estonie (+4,0 pp), en Belgique (+3,1 pp), en Roumanie (+2,8 pp), en Hongrie (+2,5 pp) et en Autriche (+2,1 pp), tandis que les baisses ont \u00e9t\u00e9 enregistr\u00e9es en Gr\u00e8ce (-2,1 pp), \u00e0 Chypre et aux Pays-Bas (-1,2 pp chacun), en Su\u00e8de et en Irlande (-0,8 pp chacune), en Bulgarie (-0,5 pp) et en Allemagne (-0,2 pp).<\/p>\n<p>Par rapport au premier trimestre 2023, douze \u00c9tats membres ont enregistr\u00e9 une hausse de leur ratio de la dette publique par rapport au PIB \u00e0 la fin du premier trimestre 2024, quatorze ont affich\u00e9 une baisse, tandis que le ratio est rest\u00e9 stable en Irlande. Les plus fortes hausses ont \u00e9t\u00e9 observ\u00e9es en Estonie (+6,3 pp), en Finlande (+4,2 pp), en Pologne (+3,3 pp), en Slovaquie (+2,7 pp), en Roumanie (+2,2 pp), en Lituanie (+2,1 pp) et en Belgique (+2,0 pp). Les baisses les plus fortes ont \u00e9t\u00e9 enregistr\u00e9es au Portugal (\u201112,0 pp), en Gr\u00e8ce (-9,6 pp), \u00e0 Chypre (-6,8 pp), en Croatie (\u20115,3 pp), aux Pays-Bas (-2,8 pp), en Espagne et en Allemagne (-2,2 pp chacune).<\/p>\n<p>&nbsp;<\/p>\n<p><em>Source: ces chiffres sont publi\u00e9s par Eurostat, l&rsquo;office statistique de l&rsquo;Union europ\u00e9enne.<\/em><\/p>\n","protected":false},"excerpt":{"rendered":"<p>\u00c0 la fin du premier trimestre 2024, le ratio de la dette brute des administrations publiques par rapport au PIB dans la zone euro (ZE20) s\u2019est \u00e9tabli \u00e0 88,7% contre 88,2% \u00e0 la fin du quatri\u00e8me trimestre 2023. Dans l\u2019UE, [&hellip;]<\/p>\n","protected":false},"author":2,"featured_media":0,"comment_status":"closed","ping_status":"open","sticky":false,"template":"","format":"standard","meta":[],"categories":[65,10],"tags":[2507,4093],"yoast_head":"<!-- This site is optimized with the Yoast SEO plugin v21.0 - https:\/\/yoast.com\/wordpress\/plugins\/seo\/ -->\n<title>Dette publique en hausse dans l&#039;Union europ\u00e9enne: la Belgique dans le &#039;top 5&#039; des pays les plus endett\u00e9s. - Peoplesphere<\/title>\n<meta name=\"robots\" content=\"index, follow, max-snippet:-1, max-image-preview:large, max-video-preview:-1\" \/>\n<link rel=\"canonical\" href=\"https:\/\/peoplesphere.be\/fr\/dette-publique-en-hausse-dans-lunion-europeenne-la-belgique-dans-le-top-5-des-pays-les-plus-endettes\/\" \/>\n<meta property=\"og:locale\" content=\"fr_FR\" \/>\n<meta property=\"og:type\" content=\"article\" \/>\n<meta property=\"og:title\" content=\"Dette publique en hausse dans l&#039;Union europ\u00e9enne: la Belgique dans le &#039;top 5&#039; des pays les plus endett\u00e9s. - Peoplesphere\" \/>\n<meta property=\"og:description\" content=\"\u00c0 la fin du premier trimestre 2024, le ratio de la dette brute des administrations publiques par rapport au PIB dans la zone euro (ZE20) s\u2019est \u00e9tabli \u00e0 88,7% contre 88,2% \u00e0 la fin du quatri\u00e8me trimestre 2023. Dans l\u2019UE, [&hellip;]\" \/>\n<meta property=\"og:url\" content=\"https:\/\/peoplesphere.be\/fr\/dette-publique-en-hausse-dans-lunion-europeenne-la-belgique-dans-le-top-5-des-pays-les-plus-endettes\/\" \/>\n<meta property=\"og:site_name\" content=\"Peoplesphere\" \/>\n<meta property=\"article:publisher\" content=\"https:\/\/www.facebook.com\/peoplesphere\" \/>\n<meta property=\"article:published_time\" content=\"2024-07-24T05:17:09+00:00\" \/>\n<meta property=\"og:image\" content=\"http:\/\/www.peoplesphere.be\/fr\/wp-content\/uploads\/2016\/07\/facebook-default-posting-1200x628px.jpg\" \/>\n<meta name=\"author\" content=\"Jean-Paul Erhard\" \/>\n<meta name=\"twitter:card\" content=\"summary_large_image\" \/>\n<meta name=\"twitter:creator\" content=\"@PeoplesphereMag\" \/>\n<meta name=\"twitter:site\" content=\"@PeoplesphereMag\" \/>\n<meta name=\"twitter:label1\" content=\"\u00c9crit par\" \/>\n\t<meta name=\"twitter:data1\" content=\"Jean-Paul Erhard\" \/>\n\t<meta name=\"twitter:label2\" content=\"Dur\u00e9e de lecture estim\u00e9e\" \/>\n\t<meta name=\"twitter:data2\" content=\"3 minutes\" \/>\n<script type=\"application\/ld+json\" class=\"yoast-schema-graph\">{\"@context\":\"https:\/\/schema.org\",\"@graph\":[{\"@type\":\"Article\",\"@id\":\"https:\/\/peoplesphere.be\/fr\/dette-publique-en-hausse-dans-lunion-europeenne-la-belgique-dans-le-top-5-des-pays-les-plus-endettes\/#article\",\"isPartOf\":{\"@id\":\"https:\/\/peoplesphere.be\/fr\/dette-publique-en-hausse-dans-lunion-europeenne-la-belgique-dans-le-top-5-des-pays-les-plus-endettes\/\"},\"author\":{\"name\":\"Jean-Paul Erhard\",\"@id\":\"https:\/\/peoplesphere.be\/fr\/#\/schema\/person\/7976225ff17988604334abb7b3536a7e\"},\"headline\":\"Dette publique en hausse dans l&rsquo;Union europ\u00e9enne: la Belgique dans le &lsquo;top 5&rsquo; des pays les plus endett\u00e9s.\",\"datePublished\":\"2024-07-24T05:17:09+00:00\",\"dateModified\":\"2024-07-24T05:17:09+00:00\",\"mainEntityOfPage\":{\"@id\":\"https:\/\/peoplesphere.be\/fr\/dette-publique-en-hausse-dans-lunion-europeenne-la-belgique-dans-le-top-5-des-pays-les-plus-endettes\/\"},\"wordCount\":484,\"publisher\":{\"@id\":\"https:\/\/peoplesphere.be\/fr\/#organization\"},\"keywords\":[\"dette publique\",\"finances\"],\"articleSection\":[\"Actualit\u00e9s\",\"Digital\"],\"inLanguage\":\"fr-FR\"},{\"@type\":\"WebPage\",\"@id\":\"https:\/\/peoplesphere.be\/fr\/dette-publique-en-hausse-dans-lunion-europeenne-la-belgique-dans-le-top-5-des-pays-les-plus-endettes\/\",\"url\":\"https:\/\/peoplesphere.be\/fr\/dette-publique-en-hausse-dans-lunion-europeenne-la-belgique-dans-le-top-5-des-pays-les-plus-endettes\/\",\"name\":\"Dette publique en hausse dans l'Union europ\u00e9enne: la Belgique dans le 'top 5' des pays les plus endett\u00e9s. - Peoplesphere\",\"isPartOf\":{\"@id\":\"https:\/\/peoplesphere.be\/fr\/#website\"},\"datePublished\":\"2024-07-24T05:17:09+00:00\",\"dateModified\":\"2024-07-24T05:17:09+00:00\",\"breadcrumb\":{\"@id\":\"https:\/\/peoplesphere.be\/fr\/dette-publique-en-hausse-dans-lunion-europeenne-la-belgique-dans-le-top-5-des-pays-les-plus-endettes\/#breadcrumb\"},\"inLanguage\":\"fr-FR\",\"potentialAction\":[{\"@type\":\"ReadAction\",\"target\":[\"https:\/\/peoplesphere.be\/fr\/dette-publique-en-hausse-dans-lunion-europeenne-la-belgique-dans-le-top-5-des-pays-les-plus-endettes\/\"]}]},{\"@type\":\"BreadcrumbList\",\"@id\":\"https:\/\/peoplesphere.be\/fr\/dette-publique-en-hausse-dans-lunion-europeenne-la-belgique-dans-le-top-5-des-pays-les-plus-endettes\/#breadcrumb\",\"itemListElement\":[{\"@type\":\"ListItem\",\"position\":1,\"name\":\"Accueil\",\"item\":\"https:\/\/peoplesphere.be\/fr\/\"},{\"@type\":\"ListItem\",\"position\":2,\"name\":\"Dette publique en hausse dans l&rsquo;Union europ\u00e9enne: la Belgique dans le &lsquo;top 5&rsquo; des pays les plus endett\u00e9s.\"}]},{\"@type\":\"WebSite\",\"@id\":\"https:\/\/peoplesphere.be\/fr\/#website\",\"url\":\"https:\/\/peoplesphere.be\/fr\/\",\"name\":\"Peoplesphere\",\"description\":\"The People Managers Magazine\",\"publisher\":{\"@id\":\"https:\/\/peoplesphere.be\/fr\/#organization\"},\"potentialAction\":[{\"@type\":\"SearchAction\",\"target\":{\"@type\":\"EntryPoint\",\"urlTemplate\":\"https:\/\/peoplesphere.be\/fr\/?s={search_term_string}\"},\"query-input\":\"required name=search_term_string\"}],\"inLanguage\":\"fr-FR\"},{\"@type\":\"Organization\",\"@id\":\"https:\/\/peoplesphere.be\/fr\/#organization\",\"name\":\"Peoplesphere Company srl\",\"url\":\"https:\/\/peoplesphere.be\/fr\/\",\"logo\":{\"@type\":\"ImageObject\",\"inLanguage\":\"fr-FR\",\"@id\":\"https:\/\/peoplesphere.be\/fr\/#\/schema\/logo\/image\/\",\"url\":\"https:\/\/peoplesphere.be\/fr\/wp-content\/uploads\/2023\/07\/peoplesphere-lgo-new-generik.jpg\",\"contentUrl\":\"https:\/\/peoplesphere.be\/fr\/wp-content\/uploads\/2023\/07\/peoplesphere-lgo-new-generik.jpg\",\"width\":1031,\"height\":1479,\"caption\":\"Peoplesphere Company srl\"},\"image\":{\"@id\":\"https:\/\/peoplesphere.be\/fr\/#\/schema\/logo\/image\/\"},\"sameAs\":[\"https:\/\/www.facebook.com\/peoplesphere\",\"https:\/\/twitter.com\/PeoplesphereMag\",\"https:\/\/www.linkedin.com\/company\/7587361?trk\",\"http:\/\/youtube.com\/peoplesphere\"]},{\"@type\":\"Person\",\"@id\":\"https:\/\/peoplesphere.be\/fr\/#\/schema\/person\/7976225ff17988604334abb7b3536a7e\",\"name\":\"Jean-Paul Erhard\",\"image\":{\"@type\":\"ImageObject\",\"inLanguage\":\"fr-FR\",\"@id\":\"https:\/\/peoplesphere.be\/fr\/#\/schema\/person\/image\/\",\"url\":\"https:\/\/secure.gravatar.com\/avatar\/f941e681460179738071629a51574930?s=96&d=mm&r=g\",\"contentUrl\":\"https:\/\/secure.gravatar.com\/avatar\/f941e681460179738071629a51574930?s=96&d=mm&r=g\",\"caption\":\"Jean-Paul Erhard\"},\"url\":\"https:\/\/peoplesphere.be\/fr\/author\/jpe\/\"}]}<\/script>\n<!-- \/ Yoast SEO plugin. -->","yoast_head_json":{"title":"Dette publique en hausse dans l'Union europ\u00e9enne: la Belgique dans le 'top 5' des pays les plus endett\u00e9s. - Peoplesphere","robots":{"index":"index","follow":"follow","max-snippet":"max-snippet:-1","max-image-preview":"max-image-preview:large","max-video-preview":"max-video-preview:-1"},"canonical":"https:\/\/peoplesphere.be\/fr\/dette-publique-en-hausse-dans-lunion-europeenne-la-belgique-dans-le-top-5-des-pays-les-plus-endettes\/","og_locale":"fr_FR","og_type":"article","og_title":"Dette publique en hausse dans l'Union europ\u00e9enne: la Belgique dans le 'top 5' des pays les plus endett\u00e9s. - Peoplesphere","og_description":"\u00c0 la fin du premier trimestre 2024, le ratio de la dette brute des administrations publiques par rapport au PIB dans la zone euro (ZE20) s\u2019est \u00e9tabli \u00e0 88,7% contre 88,2% \u00e0 la fin du quatri\u00e8me trimestre 2023. Dans l\u2019UE, [&hellip;]","og_url":"https:\/\/peoplesphere.be\/fr\/dette-publique-en-hausse-dans-lunion-europeenne-la-belgique-dans-le-top-5-des-pays-les-plus-endettes\/","og_site_name":"Peoplesphere","article_publisher":"https:\/\/www.facebook.com\/peoplesphere","article_published_time":"2024-07-24T05:17:09+00:00","og_image":[{"url":"http:\/\/www.peoplesphere.be\/fr\/wp-content\/uploads\/2016\/07\/facebook-default-posting-1200x628px.jpg"}],"author":"Jean-Paul Erhard","twitter_card":"summary_large_image","twitter_creator":"@PeoplesphereMag","twitter_site":"@PeoplesphereMag","twitter_misc":{"\u00c9crit par":"Jean-Paul Erhard","Dur\u00e9e de lecture estim\u00e9e":"3 minutes"},"schema":{"@context":"https:\/\/schema.org","@graph":[{"@type":"Article","@id":"https:\/\/peoplesphere.be\/fr\/dette-publique-en-hausse-dans-lunion-europeenne-la-belgique-dans-le-top-5-des-pays-les-plus-endettes\/#article","isPartOf":{"@id":"https:\/\/peoplesphere.be\/fr\/dette-publique-en-hausse-dans-lunion-europeenne-la-belgique-dans-le-top-5-des-pays-les-plus-endettes\/"},"author":{"name":"Jean-Paul Erhard","@id":"https:\/\/peoplesphere.be\/fr\/#\/schema\/person\/7976225ff17988604334abb7b3536a7e"},"headline":"Dette publique en hausse dans l&rsquo;Union europ\u00e9enne: la Belgique dans le &lsquo;top 5&rsquo; des pays les plus endett\u00e9s.","datePublished":"2024-07-24T05:17:09+00:00","dateModified":"2024-07-24T05:17:09+00:00","mainEntityOfPage":{"@id":"https:\/\/peoplesphere.be\/fr\/dette-publique-en-hausse-dans-lunion-europeenne-la-belgique-dans-le-top-5-des-pays-les-plus-endettes\/"},"wordCount":484,"publisher":{"@id":"https:\/\/peoplesphere.be\/fr\/#organization"},"keywords":["dette publique","finances"],"articleSection":["Actualit\u00e9s","Digital"],"inLanguage":"fr-FR"},{"@type":"WebPage","@id":"https:\/\/peoplesphere.be\/fr\/dette-publique-en-hausse-dans-lunion-europeenne-la-belgique-dans-le-top-5-des-pays-les-plus-endettes\/","url":"https:\/\/peoplesphere.be\/fr\/dette-publique-en-hausse-dans-lunion-europeenne-la-belgique-dans-le-top-5-des-pays-les-plus-endettes\/","name":"Dette publique en hausse dans l'Union europ\u00e9enne: la Belgique dans le 'top 5' des pays les plus endett\u00e9s. - Peoplesphere","isPartOf":{"@id":"https:\/\/peoplesphere.be\/fr\/#website"},"datePublished":"2024-07-24T05:17:09+00:00","dateModified":"2024-07-24T05:17:09+00:00","breadcrumb":{"@id":"https:\/\/peoplesphere.be\/fr\/dette-publique-en-hausse-dans-lunion-europeenne-la-belgique-dans-le-top-5-des-pays-les-plus-endettes\/#breadcrumb"},"inLanguage":"fr-FR","potentialAction":[{"@type":"ReadAction","target":["https:\/\/peoplesphere.be\/fr\/dette-publique-en-hausse-dans-lunion-europeenne-la-belgique-dans-le-top-5-des-pays-les-plus-endettes\/"]}]},{"@type":"BreadcrumbList","@id":"https:\/\/peoplesphere.be\/fr\/dette-publique-en-hausse-dans-lunion-europeenne-la-belgique-dans-le-top-5-des-pays-les-plus-endettes\/#breadcrumb","itemListElement":[{"@type":"ListItem","position":1,"name":"Accueil","item":"https:\/\/peoplesphere.be\/fr\/"},{"@type":"ListItem","position":2,"name":"Dette publique en hausse dans l&rsquo;Union europ\u00e9enne: la Belgique dans le &lsquo;top 5&rsquo; des pays les plus endett\u00e9s."}]},{"@type":"WebSite","@id":"https:\/\/peoplesphere.be\/fr\/#website","url":"https:\/\/peoplesphere.be\/fr\/","name":"Peoplesphere","description":"The People Managers Magazine","publisher":{"@id":"https:\/\/peoplesphere.be\/fr\/#organization"},"potentialAction":[{"@type":"SearchAction","target":{"@type":"EntryPoint","urlTemplate":"https:\/\/peoplesphere.be\/fr\/?s={search_term_string}"},"query-input":"required name=search_term_string"}],"inLanguage":"fr-FR"},{"@type":"Organization","@id":"https:\/\/peoplesphere.be\/fr\/#organization","name":"Peoplesphere Company srl","url":"https:\/\/peoplesphere.be\/fr\/","logo":{"@type":"ImageObject","inLanguage":"fr-FR","@id":"https:\/\/peoplesphere.be\/fr\/#\/schema\/logo\/image\/","url":"https:\/\/peoplesphere.be\/fr\/wp-content\/uploads\/2023\/07\/peoplesphere-lgo-new-generik.jpg","contentUrl":"https:\/\/peoplesphere.be\/fr\/wp-content\/uploads\/2023\/07\/peoplesphere-lgo-new-generik.jpg","width":1031,"height":1479,"caption":"Peoplesphere Company srl"},"image":{"@id":"https:\/\/peoplesphere.be\/fr\/#\/schema\/logo\/image\/"},"sameAs":["https:\/\/www.facebook.com\/peoplesphere","https:\/\/twitter.com\/PeoplesphereMag","https:\/\/www.linkedin.com\/company\/7587361?trk","http:\/\/youtube.com\/peoplesphere"]},{"@type":"Person","@id":"https:\/\/peoplesphere.be\/fr\/#\/schema\/person\/7976225ff17988604334abb7b3536a7e","name":"Jean-Paul Erhard","image":{"@type":"ImageObject","inLanguage":"fr-FR","@id":"https:\/\/peoplesphere.be\/fr\/#\/schema\/person\/image\/","url":"https:\/\/secure.gravatar.com\/avatar\/f941e681460179738071629a51574930?s=96&d=mm&r=g","contentUrl":"https:\/\/secure.gravatar.com\/avatar\/f941e681460179738071629a51574930?s=96&d=mm&r=g","caption":"Jean-Paul Erhard"},"url":"https:\/\/peoplesphere.be\/fr\/author\/jpe\/"}]}},"_links":{"self":[{"href":"https:\/\/peoplesphere.be\/fr\/wp-json\/wp\/v2\/posts\/16483"}],"collection":[{"href":"https:\/\/peoplesphere.be\/fr\/wp-json\/wp\/v2\/posts"}],"about":[{"href":"https:\/\/peoplesphere.be\/fr\/wp-json\/wp\/v2\/types\/post"}],"author":[{"embeddable":true,"href":"https:\/\/peoplesphere.be\/fr\/wp-json\/wp\/v2\/users\/2"}],"replies":[{"embeddable":true,"href":"https:\/\/peoplesphere.be\/fr\/wp-json\/wp\/v2\/comments?post=16483"}],"version-history":[{"count":1,"href":"https:\/\/peoplesphere.be\/fr\/wp-json\/wp\/v2\/posts\/16483\/revisions"}],"predecessor-version":[{"id":16484,"href":"https:\/\/peoplesphere.be\/fr\/wp-json\/wp\/v2\/posts\/16483\/revisions\/16484"}],"wp:attachment":[{"href":"https:\/\/peoplesphere.be\/fr\/wp-json\/wp\/v2\/media?parent=16483"}],"wp:term":[{"taxonomy":"category","embeddable":true,"href":"https:\/\/peoplesphere.be\/fr\/wp-json\/wp\/v2\/categories?post=16483"},{"taxonomy":"post_tag","embeddable":true,"href":"https:\/\/peoplesphere.be\/fr\/wp-json\/wp\/v2\/tags?post=16483"}],"curies":[{"name":"wp","href":"https:\/\/api.w.org\/{rel}","templated":true}]}}