









{"id":16513,"date":"2024-07-31T05:03:13","date_gmt":"2024-07-31T03:03:13","guid":{"rendered":"https:\/\/peoplesphere.be\/fr\/?p=16513"},"modified":"2024-07-31T05:03:13","modified_gmt":"2024-07-31T03:03:13","slug":"stress-thermique-cest-en-europe-et-en-asie-centrale-que-les-conditions-de-travail-se-deteriorent-le-plus-rapidement","status":"publish","type":"post","link":"https:\/\/peoplesphere.be\/fr\/stress-thermique-cest-en-europe-et-en-asie-centrale-que-les-conditions-de-travail-se-deteriorent-le-plus-rapidement\/","title":{"rendered":"Stress thermique : c&rsquo;est en Europe et en Asie centrale que les conditions de travail se d\u00e9t\u00e9riorent le plus rapidement."},"content":{"rendered":"<p>Le stress thermique accable un nombre croissant de travailleurs dans le monde. La chaleur est un tueur silencieux qui menace la sant\u00e9 et la vie de plus en plus de travailleurs dans toutes les r\u00e9gions du monde, affirme un nouveau rapport de l\u2019OIT.<!--more--><\/p>\n<p>Un nouveau rapport de l&rsquo;Organisation internationale du Travail (OIT), Heat at work: Implications for safety and health, (La chaleur au travail: Implications pour la s\u00e9curit\u00e9 et la sant\u00e9), met en garde contre l&rsquo;augmentation du nombre de travailleurs expos\u00e9s au stress thermique dans le monde. Les nouvelles donn\u00e9es r\u00e9v\u00e8lent que les r\u00e9gions qui n&rsquo;\u00e9taient pas habitu\u00e9es \u00e0 des chaleurs extr\u00eames seront confront\u00e9es \u00e0 des risques accrus, tandis que les travailleurs des climats d\u00e9j\u00e0 chauds seront confront\u00e9s \u00e0 des conditions de plus en plus dangereuses.<\/p>\n<p>Le stress thermique est un tueur invisible et silencieux qui peut rapidement provoquer une maladie, un coup de chaleur ou m\u00eame la mort. Avec le temps, il peut \u00e9galement entra\u00eener de graves probl\u00e8mes cardiaques, pulmonaires et r\u00e9naux chez les travailleurs, souligne l&rsquo;\u00e9tude.<\/p>\n<p>Le rapport indique que les travailleurs d&rsquo;Afrique, des \u00c9tats arabes et d&rsquo;Asie-Pacifique sont le plus souvent expos\u00e9s \u00e0 une chaleur excessive. Dans ces r\u00e9gions, 92,9 pour cent, 83,6 pour cent et 74,7 pour cent de la main-d&rsquo;\u0153uvre sont concern\u00e9s, respectivement. Ces chiffres sont sup\u00e9rieurs \u00e0 la moyenne mondiale de 71 pour cent, selon les donn\u00e9es les plus r\u00e9centes disponibles (2020).<\/p>\n<p>Selon le rapport, c&rsquo;est en Europe et en Asie centrale que les conditions de travail \u00e9voluent le plus rapidement. Entre 2000 et 2020, cette r\u00e9gion a enregistr\u00e9 la plus forte augmentation de l&rsquo;exposition \u00e0 la chaleur excessive, la proportion de travailleurs concern\u00e9s ayant augment\u00e9 de 17,3 pour cent, soit pr\u00e8s du double de l&rsquo;augmentation moyenne mondiale.<\/p>\n<p>Parall\u00e8lement, les Am\u00e9riques et l&rsquo;Europe et l&rsquo;Asie centrale enregistrent la plus forte hausse des accidents du travail dus au stress thermique depuis l&rsquo;an 2000, avec des augmentations respectives de 33,3 pour cent et 16,4 pour cent. Cela est peut-\u00eatre d\u00fb \u00e0 des temp\u00e9ratures plus \u00e9lev\u00e9es dans des r\u00e9gions o\u00f9 les travailleurs ne sont pas habitu\u00e9s \u00e0 la chaleur, note le rapport.<\/p>\n<p>Le rapport estime que 4.200 travailleurs dans le monde ont perdu la vie \u00e0 cause des vagues de chaleur en 2020. Au total, 231 millions de travailleurs ont \u00e9t\u00e9 expos\u00e9s aux vagues de chaleur en 2020, soit une augmentation de 66 pour cent par rapport \u00e0 2000. N\u00e9anmoins, le rapport souligne que neuf travailleurs sur dix dans le monde ont \u00e9t\u00e9 expos\u00e9s \u00e0 une chaleur excessive en dehors d&rsquo;une vague de chaleur et que huit accidents du travail sur dix dus \u00e0 une chaleur extr\u00eame se sont produits en dehors des vagues de chaleur.<\/p>\n<p>La chaleur excessive cr\u00e9e des d\u00e9fis sans pr\u00e9c\u00e9dent pour les travailleurs du monde entier tout au long de l&rsquo;ann\u00e9e, et pas seulement pendant les p\u00e9riodes de canicules intenses.<\/p>\n<p>\u00ab\u00a0<em>Alors que le monde continue de lutter contre la hausse des temp\u00e9ratures, nous devons prot\u00e9ger les travailleurs contre le stress thermique tout au long de l&rsquo;ann\u00e9e. La chaleur excessive cr\u00e9e des d\u00e9fis sans pr\u00e9c\u00e9dent pour les travailleurs du monde entier tout au long de l&rsquo;ann\u00e9e, et pas seulement pendant les p\u00e9riodes de canicules intenses\u00a0\u00bb,<\/em> a d\u00e9clar\u00e9 Gilbert F. Houngbo, Directeur g\u00e9n\u00e9ral de l\u2019OIT.<\/p>\n<p>L&rsquo;am\u00e9lioration des mesures de s\u00e9curit\u00e9 et de sant\u00e9 pour pr\u00e9venir les blessures dues \u00e0 la chaleur excessive sur le lieu de travail pourrait permettre d&rsquo;\u00e9conomiser jusqu&rsquo;\u00e0 361 milliards de dollars dans le monde \u2013 en perte de revenus et en frais de traitement m\u00e9dical \u2013 alors que la crise du stress thermique s&rsquo;acc\u00e9l\u00e8re, affectant diff\u00e9remment les r\u00e9gions du monde, souligne l&rsquo;\u00e9tude.<\/p>\n<p>Les estimations de l&rsquo;OIT montrent que les \u00e9conomies \u00e0 faibles et moyens revenus, en particulier, sont les plus touch\u00e9es, car les co\u00fbts des blessures dues \u00e0 une chaleur excessive sur le lieu de travail peuvent atteindre environ 1,5 pour cent du PIB national.<\/p>\n<p><em>\u00ab\u00a0Il s&rsquo;agit d&rsquo;une question de droits de l&rsquo;homme, de droits des travailleurs et d&rsquo;une question \u00e9conomique, et les \u00e9conomies \u00e0 revenu interm\u00e9diaire sont les plus touch\u00e9es. Nous avons besoin de plans d&rsquo;action contre la chaleur tout au long de l&rsquo;ann\u00e9e et d&rsquo;une l\u00e9gislation pour prot\u00e9ger les travailleurs, ainsi que d&rsquo;une collaboration mondiale plus forte entre les experts pour harmoniser les \u00e9valuations du stress thermique et les interventions sur le lieu de travail\u00a0\u00bb<\/em>, a ajout\u00e9 Houngbo.<\/p>\n<p>L\u2019impact de la chaleur sur les travailleurs du monde entier est en train de devenir un probl\u00e8me mondial qui demande une action.<\/p>\n<p><em>\u00ab\u00a0S&rsquo;il y a une chose qui unit notre monde divis\u00e9, c&rsquo;est que nous ressentons tous de plus en plus la chaleur. La Terre devient plus chaude et plus dangereuse pour tout le monde, partout. Nous devons relever le d\u00e9fi de la hausse des temp\u00e9ratures et renforcer la protection des travailleurs, en nous appuyant sur les droits de l&rsquo;homme\u00a0\u00bb,<\/em> a expliqu\u00e9 le Secr\u00e9taire g\u00e9n\u00e9ral de l&rsquo;ONU, Antonio Guterres.<\/p>\n<p>Le rapport de l\u2019OIT examine les mesures l\u00e9gislatives dans 21 pays \u00e0 travers le monde afin de trouver des caract\u00e9ristiques communes qui peuvent guider la cr\u00e9ation de plans de s\u00e9curit\u00e9 thermique efficaces sur le lieu de travail. Il d\u00e9crit \u00e9galement les concepts cl\u00e9s d&rsquo;un syst\u00e8me de gestion de la s\u00e9curit\u00e9 et de la sant\u00e9 pour prot\u00e9ger les travailleurs contre les maladies et les blessures li\u00e9es \u00e0 la chaleur.<\/p>\n<p>Les conclusions s&rsquo;appuient sur un rapport pr\u00e9c\u00e9dent, publi\u00e9 en avril de cette ann\u00e9e, qui indiquait que le changement climatique cr\u00e9ait un \u00abcocktail\u00bb de risques sanitaires graves pour environ 2,4 milliards de travailleurs expos\u00e9s \u00e0 une chaleur excessive. Le rapport d&rsquo;avril indiquait que la chaleur excessive \u00e9tait \u00e0 elle seule \u00e0 l&rsquo;origine de 22,85 millions d&rsquo;accidents du travail et de la perte de 18 970 vies chaque ann\u00e9e.<\/p>\n<p><em>Source: OIT<\/em><\/p>\n","protected":false},"excerpt":{"rendered":"<p>Le stress thermique accable un nombre croissant de travailleurs dans le monde. La chaleur est un tueur silencieux qui menace la sant\u00e9 et la vie de plus en plus de travailleurs dans toutes les r\u00e9gions du monde, affirme un nouveau [&hellip;]<\/p>\n","protected":false},"author":2,"featured_media":16514,"comment_status":"closed","ping_status":"open","sticky":false,"template":"","format":"standard","meta":[],"categories":[65,10],"tags":[96,188,1133,621,2619],"yoast_head":"<!-- This site is optimized with the Yoast SEO plugin v21.0 - https:\/\/yoast.com\/wordpress\/plugins\/seo\/ -->\n<title>Stress thermique : c&#039;est en Europe et en Asie centrale que les conditions de travail se d\u00e9t\u00e9riorent le plus rapidement. - Peoplesphere<\/title>\n<meta name=\"robots\" content=\"index, follow, max-snippet:-1, max-image-preview:large, max-video-preview:-1\" \/>\n<link rel=\"canonical\" href=\"https:\/\/peoplesphere.be\/fr\/stress-thermique-cest-en-europe-et-en-asie-centrale-que-les-conditions-de-travail-se-deteriorent-le-plus-rapidement\/\" \/>\n<meta property=\"og:locale\" content=\"fr_FR\" \/>\n<meta property=\"og:type\" content=\"article\" \/>\n<meta property=\"og:title\" content=\"Stress thermique : c&#039;est en Europe et en Asie centrale que les conditions de travail se d\u00e9t\u00e9riorent le plus rapidement. - Peoplesphere\" \/>\n<meta property=\"og:description\" content=\"Le stress thermique accable un nombre croissant de travailleurs dans le monde. La chaleur est un tueur silencieux qui menace la sant\u00e9 et la vie de plus en plus de travailleurs dans toutes les r\u00e9gions du monde, affirme un nouveau [&hellip;]\" \/>\n<meta property=\"og:url\" content=\"https:\/\/peoplesphere.be\/fr\/stress-thermique-cest-en-europe-et-en-asie-centrale-que-les-conditions-de-travail-se-deteriorent-le-plus-rapidement\/\" \/>\n<meta property=\"og:site_name\" content=\"Peoplesphere\" \/>\n<meta property=\"article:publisher\" content=\"https:\/\/www.facebook.com\/peoplesphere\" \/>\n<meta property=\"article:published_time\" content=\"2024-07-31T03:03:13+00:00\" \/>\n<meta property=\"og:image\" content=\"https:\/\/peoplesphere.be\/fr\/wp-content\/uploads\/2024\/07\/20240730workingsun.jpg\" \/>\n\t<meta property=\"og:image:width\" content=\"650\" \/>\n\t<meta property=\"og:image:height\" content=\"433\" \/>\n\t<meta property=\"og:image:type\" content=\"image\/jpeg\" \/>\n<meta name=\"author\" content=\"Jean-Paul Erhard\" \/>\n<meta name=\"twitter:card\" content=\"summary_large_image\" \/>\n<meta name=\"twitter:creator\" content=\"@PeoplesphereMag\" \/>\n<meta name=\"twitter:site\" content=\"@PeoplesphereMag\" \/>\n<meta name=\"twitter:label1\" content=\"\u00c9crit par\" \/>\n\t<meta name=\"twitter:data1\" content=\"Jean-Paul Erhard\" \/>\n\t<meta name=\"twitter:label2\" content=\"Dur\u00e9e de lecture estim\u00e9e\" \/>\n\t<meta name=\"twitter:data2\" content=\"5 minutes\" \/>\n<script type=\"application\/ld+json\" class=\"yoast-schema-graph\">{\"@context\":\"https:\/\/schema.org\",\"@graph\":[{\"@type\":\"Article\",\"@id\":\"https:\/\/peoplesphere.be\/fr\/stress-thermique-cest-en-europe-et-en-asie-centrale-que-les-conditions-de-travail-se-deteriorent-le-plus-rapidement\/#article\",\"isPartOf\":{\"@id\":\"https:\/\/peoplesphere.be\/fr\/stress-thermique-cest-en-europe-et-en-asie-centrale-que-les-conditions-de-travail-se-deteriorent-le-plus-rapidement\/\"},\"author\":{\"name\":\"Jean-Paul Erhard\",\"@id\":\"https:\/\/peoplesphere.be\/fr\/#\/schema\/person\/7976225ff17988604334abb7b3536a7e\"},\"headline\":\"Stress thermique : c&rsquo;est en Europe et en Asie centrale que les conditions de travail se d\u00e9t\u00e9riorent le plus rapidement.\",\"datePublished\":\"2024-07-31T03:03:13+00:00\",\"dateModified\":\"2024-07-31T03:03:13+00:00\",\"mainEntityOfPage\":{\"@id\":\"https:\/\/peoplesphere.be\/fr\/stress-thermique-cest-en-europe-et-en-asie-centrale-que-les-conditions-de-travail-se-deteriorent-le-plus-rapidement\/\"},\"wordCount\":1009,\"publisher\":{\"@id\":\"https:\/\/peoplesphere.be\/fr\/#organization\"},\"keywords\":[\"bien-\u00eatre\",\"conditions de travail\",\"in\u00e9galit\u00e9s\",\"p\u00e9nibilit\u00e9\",\"stress thermique\"],\"articleSection\":[\"Actualit\u00e9s\",\"Digital\"],\"inLanguage\":\"fr-FR\"},{\"@type\":\"WebPage\",\"@id\":\"https:\/\/peoplesphere.be\/fr\/stress-thermique-cest-en-europe-et-en-asie-centrale-que-les-conditions-de-travail-se-deteriorent-le-plus-rapidement\/\",\"url\":\"https:\/\/peoplesphere.be\/fr\/stress-thermique-cest-en-europe-et-en-asie-centrale-que-les-conditions-de-travail-se-deteriorent-le-plus-rapidement\/\",\"name\":\"Stress thermique : c'est en Europe et en Asie centrale que les conditions de travail se d\u00e9t\u00e9riorent le plus rapidement. - Peoplesphere\",\"isPartOf\":{\"@id\":\"https:\/\/peoplesphere.be\/fr\/#website\"},\"datePublished\":\"2024-07-31T03:03:13+00:00\",\"dateModified\":\"2024-07-31T03:03:13+00:00\",\"breadcrumb\":{\"@id\":\"https:\/\/peoplesphere.be\/fr\/stress-thermique-cest-en-europe-et-en-asie-centrale-que-les-conditions-de-travail-se-deteriorent-le-plus-rapidement\/#breadcrumb\"},\"inLanguage\":\"fr-FR\",\"potentialAction\":[{\"@type\":\"ReadAction\",\"target\":[\"https:\/\/peoplesphere.be\/fr\/stress-thermique-cest-en-europe-et-en-asie-centrale-que-les-conditions-de-travail-se-deteriorent-le-plus-rapidement\/\"]}]},{\"@type\":\"BreadcrumbList\",\"@id\":\"https:\/\/peoplesphere.be\/fr\/stress-thermique-cest-en-europe-et-en-asie-centrale-que-les-conditions-de-travail-se-deteriorent-le-plus-rapidement\/#breadcrumb\",\"itemListElement\":[{\"@type\":\"ListItem\",\"position\":1,\"name\":\"Accueil\",\"item\":\"https:\/\/peoplesphere.be\/fr\/\"},{\"@type\":\"ListItem\",\"position\":2,\"name\":\"Stress thermique : c&rsquo;est en Europe et en Asie centrale que les conditions de travail se d\u00e9t\u00e9riorent le plus rapidement.\"}]},{\"@type\":\"WebSite\",\"@id\":\"https:\/\/peoplesphere.be\/fr\/#website\",\"url\":\"https:\/\/peoplesphere.be\/fr\/\",\"name\":\"Peoplesphere\",\"description\":\"The People Managers Magazine\",\"publisher\":{\"@id\":\"https:\/\/peoplesphere.be\/fr\/#organization\"},\"potentialAction\":[{\"@type\":\"SearchAction\",\"target\":{\"@type\":\"EntryPoint\",\"urlTemplate\":\"https:\/\/peoplesphere.be\/fr\/?s={search_term_string}\"},\"query-input\":\"required name=search_term_string\"}],\"inLanguage\":\"fr-FR\"},{\"@type\":\"Organization\",\"@id\":\"https:\/\/peoplesphere.be\/fr\/#organization\",\"name\":\"Peoplesphere Company srl\",\"url\":\"https:\/\/peoplesphere.be\/fr\/\",\"logo\":{\"@type\":\"ImageObject\",\"inLanguage\":\"fr-FR\",\"@id\":\"https:\/\/peoplesphere.be\/fr\/#\/schema\/logo\/image\/\",\"url\":\"https:\/\/peoplesphere.be\/fr\/wp-content\/uploads\/2023\/07\/peoplesphere-lgo-new-generik.jpg\",\"contentUrl\":\"https:\/\/peoplesphere.be\/fr\/wp-content\/uploads\/2023\/07\/peoplesphere-lgo-new-generik.jpg\",\"width\":1031,\"height\":1479,\"caption\":\"Peoplesphere Company srl\"},\"image\":{\"@id\":\"https:\/\/peoplesphere.be\/fr\/#\/schema\/logo\/image\/\"},\"sameAs\":[\"https:\/\/www.facebook.com\/peoplesphere\",\"https:\/\/twitter.com\/PeoplesphereMag\",\"https:\/\/www.linkedin.com\/company\/7587361?trk\",\"http:\/\/youtube.com\/peoplesphere\"]},{\"@type\":\"Person\",\"@id\":\"https:\/\/peoplesphere.be\/fr\/#\/schema\/person\/7976225ff17988604334abb7b3536a7e\",\"name\":\"Jean-Paul Erhard\",\"image\":{\"@type\":\"ImageObject\",\"inLanguage\":\"fr-FR\",\"@id\":\"https:\/\/peoplesphere.be\/fr\/#\/schema\/person\/image\/\",\"url\":\"https:\/\/secure.gravatar.com\/avatar\/f941e681460179738071629a51574930?s=96&d=mm&r=g\",\"contentUrl\":\"https:\/\/secure.gravatar.com\/avatar\/f941e681460179738071629a51574930?s=96&d=mm&r=g\",\"caption\":\"Jean-Paul Erhard\"},\"url\":\"https:\/\/peoplesphere.be\/fr\/author\/jpe\/\"}]}<\/script>\n<!-- \/ Yoast SEO plugin. -->","yoast_head_json":{"title":"Stress thermique : c'est en Europe et en Asie centrale que les conditions de travail se d\u00e9t\u00e9riorent le plus rapidement. - Peoplesphere","robots":{"index":"index","follow":"follow","max-snippet":"max-snippet:-1","max-image-preview":"max-image-preview:large","max-video-preview":"max-video-preview:-1"},"canonical":"https:\/\/peoplesphere.be\/fr\/stress-thermique-cest-en-europe-et-en-asie-centrale-que-les-conditions-de-travail-se-deteriorent-le-plus-rapidement\/","og_locale":"fr_FR","og_type":"article","og_title":"Stress thermique : c'est en Europe et en Asie centrale que les conditions de travail se d\u00e9t\u00e9riorent le plus rapidement. - Peoplesphere","og_description":"Le stress thermique accable un nombre croissant de travailleurs dans le monde. La chaleur est un tueur silencieux qui menace la sant\u00e9 et la vie de plus en plus de travailleurs dans toutes les r\u00e9gions du monde, affirme un nouveau [&hellip;]","og_url":"https:\/\/peoplesphere.be\/fr\/stress-thermique-cest-en-europe-et-en-asie-centrale-que-les-conditions-de-travail-se-deteriorent-le-plus-rapidement\/","og_site_name":"Peoplesphere","article_publisher":"https:\/\/www.facebook.com\/peoplesphere","article_published_time":"2024-07-31T03:03:13+00:00","og_image":[{"width":650,"height":433,"url":"https:\/\/peoplesphere.be\/fr\/wp-content\/uploads\/2024\/07\/20240730workingsun.jpg","type":"image\/jpeg"}],"author":"Jean-Paul Erhard","twitter_card":"summary_large_image","twitter_creator":"@PeoplesphereMag","twitter_site":"@PeoplesphereMag","twitter_misc":{"\u00c9crit par":"Jean-Paul Erhard","Dur\u00e9e de lecture estim\u00e9e":"5 minutes"},"schema":{"@context":"https:\/\/schema.org","@graph":[{"@type":"Article","@id":"https:\/\/peoplesphere.be\/fr\/stress-thermique-cest-en-europe-et-en-asie-centrale-que-les-conditions-de-travail-se-deteriorent-le-plus-rapidement\/#article","isPartOf":{"@id":"https:\/\/peoplesphere.be\/fr\/stress-thermique-cest-en-europe-et-en-asie-centrale-que-les-conditions-de-travail-se-deteriorent-le-plus-rapidement\/"},"author":{"name":"Jean-Paul Erhard","@id":"https:\/\/peoplesphere.be\/fr\/#\/schema\/person\/7976225ff17988604334abb7b3536a7e"},"headline":"Stress thermique : c&rsquo;est en Europe et en Asie centrale que les conditions de travail se d\u00e9t\u00e9riorent le plus rapidement.","datePublished":"2024-07-31T03:03:13+00:00","dateModified":"2024-07-31T03:03:13+00:00","mainEntityOfPage":{"@id":"https:\/\/peoplesphere.be\/fr\/stress-thermique-cest-en-europe-et-en-asie-centrale-que-les-conditions-de-travail-se-deteriorent-le-plus-rapidement\/"},"wordCount":1009,"publisher":{"@id":"https:\/\/peoplesphere.be\/fr\/#organization"},"keywords":["bien-\u00eatre","conditions de travail","in\u00e9galit\u00e9s","p\u00e9nibilit\u00e9","stress thermique"],"articleSection":["Actualit\u00e9s","Digital"],"inLanguage":"fr-FR"},{"@type":"WebPage","@id":"https:\/\/peoplesphere.be\/fr\/stress-thermique-cest-en-europe-et-en-asie-centrale-que-les-conditions-de-travail-se-deteriorent-le-plus-rapidement\/","url":"https:\/\/peoplesphere.be\/fr\/stress-thermique-cest-en-europe-et-en-asie-centrale-que-les-conditions-de-travail-se-deteriorent-le-plus-rapidement\/","name":"Stress thermique : c'est en Europe et en Asie centrale que les conditions de travail se d\u00e9t\u00e9riorent le plus rapidement. - Peoplesphere","isPartOf":{"@id":"https:\/\/peoplesphere.be\/fr\/#website"},"datePublished":"2024-07-31T03:03:13+00:00","dateModified":"2024-07-31T03:03:13+00:00","breadcrumb":{"@id":"https:\/\/peoplesphere.be\/fr\/stress-thermique-cest-en-europe-et-en-asie-centrale-que-les-conditions-de-travail-se-deteriorent-le-plus-rapidement\/#breadcrumb"},"inLanguage":"fr-FR","potentialAction":[{"@type":"ReadAction","target":["https:\/\/peoplesphere.be\/fr\/stress-thermique-cest-en-europe-et-en-asie-centrale-que-les-conditions-de-travail-se-deteriorent-le-plus-rapidement\/"]}]},{"@type":"BreadcrumbList","@id":"https:\/\/peoplesphere.be\/fr\/stress-thermique-cest-en-europe-et-en-asie-centrale-que-les-conditions-de-travail-se-deteriorent-le-plus-rapidement\/#breadcrumb","itemListElement":[{"@type":"ListItem","position":1,"name":"Accueil","item":"https:\/\/peoplesphere.be\/fr\/"},{"@type":"ListItem","position":2,"name":"Stress thermique : c&rsquo;est en Europe et en Asie centrale que les conditions de travail se d\u00e9t\u00e9riorent le plus rapidement."}]},{"@type":"WebSite","@id":"https:\/\/peoplesphere.be\/fr\/#website","url":"https:\/\/peoplesphere.be\/fr\/","name":"Peoplesphere","description":"The People Managers Magazine","publisher":{"@id":"https:\/\/peoplesphere.be\/fr\/#organization"},"potentialAction":[{"@type":"SearchAction","target":{"@type":"EntryPoint","urlTemplate":"https:\/\/peoplesphere.be\/fr\/?s={search_term_string}"},"query-input":"required name=search_term_string"}],"inLanguage":"fr-FR"},{"@type":"Organization","@id":"https:\/\/peoplesphere.be\/fr\/#organization","name":"Peoplesphere Company srl","url":"https:\/\/peoplesphere.be\/fr\/","logo":{"@type":"ImageObject","inLanguage":"fr-FR","@id":"https:\/\/peoplesphere.be\/fr\/#\/schema\/logo\/image\/","url":"https:\/\/peoplesphere.be\/fr\/wp-content\/uploads\/2023\/07\/peoplesphere-lgo-new-generik.jpg","contentUrl":"https:\/\/peoplesphere.be\/fr\/wp-content\/uploads\/2023\/07\/peoplesphere-lgo-new-generik.jpg","width":1031,"height":1479,"caption":"Peoplesphere Company srl"},"image":{"@id":"https:\/\/peoplesphere.be\/fr\/#\/schema\/logo\/image\/"},"sameAs":["https:\/\/www.facebook.com\/peoplesphere","https:\/\/twitter.com\/PeoplesphereMag","https:\/\/www.linkedin.com\/company\/7587361?trk","http:\/\/youtube.com\/peoplesphere"]},{"@type":"Person","@id":"https:\/\/peoplesphere.be\/fr\/#\/schema\/person\/7976225ff17988604334abb7b3536a7e","name":"Jean-Paul Erhard","image":{"@type":"ImageObject","inLanguage":"fr-FR","@id":"https:\/\/peoplesphere.be\/fr\/#\/schema\/person\/image\/","url":"https:\/\/secure.gravatar.com\/avatar\/f941e681460179738071629a51574930?s=96&d=mm&r=g","contentUrl":"https:\/\/secure.gravatar.com\/avatar\/f941e681460179738071629a51574930?s=96&d=mm&r=g","caption":"Jean-Paul Erhard"},"url":"https:\/\/peoplesphere.be\/fr\/author\/jpe\/"}]}},"_links":{"self":[{"href":"https:\/\/peoplesphere.be\/fr\/wp-json\/wp\/v2\/posts\/16513"}],"collection":[{"href":"https:\/\/peoplesphere.be\/fr\/wp-json\/wp\/v2\/posts"}],"about":[{"href":"https:\/\/peoplesphere.be\/fr\/wp-json\/wp\/v2\/types\/post"}],"author":[{"embeddable":true,"href":"https:\/\/peoplesphere.be\/fr\/wp-json\/wp\/v2\/users\/2"}],"replies":[{"embeddable":true,"href":"https:\/\/peoplesphere.be\/fr\/wp-json\/wp\/v2\/comments?post=16513"}],"version-history":[{"count":1,"href":"https:\/\/peoplesphere.be\/fr\/wp-json\/wp\/v2\/posts\/16513\/revisions"}],"predecessor-version":[{"id":16515,"href":"https:\/\/peoplesphere.be\/fr\/wp-json\/wp\/v2\/posts\/16513\/revisions\/16515"}],"wp:featuredmedia":[{"embeddable":true,"href":"https:\/\/peoplesphere.be\/fr\/wp-json\/wp\/v2\/media\/16514"}],"wp:attachment":[{"href":"https:\/\/peoplesphere.be\/fr\/wp-json\/wp\/v2\/media?parent=16513"}],"wp:term":[{"taxonomy":"category","embeddable":true,"href":"https:\/\/peoplesphere.be\/fr\/wp-json\/wp\/v2\/categories?post=16513"},{"taxonomy":"post_tag","embeddable":true,"href":"https:\/\/peoplesphere.be\/fr\/wp-json\/wp\/v2\/tags?post=16513"}],"curies":[{"name":"wp","href":"https:\/\/api.w.org\/{rel}","templated":true}]}}