









{"id":16519,"date":"2024-07-29T08:37:27","date_gmt":"2024-07-29T06:37:27","guid":{"rendered":"https:\/\/peoplesphere.be\/fr\/?p=16519"},"modified":"2024-07-31T08:46:06","modified_gmt":"2024-07-31T06:46:06","slug":"deficit-de-confiance-vis-a-vis-des-pouvoirs-publics-le-fosse-se-creuse-entre-les-gouvernements-et-les-citoyens","status":"publish","type":"post","link":"https:\/\/peoplesphere.be\/fr\/deficit-de-confiance-vis-a-vis-des-pouvoirs-publics-le-fosse-se-creuse-entre-les-gouvernements-et-les-citoyens\/","title":{"rendered":"D\u00e9ficit de confiance vis-\u00e0-vis des pouvoirs publics: le foss\u00e9 se creuse entre les gouvernements et les citoyens."},"content":{"rendered":"<p>Les gouvernements se trouvent aujourd\u2019hui \u00e0 un tournant critique. Il leur faut piloter la transition \u00e9cologique et la transformation num\u00e9rique tout en devant faire face \u00e0 polarisation accrue au sein de leur pays, \u00e0 des tensions g\u00e9opolitiques exacerb\u00e9\u00e9es ainsi qu\u2019aux cons\u00e9quences sociales de divers param\u00e8tres \u00e9conomiques. Dans ce contexte, il est primordial pour les gouvernements \u00e0 travers le monde de renforcer et de pr\u00e9server la confiance dans les institutions publiques. <!--more--><\/p>\n<p>La deuxi\u00e8me Enqu\u00eate de l\u2019OCDE sur les d\u00e9terminants de la confiance dans les institutions publiques pr\u00e9sente les niveaux et les d\u00e9terminants de la confiance dans les institutions publiques dans 30 pays de l\u2019OCDE en 2023 et leur \u00e9volution depuis 2021.<\/p>\n<p>Il ressort de ce nouveau rapport de l\u2019OCDE que, dans un environnement de plus en plus difficile, marqu\u00e9 par des chocs \u00e9conomiques successifs, la mont\u00e9e du protectionnisme, la guerre en Europe et les conflits en cours au Moyen-Orient, ainsi que par des d\u00e9fis structurels et des perturbations caus\u00e9es par les rapides \u00e9volutions technologiques, le changement climatique et le vieillissement de la population, 44% des personnes interrog\u00e9es ont aujourd\u2019hui une confiance faible ou nulle dans leur gouvernement national, soit une proportion plus \u00e9lev\u00e9e que les 39% qui font \u00e9tat d\u2019une confiance \u00e9lev\u00e9e ou mod\u00e9r\u00e9ment \u00e9lev\u00e9e \u00e0 l\u2019\u00e9gard du gouvernement national.<\/p>\n<p>Cette \u00e9dition de l\u2019Enqu\u00eate sur la confiance confirme la conclusion de l\u2019enqu\u00eate pr\u00e9c\u00e9dente, \u00e0 savoir que les facteurs socio-\u00e9conomiques et d\u00e9mographiques, ainsi que le sentiment d\u2019avoir son mot \u00e0 dire dans la prise de d\u00e9cision, influent sur la confiance. Ainsi, 36% des femmes d\u00e9clarent accorder une confiance \u00e9lev\u00e9e ou mod\u00e9r\u00e9ment \u00e9lev\u00e9e aux pouvoirs publics, contre 43% des hommes. C\u2019est parmi les femmes et les personnes ayant un faible niveau d\u2019\u00e9ducation que la confiance a le plus diminu\u00e9 depuis 2021. L\u2019\u00e9cart de confiance le plus marqu\u00e9 s\u2019observe entre les personnes qui estiment avoir leur mot \u00e0 dire sur ce que fait le gouvernement et celles qui pensent le contraire : parmi les premi\u00e8res, 69% d\u00e9clarent avoir une confiance \u00e9lev\u00e9e ou mod\u00e9r\u00e9ment \u00e9lev\u00e9e dans leur gouvernement national, alors que parmi les secondes, ce n\u2019est le cas que de 22%.<\/p>\n<p><em>\u00ab\u00a0L\u2019Enqu\u00eate sur la confiance, men\u00e9e dans le cadre de l\u2019initiative \u201cRenforcer la d\u00e9mocratie\u201d de l\u2019OCDE, vise \u00e0 aider les administrations publiques \u00e0 cerner les d\u00e9fis et les tendances en mati\u00e8re de confiance \u00e0 l\u2019\u00e9gard des pouvoirs publics, tout en formulant des recommandations concr\u00e8tes fond\u00e9es sur des donn\u00e9es probantes et des exemples de bonnes pratiques internationales qui contribuent \u00e0 renforcer la confiance dans les institutions publiques et \u00e0 consolider la d\u00e9mocratie\u00a0\u00bb<\/em>, a d\u00e9clar\u00e9 le Secr\u00e9taire g\u00e9n\u00e9ral de l\u2019OCDE, Mathias Cormann, lors du lancement du rapport. <em>\u00ab\u00a0Il ressort des r\u00e9sultats de cette nouvelle \u00e9dition de notre Enqu\u00eate sur la confiance que les citoyens veulent avoir davantage leur mot \u00e0 dire dans la prise de d\u00e9cision, afin de s\u2019assurer qu\u2019elle est \u00e9quitable et fond\u00e9e sur des donn\u00e9es probantes, que des comptes sont rendus et qu\u2019elle fait l\u2019objet d\u2019une communication claire. Si l\u2019on veut am\u00e9liorer le processus d\u00e9mocratique et, in fine, renforcer la confiance dans les pouvoirs publics, il faut s\u2019assurer de la prise en compte et de l\u2019inclusivit\u00e9 de la participation des citoyens, encourager l\u2019ouverture de l\u2019information et la transparence de la communication, et promouvoir les normes d\u2019int\u00e9grit\u00e9 et de transparence de l\u2019information dans les processus de d\u00e9finition de l\u2019action publique, ainsi que des services publics fiables et \u00e9quitables.\u00a0\u00bb<\/em><\/p>\n<p>Bien que les r\u00e9sultats varient d\u2019un pays \u00e0 l\u2019autre en raison de divers facteurs culturels, institutionnels, sociaux et \u00e9conomiques, les r\u00e9sultats de l\u2019Enqu\u00eate sur la confiance permettent de mettre en \u00e9vidence des tendances claires qui touchent les Membres de l\u2019OCDE et de rep\u00e9rer des domaines d\u2019action communs.<\/p>\n<p>On constate un \u00e9cart net entre la confiance des citoyens concernant leurs interactions courantes avec les institutions publiques, qui est \u00e9lev\u00e9e, et celle qu\u2019ils ont dans la capacit\u00e9 des pouvoirs publics \u00e0 prendre des d\u00e9cisions strat\u00e9giques importantes impliquant des arbitrages. La majorit\u00e9 des personnes qui ont r\u00e9cemment eu recours \u00e0 des services publics d\u00e9clarent \u00eatre relativement satisfaites des services nationaux de sant\u00e9, d\u2019\u00e9ducation et administratifs, et ont confiance dans le fait que leurs demandes de services ou de prestations sont trait\u00e9es \u00e9quitablement. L\u2019investissement dans des services publics fiables et \u00e9quitables, l\u2019am\u00e9lioration de la prestation de services et la prise en compte des avis des usagers peuvent renforcer la confiance, en particulier dans la fonction publique et les autorit\u00e9s locales.<\/p>\n<p>En revanche, seulement 40% environ des personnes interrog\u00e9es ont confiance dans le fait que les pouvoirs publics savent m\u00e9nager un \u00e9quilibre ad\u00e9quat entre les int\u00e9r\u00eats des diff\u00e9rentes g\u00e9n\u00e9rations, r\u00e9glementeront correctement les nouvelles technologies ou parviendront \u00e0 r\u00e9duire les \u00e9missions de gaz \u00e0 effet de serre sur la prochaine d\u00e9cennie. Ce scepticisme s\u2019explique en partie par un manque de confiance dans le fait que les institutions et les agents publics travaillent dans l\u2019int\u00e9r\u00eat g\u00e9n\u00e9ral, et par le sentiment, assez largement partag\u00e9, que les citoyens n\u2019ont pas leur mot \u00e0 dire dans la prise de d\u00e9cision. Ainsi, seulement 30 % environ des participants \u00e0 l\u2019Enqu\u00eate estiment que le gouvernement national peut r\u00e9sister \u00e0 l\u2019influence des entreprises, ou qu\u2019ils ont leur mot \u00e0 dire sur l\u2019action des pouvoirs publics, et seulement 32 % estiment que les pouvoirs publics tiendraient compte des avis exprim\u00e9s lors d\u2019une consultation publique. Le rapport montre que ce sont l\u00e0 autant de d\u00e9terminants de la confiance importants aujourd\u2019hui, et que ces r\u00e9sultats pourraient \u00eatre am\u00e9lior\u00e9s dans de nombreux pays.<\/p>\n<p>L\u2019utilisation de donn\u00e9es factuelles dans l\u2019action publique et la communication avec le public jouent \u00e9galement un r\u00f4le crucial dans la confiance. Toutefois, en moyenne, 38 % des personnes interrog\u00e9es estiment peu probable que les pouvoirs publics utilisent les meilleures donn\u00e9es factuelles disponibles pour prendre des d\u00e9cisions, et 40 % jugent peu probable que les pouvoirs publics expliquent en quoi la r\u00e9forme des politiques publiques les affectera. Pour am\u00e9liorer les niveaux de confiance, les pouvoirs publics devraient mieux associer les citoyens \u00e0 la prise de d\u00e9cision, investir dans des \u00e9cosyst\u00e8mes d\u2019information sains et diffuser activement les donn\u00e9es probantes qui sous-tendent leurs d\u00e9cisions, tout en luttant contre la m\u00e9sinformation et la d\u00e9sinformation.<\/p>\n<p>Le prochain Forum mondial de l\u2019OCDE sur l\u2019instauration de la confiance et le renforcement de la d\u00e9mocratie, qui se tiendra les 21 et 22 octobre \u00e0 Milan, en Italie, s\u2019appuiera sur les r\u00e9sultats de l\u2019Enqu\u00eate de l\u2019OCDE sur la confiance pour \u00e9changer sur l\u2019am\u00e9lioration de l\u2019action publique \u00e0 m\u00eame d\u2019\u00e9tayer les valeurs et processus d\u00e9mocratiques.<\/p>\n<p>&nbsp;<\/p>\n<p><em>Source: OCDE &#8211; Les 30 pays membres de l\u2019OCDE qui ont particip\u00e9 \u00e0 l\u2019Enqu\u00eate sont l\u2019Allemagne, l\u2019Australie, la Belgique, le Canada, le Chili, la Colombie, la Cor\u00e9e, le Costa Rica, le Danemark, l\u2019Espagne, l\u2019Estonie, la Finlande, la France, la Gr\u00e8ce, l\u2019Irlande, l\u2019Islande, l\u2019Italie, la Lettonie, le Luxembourg, le Mexique, la Norv\u00e8ge, la Nouvelle-Z\u00e9lande, les Pays-Bas, le Portugal, la R\u00e9publique slovaque, le Royaume-Uni, la Slov\u00e9nie, la Su\u00e8de, la Suisse et la Tch\u00e9quie.<\/em><\/p>\n","protected":false},"excerpt":{"rendered":"<p>Les gouvernements se trouvent aujourd\u2019hui \u00e0 un tournant critique. Il leur faut piloter la transition \u00e9cologique et la transformation num\u00e9rique tout en devant faire face \u00e0 polarisation accrue au sein de leur pays, \u00e0 des tensions g\u00e9opolitiques exacerb\u00e9\u00e9es ainsi qu\u2019aux [&hellip;]<\/p>\n","protected":false},"author":2,"featured_media":0,"comment_status":"closed","ping_status":"open","sticky":false,"template":"","format":"standard","meta":[],"categories":[65,10],"tags":[320,3416,1638,260],"yoast_head":"<!-- This site is optimized with the Yoast SEO plugin v21.0 - https:\/\/yoast.com\/wordpress\/plugins\/seo\/ -->\n<title>D\u00e9ficit de confiance vis-\u00e0-vis des pouvoirs publics: le foss\u00e9 se creuse entre les gouvernements et les citoyens. - Peoplesphere<\/title>\n<meta name=\"robots\" content=\"index, follow, max-snippet:-1, max-image-preview:large, max-video-preview:-1\" \/>\n<link rel=\"canonical\" href=\"https:\/\/peoplesphere.be\/fr\/deficit-de-confiance-vis-a-vis-des-pouvoirs-publics-le-fosse-se-creuse-entre-les-gouvernements-et-les-citoyens\/\" \/>\n<meta property=\"og:locale\" content=\"fr_FR\" \/>\n<meta property=\"og:type\" content=\"article\" \/>\n<meta property=\"og:title\" content=\"D\u00e9ficit de confiance vis-\u00e0-vis des pouvoirs publics: le foss\u00e9 se creuse entre les gouvernements et les citoyens. - Peoplesphere\" \/>\n<meta property=\"og:description\" content=\"Les gouvernements se trouvent aujourd\u2019hui \u00e0 un tournant critique. Il leur faut piloter la transition \u00e9cologique et la transformation num\u00e9rique tout en devant faire face \u00e0 polarisation accrue au sein de leur pays, \u00e0 des tensions g\u00e9opolitiques exacerb\u00e9\u00e9es ainsi qu\u2019aux [&hellip;]\" \/>\n<meta property=\"og:url\" content=\"https:\/\/peoplesphere.be\/fr\/deficit-de-confiance-vis-a-vis-des-pouvoirs-publics-le-fosse-se-creuse-entre-les-gouvernements-et-les-citoyens\/\" \/>\n<meta property=\"og:site_name\" content=\"Peoplesphere\" \/>\n<meta property=\"article:publisher\" content=\"https:\/\/www.facebook.com\/peoplesphere\" \/>\n<meta property=\"article:published_time\" content=\"2024-07-29T06:37:27+00:00\" \/>\n<meta property=\"article:modified_time\" content=\"2024-07-31T06:46:06+00:00\" \/>\n<meta property=\"og:image\" content=\"http:\/\/www.peoplesphere.be\/fr\/wp-content\/uploads\/2016\/07\/facebook-default-posting-1200x628px.jpg\" \/>\n<meta name=\"author\" content=\"Jean-Paul Erhard\" \/>\n<meta name=\"twitter:card\" content=\"summary_large_image\" \/>\n<meta name=\"twitter:creator\" content=\"@PeoplesphereMag\" \/>\n<meta name=\"twitter:site\" content=\"@PeoplesphereMag\" \/>\n<meta name=\"twitter:label1\" content=\"\u00c9crit par\" \/>\n\t<meta name=\"twitter:data1\" content=\"Jean-Paul Erhard\" \/>\n\t<meta name=\"twitter:label2\" content=\"Dur\u00e9e de lecture estim\u00e9e\" \/>\n\t<meta name=\"twitter:data2\" content=\"6 minutes\" \/>\n<script type=\"application\/ld+json\" class=\"yoast-schema-graph\">{\"@context\":\"https:\/\/schema.org\",\"@graph\":[{\"@type\":\"Article\",\"@id\":\"https:\/\/peoplesphere.be\/fr\/deficit-de-confiance-vis-a-vis-des-pouvoirs-publics-le-fosse-se-creuse-entre-les-gouvernements-et-les-citoyens\/#article\",\"isPartOf\":{\"@id\":\"https:\/\/peoplesphere.be\/fr\/deficit-de-confiance-vis-a-vis-des-pouvoirs-publics-le-fosse-se-creuse-entre-les-gouvernements-et-les-citoyens\/\"},\"author\":{\"name\":\"Jean-Paul Erhard\",\"@id\":\"https:\/\/peoplesphere.be\/fr\/#\/schema\/person\/7976225ff17988604334abb7b3536a7e\"},\"headline\":\"D\u00e9ficit de confiance vis-\u00e0-vis des pouvoirs publics: le foss\u00e9 se creuse entre les gouvernements et les citoyens.\",\"datePublished\":\"2024-07-29T06:37:27+00:00\",\"dateModified\":\"2024-07-31T06:46:06+00:00\",\"mainEntityOfPage\":{\"@id\":\"https:\/\/peoplesphere.be\/fr\/deficit-de-confiance-vis-a-vis-des-pouvoirs-publics-le-fosse-se-creuse-entre-les-gouvernements-et-les-citoyens\/\"},\"wordCount\":1289,\"publisher\":{\"@id\":\"https:\/\/peoplesphere.be\/fr\/#organization\"},\"keywords\":[\"confiance\",\"finances publiques\",\"pouvoirs publics\",\"protection des donn\u00e9es\"],\"articleSection\":[\"Actualit\u00e9s\",\"Digital\"],\"inLanguage\":\"fr-FR\"},{\"@type\":\"WebPage\",\"@id\":\"https:\/\/peoplesphere.be\/fr\/deficit-de-confiance-vis-a-vis-des-pouvoirs-publics-le-fosse-se-creuse-entre-les-gouvernements-et-les-citoyens\/\",\"url\":\"https:\/\/peoplesphere.be\/fr\/deficit-de-confiance-vis-a-vis-des-pouvoirs-publics-le-fosse-se-creuse-entre-les-gouvernements-et-les-citoyens\/\",\"name\":\"D\u00e9ficit de confiance vis-\u00e0-vis des pouvoirs publics: le foss\u00e9 se creuse entre les gouvernements et les citoyens. - Peoplesphere\",\"isPartOf\":{\"@id\":\"https:\/\/peoplesphere.be\/fr\/#website\"},\"datePublished\":\"2024-07-29T06:37:27+00:00\",\"dateModified\":\"2024-07-31T06:46:06+00:00\",\"breadcrumb\":{\"@id\":\"https:\/\/peoplesphere.be\/fr\/deficit-de-confiance-vis-a-vis-des-pouvoirs-publics-le-fosse-se-creuse-entre-les-gouvernements-et-les-citoyens\/#breadcrumb\"},\"inLanguage\":\"fr-FR\",\"potentialAction\":[{\"@type\":\"ReadAction\",\"target\":[\"https:\/\/peoplesphere.be\/fr\/deficit-de-confiance-vis-a-vis-des-pouvoirs-publics-le-fosse-se-creuse-entre-les-gouvernements-et-les-citoyens\/\"]}]},{\"@type\":\"BreadcrumbList\",\"@id\":\"https:\/\/peoplesphere.be\/fr\/deficit-de-confiance-vis-a-vis-des-pouvoirs-publics-le-fosse-se-creuse-entre-les-gouvernements-et-les-citoyens\/#breadcrumb\",\"itemListElement\":[{\"@type\":\"ListItem\",\"position\":1,\"name\":\"Accueil\",\"item\":\"https:\/\/peoplesphere.be\/fr\/\"},{\"@type\":\"ListItem\",\"position\":2,\"name\":\"D\u00e9ficit de confiance vis-\u00e0-vis des pouvoirs publics: le foss\u00e9 se creuse entre les gouvernements et les citoyens.\"}]},{\"@type\":\"WebSite\",\"@id\":\"https:\/\/peoplesphere.be\/fr\/#website\",\"url\":\"https:\/\/peoplesphere.be\/fr\/\",\"name\":\"Peoplesphere\",\"description\":\"The People Managers Magazine\",\"publisher\":{\"@id\":\"https:\/\/peoplesphere.be\/fr\/#organization\"},\"potentialAction\":[{\"@type\":\"SearchAction\",\"target\":{\"@type\":\"EntryPoint\",\"urlTemplate\":\"https:\/\/peoplesphere.be\/fr\/?s={search_term_string}\"},\"query-input\":\"required name=search_term_string\"}],\"inLanguage\":\"fr-FR\"},{\"@type\":\"Organization\",\"@id\":\"https:\/\/peoplesphere.be\/fr\/#organization\",\"name\":\"Peoplesphere Company srl\",\"url\":\"https:\/\/peoplesphere.be\/fr\/\",\"logo\":{\"@type\":\"ImageObject\",\"inLanguage\":\"fr-FR\",\"@id\":\"https:\/\/peoplesphere.be\/fr\/#\/schema\/logo\/image\/\",\"url\":\"https:\/\/peoplesphere.be\/fr\/wp-content\/uploads\/2023\/07\/peoplesphere-lgo-new-generik.jpg\",\"contentUrl\":\"https:\/\/peoplesphere.be\/fr\/wp-content\/uploads\/2023\/07\/peoplesphere-lgo-new-generik.jpg\",\"width\":1031,\"height\":1479,\"caption\":\"Peoplesphere Company srl\"},\"image\":{\"@id\":\"https:\/\/peoplesphere.be\/fr\/#\/schema\/logo\/image\/\"},\"sameAs\":[\"https:\/\/www.facebook.com\/peoplesphere\",\"https:\/\/twitter.com\/PeoplesphereMag\",\"https:\/\/www.linkedin.com\/company\/7587361?trk\",\"http:\/\/youtube.com\/peoplesphere\"]},{\"@type\":\"Person\",\"@id\":\"https:\/\/peoplesphere.be\/fr\/#\/schema\/person\/7976225ff17988604334abb7b3536a7e\",\"name\":\"Jean-Paul Erhard\",\"image\":{\"@type\":\"ImageObject\",\"inLanguage\":\"fr-FR\",\"@id\":\"https:\/\/peoplesphere.be\/fr\/#\/schema\/person\/image\/\",\"url\":\"https:\/\/secure.gravatar.com\/avatar\/f941e681460179738071629a51574930?s=96&d=mm&r=g\",\"contentUrl\":\"https:\/\/secure.gravatar.com\/avatar\/f941e681460179738071629a51574930?s=96&d=mm&r=g\",\"caption\":\"Jean-Paul Erhard\"},\"url\":\"https:\/\/peoplesphere.be\/fr\/author\/jpe\/\"}]}<\/script>\n<!-- \/ Yoast SEO plugin. -->","yoast_head_json":{"title":"D\u00e9ficit de confiance vis-\u00e0-vis des pouvoirs publics: le foss\u00e9 se creuse entre les gouvernements et les citoyens. - Peoplesphere","robots":{"index":"index","follow":"follow","max-snippet":"max-snippet:-1","max-image-preview":"max-image-preview:large","max-video-preview":"max-video-preview:-1"},"canonical":"https:\/\/peoplesphere.be\/fr\/deficit-de-confiance-vis-a-vis-des-pouvoirs-publics-le-fosse-se-creuse-entre-les-gouvernements-et-les-citoyens\/","og_locale":"fr_FR","og_type":"article","og_title":"D\u00e9ficit de confiance vis-\u00e0-vis des pouvoirs publics: le foss\u00e9 se creuse entre les gouvernements et les citoyens. - Peoplesphere","og_description":"Les gouvernements se trouvent aujourd\u2019hui \u00e0 un tournant critique. Il leur faut piloter la transition \u00e9cologique et la transformation num\u00e9rique tout en devant faire face \u00e0 polarisation accrue au sein de leur pays, \u00e0 des tensions g\u00e9opolitiques exacerb\u00e9\u00e9es ainsi qu\u2019aux [&hellip;]","og_url":"https:\/\/peoplesphere.be\/fr\/deficit-de-confiance-vis-a-vis-des-pouvoirs-publics-le-fosse-se-creuse-entre-les-gouvernements-et-les-citoyens\/","og_site_name":"Peoplesphere","article_publisher":"https:\/\/www.facebook.com\/peoplesphere","article_published_time":"2024-07-29T06:37:27+00:00","article_modified_time":"2024-07-31T06:46:06+00:00","og_image":[{"url":"http:\/\/www.peoplesphere.be\/fr\/wp-content\/uploads\/2016\/07\/facebook-default-posting-1200x628px.jpg"}],"author":"Jean-Paul Erhard","twitter_card":"summary_large_image","twitter_creator":"@PeoplesphereMag","twitter_site":"@PeoplesphereMag","twitter_misc":{"\u00c9crit par":"Jean-Paul Erhard","Dur\u00e9e de lecture estim\u00e9e":"6 minutes"},"schema":{"@context":"https:\/\/schema.org","@graph":[{"@type":"Article","@id":"https:\/\/peoplesphere.be\/fr\/deficit-de-confiance-vis-a-vis-des-pouvoirs-publics-le-fosse-se-creuse-entre-les-gouvernements-et-les-citoyens\/#article","isPartOf":{"@id":"https:\/\/peoplesphere.be\/fr\/deficit-de-confiance-vis-a-vis-des-pouvoirs-publics-le-fosse-se-creuse-entre-les-gouvernements-et-les-citoyens\/"},"author":{"name":"Jean-Paul Erhard","@id":"https:\/\/peoplesphere.be\/fr\/#\/schema\/person\/7976225ff17988604334abb7b3536a7e"},"headline":"D\u00e9ficit de confiance vis-\u00e0-vis des pouvoirs publics: le foss\u00e9 se creuse entre les gouvernements et les citoyens.","datePublished":"2024-07-29T06:37:27+00:00","dateModified":"2024-07-31T06:46:06+00:00","mainEntityOfPage":{"@id":"https:\/\/peoplesphere.be\/fr\/deficit-de-confiance-vis-a-vis-des-pouvoirs-publics-le-fosse-se-creuse-entre-les-gouvernements-et-les-citoyens\/"},"wordCount":1289,"publisher":{"@id":"https:\/\/peoplesphere.be\/fr\/#organization"},"keywords":["confiance","finances publiques","pouvoirs publics","protection des donn\u00e9es"],"articleSection":["Actualit\u00e9s","Digital"],"inLanguage":"fr-FR"},{"@type":"WebPage","@id":"https:\/\/peoplesphere.be\/fr\/deficit-de-confiance-vis-a-vis-des-pouvoirs-publics-le-fosse-se-creuse-entre-les-gouvernements-et-les-citoyens\/","url":"https:\/\/peoplesphere.be\/fr\/deficit-de-confiance-vis-a-vis-des-pouvoirs-publics-le-fosse-se-creuse-entre-les-gouvernements-et-les-citoyens\/","name":"D\u00e9ficit de confiance vis-\u00e0-vis des pouvoirs publics: le foss\u00e9 se creuse entre les gouvernements et les citoyens. - Peoplesphere","isPartOf":{"@id":"https:\/\/peoplesphere.be\/fr\/#website"},"datePublished":"2024-07-29T06:37:27+00:00","dateModified":"2024-07-31T06:46:06+00:00","breadcrumb":{"@id":"https:\/\/peoplesphere.be\/fr\/deficit-de-confiance-vis-a-vis-des-pouvoirs-publics-le-fosse-se-creuse-entre-les-gouvernements-et-les-citoyens\/#breadcrumb"},"inLanguage":"fr-FR","potentialAction":[{"@type":"ReadAction","target":["https:\/\/peoplesphere.be\/fr\/deficit-de-confiance-vis-a-vis-des-pouvoirs-publics-le-fosse-se-creuse-entre-les-gouvernements-et-les-citoyens\/"]}]},{"@type":"BreadcrumbList","@id":"https:\/\/peoplesphere.be\/fr\/deficit-de-confiance-vis-a-vis-des-pouvoirs-publics-le-fosse-se-creuse-entre-les-gouvernements-et-les-citoyens\/#breadcrumb","itemListElement":[{"@type":"ListItem","position":1,"name":"Accueil","item":"https:\/\/peoplesphere.be\/fr\/"},{"@type":"ListItem","position":2,"name":"D\u00e9ficit de confiance vis-\u00e0-vis des pouvoirs publics: le foss\u00e9 se creuse entre les gouvernements et les citoyens."}]},{"@type":"WebSite","@id":"https:\/\/peoplesphere.be\/fr\/#website","url":"https:\/\/peoplesphere.be\/fr\/","name":"Peoplesphere","description":"The People Managers Magazine","publisher":{"@id":"https:\/\/peoplesphere.be\/fr\/#organization"},"potentialAction":[{"@type":"SearchAction","target":{"@type":"EntryPoint","urlTemplate":"https:\/\/peoplesphere.be\/fr\/?s={search_term_string}"},"query-input":"required name=search_term_string"}],"inLanguage":"fr-FR"},{"@type":"Organization","@id":"https:\/\/peoplesphere.be\/fr\/#organization","name":"Peoplesphere Company srl","url":"https:\/\/peoplesphere.be\/fr\/","logo":{"@type":"ImageObject","inLanguage":"fr-FR","@id":"https:\/\/peoplesphere.be\/fr\/#\/schema\/logo\/image\/","url":"https:\/\/peoplesphere.be\/fr\/wp-content\/uploads\/2023\/07\/peoplesphere-lgo-new-generik.jpg","contentUrl":"https:\/\/peoplesphere.be\/fr\/wp-content\/uploads\/2023\/07\/peoplesphere-lgo-new-generik.jpg","width":1031,"height":1479,"caption":"Peoplesphere Company srl"},"image":{"@id":"https:\/\/peoplesphere.be\/fr\/#\/schema\/logo\/image\/"},"sameAs":["https:\/\/www.facebook.com\/peoplesphere","https:\/\/twitter.com\/PeoplesphereMag","https:\/\/www.linkedin.com\/company\/7587361?trk","http:\/\/youtube.com\/peoplesphere"]},{"@type":"Person","@id":"https:\/\/peoplesphere.be\/fr\/#\/schema\/person\/7976225ff17988604334abb7b3536a7e","name":"Jean-Paul Erhard","image":{"@type":"ImageObject","inLanguage":"fr-FR","@id":"https:\/\/peoplesphere.be\/fr\/#\/schema\/person\/image\/","url":"https:\/\/secure.gravatar.com\/avatar\/f941e681460179738071629a51574930?s=96&d=mm&r=g","contentUrl":"https:\/\/secure.gravatar.com\/avatar\/f941e681460179738071629a51574930?s=96&d=mm&r=g","caption":"Jean-Paul Erhard"},"url":"https:\/\/peoplesphere.be\/fr\/author\/jpe\/"}]}},"_links":{"self":[{"href":"https:\/\/peoplesphere.be\/fr\/wp-json\/wp\/v2\/posts\/16519"}],"collection":[{"href":"https:\/\/peoplesphere.be\/fr\/wp-json\/wp\/v2\/posts"}],"about":[{"href":"https:\/\/peoplesphere.be\/fr\/wp-json\/wp\/v2\/types\/post"}],"author":[{"embeddable":true,"href":"https:\/\/peoplesphere.be\/fr\/wp-json\/wp\/v2\/users\/2"}],"replies":[{"embeddable":true,"href":"https:\/\/peoplesphere.be\/fr\/wp-json\/wp\/v2\/comments?post=16519"}],"version-history":[{"count":3,"href":"https:\/\/peoplesphere.be\/fr\/wp-json\/wp\/v2\/posts\/16519\/revisions"}],"predecessor-version":[{"id":16522,"href":"https:\/\/peoplesphere.be\/fr\/wp-json\/wp\/v2\/posts\/16519\/revisions\/16522"}],"wp:attachment":[{"href":"https:\/\/peoplesphere.be\/fr\/wp-json\/wp\/v2\/media?parent=16519"}],"wp:term":[{"taxonomy":"category","embeddable":true,"href":"https:\/\/peoplesphere.be\/fr\/wp-json\/wp\/v2\/categories?post=16519"},{"taxonomy":"post_tag","embeddable":true,"href":"https:\/\/peoplesphere.be\/fr\/wp-json\/wp\/v2\/tags?post=16519"}],"curies":[{"name":"wp","href":"https:\/\/api.w.org\/{rel}","templated":true}]}}