









{"id":16553,"date":"2024-08-08T12:24:54","date_gmt":"2024-08-08T10:24:54","guid":{"rendered":"https:\/\/peoplesphere.be\/fr\/?p=16553"},"modified":"2024-08-08T12:24:54","modified_gmt":"2024-08-08T10:24:54","slug":"rebondir-apres-un-licenciement-les-penuries-sur-le-marche-du-travail-renforcent-encore-lefficacite-de-loutplacement","status":"publish","type":"post","link":"https:\/\/peoplesphere.be\/fr\/rebondir-apres-un-licenciement-les-penuries-sur-le-marche-du-travail-renforcent-encore-lefficacite-de-loutplacement\/","title":{"rendered":"Rebondir apr\u00e8s un licenciement: les p\u00e9nuries sur le march\u00e9 du travail renforcent encore l&rsquo;efficacit\u00e9 de l&rsquo;outplacement."},"content":{"rendered":"<p>Au cours du premier trimestre de cette ann\u00e9e, 73% des personnes ayant fait l&rsquo;objet d&rsquo;un licenciement collectif ont retrouv\u00e9 un emploi dans les trois mois gr\u00e2ce \u00e0 l&rsquo;outplacement. Les travailleurs licenci\u00e9s, \u00e0 condition de b\u00e9n\u00e9ficier d&rsquo;un accompagnement ad\u00e9quat, voient leurs chances de retrouver un nouvel emploi augmenter.<!--more--><\/p>\n<p>Les p\u00e9nuries de main-d\u2019\u0153uvre font rage, malgr\u00e9 la d\u00e9t\u00e9rioration de la conjoncture \u00e9conomique. Le nombre de trajets d&rsquo;accompagnement entam\u00e9s augmente, et davantage de trajets d\u00e9bouchent sur un nouvel emploi. \u00ab\u00a0<em>Les travailleurs sont en position de force sur le march\u00e9 du travail\u00a0\u00bb<\/em>, constate Paul Verschueren, Director Economic Affairs chez Federgon.<\/p>\n<p>L&rsquo;outplacement est en progression. Le nombre de trajets d&rsquo;outplacement entam\u00e9s est pass\u00e9 de 10.683 en 2022 \u00e0 15.420 l&rsquo;an dernier, et au premier trimestre 2024, le compteur affiche d\u00e9j\u00e0 3.958 trajets. La d\u00e9gradation de la conjoncture \u00e9conomique, qui se traduit par une augmentation du nombre de restructurations et de faillites entra\u00eenant des licenciements collectifs, provoque une forte hausse du nombre d&rsquo;accompagnements en outplacement.<\/p>\n<p>Les travailleurs licenci\u00e9s, \u00e0 condition de b\u00e9n\u00e9ficier d&rsquo;un accompagnement ad\u00e9quat, voient leurs chances de retrouver un nouvel emploi augmenter. Les p\u00e9nuries sur le march\u00e9 du travail font rage, et les demandeurs d&#8217;emploi sont donc en position de force dans leur recherche d&rsquo;un nouvel emploi.<\/p>\n<h3><strong><em>Davantage d&rsquo;entr\u00e9es en outplacement, et une hausse du taux d\u2019accompagnements r\u00e9ussis<\/em><\/strong><\/h3>\n<p>La d\u00e9t\u00e9rioration de la conjoncture \u00e9conomique et les p\u00e9nuries sur le march\u00e9 du travail se traduisent par une augmentation du nombre de trajets d&rsquo;outplacement entam\u00e9s, mais aussi par un taux de placement plus \u00e9lev\u00e9.<\/p>\n<p>Alors que le pourcentage de participants \u00e0 un outplacement ayant trouv\u00e9 un nouvel emploi au cours de la p\u00e9riode d&rsquo;accompagnement (de 3 ou 6 mois) \u00e9tait de 50% en 2022, ce chiffre est pass\u00e9 \u00e0 73% au premier trimestre 2024. Pour les trajets d\u2019outplacement apr\u00e8s licenciement individuel, le taux de placement des participants est \u00e9galement en hausse : il est pass\u00e9 de 57% en 2022 \u00e0 67% au premier trimestre de cette ann\u00e9e.<\/p>\n<p><em>\u00ab\u00a0Les employeurs sont d\u00e9sesp\u00e9r\u00e9ment \u00e0 la recherche de talents\u00a0\u00bb,<\/em> conclut Paul Verschueren. <em>\u00ab\u00a0Un licenciement peut \u00eatre une p\u00e9riode tr\u00e8s perturbante et g\u00e9n\u00e9rer beaucoup d&rsquo;incertitude, mais c&rsquo;est une bonne nouvelle que les gens retrouvent rapidement leur place sur le march\u00e9 du travail.\u00a0\u00bb<\/em><\/p>\n<p>&nbsp;<\/p>\n<p><em>Source: Federgon<\/em><\/p>\n","protected":false},"excerpt":{"rendered":"<p>Au cours du premier trimestre de cette ann\u00e9e, 73% des personnes ayant fait l&rsquo;objet d&rsquo;un licenciement collectif ont retrouv\u00e9 un emploi dans les trois mois gr\u00e2ce \u00e0 l&rsquo;outplacement. Les travailleurs licenci\u00e9s, \u00e0 condition de b\u00e9n\u00e9ficier d&rsquo;un accompagnement ad\u00e9quat, voient leurs [&hellip;]<\/p>\n","protected":false},"author":2,"featured_media":0,"comment_status":"closed","ping_status":"open","sticky":false,"template":"","format":"standard","meta":[],"categories":[65,10],"tags":[134,585,321,264,891],"yoast_head":"<!-- This site is optimized with the Yoast SEO plugin v21.0 - https:\/\/yoast.com\/wordpress\/plugins\/seo\/ -->\n<title>Rebondir apr\u00e8s un licenciement: les p\u00e9nuries sur le march\u00e9 du travail renforcent encore l&#039;efficacit\u00e9 de l&#039;outplacement. - Peoplesphere<\/title>\n<meta name=\"robots\" content=\"index, follow, max-snippet:-1, max-image-preview:large, max-video-preview:-1\" \/>\n<link rel=\"canonical\" href=\"https:\/\/peoplesphere.be\/fr\/rebondir-apres-un-licenciement-les-penuries-sur-le-marche-du-travail-renforcent-encore-lefficacite-de-loutplacement\/\" \/>\n<meta property=\"og:locale\" content=\"fr_FR\" \/>\n<meta property=\"og:type\" content=\"article\" \/>\n<meta property=\"og:title\" content=\"Rebondir apr\u00e8s un licenciement: les p\u00e9nuries sur le march\u00e9 du travail renforcent encore l&#039;efficacit\u00e9 de l&#039;outplacement. - Peoplesphere\" \/>\n<meta property=\"og:description\" content=\"Au cours du premier trimestre de cette ann\u00e9e, 73% des personnes ayant fait l&rsquo;objet d&rsquo;un licenciement collectif ont retrouv\u00e9 un emploi dans les trois mois gr\u00e2ce \u00e0 l&rsquo;outplacement. Les travailleurs licenci\u00e9s, \u00e0 condition de b\u00e9n\u00e9ficier d&rsquo;un accompagnement ad\u00e9quat, voient leurs [&hellip;]\" \/>\n<meta property=\"og:url\" content=\"https:\/\/peoplesphere.be\/fr\/rebondir-apres-un-licenciement-les-penuries-sur-le-marche-du-travail-renforcent-encore-lefficacite-de-loutplacement\/\" \/>\n<meta property=\"og:site_name\" content=\"Peoplesphere\" \/>\n<meta property=\"article:publisher\" content=\"https:\/\/www.facebook.com\/peoplesphere\" \/>\n<meta property=\"article:published_time\" content=\"2024-08-08T10:24:54+00:00\" \/>\n<meta property=\"og:image\" content=\"http:\/\/www.peoplesphere.be\/fr\/wp-content\/uploads\/2016\/07\/facebook-default-posting-1200x628px.jpg\" \/>\n<meta name=\"author\" content=\"Jean-Paul Erhard\" \/>\n<meta name=\"twitter:card\" content=\"summary_large_image\" \/>\n<meta name=\"twitter:creator\" content=\"@PeoplesphereMag\" \/>\n<meta name=\"twitter:site\" content=\"@PeoplesphereMag\" \/>\n<meta name=\"twitter:label1\" content=\"\u00c9crit par\" \/>\n\t<meta name=\"twitter:data1\" content=\"Jean-Paul Erhard\" \/>\n\t<meta name=\"twitter:label2\" content=\"Dur\u00e9e de lecture estim\u00e9e\" \/>\n\t<meta name=\"twitter:data2\" content=\"2 minutes\" \/>\n<script type=\"application\/ld+json\" class=\"yoast-schema-graph\">{\"@context\":\"https:\/\/schema.org\",\"@graph\":[{\"@type\":\"Article\",\"@id\":\"https:\/\/peoplesphere.be\/fr\/rebondir-apres-un-licenciement-les-penuries-sur-le-marche-du-travail-renforcent-encore-lefficacite-de-loutplacement\/#article\",\"isPartOf\":{\"@id\":\"https:\/\/peoplesphere.be\/fr\/rebondir-apres-un-licenciement-les-penuries-sur-le-marche-du-travail-renforcent-encore-lefficacite-de-loutplacement\/\"},\"author\":{\"name\":\"Jean-Paul Erhard\",\"@id\":\"https:\/\/peoplesphere.be\/fr\/#\/schema\/person\/7976225ff17988604334abb7b3536a7e\"},\"headline\":\"Rebondir apr\u00e8s un licenciement: les p\u00e9nuries sur le march\u00e9 du travail renforcent encore l&rsquo;efficacit\u00e9 de l&rsquo;outplacement.\",\"datePublished\":\"2024-08-08T10:24:54+00:00\",\"dateModified\":\"2024-08-08T10:24:54+00:00\",\"mainEntityOfPage\":{\"@id\":\"https:\/\/peoplesphere.be\/fr\/rebondir-apres-un-licenciement-les-penuries-sur-le-marche-du-travail-renforcent-encore-lefficacite-de-loutplacement\/\"},\"wordCount\":398,\"publisher\":{\"@id\":\"https:\/\/peoplesphere.be\/fr\/#organization\"},\"keywords\":[\"licenciement\",\"march\u00e9 du travail\",\"outplacement\",\"p\u00e9nuries\",\"reclassement\"],\"articleSection\":[\"Actualit\u00e9s\",\"Digital\"],\"inLanguage\":\"fr-FR\"},{\"@type\":\"WebPage\",\"@id\":\"https:\/\/peoplesphere.be\/fr\/rebondir-apres-un-licenciement-les-penuries-sur-le-marche-du-travail-renforcent-encore-lefficacite-de-loutplacement\/\",\"url\":\"https:\/\/peoplesphere.be\/fr\/rebondir-apres-un-licenciement-les-penuries-sur-le-marche-du-travail-renforcent-encore-lefficacite-de-loutplacement\/\",\"name\":\"Rebondir apr\u00e8s un licenciement: les p\u00e9nuries sur le march\u00e9 du travail renforcent encore l'efficacit\u00e9 de l'outplacement. - Peoplesphere\",\"isPartOf\":{\"@id\":\"https:\/\/peoplesphere.be\/fr\/#website\"},\"datePublished\":\"2024-08-08T10:24:54+00:00\",\"dateModified\":\"2024-08-08T10:24:54+00:00\",\"breadcrumb\":{\"@id\":\"https:\/\/peoplesphere.be\/fr\/rebondir-apres-un-licenciement-les-penuries-sur-le-marche-du-travail-renforcent-encore-lefficacite-de-loutplacement\/#breadcrumb\"},\"inLanguage\":\"fr-FR\",\"potentialAction\":[{\"@type\":\"ReadAction\",\"target\":[\"https:\/\/peoplesphere.be\/fr\/rebondir-apres-un-licenciement-les-penuries-sur-le-marche-du-travail-renforcent-encore-lefficacite-de-loutplacement\/\"]}]},{\"@type\":\"BreadcrumbList\",\"@id\":\"https:\/\/peoplesphere.be\/fr\/rebondir-apres-un-licenciement-les-penuries-sur-le-marche-du-travail-renforcent-encore-lefficacite-de-loutplacement\/#breadcrumb\",\"itemListElement\":[{\"@type\":\"ListItem\",\"position\":1,\"name\":\"Accueil\",\"item\":\"https:\/\/peoplesphere.be\/fr\/\"},{\"@type\":\"ListItem\",\"position\":2,\"name\":\"Rebondir apr\u00e8s un licenciement: les p\u00e9nuries sur le march\u00e9 du travail renforcent encore l&rsquo;efficacit\u00e9 de l&rsquo;outplacement.\"}]},{\"@type\":\"WebSite\",\"@id\":\"https:\/\/peoplesphere.be\/fr\/#website\",\"url\":\"https:\/\/peoplesphere.be\/fr\/\",\"name\":\"Peoplesphere\",\"description\":\"The People Managers Magazine\",\"publisher\":{\"@id\":\"https:\/\/peoplesphere.be\/fr\/#organization\"},\"potentialAction\":[{\"@type\":\"SearchAction\",\"target\":{\"@type\":\"EntryPoint\",\"urlTemplate\":\"https:\/\/peoplesphere.be\/fr\/?s={search_term_string}\"},\"query-input\":\"required name=search_term_string\"}],\"inLanguage\":\"fr-FR\"},{\"@type\":\"Organization\",\"@id\":\"https:\/\/peoplesphere.be\/fr\/#organization\",\"name\":\"Peoplesphere Company srl\",\"url\":\"https:\/\/peoplesphere.be\/fr\/\",\"logo\":{\"@type\":\"ImageObject\",\"inLanguage\":\"fr-FR\",\"@id\":\"https:\/\/peoplesphere.be\/fr\/#\/schema\/logo\/image\/\",\"url\":\"https:\/\/peoplesphere.be\/fr\/wp-content\/uploads\/2023\/07\/peoplesphere-lgo-new-generik.jpg\",\"contentUrl\":\"https:\/\/peoplesphere.be\/fr\/wp-content\/uploads\/2023\/07\/peoplesphere-lgo-new-generik.jpg\",\"width\":1031,\"height\":1479,\"caption\":\"Peoplesphere Company srl\"},\"image\":{\"@id\":\"https:\/\/peoplesphere.be\/fr\/#\/schema\/logo\/image\/\"},\"sameAs\":[\"https:\/\/www.facebook.com\/peoplesphere\",\"https:\/\/twitter.com\/PeoplesphereMag\",\"https:\/\/www.linkedin.com\/company\/7587361?trk\",\"http:\/\/youtube.com\/peoplesphere\"]},{\"@type\":\"Person\",\"@id\":\"https:\/\/peoplesphere.be\/fr\/#\/schema\/person\/7976225ff17988604334abb7b3536a7e\",\"name\":\"Jean-Paul Erhard\",\"image\":{\"@type\":\"ImageObject\",\"inLanguage\":\"fr-FR\",\"@id\":\"https:\/\/peoplesphere.be\/fr\/#\/schema\/person\/image\/\",\"url\":\"https:\/\/secure.gravatar.com\/avatar\/f941e681460179738071629a51574930?s=96&d=mm&r=g\",\"contentUrl\":\"https:\/\/secure.gravatar.com\/avatar\/f941e681460179738071629a51574930?s=96&d=mm&r=g\",\"caption\":\"Jean-Paul Erhard\"},\"url\":\"https:\/\/peoplesphere.be\/fr\/author\/jpe\/\"}]}<\/script>\n<!-- \/ Yoast SEO plugin. -->","yoast_head_json":{"title":"Rebondir apr\u00e8s un licenciement: les p\u00e9nuries sur le march\u00e9 du travail renforcent encore l'efficacit\u00e9 de l'outplacement. - Peoplesphere","robots":{"index":"index","follow":"follow","max-snippet":"max-snippet:-1","max-image-preview":"max-image-preview:large","max-video-preview":"max-video-preview:-1"},"canonical":"https:\/\/peoplesphere.be\/fr\/rebondir-apres-un-licenciement-les-penuries-sur-le-marche-du-travail-renforcent-encore-lefficacite-de-loutplacement\/","og_locale":"fr_FR","og_type":"article","og_title":"Rebondir apr\u00e8s un licenciement: les p\u00e9nuries sur le march\u00e9 du travail renforcent encore l'efficacit\u00e9 de l'outplacement. - Peoplesphere","og_description":"Au cours du premier trimestre de cette ann\u00e9e, 73% des personnes ayant fait l&rsquo;objet d&rsquo;un licenciement collectif ont retrouv\u00e9 un emploi dans les trois mois gr\u00e2ce \u00e0 l&rsquo;outplacement. Les travailleurs licenci\u00e9s, \u00e0 condition de b\u00e9n\u00e9ficier d&rsquo;un accompagnement ad\u00e9quat, voient leurs [&hellip;]","og_url":"https:\/\/peoplesphere.be\/fr\/rebondir-apres-un-licenciement-les-penuries-sur-le-marche-du-travail-renforcent-encore-lefficacite-de-loutplacement\/","og_site_name":"Peoplesphere","article_publisher":"https:\/\/www.facebook.com\/peoplesphere","article_published_time":"2024-08-08T10:24:54+00:00","og_image":[{"url":"http:\/\/www.peoplesphere.be\/fr\/wp-content\/uploads\/2016\/07\/facebook-default-posting-1200x628px.jpg"}],"author":"Jean-Paul Erhard","twitter_card":"summary_large_image","twitter_creator":"@PeoplesphereMag","twitter_site":"@PeoplesphereMag","twitter_misc":{"\u00c9crit par":"Jean-Paul Erhard","Dur\u00e9e de lecture estim\u00e9e":"2 minutes"},"schema":{"@context":"https:\/\/schema.org","@graph":[{"@type":"Article","@id":"https:\/\/peoplesphere.be\/fr\/rebondir-apres-un-licenciement-les-penuries-sur-le-marche-du-travail-renforcent-encore-lefficacite-de-loutplacement\/#article","isPartOf":{"@id":"https:\/\/peoplesphere.be\/fr\/rebondir-apres-un-licenciement-les-penuries-sur-le-marche-du-travail-renforcent-encore-lefficacite-de-loutplacement\/"},"author":{"name":"Jean-Paul Erhard","@id":"https:\/\/peoplesphere.be\/fr\/#\/schema\/person\/7976225ff17988604334abb7b3536a7e"},"headline":"Rebondir apr\u00e8s un licenciement: les p\u00e9nuries sur le march\u00e9 du travail renforcent encore l&rsquo;efficacit\u00e9 de l&rsquo;outplacement.","datePublished":"2024-08-08T10:24:54+00:00","dateModified":"2024-08-08T10:24:54+00:00","mainEntityOfPage":{"@id":"https:\/\/peoplesphere.be\/fr\/rebondir-apres-un-licenciement-les-penuries-sur-le-marche-du-travail-renforcent-encore-lefficacite-de-loutplacement\/"},"wordCount":398,"publisher":{"@id":"https:\/\/peoplesphere.be\/fr\/#organization"},"keywords":["licenciement","march\u00e9 du travail","outplacement","p\u00e9nuries","reclassement"],"articleSection":["Actualit\u00e9s","Digital"],"inLanguage":"fr-FR"},{"@type":"WebPage","@id":"https:\/\/peoplesphere.be\/fr\/rebondir-apres-un-licenciement-les-penuries-sur-le-marche-du-travail-renforcent-encore-lefficacite-de-loutplacement\/","url":"https:\/\/peoplesphere.be\/fr\/rebondir-apres-un-licenciement-les-penuries-sur-le-marche-du-travail-renforcent-encore-lefficacite-de-loutplacement\/","name":"Rebondir apr\u00e8s un licenciement: les p\u00e9nuries sur le march\u00e9 du travail renforcent encore l'efficacit\u00e9 de l'outplacement. - Peoplesphere","isPartOf":{"@id":"https:\/\/peoplesphere.be\/fr\/#website"},"datePublished":"2024-08-08T10:24:54+00:00","dateModified":"2024-08-08T10:24:54+00:00","breadcrumb":{"@id":"https:\/\/peoplesphere.be\/fr\/rebondir-apres-un-licenciement-les-penuries-sur-le-marche-du-travail-renforcent-encore-lefficacite-de-loutplacement\/#breadcrumb"},"inLanguage":"fr-FR","potentialAction":[{"@type":"ReadAction","target":["https:\/\/peoplesphere.be\/fr\/rebondir-apres-un-licenciement-les-penuries-sur-le-marche-du-travail-renforcent-encore-lefficacite-de-loutplacement\/"]}]},{"@type":"BreadcrumbList","@id":"https:\/\/peoplesphere.be\/fr\/rebondir-apres-un-licenciement-les-penuries-sur-le-marche-du-travail-renforcent-encore-lefficacite-de-loutplacement\/#breadcrumb","itemListElement":[{"@type":"ListItem","position":1,"name":"Accueil","item":"https:\/\/peoplesphere.be\/fr\/"},{"@type":"ListItem","position":2,"name":"Rebondir apr\u00e8s un licenciement: les p\u00e9nuries sur le march\u00e9 du travail renforcent encore l&rsquo;efficacit\u00e9 de l&rsquo;outplacement."}]},{"@type":"WebSite","@id":"https:\/\/peoplesphere.be\/fr\/#website","url":"https:\/\/peoplesphere.be\/fr\/","name":"Peoplesphere","description":"The People Managers Magazine","publisher":{"@id":"https:\/\/peoplesphere.be\/fr\/#organization"},"potentialAction":[{"@type":"SearchAction","target":{"@type":"EntryPoint","urlTemplate":"https:\/\/peoplesphere.be\/fr\/?s={search_term_string}"},"query-input":"required name=search_term_string"}],"inLanguage":"fr-FR"},{"@type":"Organization","@id":"https:\/\/peoplesphere.be\/fr\/#organization","name":"Peoplesphere Company srl","url":"https:\/\/peoplesphere.be\/fr\/","logo":{"@type":"ImageObject","inLanguage":"fr-FR","@id":"https:\/\/peoplesphere.be\/fr\/#\/schema\/logo\/image\/","url":"https:\/\/peoplesphere.be\/fr\/wp-content\/uploads\/2023\/07\/peoplesphere-lgo-new-generik.jpg","contentUrl":"https:\/\/peoplesphere.be\/fr\/wp-content\/uploads\/2023\/07\/peoplesphere-lgo-new-generik.jpg","width":1031,"height":1479,"caption":"Peoplesphere Company srl"},"image":{"@id":"https:\/\/peoplesphere.be\/fr\/#\/schema\/logo\/image\/"},"sameAs":["https:\/\/www.facebook.com\/peoplesphere","https:\/\/twitter.com\/PeoplesphereMag","https:\/\/www.linkedin.com\/company\/7587361?trk","http:\/\/youtube.com\/peoplesphere"]},{"@type":"Person","@id":"https:\/\/peoplesphere.be\/fr\/#\/schema\/person\/7976225ff17988604334abb7b3536a7e","name":"Jean-Paul Erhard","image":{"@type":"ImageObject","inLanguage":"fr-FR","@id":"https:\/\/peoplesphere.be\/fr\/#\/schema\/person\/image\/","url":"https:\/\/secure.gravatar.com\/avatar\/f941e681460179738071629a51574930?s=96&d=mm&r=g","contentUrl":"https:\/\/secure.gravatar.com\/avatar\/f941e681460179738071629a51574930?s=96&d=mm&r=g","caption":"Jean-Paul Erhard"},"url":"https:\/\/peoplesphere.be\/fr\/author\/jpe\/"}]}},"_links":{"self":[{"href":"https:\/\/peoplesphere.be\/fr\/wp-json\/wp\/v2\/posts\/16553"}],"collection":[{"href":"https:\/\/peoplesphere.be\/fr\/wp-json\/wp\/v2\/posts"}],"about":[{"href":"https:\/\/peoplesphere.be\/fr\/wp-json\/wp\/v2\/types\/post"}],"author":[{"embeddable":true,"href":"https:\/\/peoplesphere.be\/fr\/wp-json\/wp\/v2\/users\/2"}],"replies":[{"embeddable":true,"href":"https:\/\/peoplesphere.be\/fr\/wp-json\/wp\/v2\/comments?post=16553"}],"version-history":[{"count":1,"href":"https:\/\/peoplesphere.be\/fr\/wp-json\/wp\/v2\/posts\/16553\/revisions"}],"predecessor-version":[{"id":16554,"href":"https:\/\/peoplesphere.be\/fr\/wp-json\/wp\/v2\/posts\/16553\/revisions\/16554"}],"wp:attachment":[{"href":"https:\/\/peoplesphere.be\/fr\/wp-json\/wp\/v2\/media?parent=16553"}],"wp:term":[{"taxonomy":"category","embeddable":true,"href":"https:\/\/peoplesphere.be\/fr\/wp-json\/wp\/v2\/categories?post=16553"},{"taxonomy":"post_tag","embeddable":true,"href":"https:\/\/peoplesphere.be\/fr\/wp-json\/wp\/v2\/tags?post=16553"}],"curies":[{"name":"wp","href":"https:\/\/api.w.org\/{rel}","templated":true}]}}