









{"id":16561,"date":"2024-08-10T06:50:13","date_gmt":"2024-08-10T04:50:13","guid":{"rendered":"https:\/\/peoplesphere.be\/fr\/?p=16561"},"modified":"2024-08-13T06:54:20","modified_gmt":"2024-08-13T04:54:20","slug":"les-vacances-ne-sont-pas-finies-une-petite-dose-de-workation-avant-la-reprise","status":"publish","type":"post","link":"https:\/\/peoplesphere.be\/fr\/les-vacances-ne-sont-pas-finies-une-petite-dose-de-workation-avant-la-reprise\/","title":{"rendered":"Les vacances ne sont pas finies&#8230; Une petite dose de &lsquo;Workation&rsquo; avant la reprise?"},"content":{"rendered":"<p>Une grande moiti\u00e9 des vacances estivales est d\u00e9j\u00e0 \u00e9coul\u00e9e\u2026 Peut-\u00eatre avez-vous d\u00e9j\u00e0 pass\u00e9 de bonnes vacances, ou devez-vous encore r\u00e9server un voyage au soleil. 84 % des travailleurs hybrides envisagent de prolonger leurs vacances pour travailler \u00e0 distance*. L\u2019enqu\u00eate d\u2019International Workplace Group peut peut-\u00eatre vous aider \u00e0 choisir la bonne destination. Les villes ont \u00e9t\u00e9 \u00e9valu\u00e9es \u00e0 l\u2019aune de dix crit\u00e8res, dont le climat, le transport, la restauration et le d\u00e9bit de la connexion \u00e0 internet.<!--more--><\/p>\n<p>Le \u00ab\u00a0workation\u00a0\u00bb, autrement dit le fait de travailler depuis l\u2019\u00e9tranger afin de prolonger ses vacances, est tr\u00e8s populaire depuis que le travail hybride est devenu la nouvelle normalit\u00e9. Il ressort des \u00e9tudes que 84 % des travailleurs hybrides envisagent de prolonger leurs vacances pour pouvoir travailler \u00e0 distance.<\/p>\n<p>Pour dresser la liste des trente meilleures destinations de workation, IWG a compar\u00e9 trente grandes villes \u00e0 l\u2019aune de dix crit\u00e8res.<\/p>\n<p>Les villes ont \u00e9t\u00e9 not\u00e9es sur une \u00e9chelle de 1 \u00e0 10 pour le climat, la culture, l\u2019h\u00e9bergement, le transport, l\u2019alimentation et les boissons, le bonheur, la largeur de bande de la connexion internet, la durabilit\u00e9 et la disponibilit\u00e9 de lieux de travail flexibles. Budapest, Barcelone et Rio de Janeiro montent sur le podium. Bruxelles n\u2019entre pas dans le top 10, mais obtient des r\u00e9sultats particuli\u00e8rement bons en termes de logement abordable (8,5 sur 10), de mobilit\u00e9 abordable (8,5 sur 10) et de durabilit\u00e9 (9 sur 10). Notre capitale se distingue \u00e9galement sur le plan de la culture \u00e0 la faveur de son offre diversifi\u00e9e de mus\u00e9es et de galeries (8\/10).<\/p>\n<h3><strong><em>Une tendance toujours plus populaire<\/em><\/strong><\/h3>\n<p>Pourquoi les workations sont-ils si populaires ? Les trois quarts des personnes interrog\u00e9es (75%) d\u00e9clarent que la libert\u00e9 de travailler n\u2019importe o\u00f9 augmente leur satisfaction professionnelle. Le m\u00eame nombre (74%) consid\u00e8re qu\u2019une \u00ab\u00a0politique de travail en tout lieu\u00a0\u00bb est un facteur d\u00e9terminant dans le choix d\u2019un nouvel emploi. Il ressort de l\u2019enqu\u00eate qu\u2019un meilleur \u00e9quilibre entre vie professionnelle et vie priv\u00e9e est l\u2019avantage le plus cit\u00e9 (76%) du travail en tout lieu. En outre, les possibilit\u00e9s de passer plus de temps avec les amis et la famille \u00e0 l\u2019\u00e9tranger (52%), d\u2019\u00e9conomiser de l\u2019argent en voyageant pendant les heures creuses (47%) et de profiter de vacances plus longues (30%) sont \u00e9galement cit\u00e9es au nombre des avantages d\u00e9terminants.<\/p>\n<p>Mark Dixon, fondateur et CEO d\u2019IWG, a comment\u00e9 cette actualit\u00e9 en ces termes : \u00ab\u00a0<em>Le travail hybride permet \u00e0 de plus en plus de travailleurs de travailler l\u00e0 o\u00f9 ils sont les plus productifs. Gr\u00e2ce \u00e0 la technologie d\u00e9mat\u00e9rialis\u00e9e, cela peut \u00eatre partout dans le monde, pour autant qu\u2019une connexion Internet rapide et fiable soit disponible. Rien d\u2019\u00e9tonnant d\u00e8s lors que de plus en plus de personnes ont l\u2019id\u00e9e de combiner travail et voyage, que ce soit pour quelques jours \u00e0 la fin des vacances ou pour quelques mois en mode \u00ab nomade digital \u00bb. Cette tendance est appel\u00e9e \u00e0 s\u2019acc\u00e9l\u00e9rer : de plus en plus d\u2019entreprises adopteront une politique de workation afin d\u2019am\u00e9liorer l\u2019\u00e9quilibre entre vie professionnelle et vie priv\u00e9e de leurs travailleurs, et de renforcer leur attrait en tant qu\u2019employeur.\u00a0\u00bb<\/em><\/p>\n<p>&nbsp;<\/p>\n<p><em>* Enqu\u00eate r\u00e9alis\u00e9e aupr\u00e8s de 1 021 employ\u00e9s de bureau en mode de travail hybride en juillet 2024 par Mortar Research. Mortar est accr\u00e9dit\u00e9e par Market Research Society (MRS) et l\u2019enqu\u00eate a \u00e9t\u00e9 men\u00e9e conform\u00e9ment \u00e0 ses directives.<\/em><\/p>\n","protected":false},"excerpt":{"rendered":"<p>Une grande moiti\u00e9 des vacances estivales est d\u00e9j\u00e0 \u00e9coul\u00e9e\u2026 Peut-\u00eatre avez-vous d\u00e9j\u00e0 pass\u00e9 de bonnes vacances, ou devez-vous encore r\u00e9server un voyage au soleil. 84 % des travailleurs hybrides envisagent de prolonger leurs vacances pour travailler \u00e0 distance*. L\u2019enqu\u00eate d\u2019International [&hellip;]<\/p>\n","protected":false},"author":2,"featured_media":16562,"comment_status":"closed","ping_status":"open","sticky":false,"template":"","format":"standard","meta":[],"categories":[65,10],"tags":[2974,3357,6,3672],"yoast_head":"<!-- This site is optimized with the Yoast SEO plugin v21.0 - https:\/\/yoast.com\/wordpress\/plugins\/seo\/ -->\n<title>Les vacances ne sont pas finies... Une petite dose de &#039;Workation&#039; avant la reprise? - Peoplesphere<\/title>\n<meta name=\"robots\" content=\"index, follow, max-snippet:-1, max-image-preview:large, max-video-preview:-1\" \/>\n<link rel=\"canonical\" href=\"https:\/\/peoplesphere.be\/fr\/les-vacances-ne-sont-pas-finies-une-petite-dose-de-workation-avant-la-reprise\/\" \/>\n<meta property=\"og:locale\" content=\"fr_FR\" \/>\n<meta property=\"og:type\" content=\"article\" \/>\n<meta property=\"og:title\" content=\"Les vacances ne sont pas finies... Une petite dose de &#039;Workation&#039; avant la reprise? - Peoplesphere\" \/>\n<meta property=\"og:description\" content=\"Une grande moiti\u00e9 des vacances estivales est d\u00e9j\u00e0 \u00e9coul\u00e9e\u2026 Peut-\u00eatre avez-vous d\u00e9j\u00e0 pass\u00e9 de bonnes vacances, ou devez-vous encore r\u00e9server un voyage au soleil. 84 % des travailleurs hybrides envisagent de prolonger leurs vacances pour travailler \u00e0 distance*. L\u2019enqu\u00eate d\u2019International [&hellip;]\" \/>\n<meta property=\"og:url\" content=\"https:\/\/peoplesphere.be\/fr\/les-vacances-ne-sont-pas-finies-une-petite-dose-de-workation-avant-la-reprise\/\" \/>\n<meta property=\"og:site_name\" content=\"Peoplesphere\" \/>\n<meta property=\"article:publisher\" content=\"https:\/\/www.facebook.com\/peoplesphere\" \/>\n<meta property=\"article:published_time\" content=\"2024-08-10T04:50:13+00:00\" \/>\n<meta property=\"article:modified_time\" content=\"2024-08-13T04:54:20+00:00\" \/>\n<meta property=\"og:image\" content=\"https:\/\/peoplesphere.be\/fr\/wp-content\/uploads\/2024\/08\/20240810workation.jpg\" \/>\n\t<meta property=\"og:image:width\" content=\"1920\" \/>\n\t<meta property=\"og:image:height\" content=\"1280\" \/>\n\t<meta property=\"og:image:type\" content=\"image\/jpeg\" \/>\n<meta name=\"author\" content=\"Jean-Paul Erhard\" \/>\n<meta name=\"twitter:card\" content=\"summary_large_image\" \/>\n<meta name=\"twitter:creator\" content=\"@PeoplesphereMag\" \/>\n<meta name=\"twitter:site\" content=\"@PeoplesphereMag\" \/>\n<meta name=\"twitter:label1\" content=\"\u00c9crit par\" \/>\n\t<meta name=\"twitter:data1\" content=\"Jean-Paul Erhard\" \/>\n\t<meta name=\"twitter:label2\" content=\"Dur\u00e9e de lecture estim\u00e9e\" \/>\n\t<meta name=\"twitter:data2\" content=\"3 minutes\" \/>\n<script type=\"application\/ld+json\" class=\"yoast-schema-graph\">{\"@context\":\"https:\/\/schema.org\",\"@graph\":[{\"@type\":\"Article\",\"@id\":\"https:\/\/peoplesphere.be\/fr\/les-vacances-ne-sont-pas-finies-une-petite-dose-de-workation-avant-la-reprise\/#article\",\"isPartOf\":{\"@id\":\"https:\/\/peoplesphere.be\/fr\/les-vacances-ne-sont-pas-finies-une-petite-dose-de-workation-avant-la-reprise\/\"},\"author\":{\"name\":\"Jean-Paul Erhard\",\"@id\":\"https:\/\/peoplesphere.be\/fr\/#\/schema\/person\/7976225ff17988604334abb7b3536a7e\"},\"headline\":\"Les vacances ne sont pas finies&#8230; Une petite dose de &lsquo;Workation&rsquo; avant la reprise?\",\"datePublished\":\"2024-08-10T04:50:13+00:00\",\"dateModified\":\"2024-08-13T04:54:20+00:00\",\"mainEntityOfPage\":{\"@id\":\"https:\/\/peoplesphere.be\/fr\/les-vacances-ne-sont-pas-finies-une-petite-dose-de-workation-avant-la-reprise\/\"},\"wordCount\":595,\"publisher\":{\"@id\":\"https:\/\/peoplesphere.be\/fr\/#organization\"},\"keywords\":[\"travail \u00e0 distance\",\"travail hybride\",\"Vacances\",\"workation\"],\"articleSection\":[\"Actualit\u00e9s\",\"Digital\"],\"inLanguage\":\"fr-FR\"},{\"@type\":\"WebPage\",\"@id\":\"https:\/\/peoplesphere.be\/fr\/les-vacances-ne-sont-pas-finies-une-petite-dose-de-workation-avant-la-reprise\/\",\"url\":\"https:\/\/peoplesphere.be\/fr\/les-vacances-ne-sont-pas-finies-une-petite-dose-de-workation-avant-la-reprise\/\",\"name\":\"Les vacances ne sont pas finies... Une petite dose de 'Workation' avant la reprise? - Peoplesphere\",\"isPartOf\":{\"@id\":\"https:\/\/peoplesphere.be\/fr\/#website\"},\"datePublished\":\"2024-08-10T04:50:13+00:00\",\"dateModified\":\"2024-08-13T04:54:20+00:00\",\"breadcrumb\":{\"@id\":\"https:\/\/peoplesphere.be\/fr\/les-vacances-ne-sont-pas-finies-une-petite-dose-de-workation-avant-la-reprise\/#breadcrumb\"},\"inLanguage\":\"fr-FR\",\"potentialAction\":[{\"@type\":\"ReadAction\",\"target\":[\"https:\/\/peoplesphere.be\/fr\/les-vacances-ne-sont-pas-finies-une-petite-dose-de-workation-avant-la-reprise\/\"]}]},{\"@type\":\"BreadcrumbList\",\"@id\":\"https:\/\/peoplesphere.be\/fr\/les-vacances-ne-sont-pas-finies-une-petite-dose-de-workation-avant-la-reprise\/#breadcrumb\",\"itemListElement\":[{\"@type\":\"ListItem\",\"position\":1,\"name\":\"Accueil\",\"item\":\"https:\/\/peoplesphere.be\/fr\/\"},{\"@type\":\"ListItem\",\"position\":2,\"name\":\"Les vacances ne sont pas finies&#8230; Une petite dose de &lsquo;Workation&rsquo; avant la reprise?\"}]},{\"@type\":\"WebSite\",\"@id\":\"https:\/\/peoplesphere.be\/fr\/#website\",\"url\":\"https:\/\/peoplesphere.be\/fr\/\",\"name\":\"Peoplesphere\",\"description\":\"The People Managers Magazine\",\"publisher\":{\"@id\":\"https:\/\/peoplesphere.be\/fr\/#organization\"},\"potentialAction\":[{\"@type\":\"SearchAction\",\"target\":{\"@type\":\"EntryPoint\",\"urlTemplate\":\"https:\/\/peoplesphere.be\/fr\/?s={search_term_string}\"},\"query-input\":\"required name=search_term_string\"}],\"inLanguage\":\"fr-FR\"},{\"@type\":\"Organization\",\"@id\":\"https:\/\/peoplesphere.be\/fr\/#organization\",\"name\":\"Peoplesphere Company srl\",\"url\":\"https:\/\/peoplesphere.be\/fr\/\",\"logo\":{\"@type\":\"ImageObject\",\"inLanguage\":\"fr-FR\",\"@id\":\"https:\/\/peoplesphere.be\/fr\/#\/schema\/logo\/image\/\",\"url\":\"https:\/\/peoplesphere.be\/fr\/wp-content\/uploads\/2023\/07\/peoplesphere-lgo-new-generik.jpg\",\"contentUrl\":\"https:\/\/peoplesphere.be\/fr\/wp-content\/uploads\/2023\/07\/peoplesphere-lgo-new-generik.jpg\",\"width\":1031,\"height\":1479,\"caption\":\"Peoplesphere Company srl\"},\"image\":{\"@id\":\"https:\/\/peoplesphere.be\/fr\/#\/schema\/logo\/image\/\"},\"sameAs\":[\"https:\/\/www.facebook.com\/peoplesphere\",\"https:\/\/twitter.com\/PeoplesphereMag\",\"https:\/\/www.linkedin.com\/company\/7587361?trk\",\"http:\/\/youtube.com\/peoplesphere\"]},{\"@type\":\"Person\",\"@id\":\"https:\/\/peoplesphere.be\/fr\/#\/schema\/person\/7976225ff17988604334abb7b3536a7e\",\"name\":\"Jean-Paul Erhard\",\"image\":{\"@type\":\"ImageObject\",\"inLanguage\":\"fr-FR\",\"@id\":\"https:\/\/peoplesphere.be\/fr\/#\/schema\/person\/image\/\",\"url\":\"https:\/\/secure.gravatar.com\/avatar\/f941e681460179738071629a51574930?s=96&d=mm&r=g\",\"contentUrl\":\"https:\/\/secure.gravatar.com\/avatar\/f941e681460179738071629a51574930?s=96&d=mm&r=g\",\"caption\":\"Jean-Paul Erhard\"},\"url\":\"https:\/\/peoplesphere.be\/fr\/author\/jpe\/\"}]}<\/script>\n<!-- \/ Yoast SEO plugin. -->","yoast_head_json":{"title":"Les vacances ne sont pas finies... Une petite dose de 'Workation' avant la reprise? - Peoplesphere","robots":{"index":"index","follow":"follow","max-snippet":"max-snippet:-1","max-image-preview":"max-image-preview:large","max-video-preview":"max-video-preview:-1"},"canonical":"https:\/\/peoplesphere.be\/fr\/les-vacances-ne-sont-pas-finies-une-petite-dose-de-workation-avant-la-reprise\/","og_locale":"fr_FR","og_type":"article","og_title":"Les vacances ne sont pas finies... Une petite dose de 'Workation' avant la reprise? - Peoplesphere","og_description":"Une grande moiti\u00e9 des vacances estivales est d\u00e9j\u00e0 \u00e9coul\u00e9e\u2026 Peut-\u00eatre avez-vous d\u00e9j\u00e0 pass\u00e9 de bonnes vacances, ou devez-vous encore r\u00e9server un voyage au soleil. 84 % des travailleurs hybrides envisagent de prolonger leurs vacances pour travailler \u00e0 distance*. L\u2019enqu\u00eate d\u2019International [&hellip;]","og_url":"https:\/\/peoplesphere.be\/fr\/les-vacances-ne-sont-pas-finies-une-petite-dose-de-workation-avant-la-reprise\/","og_site_name":"Peoplesphere","article_publisher":"https:\/\/www.facebook.com\/peoplesphere","article_published_time":"2024-08-10T04:50:13+00:00","article_modified_time":"2024-08-13T04:54:20+00:00","og_image":[{"width":1920,"height":1280,"url":"https:\/\/peoplesphere.be\/fr\/wp-content\/uploads\/2024\/08\/20240810workation.jpg","type":"image\/jpeg"}],"author":"Jean-Paul Erhard","twitter_card":"summary_large_image","twitter_creator":"@PeoplesphereMag","twitter_site":"@PeoplesphereMag","twitter_misc":{"\u00c9crit par":"Jean-Paul Erhard","Dur\u00e9e de lecture estim\u00e9e":"3 minutes"},"schema":{"@context":"https:\/\/schema.org","@graph":[{"@type":"Article","@id":"https:\/\/peoplesphere.be\/fr\/les-vacances-ne-sont-pas-finies-une-petite-dose-de-workation-avant-la-reprise\/#article","isPartOf":{"@id":"https:\/\/peoplesphere.be\/fr\/les-vacances-ne-sont-pas-finies-une-petite-dose-de-workation-avant-la-reprise\/"},"author":{"name":"Jean-Paul Erhard","@id":"https:\/\/peoplesphere.be\/fr\/#\/schema\/person\/7976225ff17988604334abb7b3536a7e"},"headline":"Les vacances ne sont pas finies&#8230; Une petite dose de &lsquo;Workation&rsquo; avant la reprise?","datePublished":"2024-08-10T04:50:13+00:00","dateModified":"2024-08-13T04:54:20+00:00","mainEntityOfPage":{"@id":"https:\/\/peoplesphere.be\/fr\/les-vacances-ne-sont-pas-finies-une-petite-dose-de-workation-avant-la-reprise\/"},"wordCount":595,"publisher":{"@id":"https:\/\/peoplesphere.be\/fr\/#organization"},"keywords":["travail \u00e0 distance","travail hybride","Vacances","workation"],"articleSection":["Actualit\u00e9s","Digital"],"inLanguage":"fr-FR"},{"@type":"WebPage","@id":"https:\/\/peoplesphere.be\/fr\/les-vacances-ne-sont-pas-finies-une-petite-dose-de-workation-avant-la-reprise\/","url":"https:\/\/peoplesphere.be\/fr\/les-vacances-ne-sont-pas-finies-une-petite-dose-de-workation-avant-la-reprise\/","name":"Les vacances ne sont pas finies... Une petite dose de 'Workation' avant la reprise? - Peoplesphere","isPartOf":{"@id":"https:\/\/peoplesphere.be\/fr\/#website"},"datePublished":"2024-08-10T04:50:13+00:00","dateModified":"2024-08-13T04:54:20+00:00","breadcrumb":{"@id":"https:\/\/peoplesphere.be\/fr\/les-vacances-ne-sont-pas-finies-une-petite-dose-de-workation-avant-la-reprise\/#breadcrumb"},"inLanguage":"fr-FR","potentialAction":[{"@type":"ReadAction","target":["https:\/\/peoplesphere.be\/fr\/les-vacances-ne-sont-pas-finies-une-petite-dose-de-workation-avant-la-reprise\/"]}]},{"@type":"BreadcrumbList","@id":"https:\/\/peoplesphere.be\/fr\/les-vacances-ne-sont-pas-finies-une-petite-dose-de-workation-avant-la-reprise\/#breadcrumb","itemListElement":[{"@type":"ListItem","position":1,"name":"Accueil","item":"https:\/\/peoplesphere.be\/fr\/"},{"@type":"ListItem","position":2,"name":"Les vacances ne sont pas finies&#8230; Une petite dose de &lsquo;Workation&rsquo; avant la reprise?"}]},{"@type":"WebSite","@id":"https:\/\/peoplesphere.be\/fr\/#website","url":"https:\/\/peoplesphere.be\/fr\/","name":"Peoplesphere","description":"The People Managers Magazine","publisher":{"@id":"https:\/\/peoplesphere.be\/fr\/#organization"},"potentialAction":[{"@type":"SearchAction","target":{"@type":"EntryPoint","urlTemplate":"https:\/\/peoplesphere.be\/fr\/?s={search_term_string}"},"query-input":"required name=search_term_string"}],"inLanguage":"fr-FR"},{"@type":"Organization","@id":"https:\/\/peoplesphere.be\/fr\/#organization","name":"Peoplesphere Company srl","url":"https:\/\/peoplesphere.be\/fr\/","logo":{"@type":"ImageObject","inLanguage":"fr-FR","@id":"https:\/\/peoplesphere.be\/fr\/#\/schema\/logo\/image\/","url":"https:\/\/peoplesphere.be\/fr\/wp-content\/uploads\/2023\/07\/peoplesphere-lgo-new-generik.jpg","contentUrl":"https:\/\/peoplesphere.be\/fr\/wp-content\/uploads\/2023\/07\/peoplesphere-lgo-new-generik.jpg","width":1031,"height":1479,"caption":"Peoplesphere Company srl"},"image":{"@id":"https:\/\/peoplesphere.be\/fr\/#\/schema\/logo\/image\/"},"sameAs":["https:\/\/www.facebook.com\/peoplesphere","https:\/\/twitter.com\/PeoplesphereMag","https:\/\/www.linkedin.com\/company\/7587361?trk","http:\/\/youtube.com\/peoplesphere"]},{"@type":"Person","@id":"https:\/\/peoplesphere.be\/fr\/#\/schema\/person\/7976225ff17988604334abb7b3536a7e","name":"Jean-Paul Erhard","image":{"@type":"ImageObject","inLanguage":"fr-FR","@id":"https:\/\/peoplesphere.be\/fr\/#\/schema\/person\/image\/","url":"https:\/\/secure.gravatar.com\/avatar\/f941e681460179738071629a51574930?s=96&d=mm&r=g","contentUrl":"https:\/\/secure.gravatar.com\/avatar\/f941e681460179738071629a51574930?s=96&d=mm&r=g","caption":"Jean-Paul Erhard"},"url":"https:\/\/peoplesphere.be\/fr\/author\/jpe\/"}]}},"_links":{"self":[{"href":"https:\/\/peoplesphere.be\/fr\/wp-json\/wp\/v2\/posts\/16561"}],"collection":[{"href":"https:\/\/peoplesphere.be\/fr\/wp-json\/wp\/v2\/posts"}],"about":[{"href":"https:\/\/peoplesphere.be\/fr\/wp-json\/wp\/v2\/types\/post"}],"author":[{"embeddable":true,"href":"https:\/\/peoplesphere.be\/fr\/wp-json\/wp\/v2\/users\/2"}],"replies":[{"embeddable":true,"href":"https:\/\/peoplesphere.be\/fr\/wp-json\/wp\/v2\/comments?post=16561"}],"version-history":[{"count":1,"href":"https:\/\/peoplesphere.be\/fr\/wp-json\/wp\/v2\/posts\/16561\/revisions"}],"predecessor-version":[{"id":16563,"href":"https:\/\/peoplesphere.be\/fr\/wp-json\/wp\/v2\/posts\/16561\/revisions\/16563"}],"wp:featuredmedia":[{"embeddable":true,"href":"https:\/\/peoplesphere.be\/fr\/wp-json\/wp\/v2\/media\/16562"}],"wp:attachment":[{"href":"https:\/\/peoplesphere.be\/fr\/wp-json\/wp\/v2\/media?parent=16561"}],"wp:term":[{"taxonomy":"category","embeddable":true,"href":"https:\/\/peoplesphere.be\/fr\/wp-json\/wp\/v2\/categories?post=16561"},{"taxonomy":"post_tag","embeddable":true,"href":"https:\/\/peoplesphere.be\/fr\/wp-json\/wp\/v2\/tags?post=16561"}],"curies":[{"name":"wp","href":"https:\/\/api.w.org\/{rel}","templated":true}]}}