









{"id":16610,"date":"2024-08-23T16:39:42","date_gmt":"2024-08-23T14:39:42","guid":{"rendered":"https:\/\/peoplesphere.be\/fr\/?p=16610"},"modified":"2024-08-23T16:39:42","modified_gmt":"2024-08-23T14:39:42","slug":"prevention-protection-au-travail-laudition-des-jeunes-travailleurs-sameliore-a-nous-de-la-preserver-sur-le-lieu-de-travail","status":"publish","type":"post","link":"https:\/\/peoplesphere.be\/fr\/prevention-protection-au-travail-laudition-des-jeunes-travailleurs-sameliore-a-nous-de-la-preserver-sur-le-lieu-de-travail\/","title":{"rendered":"Pr\u00e9vention &#038; Protection au travail: l&rsquo;audition des jeunes travailleurs s&rsquo;am\u00e9liore, \u00e0 nous de la pr\u00e9server sur le lieu de travail."},"content":{"rendered":"<p>Il appara\u00eet que l&rsquo;audition des jeunes Belges s&rsquo;est am\u00e9lior\u00e9e ces derni\u00e8res ann\u00e9es. La proportion de jeunes pr\u00e9sentant en 2023 des l\u00e9sions auditives d\u00e9butantes dans le groupe des 18-22 ans est inf\u00e9rieure de 7,2% \u00e0 celle des 18-22 ans en 2008. En outre, les jeunes de plus de 22 ans expos\u00e9s au bruit dans le cadre de leur travail pr\u00e9sentent eux aussi moins vite des pertes auditives gr\u00e2ce \u00e0 une bonne approche pr\u00e9ventive.<!--more--><\/p>\n<p>En tant que service de pr\u00e9vention externe, Liantis proc\u00e8de dans ce pays \u00e0 de nombreux examens m\u00e9dicaux sur des collaborateurs. De 2008 \u00e0 2023, des centaines de milliers de travailleurs ont ainsi \u00e9t\u00e9 soumis \u00e0 des examens. Sur les 636.268 travailleurs diff\u00e9rents examin\u00e9s durant cette p\u00e9riode, le tout premier test auditif effectu\u00e9 par Liantis a \u00e9t\u00e9 repris dans l\u2019\u00e9tude.<\/p>\n<p><em>\u00ab\u00a0Nous voulions d\u00e9terminer si nous pouvions confirmer lors de nos tests auditifs les effets n\u00e9gatifs de l&rsquo;exposition professionnelle au bruit et voir si des effets positifs dus \u00e0 des actions pr\u00e9ventives \u00e9taient constat\u00e9s. C&rsquo;est pourquoi nous avons d&rsquo;abord analys\u00e9 l&rsquo;audition d&rsquo;une population jeune et en bonne sant\u00e9, qui n&rsquo;avait pas encore \u00e9t\u00e9 expos\u00e9e au bruit dans le cadre du travail\u00a0\u00bb,<\/em> explique Tom Geens, chercheur chez Liantis.<\/p>\n<p>Mais l\u2019analyse de ce sous-groupe de 82 779 travailleurs \u00e2g\u00e9s de 18 \u00e0 22 ans a r\u00e9v\u00e9l\u00e9 quelque chose de frappant. <em>\u00ab\u00a0Cette analyse nous a permis de constater une diff\u00e9rence entre les premiers tests auditifs r\u00e9alis\u00e9s sur 5.710 jeunes travailleurs en 2008 et ceux effectu\u00e9s sur 5.013 jeunes travailleurs en 2023. Nous avons clairement vu que les r\u00e9sultats des tests auditifs des jeunes en 2023 \u00e9taient meilleurs que ceux de 2008. Nous avons examin\u00e9 l&rsquo;\u00e9volution de l&rsquo;occurrence des noisedips (diff\u00e9rences de plus de 10 dB entre des fr\u00e9quences test\u00e9es cons\u00e9cutives dans la m\u00eame oreille). Les noisedips sont un indicateur de l\u00e9sions auditives naissantes. Par cons\u00e9quent, moins nous en d\u00e9tectons, mieux c&rsquo;est. La proportion de noisedips chez nos jeunes est pass\u00e9e de 57,2% \u00e0 50,0%. Nous ne nous attendions pas \u00e0 une telle am\u00e9lioration au fil des ans, mais elle nous para\u00eet \u00e9videmment tr\u00e8s positive. Les jeunes d&rsquo;aujourd&rsquo;hui commencent donc en moyenne leur carri\u00e8re avec une meilleure audition que leurs pr\u00e9d\u00e9cesseurs et notre t\u00e2che consiste \u00e0 essayer de maintenir autant que possible leur niveau d\u2019audition tout au long de leur carri\u00e8re\u00a0\u00bb,<\/em> d\u00e9clare Tom Geens.<\/p>\n<h3><strong><em>Sensibilisation et protection renforc\u00e9es<\/em><\/strong><\/h3>\n<p>Liantis a pr\u00e9sent\u00e9 les r\u00e9sultats \u00e0 Annick Gilles, professeure \u00e0 l&rsquo;universit\u00e9 d&rsquo;Anvers et audiologiste en chef \u00e0 l&rsquo;h\u00f4pital universitaire d&rsquo;Anvers. Elle trouve ces r\u00e9sultats surprenants, mais elle est \u00e9galement satisfaite. <em>\u00ab\u00a0Dans le secteur curatif, nous ne connaissons g\u00e9n\u00e9ralement la qualit\u00e9 de l\u2019audition des patients que lorsqu&rsquo;ils formulent des plaintes et que des l\u00e9sions auditives sont donc d\u00e9j\u00e0 pr\u00e9sentes. Les donn\u00e9es de Liantis sont par cons\u00e9quent uniques, car elles concernent un groupe important de jeunes travailleurs qui n&rsquo;ont pas encore subi de l\u00e9sions auditives du fait d\u2019avoir travaill\u00e9 dans des conditions bruyantes. Il va sans dire que tant la qualit\u00e9 de l&rsquo;audition que d\u2019\u00e9ventuelles l\u00e9sions auditives sont toujours la somme de l&rsquo;exposition au bruit des personnes \u00e0 la fois dans le cadre professionnel et dans le cadre des loisirs. Une am\u00e9lioration indique donc que l\u2019audition a \u00e9t\u00e9 globalement mieux pr\u00e9serv\u00e9e. Pour moi, cette am\u00e9lioration au fil du temps est un constat positif qui montre qu&rsquo;une meilleure l\u00e9gislation et les campagnes de sensibilisation des autorit\u00e9s portent leurs fruits\u00a0\u00bb<\/em>, d\u00e9clare la professeure Annick Gilles.<\/p>\n<h3><strong><em>Importance de la protection auditive<\/em><\/strong><\/h3>\n<p>Si le fait que l&rsquo;audition des jeunes aujourd&rsquo;hui est meilleure que celle des jeunes il y a 15 ans est positif, il demeure essentiel de rester attentif \u00e0 la protection auditive, \u00e0 la fois au travail et en dehors.<\/p>\n<p><em>\u00ab\u00a0Si nous examinons \u00e0 pr\u00e9sent les r\u00e9sultats des 553.489 travailleurs \u00e2g\u00e9s de plus de 22 ans, nous constatons de surcro\u00eet \u2013 outre une am\u00e9lioration progressive similaire d&rsquo;environ 7,3% \u2013 l&rsquo;impact n\u00e9gatif attendu de l&rsquo;exposition professionnelle au bruit et l&rsquo;impact positif de l&rsquo;utilisation de protections auditives au travail. C&rsquo;est le cas, par exemple, des travailleurs expos\u00e9s \u00e0 un bruit d\u2019une intensit\u00e9 sup\u00e9rieure ou \u00e9gale \u00e0 89 dB (songeons \u00e0 un poids lourd \u00e0 10 m\u00e8tres) qui n&rsquo;utilisent pas de mani\u00e8re ad\u00e9quate leur protection auditive. Si nous comparons l&rsquo;ann\u00e9e 2008 \u00e0 l&rsquo;ann\u00e9e 2023, nous voyons que la proportion de noisedips ne diminue que de 1,8%, ce qui est nettement moins que lorsque l&rsquo;exposition est plus faible et\/ou que l&rsquo;utilisation des \u00e9quipements de protection est meilleure. C&rsquo;est pourquoi, chez Liantis, nous encourageons les employeurs \u00e0 promouvoir la protection auditive sur le lieu de travail et \u00e0 sensibiliser les travailleurs aux risques d&rsquo;une exposition au bruit \u00e0 long terme. Le but \u00e9tant de contribuer \u00e0 maintenir une audition saine \u00e0 long terme et d\u2019am\u00e9liorer de mani\u00e8re significative la qualit\u00e9 de vie de nos travailleurs lorsqu\u2019ils avancent en \u00e2ge\u00a0\u00bb<\/em>, dit en conclusion Tom Geens de Liantis.<\/p>\n","protected":false},"excerpt":{"rendered":"<p>Il appara\u00eet que l&rsquo;audition des jeunes Belges s&rsquo;est am\u00e9lior\u00e9e ces derni\u00e8res ann\u00e9es. La proportion de jeunes pr\u00e9sentant en 2023 des l\u00e9sions auditives d\u00e9butantes dans le groupe des 18-22 ans est inf\u00e9rieure de 7,2% \u00e0 celle des 18-22 ans en 2008. [&hellip;]<\/p>\n","protected":false},"author":2,"featured_media":16611,"comment_status":"closed","ping_status":"open","sticky":false,"template":"","format":"standard","meta":[],"categories":[65,10],"tags":[96,165,42,3533,17],"yoast_head":"<!-- This site is optimized with the Yoast SEO plugin v21.0 - https:\/\/yoast.com\/wordpress\/plugins\/seo\/ -->\n<title>Pr\u00e9vention &amp; Protection au travail: l&#039;audition des jeunes travailleurs s&#039;am\u00e9liore, \u00e0 nous de la pr\u00e9server sur le lieu de travail. - Peoplesphere<\/title>\n<meta name=\"description\" content=\"Pr\u00e9vention &amp; Protection au travail: l&#039;audition des jeunes travailleurs s&#039;am\u00e9liore, \u00e0 nous de la pr\u00e9server sur le lieu de travail.\" \/>\n<meta name=\"robots\" content=\"index, follow, max-snippet:-1, max-image-preview:large, max-video-preview:-1\" \/>\n<link rel=\"canonical\" href=\"https:\/\/peoplesphere.be\/fr\/prevention-protection-au-travail-laudition-des-jeunes-travailleurs-sameliore-a-nous-de-la-preserver-sur-le-lieu-de-travail\/\" \/>\n<meta property=\"og:locale\" content=\"fr_FR\" \/>\n<meta property=\"og:type\" content=\"article\" \/>\n<meta property=\"og:title\" content=\"Pr\u00e9vention &amp; Protection au travail: l&#039;audition des jeunes travailleurs s&#039;am\u00e9liore, \u00e0 nous de la pr\u00e9server sur le lieu de travail. - Peoplesphere\" \/>\n<meta property=\"og:description\" content=\"Pr\u00e9vention &amp; Protection au travail: l&#039;audition des jeunes travailleurs s&#039;am\u00e9liore, \u00e0 nous de la pr\u00e9server sur le lieu de travail.\" \/>\n<meta property=\"og:url\" content=\"https:\/\/peoplesphere.be\/fr\/prevention-protection-au-travail-laudition-des-jeunes-travailleurs-sameliore-a-nous-de-la-preserver-sur-le-lieu-de-travail\/\" \/>\n<meta property=\"og:site_name\" content=\"Peoplesphere\" \/>\n<meta property=\"article:publisher\" content=\"https:\/\/www.facebook.com\/peoplesphere\" \/>\n<meta property=\"article:published_time\" content=\"2024-08-23T14:39:42+00:00\" \/>\n<meta property=\"og:image\" content=\"https:\/\/peoplesphere.be\/fr\/wp-content\/uploads\/2024\/08\/20240823tooloud.jpg\" \/>\n\t<meta property=\"og:image:width\" content=\"1026\" \/>\n\t<meta property=\"og:image:height\" content=\"580\" \/>\n\t<meta property=\"og:image:type\" content=\"image\/jpeg\" \/>\n<meta name=\"author\" content=\"Jean-Paul Erhard\" \/>\n<meta name=\"twitter:card\" content=\"summary_large_image\" \/>\n<meta name=\"twitter:creator\" content=\"@PeoplesphereMag\" \/>\n<meta name=\"twitter:site\" content=\"@PeoplesphereMag\" \/>\n<meta name=\"twitter:label1\" content=\"\u00c9crit par\" \/>\n\t<meta name=\"twitter:data1\" content=\"Jean-Paul Erhard\" \/>\n\t<meta name=\"twitter:label2\" content=\"Dur\u00e9e de lecture estim\u00e9e\" \/>\n\t<meta name=\"twitter:data2\" content=\"5 minutes\" \/>\n<script type=\"application\/ld+json\" class=\"yoast-schema-graph\">{\"@context\":\"https:\/\/schema.org\",\"@graph\":[{\"@type\":\"Article\",\"@id\":\"https:\/\/peoplesphere.be\/fr\/prevention-protection-au-travail-laudition-des-jeunes-travailleurs-sameliore-a-nous-de-la-preserver-sur-le-lieu-de-travail\/#article\",\"isPartOf\":{\"@id\":\"https:\/\/peoplesphere.be\/fr\/prevention-protection-au-travail-laudition-des-jeunes-travailleurs-sameliore-a-nous-de-la-preserver-sur-le-lieu-de-travail\/\"},\"author\":{\"name\":\"Jean-Paul Erhard\",\"@id\":\"https:\/\/peoplesphere.be\/fr\/#\/schema\/person\/7976225ff17988604334abb7b3536a7e\"},\"headline\":\"Pr\u00e9vention &#038; Protection au travail: l&rsquo;audition des jeunes travailleurs s&rsquo;am\u00e9liore, \u00e0 nous de la pr\u00e9server sur le lieu de travail.\",\"datePublished\":\"2024-08-23T14:39:42+00:00\",\"dateModified\":\"2024-08-23T14:39:42+00:00\",\"mainEntityOfPage\":{\"@id\":\"https:\/\/peoplesphere.be\/fr\/prevention-protection-au-travail-laudition-des-jeunes-travailleurs-sameliore-a-nous-de-la-preserver-sur-le-lieu-de-travail\/\"},\"wordCount\":851,\"publisher\":{\"@id\":\"https:\/\/peoplesphere.be\/fr\/#organization\"},\"keywords\":[\"bien-\u00eatre\",\"environnement de travail\",\"Pr\u00e9vention\",\"protection au travail\",\"Sant\u00e9\"],\"articleSection\":[\"Actualit\u00e9s\",\"Digital\"],\"inLanguage\":\"fr-FR\"},{\"@type\":\"WebPage\",\"@id\":\"https:\/\/peoplesphere.be\/fr\/prevention-protection-au-travail-laudition-des-jeunes-travailleurs-sameliore-a-nous-de-la-preserver-sur-le-lieu-de-travail\/\",\"url\":\"https:\/\/peoplesphere.be\/fr\/prevention-protection-au-travail-laudition-des-jeunes-travailleurs-sameliore-a-nous-de-la-preserver-sur-le-lieu-de-travail\/\",\"name\":\"Pr\u00e9vention & Protection au travail: l'audition des jeunes travailleurs s'am\u00e9liore, \u00e0 nous de la pr\u00e9server sur le lieu de travail. - Peoplesphere\",\"isPartOf\":{\"@id\":\"https:\/\/peoplesphere.be\/fr\/#website\"},\"datePublished\":\"2024-08-23T14:39:42+00:00\",\"dateModified\":\"2024-08-23T14:39:42+00:00\",\"description\":\"Pr\u00e9vention & Protection au travail: l'audition des jeunes travailleurs s'am\u00e9liore, \u00e0 nous de la pr\u00e9server sur le lieu de travail.\",\"breadcrumb\":{\"@id\":\"https:\/\/peoplesphere.be\/fr\/prevention-protection-au-travail-laudition-des-jeunes-travailleurs-sameliore-a-nous-de-la-preserver-sur-le-lieu-de-travail\/#breadcrumb\"},\"inLanguage\":\"fr-FR\",\"potentialAction\":[{\"@type\":\"ReadAction\",\"target\":[\"https:\/\/peoplesphere.be\/fr\/prevention-protection-au-travail-laudition-des-jeunes-travailleurs-sameliore-a-nous-de-la-preserver-sur-le-lieu-de-travail\/\"]}]},{\"@type\":\"BreadcrumbList\",\"@id\":\"https:\/\/peoplesphere.be\/fr\/prevention-protection-au-travail-laudition-des-jeunes-travailleurs-sameliore-a-nous-de-la-preserver-sur-le-lieu-de-travail\/#breadcrumb\",\"itemListElement\":[{\"@type\":\"ListItem\",\"position\":1,\"name\":\"Accueil\",\"item\":\"https:\/\/peoplesphere.be\/fr\/\"},{\"@type\":\"ListItem\",\"position\":2,\"name\":\"Pr\u00e9vention &#038; Protection au travail: l&rsquo;audition des jeunes travailleurs s&rsquo;am\u00e9liore, \u00e0 nous de la pr\u00e9server sur le lieu de travail.\"}]},{\"@type\":\"WebSite\",\"@id\":\"https:\/\/peoplesphere.be\/fr\/#website\",\"url\":\"https:\/\/peoplesphere.be\/fr\/\",\"name\":\"Peoplesphere\",\"description\":\"The People Managers Magazine\",\"publisher\":{\"@id\":\"https:\/\/peoplesphere.be\/fr\/#organization\"},\"potentialAction\":[{\"@type\":\"SearchAction\",\"target\":{\"@type\":\"EntryPoint\",\"urlTemplate\":\"https:\/\/peoplesphere.be\/fr\/?s={search_term_string}\"},\"query-input\":\"required name=search_term_string\"}],\"inLanguage\":\"fr-FR\"},{\"@type\":\"Organization\",\"@id\":\"https:\/\/peoplesphere.be\/fr\/#organization\",\"name\":\"Peoplesphere Company srl\",\"url\":\"https:\/\/peoplesphere.be\/fr\/\",\"logo\":{\"@type\":\"ImageObject\",\"inLanguage\":\"fr-FR\",\"@id\":\"https:\/\/peoplesphere.be\/fr\/#\/schema\/logo\/image\/\",\"url\":\"https:\/\/peoplesphere.be\/fr\/wp-content\/uploads\/2023\/07\/peoplesphere-lgo-new-generik.jpg\",\"contentUrl\":\"https:\/\/peoplesphere.be\/fr\/wp-content\/uploads\/2023\/07\/peoplesphere-lgo-new-generik.jpg\",\"width\":1031,\"height\":1479,\"caption\":\"Peoplesphere Company srl\"},\"image\":{\"@id\":\"https:\/\/peoplesphere.be\/fr\/#\/schema\/logo\/image\/\"},\"sameAs\":[\"https:\/\/www.facebook.com\/peoplesphere\",\"https:\/\/twitter.com\/PeoplesphereMag\",\"https:\/\/www.linkedin.com\/company\/7587361?trk\",\"http:\/\/youtube.com\/peoplesphere\"]},{\"@type\":\"Person\",\"@id\":\"https:\/\/peoplesphere.be\/fr\/#\/schema\/person\/7976225ff17988604334abb7b3536a7e\",\"name\":\"Jean-Paul Erhard\",\"image\":{\"@type\":\"ImageObject\",\"inLanguage\":\"fr-FR\",\"@id\":\"https:\/\/peoplesphere.be\/fr\/#\/schema\/person\/image\/\",\"url\":\"https:\/\/secure.gravatar.com\/avatar\/f941e681460179738071629a51574930?s=96&d=mm&r=g\",\"contentUrl\":\"https:\/\/secure.gravatar.com\/avatar\/f941e681460179738071629a51574930?s=96&d=mm&r=g\",\"caption\":\"Jean-Paul Erhard\"},\"url\":\"https:\/\/peoplesphere.be\/fr\/author\/jpe\/\"}]}<\/script>\n<!-- \/ Yoast SEO plugin. -->","yoast_head_json":{"title":"Pr\u00e9vention & Protection au travail: l'audition des jeunes travailleurs s'am\u00e9liore, \u00e0 nous de la pr\u00e9server sur le lieu de travail. - Peoplesphere","description":"Pr\u00e9vention & Protection au travail: l'audition des jeunes travailleurs s'am\u00e9liore, \u00e0 nous de la pr\u00e9server sur le lieu de travail.","robots":{"index":"index","follow":"follow","max-snippet":"max-snippet:-1","max-image-preview":"max-image-preview:large","max-video-preview":"max-video-preview:-1"},"canonical":"https:\/\/peoplesphere.be\/fr\/prevention-protection-au-travail-laudition-des-jeunes-travailleurs-sameliore-a-nous-de-la-preserver-sur-le-lieu-de-travail\/","og_locale":"fr_FR","og_type":"article","og_title":"Pr\u00e9vention & Protection au travail: l'audition des jeunes travailleurs s'am\u00e9liore, \u00e0 nous de la pr\u00e9server sur le lieu de travail. - Peoplesphere","og_description":"Pr\u00e9vention & Protection au travail: l'audition des jeunes travailleurs s'am\u00e9liore, \u00e0 nous de la pr\u00e9server sur le lieu de travail.","og_url":"https:\/\/peoplesphere.be\/fr\/prevention-protection-au-travail-laudition-des-jeunes-travailleurs-sameliore-a-nous-de-la-preserver-sur-le-lieu-de-travail\/","og_site_name":"Peoplesphere","article_publisher":"https:\/\/www.facebook.com\/peoplesphere","article_published_time":"2024-08-23T14:39:42+00:00","og_image":[{"width":1026,"height":580,"url":"https:\/\/peoplesphere.be\/fr\/wp-content\/uploads\/2024\/08\/20240823tooloud.jpg","type":"image\/jpeg"}],"author":"Jean-Paul Erhard","twitter_card":"summary_large_image","twitter_creator":"@PeoplesphereMag","twitter_site":"@PeoplesphereMag","twitter_misc":{"\u00c9crit par":"Jean-Paul Erhard","Dur\u00e9e de lecture estim\u00e9e":"5 minutes"},"schema":{"@context":"https:\/\/schema.org","@graph":[{"@type":"Article","@id":"https:\/\/peoplesphere.be\/fr\/prevention-protection-au-travail-laudition-des-jeunes-travailleurs-sameliore-a-nous-de-la-preserver-sur-le-lieu-de-travail\/#article","isPartOf":{"@id":"https:\/\/peoplesphere.be\/fr\/prevention-protection-au-travail-laudition-des-jeunes-travailleurs-sameliore-a-nous-de-la-preserver-sur-le-lieu-de-travail\/"},"author":{"name":"Jean-Paul Erhard","@id":"https:\/\/peoplesphere.be\/fr\/#\/schema\/person\/7976225ff17988604334abb7b3536a7e"},"headline":"Pr\u00e9vention &#038; Protection au travail: l&rsquo;audition des jeunes travailleurs s&rsquo;am\u00e9liore, \u00e0 nous de la pr\u00e9server sur le lieu de travail.","datePublished":"2024-08-23T14:39:42+00:00","dateModified":"2024-08-23T14:39:42+00:00","mainEntityOfPage":{"@id":"https:\/\/peoplesphere.be\/fr\/prevention-protection-au-travail-laudition-des-jeunes-travailleurs-sameliore-a-nous-de-la-preserver-sur-le-lieu-de-travail\/"},"wordCount":851,"publisher":{"@id":"https:\/\/peoplesphere.be\/fr\/#organization"},"keywords":["bien-\u00eatre","environnement de travail","Pr\u00e9vention","protection au travail","Sant\u00e9"],"articleSection":["Actualit\u00e9s","Digital"],"inLanguage":"fr-FR"},{"@type":"WebPage","@id":"https:\/\/peoplesphere.be\/fr\/prevention-protection-au-travail-laudition-des-jeunes-travailleurs-sameliore-a-nous-de-la-preserver-sur-le-lieu-de-travail\/","url":"https:\/\/peoplesphere.be\/fr\/prevention-protection-au-travail-laudition-des-jeunes-travailleurs-sameliore-a-nous-de-la-preserver-sur-le-lieu-de-travail\/","name":"Pr\u00e9vention & Protection au travail: l'audition des jeunes travailleurs s'am\u00e9liore, \u00e0 nous de la pr\u00e9server sur le lieu de travail. - Peoplesphere","isPartOf":{"@id":"https:\/\/peoplesphere.be\/fr\/#website"},"datePublished":"2024-08-23T14:39:42+00:00","dateModified":"2024-08-23T14:39:42+00:00","description":"Pr\u00e9vention & Protection au travail: l'audition des jeunes travailleurs s'am\u00e9liore, \u00e0 nous de la pr\u00e9server sur le lieu de travail.","breadcrumb":{"@id":"https:\/\/peoplesphere.be\/fr\/prevention-protection-au-travail-laudition-des-jeunes-travailleurs-sameliore-a-nous-de-la-preserver-sur-le-lieu-de-travail\/#breadcrumb"},"inLanguage":"fr-FR","potentialAction":[{"@type":"ReadAction","target":["https:\/\/peoplesphere.be\/fr\/prevention-protection-au-travail-laudition-des-jeunes-travailleurs-sameliore-a-nous-de-la-preserver-sur-le-lieu-de-travail\/"]}]},{"@type":"BreadcrumbList","@id":"https:\/\/peoplesphere.be\/fr\/prevention-protection-au-travail-laudition-des-jeunes-travailleurs-sameliore-a-nous-de-la-preserver-sur-le-lieu-de-travail\/#breadcrumb","itemListElement":[{"@type":"ListItem","position":1,"name":"Accueil","item":"https:\/\/peoplesphere.be\/fr\/"},{"@type":"ListItem","position":2,"name":"Pr\u00e9vention &#038; Protection au travail: l&rsquo;audition des jeunes travailleurs s&rsquo;am\u00e9liore, \u00e0 nous de la pr\u00e9server sur le lieu de travail."}]},{"@type":"WebSite","@id":"https:\/\/peoplesphere.be\/fr\/#website","url":"https:\/\/peoplesphere.be\/fr\/","name":"Peoplesphere","description":"The People Managers Magazine","publisher":{"@id":"https:\/\/peoplesphere.be\/fr\/#organization"},"potentialAction":[{"@type":"SearchAction","target":{"@type":"EntryPoint","urlTemplate":"https:\/\/peoplesphere.be\/fr\/?s={search_term_string}"},"query-input":"required name=search_term_string"}],"inLanguage":"fr-FR"},{"@type":"Organization","@id":"https:\/\/peoplesphere.be\/fr\/#organization","name":"Peoplesphere Company srl","url":"https:\/\/peoplesphere.be\/fr\/","logo":{"@type":"ImageObject","inLanguage":"fr-FR","@id":"https:\/\/peoplesphere.be\/fr\/#\/schema\/logo\/image\/","url":"https:\/\/peoplesphere.be\/fr\/wp-content\/uploads\/2023\/07\/peoplesphere-lgo-new-generik.jpg","contentUrl":"https:\/\/peoplesphere.be\/fr\/wp-content\/uploads\/2023\/07\/peoplesphere-lgo-new-generik.jpg","width":1031,"height":1479,"caption":"Peoplesphere Company srl"},"image":{"@id":"https:\/\/peoplesphere.be\/fr\/#\/schema\/logo\/image\/"},"sameAs":["https:\/\/www.facebook.com\/peoplesphere","https:\/\/twitter.com\/PeoplesphereMag","https:\/\/www.linkedin.com\/company\/7587361?trk","http:\/\/youtube.com\/peoplesphere"]},{"@type":"Person","@id":"https:\/\/peoplesphere.be\/fr\/#\/schema\/person\/7976225ff17988604334abb7b3536a7e","name":"Jean-Paul Erhard","image":{"@type":"ImageObject","inLanguage":"fr-FR","@id":"https:\/\/peoplesphere.be\/fr\/#\/schema\/person\/image\/","url":"https:\/\/secure.gravatar.com\/avatar\/f941e681460179738071629a51574930?s=96&d=mm&r=g","contentUrl":"https:\/\/secure.gravatar.com\/avatar\/f941e681460179738071629a51574930?s=96&d=mm&r=g","caption":"Jean-Paul Erhard"},"url":"https:\/\/peoplesphere.be\/fr\/author\/jpe\/"}]}},"_links":{"self":[{"href":"https:\/\/peoplesphere.be\/fr\/wp-json\/wp\/v2\/posts\/16610"}],"collection":[{"href":"https:\/\/peoplesphere.be\/fr\/wp-json\/wp\/v2\/posts"}],"about":[{"href":"https:\/\/peoplesphere.be\/fr\/wp-json\/wp\/v2\/types\/post"}],"author":[{"embeddable":true,"href":"https:\/\/peoplesphere.be\/fr\/wp-json\/wp\/v2\/users\/2"}],"replies":[{"embeddable":true,"href":"https:\/\/peoplesphere.be\/fr\/wp-json\/wp\/v2\/comments?post=16610"}],"version-history":[{"count":1,"href":"https:\/\/peoplesphere.be\/fr\/wp-json\/wp\/v2\/posts\/16610\/revisions"}],"predecessor-version":[{"id":16612,"href":"https:\/\/peoplesphere.be\/fr\/wp-json\/wp\/v2\/posts\/16610\/revisions\/16612"}],"wp:featuredmedia":[{"embeddable":true,"href":"https:\/\/peoplesphere.be\/fr\/wp-json\/wp\/v2\/media\/16611"}],"wp:attachment":[{"href":"https:\/\/peoplesphere.be\/fr\/wp-json\/wp\/v2\/media?parent=16610"}],"wp:term":[{"taxonomy":"category","embeddable":true,"href":"https:\/\/peoplesphere.be\/fr\/wp-json\/wp\/v2\/categories?post=16610"},{"taxonomy":"post_tag","embeddable":true,"href":"https:\/\/peoplesphere.be\/fr\/wp-json\/wp\/v2\/tags?post=16610"}],"curies":[{"name":"wp","href":"https:\/\/api.w.org\/{rel}","templated":true}]}}