









{"id":16613,"date":"2024-08-27T06:34:21","date_gmt":"2024-08-27T04:34:21","guid":{"rendered":"https:\/\/peoplesphere.be\/fr\/?p=16613"},"modified":"2024-08-29T04:07:39","modified_gmt":"2024-08-29T02:07:39","slug":"285-jours-de-vacances-en-moyenne-pour-les-travailleurs-en-belgique-la-taille-de-lentreprise-reste-un-facteur-determinant","status":"publish","type":"post","link":"https:\/\/peoplesphere.be\/fr\/285-jours-de-vacances-en-moyenne-pour-les-travailleurs-en-belgique-la-taille-de-lentreprise-reste-un-facteur-determinant\/","title":{"rendered":"28,5 jours de vacances en moyenne pour les travailleurs en Belgique: la taille de l&rsquo;entreprise reste un facteur d\u00e9terminant pour augmenter le volume de nos cong\u00e9s."},"content":{"rendered":"<p>La fin des &lsquo;grandes vacances&rsquo; se profile \u00e0 l\u2019horizon. Prenons le temps de nous pencher sur ces pr\u00e9cieux jours de cong\u00e9. Selon le Barom\u00e8tre des salaires Jobat, tout le monde n&rsquo;a pas droit au m\u00eame nombre de jours de vacances en Belgique.<!--more--><\/p>\n<p>Depuis le 1er janvier 2024, pas moins de 29.480 personnes ont \u00e9t\u00e9 interrog\u00e9es au sujet de leurs vacances via le Barom\u00e8tre des salaires en ligne. Cet outil de comparaison permanent permet aux employ\u00e9s de savoir ce qu&rsquo;ils valent et si leur salaire et avantages extral\u00e9gaux (et donc aussi leurs vacances !) sont conformes au march\u00e9, et ce depuis 2017.<\/p>\n<p>Qu&rsquo;en ressort-il ? Depuis des ann\u00e9es, le nombre moyen de jours de vacances des Belges reste le m\u00eame, \u00e0 savoir environ 28 jours par an. C&rsquo;est \u00e9galement le cas cette ann\u00e9e, bien qu&rsquo;une l\u00e9g\u00e8re augmentation soit perceptible et que certaines personnes se voient parfois octroyer 28,5 jours de cong\u00e9 par an.<\/p>\n<p>Les hommes b\u00e9n\u00e9ficient en moyenne d\u2019un peu plus de vacances que les femmes : respectivement 28,73 contre 28,05 jours par an, toujours selon le Barom\u00e8tre des salaires Jobat. Cela s\u2019explique notamment par la proportion plus \u00e9lev\u00e9e de femmes travaillant \u00e0 temps partiel dans notre pays.<\/p>\n<h3><strong><em>Plus on est \u00e2g\u00e9, plus on a de vacances<\/em><\/strong><\/h3>\n<p>Si l&rsquo;on examine le nombre de jours de vacances en fonction de l&rsquo;\u00e2ge des travailleurs, il n&rsquo;est gu\u00e8re surprenant de constater que les personnes plus \u00e2g\u00e9es b\u00e9n\u00e9ficient en moyenne de plus de jours de vacances que leurs coll\u00e8gues plus jeunes. C&rsquo;est ce que l&rsquo;on appelle officiellement les &lsquo;cong\u00e9s d&rsquo;anciennet\u00e9&rsquo;.<\/p>\n<p>Au niveau de la taille de l&rsquo;entreprise, le Barom\u00e8tre des salaires Jobat tire la m\u00eame conclusion depuis des ann\u00e9es : plus l&rsquo;entreprise au sein de laquelle vous travaillez est grande, plus vous b\u00e9n\u00e9ficiez de jours de vacances.<\/p>\n<p><em><span style=\"text-decoration: underline;\">Nombre moyen de jours de vacances par an en fonction de la taille de l&rsquo;entreprise<\/span><\/em><br \/>\nMoins de 10 personnes : \u00a023,20 jours<br \/>\nEntre 11 et 50 personnes : \u00a025,77 jours<br \/>\nEntre 51 et 200 personnes : \u00a028,11 jours<br \/>\nEntre 201 et 500 personnes : \u00a029,36 jours<br \/>\nEntre 501 et 1.000 personnes : \u00a030,55 jours<br \/>\nPlus de 1.000 personnes : \u00a031,76 jours<\/p>\n<h3><strong><em>Les enseignants restent les grands gagnants<\/em><\/strong><\/h3>\n<p>Bien qu\u2019il s\u2019agisse d\u2019un clich\u00e9 souvent relev\u00e9, force est de constater que les enseignants ont tout simplement le plus grand nombre de jours de vacances par an. Le Barom\u00e8tre des salaires Jobat le prouve noir sur blanc : ils ont droit \u00e0 une moyenne de 41,12 jours de vacances par an.<\/p>\n<p>En comparaison, les employ\u00e9s du secteur de l\u2019Horeca n&rsquo;ont droit qu&rsquo;\u00e0 21,71 jours de cong\u00e9 par an, soit un peu moins de 2 jours en plus du minimum l\u00e9gal de 20 jours de cong\u00e9 par an pour toute personne travaillant 5 jours par semaine (si vous travaillez 6 jours par semaine, vous avez droit \u00e0 un minimum de 24 jours de cong\u00e9s).<\/p>\n<p>Enfin, le nombre de jours de vacances dans l&rsquo;enseignement diminue lentement mais s\u00fbrement depuis 2020. En effet, les enseignants avaient encore droit \u00e0 une moyenne de 44 jours de cong\u00e9 il y a quatre ans. Cette tendance \u00e0 la baisse est \u00e0 garder \u00e0 l&rsquo;esprit et constituera peut-\u00eatre une consolation pour tous les autres travailleurs.<\/p>\n","protected":false},"excerpt":{"rendered":"<p>La fin des &lsquo;grandes vacances&rsquo; se profile \u00e0 l\u2019horizon. Prenons le temps de nous pencher sur ces pr\u00e9cieux jours de cong\u00e9. Selon le Barom\u00e8tre des salaires Jobat, tout le monde n&rsquo;a pas droit au m\u00eame nombre de jours de vacances [&hellip;]<\/p>\n","protected":false},"author":2,"featured_media":0,"comment_status":"closed","ping_status":"open","sticky":false,"template":"","format":"standard","meta":[],"categories":[65,10],"tags":[436,1935,4117,6],"yoast_head":"<!-- This site is optimized with the Yoast SEO plugin v21.0 - https:\/\/yoast.com\/wordpress\/plugins\/seo\/ -->\n<title>28,5 jours de vacances en moyenne pour les travailleurs en Belgique: la taille de l&#039;entreprise reste un facteur d\u00e9terminant pour augmenter le volume de nos cong\u00e9s. - Peoplesphere<\/title>\n<meta name=\"robots\" content=\"index, follow, max-snippet:-1, max-image-preview:large, max-video-preview:-1\" \/>\n<link rel=\"canonical\" href=\"https:\/\/peoplesphere.be\/fr\/285-jours-de-vacances-en-moyenne-pour-les-travailleurs-en-belgique-la-taille-de-lentreprise-reste-un-facteur-determinant\/\" \/>\n<meta property=\"og:locale\" content=\"fr_FR\" \/>\n<meta property=\"og:type\" content=\"article\" \/>\n<meta property=\"og:title\" content=\"28,5 jours de vacances en moyenne pour les travailleurs en Belgique: la taille de l&#039;entreprise reste un facteur d\u00e9terminant pour augmenter le volume de nos cong\u00e9s. - Peoplesphere\" \/>\n<meta property=\"og:description\" content=\"La fin des &lsquo;grandes vacances&rsquo; se profile \u00e0 l\u2019horizon. Prenons le temps de nous pencher sur ces pr\u00e9cieux jours de cong\u00e9. Selon le Barom\u00e8tre des salaires Jobat, tout le monde n&rsquo;a pas droit au m\u00eame nombre de jours de vacances [&hellip;]\" \/>\n<meta property=\"og:url\" content=\"https:\/\/peoplesphere.be\/fr\/285-jours-de-vacances-en-moyenne-pour-les-travailleurs-en-belgique-la-taille-de-lentreprise-reste-un-facteur-determinant\/\" \/>\n<meta property=\"og:site_name\" content=\"Peoplesphere\" \/>\n<meta property=\"article:publisher\" content=\"https:\/\/www.facebook.com\/peoplesphere\" \/>\n<meta property=\"article:published_time\" content=\"2024-08-27T04:34:21+00:00\" \/>\n<meta property=\"article:modified_time\" content=\"2024-08-29T02:07:39+00:00\" \/>\n<meta property=\"og:image\" content=\"http:\/\/www.peoplesphere.be\/fr\/wp-content\/uploads\/2016\/07\/facebook-default-posting-1200x628px.jpg\" \/>\n<meta name=\"author\" content=\"Jean-Paul Erhard\" \/>\n<meta name=\"twitter:card\" content=\"summary_large_image\" \/>\n<meta name=\"twitter:creator\" content=\"@PeoplesphereMag\" \/>\n<meta name=\"twitter:site\" content=\"@PeoplesphereMag\" \/>\n<meta name=\"twitter:label1\" content=\"\u00c9crit par\" \/>\n\t<meta name=\"twitter:data1\" content=\"Jean-Paul Erhard\" \/>\n\t<meta name=\"twitter:label2\" content=\"Dur\u00e9e de lecture estim\u00e9e\" \/>\n\t<meta name=\"twitter:data2\" content=\"3 minutes\" \/>\n<script type=\"application\/ld+json\" class=\"yoast-schema-graph\">{\"@context\":\"https:\/\/schema.org\",\"@graph\":[{\"@type\":\"Article\",\"@id\":\"https:\/\/peoplesphere.be\/fr\/285-jours-de-vacances-en-moyenne-pour-les-travailleurs-en-belgique-la-taille-de-lentreprise-reste-un-facteur-determinant\/#article\",\"isPartOf\":{\"@id\":\"https:\/\/peoplesphere.be\/fr\/285-jours-de-vacances-en-moyenne-pour-les-travailleurs-en-belgique-la-taille-de-lentreprise-reste-un-facteur-determinant\/\"},\"author\":{\"name\":\"Jean-Paul Erhard\",\"@id\":\"https:\/\/peoplesphere.be\/fr\/#\/schema\/person\/7976225ff17988604334abb7b3536a7e\"},\"headline\":\"28,5 jours de vacances en moyenne pour les travailleurs en Belgique: la taille de l&rsquo;entreprise reste un facteur d\u00e9terminant pour augmenter le volume de nos cong\u00e9s.\",\"datePublished\":\"2024-08-27T04:34:21+00:00\",\"dateModified\":\"2024-08-29T02:07:39+00:00\",\"mainEntityOfPage\":{\"@id\":\"https:\/\/peoplesphere.be\/fr\/285-jours-de-vacances-en-moyenne-pour-les-travailleurs-en-belgique-la-taille-de-lentreprise-reste-un-facteur-determinant\/\"},\"wordCount\":544,\"publisher\":{\"@id\":\"https:\/\/peoplesphere.be\/fr\/#organization\"},\"keywords\":[\"anciennet\u00e9\",\"jours de cong\u00e9\",\"secteur d'activit\u00e9s\",\"Vacances\"],\"articleSection\":[\"Actualit\u00e9s\",\"Digital\"],\"inLanguage\":\"fr-FR\"},{\"@type\":\"WebPage\",\"@id\":\"https:\/\/peoplesphere.be\/fr\/285-jours-de-vacances-en-moyenne-pour-les-travailleurs-en-belgique-la-taille-de-lentreprise-reste-un-facteur-determinant\/\",\"url\":\"https:\/\/peoplesphere.be\/fr\/285-jours-de-vacances-en-moyenne-pour-les-travailleurs-en-belgique-la-taille-de-lentreprise-reste-un-facteur-determinant\/\",\"name\":\"28,5 jours de vacances en moyenne pour les travailleurs en Belgique: la taille de l'entreprise reste un facteur d\u00e9terminant pour augmenter le volume de nos cong\u00e9s. - Peoplesphere\",\"isPartOf\":{\"@id\":\"https:\/\/peoplesphere.be\/fr\/#website\"},\"datePublished\":\"2024-08-27T04:34:21+00:00\",\"dateModified\":\"2024-08-29T02:07:39+00:00\",\"breadcrumb\":{\"@id\":\"https:\/\/peoplesphere.be\/fr\/285-jours-de-vacances-en-moyenne-pour-les-travailleurs-en-belgique-la-taille-de-lentreprise-reste-un-facteur-determinant\/#breadcrumb\"},\"inLanguage\":\"fr-FR\",\"potentialAction\":[{\"@type\":\"ReadAction\",\"target\":[\"https:\/\/peoplesphere.be\/fr\/285-jours-de-vacances-en-moyenne-pour-les-travailleurs-en-belgique-la-taille-de-lentreprise-reste-un-facteur-determinant\/\"]}]},{\"@type\":\"BreadcrumbList\",\"@id\":\"https:\/\/peoplesphere.be\/fr\/285-jours-de-vacances-en-moyenne-pour-les-travailleurs-en-belgique-la-taille-de-lentreprise-reste-un-facteur-determinant\/#breadcrumb\",\"itemListElement\":[{\"@type\":\"ListItem\",\"position\":1,\"name\":\"Accueil\",\"item\":\"https:\/\/peoplesphere.be\/fr\/\"},{\"@type\":\"ListItem\",\"position\":2,\"name\":\"28,5 jours de vacances en moyenne pour les travailleurs en Belgique: la taille de l&rsquo;entreprise reste un facteur d\u00e9terminant pour augmenter le volume de nos cong\u00e9s.\"}]},{\"@type\":\"WebSite\",\"@id\":\"https:\/\/peoplesphere.be\/fr\/#website\",\"url\":\"https:\/\/peoplesphere.be\/fr\/\",\"name\":\"Peoplesphere\",\"description\":\"The People Managers Magazine\",\"publisher\":{\"@id\":\"https:\/\/peoplesphere.be\/fr\/#organization\"},\"potentialAction\":[{\"@type\":\"SearchAction\",\"target\":{\"@type\":\"EntryPoint\",\"urlTemplate\":\"https:\/\/peoplesphere.be\/fr\/?s={search_term_string}\"},\"query-input\":\"required name=search_term_string\"}],\"inLanguage\":\"fr-FR\"},{\"@type\":\"Organization\",\"@id\":\"https:\/\/peoplesphere.be\/fr\/#organization\",\"name\":\"Peoplesphere Company srl\",\"url\":\"https:\/\/peoplesphere.be\/fr\/\",\"logo\":{\"@type\":\"ImageObject\",\"inLanguage\":\"fr-FR\",\"@id\":\"https:\/\/peoplesphere.be\/fr\/#\/schema\/logo\/image\/\",\"url\":\"https:\/\/peoplesphere.be\/fr\/wp-content\/uploads\/2023\/07\/peoplesphere-lgo-new-generik.jpg\",\"contentUrl\":\"https:\/\/peoplesphere.be\/fr\/wp-content\/uploads\/2023\/07\/peoplesphere-lgo-new-generik.jpg\",\"width\":1031,\"height\":1479,\"caption\":\"Peoplesphere Company srl\"},\"image\":{\"@id\":\"https:\/\/peoplesphere.be\/fr\/#\/schema\/logo\/image\/\"},\"sameAs\":[\"https:\/\/www.facebook.com\/peoplesphere\",\"https:\/\/twitter.com\/PeoplesphereMag\",\"https:\/\/www.linkedin.com\/company\/7587361?trk\",\"http:\/\/youtube.com\/peoplesphere\"]},{\"@type\":\"Person\",\"@id\":\"https:\/\/peoplesphere.be\/fr\/#\/schema\/person\/7976225ff17988604334abb7b3536a7e\",\"name\":\"Jean-Paul Erhard\",\"image\":{\"@type\":\"ImageObject\",\"inLanguage\":\"fr-FR\",\"@id\":\"https:\/\/peoplesphere.be\/fr\/#\/schema\/person\/image\/\",\"url\":\"https:\/\/secure.gravatar.com\/avatar\/f941e681460179738071629a51574930?s=96&d=mm&r=g\",\"contentUrl\":\"https:\/\/secure.gravatar.com\/avatar\/f941e681460179738071629a51574930?s=96&d=mm&r=g\",\"caption\":\"Jean-Paul Erhard\"},\"url\":\"https:\/\/peoplesphere.be\/fr\/author\/jpe\/\"}]}<\/script>\n<!-- \/ Yoast SEO plugin. -->","yoast_head_json":{"title":"28,5 jours de vacances en moyenne pour les travailleurs en Belgique: la taille de l'entreprise reste un facteur d\u00e9terminant pour augmenter le volume de nos cong\u00e9s. - Peoplesphere","robots":{"index":"index","follow":"follow","max-snippet":"max-snippet:-1","max-image-preview":"max-image-preview:large","max-video-preview":"max-video-preview:-1"},"canonical":"https:\/\/peoplesphere.be\/fr\/285-jours-de-vacances-en-moyenne-pour-les-travailleurs-en-belgique-la-taille-de-lentreprise-reste-un-facteur-determinant\/","og_locale":"fr_FR","og_type":"article","og_title":"28,5 jours de vacances en moyenne pour les travailleurs en Belgique: la taille de l'entreprise reste un facteur d\u00e9terminant pour augmenter le volume de nos cong\u00e9s. - Peoplesphere","og_description":"La fin des &lsquo;grandes vacances&rsquo; se profile \u00e0 l\u2019horizon. Prenons le temps de nous pencher sur ces pr\u00e9cieux jours de cong\u00e9. Selon le Barom\u00e8tre des salaires Jobat, tout le monde n&rsquo;a pas droit au m\u00eame nombre de jours de vacances [&hellip;]","og_url":"https:\/\/peoplesphere.be\/fr\/285-jours-de-vacances-en-moyenne-pour-les-travailleurs-en-belgique-la-taille-de-lentreprise-reste-un-facteur-determinant\/","og_site_name":"Peoplesphere","article_publisher":"https:\/\/www.facebook.com\/peoplesphere","article_published_time":"2024-08-27T04:34:21+00:00","article_modified_time":"2024-08-29T02:07:39+00:00","og_image":[{"url":"http:\/\/www.peoplesphere.be\/fr\/wp-content\/uploads\/2016\/07\/facebook-default-posting-1200x628px.jpg"}],"author":"Jean-Paul Erhard","twitter_card":"summary_large_image","twitter_creator":"@PeoplesphereMag","twitter_site":"@PeoplesphereMag","twitter_misc":{"\u00c9crit par":"Jean-Paul Erhard","Dur\u00e9e de lecture estim\u00e9e":"3 minutes"},"schema":{"@context":"https:\/\/schema.org","@graph":[{"@type":"Article","@id":"https:\/\/peoplesphere.be\/fr\/285-jours-de-vacances-en-moyenne-pour-les-travailleurs-en-belgique-la-taille-de-lentreprise-reste-un-facteur-determinant\/#article","isPartOf":{"@id":"https:\/\/peoplesphere.be\/fr\/285-jours-de-vacances-en-moyenne-pour-les-travailleurs-en-belgique-la-taille-de-lentreprise-reste-un-facteur-determinant\/"},"author":{"name":"Jean-Paul Erhard","@id":"https:\/\/peoplesphere.be\/fr\/#\/schema\/person\/7976225ff17988604334abb7b3536a7e"},"headline":"28,5 jours de vacances en moyenne pour les travailleurs en Belgique: la taille de l&rsquo;entreprise reste un facteur d\u00e9terminant pour augmenter le volume de nos cong\u00e9s.","datePublished":"2024-08-27T04:34:21+00:00","dateModified":"2024-08-29T02:07:39+00:00","mainEntityOfPage":{"@id":"https:\/\/peoplesphere.be\/fr\/285-jours-de-vacances-en-moyenne-pour-les-travailleurs-en-belgique-la-taille-de-lentreprise-reste-un-facteur-determinant\/"},"wordCount":544,"publisher":{"@id":"https:\/\/peoplesphere.be\/fr\/#organization"},"keywords":["anciennet\u00e9","jours de cong\u00e9","secteur d'activit\u00e9s","Vacances"],"articleSection":["Actualit\u00e9s","Digital"],"inLanguage":"fr-FR"},{"@type":"WebPage","@id":"https:\/\/peoplesphere.be\/fr\/285-jours-de-vacances-en-moyenne-pour-les-travailleurs-en-belgique-la-taille-de-lentreprise-reste-un-facteur-determinant\/","url":"https:\/\/peoplesphere.be\/fr\/285-jours-de-vacances-en-moyenne-pour-les-travailleurs-en-belgique-la-taille-de-lentreprise-reste-un-facteur-determinant\/","name":"28,5 jours de vacances en moyenne pour les travailleurs en Belgique: la taille de l'entreprise reste un facteur d\u00e9terminant pour augmenter le volume de nos cong\u00e9s. - Peoplesphere","isPartOf":{"@id":"https:\/\/peoplesphere.be\/fr\/#website"},"datePublished":"2024-08-27T04:34:21+00:00","dateModified":"2024-08-29T02:07:39+00:00","breadcrumb":{"@id":"https:\/\/peoplesphere.be\/fr\/285-jours-de-vacances-en-moyenne-pour-les-travailleurs-en-belgique-la-taille-de-lentreprise-reste-un-facteur-determinant\/#breadcrumb"},"inLanguage":"fr-FR","potentialAction":[{"@type":"ReadAction","target":["https:\/\/peoplesphere.be\/fr\/285-jours-de-vacances-en-moyenne-pour-les-travailleurs-en-belgique-la-taille-de-lentreprise-reste-un-facteur-determinant\/"]}]},{"@type":"BreadcrumbList","@id":"https:\/\/peoplesphere.be\/fr\/285-jours-de-vacances-en-moyenne-pour-les-travailleurs-en-belgique-la-taille-de-lentreprise-reste-un-facteur-determinant\/#breadcrumb","itemListElement":[{"@type":"ListItem","position":1,"name":"Accueil","item":"https:\/\/peoplesphere.be\/fr\/"},{"@type":"ListItem","position":2,"name":"28,5 jours de vacances en moyenne pour les travailleurs en Belgique: la taille de l&rsquo;entreprise reste un facteur d\u00e9terminant pour augmenter le volume de nos cong\u00e9s."}]},{"@type":"WebSite","@id":"https:\/\/peoplesphere.be\/fr\/#website","url":"https:\/\/peoplesphere.be\/fr\/","name":"Peoplesphere","description":"The People Managers Magazine","publisher":{"@id":"https:\/\/peoplesphere.be\/fr\/#organization"},"potentialAction":[{"@type":"SearchAction","target":{"@type":"EntryPoint","urlTemplate":"https:\/\/peoplesphere.be\/fr\/?s={search_term_string}"},"query-input":"required name=search_term_string"}],"inLanguage":"fr-FR"},{"@type":"Organization","@id":"https:\/\/peoplesphere.be\/fr\/#organization","name":"Peoplesphere Company srl","url":"https:\/\/peoplesphere.be\/fr\/","logo":{"@type":"ImageObject","inLanguage":"fr-FR","@id":"https:\/\/peoplesphere.be\/fr\/#\/schema\/logo\/image\/","url":"https:\/\/peoplesphere.be\/fr\/wp-content\/uploads\/2023\/07\/peoplesphere-lgo-new-generik.jpg","contentUrl":"https:\/\/peoplesphere.be\/fr\/wp-content\/uploads\/2023\/07\/peoplesphere-lgo-new-generik.jpg","width":1031,"height":1479,"caption":"Peoplesphere Company srl"},"image":{"@id":"https:\/\/peoplesphere.be\/fr\/#\/schema\/logo\/image\/"},"sameAs":["https:\/\/www.facebook.com\/peoplesphere","https:\/\/twitter.com\/PeoplesphereMag","https:\/\/www.linkedin.com\/company\/7587361?trk","http:\/\/youtube.com\/peoplesphere"]},{"@type":"Person","@id":"https:\/\/peoplesphere.be\/fr\/#\/schema\/person\/7976225ff17988604334abb7b3536a7e","name":"Jean-Paul Erhard","image":{"@type":"ImageObject","inLanguage":"fr-FR","@id":"https:\/\/peoplesphere.be\/fr\/#\/schema\/person\/image\/","url":"https:\/\/secure.gravatar.com\/avatar\/f941e681460179738071629a51574930?s=96&d=mm&r=g","contentUrl":"https:\/\/secure.gravatar.com\/avatar\/f941e681460179738071629a51574930?s=96&d=mm&r=g","caption":"Jean-Paul Erhard"},"url":"https:\/\/peoplesphere.be\/fr\/author\/jpe\/"}]}},"_links":{"self":[{"href":"https:\/\/peoplesphere.be\/fr\/wp-json\/wp\/v2\/posts\/16613"}],"collection":[{"href":"https:\/\/peoplesphere.be\/fr\/wp-json\/wp\/v2\/posts"}],"about":[{"href":"https:\/\/peoplesphere.be\/fr\/wp-json\/wp\/v2\/types\/post"}],"author":[{"embeddable":true,"href":"https:\/\/peoplesphere.be\/fr\/wp-json\/wp\/v2\/users\/2"}],"replies":[{"embeddable":true,"href":"https:\/\/peoplesphere.be\/fr\/wp-json\/wp\/v2\/comments?post=16613"}],"version-history":[{"count":2,"href":"https:\/\/peoplesphere.be\/fr\/wp-json\/wp\/v2\/posts\/16613\/revisions"}],"predecessor-version":[{"id":16636,"href":"https:\/\/peoplesphere.be\/fr\/wp-json\/wp\/v2\/posts\/16613\/revisions\/16636"}],"wp:attachment":[{"href":"https:\/\/peoplesphere.be\/fr\/wp-json\/wp\/v2\/media?parent=16613"}],"wp:term":[{"taxonomy":"category","embeddable":true,"href":"https:\/\/peoplesphere.be\/fr\/wp-json\/wp\/v2\/categories?post=16613"},{"taxonomy":"post_tag","embeddable":true,"href":"https:\/\/peoplesphere.be\/fr\/wp-json\/wp\/v2\/tags?post=16613"}],"curies":[{"name":"wp","href":"https:\/\/api.w.org\/{rel}","templated":true}]}}