









{"id":16650,"date":"2024-09-02T08:48:00","date_gmt":"2024-09-02T06:48:00","guid":{"rendered":"https:\/\/peoplesphere.be\/fr\/?p=16650"},"modified":"2024-09-02T08:48:00","modified_gmt":"2024-09-02T06:48:00","slug":"diminuer-le-nombre-de-voitures-de-societe-la-majorite-des-vehicules-concernes-dans-les-pme-ont-une-reelle-utilite-professionnelle","status":"publish","type":"post","link":"https:\/\/peoplesphere.be\/fr\/diminuer-le-nombre-de-voitures-de-societe-la-majorite-des-vehicules-concernes-dans-les-pme-ont-une-reelle-utilite-professionnelle\/","title":{"rendered":"Diminuer le nombre de voitures de soci\u00e9t\u00e9? La majorit\u00e9 des v\u00e9hicules concern\u00e9s dans les PME ont une r\u00e9elle utilit\u00e9 professionnelle&#8230;"},"content":{"rendered":"<p>Le retour des vacances et la rentr\u00e9e scolaire se font sentir sur nos routes. Les voitures de soci\u00e9t\u00e9 sont d\u00e9j\u00e0 point\u00e9es du doigt. Pourtant, au moins la moiti\u00e9 des travailleurs du secteur priv\u00e9 utilisent leur propre voiture pour se rendre au travail. Dans les PME, la moiti\u00e9 des employeurs proposent une voiture de soci\u00e9t\u00e9. Une r\u00e9cente \u00e9tude de SD Worx men\u00e9e en juin 2024 aupr\u00e8s de 670 chefs d&rsquo;entreprise et responsables des ressources humaines de PME montre que la plupart des voitures de soci\u00e9t\u00e9 sont utilis\u00e9es comme v\u00e9hicules de fonction, notamment pour les rendez-vous clients.<!--more--><\/p>\n<p>Pour les PME belges, le co\u00fbt de la mise \u00e0 disposition d&rsquo;une voiture de soci\u00e9t\u00e9 a consid\u00e9rablement augment\u00e9, de 30% en moyenne au cours des trois derni\u00e8res ann\u00e9es. La plupart des PME s&rsquo;attendent maintenant \u00e0 ce que la part des voitures \u00e9lectriques et hybrides reste stable.<\/p>\n<p>Seule la moiti\u00e9 des PME offrent une (ou plusieurs) voiture(s) de soci\u00e9t\u00e9 \u00e0 leurs employ\u00e9s (54%). 50% ont moins de trois voitures (m\u00e9diane). Plus l&rsquo;organisation est grande, plus il y a de voitures. En moyenne, les PME participant \u00e0 l&rsquo;enqu\u00eate disposent de six voitures. Ces voitures sont principalement utilis\u00e9es par les travailleurs qui rendent visite aux clients. On parle alors de \u00ab voiture de fonction \u00bb. En Flandre, 60% des voitures de soci\u00e9t\u00e9 sont des voitures de fonction; \u00e0 Bruxelles et en Wallonie, ce chiffre atteint presque 70%.<\/p>\n<p>Alexia van Zuylen, conseill\u00e8re PME chez SD Worx, commente : \u00ab\u00a0<em>Quiconque qualifie chaque voiture de soci\u00e9t\u00e9 de voiture comme pure composante salariale ne tient pas compte de la r\u00e9alit\u00e9. Une voiture de soci\u00e9t\u00e9 ou de fonction reste avant tout un outil de travail. Tous les clients ne sont pas accessibles en transports publics ou \u00e0 v\u00e9lo. Dans une petite PME du secteur des services, il faut rapidement trois voitures de soci\u00e9t\u00e9 : une pour le repr\u00e9sentant, une pour le g\u00e9rant et une pour un technicien.\u00a0\u00bb<\/em><\/p>\n<h3><strong><em>Des co\u00fbts en hausse de 30% en moyenne<\/em><\/strong><\/h3>\n<p>Entre-temps, les PME s&rsquo;efforcent de rendre leur parc automobile plus \u00e9cologique, sous l&rsquo;influence des nouvelles r\u00e8gles fiscales et sociales. Actuellement, 14% des voitures de soci\u00e9t\u00e9 sont \u00e9lectriques, 28% hybrides et 58% fonctionnent encore aux carburants fossiles. Par rapport \u00e0 il y a trois ans, la plupart des budgets des PME ont augment\u00e9 (47%) ou sont rest\u00e9s inchang\u00e9s (47%). Seules 9% d&rsquo;entre elles ont vu leurs co\u00fbts diminuer. Pour sept PME sur dix, l&rsquo;augmentation est principalement due aux prix plus \u00e9lev\u00e9s (location) des voitures \u00e9lectriques.<\/p>\n<p>Quatre PME sur dix indiquent qu&rsquo;elles ne peuvent plus garantir \u00e0 leurs travailleurs une voiture de la m\u00eame cat\u00e9gorie. Dans deux PME sur dix, cette situation entra\u00eene le m\u00e9contentement des travailleurs, car la voiture devient plus petite.<\/p>\n<h3><strong><em>Seul une PME sur sept re\u00e7oit des questions sur les voitures \u00e9lectriques<\/em><\/strong><\/h3>\n<p>Seule une PME sur sept (15%) re\u00e7oit des questions concernant les voitures \u00e9lectriques de la part de ses travailleurs, contre 18 % il y a deux ans. Plus de la moiti\u00e9 (55%) des PME attendent avant d\u2019effectuer le changement parce qu&rsquo;elles rencontrent encore trop d&rsquo;obstacles. Il y a deux ans, 49% des PME adoptaient cette attitude attentiste. La plupart des PME s&rsquo;attendent maintenant \u00e0 ce que la part des voitures \u00e9lectriques et hybrides stagne. Parmi les plus petites PME (jusqu&rsquo;\u00e0 5 travailleurs), cette tendance est encore plus prononc\u00e9e. N\u00e9anmoins, 45% restent convaincues que la part des voitures \u00e9lectriques augmentera \u00e0 l&rsquo;avenir.<\/p>\n<h3><strong><em>La n\u00e9cessit\u00e9 des rendez-vous clients, une r\u00e9alit\u00e9 qui freine la progression du budget mobilit\u00e9<\/em><\/strong><\/h3>\n<p>Alexia van Zuylen, conseill\u00e8re PME de SD Worx, analyse : <em>\u00ab\u00a0Une PME sur trois ne conna\u00eet pas le budget mobilit\u00e9. Gr\u00e2ce \u00e0 ce budget, un travailleur \u00e9change sa voiture de soci\u00e9t\u00e9 contre une alternative plus \u00e9cologique ou contre de l&rsquo;argent. Mais l&rsquo;inconnu fait peur. En outre, pour six PME sur dix, il n&rsquo;est pas question de changer pour des raisons pratiques. Pour elles, les voitures de soci\u00e9t\u00e9 sont n\u00e9cessaires pour les rendez-vous chez les clients. Seuls 7% des employeurs de PME veulent commencer \u00e0 utiliser le budget mobilit\u00e9 d\u00e8s aujourd&rsquo;hui ou en ressentent le besoin. Ce chiffre a l\u00e9g\u00e8rement augment\u00e9 en deux ans en Flandre et en Wallonie pour atteindre respectivement 8% et 6%. \u00c0 Bruxelles, en revanche, il est pass\u00e9 de 8% \u00e0 4%, probablement parce qu&rsquo;ils ont commenc\u00e9 plus t\u00f4t et que le potentiel le plus important a d\u00e9j\u00e0 \u00e9t\u00e9 exploit\u00e9.\u00a0\u00bb<\/em><\/p>\n<p>Alexia van Zuylen de SD Worx conclut : \u00ab\u00a0<em>Pour les travailleurs disposant d&rsquo;une voiture de fonction, il est plus difficile d&rsquo;\u00e9changer la voiture de fonction contre de l&rsquo;argent liquide, des frais de logement, les transports en commun ou un v\u00e9lo. Il ne reste que la possibilit\u00e9 de choisir une voiture plus \u00e9cologique, mais elle est souvent plus petite, ce qui ne convient pas toujours \u00e0 une jeune famille.\u00a0\u00bb<\/em><\/p>\n<p>&nbsp;<\/p>\n<p><em>Source: SD Worx<\/em><\/p>\n","protected":false},"excerpt":{"rendered":"<p>Le retour des vacances et la rentr\u00e9e scolaire se font sentir sur nos routes. Les voitures de soci\u00e9t\u00e9 sont d\u00e9j\u00e0 point\u00e9es du doigt. Pourtant, au moins la moiti\u00e9 des travailleurs du secteur priv\u00e9 utilisent leur propre voiture pour se rendre [&hellip;]<\/p>\n","protected":false},"author":2,"featured_media":0,"comment_status":"closed","ping_status":"open","sticky":false,"template":"","format":"standard","meta":[],"categories":[65,10],"tags":[136,4123,1189],"yoast_head":"<!-- This site is optimized with the Yoast SEO plugin v21.0 - https:\/\/yoast.com\/wordpress\/plugins\/seo\/ -->\n<title>Diminuer le nombre de voitures de soci\u00e9t\u00e9? La majorit\u00e9 des v\u00e9hicules concern\u00e9s dans les PME ont une r\u00e9elle utilit\u00e9 professionnelle... - Peoplesphere<\/title>\n<meta name=\"robots\" content=\"index, follow, max-snippet:-1, max-image-preview:large, max-video-preview:-1\" \/>\n<link rel=\"canonical\" href=\"https:\/\/peoplesphere.be\/fr\/diminuer-le-nombre-de-voitures-de-societe-la-majorite-des-vehicules-concernes-dans-les-pme-ont-une-reelle-utilite-professionnelle\/\" \/>\n<meta property=\"og:locale\" content=\"fr_FR\" \/>\n<meta property=\"og:type\" content=\"article\" \/>\n<meta property=\"og:title\" content=\"Diminuer le nombre de voitures de soci\u00e9t\u00e9? La majorit\u00e9 des v\u00e9hicules concern\u00e9s dans les PME ont une r\u00e9elle utilit\u00e9 professionnelle... - Peoplesphere\" \/>\n<meta property=\"og:description\" content=\"Le retour des vacances et la rentr\u00e9e scolaire se font sentir sur nos routes. Les voitures de soci\u00e9t\u00e9 sont d\u00e9j\u00e0 point\u00e9es du doigt. Pourtant, au moins la moiti\u00e9 des travailleurs du secteur priv\u00e9 utilisent leur propre voiture pour se rendre [&hellip;]\" \/>\n<meta property=\"og:url\" content=\"https:\/\/peoplesphere.be\/fr\/diminuer-le-nombre-de-voitures-de-societe-la-majorite-des-vehicules-concernes-dans-les-pme-ont-une-reelle-utilite-professionnelle\/\" \/>\n<meta property=\"og:site_name\" content=\"Peoplesphere\" \/>\n<meta property=\"article:publisher\" content=\"https:\/\/www.facebook.com\/peoplesphere\" \/>\n<meta property=\"article:published_time\" content=\"2024-09-02T06:48:00+00:00\" \/>\n<meta property=\"og:image\" content=\"http:\/\/www.peoplesphere.be\/fr\/wp-content\/uploads\/2016\/07\/facebook-default-posting-1200x628px.jpg\" \/>\n<meta name=\"author\" content=\"Jean-Paul Erhard\" \/>\n<meta name=\"twitter:card\" content=\"summary_large_image\" \/>\n<meta name=\"twitter:creator\" content=\"@PeoplesphereMag\" \/>\n<meta name=\"twitter:site\" content=\"@PeoplesphereMag\" \/>\n<meta name=\"twitter:label1\" content=\"\u00c9crit par\" \/>\n\t<meta name=\"twitter:data1\" content=\"Jean-Paul Erhard\" \/>\n\t<meta name=\"twitter:label2\" content=\"Dur\u00e9e de lecture estim\u00e9e\" \/>\n\t<meta name=\"twitter:data2\" content=\"4 minutes\" \/>\n<script type=\"application\/ld+json\" class=\"yoast-schema-graph\">{\"@context\":\"https:\/\/schema.org\",\"@graph\":[{\"@type\":\"Article\",\"@id\":\"https:\/\/peoplesphere.be\/fr\/diminuer-le-nombre-de-voitures-de-societe-la-majorite-des-vehicules-concernes-dans-les-pme-ont-une-reelle-utilite-professionnelle\/#article\",\"isPartOf\":{\"@id\":\"https:\/\/peoplesphere.be\/fr\/diminuer-le-nombre-de-voitures-de-societe-la-majorite-des-vehicules-concernes-dans-les-pme-ont-une-reelle-utilite-professionnelle\/\"},\"author\":{\"name\":\"Jean-Paul Erhard\",\"@id\":\"https:\/\/peoplesphere.be\/fr\/#\/schema\/person\/7976225ff17988604334abb7b3536a7e\"},\"headline\":\"Diminuer le nombre de voitures de soci\u00e9t\u00e9? La majorit\u00e9 des v\u00e9hicules concern\u00e9s dans les PME ont une r\u00e9elle utilit\u00e9 professionnelle&#8230;\",\"datePublished\":\"2024-09-02T06:48:00+00:00\",\"dateModified\":\"2024-09-02T06:48:00+00:00\",\"mainEntityOfPage\":{\"@id\":\"https:\/\/peoplesphere.be\/fr\/diminuer-le-nombre-de-voitures-de-societe-la-majorite-des-vehicules-concernes-dans-les-pme-ont-une-reelle-utilite-professionnelle\/\"},\"wordCount\":824,\"publisher\":{\"@id\":\"https:\/\/peoplesphere.be\/fr\/#organization\"},\"keywords\":[\"mobilit\u00e9\",\"v\u00e9hicule de fonction\",\"voiture de soci\u00e9t\u00e9\"],\"articleSection\":[\"Actualit\u00e9s\",\"Digital\"],\"inLanguage\":\"fr-FR\"},{\"@type\":\"WebPage\",\"@id\":\"https:\/\/peoplesphere.be\/fr\/diminuer-le-nombre-de-voitures-de-societe-la-majorite-des-vehicules-concernes-dans-les-pme-ont-une-reelle-utilite-professionnelle\/\",\"url\":\"https:\/\/peoplesphere.be\/fr\/diminuer-le-nombre-de-voitures-de-societe-la-majorite-des-vehicules-concernes-dans-les-pme-ont-une-reelle-utilite-professionnelle\/\",\"name\":\"Diminuer le nombre de voitures de soci\u00e9t\u00e9? La majorit\u00e9 des v\u00e9hicules concern\u00e9s dans les PME ont une r\u00e9elle utilit\u00e9 professionnelle... - Peoplesphere\",\"isPartOf\":{\"@id\":\"https:\/\/peoplesphere.be\/fr\/#website\"},\"datePublished\":\"2024-09-02T06:48:00+00:00\",\"dateModified\":\"2024-09-02T06:48:00+00:00\",\"breadcrumb\":{\"@id\":\"https:\/\/peoplesphere.be\/fr\/diminuer-le-nombre-de-voitures-de-societe-la-majorite-des-vehicules-concernes-dans-les-pme-ont-une-reelle-utilite-professionnelle\/#breadcrumb\"},\"inLanguage\":\"fr-FR\",\"potentialAction\":[{\"@type\":\"ReadAction\",\"target\":[\"https:\/\/peoplesphere.be\/fr\/diminuer-le-nombre-de-voitures-de-societe-la-majorite-des-vehicules-concernes-dans-les-pme-ont-une-reelle-utilite-professionnelle\/\"]}]},{\"@type\":\"BreadcrumbList\",\"@id\":\"https:\/\/peoplesphere.be\/fr\/diminuer-le-nombre-de-voitures-de-societe-la-majorite-des-vehicules-concernes-dans-les-pme-ont-une-reelle-utilite-professionnelle\/#breadcrumb\",\"itemListElement\":[{\"@type\":\"ListItem\",\"position\":1,\"name\":\"Accueil\",\"item\":\"https:\/\/peoplesphere.be\/fr\/\"},{\"@type\":\"ListItem\",\"position\":2,\"name\":\"Diminuer le nombre de voitures de soci\u00e9t\u00e9? La majorit\u00e9 des v\u00e9hicules concern\u00e9s dans les PME ont une r\u00e9elle utilit\u00e9 professionnelle&#8230;\"}]},{\"@type\":\"WebSite\",\"@id\":\"https:\/\/peoplesphere.be\/fr\/#website\",\"url\":\"https:\/\/peoplesphere.be\/fr\/\",\"name\":\"Peoplesphere\",\"description\":\"The People Managers Magazine\",\"publisher\":{\"@id\":\"https:\/\/peoplesphere.be\/fr\/#organization\"},\"potentialAction\":[{\"@type\":\"SearchAction\",\"target\":{\"@type\":\"EntryPoint\",\"urlTemplate\":\"https:\/\/peoplesphere.be\/fr\/?s={search_term_string}\"},\"query-input\":\"required name=search_term_string\"}],\"inLanguage\":\"fr-FR\"},{\"@type\":\"Organization\",\"@id\":\"https:\/\/peoplesphere.be\/fr\/#organization\",\"name\":\"Peoplesphere Company srl\",\"url\":\"https:\/\/peoplesphere.be\/fr\/\",\"logo\":{\"@type\":\"ImageObject\",\"inLanguage\":\"fr-FR\",\"@id\":\"https:\/\/peoplesphere.be\/fr\/#\/schema\/logo\/image\/\",\"url\":\"https:\/\/peoplesphere.be\/fr\/wp-content\/uploads\/2023\/07\/peoplesphere-lgo-new-generik.jpg\",\"contentUrl\":\"https:\/\/peoplesphere.be\/fr\/wp-content\/uploads\/2023\/07\/peoplesphere-lgo-new-generik.jpg\",\"width\":1031,\"height\":1479,\"caption\":\"Peoplesphere Company srl\"},\"image\":{\"@id\":\"https:\/\/peoplesphere.be\/fr\/#\/schema\/logo\/image\/\"},\"sameAs\":[\"https:\/\/www.facebook.com\/peoplesphere\",\"https:\/\/twitter.com\/PeoplesphereMag\",\"https:\/\/www.linkedin.com\/company\/7587361?trk\",\"http:\/\/youtube.com\/peoplesphere\"]},{\"@type\":\"Person\",\"@id\":\"https:\/\/peoplesphere.be\/fr\/#\/schema\/person\/7976225ff17988604334abb7b3536a7e\",\"name\":\"Jean-Paul Erhard\",\"image\":{\"@type\":\"ImageObject\",\"inLanguage\":\"fr-FR\",\"@id\":\"https:\/\/peoplesphere.be\/fr\/#\/schema\/person\/image\/\",\"url\":\"https:\/\/secure.gravatar.com\/avatar\/f941e681460179738071629a51574930?s=96&d=mm&r=g\",\"contentUrl\":\"https:\/\/secure.gravatar.com\/avatar\/f941e681460179738071629a51574930?s=96&d=mm&r=g\",\"caption\":\"Jean-Paul Erhard\"},\"url\":\"https:\/\/peoplesphere.be\/fr\/author\/jpe\/\"}]}<\/script>\n<!-- \/ Yoast SEO plugin. -->","yoast_head_json":{"title":"Diminuer le nombre de voitures de soci\u00e9t\u00e9? La majorit\u00e9 des v\u00e9hicules concern\u00e9s dans les PME ont une r\u00e9elle utilit\u00e9 professionnelle... - Peoplesphere","robots":{"index":"index","follow":"follow","max-snippet":"max-snippet:-1","max-image-preview":"max-image-preview:large","max-video-preview":"max-video-preview:-1"},"canonical":"https:\/\/peoplesphere.be\/fr\/diminuer-le-nombre-de-voitures-de-societe-la-majorite-des-vehicules-concernes-dans-les-pme-ont-une-reelle-utilite-professionnelle\/","og_locale":"fr_FR","og_type":"article","og_title":"Diminuer le nombre de voitures de soci\u00e9t\u00e9? La majorit\u00e9 des v\u00e9hicules concern\u00e9s dans les PME ont une r\u00e9elle utilit\u00e9 professionnelle... - Peoplesphere","og_description":"Le retour des vacances et la rentr\u00e9e scolaire se font sentir sur nos routes. Les voitures de soci\u00e9t\u00e9 sont d\u00e9j\u00e0 point\u00e9es du doigt. Pourtant, au moins la moiti\u00e9 des travailleurs du secteur priv\u00e9 utilisent leur propre voiture pour se rendre [&hellip;]","og_url":"https:\/\/peoplesphere.be\/fr\/diminuer-le-nombre-de-voitures-de-societe-la-majorite-des-vehicules-concernes-dans-les-pme-ont-une-reelle-utilite-professionnelle\/","og_site_name":"Peoplesphere","article_publisher":"https:\/\/www.facebook.com\/peoplesphere","article_published_time":"2024-09-02T06:48:00+00:00","og_image":[{"url":"http:\/\/www.peoplesphere.be\/fr\/wp-content\/uploads\/2016\/07\/facebook-default-posting-1200x628px.jpg"}],"author":"Jean-Paul Erhard","twitter_card":"summary_large_image","twitter_creator":"@PeoplesphereMag","twitter_site":"@PeoplesphereMag","twitter_misc":{"\u00c9crit par":"Jean-Paul Erhard","Dur\u00e9e de lecture estim\u00e9e":"4 minutes"},"schema":{"@context":"https:\/\/schema.org","@graph":[{"@type":"Article","@id":"https:\/\/peoplesphere.be\/fr\/diminuer-le-nombre-de-voitures-de-societe-la-majorite-des-vehicules-concernes-dans-les-pme-ont-une-reelle-utilite-professionnelle\/#article","isPartOf":{"@id":"https:\/\/peoplesphere.be\/fr\/diminuer-le-nombre-de-voitures-de-societe-la-majorite-des-vehicules-concernes-dans-les-pme-ont-une-reelle-utilite-professionnelle\/"},"author":{"name":"Jean-Paul Erhard","@id":"https:\/\/peoplesphere.be\/fr\/#\/schema\/person\/7976225ff17988604334abb7b3536a7e"},"headline":"Diminuer le nombre de voitures de soci\u00e9t\u00e9? La majorit\u00e9 des v\u00e9hicules concern\u00e9s dans les PME ont une r\u00e9elle utilit\u00e9 professionnelle&#8230;","datePublished":"2024-09-02T06:48:00+00:00","dateModified":"2024-09-02T06:48:00+00:00","mainEntityOfPage":{"@id":"https:\/\/peoplesphere.be\/fr\/diminuer-le-nombre-de-voitures-de-societe-la-majorite-des-vehicules-concernes-dans-les-pme-ont-une-reelle-utilite-professionnelle\/"},"wordCount":824,"publisher":{"@id":"https:\/\/peoplesphere.be\/fr\/#organization"},"keywords":["mobilit\u00e9","v\u00e9hicule de fonction","voiture de soci\u00e9t\u00e9"],"articleSection":["Actualit\u00e9s","Digital"],"inLanguage":"fr-FR"},{"@type":"WebPage","@id":"https:\/\/peoplesphere.be\/fr\/diminuer-le-nombre-de-voitures-de-societe-la-majorite-des-vehicules-concernes-dans-les-pme-ont-une-reelle-utilite-professionnelle\/","url":"https:\/\/peoplesphere.be\/fr\/diminuer-le-nombre-de-voitures-de-societe-la-majorite-des-vehicules-concernes-dans-les-pme-ont-une-reelle-utilite-professionnelle\/","name":"Diminuer le nombre de voitures de soci\u00e9t\u00e9? La majorit\u00e9 des v\u00e9hicules concern\u00e9s dans les PME ont une r\u00e9elle utilit\u00e9 professionnelle... - Peoplesphere","isPartOf":{"@id":"https:\/\/peoplesphere.be\/fr\/#website"},"datePublished":"2024-09-02T06:48:00+00:00","dateModified":"2024-09-02T06:48:00+00:00","breadcrumb":{"@id":"https:\/\/peoplesphere.be\/fr\/diminuer-le-nombre-de-voitures-de-societe-la-majorite-des-vehicules-concernes-dans-les-pme-ont-une-reelle-utilite-professionnelle\/#breadcrumb"},"inLanguage":"fr-FR","potentialAction":[{"@type":"ReadAction","target":["https:\/\/peoplesphere.be\/fr\/diminuer-le-nombre-de-voitures-de-societe-la-majorite-des-vehicules-concernes-dans-les-pme-ont-une-reelle-utilite-professionnelle\/"]}]},{"@type":"BreadcrumbList","@id":"https:\/\/peoplesphere.be\/fr\/diminuer-le-nombre-de-voitures-de-societe-la-majorite-des-vehicules-concernes-dans-les-pme-ont-une-reelle-utilite-professionnelle\/#breadcrumb","itemListElement":[{"@type":"ListItem","position":1,"name":"Accueil","item":"https:\/\/peoplesphere.be\/fr\/"},{"@type":"ListItem","position":2,"name":"Diminuer le nombre de voitures de soci\u00e9t\u00e9? La majorit\u00e9 des v\u00e9hicules concern\u00e9s dans les PME ont une r\u00e9elle utilit\u00e9 professionnelle&#8230;"}]},{"@type":"WebSite","@id":"https:\/\/peoplesphere.be\/fr\/#website","url":"https:\/\/peoplesphere.be\/fr\/","name":"Peoplesphere","description":"The People Managers Magazine","publisher":{"@id":"https:\/\/peoplesphere.be\/fr\/#organization"},"potentialAction":[{"@type":"SearchAction","target":{"@type":"EntryPoint","urlTemplate":"https:\/\/peoplesphere.be\/fr\/?s={search_term_string}"},"query-input":"required name=search_term_string"}],"inLanguage":"fr-FR"},{"@type":"Organization","@id":"https:\/\/peoplesphere.be\/fr\/#organization","name":"Peoplesphere Company srl","url":"https:\/\/peoplesphere.be\/fr\/","logo":{"@type":"ImageObject","inLanguage":"fr-FR","@id":"https:\/\/peoplesphere.be\/fr\/#\/schema\/logo\/image\/","url":"https:\/\/peoplesphere.be\/fr\/wp-content\/uploads\/2023\/07\/peoplesphere-lgo-new-generik.jpg","contentUrl":"https:\/\/peoplesphere.be\/fr\/wp-content\/uploads\/2023\/07\/peoplesphere-lgo-new-generik.jpg","width":1031,"height":1479,"caption":"Peoplesphere Company srl"},"image":{"@id":"https:\/\/peoplesphere.be\/fr\/#\/schema\/logo\/image\/"},"sameAs":["https:\/\/www.facebook.com\/peoplesphere","https:\/\/twitter.com\/PeoplesphereMag","https:\/\/www.linkedin.com\/company\/7587361?trk","http:\/\/youtube.com\/peoplesphere"]},{"@type":"Person","@id":"https:\/\/peoplesphere.be\/fr\/#\/schema\/person\/7976225ff17988604334abb7b3536a7e","name":"Jean-Paul Erhard","image":{"@type":"ImageObject","inLanguage":"fr-FR","@id":"https:\/\/peoplesphere.be\/fr\/#\/schema\/person\/image\/","url":"https:\/\/secure.gravatar.com\/avatar\/f941e681460179738071629a51574930?s=96&d=mm&r=g","contentUrl":"https:\/\/secure.gravatar.com\/avatar\/f941e681460179738071629a51574930?s=96&d=mm&r=g","caption":"Jean-Paul Erhard"},"url":"https:\/\/peoplesphere.be\/fr\/author\/jpe\/"}]}},"_links":{"self":[{"href":"https:\/\/peoplesphere.be\/fr\/wp-json\/wp\/v2\/posts\/16650"}],"collection":[{"href":"https:\/\/peoplesphere.be\/fr\/wp-json\/wp\/v2\/posts"}],"about":[{"href":"https:\/\/peoplesphere.be\/fr\/wp-json\/wp\/v2\/types\/post"}],"author":[{"embeddable":true,"href":"https:\/\/peoplesphere.be\/fr\/wp-json\/wp\/v2\/users\/2"}],"replies":[{"embeddable":true,"href":"https:\/\/peoplesphere.be\/fr\/wp-json\/wp\/v2\/comments?post=16650"}],"version-history":[{"count":1,"href":"https:\/\/peoplesphere.be\/fr\/wp-json\/wp\/v2\/posts\/16650\/revisions"}],"predecessor-version":[{"id":16651,"href":"https:\/\/peoplesphere.be\/fr\/wp-json\/wp\/v2\/posts\/16650\/revisions\/16651"}],"wp:attachment":[{"href":"https:\/\/peoplesphere.be\/fr\/wp-json\/wp\/v2\/media?parent=16650"}],"wp:term":[{"taxonomy":"category","embeddable":true,"href":"https:\/\/peoplesphere.be\/fr\/wp-json\/wp\/v2\/categories?post=16650"},{"taxonomy":"post_tag","embeddable":true,"href":"https:\/\/peoplesphere.be\/fr\/wp-json\/wp\/v2\/tags?post=16650"}],"curies":[{"name":"wp","href":"https:\/\/api.w.org\/{rel}","templated":true}]}}