









{"id":16698,"date":"2024-09-12T07:54:31","date_gmt":"2024-09-12T05:54:31","guid":{"rendered":"https:\/\/peoplesphere.be\/fr\/?p=16698"},"modified":"2024-09-12T07:54:31","modified_gmt":"2024-09-12T05:54:31","slug":"dans-40-des-entreprises-les-travailleurs-qui-ont-ete-malades-pendant-leurs-vacances-ont-pu-recuperer-leurs-jours-de-conge","status":"publish","type":"post","link":"https:\/\/peoplesphere.be\/fr\/dans-40-des-entreprises-les-travailleurs-qui-ont-ete-malades-pendant-leurs-vacances-ont-pu-recuperer-leurs-jours-de-conge\/","title":{"rendered":"Dans 40% des entreprises, les travailleurs qui ont \u00e9t\u00e9 malades pendant leurs vacances ont pu r\u00e9cup\u00e9rer leurs jours de cong\u00e9."},"content":{"rendered":"<p>Dans plus de quatre entreprises sur dix, les travailleurs qui sont tomb\u00e9s malades pendant leurs cong\u00e9s ont r\u00e9cup\u00e9r\u00e9 leurs jours de vacances. Au total, 4\u202f% des travailleurs de notre pays ont profit\u00e9 de cette nouvelle mesure, entr\u00e9e en vigueur le 1er\u202fjanvier 2024. Autre fait notable\u202f: pr\u00e8s de six entreprises sur dix indiquent que la mesure n\u2019entra\u00eene pas d\u2019augmentation de l\u2019absent\u00e9isme et ne craignent pas d\u2019abus \u00e0 l\u2019avenir.<!--more--><\/p>\n<p>Depuis le d\u00e9but de cette ann\u00e9e, les employ\u00e9s qui tombent malades pendant leurs vacances peuvent r\u00e9cup\u00e9rer ces jours plus tard dans l\u2019ann\u00e9e. Une possibilit\u00e9 \u00e0 laquelle le personnel de nombreuses entreprises a d\u00e9j\u00e0 eu recours si l\u2019on en croit une enqu\u00eate r\u00e9alis\u00e9e par Mensura apr\u00e8s la premi\u00e8re grande pause estivale. Alors que la mesure fait progressivement son chemin, la majorit\u00e9 des chefs d\u2019entreprise ne sont pas (plus) n\u00e9gatifs \u00e0 l\u2019\u00e9gard de la nouvelle loi.<\/p>\n<h3><strong><em>La r\u00e9cup\u00e9ration des jours de cong\u00e9 gagne du terrain<\/em><\/strong><\/h3>\n<p>Premier constat frappant de l\u2019enqu\u00eate de Mensura\u202f: plus de quatre entreprises sur dix dans notre pays (43%) indiquent qu\u2019un ou plusieurs travailleurs ont d\u00e9j\u00e0 r\u00e9cup\u00e9r\u00e9 des jours de cong\u00e9 parce qu\u2019ils \u00e9taient tomb\u00e9s malades pendant leurs vacances. Parmi les travailleurs interrog\u00e9s, 4% au total ont d\u00e9clar\u00e9 avoir d\u00e9j\u00e0 profit\u00e9 de cette mesure.<\/p>\n<p><em>\u00ab\u00a0Dans pr\u00e8s de la moiti\u00e9 des entreprises (46\u202f%) o\u00f9 la mesure a d\u00e9j\u00e0 \u00e9t\u00e9 appliqu\u00e9e, il n\u2019y a pas d\u2019impact sur le travail, selon les chefs d\u2019entreprise et les responsables des ressources humaines. Trois chefs d\u2019entreprise sur dix remarquent un impact n\u00e9gatif sur le lieu de travail (31\u202f%), principalement en termes de planification (75\u202f%) et d\u2019e coh\u00e9sion d\u2019\u00e9quipe (47,5\u202f%). Un peu plus d\u2019un cinqui\u00e8me des employeurs constatent plut\u00f4t des avantages sur le lieu de travail, tels qu\u2019une augmentation de la satisfaction ou de l\u2019esprit d\u2019\u00e9quipe.\u00a0\u00bb<\/em>\u00a0\u2013 Val\u00e9rie Buytaert, experte en absent\u00e9isme chez Mensura<\/p>\n<h3><strong><em>Pas de porte ouverte aux abus<\/em><\/strong><\/h3>\n<p>Sept entreprises sur dix estiment que c\u2019est (plut\u00f4t) une bonne chose que leurs collaborateurs puissent r\u00e9cup\u00e9rer les jours de cong\u00e9 l\u00e9gaux s\u2019ils tombent malades pendant leurs vacances. 88% pensent qu\u2019il est important pour leur personnel de b\u00e9n\u00e9ficier d\u2019un meilleur repos physique et\/ou mental. Les travailleurs sont \u00e9galement favorables \u00e0 cette mesure\u202f: selon l\u2019enqu\u00eate de Mensura, 85% d\u2019entre eux voient cette nouvelle opportunit\u00e9 d\u2019un bon \u0153il.<\/p>\n<p><em>\u00ab\u00a0Beaucoup de travailleurs trouvent la nouvelle mesure positive et y recourent de mani\u00e8re responsable. Notre enqu\u00eate montre qu\u2019ils r\u00e9fl\u00e9chissent clairement \u00e0 la possibilit\u00e9 de r\u00e9cup\u00e9rer les cong\u00e9s perdus pour cause de maladie. Ils tiennent compte de la dur\u00e9e r\u00e9elle de la maladie et de l\u2019impact de leur absence sur leurs coll\u00e8gues. Les employeurs, quant \u00e0 eux, ont une \u00e9valuation nuanc\u00e9e de l\u2019impact des nouvelles r\u00e9glementations. Plus de la moiti\u00e9 (57%) ne pensent pas que la mesure ouvre la porte \u00e0 des abus et pr\u00e8s de six personnes sur dix (56%) d\u00e9clarent ne pas penser que la r\u00e9cup\u00e9ration des cong\u00e9s pour cause de maladie entra\u00eene une augmentation de l\u2019absent\u00e9isme. N\u00e9anmoins, trois entreprises sur dix ne sont actuellement pas (encore) favorables \u00e0 la nouvelle mesure. Nous ne pouvons toutefois pas ignorer la l\u00e9gislation europ\u00e9enne, que notre pays a mise en \u0153uvre au d\u00e9but de cette ann\u00e9e. Nous conseillons donc aux entreprises d\u2019envisager la mesure sous un angle positif et de communiquer \u00e0 ce sujet de mani\u00e8re transparente.\u00a0\u00bb<\/em>\u00a0\u2013 Val\u00e9rie Buytaert, experte en absent\u00e9isme chez Mensura<\/p>\n<h3><strong><em>Moins de quatre entreprises sur dix communiquent \u00e0 ce sujet<\/em><\/strong><\/h3>\n<p>C\u2019est pr\u00e9cis\u00e9ment au niveau de la communication interne que le b\u00e2t blesse pour l\u2019instant\u202f: moins de quatre entreprises sur dix (37%) ont d\u00e9j\u00e0 communiqu\u00e9 activement sur l\u2019existence de la nouvelle loi et sur ses implications exactes.<\/p>\n<p><em>\u00ab\u00a0Comme dans toute bonne politique de pr\u00e9vention de l\u2019absent\u00e9isme, une communication ouverte est importante pour rechercher des solutions ensemble et am\u00e9liorer l\u2019employabilit\u00e9. Cette mesure peut parfaitement s\u2019inscrire dans une politique plus large pr\u00e9voyant des dispositions claires en mati\u00e8re d\u2019absences et tenant \u00e0 la fois compte des besoins et des possibilit\u00e9s des travailleurs et de l\u2019entreprise. Il importe de rendre cette mati\u00e8re concr\u00e8te et d\u2019\u00e9laborer des lignes directrices pr\u00e9cisant les moments o\u00f9 ces jours peuvent ou non \u00eatre r\u00e9cup\u00e9r\u00e9s. Ces accords doivent \u00e9galement \u00eatre discut\u00e9s entre coll\u00e8gues afin d\u2019\u00eatre bien compris par tout le monde.\u00a0\u00bb<\/em>\u00a0\u2013 Val\u00e9rie Buytaert, experte en absent\u00e9isme chez Mensura<\/p>\n<h3><strong><em>Comment proc\u00e9der pour r\u00e9cup\u00e9rer des jours de cong\u00e9\u202f?<\/em><\/strong><\/h3>\n<p>Les travailleurs qui souhaitent r\u00e9cup\u00e9rer ult\u00e9rieurement les jours de vacances o\u00f9 ils ont \u00e9t\u00e9 malades doivent pr\u00e9senter \u00e0 l\u2019employeur un certificat de maladie valide s\u2019ils ont \u00e9t\u00e9 malades plus d\u2019un jour. Les vacances sont alors interrompues et un salaire garanti est vers\u00e9 pour les jours de maladie. En principe, un employeur ne peut pas refuser une telle demande, mais il est bien s\u00fbr important de discuter avec lui et les coll\u00e8gues du moment o\u00f9 ces jours pourront \u00eatre r\u00e9cup\u00e9r\u00e9s. Il est \u00e0 noter que cette mesure concerne uniquement les jours de cong\u00e9 l\u00e9gaux, et non les autres formes de cong\u00e9 (tels que les jours RTT, le cong\u00e9 parental, etc.).<\/p>\n<p>&nbsp;<\/p>\n<p><em>Source: ces donn\u00e9es proviennent d\u2019une enqu\u00eate r\u00e9alis\u00e9e par le bureau d\u2019\u00e9tudes BUFFL \u00e0 la demande de Mensura. Au total, 300\u202fchefs d\u2019entreprise et responsables des ressources humaines, ainsi que 500\u202femploy\u00e9s, ont \u00e9t\u00e9 interrog\u00e9s. Les r\u00e9sultats sont pond\u00e9r\u00e9s et repr\u00e9sentatifs de notre pays. L\u2019enqu\u00eate a \u00e9t\u00e9 r\u00e9alis\u00e9e entre le 26\u202fao\u00fbt et le 6\u202fseptembre 2024.<\/em><\/p>\n","protected":false},"excerpt":{"rendered":"<p>Dans plus de quatre entreprises sur dix, les travailleurs qui sont tomb\u00e9s malades pendant leurs cong\u00e9s ont r\u00e9cup\u00e9r\u00e9 leurs jours de vacances. Au total, 4\u202f% des travailleurs de notre pays ont profit\u00e9 de cette nouvelle mesure, entr\u00e9e en vigueur le [&hellip;]<\/p>\n","protected":false},"author":2,"featured_media":0,"comment_status":"closed","ping_status":"open","sticky":false,"template":"","format":"standard","meta":[],"categories":[65,10],"tags":[145,4130,96,16,17],"yoast_head":"<!-- This site is optimized with the Yoast SEO plugin v21.0 - https:\/\/yoast.com\/wordpress\/plugins\/seo\/ -->\n<title>Dans 40% des entreprises, les travailleurs qui ont \u00e9t\u00e9 malades pendant leurs vacances ont pu r\u00e9cup\u00e9rer leurs jours de cong\u00e9. - Peoplesphere<\/title>\n<meta name=\"description\" content=\"Dans 40% des entreprises, les travailleurs qui ont \u00e9t\u00e9 malades pendant leurs vacances ont pu r\u00e9cup\u00e9rer leurs jours de cong\u00e9.\" \/>\n<meta name=\"robots\" content=\"index, follow, max-snippet:-1, max-image-preview:large, max-video-preview:-1\" \/>\n<link rel=\"canonical\" href=\"https:\/\/peoplesphere.be\/fr\/dans-40-des-entreprises-les-travailleurs-qui-ont-ete-malades-pendant-leurs-vacances-ont-pu-recuperer-leurs-jours-de-conge\/\" \/>\n<meta property=\"og:locale\" content=\"fr_FR\" \/>\n<meta property=\"og:type\" content=\"article\" \/>\n<meta property=\"og:title\" content=\"Dans 40% des entreprises, les travailleurs qui ont \u00e9t\u00e9 malades pendant leurs vacances ont pu r\u00e9cup\u00e9rer leurs jours de cong\u00e9. - Peoplesphere\" \/>\n<meta property=\"og:description\" content=\"Dans 40% des entreprises, les travailleurs qui ont \u00e9t\u00e9 malades pendant leurs vacances ont pu r\u00e9cup\u00e9rer leurs jours de cong\u00e9.\" \/>\n<meta property=\"og:url\" content=\"https:\/\/peoplesphere.be\/fr\/dans-40-des-entreprises-les-travailleurs-qui-ont-ete-malades-pendant-leurs-vacances-ont-pu-recuperer-leurs-jours-de-conge\/\" \/>\n<meta property=\"og:site_name\" content=\"Peoplesphere\" \/>\n<meta property=\"article:publisher\" content=\"https:\/\/www.facebook.com\/peoplesphere\" \/>\n<meta property=\"article:published_time\" content=\"2024-09-12T05:54:31+00:00\" \/>\n<meta property=\"og:image\" content=\"http:\/\/www.peoplesphere.be\/fr\/wp-content\/uploads\/2016\/07\/facebook-default-posting-1200x628px.jpg\" \/>\n<meta name=\"author\" content=\"Jean-Paul Erhard\" \/>\n<meta name=\"twitter:card\" content=\"summary_large_image\" \/>\n<meta name=\"twitter:creator\" content=\"@PeoplesphereMag\" \/>\n<meta name=\"twitter:site\" content=\"@PeoplesphereMag\" \/>\n<meta name=\"twitter:label1\" content=\"\u00c9crit par\" \/>\n\t<meta name=\"twitter:data1\" content=\"Jean-Paul Erhard\" \/>\n\t<meta name=\"twitter:label2\" content=\"Dur\u00e9e de lecture estim\u00e9e\" \/>\n\t<meta name=\"twitter:data2\" content=\"5 minutes\" \/>\n<script type=\"application\/ld+json\" class=\"yoast-schema-graph\">{\"@context\":\"https:\/\/schema.org\",\"@graph\":[{\"@type\":\"Article\",\"@id\":\"https:\/\/peoplesphere.be\/fr\/dans-40-des-entreprises-les-travailleurs-qui-ont-ete-malades-pendant-leurs-vacances-ont-pu-recuperer-leurs-jours-de-conge\/#article\",\"isPartOf\":{\"@id\":\"https:\/\/peoplesphere.be\/fr\/dans-40-des-entreprises-les-travailleurs-qui-ont-ete-malades-pendant-leurs-vacances-ont-pu-recuperer-leurs-jours-de-conge\/\"},\"author\":{\"name\":\"Jean-Paul Erhard\",\"@id\":\"https:\/\/peoplesphere.be\/fr\/#\/schema\/person\/7976225ff17988604334abb7b3536a7e\"},\"headline\":\"Dans 40% des entreprises, les travailleurs qui ont \u00e9t\u00e9 malades pendant leurs vacances ont pu r\u00e9cup\u00e9rer leurs jours de cong\u00e9.\",\"datePublished\":\"2024-09-12T05:54:31+00:00\",\"dateModified\":\"2024-09-12T05:54:31+00:00\",\"mainEntityOfPage\":{\"@id\":\"https:\/\/peoplesphere.be\/fr\/dans-40-des-entreprises-les-travailleurs-qui-ont-ete-malades-pendant-leurs-vacances-ont-pu-recuperer-leurs-jours-de-conge\/\"},\"wordCount\":1021,\"publisher\":{\"@id\":\"https:\/\/peoplesphere.be\/fr\/#organization\"},\"keywords\":[\"absent\u00e9isme\",\"abus\",\"bien-\u00eatre\",\"Maladie\",\"Sant\u00e9\"],\"articleSection\":[\"Actualit\u00e9s\",\"Digital\"],\"inLanguage\":\"fr-FR\"},{\"@type\":\"WebPage\",\"@id\":\"https:\/\/peoplesphere.be\/fr\/dans-40-des-entreprises-les-travailleurs-qui-ont-ete-malades-pendant-leurs-vacances-ont-pu-recuperer-leurs-jours-de-conge\/\",\"url\":\"https:\/\/peoplesphere.be\/fr\/dans-40-des-entreprises-les-travailleurs-qui-ont-ete-malades-pendant-leurs-vacances-ont-pu-recuperer-leurs-jours-de-conge\/\",\"name\":\"Dans 40% des entreprises, les travailleurs qui ont \u00e9t\u00e9 malades pendant leurs vacances ont pu r\u00e9cup\u00e9rer leurs jours de cong\u00e9. - Peoplesphere\",\"isPartOf\":{\"@id\":\"https:\/\/peoplesphere.be\/fr\/#website\"},\"datePublished\":\"2024-09-12T05:54:31+00:00\",\"dateModified\":\"2024-09-12T05:54:31+00:00\",\"description\":\"Dans 40% des entreprises, les travailleurs qui ont \u00e9t\u00e9 malades pendant leurs vacances ont pu r\u00e9cup\u00e9rer leurs jours de cong\u00e9.\",\"breadcrumb\":{\"@id\":\"https:\/\/peoplesphere.be\/fr\/dans-40-des-entreprises-les-travailleurs-qui-ont-ete-malades-pendant-leurs-vacances-ont-pu-recuperer-leurs-jours-de-conge\/#breadcrumb\"},\"inLanguage\":\"fr-FR\",\"potentialAction\":[{\"@type\":\"ReadAction\",\"target\":[\"https:\/\/peoplesphere.be\/fr\/dans-40-des-entreprises-les-travailleurs-qui-ont-ete-malades-pendant-leurs-vacances-ont-pu-recuperer-leurs-jours-de-conge\/\"]}]},{\"@type\":\"BreadcrumbList\",\"@id\":\"https:\/\/peoplesphere.be\/fr\/dans-40-des-entreprises-les-travailleurs-qui-ont-ete-malades-pendant-leurs-vacances-ont-pu-recuperer-leurs-jours-de-conge\/#breadcrumb\",\"itemListElement\":[{\"@type\":\"ListItem\",\"position\":1,\"name\":\"Accueil\",\"item\":\"https:\/\/peoplesphere.be\/fr\/\"},{\"@type\":\"ListItem\",\"position\":2,\"name\":\"Dans 40% des entreprises, les travailleurs qui ont \u00e9t\u00e9 malades pendant leurs vacances ont pu r\u00e9cup\u00e9rer leurs jours de cong\u00e9.\"}]},{\"@type\":\"WebSite\",\"@id\":\"https:\/\/peoplesphere.be\/fr\/#website\",\"url\":\"https:\/\/peoplesphere.be\/fr\/\",\"name\":\"Peoplesphere\",\"description\":\"The People Managers Magazine\",\"publisher\":{\"@id\":\"https:\/\/peoplesphere.be\/fr\/#organization\"},\"potentialAction\":[{\"@type\":\"SearchAction\",\"target\":{\"@type\":\"EntryPoint\",\"urlTemplate\":\"https:\/\/peoplesphere.be\/fr\/?s={search_term_string}\"},\"query-input\":\"required name=search_term_string\"}],\"inLanguage\":\"fr-FR\"},{\"@type\":\"Organization\",\"@id\":\"https:\/\/peoplesphere.be\/fr\/#organization\",\"name\":\"Peoplesphere Company srl\",\"url\":\"https:\/\/peoplesphere.be\/fr\/\",\"logo\":{\"@type\":\"ImageObject\",\"inLanguage\":\"fr-FR\",\"@id\":\"https:\/\/peoplesphere.be\/fr\/#\/schema\/logo\/image\/\",\"url\":\"https:\/\/peoplesphere.be\/fr\/wp-content\/uploads\/2023\/07\/peoplesphere-lgo-new-generik.jpg\",\"contentUrl\":\"https:\/\/peoplesphere.be\/fr\/wp-content\/uploads\/2023\/07\/peoplesphere-lgo-new-generik.jpg\",\"width\":1031,\"height\":1479,\"caption\":\"Peoplesphere Company srl\"},\"image\":{\"@id\":\"https:\/\/peoplesphere.be\/fr\/#\/schema\/logo\/image\/\"},\"sameAs\":[\"https:\/\/www.facebook.com\/peoplesphere\",\"https:\/\/twitter.com\/PeoplesphereMag\",\"https:\/\/www.linkedin.com\/company\/7587361?trk\",\"http:\/\/youtube.com\/peoplesphere\"]},{\"@type\":\"Person\",\"@id\":\"https:\/\/peoplesphere.be\/fr\/#\/schema\/person\/7976225ff17988604334abb7b3536a7e\",\"name\":\"Jean-Paul Erhard\",\"image\":{\"@type\":\"ImageObject\",\"inLanguage\":\"fr-FR\",\"@id\":\"https:\/\/peoplesphere.be\/fr\/#\/schema\/person\/image\/\",\"url\":\"https:\/\/secure.gravatar.com\/avatar\/f941e681460179738071629a51574930?s=96&d=mm&r=g\",\"contentUrl\":\"https:\/\/secure.gravatar.com\/avatar\/f941e681460179738071629a51574930?s=96&d=mm&r=g\",\"caption\":\"Jean-Paul Erhard\"},\"url\":\"https:\/\/peoplesphere.be\/fr\/author\/jpe\/\"}]}<\/script>\n<!-- \/ Yoast SEO plugin. -->","yoast_head_json":{"title":"Dans 40% des entreprises, les travailleurs qui ont \u00e9t\u00e9 malades pendant leurs vacances ont pu r\u00e9cup\u00e9rer leurs jours de cong\u00e9. - Peoplesphere","description":"Dans 40% des entreprises, les travailleurs qui ont \u00e9t\u00e9 malades pendant leurs vacances ont pu r\u00e9cup\u00e9rer leurs jours de cong\u00e9.","robots":{"index":"index","follow":"follow","max-snippet":"max-snippet:-1","max-image-preview":"max-image-preview:large","max-video-preview":"max-video-preview:-1"},"canonical":"https:\/\/peoplesphere.be\/fr\/dans-40-des-entreprises-les-travailleurs-qui-ont-ete-malades-pendant-leurs-vacances-ont-pu-recuperer-leurs-jours-de-conge\/","og_locale":"fr_FR","og_type":"article","og_title":"Dans 40% des entreprises, les travailleurs qui ont \u00e9t\u00e9 malades pendant leurs vacances ont pu r\u00e9cup\u00e9rer leurs jours de cong\u00e9. - Peoplesphere","og_description":"Dans 40% des entreprises, les travailleurs qui ont \u00e9t\u00e9 malades pendant leurs vacances ont pu r\u00e9cup\u00e9rer leurs jours de cong\u00e9.","og_url":"https:\/\/peoplesphere.be\/fr\/dans-40-des-entreprises-les-travailleurs-qui-ont-ete-malades-pendant-leurs-vacances-ont-pu-recuperer-leurs-jours-de-conge\/","og_site_name":"Peoplesphere","article_publisher":"https:\/\/www.facebook.com\/peoplesphere","article_published_time":"2024-09-12T05:54:31+00:00","og_image":[{"url":"http:\/\/www.peoplesphere.be\/fr\/wp-content\/uploads\/2016\/07\/facebook-default-posting-1200x628px.jpg"}],"author":"Jean-Paul Erhard","twitter_card":"summary_large_image","twitter_creator":"@PeoplesphereMag","twitter_site":"@PeoplesphereMag","twitter_misc":{"\u00c9crit par":"Jean-Paul Erhard","Dur\u00e9e de lecture estim\u00e9e":"5 minutes"},"schema":{"@context":"https:\/\/schema.org","@graph":[{"@type":"Article","@id":"https:\/\/peoplesphere.be\/fr\/dans-40-des-entreprises-les-travailleurs-qui-ont-ete-malades-pendant-leurs-vacances-ont-pu-recuperer-leurs-jours-de-conge\/#article","isPartOf":{"@id":"https:\/\/peoplesphere.be\/fr\/dans-40-des-entreprises-les-travailleurs-qui-ont-ete-malades-pendant-leurs-vacances-ont-pu-recuperer-leurs-jours-de-conge\/"},"author":{"name":"Jean-Paul Erhard","@id":"https:\/\/peoplesphere.be\/fr\/#\/schema\/person\/7976225ff17988604334abb7b3536a7e"},"headline":"Dans 40% des entreprises, les travailleurs qui ont \u00e9t\u00e9 malades pendant leurs vacances ont pu r\u00e9cup\u00e9rer leurs jours de cong\u00e9.","datePublished":"2024-09-12T05:54:31+00:00","dateModified":"2024-09-12T05:54:31+00:00","mainEntityOfPage":{"@id":"https:\/\/peoplesphere.be\/fr\/dans-40-des-entreprises-les-travailleurs-qui-ont-ete-malades-pendant-leurs-vacances-ont-pu-recuperer-leurs-jours-de-conge\/"},"wordCount":1021,"publisher":{"@id":"https:\/\/peoplesphere.be\/fr\/#organization"},"keywords":["absent\u00e9isme","abus","bien-\u00eatre","Maladie","Sant\u00e9"],"articleSection":["Actualit\u00e9s","Digital"],"inLanguage":"fr-FR"},{"@type":"WebPage","@id":"https:\/\/peoplesphere.be\/fr\/dans-40-des-entreprises-les-travailleurs-qui-ont-ete-malades-pendant-leurs-vacances-ont-pu-recuperer-leurs-jours-de-conge\/","url":"https:\/\/peoplesphere.be\/fr\/dans-40-des-entreprises-les-travailleurs-qui-ont-ete-malades-pendant-leurs-vacances-ont-pu-recuperer-leurs-jours-de-conge\/","name":"Dans 40% des entreprises, les travailleurs qui ont \u00e9t\u00e9 malades pendant leurs vacances ont pu r\u00e9cup\u00e9rer leurs jours de cong\u00e9. - Peoplesphere","isPartOf":{"@id":"https:\/\/peoplesphere.be\/fr\/#website"},"datePublished":"2024-09-12T05:54:31+00:00","dateModified":"2024-09-12T05:54:31+00:00","description":"Dans 40% des entreprises, les travailleurs qui ont \u00e9t\u00e9 malades pendant leurs vacances ont pu r\u00e9cup\u00e9rer leurs jours de cong\u00e9.","breadcrumb":{"@id":"https:\/\/peoplesphere.be\/fr\/dans-40-des-entreprises-les-travailleurs-qui-ont-ete-malades-pendant-leurs-vacances-ont-pu-recuperer-leurs-jours-de-conge\/#breadcrumb"},"inLanguage":"fr-FR","potentialAction":[{"@type":"ReadAction","target":["https:\/\/peoplesphere.be\/fr\/dans-40-des-entreprises-les-travailleurs-qui-ont-ete-malades-pendant-leurs-vacances-ont-pu-recuperer-leurs-jours-de-conge\/"]}]},{"@type":"BreadcrumbList","@id":"https:\/\/peoplesphere.be\/fr\/dans-40-des-entreprises-les-travailleurs-qui-ont-ete-malades-pendant-leurs-vacances-ont-pu-recuperer-leurs-jours-de-conge\/#breadcrumb","itemListElement":[{"@type":"ListItem","position":1,"name":"Accueil","item":"https:\/\/peoplesphere.be\/fr\/"},{"@type":"ListItem","position":2,"name":"Dans 40% des entreprises, les travailleurs qui ont \u00e9t\u00e9 malades pendant leurs vacances ont pu r\u00e9cup\u00e9rer leurs jours de cong\u00e9."}]},{"@type":"WebSite","@id":"https:\/\/peoplesphere.be\/fr\/#website","url":"https:\/\/peoplesphere.be\/fr\/","name":"Peoplesphere","description":"The People Managers Magazine","publisher":{"@id":"https:\/\/peoplesphere.be\/fr\/#organization"},"potentialAction":[{"@type":"SearchAction","target":{"@type":"EntryPoint","urlTemplate":"https:\/\/peoplesphere.be\/fr\/?s={search_term_string}"},"query-input":"required name=search_term_string"}],"inLanguage":"fr-FR"},{"@type":"Organization","@id":"https:\/\/peoplesphere.be\/fr\/#organization","name":"Peoplesphere Company srl","url":"https:\/\/peoplesphere.be\/fr\/","logo":{"@type":"ImageObject","inLanguage":"fr-FR","@id":"https:\/\/peoplesphere.be\/fr\/#\/schema\/logo\/image\/","url":"https:\/\/peoplesphere.be\/fr\/wp-content\/uploads\/2023\/07\/peoplesphere-lgo-new-generik.jpg","contentUrl":"https:\/\/peoplesphere.be\/fr\/wp-content\/uploads\/2023\/07\/peoplesphere-lgo-new-generik.jpg","width":1031,"height":1479,"caption":"Peoplesphere Company srl"},"image":{"@id":"https:\/\/peoplesphere.be\/fr\/#\/schema\/logo\/image\/"},"sameAs":["https:\/\/www.facebook.com\/peoplesphere","https:\/\/twitter.com\/PeoplesphereMag","https:\/\/www.linkedin.com\/company\/7587361?trk","http:\/\/youtube.com\/peoplesphere"]},{"@type":"Person","@id":"https:\/\/peoplesphere.be\/fr\/#\/schema\/person\/7976225ff17988604334abb7b3536a7e","name":"Jean-Paul Erhard","image":{"@type":"ImageObject","inLanguage":"fr-FR","@id":"https:\/\/peoplesphere.be\/fr\/#\/schema\/person\/image\/","url":"https:\/\/secure.gravatar.com\/avatar\/f941e681460179738071629a51574930?s=96&d=mm&r=g","contentUrl":"https:\/\/secure.gravatar.com\/avatar\/f941e681460179738071629a51574930?s=96&d=mm&r=g","caption":"Jean-Paul Erhard"},"url":"https:\/\/peoplesphere.be\/fr\/author\/jpe\/"}]}},"_links":{"self":[{"href":"https:\/\/peoplesphere.be\/fr\/wp-json\/wp\/v2\/posts\/16698"}],"collection":[{"href":"https:\/\/peoplesphere.be\/fr\/wp-json\/wp\/v2\/posts"}],"about":[{"href":"https:\/\/peoplesphere.be\/fr\/wp-json\/wp\/v2\/types\/post"}],"author":[{"embeddable":true,"href":"https:\/\/peoplesphere.be\/fr\/wp-json\/wp\/v2\/users\/2"}],"replies":[{"embeddable":true,"href":"https:\/\/peoplesphere.be\/fr\/wp-json\/wp\/v2\/comments?post=16698"}],"version-history":[{"count":1,"href":"https:\/\/peoplesphere.be\/fr\/wp-json\/wp\/v2\/posts\/16698\/revisions"}],"predecessor-version":[{"id":16699,"href":"https:\/\/peoplesphere.be\/fr\/wp-json\/wp\/v2\/posts\/16698\/revisions\/16699"}],"wp:attachment":[{"href":"https:\/\/peoplesphere.be\/fr\/wp-json\/wp\/v2\/media?parent=16698"}],"wp:term":[{"taxonomy":"category","embeddable":true,"href":"https:\/\/peoplesphere.be\/fr\/wp-json\/wp\/v2\/categories?post=16698"},{"taxonomy":"post_tag","embeddable":true,"href":"https:\/\/peoplesphere.be\/fr\/wp-json\/wp\/v2\/tags?post=16698"}],"curies":[{"name":"wp","href":"https:\/\/api.w.org\/{rel}","templated":true}]}}