









{"id":16703,"date":"2024-09-12T09:33:30","date_gmt":"2024-09-12T07:33:30","guid":{"rendered":"https:\/\/peoplesphere.be\/fr\/?p=16703"},"modified":"2024-09-12T09:33:30","modified_gmt":"2024-09-12T07:33:30","slug":"la-mefiance-monte-vis-a-vis-de-notre-systeme-de-retraite-les-travailleurs-belges-ne-croient-pas-que-le-gouvernement-sera-en-mesure-de-payer-leur-pension","status":"publish","type":"post","link":"https:\/\/peoplesphere.be\/fr\/la-mefiance-monte-vis-a-vis-de-notre-systeme-de-retraite-les-travailleurs-belges-ne-croient-pas-que-le-gouvernement-sera-en-mesure-de-payer-leur-pension\/","title":{"rendered":"La m\u00e9fiance monte vis-\u00e0-vis de notre syst\u00e8me de retraite: les travailleurs belges ne croient pas que le gouvernement sera en mesure de payer leur pension&#8230;"},"content":{"rendered":"<p>Alors que pr\u00e8s de sept Belges actifs sur dix s&rsquo;inqui\u00e8tent du caract\u00e8re abordable de leur future pension l\u00e9gale, ils ne constituent pas suffisamment de r\u00e9serves dans leur pension compl\u00e9mentaire. Trois salari\u00e9s sur quatre se constituent activement une pension compl\u00e9mentaire, tandis que la moiti\u00e9 des ind\u00e9pendants seulement le font. Ceux qui se constituent une pension compl\u00e9mentaire n&rsquo;\u00e9pargnent souvent pas assez.<!--more--><\/p>\n<p>Par cons\u00e9quent, les salari\u00e9s ne peuvent compter que sur un versement mensuel de 18 euros. Les ind\u00e9pendants s&rsquo;en sortent un peu mieux avec 90 euros. <em>\u00ab\u00a0Des r\u00e9formes approfondies sont n\u00e9cessaires pour rendre les pensions compl\u00e9mentaires accessibles \u00e0 un plus grand nombre de secteurs et pour augmenter les cotisations vers\u00e9es\u00a0\u00bb<\/em>, a d\u00e9clar\u00e9 Colin Sanders, expert aupr\u00e8s de NN.<\/p>\n<p>La m\u00e9fiance des Belges actifs \u00e0 l&rsquo;\u00e9gard du syst\u00e8me de pension l\u00e9gal est \u00e9lev\u00e9e et ne cesse de cro\u00eetre. Une \u00e9tude r\u00e9cente de l&rsquo;assureur NN montre que pr\u00e8s de sept Belges de moins de 50 ans sur dix (67%) ne croient pas que le gouvernement sera encore en mesure de payer leurs pensions.<\/p>\n<p>L&rsquo;augmentation de la m\u00e9fiance est flagrante. En 2014, 55% des personnes \u00e2g\u00e9es de 18 \u00e0 49 ans avaient des doutes sur le caract\u00e8re abordable des pensions. Pr\u00e8s de dix ans plus tard, ce chiffre est pass\u00e9 \u00e0 67%.<\/p>\n<p><em>\u00ab\u00a0Cette inqui\u00e9tude n&rsquo;est pas injustifi\u00e9e\u00a0\u00bb<\/em>, a d\u00e9clar\u00e9 Colin Sanders, expert chez NN. <em>\u00ab\u00a0L&rsquo;\u00e9quilibre entre l&rsquo;esp\u00e9rance de vie et la p\u00e9riode de travail est compl\u00e8tement d\u00e9s\u00e9quilibr\u00e9. Selon Statbel, les Belges travaillent en moyenne 34,5 ans pour une esp\u00e9rance de vie de 81,7 ans. Cela signifie que le revenu des 40% d&rsquo;ann\u00e9es actives doit couvrir les co\u00fbts des 60% restants de notre vie. La pression exerc\u00e9e par ce d\u00e9s\u00e9quilibre sur l&rsquo;accessibilit\u00e9 financi\u00e8re des pensions l\u00e9gales devient insoutenable. Des ajustements profonds du syst\u00e8me de pension seront n\u00e9cessaires lors de la prochaine formation du gouvernement\u00a0\u00bb.<\/em><\/p>\n<h3><strong><em>N\u00e9cessit\u00e9 de construire sa propre pension<\/em><\/strong><\/h3>\n<p>En outre, la pension l\u00e9gale est souvent insuffisante pour maintenir le m\u00eame niveau de vie qu&rsquo;un retrait\u00e9. Le Barom\u00e8tre de la s\u00e9r\u00e9nit\u00e9 financi\u00e8re de NN montre que pour un Belge de moins de 80 ans sur trois, la pension l\u00e9gale ne suffit m\u00eame pas \u00e0 couvrir les d\u00e9penses de base (nourriture et boissons, frais de logement, transport, assurances et factures). C&rsquo;est pourquoi il est important de se constituer une pension compl\u00e9mentaire. Mais tout le monde est loin d&rsquo;utiliser (activement) la pension compl\u00e9mentaire. Parmi les salari\u00e9s, 77% se constituent actuellement une pension compl\u00e9mentaire de mani\u00e8re active. Chez les ind\u00e9pendants, ce pourcentage est beaucoup plus bas, \u00e0 savoir 56%. (PensionStat, 2023)<\/p>\n<p><em>\u00ab\u00a0Sept salari\u00e9s sur dix qui se constituent une pension compl\u00e9mentaire, cela semble beaucoup, mais pr\u00e9cis\u00e9ment parce que la pension compl\u00e9mentaire est si importante pour une retraite confortable et financi\u00e8rement s\u00fbre, nous ne pourrons \u00eatre satisfaits que lorsque la pension compl\u00e9mentaire sera universellement adopt\u00e9e\u00a0\u00bb<\/em>, d\u00e9clare Colin Sanders.<\/p>\n<p>En outre, la pension compl\u00e9mentaire est encore trop souvent une bo\u00eete (presque) vide. Les cotisations actuelles par le biais de l&rsquo;activit\u00e9 professionnelle sont trop faibles : seule une petite minorit\u00e9 de travailleurs atteint l&rsquo;objectif de 3%. Globalement, les travailleurs \u00e9pargnent en moyenne 7 000 euros dans leur pension compl\u00e9mentaire. Cela semble beaucoup, mais ne repr\u00e9sente en fait que 18 euros par mois pour une retraite moyenne. Les ind\u00e9pendants font un peu mieux avec 90 euros par mois.<\/p>\n<p><em>\u00ab\u00a0Une pension compl\u00e9mentaire est tr\u00e8s importante pour assurer la s\u00e9curit\u00e9 financi\u00e8re pendant la retraite\u00a0\u00bb,<\/em> d\u00e9clare Colin Sanders. \u00ab\u00a0<em>La pension compl\u00e9mentaire n&rsquo;est pas encore r\u00e9pandue dans tous les secteurs. Il appartient au gouvernement de faire de cette pension compl\u00e9mentaire un choix attrayant pour l&#8217;employeur et l&#8217;employ\u00e9 dans tous les secteurs. Nous proposons donc de rendre la pension compl\u00e9mentaire obligatoire. Il est \u00e9galement important qu&rsquo;une \u00e9pargne suffisante soit constitu\u00e9e dans la pension compl\u00e9mentaire. Les salari\u00e9s n&rsquo;ont pas de contr\u00f4le sur ce point. Un moyen pratique d&rsquo;\u00e9pargner davantage consiste \u00e0 verser syst\u00e9matiquement une partie de l&rsquo;indexation annuelle des salaires, des primes et des majorations, non pas directement, mais dans la pension compl\u00e9mentaire. Par ces deux interventions, le gouvernement encourage et facilite la pension compl\u00e9mentaire en tant que compl\u00e9ment valable de la pension l\u00e9gale\u00a0\u00bb.<\/em><\/p>\n<p>Pour les ind\u00e9pendants, la s\u00e9curit\u00e9 juridique et la clart\u00e9 autour de la pension compl\u00e9mentaire sont particuli\u00e8rement n\u00e9cessaires, explique Colin Sanders : <em>\u00ab\u00a0Les r\u00e9glementations autour de la pension compl\u00e9mentaire doivent \u00eatre transparentes, coh\u00e9rentes et compr\u00e9hensibles. Il est \u00e9galement important que la l\u00e9gislation soit stable en ce qui concerne les r\u00e9gimes de pension, afin qu&rsquo;elle soit fiable et pr\u00e9visible dans le temps pour les ind\u00e9pendants. Nous examinons ici principalement la r\u00e9vision de la r\u00e8gle des 80 %, qui vise \u00e0 simplifier les proc\u00e9dures et \u00e0 garantir la s\u00e9curit\u00e9 juridique pour les ind\u00e9pendants. Cela est essentiel pour la planification \u00e0 long terme et cr\u00e9e la confiance dans le syst\u00e8me\u00a0\u00bb.<\/em><\/p>\n<p>&nbsp;<\/p>\n<p><em>Source: NN<\/em><\/p>\n","protected":false},"excerpt":{"rendered":"<p>Alors que pr\u00e8s de sept Belges actifs sur dix s&rsquo;inqui\u00e8tent du caract\u00e8re abordable de leur future pension l\u00e9gale, ils ne constituent pas suffisamment de r\u00e9serves dans leur pension compl\u00e9mentaire. Trois salari\u00e9s sur quatre se constituent activement une pension compl\u00e9mentaire, tandis [&hellip;]<\/p>\n","protected":false},"author":2,"featured_media":0,"comment_status":"closed","ping_status":"open","sticky":false,"template":"","format":"standard","meta":[],"categories":[65,10],"tags":[430,13,2537,687],"yoast_head":"<!-- This site is optimized with the Yoast SEO plugin v21.0 - https:\/\/yoast.com\/wordpress\/plugins\/seo\/ -->\n<title>La m\u00e9fiance monte vis-\u00e0-vis de notre syst\u00e8me de retraite: les travailleurs belges ne croient pas que le gouvernement sera en mesure de payer leur pension... - Peoplesphere<\/title>\n<meta name=\"description\" content=\"La m\u00e9fiance monte vis-\u00e0-vis de notre syst\u00e8me de retraite: les travailleurs belges ne croient pas que le gouvernement sera en mesure de payer leur pension...\" \/>\n<meta name=\"robots\" content=\"index, follow, max-snippet:-1, max-image-preview:large, max-video-preview:-1\" \/>\n<link rel=\"canonical\" href=\"https:\/\/peoplesphere.be\/fr\/la-mefiance-monte-vis-a-vis-de-notre-systeme-de-retraite-les-travailleurs-belges-ne-croient-pas-que-le-gouvernement-sera-en-mesure-de-payer-leur-pension\/\" \/>\n<meta property=\"og:locale\" content=\"fr_FR\" \/>\n<meta property=\"og:type\" content=\"article\" \/>\n<meta property=\"og:title\" content=\"La m\u00e9fiance monte vis-\u00e0-vis de notre syst\u00e8me de retraite: les travailleurs belges ne croient pas que le gouvernement sera en mesure de payer leur pension... - Peoplesphere\" \/>\n<meta property=\"og:description\" content=\"La m\u00e9fiance monte vis-\u00e0-vis de notre syst\u00e8me de retraite: les travailleurs belges ne croient pas que le gouvernement sera en mesure de payer leur pension...\" \/>\n<meta property=\"og:url\" content=\"https:\/\/peoplesphere.be\/fr\/la-mefiance-monte-vis-a-vis-de-notre-systeme-de-retraite-les-travailleurs-belges-ne-croient-pas-que-le-gouvernement-sera-en-mesure-de-payer-leur-pension\/\" \/>\n<meta property=\"og:site_name\" content=\"Peoplesphere\" \/>\n<meta property=\"article:publisher\" content=\"https:\/\/www.facebook.com\/peoplesphere\" \/>\n<meta property=\"article:published_time\" content=\"2024-09-12T07:33:30+00:00\" \/>\n<meta property=\"og:image\" content=\"http:\/\/www.peoplesphere.be\/fr\/wp-content\/uploads\/2016\/07\/facebook-default-posting-1200x628px.jpg\" \/>\n<meta name=\"author\" content=\"Jean-Paul Erhard\" \/>\n<meta name=\"twitter:card\" content=\"summary_large_image\" \/>\n<meta name=\"twitter:creator\" content=\"@PeoplesphereMag\" \/>\n<meta name=\"twitter:site\" content=\"@PeoplesphereMag\" \/>\n<meta name=\"twitter:label1\" content=\"\u00c9crit par\" \/>\n\t<meta name=\"twitter:data1\" content=\"Jean-Paul Erhard\" \/>\n\t<meta name=\"twitter:label2\" content=\"Dur\u00e9e de lecture estim\u00e9e\" \/>\n\t<meta name=\"twitter:data2\" content=\"4 minutes\" \/>\n<script type=\"application\/ld+json\" class=\"yoast-schema-graph\">{\"@context\":\"https:\/\/schema.org\",\"@graph\":[{\"@type\":\"Article\",\"@id\":\"https:\/\/peoplesphere.be\/fr\/la-mefiance-monte-vis-a-vis-de-notre-systeme-de-retraite-les-travailleurs-belges-ne-croient-pas-que-le-gouvernement-sera-en-mesure-de-payer-leur-pension\/#article\",\"isPartOf\":{\"@id\":\"https:\/\/peoplesphere.be\/fr\/la-mefiance-monte-vis-a-vis-de-notre-systeme-de-retraite-les-travailleurs-belges-ne-croient-pas-que-le-gouvernement-sera-en-mesure-de-payer-leur-pension\/\"},\"author\":{\"name\":\"Jean-Paul Erhard\",\"@id\":\"https:\/\/peoplesphere.be\/fr\/#\/schema\/person\/7976225ff17988604334abb7b3536a7e\"},\"headline\":\"La m\u00e9fiance monte vis-\u00e0-vis de notre syst\u00e8me de retraite: les travailleurs belges ne croient pas que le gouvernement sera en mesure de payer leur pension&#8230;\",\"datePublished\":\"2024-09-12T07:33:30+00:00\",\"dateModified\":\"2024-09-12T07:33:30+00:00\",\"mainEntityOfPage\":{\"@id\":\"https:\/\/peoplesphere.be\/fr\/la-mefiance-monte-vis-a-vis-de-notre-systeme-de-retraite-les-travailleurs-belges-ne-croient-pas-que-le-gouvernement-sera-en-mesure-de-payer-leur-pension\/\"},\"wordCount\":888,\"publisher\":{\"@id\":\"https:\/\/peoplesphere.be\/fr\/#organization\"},\"keywords\":[\"\u00e9pargne\",\"Pension\",\"piliers\",\"r\u00e9forme\"],\"articleSection\":[\"Actualit\u00e9s\",\"Digital\"],\"inLanguage\":\"fr-FR\"},{\"@type\":\"WebPage\",\"@id\":\"https:\/\/peoplesphere.be\/fr\/la-mefiance-monte-vis-a-vis-de-notre-systeme-de-retraite-les-travailleurs-belges-ne-croient-pas-que-le-gouvernement-sera-en-mesure-de-payer-leur-pension\/\",\"url\":\"https:\/\/peoplesphere.be\/fr\/la-mefiance-monte-vis-a-vis-de-notre-systeme-de-retraite-les-travailleurs-belges-ne-croient-pas-que-le-gouvernement-sera-en-mesure-de-payer-leur-pension\/\",\"name\":\"La m\u00e9fiance monte vis-\u00e0-vis de notre syst\u00e8me de retraite: les travailleurs belges ne croient pas que le gouvernement sera en mesure de payer leur pension... - Peoplesphere\",\"isPartOf\":{\"@id\":\"https:\/\/peoplesphere.be\/fr\/#website\"},\"datePublished\":\"2024-09-12T07:33:30+00:00\",\"dateModified\":\"2024-09-12T07:33:30+00:00\",\"description\":\"La m\u00e9fiance monte vis-\u00e0-vis de notre syst\u00e8me de retraite: les travailleurs belges ne croient pas que le gouvernement sera en mesure de payer leur pension...\",\"breadcrumb\":{\"@id\":\"https:\/\/peoplesphere.be\/fr\/la-mefiance-monte-vis-a-vis-de-notre-systeme-de-retraite-les-travailleurs-belges-ne-croient-pas-que-le-gouvernement-sera-en-mesure-de-payer-leur-pension\/#breadcrumb\"},\"inLanguage\":\"fr-FR\",\"potentialAction\":[{\"@type\":\"ReadAction\",\"target\":[\"https:\/\/peoplesphere.be\/fr\/la-mefiance-monte-vis-a-vis-de-notre-systeme-de-retraite-les-travailleurs-belges-ne-croient-pas-que-le-gouvernement-sera-en-mesure-de-payer-leur-pension\/\"]}]},{\"@type\":\"BreadcrumbList\",\"@id\":\"https:\/\/peoplesphere.be\/fr\/la-mefiance-monte-vis-a-vis-de-notre-systeme-de-retraite-les-travailleurs-belges-ne-croient-pas-que-le-gouvernement-sera-en-mesure-de-payer-leur-pension\/#breadcrumb\",\"itemListElement\":[{\"@type\":\"ListItem\",\"position\":1,\"name\":\"Accueil\",\"item\":\"https:\/\/peoplesphere.be\/fr\/\"},{\"@type\":\"ListItem\",\"position\":2,\"name\":\"La m\u00e9fiance monte vis-\u00e0-vis de notre syst\u00e8me de retraite: les travailleurs belges ne croient pas que le gouvernement sera en mesure de payer leur pension&#8230;\"}]},{\"@type\":\"WebSite\",\"@id\":\"https:\/\/peoplesphere.be\/fr\/#website\",\"url\":\"https:\/\/peoplesphere.be\/fr\/\",\"name\":\"Peoplesphere\",\"description\":\"The People Managers Magazine\",\"publisher\":{\"@id\":\"https:\/\/peoplesphere.be\/fr\/#organization\"},\"potentialAction\":[{\"@type\":\"SearchAction\",\"target\":{\"@type\":\"EntryPoint\",\"urlTemplate\":\"https:\/\/peoplesphere.be\/fr\/?s={search_term_string}\"},\"query-input\":\"required name=search_term_string\"}],\"inLanguage\":\"fr-FR\"},{\"@type\":\"Organization\",\"@id\":\"https:\/\/peoplesphere.be\/fr\/#organization\",\"name\":\"Peoplesphere Company srl\",\"url\":\"https:\/\/peoplesphere.be\/fr\/\",\"logo\":{\"@type\":\"ImageObject\",\"inLanguage\":\"fr-FR\",\"@id\":\"https:\/\/peoplesphere.be\/fr\/#\/schema\/logo\/image\/\",\"url\":\"https:\/\/peoplesphere.be\/fr\/wp-content\/uploads\/2023\/07\/peoplesphere-lgo-new-generik.jpg\",\"contentUrl\":\"https:\/\/peoplesphere.be\/fr\/wp-content\/uploads\/2023\/07\/peoplesphere-lgo-new-generik.jpg\",\"width\":1031,\"height\":1479,\"caption\":\"Peoplesphere Company srl\"},\"image\":{\"@id\":\"https:\/\/peoplesphere.be\/fr\/#\/schema\/logo\/image\/\"},\"sameAs\":[\"https:\/\/www.facebook.com\/peoplesphere\",\"https:\/\/twitter.com\/PeoplesphereMag\",\"https:\/\/www.linkedin.com\/company\/7587361?trk\",\"http:\/\/youtube.com\/peoplesphere\"]},{\"@type\":\"Person\",\"@id\":\"https:\/\/peoplesphere.be\/fr\/#\/schema\/person\/7976225ff17988604334abb7b3536a7e\",\"name\":\"Jean-Paul Erhard\",\"image\":{\"@type\":\"ImageObject\",\"inLanguage\":\"fr-FR\",\"@id\":\"https:\/\/peoplesphere.be\/fr\/#\/schema\/person\/image\/\",\"url\":\"https:\/\/secure.gravatar.com\/avatar\/f941e681460179738071629a51574930?s=96&d=mm&r=g\",\"contentUrl\":\"https:\/\/secure.gravatar.com\/avatar\/f941e681460179738071629a51574930?s=96&d=mm&r=g\",\"caption\":\"Jean-Paul Erhard\"},\"url\":\"https:\/\/peoplesphere.be\/fr\/author\/jpe\/\"}]}<\/script>\n<!-- \/ Yoast SEO plugin. -->","yoast_head_json":{"title":"La m\u00e9fiance monte vis-\u00e0-vis de notre syst\u00e8me de retraite: les travailleurs belges ne croient pas que le gouvernement sera en mesure de payer leur pension... - Peoplesphere","description":"La m\u00e9fiance monte vis-\u00e0-vis de notre syst\u00e8me de retraite: les travailleurs belges ne croient pas que le gouvernement sera en mesure de payer leur pension...","robots":{"index":"index","follow":"follow","max-snippet":"max-snippet:-1","max-image-preview":"max-image-preview:large","max-video-preview":"max-video-preview:-1"},"canonical":"https:\/\/peoplesphere.be\/fr\/la-mefiance-monte-vis-a-vis-de-notre-systeme-de-retraite-les-travailleurs-belges-ne-croient-pas-que-le-gouvernement-sera-en-mesure-de-payer-leur-pension\/","og_locale":"fr_FR","og_type":"article","og_title":"La m\u00e9fiance monte vis-\u00e0-vis de notre syst\u00e8me de retraite: les travailleurs belges ne croient pas que le gouvernement sera en mesure de payer leur pension... - Peoplesphere","og_description":"La m\u00e9fiance monte vis-\u00e0-vis de notre syst\u00e8me de retraite: les travailleurs belges ne croient pas que le gouvernement sera en mesure de payer leur pension...","og_url":"https:\/\/peoplesphere.be\/fr\/la-mefiance-monte-vis-a-vis-de-notre-systeme-de-retraite-les-travailleurs-belges-ne-croient-pas-que-le-gouvernement-sera-en-mesure-de-payer-leur-pension\/","og_site_name":"Peoplesphere","article_publisher":"https:\/\/www.facebook.com\/peoplesphere","article_published_time":"2024-09-12T07:33:30+00:00","og_image":[{"url":"http:\/\/www.peoplesphere.be\/fr\/wp-content\/uploads\/2016\/07\/facebook-default-posting-1200x628px.jpg"}],"author":"Jean-Paul Erhard","twitter_card":"summary_large_image","twitter_creator":"@PeoplesphereMag","twitter_site":"@PeoplesphereMag","twitter_misc":{"\u00c9crit par":"Jean-Paul Erhard","Dur\u00e9e de lecture estim\u00e9e":"4 minutes"},"schema":{"@context":"https:\/\/schema.org","@graph":[{"@type":"Article","@id":"https:\/\/peoplesphere.be\/fr\/la-mefiance-monte-vis-a-vis-de-notre-systeme-de-retraite-les-travailleurs-belges-ne-croient-pas-que-le-gouvernement-sera-en-mesure-de-payer-leur-pension\/#article","isPartOf":{"@id":"https:\/\/peoplesphere.be\/fr\/la-mefiance-monte-vis-a-vis-de-notre-systeme-de-retraite-les-travailleurs-belges-ne-croient-pas-que-le-gouvernement-sera-en-mesure-de-payer-leur-pension\/"},"author":{"name":"Jean-Paul Erhard","@id":"https:\/\/peoplesphere.be\/fr\/#\/schema\/person\/7976225ff17988604334abb7b3536a7e"},"headline":"La m\u00e9fiance monte vis-\u00e0-vis de notre syst\u00e8me de retraite: les travailleurs belges ne croient pas que le gouvernement sera en mesure de payer leur pension&#8230;","datePublished":"2024-09-12T07:33:30+00:00","dateModified":"2024-09-12T07:33:30+00:00","mainEntityOfPage":{"@id":"https:\/\/peoplesphere.be\/fr\/la-mefiance-monte-vis-a-vis-de-notre-systeme-de-retraite-les-travailleurs-belges-ne-croient-pas-que-le-gouvernement-sera-en-mesure-de-payer-leur-pension\/"},"wordCount":888,"publisher":{"@id":"https:\/\/peoplesphere.be\/fr\/#organization"},"keywords":["\u00e9pargne","Pension","piliers","r\u00e9forme"],"articleSection":["Actualit\u00e9s","Digital"],"inLanguage":"fr-FR"},{"@type":"WebPage","@id":"https:\/\/peoplesphere.be\/fr\/la-mefiance-monte-vis-a-vis-de-notre-systeme-de-retraite-les-travailleurs-belges-ne-croient-pas-que-le-gouvernement-sera-en-mesure-de-payer-leur-pension\/","url":"https:\/\/peoplesphere.be\/fr\/la-mefiance-monte-vis-a-vis-de-notre-systeme-de-retraite-les-travailleurs-belges-ne-croient-pas-que-le-gouvernement-sera-en-mesure-de-payer-leur-pension\/","name":"La m\u00e9fiance monte vis-\u00e0-vis de notre syst\u00e8me de retraite: les travailleurs belges ne croient pas que le gouvernement sera en mesure de payer leur pension... - Peoplesphere","isPartOf":{"@id":"https:\/\/peoplesphere.be\/fr\/#website"},"datePublished":"2024-09-12T07:33:30+00:00","dateModified":"2024-09-12T07:33:30+00:00","description":"La m\u00e9fiance monte vis-\u00e0-vis de notre syst\u00e8me de retraite: les travailleurs belges ne croient pas que le gouvernement sera en mesure de payer leur pension...","breadcrumb":{"@id":"https:\/\/peoplesphere.be\/fr\/la-mefiance-monte-vis-a-vis-de-notre-systeme-de-retraite-les-travailleurs-belges-ne-croient-pas-que-le-gouvernement-sera-en-mesure-de-payer-leur-pension\/#breadcrumb"},"inLanguage":"fr-FR","potentialAction":[{"@type":"ReadAction","target":["https:\/\/peoplesphere.be\/fr\/la-mefiance-monte-vis-a-vis-de-notre-systeme-de-retraite-les-travailleurs-belges-ne-croient-pas-que-le-gouvernement-sera-en-mesure-de-payer-leur-pension\/"]}]},{"@type":"BreadcrumbList","@id":"https:\/\/peoplesphere.be\/fr\/la-mefiance-monte-vis-a-vis-de-notre-systeme-de-retraite-les-travailleurs-belges-ne-croient-pas-que-le-gouvernement-sera-en-mesure-de-payer-leur-pension\/#breadcrumb","itemListElement":[{"@type":"ListItem","position":1,"name":"Accueil","item":"https:\/\/peoplesphere.be\/fr\/"},{"@type":"ListItem","position":2,"name":"La m\u00e9fiance monte vis-\u00e0-vis de notre syst\u00e8me de retraite: les travailleurs belges ne croient pas que le gouvernement sera en mesure de payer leur pension&#8230;"}]},{"@type":"WebSite","@id":"https:\/\/peoplesphere.be\/fr\/#website","url":"https:\/\/peoplesphere.be\/fr\/","name":"Peoplesphere","description":"The People Managers Magazine","publisher":{"@id":"https:\/\/peoplesphere.be\/fr\/#organization"},"potentialAction":[{"@type":"SearchAction","target":{"@type":"EntryPoint","urlTemplate":"https:\/\/peoplesphere.be\/fr\/?s={search_term_string}"},"query-input":"required name=search_term_string"}],"inLanguage":"fr-FR"},{"@type":"Organization","@id":"https:\/\/peoplesphere.be\/fr\/#organization","name":"Peoplesphere Company srl","url":"https:\/\/peoplesphere.be\/fr\/","logo":{"@type":"ImageObject","inLanguage":"fr-FR","@id":"https:\/\/peoplesphere.be\/fr\/#\/schema\/logo\/image\/","url":"https:\/\/peoplesphere.be\/fr\/wp-content\/uploads\/2023\/07\/peoplesphere-lgo-new-generik.jpg","contentUrl":"https:\/\/peoplesphere.be\/fr\/wp-content\/uploads\/2023\/07\/peoplesphere-lgo-new-generik.jpg","width":1031,"height":1479,"caption":"Peoplesphere Company srl"},"image":{"@id":"https:\/\/peoplesphere.be\/fr\/#\/schema\/logo\/image\/"},"sameAs":["https:\/\/www.facebook.com\/peoplesphere","https:\/\/twitter.com\/PeoplesphereMag","https:\/\/www.linkedin.com\/company\/7587361?trk","http:\/\/youtube.com\/peoplesphere"]},{"@type":"Person","@id":"https:\/\/peoplesphere.be\/fr\/#\/schema\/person\/7976225ff17988604334abb7b3536a7e","name":"Jean-Paul Erhard","image":{"@type":"ImageObject","inLanguage":"fr-FR","@id":"https:\/\/peoplesphere.be\/fr\/#\/schema\/person\/image\/","url":"https:\/\/secure.gravatar.com\/avatar\/f941e681460179738071629a51574930?s=96&d=mm&r=g","contentUrl":"https:\/\/secure.gravatar.com\/avatar\/f941e681460179738071629a51574930?s=96&d=mm&r=g","caption":"Jean-Paul Erhard"},"url":"https:\/\/peoplesphere.be\/fr\/author\/jpe\/"}]}},"_links":{"self":[{"href":"https:\/\/peoplesphere.be\/fr\/wp-json\/wp\/v2\/posts\/16703"}],"collection":[{"href":"https:\/\/peoplesphere.be\/fr\/wp-json\/wp\/v2\/posts"}],"about":[{"href":"https:\/\/peoplesphere.be\/fr\/wp-json\/wp\/v2\/types\/post"}],"author":[{"embeddable":true,"href":"https:\/\/peoplesphere.be\/fr\/wp-json\/wp\/v2\/users\/2"}],"replies":[{"embeddable":true,"href":"https:\/\/peoplesphere.be\/fr\/wp-json\/wp\/v2\/comments?post=16703"}],"version-history":[{"count":1,"href":"https:\/\/peoplesphere.be\/fr\/wp-json\/wp\/v2\/posts\/16703\/revisions"}],"predecessor-version":[{"id":16704,"href":"https:\/\/peoplesphere.be\/fr\/wp-json\/wp\/v2\/posts\/16703\/revisions\/16704"}],"wp:attachment":[{"href":"https:\/\/peoplesphere.be\/fr\/wp-json\/wp\/v2\/media?parent=16703"}],"wp:term":[{"taxonomy":"category","embeddable":true,"href":"https:\/\/peoplesphere.be\/fr\/wp-json\/wp\/v2\/categories?post=16703"},{"taxonomy":"post_tag","embeddable":true,"href":"https:\/\/peoplesphere.be\/fr\/wp-json\/wp\/v2\/tags?post=16703"}],"curies":[{"name":"wp","href":"https:\/\/api.w.org\/{rel}","templated":true}]}}